{"id":81675,"date":"2021-03-31T11:35:25","date_gmt":"2021-03-31T14:35:25","guid":{"rendered":"https:\/\/folhapopular.info\/?p=81675"},"modified":"2021-03-31T11:35:58","modified_gmt":"2021-03-31T14:35:58","slug":"em-assembleia-digital-languiru-apresenta-faturamento-historico-de-r-18-bilhao","status":"publish","type":"post","link":"https:\/\/folhapopular.info\/index.php\/2021\/03\/31\/em-assembleia-digital-languiru-apresenta-faturamento-historico-de-r-18-bilhao\/","title":{"rendered":"Em assembleia digital, Languiru apresenta faturamento hist\u00f3rico de R$ 1,8 bilh\u00e3o"},"content":{"rendered":"\n<p>Em virtude da pandemia e primando pela sa\u00fade, a Languiru realizou assembleia na modalidade digital no dia 30 de mar\u00e7o. <\/p>\n\n\n\n<p>Na oportunidade a Cooperativa apresentou o maior faturamento bruto da sua hist\u00f3ria, com R$ 1,844 bilh\u00e3o; resultado l\u00edquido de R$ 68,8 milh\u00f5es; patrim\u00f4nio l\u00edquido de R$ 304,8 milh\u00f5es; impostos gerados que somam R$ 149,2 milh\u00f5es; e distribui\u00e7\u00e3o de sobras aos associados que totaliza R$ 10,9 milh\u00f5es.<\/p>\n\n\n\n<p><strong>Crescimento<\/strong><\/p>\n\n\n\n<p>O Relat\u00f3rio da Gest\u00e3o 2020 foi apresentado pelo presidente Dirceu Bayer. \u201cApesar de todas as dificuldades, registramos crescimento de 27,9%. A diversidade de neg\u00f3cios traz seguran\u00e7a para passarmos por momentos adversos\u201d, frisou.<\/p>\n\n\n\n<div class=\"wp-block-image\"><figure class=\"alignright size-large is-resized\"><img loading=\"lazy\" decoding=\"async\" src=\"https:\/\/folhapopular.info\/wp-content\/uploads\/2021\/03\/capa-relatorio-1024x683.jpg\" alt=\"\" class=\"wp-image-81682\" width=\"487\" height=\"324\" srcset=\"https:\/\/folhapopular.info\/wp-content\/uploads\/2021\/03\/capa-relatorio-1024x683.jpg 1024w, https:\/\/folhapopular.info\/wp-content\/uploads\/2021\/03\/capa-relatorio-300x200.jpg 300w, https:\/\/folhapopular.info\/wp-content\/uploads\/2021\/03\/capa-relatorio-768x512.jpg 768w, https:\/\/folhapopular.info\/wp-content\/uploads\/2021\/03\/capa-relatorio-1536x1024.jpg 1536w, https:\/\/folhapopular.info\/wp-content\/uploads\/2021\/03\/capa-relatorio-2048x1366.jpg 2048w, https:\/\/folhapopular.info\/wp-content\/uploads\/2021\/03\/capa-relatorio-696x464.jpg 696w, https:\/\/folhapopular.info\/wp-content\/uploads\/2021\/03\/capa-relatorio-1068x712.jpg 1068w, https:\/\/folhapopular.info\/wp-content\/uploads\/2021\/03\/capa-relatorio-1920x1280.jpg 1920w, https:\/\/folhapopular.info\/wp-content\/uploads\/2021\/03\/capa-relatorio-128x85.jpg 128w, https:\/\/folhapopular.info\/wp-content\/uploads\/2021\/03\/capa-relatorio-32x21.jpg 32w\" sizes=\"auto, (max-width: 487px) 100vw, 487px\" \/><figcaption>Associados que participaram da assembleia podem retirar Relat\u00f3rio da Gest\u00e3o 2020 no formato impresso \/ Cr\u00e9dito da foto: Divulga\u00e7\u00e3o Cooperativa Languiru \/ Reprodu\u00e7\u00e3o<\/figcaption><\/figure><\/div>\n\n\n\n<p>O desempenho t\u00e9cnico, industrial e comercial foi apresentado pelo superintendente industrial e de fomento agropecu\u00e1rio, Fabiano Leonhardt. No segmento su\u00ednos, mencionou o aumento no volume de abate; no setor de aves, incremento de aproximadamente 14% no abate; no leite, crescimento da capta\u00e7\u00e3o em torno de 12%; e nas ra\u00e7\u00f5es e concentrados, evolu\u00e7\u00e3o de 6% na produ\u00e7\u00e3o total, apesar da queda na produ\u00e7\u00e3o de milho em fun\u00e7\u00e3o da estiagem.<\/p>\n\n\n\n<p><strong>Desempenho econ\u00f4mico e investimentos<\/strong><\/p>\n\n\n\n<p>O superintendente administrativo, comercial e financeiro, Euclides Andrade, e a gerente executiva de controladoria, Carla Gregory, apresentaram o demonstrativo do desempenho econ\u00f4mico. \u201cApesar da pandemia e do alto custo de produ\u00e7\u00e3o, com muito empenho, a Languiru n\u00e3o parou\u201d, disse Andrade.<\/p>\n\n\n\n<p>Em termos de investimentos, o momento \u00e9 de cautela, com proje\u00e7\u00e3o de R$ 69,2 milh\u00f5es em 2021. \u201cAlgumas obras j\u00e1 iniciadas seguem, como a reformula\u00e7\u00e3o do pavilh\u00e3o que receber\u00e1 a nova estrutura do Agrocenter M\u00e1quinas, em Teut\u00f4nia, investimento de R$ 2 milh\u00f5es\u201d, exemplificou Bayer.<\/p>\n\n\n\n<p>O presidente tamb\u00e9m citou novo neg\u00f3cio de bovinocultura de corte. \u201cO abate ser\u00e1 terceirizado e os animais adquiridos de produtores associados. \u00c9 um segmento que passa por momento positivo, diferentemente da avicultura e da suinocultura.\u201d<\/p>\n\n\n\n<p><strong>Sobras e novo cart\u00e3o<\/strong><\/p>\n\n\n\n<p>As sobras totalizaram R$ 10,9 milh\u00f5es e os associados aprovaram a destina\u00e7\u00e3o de R$ 7,876 milh\u00f5es \u00e0 Reserva Legal e R$ 3,028 milh\u00f5es \u00e0 Conta Movimento (considera movimenta\u00e7\u00e3o do produtor com a venda da mat\u00e9ria-prima ou nas compras efetuadas na matr\u00edcula do associado em alguma das unidades de varejo da Cooperativa). <\/p>\n\n\n\n<div class=\"wp-block-image\"><figure class=\"alignleft size-large is-resized\"><img loading=\"lazy\" decoding=\"async\" src=\"https:\/\/folhapopular.info\/wp-content\/uploads\/2021\/03\/cartao-associado-JORNAL-1024x541.jpg\" alt=\"\" class=\"wp-image-81679\" width=\"424\" height=\"224\" srcset=\"https:\/\/folhapopular.info\/wp-content\/uploads\/2021\/03\/cartao-associado-JORNAL-1024x541.jpg 1024w, https:\/\/folhapopular.info\/wp-content\/uploads\/2021\/03\/cartao-associado-JORNAL-300x159.jpg 300w, https:\/\/folhapopular.info\/wp-content\/uploads\/2021\/03\/cartao-associado-JORNAL-768x406.jpg 768w, https:\/\/folhapopular.info\/wp-content\/uploads\/2021\/03\/cartao-associado-JORNAL-1536x812.jpg 1536w, https:\/\/folhapopular.info\/wp-content\/uploads\/2021\/03\/cartao-associado-JORNAL-696x368.jpg 696w, https:\/\/folhapopular.info\/wp-content\/uploads\/2021\/03\/cartao-associado-JORNAL-1068x565.jpg 1068w, https:\/\/folhapopular.info\/wp-content\/uploads\/2021\/03\/cartao-associado-JORNAL-128x68.jpg 128w, https:\/\/folhapopular.info\/wp-content\/uploads\/2021\/03\/cartao-associado-JORNAL-32x17.jpg 32w, https:\/\/folhapopular.info\/wp-content\/uploads\/2021\/03\/cartao-associado-JORNAL.jpg 1827w\" sizes=\"auto, (max-width: 424px) 100vw, 424px\" \/><figcaption>Novo cart\u00e3o de identifica\u00e7\u00e3o do associado ser\u00e1 entregue a partir do dia 12 de abril, quando inicia o pagamento da Conta Movimento \/ Cr\u00e9dito da foto: Divulga\u00e7\u00e3o Cooperativa Languiru \/ Reprodu\u00e7\u00e3o<\/figcaption><\/figure><\/div>\n\n\n\n<p>Tamb\u00e9m foi apresentada proposta de pagamento de juros de 7% sobre o capital social a incidir sobre a parte integralizada das cotas partes.<\/p>\n\n\n\n<p>O pagamento da Conta Movimento inicia no dia 12 de abril, conforme cronograma de agendamento pr\u00e9vio obrigat\u00f3rio, em fun\u00e7\u00e3o dos procedimentos de preven\u00e7\u00e3o \u00e0 Covid-19. <\/p>\n\n\n\n<p>A novidade fica por conta do cart\u00e3o de identifica\u00e7\u00e3o do associado, que ser\u00e1 a chave para movimenta\u00e7\u00e3o de seus cr\u00e9ditos em compras nas unidades da Languiru.<\/p>\n\n\n\n<p>O cart\u00e3o de papel d\u00e1 lugar ao modelo sint\u00e9tico e codificado, de maior durabilidade, identifica\u00e7\u00e3o r\u00e1pida do cooperado no atendimento, seguran\u00e7a com venda exclusiva ao portador, atualiza\u00e7\u00e3o autom\u00e1tica do cr\u00e9dito dispon\u00edvel e a possibilidade de inclus\u00e3o de novos cr\u00e9ditos no cart\u00e3o.<\/p>\n\n\n\n<p><strong>Pareceres e&nbsp;<em>Valuation<\/em><\/strong><\/p>\n\n\n\n<p>Tarciano Cardoso, representante da empresa Fercien, que acompanha os n\u00fameros da Languiru, explicou gr\u00e1fico (<em>Valuation<\/em>) que indica o valor do neg\u00f3cio da Languiru para o mercado, que a qualifica como \u201cCooperativa s\u00f3lida e transparente\u201d. <\/p>\n\n\n\n<p>A gerente de auditoria da empresa de auditoria externa PwC, Rosane Favero, apresentou relat\u00f3rio do auditor independente sobre as demonstra\u00e7\u00f5es financeiras, com \u201cparecer sem ressalvas\u201d.<\/p>\n\n\n\n<p>A coordenadora do Conselho Fiscal da Languiru, Merice Brummelhaus Strate, tamb\u00e9m apresentou parecer favor\u00e1vel \u00e0 aprova\u00e7\u00e3o da presta\u00e7\u00e3o de contas do exerc\u00edcio.<\/p>\n\n\n\n<p><strong>Conselho Fiscal<\/strong><\/p>\n\n\n\n<p>Na oportunidade ainda foi eleito e empossado o Conselho Fiscal para a gest\u00e3o 2021-2022, composto pelos efetivos Maikel Altmann, Guilherme Petter e Diego Augusto Dickel; 1\u00ba suplente Davi de Moraes Gass, 2\u00aa suplente Luisa Walter Lagemann e 3\u00ba suplente Fabio Andre Rutz.<\/p>\n","protected":false},"excerpt":{"rendered":"<p>Em virtude da pandemia e primando pela sa\u00fade, a Languiru realizou assembleia na modalidade digital no dia 30 de mar\u00e7o. Na oportunidade a Cooperativa apresentou o maior faturamento bruto da sua hist\u00f3ria, com R$ 1,844 bilh\u00e3o; resultado l\u00edquido de R$ 68,8 milh\u00f5es; patrim\u00f4nio l\u00edquido de R$ 304,8 milh\u00f5es; impostos gerados que somam R$ 149,2 milh\u00f5es; [&hellip;]<\/p>\n","protected":false},"author":8,"featured_media":81677,"comment_status":"open","ping_status":"open","sticky":false,"template":"","format":"standard","meta":{"pmpro_default_level":"","_jetpack_memberships_contains_paid_content":false,"footnotes":""},"categories":[2,3],"tags":[6519,313],"class_list":{"0":"post-81675","1":"post","2":"type-post","3":"status-publish","4":"format-standard","5":"has-post-thumbnail","7":"category-featured","8":"category-geral","9":"tag-assembleia-digital","10":"tag-cooperativa-languiru","11":"pmpro-has-access"},"yoast_head":"<!-- This site is optimized with the Yoast SEO plugin v27.5 - https:\/\/yoast.com\/product\/yoast-seo-wordpress\/ -->\n<title>Em assembleia digital, Languiru apresenta faturamento hist\u00f3rico de R$ 1,8 bilh\u00e3o - Folha Popular<\/title>\n<meta name=\"robots\" content=\"index, follow, max-snippet:-1, max-image-preview:large, max-video-preview:-1\" \/>\n<link rel=\"canonical\" href=\"https:\/\/folhapopular.info\/index.php\/2021\/03\/31\/em-assembleia-digital-languiru-apresenta-faturamento-historico-de-r-18-bilhao\/\" \/>\n<meta property=\"og:locale\" content=\"pt_BR\" \/>\n<meta property=\"og:type\" content=\"article\" \/>\n<meta property=\"og:title\" content=\"Em assembleia digital, Languiru apresenta faturamento hist\u00f3rico de R$ 1,8 bilh\u00e3o - Folha Popular\" \/>\n<meta property=\"og:description\" content=\"Em virtude da pandemia e primando pela sa\u00fade, a Languiru realizou assembleia na modalidade digital no dia 30 de mar\u00e7o. Na oportunidade a Cooperativa apresentou o maior faturamento bruto da sua hist\u00f3ria, com R$ 1,844 bilh\u00e3o; resultado l\u00edquido de R$ 68,8 milh\u00f5es; patrim\u00f4nio l\u00edquido de R$ 304,8 milh\u00f5es; impostos gerados que somam R$ 149,2 milh\u00f5es; [&hellip;]\" \/>\n<meta property=\"og:url\" content=\"https:\/\/folhapopular.info\/index.php\/2021\/03\/31\/em-assembleia-digital-languiru-apresenta-faturamento-historico-de-r-18-bilhao\/\" \/>\n<meta property=\"og:site_name\" content=\"Folha Popular\" \/>\n<meta property=\"article:published_time\" content=\"2021-03-31T14:35:25+00:00\" \/>\n<meta property=\"article:modified_time\" content=\"2021-03-31T14:35:58+00:00\" \/>\n<meta property=\"og:image\" content=\"https:\/\/folhapopular.info\/wp-content\/uploads\/2021\/03\/DSC_7224-JORNAL-scaled-e1617200678703.jpg\" \/>\n\t<meta property=\"og:image:width\" content=\"800\" \/>\n\t<meta property=\"og:image:height\" content=\"523\" \/>\n\t<meta property=\"og:image:type\" content=\"image\/jpeg\" \/>\n<meta name=\"author\" content=\"Reda\u00e7\u00e3o Folha Popular\" \/>\n<meta name=\"twitter:card\" content=\"summary_large_image\" \/>\n<meta name=\"twitter:label1\" content=\"Escrito por\" \/>\n\t<meta name=\"twitter:data1\" content=\"Reda\u00e7\u00e3o Folha Popular\" \/>\n\t<meta name=\"twitter:label2\" content=\"Est. tempo de leitura\" \/>\n\t<meta name=\"twitter:data2\" content=\"4 minutos\" \/>\n<script type=\"application\/ld+json\" class=\"yoast-schema-graph\">{\"@context\":\"https:\\\/\\\/schema.org\",\"@graph\":[{\"@type\":\"Article\",\"@id\":\"https:\\\/\\\/folhapopular.info\\\/index.php\\\/2021\\\/03\\\/31\\\/em-assembleia-digital-languiru-apresenta-faturamento-historico-de-r-18-bilhao\\\/#article\",\"isPartOf\":{\"@id\":\"https:\\\/\\\/folhapopular.info\\\/index.php\\\/2021\\\/03\\\/31\\\/em-assembleia-digital-languiru-apresenta-faturamento-historico-de-r-18-bilhao\\\/\"},\"author\":{\"name\":\"Reda\u00e7\u00e3o Folha Popular\",\"@id\":\"https:\\\/\\\/folhapopular.info\\\/#\\\/schema\\\/person\\\/2814e8a0df7643585a9ca38bc6eb9d4b\"},\"headline\":\"Em assembleia digital, Languiru apresenta faturamento hist\u00f3rico de R$ 1,8 bilh\u00e3o\",\"datePublished\":\"2021-03-31T14:35:25+00:00\",\"dateModified\":\"2021-03-31T14:35:58+00:00\",\"mainEntityOfPage\":{\"@id\":\"https:\\\/\\\/folhapopular.info\\\/index.php\\\/2021\\\/03\\\/31\\\/em-assembleia-digital-languiru-apresenta-faturamento-historico-de-r-18-bilhao\\\/\"},\"wordCount\":710,\"commentCount\":0,\"image\":{\"@id\":\"https:\\\/\\\/folhapopular.info\\\/index.php\\\/2021\\\/03\\\/31\\\/em-assembleia-digital-languiru-apresenta-faturamento-historico-de-r-18-bilhao\\\/#primaryimage\"},\"thumbnailUrl\":\"https:\\\/\\\/folhapopular.info\\\/wp-content\\\/uploads\\\/2021\\\/03\\\/DSC_7224-JORNAL-scaled-e1617200678703.jpg\",\"keywords\":[\"Assembleia Digital\",\"Cooperativa Languiru\"],\"articleSection\":[\"Destaques\",\"Geral\"],\"inLanguage\":\"pt-BR\",\"potentialAction\":[{\"@type\":\"CommentAction\",\"name\":\"Comment\",\"target\":[\"https:\\\/\\\/folhapopular.info\\\/index.php\\\/2021\\\/03\\\/31\\\/em-assembleia-digital-languiru-apresenta-faturamento-historico-de-r-18-bilhao\\\/#respond\"]}]},{\"@type\":\"WebPage\",\"@id\":\"https:\\\/\\\/folhapopular.info\\\/index.php\\\/2021\\\/03\\\/31\\\/em-assembleia-digital-languiru-apresenta-faturamento-historico-de-r-18-bilhao\\\/\",\"url\":\"https:\\\/\\\/folhapopular.info\\\/index.php\\\/2021\\\/03\\\/31\\\/em-assembleia-digital-languiru-apresenta-faturamento-historico-de-r-18-bilhao\\\/\",\"name\":\"Em assembleia digital, Languiru apresenta faturamento hist\u00f3rico de R$ 1,8 bilh\u00e3o - Folha Popular\",\"isPartOf\":{\"@id\":\"https:\\\/\\\/folhapopular.info\\\/#website\"},\"primaryImageOfPage\":{\"@id\":\"https:\\\/\\\/folhapopular.info\\\/index.php\\\/2021\\\/03\\\/31\\\/em-assembleia-digital-languiru-apresenta-faturamento-historico-de-r-18-bilhao\\\/#primaryimage\"},\"image\":{\"@id\":\"https:\\\/\\\/folhapopular.info\\\/index.php\\\/2021\\\/03\\\/31\\\/em-assembleia-digital-languiru-apresenta-faturamento-historico-de-r-18-bilhao\\\/#primaryimage\"},\"thumbnailUrl\":\"https:\\\/\\\/folhapopular.info\\\/wp-content\\\/uploads\\\/2021\\\/03\\\/DSC_7224-JORNAL-scaled-e1617200678703.jpg\",\"datePublished\":\"2021-03-31T14:35:25+00:00\",\"dateModified\":\"2021-03-31T14:35:58+00:00\",\"author\":{\"@id\":\"https:\\\/\\\/folhapopular.info\\\/#\\\/schema\\\/person\\\/2814e8a0df7643585a9ca38bc6eb9d4b\"},\"breadcrumb\":{\"@id\":\"https:\\\/\\\/folhapopular.info\\\/index.php\\\/2021\\\/03\\\/31\\\/em-assembleia-digital-languiru-apresenta-faturamento-historico-de-r-18-bilhao\\\/#breadcrumb\"},\"inLanguage\":\"pt-BR\",\"potentialAction\":[{\"@type\":\"ReadAction\",\"target\":[\"https:\\\/\\\/folhapopular.info\\\/index.php\\\/2021\\\/03\\\/31\\\/em-assembleia-digital-languiru-apresenta-faturamento-historico-de-r-18-bilhao\\\/\"]}]},{\"@type\":\"ImageObject\",\"inLanguage\":\"pt-BR\",\"@id\":\"https:\\\/\\\/folhapopular.info\\\/index.php\\\/2021\\\/03\\\/31\\\/em-assembleia-digital-languiru-apresenta-faturamento-historico-de-r-18-bilhao\\\/#primaryimage\",\"url\":\"https:\\\/\\\/folhapopular.info\\\/wp-content\\\/uploads\\\/2021\\\/03\\\/DSC_7224-JORNAL-scaled-e1617200678703.jpg\",\"contentUrl\":\"https:\\\/\\\/folhapopular.info\\\/wp-content\\\/uploads\\\/2021\\\/03\\\/DSC_7224-JORNAL-scaled-e1617200678703.jpg\",\"width\":800,\"height\":523,\"caption\":\"Assembleia na modalidade digital teve a participa\u00e7\u00e3o de associados de 30 diferentes cidades: \u201cNos alegra muito o fato da Languiru cada vez mais ser uma cooperativa regional, isso confirma o crescimento em n\u00famero de produtores\u201d, avaliou o presidente Dirceu Bayer \\\/ Cr\u00e9dito da foto: \u00c9derson Mois\u00e9s K\u00e4fer \\\/ Divulga\u00e7\u00e3o\"},{\"@type\":\"BreadcrumbList\",\"@id\":\"https:\\\/\\\/folhapopular.info\\\/index.php\\\/2021\\\/03\\\/31\\\/em-assembleia-digital-languiru-apresenta-faturamento-historico-de-r-18-bilhao\\\/#breadcrumb\",\"itemListElement\":[{\"@type\":\"ListItem\",\"position\":1,\"name\":\"In\u00edcio\",\"item\":\"https:\\\/\\\/folhapopular.info\\\/\"},{\"@type\":\"ListItem\",\"position\":2,\"name\":\"Em assembleia digital, Languiru apresenta faturamento hist\u00f3rico de R$ 1,8 bilh\u00e3o\"}]},{\"@type\":\"WebSite\",\"@id\":\"https:\\\/\\\/folhapopular.info\\\/#website\",\"url\":\"https:\\\/\\\/folhapopular.info\\\/\",\"name\":\"Folha Popular\",\"description\":\"Onde voc\u00ea tem vez e voz\",\"potentialAction\":[{\"@type\":\"SearchAction\",\"target\":{\"@type\":\"EntryPoint\",\"urlTemplate\":\"https:\\\/\\\/folhapopular.info\\\/?s={search_term_string}\"},\"query-input\":{\"@type\":\"PropertyValueSpecification\",\"valueRequired\":true,\"valueName\":\"search_term_string\"}}],\"inLanguage\":\"pt-BR\"},{\"@type\":\"Person\",\"@id\":\"https:\\\/\\\/folhapopular.info\\\/#\\\/schema\\\/person\\\/2814e8a0df7643585a9ca38bc6eb9d4b\",\"name\":\"Reda\u00e7\u00e3o Folha Popular\",\"image\":{\"@type\":\"ImageObject\",\"inLanguage\":\"pt-BR\",\"@id\":\"https:\\\/\\\/folhapopular.info\\\/wp-content\\\/uploads\\\/2026\\\/04\\\/Folha-1.webp\",\"url\":\"https:\\\/\\\/folhapopular.info\\\/wp-content\\\/uploads\\\/2026\\\/04\\\/Folha-1.webp\",\"contentUrl\":\"https:\\\/\\\/folhapopular.info\\\/wp-content\\\/uploads\\\/2026\\\/04\\\/Folha-1.webp\",\"caption\":\"Reda\u00e7\u00e3o Folha Popular\"},\"url\":\"https:\\\/\\\/folhapopular.info\\\/index.php\\\/author\\\/redacao\\\/\"}]}<\/script>\n<!-- \/ Yoast SEO plugin. -->","yoast_head_json":{"title":"Em assembleia digital, Languiru apresenta faturamento hist\u00f3rico de R$ 1,8 bilh\u00e3o - Folha Popular","robots":{"index":"index","follow":"follow","max-snippet":"max-snippet:-1","max-image-preview":"max-image-preview:large","max-video-preview":"max-video-preview:-1"},"canonical":"https:\/\/folhapopular.info\/index.php\/2021\/03\/31\/em-assembleia-digital-languiru-apresenta-faturamento-historico-de-r-18-bilhao\/","og_locale":"pt_BR","og_type":"article","og_title":"Em assembleia digital, Languiru apresenta faturamento hist\u00f3rico de R$ 1,8 bilh\u00e3o - Folha Popular","og_description":"Em virtude da pandemia e primando pela sa\u00fade, a Languiru realizou assembleia na modalidade digital no dia 30 de mar\u00e7o. Na oportunidade a Cooperativa apresentou o maior faturamento bruto da sua hist\u00f3ria, com R$ 1,844 bilh\u00e3o; resultado l\u00edquido de R$ 68,8 milh\u00f5es; patrim\u00f4nio l\u00edquido de R$ 304,8 milh\u00f5es; impostos gerados que somam R$ 149,2 milh\u00f5es; [&hellip;]","og_url":"https:\/\/folhapopular.info\/index.php\/2021\/03\/31\/em-assembleia-digital-languiru-apresenta-faturamento-historico-de-r-18-bilhao\/","og_site_name":"Folha Popular","article_published_time":"2021-03-31T14:35:25+00:00","article_modified_time":"2021-03-31T14:35:58+00:00","og_image":[{"width":800,"height":523,"url":"https:\/\/folhapopular.info\/wp-content\/uploads\/2021\/03\/DSC_7224-JORNAL-scaled-e1617200678703.jpg","type":"image\/jpeg"}],"author":"Reda\u00e7\u00e3o Folha Popular","twitter_card":"summary_large_image","twitter_misc":{"Escrito por":"Reda\u00e7\u00e3o Folha Popular","Est. tempo de leitura":"4 minutos"},"schema":{"@context":"https:\/\/schema.org","@graph":[{"@type":"Article","@id":"https:\/\/folhapopular.info\/index.php\/2021\/03\/31\/em-assembleia-digital-languiru-apresenta-faturamento-historico-de-r-18-bilhao\/#article","isPartOf":{"@id":"https:\/\/folhapopular.info\/index.php\/2021\/03\/31\/em-assembleia-digital-languiru-apresenta-faturamento-historico-de-r-18-bilhao\/"},"author":{"name":"Reda\u00e7\u00e3o Folha Popular","@id":"https:\/\/folhapopular.info\/#\/schema\/person\/2814e8a0df7643585a9ca38bc6eb9d4b"},"headline":"Em assembleia digital, Languiru apresenta faturamento hist\u00f3rico de R$ 1,8 bilh\u00e3o","datePublished":"2021-03-31T14:35:25+00:00","dateModified":"2021-03-31T14:35:58+00:00","mainEntityOfPage":{"@id":"https:\/\/folhapopular.info\/index.php\/2021\/03\/31\/em-assembleia-digital-languiru-apresenta-faturamento-historico-de-r-18-bilhao\/"},"wordCount":710,"commentCount":0,"image":{"@id":"https:\/\/folhapopular.info\/index.php\/2021\/03\/31\/em-assembleia-digital-languiru-apresenta-faturamento-historico-de-r-18-bilhao\/#primaryimage"},"thumbnailUrl":"https:\/\/folhapopular.info\/wp-content\/uploads\/2021\/03\/DSC_7224-JORNAL-scaled-e1617200678703.jpg","keywords":["Assembleia Digital","Cooperativa Languiru"],"articleSection":["Destaques","Geral"],"inLanguage":"pt-BR","potentialAction":[{"@type":"CommentAction","name":"Comment","target":["https:\/\/folhapopular.info\/index.php\/2021\/03\/31\/em-assembleia-digital-languiru-apresenta-faturamento-historico-de-r-18-bilhao\/#respond"]}]},{"@type":"WebPage","@id":"https:\/\/folhapopular.info\/index.php\/2021\/03\/31\/em-assembleia-digital-languiru-apresenta-faturamento-historico-de-r-18-bilhao\/","url":"https:\/\/folhapopular.info\/index.php\/2021\/03\/31\/em-assembleia-digital-languiru-apresenta-faturamento-historico-de-r-18-bilhao\/","name":"Em assembleia digital, Languiru apresenta faturamento hist\u00f3rico de R$ 1,8 bilh\u00e3o - Folha Popular","isPartOf":{"@id":"https:\/\/folhapopular.info\/#website"},"primaryImageOfPage":{"@id":"https:\/\/folhapopular.info\/index.php\/2021\/03\/31\/em-assembleia-digital-languiru-apresenta-faturamento-historico-de-r-18-bilhao\/#primaryimage"},"image":{"@id":"https:\/\/folhapopular.info\/index.php\/2021\/03\/31\/em-assembleia-digital-languiru-apresenta-faturamento-historico-de-r-18-bilhao\/#primaryimage"},"thumbnailUrl":"https:\/\/folhapopular.info\/wp-content\/uploads\/2021\/03\/DSC_7224-JORNAL-scaled-e1617200678703.jpg","datePublished":"2021-03-31T14:35:25+00:00","dateModified":"2021-03-31T14:35:58+00:00","author":{"@id":"https:\/\/folhapopular.info\/#\/schema\/person\/2814e8a0df7643585a9ca38bc6eb9d4b"},"breadcrumb":{"@id":"https:\/\/folhapopular.info\/index.php\/2021\/03\/31\/em-assembleia-digital-languiru-apresenta-faturamento-historico-de-r-18-bilhao\/#breadcrumb"},"inLanguage":"pt-BR","potentialAction":[{"@type":"ReadAction","target":["https:\/\/folhapopular.info\/index.php\/2021\/03\/31\/em-assembleia-digital-languiru-apresenta-faturamento-historico-de-r-18-bilhao\/"]}]},{"@type":"ImageObject","inLanguage":"pt-BR","@id":"https:\/\/folhapopular.info\/index.php\/2021\/03\/31\/em-assembleia-digital-languiru-apresenta-faturamento-historico-de-r-18-bilhao\/#primaryimage","url":"https:\/\/folhapopular.info\/wp-content\/uploads\/2021\/03\/DSC_7224-JORNAL-scaled-e1617200678703.jpg","contentUrl":"https:\/\/folhapopular.info\/wp-content\/uploads\/2021\/03\/DSC_7224-JORNAL-scaled-e1617200678703.jpg","width":800,"height":523,"caption":"Assembleia na modalidade digital teve a participa\u00e7\u00e3o de associados de 30 diferentes cidades: \u201cNos alegra muito o fato da Languiru cada vez mais ser uma cooperativa regional, isso confirma o crescimento em n\u00famero de produtores\u201d, avaliou o presidente Dirceu Bayer \/ Cr\u00e9dito da foto: \u00c9derson Mois\u00e9s K\u00e4fer \/ Divulga\u00e7\u00e3o"},{"@type":"BreadcrumbList","@id":"https:\/\/folhapopular.info\/index.php\/2021\/03\/31\/em-assembleia-digital-languiru-apresenta-faturamento-historico-de-r-18-bilhao\/#breadcrumb","itemListElement":[{"@type":"ListItem","position":1,"name":"In\u00edcio","item":"https:\/\/folhapopular.info\/"},{"@type":"ListItem","position":2,"name":"Em assembleia digital, Languiru apresenta faturamento hist\u00f3rico de R$ 1,8 bilh\u00e3o"}]},{"@type":"WebSite","@id":"https:\/\/folhapopular.info\/#website","url":"https:\/\/folhapopular.info\/","name":"Folha Popular","description":"Onde voc\u00ea tem vez e voz","potentialAction":[{"@type":"SearchAction","target":{"@type":"EntryPoint","urlTemplate":"https:\/\/folhapopular.info\/?s={search_term_string}"},"query-input":{"@type":"PropertyValueSpecification","valueRequired":true,"valueName":"search_term_string"}}],"inLanguage":"pt-BR"},{"@type":"Person","@id":"https:\/\/folhapopular.info\/#\/schema\/person\/2814e8a0df7643585a9ca38bc6eb9d4b","name":"Reda\u00e7\u00e3o Folha Popular","image":{"@type":"ImageObject","inLanguage":"pt-BR","@id":"https:\/\/folhapopular.info\/wp-content\/uploads\/2026\/04\/Folha-1.webp","url":"https:\/\/folhapopular.info\/wp-content\/uploads\/2026\/04\/Folha-1.webp","contentUrl":"https:\/\/folhapopular.info\/wp-content\/uploads\/2026\/04\/Folha-1.webp","caption":"Reda\u00e7\u00e3o Folha Popular"},"url":"https:\/\/folhapopular.info\/index.php\/author\/redacao\/"}]}},"jetpack_featured_media_url":"https:\/\/folhapopular.info\/wp-content\/uploads\/2021\/03\/DSC_7224-JORNAL-scaled-e1617200678703.jpg","jetpack_sharing_enabled":true,"amp_enabled":true,"_links":{"self":[{"href":"https:\/\/folhapopular.info\/index.php\/wp-json\/wp\/v2\/posts\/81675","targetHints":{"allow":["GET"]}}],"collection":[{"href":"https:\/\/folhapopular.info\/index.php\/wp-json\/wp\/v2\/posts"}],"about":[{"href":"https:\/\/folhapopular.info\/index.php\/wp-json\/wp\/v2\/types\/post"}],"author":[{"embeddable":true,"href":"https:\/\/folhapopular.info\/index.php\/wp-json\/wp\/v2\/users\/8"}],"replies":[{"embeddable":true,"href":"https:\/\/folhapopular.info\/index.php\/wp-json\/wp\/v2\/comments?post=81675"}],"version-history":[{"count":0,"href":"https:\/\/folhapopular.info\/index.php\/wp-json\/wp\/v2\/posts\/81675\/revisions"}],"wp:featuredmedia":[{"embeddable":true,"href":"https:\/\/folhapopular.info\/index.php\/wp-json\/wp\/v2\/media\/81677"}],"wp:attachment":[{"href":"https:\/\/folhapopular.info\/index.php\/wp-json\/wp\/v2\/media?parent=81675"}],"wp:term":[{"taxonomy":"category","embeddable":true,"href":"https:\/\/folhapopular.info\/index.php\/wp-json\/wp\/v2\/categories?post=81675"},{"taxonomy":"post_tag","embeddable":true,"href":"https:\/\/folhapopular.info\/index.php\/wp-json\/wp\/v2\/tags?post=81675"}],"curies":[{"name":"wp","href":"https:\/\/api.w.org\/{rel}","templated":true}]}}