{"id":81709,"date":"2021-04-01T06:46:58","date_gmt":"2021-04-01T09:46:58","guid":{"rendered":"https:\/\/folhapopular.info\/?p=81709"},"modified":"2021-04-01T06:53:29","modified_gmt":"2021-04-01T09:53:29","slug":"auxilio-emergencial-gaucho-esta-sob-analise-dos-deputados","status":"publish","type":"post","link":"https:\/\/folhapopular.info\/index.php\/2021\/04\/01\/auxilio-emergencial-gaucho-esta-sob-analise-dos-deputados\/","title":{"rendered":"Aux\u00edlio emergencial ga\u00facho est\u00e1 sob an\u00e1lise dos deputados"},"content":{"rendered":"\n<p>Depois de apresentar aos deputados estaduais e receber sugest\u00f5es desde a semana passada, o governo do Estado protocolou\u00a0um projeto de lei (PL) de aux\u00edlio emergencial a setores mais afetados pela pandemia no Rio Grande do Sul.<\/p>\n\n\n\n<p>A proposta institui o aux\u00edlio emergencial ga\u00facho a <strong>trabalhadores que perderam emprego<\/strong>, a <strong>empresas dos setores de alimenta\u00e7\u00e3o e alojamento<\/strong> e a <strong>mulheres chefes de fam\u00edlia em situa\u00e7\u00e3o de extrema pobreza<\/strong>.<\/p>\n\n\n\n<p>A mat\u00e9ria deu entrada na Assembleia Legislativa em regime de urg\u00eancia, nesta quarta-feira (31\/3). A partir de agora, ser\u00e1 avaliada pelos deputados estaduais nas comiss\u00f5es e votada em plen\u00e1rio.<\/p>\n\n\n\n<p>S\u00e3o at\u00e9 R$ 100 milh\u00f5es reservados para repasse de car\u00e1ter excepcional na forma de subs\u00eddio aos afetados. Veja os <strong>requisitos de quem poder\u00e1 receber<\/strong> o aux\u00edlio caso seja aprovado.<\/p>\n\n\n\n<h3 class=\"wp-block-heading\">A quem o aux\u00edlio ser\u00e1 destinado<\/h3>\n\n\n\n<p>\u2022 <strong>Empresas<\/strong> que, at\u00e9 31 de mar\u00e7o de 2021, estejam inscritas na Receita Estadual do Rio Grande do Sul e constem como ativas e registradas como optantes do Simples Nacional, com atividade principal (CNAE) de alojamento (CNAE 55) ou alimenta\u00e7\u00e3o (CNAE 56);<\/p>\n\n\n\n<p>\u2022 <strong>Microempreendedores individuais (MEI)<\/strong> que tenham sede no Rio Grande do Sul e, at\u00e9 31 de mar\u00e7o de 2021, constem como ativos e registrados no cadastro Simei com atividade principal (CNAE) de alojamento (CNAE 55) ou alimenta\u00e7\u00e3o (CNAE 56), exceto os dedicados ao fornecimento de alimentos preparados preponderantemente para consumo domiciliar (CNAE 5620-1\/04);<\/p>\n\n\n\n<p>\u2022 <strong>Homens ou mulheres<\/strong> que, entre 19 de mar\u00e7o de 2020 e at\u00e9 31 de mar\u00e7o de 2021, tenham perdido o v\u00ednculo formal de emprego com os setores de alojamento (CNAE 55) ou alimenta\u00e7\u00e3o (CNAE 56), que n\u00e3o tenham, em mar\u00e7o de 2021, recebido seguro-desemprego ou benef\u00edcios do INSS, e que n\u00e3o tenham, na data da publica\u00e7\u00e3o da lei, v\u00ednculo ativo de emprego segundo o Novo Cadastro Geral de Empregados e Desempregados (Novo Caged);<\/p>\n\n\n\n<p>\u2022 <strong>Mulheres<\/strong> provedoras de fam\u00edlia que estejam, na data da publica\u00e7\u00e3o da lei, registradas no Cadastro \u00danico de Benef\u00edcios Sociais do governo federal como respons\u00e1veis pelo domic\u00edlio, em fam\u00edlias com cinco ou mais membros, com renda per capita familiar mensal de at\u00e9 R$ 89 e sejam respons\u00e1veis pelo sustento de tr\u00eas ou mais filhos, n\u00e3o sejam benefici\u00e1rias do Bolsa Fam\u00edlia nem tenham recebido o aux\u00edlio emergencial federal.<\/p>\n\n\n\n<h3 class=\"wp-block-heading\">Como ser\u00e3o os repasses<\/h3>\n\n\n\n<p>Pela proposta do aux\u00edlio emergencial ga\u00facho, os repasses seriam feitos em duas parcelas: de R$ 1 mil cada parcela para empresas do Simples e de R$ 400 cada parcela para microempreendedores individuais, desempregados e mulheres chefes de fam\u00edlia.<\/p>\n\n\n\n<p>As condi\u00e7\u00f5es e os crit\u00e9rios a serem atendidos pelos futuros benefici\u00e1rios, bem como a forma de pagamento e demais aspectos operacionais do subs\u00eddio ser\u00e3o definidos em decreto ap\u00f3s a aprova\u00e7\u00e3o do projeto.<\/p>\n\n\n\n<p>O objetivo, segundo as regras propostas, \u00e9 atender at\u00e9 96,4 mil benefici\u00e1rios diretos, sendo 19 mil empresas ga\u00fachas do Simples Nacional, 51,7 mil microempreendedores individuais (MEI), 17,5 mil pessoas desempregadas e 8,2 mil fam\u00edlias em situa\u00e7\u00e3o de vulnerabilidade.<\/p>\n\n\n\n<h3 class=\"wp-block-heading\">Alojamentos e Alimenta\u00e7\u00e3o: os mais afetados<\/h3>\n\n\n\n<p>Na justificativa do projeto, o governo refor\u00e7a que a escolha dos benefici\u00e1rios se deve \u00e0 \u201cperda de empregos formais registrada pelo setor de alojamento e de servi\u00e7os de alimenta\u00e7\u00e3o, a maior entre os agregados setoriais, com saldo negativo quase cinco vezes superior ao registrado no com\u00e9rcio\u201d.<\/p>\n\n\n\n<p>Dos quase 23 mil desligamentos l\u00edquidos registrados no setor de servi\u00e7os, 17,5 mil s\u00e3o oriundos dos segmentos de Alojamento e de Servi\u00e7os de Alimenta\u00e7\u00e3o &#8211; 76,09%. Esses dois chegaram ao fim de 2020 com redu\u00e7\u00e3o de 16,5% do n\u00famero de trabalhadores em rela\u00e7\u00e3o ao observado no in\u00edcio de 2020.<\/p>\n\n\n\n<h3 class=\"wp-block-heading\"><strong>Deputados e setores solicitaram o aux\u00edlio<\/strong><\/h3>\n\n\n\n<p>A demanda por um aux\u00edlio emergencial estadual partiu dos pr\u00f3prios deputados e dos setores mais afetados pelas necess\u00e1rias restri\u00e7\u00f5es impostas pela Covid-19, explicou o governador Eduardo Leite, ao apresentar a proposta na sexta-feira (26\/3).<\/p>\n\n\n\n<p>\u201cEst\u00e1 muito claro que os servi\u00e7os, como restaurantes, bares, lanchonetes, pousadas e hot\u00e9is, foram muito atingidos e est\u00e3o sendo especialmente impactados com as medidas vigentes, mantidas devido \u00e0 situa\u00e7\u00e3o sens\u00edvel, dram\u00e1tica e grave que ainda vivemos&#8221;, explica.<\/p>\n\n\n\n<p>Leite reconhece que tem mais gente atingida e impactada. &#8220;\u00c9 claro que gostar\u00edamos de fazer mais. Mas dentro das possibilidades que temos, identificando que vem a\u00ed tamb\u00e9m o aux\u00edlio federal, em vez de fazer um aux\u00edlio estadual que beneficiasse mais gente com valores menores, resolvemos priorizar os setores que est\u00e3o e ainda ser\u00e3o muito impactados, com valores mais substanciais\u201d, havia destacado o governador.<\/p>\n","protected":false},"excerpt":{"rendered":"<p>Depois de apresentar aos deputados estaduais e receber sugest\u00f5es desde a semana passada, o governo do Estado protocolou\u00a0um projeto de lei (PL) de aux\u00edlio emergencial a setores mais afetados pela pandemia no Rio Grande do Sul. A proposta institui o aux\u00edlio emergencial ga\u00facho a trabalhadores que perderam emprego, a empresas dos setores de alimenta\u00e7\u00e3o e [&hellip;]<\/p>\n","protected":false},"author":8,"featured_media":81710,"comment_status":"open","ping_status":"open","sticky":false,"template":"","format":"standard","meta":{"pmpro_default_level":"","_jetpack_memberships_contains_paid_content":false,"footnotes":""},"categories":[2,3],"tags":[5844,176,1794],"class_list":{"0":"post-81709","1":"post","2":"type-post","3":"status-publish","4":"format-standard","5":"has-post-thumbnail","7":"category-featured","8":"category-geral","9":"tag-auxilio-emergencial","10":"tag-estado","11":"tag-rio-grande-do-sul","12":"pmpro-has-access"},"yoast_head":"<!-- This site is optimized with the Yoast SEO plugin v27.5 - https:\/\/yoast.com\/product\/yoast-seo-wordpress\/ -->\n<title>Aux\u00edlio emergencial ga\u00facho est\u00e1 sob an\u00e1lise dos deputados - Folha Popular<\/title>\n<meta name=\"robots\" content=\"index, follow, max-snippet:-1, max-image-preview:large, max-video-preview:-1\" \/>\n<link rel=\"canonical\" href=\"https:\/\/folhapopular.info\/index.php\/2021\/04\/01\/auxilio-emergencial-gaucho-esta-sob-analise-dos-deputados\/\" \/>\n<meta property=\"og:locale\" content=\"pt_BR\" \/>\n<meta property=\"og:type\" content=\"article\" \/>\n<meta property=\"og:title\" content=\"Aux\u00edlio emergencial ga\u00facho est\u00e1 sob an\u00e1lise dos deputados - Folha Popular\" \/>\n<meta property=\"og:description\" content=\"Depois de apresentar aos deputados estaduais e receber sugest\u00f5es desde a semana passada, o governo do Estado protocolou\u00a0um projeto de lei (PL) de aux\u00edlio emergencial a setores mais afetados pela pandemia no Rio Grande do Sul. A proposta institui o aux\u00edlio emergencial ga\u00facho a trabalhadores que perderam emprego, a empresas dos setores de alimenta\u00e7\u00e3o e [&hellip;]\" \/>\n<meta property=\"og:url\" content=\"https:\/\/folhapopular.info\/index.php\/2021\/04\/01\/auxilio-emergencial-gaucho-esta-sob-analise-dos-deputados\/\" \/>\n<meta property=\"og:site_name\" content=\"Folha Popular\" \/>\n<meta property=\"article:published_time\" content=\"2021-04-01T09:46:58+00:00\" \/>\n<meta property=\"article:modified_time\" content=\"2021-04-01T09:53:29+00:00\" \/>\n<meta property=\"og:image\" content=\"https:\/\/folhapopular.info\/wp-content\/uploads\/2021\/04\/09111328_1939335_GD.jpg\" \/>\n\t<meta property=\"og:image:width\" content=\"800\" \/>\n\t<meta property=\"og:image:height\" content=\"450\" \/>\n\t<meta property=\"og:image:type\" content=\"image\/jpeg\" \/>\n<meta name=\"author\" content=\"Reda\u00e7\u00e3o Folha Popular\" \/>\n<meta name=\"twitter:card\" content=\"summary_large_image\" \/>\n<meta name=\"twitter:label1\" content=\"Escrito por\" \/>\n\t<meta name=\"twitter:data1\" content=\"Reda\u00e7\u00e3o Folha Popular\" \/>\n\t<meta name=\"twitter:label2\" content=\"Est. tempo de leitura\" \/>\n\t<meta name=\"twitter:data2\" content=\"4 minutos\" \/>\n<script type=\"application\/ld+json\" class=\"yoast-schema-graph\">{\"@context\":\"https:\\\/\\\/schema.org\",\"@graph\":[{\"@type\":\"Article\",\"@id\":\"https:\\\/\\\/folhapopular.info\\\/index.php\\\/2021\\\/04\\\/01\\\/auxilio-emergencial-gaucho-esta-sob-analise-dos-deputados\\\/#article\",\"isPartOf\":{\"@id\":\"https:\\\/\\\/folhapopular.info\\\/index.php\\\/2021\\\/04\\\/01\\\/auxilio-emergencial-gaucho-esta-sob-analise-dos-deputados\\\/\"},\"author\":{\"name\":\"Reda\u00e7\u00e3o Folha Popular\",\"@id\":\"https:\\\/\\\/folhapopular.info\\\/#\\\/schema\\\/person\\\/2814e8a0df7643585a9ca38bc6eb9d4b\"},\"headline\":\"Aux\u00edlio emergencial ga\u00facho est\u00e1 sob an\u00e1lise dos deputados\",\"datePublished\":\"2021-04-01T09:46:58+00:00\",\"dateModified\":\"2021-04-01T09:53:29+00:00\",\"mainEntityOfPage\":{\"@id\":\"https:\\\/\\\/folhapopular.info\\\/index.php\\\/2021\\\/04\\\/01\\\/auxilio-emergencial-gaucho-esta-sob-analise-dos-deputados\\\/\"},\"wordCount\":782,\"commentCount\":0,\"image\":{\"@id\":\"https:\\\/\\\/folhapopular.info\\\/index.php\\\/2021\\\/04\\\/01\\\/auxilio-emergencial-gaucho-esta-sob-analise-dos-deputados\\\/#primaryimage\"},\"thumbnailUrl\":\"https:\\\/\\\/folhapopular.info\\\/wp-content\\\/uploads\\\/2021\\\/04\\\/09111328_1939335_GD.jpg\",\"keywords\":[\"Aux\u00edlio Emergencial\",\"Estado\",\"Rio Grande do Sul\"],\"articleSection\":[\"Destaques\",\"Geral\"],\"inLanguage\":\"pt-BR\",\"potentialAction\":[{\"@type\":\"CommentAction\",\"name\":\"Comment\",\"target\":[\"https:\\\/\\\/folhapopular.info\\\/index.php\\\/2021\\\/04\\\/01\\\/auxilio-emergencial-gaucho-esta-sob-analise-dos-deputados\\\/#respond\"]}]},{\"@type\":\"WebPage\",\"@id\":\"https:\\\/\\\/folhapopular.info\\\/index.php\\\/2021\\\/04\\\/01\\\/auxilio-emergencial-gaucho-esta-sob-analise-dos-deputados\\\/\",\"url\":\"https:\\\/\\\/folhapopular.info\\\/index.php\\\/2021\\\/04\\\/01\\\/auxilio-emergencial-gaucho-esta-sob-analise-dos-deputados\\\/\",\"name\":\"Aux\u00edlio emergencial ga\u00facho est\u00e1 sob an\u00e1lise dos deputados - Folha Popular\",\"isPartOf\":{\"@id\":\"https:\\\/\\\/folhapopular.info\\\/#website\"},\"primaryImageOfPage\":{\"@id\":\"https:\\\/\\\/folhapopular.info\\\/index.php\\\/2021\\\/04\\\/01\\\/auxilio-emergencial-gaucho-esta-sob-analise-dos-deputados\\\/#primaryimage\"},\"image\":{\"@id\":\"https:\\\/\\\/folhapopular.info\\\/index.php\\\/2021\\\/04\\\/01\\\/auxilio-emergencial-gaucho-esta-sob-analise-dos-deputados\\\/#primaryimage\"},\"thumbnailUrl\":\"https:\\\/\\\/folhapopular.info\\\/wp-content\\\/uploads\\\/2021\\\/04\\\/09111328_1939335_GD.jpg\",\"datePublished\":\"2021-04-01T09:46:58+00:00\",\"dateModified\":\"2021-04-01T09:53:29+00:00\",\"author\":{\"@id\":\"https:\\\/\\\/folhapopular.info\\\/#\\\/schema\\\/person\\\/2814e8a0df7643585a9ca38bc6eb9d4b\"},\"breadcrumb\":{\"@id\":\"https:\\\/\\\/folhapopular.info\\\/index.php\\\/2021\\\/04\\\/01\\\/auxilio-emergencial-gaucho-esta-sob-analise-dos-deputados\\\/#breadcrumb\"},\"inLanguage\":\"pt-BR\",\"potentialAction\":[{\"@type\":\"ReadAction\",\"target\":[\"https:\\\/\\\/folhapopular.info\\\/index.php\\\/2021\\\/04\\\/01\\\/auxilio-emergencial-gaucho-esta-sob-analise-dos-deputados\\\/\"]}]},{\"@type\":\"ImageObject\",\"inLanguage\":\"pt-BR\",\"@id\":\"https:\\\/\\\/folhapopular.info\\\/index.php\\\/2021\\\/04\\\/01\\\/auxilio-emergencial-gaucho-esta-sob-analise-dos-deputados\\\/#primaryimage\",\"url\":\"https:\\\/\\\/folhapopular.info\\\/wp-content\\\/uploads\\\/2021\\\/04\\\/09111328_1939335_GD.jpg\",\"contentUrl\":\"https:\\\/\\\/folhapopular.info\\\/wp-content\\\/uploads\\\/2021\\\/04\\\/09111328_1939335_GD.jpg\",\"width\":800,\"height\":450,\"caption\":\"Governo ga\u00facho encaminhou projeto para auxiliar empresas, microeempreendedores, desempregados e mulheres provedoras da fam\u00edlia\"},{\"@type\":\"BreadcrumbList\",\"@id\":\"https:\\\/\\\/folhapopular.info\\\/index.php\\\/2021\\\/04\\\/01\\\/auxilio-emergencial-gaucho-esta-sob-analise-dos-deputados\\\/#breadcrumb\",\"itemListElement\":[{\"@type\":\"ListItem\",\"position\":1,\"name\":\"In\u00edcio\",\"item\":\"https:\\\/\\\/folhapopular.info\\\/\"},{\"@type\":\"ListItem\",\"position\":2,\"name\":\"Aux\u00edlio emergencial ga\u00facho est\u00e1 sob an\u00e1lise dos deputados\"}]},{\"@type\":\"WebSite\",\"@id\":\"https:\\\/\\\/folhapopular.info\\\/#website\",\"url\":\"https:\\\/\\\/folhapopular.info\\\/\",\"name\":\"Folha Popular\",\"description\":\"Onde voc\u00ea tem vez e voz\",\"potentialAction\":[{\"@type\":\"SearchAction\",\"target\":{\"@type\":\"EntryPoint\",\"urlTemplate\":\"https:\\\/\\\/folhapopular.info\\\/?s={search_term_string}\"},\"query-input\":{\"@type\":\"PropertyValueSpecification\",\"valueRequired\":true,\"valueName\":\"search_term_string\"}}],\"inLanguage\":\"pt-BR\"},{\"@type\":\"Person\",\"@id\":\"https:\\\/\\\/folhapopular.info\\\/#\\\/schema\\\/person\\\/2814e8a0df7643585a9ca38bc6eb9d4b\",\"name\":\"Reda\u00e7\u00e3o Folha Popular\",\"image\":{\"@type\":\"ImageObject\",\"inLanguage\":\"pt-BR\",\"@id\":\"https:\\\/\\\/folhapopular.info\\\/wp-content\\\/uploads\\\/2026\\\/04\\\/Folha-1.webp\",\"url\":\"https:\\\/\\\/folhapopular.info\\\/wp-content\\\/uploads\\\/2026\\\/04\\\/Folha-1.webp\",\"contentUrl\":\"https:\\\/\\\/folhapopular.info\\\/wp-content\\\/uploads\\\/2026\\\/04\\\/Folha-1.webp\",\"caption\":\"Reda\u00e7\u00e3o Folha Popular\"},\"url\":\"https:\\\/\\\/folhapopular.info\\\/index.php\\\/author\\\/redacao\\\/\"}]}<\/script>\n<!-- \/ Yoast SEO plugin. -->","yoast_head_json":{"title":"Aux\u00edlio emergencial ga\u00facho est\u00e1 sob an\u00e1lise dos deputados - Folha Popular","robots":{"index":"index","follow":"follow","max-snippet":"max-snippet:-1","max-image-preview":"max-image-preview:large","max-video-preview":"max-video-preview:-1"},"canonical":"https:\/\/folhapopular.info\/index.php\/2021\/04\/01\/auxilio-emergencial-gaucho-esta-sob-analise-dos-deputados\/","og_locale":"pt_BR","og_type":"article","og_title":"Aux\u00edlio emergencial ga\u00facho est\u00e1 sob an\u00e1lise dos deputados - Folha Popular","og_description":"Depois de apresentar aos deputados estaduais e receber sugest\u00f5es desde a semana passada, o governo do Estado protocolou\u00a0um projeto de lei (PL) de aux\u00edlio emergencial a setores mais afetados pela pandemia no Rio Grande do Sul. A proposta institui o aux\u00edlio emergencial ga\u00facho a trabalhadores que perderam emprego, a empresas dos setores de alimenta\u00e7\u00e3o e [&hellip;]","og_url":"https:\/\/folhapopular.info\/index.php\/2021\/04\/01\/auxilio-emergencial-gaucho-esta-sob-analise-dos-deputados\/","og_site_name":"Folha Popular","article_published_time":"2021-04-01T09:46:58+00:00","article_modified_time":"2021-04-01T09:53:29+00:00","og_image":[{"width":800,"height":450,"url":"https:\/\/folhapopular.info\/wp-content\/uploads\/2021\/04\/09111328_1939335_GD.jpg","type":"image\/jpeg"}],"author":"Reda\u00e7\u00e3o Folha Popular","twitter_card":"summary_large_image","twitter_misc":{"Escrito por":"Reda\u00e7\u00e3o Folha Popular","Est. tempo de leitura":"4 minutos"},"schema":{"@context":"https:\/\/schema.org","@graph":[{"@type":"Article","@id":"https:\/\/folhapopular.info\/index.php\/2021\/04\/01\/auxilio-emergencial-gaucho-esta-sob-analise-dos-deputados\/#article","isPartOf":{"@id":"https:\/\/folhapopular.info\/index.php\/2021\/04\/01\/auxilio-emergencial-gaucho-esta-sob-analise-dos-deputados\/"},"author":{"name":"Reda\u00e7\u00e3o Folha Popular","@id":"https:\/\/folhapopular.info\/#\/schema\/person\/2814e8a0df7643585a9ca38bc6eb9d4b"},"headline":"Aux\u00edlio emergencial ga\u00facho est\u00e1 sob an\u00e1lise dos deputados","datePublished":"2021-04-01T09:46:58+00:00","dateModified":"2021-04-01T09:53:29+00:00","mainEntityOfPage":{"@id":"https:\/\/folhapopular.info\/index.php\/2021\/04\/01\/auxilio-emergencial-gaucho-esta-sob-analise-dos-deputados\/"},"wordCount":782,"commentCount":0,"image":{"@id":"https:\/\/folhapopular.info\/index.php\/2021\/04\/01\/auxilio-emergencial-gaucho-esta-sob-analise-dos-deputados\/#primaryimage"},"thumbnailUrl":"https:\/\/folhapopular.info\/wp-content\/uploads\/2021\/04\/09111328_1939335_GD.jpg","keywords":["Aux\u00edlio Emergencial","Estado","Rio Grande do Sul"],"articleSection":["Destaques","Geral"],"inLanguage":"pt-BR","potentialAction":[{"@type":"CommentAction","name":"Comment","target":["https:\/\/folhapopular.info\/index.php\/2021\/04\/01\/auxilio-emergencial-gaucho-esta-sob-analise-dos-deputados\/#respond"]}]},{"@type":"WebPage","@id":"https:\/\/folhapopular.info\/index.php\/2021\/04\/01\/auxilio-emergencial-gaucho-esta-sob-analise-dos-deputados\/","url":"https:\/\/folhapopular.info\/index.php\/2021\/04\/01\/auxilio-emergencial-gaucho-esta-sob-analise-dos-deputados\/","name":"Aux\u00edlio emergencial ga\u00facho est\u00e1 sob an\u00e1lise dos deputados - Folha Popular","isPartOf":{"@id":"https:\/\/folhapopular.info\/#website"},"primaryImageOfPage":{"@id":"https:\/\/folhapopular.info\/index.php\/2021\/04\/01\/auxilio-emergencial-gaucho-esta-sob-analise-dos-deputados\/#primaryimage"},"image":{"@id":"https:\/\/folhapopular.info\/index.php\/2021\/04\/01\/auxilio-emergencial-gaucho-esta-sob-analise-dos-deputados\/#primaryimage"},"thumbnailUrl":"https:\/\/folhapopular.info\/wp-content\/uploads\/2021\/04\/09111328_1939335_GD.jpg","datePublished":"2021-04-01T09:46:58+00:00","dateModified":"2021-04-01T09:53:29+00:00","author":{"@id":"https:\/\/folhapopular.info\/#\/schema\/person\/2814e8a0df7643585a9ca38bc6eb9d4b"},"breadcrumb":{"@id":"https:\/\/folhapopular.info\/index.php\/2021\/04\/01\/auxilio-emergencial-gaucho-esta-sob-analise-dos-deputados\/#breadcrumb"},"inLanguage":"pt-BR","potentialAction":[{"@type":"ReadAction","target":["https:\/\/folhapopular.info\/index.php\/2021\/04\/01\/auxilio-emergencial-gaucho-esta-sob-analise-dos-deputados\/"]}]},{"@type":"ImageObject","inLanguage":"pt-BR","@id":"https:\/\/folhapopular.info\/index.php\/2021\/04\/01\/auxilio-emergencial-gaucho-esta-sob-analise-dos-deputados\/#primaryimage","url":"https:\/\/folhapopular.info\/wp-content\/uploads\/2021\/04\/09111328_1939335_GD.jpg","contentUrl":"https:\/\/folhapopular.info\/wp-content\/uploads\/2021\/04\/09111328_1939335_GD.jpg","width":800,"height":450,"caption":"Governo ga\u00facho encaminhou projeto para auxiliar empresas, microeempreendedores, desempregados e mulheres provedoras da fam\u00edlia"},{"@type":"BreadcrumbList","@id":"https:\/\/folhapopular.info\/index.php\/2021\/04\/01\/auxilio-emergencial-gaucho-esta-sob-analise-dos-deputados\/#breadcrumb","itemListElement":[{"@type":"ListItem","position":1,"name":"In\u00edcio","item":"https:\/\/folhapopular.info\/"},{"@type":"ListItem","position":2,"name":"Aux\u00edlio emergencial ga\u00facho est\u00e1 sob an\u00e1lise dos deputados"}]},{"@type":"WebSite","@id":"https:\/\/folhapopular.info\/#website","url":"https:\/\/folhapopular.info\/","name":"Folha Popular","description":"Onde voc\u00ea tem vez e voz","potentialAction":[{"@type":"SearchAction","target":{"@type":"EntryPoint","urlTemplate":"https:\/\/folhapopular.info\/?s={search_term_string}"},"query-input":{"@type":"PropertyValueSpecification","valueRequired":true,"valueName":"search_term_string"}}],"inLanguage":"pt-BR"},{"@type":"Person","@id":"https:\/\/folhapopular.info\/#\/schema\/person\/2814e8a0df7643585a9ca38bc6eb9d4b","name":"Reda\u00e7\u00e3o Folha Popular","image":{"@type":"ImageObject","inLanguage":"pt-BR","@id":"https:\/\/folhapopular.info\/wp-content\/uploads\/2026\/04\/Folha-1.webp","url":"https:\/\/folhapopular.info\/wp-content\/uploads\/2026\/04\/Folha-1.webp","contentUrl":"https:\/\/folhapopular.info\/wp-content\/uploads\/2026\/04\/Folha-1.webp","caption":"Reda\u00e7\u00e3o Folha Popular"},"url":"https:\/\/folhapopular.info\/index.php\/author\/redacao\/"}]}},"jetpack_featured_media_url":"https:\/\/folhapopular.info\/wp-content\/uploads\/2021\/04\/09111328_1939335_GD.jpg","jetpack_sharing_enabled":true,"amp_enabled":true,"_links":{"self":[{"href":"https:\/\/folhapopular.info\/index.php\/wp-json\/wp\/v2\/posts\/81709","targetHints":{"allow":["GET"]}}],"collection":[{"href":"https:\/\/folhapopular.info\/index.php\/wp-json\/wp\/v2\/posts"}],"about":[{"href":"https:\/\/folhapopular.info\/index.php\/wp-json\/wp\/v2\/types\/post"}],"author":[{"embeddable":true,"href":"https:\/\/folhapopular.info\/index.php\/wp-json\/wp\/v2\/users\/8"}],"replies":[{"embeddable":true,"href":"https:\/\/folhapopular.info\/index.php\/wp-json\/wp\/v2\/comments?post=81709"}],"version-history":[{"count":0,"href":"https:\/\/folhapopular.info\/index.php\/wp-json\/wp\/v2\/posts\/81709\/revisions"}],"wp:featuredmedia":[{"embeddable":true,"href":"https:\/\/folhapopular.info\/index.php\/wp-json\/wp\/v2\/media\/81710"}],"wp:attachment":[{"href":"https:\/\/folhapopular.info\/index.php\/wp-json\/wp\/v2\/media?parent=81709"}],"wp:term":[{"taxonomy":"category","embeddable":true,"href":"https:\/\/folhapopular.info\/index.php\/wp-json\/wp\/v2\/categories?post=81709"},{"taxonomy":"post_tag","embeddable":true,"href":"https:\/\/folhapopular.info\/index.php\/wp-json\/wp\/v2\/tags?post=81709"}],"curies":[{"name":"wp","href":"https:\/\/api.w.org\/{rel}","templated":true}]}}