{"id":81759,"date":"2021-04-02T09:39:19","date_gmt":"2021-04-02T12:39:19","guid":{"rendered":"https:\/\/folhapopular.info\/?p=81759"},"modified":"2021-04-02T09:39:24","modified_gmt":"2021-04-02T12:39:24","slug":"comercio-e-restaurantes-podem-abrir-neste-sabado-de-aleluia","status":"publish","type":"post","link":"https:\/\/folhapopular.info\/index.php\/2021\/04\/02\/comercio-e-restaurantes-podem-abrir-neste-sabado-de-aleluia\/","title":{"rendered":"Com\u00e9rcio e restaurantes podem abrir neste s\u00e1bado de Aleluia"},"content":{"rendered":"\n<p>A partir de di\u00e1logo com entidades e prefeitos, o governo do Estado decidiu permitir, ap\u00f3s reuni\u00e3o do Gabinete de Crise na manh\u00e3 desta quinta-feira (1\u00ba\/4), <strong>a abertura de atividades <\/strong>n\u00e3o essenciais, como com\u00e9rcio e restaurantes, <strong>apenas no s\u00e1bado (3\/4)<\/strong>, com as mesmas restri\u00e7\u00f5es de hor\u00e1rio dos dias \u00fateis.<\/p>\n\n\n\n<p>\u201cEstamos liberando o com\u00e9rcio n\u00e3o essencial para trabalhar no pr\u00f3ximo s\u00e1bado, at\u00e9 as 20h, acolhendo um pedido dos setores econ\u00f4micos ligados ao consumo da P\u00e1scoa. Ser\u00e1 uma abertura pontual e cuidadosa, seguindo todos os protocolos de seguran\u00e7a sanit\u00e1ria&#8221;, disse o governador Eduardo Leite.<\/p>\n\n\n\n<p>A suspens\u00e3o geral das atividades est\u00e1 mantida para a Sexta-feira Santa (2\/4) e o domingo de P\u00e1scoa (4\/4). &#8220;Apesar da leve melhora de alguns indicadores nos \u00faltimos dias, ainda estamos em bandeira preta e o risco imposto pela Covid-19 \u00e0 popula\u00e7\u00e3o ga\u00facha \u00e9 elevad\u00edssimo\u201d, complementou.<\/p>\n\n\n\n<p>A restri\u00e7\u00e3o de hor\u00e1rios \u00e0s atividades econ\u00f4micas entre 20h e 5h, que come\u00e7ou no dia 20 de fevereiro e que terminariam no domingo (4\/4), ser\u00e1 mantida nos dias \u00fateis at\u00e9 a sexta-feira da pr\u00f3xima semana (9\/4). Novas reuni\u00f5es ocorrer\u00e3o nos pr\u00f3ximos dias para discutir as medidas de preven\u00e7\u00e3o.<\/p>\n\n\n\n<h3 class=\"wp-block-heading\">Como operar neste s\u00e1bado<\/h3>\n\n\n\n<p>Independentemente das regras locais, as <strong>atividades n\u00e3o essenciais<\/strong> poder\u00e3o funcionar neste s\u00e1bado com os mesmos hor\u00e1rios de dias \u00fateis.<\/p>\n\n\n\n<p>O <strong>com\u00e9rcio <\/strong>em geral, academias, sal\u00f5es de beleza e outros servi\u00e7os s\u00f3 podem funcionar entre 5h e 20h.<\/p>\n\n\n\n<p>Para <strong>restaurantes, bares e lancherias<\/strong>, o hor\u00e1rio limite para atender clientes de forma presencial \u00e9 18h e o atendimento pode ser feito nas modalidades de take away (pegue e leve) e drive-thru entre as 5h e 20h em todos os dias da semana, inclusive s\u00e1bados, domingos e feriados.<\/p>\n\n\n\n<p>Para os <strong>supermercados<\/strong>, o limite de funcionamento \u00e9 22h em qualquer dia da semana. Todos os servi\u00e7os podem operar em modo delivery (tele-entrega).<\/p>\n\n\n\n<p>As <strong>atividades essenciais<\/strong>, como farm\u00e1cias, cl\u00ednicas m\u00e9dicas, postos de combust\u00edveis, entre outros, n\u00e3o t\u00eam restri\u00e7\u00e3o de hor\u00e1rio.<\/p>\n\n\n\n<p><strong>Parques<\/strong> tem\u00e1ticos, de aventura, jardins bot\u00e2nicos, zool\u00f3gicos e museus, entre outros espa\u00e7os de cultura e lazer, seguem proibidos de receber p\u00fablico externo na bandeira preta e na vermelha (limite para quem est\u00e1 em cogest\u00e3o) em qualquer dia da semana.<\/p>\n\n\n\n<p>A perman\u00eancia em <strong>praias, pra\u00e7as e parques urbanos <\/strong>tamb\u00e9m segue restrita e est\u00e3o liberados apenas para atividades f\u00edsicas individuais.<\/p>\n\n\n\n<h3 class=\"wp-block-heading\">Ocupa\u00e7\u00e3o de leitos acima dos 100%<\/h3>\n\n\n\n<p>O cen\u00e1rio epidemiol\u00f3gico que embasou a decis\u00e3o do Gabinete de Crise mostra redu\u00e7\u00e3o na ocupa\u00e7\u00e3o de leitos cl\u00ednicos, ap\u00f3s atingir o pico de 6.229 pacientes confirmados e suspeitos Covid-19 em 12 de mar\u00e7o. No momento, h\u00e1 4.391 internados. No entanto, a ocupa\u00e7\u00e3o em leitos de UTI ainda est\u00e1 acima dos 100%.<\/p>\n\n\n\n<p>O total de pacientes confirmados e suspeitos em UTI apresenta estabilidade desde o dia 15 de mar\u00e7o, quando atingiu o maior pico de taxa de ocupa\u00e7\u00e3o 110,3% e 2.732 internados, e atualmente est\u00e1 em 2.620 pacientes em UTIs.<\/p>\n\n\n\n<p>Por conta desse cen\u00e1rio e da dificuldade com medicamentos do kit intuba\u00e7\u00e3o, ainda \u00e9 considerada fundamental a restri\u00e7\u00e3o \u00e0 circula\u00e7\u00e3o de pessoas, o refor\u00e7o nos protocolos de preven\u00e7\u00e3o e na vacina\u00e7\u00e3o da popula\u00e7\u00e3o, mesmo nos feriados e fins de semana, para conter a propaga\u00e7\u00e3o do v\u00edrus no Rio Grande do Sul.<\/p>\n\n\n\n<h3 class=\"wp-block-heading\">Planos locais de fiscaliza\u00e7\u00e3o<\/h3>\n\n\n\n<p>Com a libera\u00e7\u00e3o de atividades n\u00e3o essenciais no s\u00e1bado, o governo lembra da necessidade de refor\u00e7o na fiscaliza\u00e7\u00e3o. &#8220;Somente com controle e pulso firme poderemos ter, gradativamente, libera\u00e7\u00f5es \u00e0s atividades, sem que isso prejudique o controle de propaga\u00e7\u00e3o do v\u00edrus&#8221;, acrescentou o governador.<\/p>\n\n\n\n<figure class=\"wp-block-image size-large\"><img loading=\"lazy\" decoding=\"async\" width=\"800\" height=\"450\" src=\"https:\/\/folhapopular.info\/wp-content\/uploads\/2021\/04\/01121959_1950310_GD.jpg\" alt=\"\" class=\"wp-image-81760\" srcset=\"https:\/\/folhapopular.info\/wp-content\/uploads\/2021\/04\/01121959_1950310_GD.jpg 800w, https:\/\/folhapopular.info\/wp-content\/uploads\/2021\/04\/01121959_1950310_GD-300x169.jpg 300w, https:\/\/folhapopular.info\/wp-content\/uploads\/2021\/04\/01121959_1950310_GD-768x432.jpg 768w, https:\/\/folhapopular.info\/wp-content\/uploads\/2021\/04\/01121959_1950310_GD-696x392.jpg 696w, https:\/\/folhapopular.info\/wp-content\/uploads\/2021\/04\/01121959_1950310_GD-128x72.jpg 128w, https:\/\/folhapopular.info\/wp-content\/uploads\/2021\/04\/01121959_1950310_GD-32x18.jpg 32w\" sizes=\"auto, (max-width: 800px) 100vw, 800px\" \/><figcaption>&#8220;O risco imposto pela Covid-19 \u00e0 popula\u00e7\u00e3o ga\u00facha \u00e9 elevad\u00edssimo\u201d, disse o governador Leite em v\u00eddeo publicado nas redes sociais \/ Cr\u00e9dito: Itamar Aguiar \/ Pal\u00e1cio Piratini<\/figcaption><\/figure>\n\n\n\n<h3 class=\"wp-block-heading\">Novas medidas do Distanciamento Controlado<\/h3>\n\n\n\n<p>O governador se comprometeu a rediscutir as regras do Distanciamento Controlado a partir de 4 de abril. Por isso, uma reuni\u00e3o virtual com prefeitos e a Federa\u00e7\u00e3o das Associa\u00e7\u00f5es de Munic\u00edpios do Rio Grande do Sul (Famurs) foi marcada para segunda-feira (5\/4), \u00e0s 9h. O objetivo \u00e9 dialogar poss\u00edveis altera\u00e7\u00f5es nos protocolos e regras a atividades econ\u00f4micas.<\/p>\n\n\n\n<p>Na pauta, conforme adiantou Leite, est\u00e3o os planos de fiscaliza\u00e7\u00e3o, considerados fundamentais para permitir a libera\u00e7\u00e3o gradual das restri\u00e7\u00f5es.<\/p>\n\n\n\n<p>De qualquer forma, at\u00e9 a sexta-feira seguinte (9\/4), fica mantida a suspens\u00e3o de atividades n\u00e3o essenciais entre 20h e 5h.<\/p>\n\n\n\n<p>Dependendo da qualidade e efic\u00e1cia da fiscaliza\u00e7\u00e3o e da melhora de indicadores epidemiol\u00f3gicos, o Gabinete de Crise voltar\u00e1 a discutir, entre os dias 8 e 9 de abril, os protocolos e como ficar\u00e1 a suspens\u00e3o de atividades para a semana seguinte.<\/p>\n\n\n\n<p>Nesta sexta-feira (2\/4), o governo do Estado vai divulgar o mapa da 48\u00aa rodada do Distanciamento Controlado, \u00e0s 18h. O Gabinete de Crise segue sem permitir pedidos de reconsidera\u00e7\u00e3o \u00e0 classifica\u00e7\u00e3o, mas com possibilidade de cogest\u00e3o regional, com uso de protocolos at\u00e9 o limite de bandeira imediatamente anterior.<\/p>\n","protected":false},"excerpt":{"rendered":"<p>A partir de di\u00e1logo com entidades e prefeitos, o governo do Estado decidiu permitir, ap\u00f3s reuni\u00e3o do Gabinete de Crise na manh\u00e3 desta quinta-feira (1\u00ba\/4), a abertura de atividades n\u00e3o essenciais, como com\u00e9rcio e restaurantes, apenas no s\u00e1bado (3\/4), com as mesmas restri\u00e7\u00f5es de hor\u00e1rio dos dias \u00fateis. \u201cEstamos liberando o com\u00e9rcio n\u00e3o essencial para [&hellip;]<\/p>\n","protected":false},"author":8,"featured_media":70869,"comment_status":"open","ping_status":"open","sticky":false,"template":"","format":"standard","meta":{"pmpro_default_level":"","_jetpack_memberships_contains_paid_content":false,"footnotes":""},"categories":[2,3],"tags":[108,1794],"class_list":{"0":"post-81759","1":"post","2":"type-post","3":"status-publish","4":"format-standard","5":"has-post-thumbnail","7":"category-featured","8":"category-geral","9":"tag-comercio","10":"tag-rio-grande-do-sul","11":"pmpro-has-access"},"yoast_head":"<!-- This site is optimized with the Yoast SEO plugin v27.5 - https:\/\/yoast.com\/product\/yoast-seo-wordpress\/ -->\n<title>Com\u00e9rcio e restaurantes podem abrir neste s\u00e1bado de Aleluia - Folha Popular<\/title>\n<meta name=\"robots\" content=\"index, follow, max-snippet:-1, max-image-preview:large, max-video-preview:-1\" \/>\n<link rel=\"canonical\" href=\"https:\/\/folhapopular.info\/index.php\/2021\/04\/02\/comercio-e-restaurantes-podem-abrir-neste-sabado-de-aleluia\/\" \/>\n<meta property=\"og:locale\" content=\"pt_BR\" \/>\n<meta property=\"og:type\" content=\"article\" \/>\n<meta property=\"og:title\" content=\"Com\u00e9rcio e restaurantes podem abrir neste s\u00e1bado de Aleluia - Folha Popular\" \/>\n<meta property=\"og:description\" content=\"A partir de di\u00e1logo com entidades e prefeitos, o governo do Estado decidiu permitir, ap\u00f3s reuni\u00e3o do Gabinete de Crise na manh\u00e3 desta quinta-feira (1\u00ba\/4), a abertura de atividades n\u00e3o essenciais, como com\u00e9rcio e restaurantes, apenas no s\u00e1bado (3\/4), com as mesmas restri\u00e7\u00f5es de hor\u00e1rio dos dias \u00fateis. \u201cEstamos liberando o com\u00e9rcio n\u00e3o essencial para [&hellip;]\" \/>\n<meta property=\"og:url\" content=\"https:\/\/folhapopular.info\/index.php\/2021\/04\/02\/comercio-e-restaurantes-podem-abrir-neste-sabado-de-aleluia\/\" \/>\n<meta property=\"og:site_name\" content=\"Folha Popular\" \/>\n<meta property=\"article:published_time\" content=\"2021-04-02T12:39:19+00:00\" \/>\n<meta property=\"article:modified_time\" content=\"2021-04-02T12:39:24+00:00\" \/>\n<meta property=\"og:image\" content=\"https:\/\/folhapopular.info\/wp-content\/uploads\/2020\/06\/Munic\u00edpio-auxiliar\u00e1-o-com\u00e9rcio-e-os-servi\u00e7os-nas-despesas-de-aluguel-scaled-e1593518025566.jpg\" \/>\n\t<meta property=\"og:image:width\" content=\"800\" \/>\n\t<meta property=\"og:image:height\" content=\"450\" \/>\n\t<meta property=\"og:image:type\" content=\"image\/jpeg\" \/>\n<meta name=\"author\" content=\"Reda\u00e7\u00e3o Folha Popular\" \/>\n<meta name=\"twitter:card\" content=\"summary_large_image\" \/>\n<meta name=\"twitter:label1\" content=\"Escrito por\" \/>\n\t<meta name=\"twitter:data1\" content=\"Reda\u00e7\u00e3o Folha Popular\" \/>\n\t<meta name=\"twitter:label2\" content=\"Est. tempo de leitura\" \/>\n\t<meta name=\"twitter:data2\" content=\"4 minutos\" \/>\n<script type=\"application\/ld+json\" class=\"yoast-schema-graph\">{\"@context\":\"https:\\\/\\\/schema.org\",\"@graph\":[{\"@type\":\"Article\",\"@id\":\"https:\\\/\\\/folhapopular.info\\\/index.php\\\/2021\\\/04\\\/02\\\/comercio-e-restaurantes-podem-abrir-neste-sabado-de-aleluia\\\/#article\",\"isPartOf\":{\"@id\":\"https:\\\/\\\/folhapopular.info\\\/index.php\\\/2021\\\/04\\\/02\\\/comercio-e-restaurantes-podem-abrir-neste-sabado-de-aleluia\\\/\"},\"author\":{\"name\":\"Reda\u00e7\u00e3o Folha Popular\",\"@id\":\"https:\\\/\\\/folhapopular.info\\\/#\\\/schema\\\/person\\\/2814e8a0df7643585a9ca38bc6eb9d4b\"},\"headline\":\"Com\u00e9rcio e restaurantes podem abrir neste s\u00e1bado de Aleluia\",\"datePublished\":\"2021-04-02T12:39:19+00:00\",\"dateModified\":\"2021-04-02T12:39:24+00:00\",\"mainEntityOfPage\":{\"@id\":\"https:\\\/\\\/folhapopular.info\\\/index.php\\\/2021\\\/04\\\/02\\\/comercio-e-restaurantes-podem-abrir-neste-sabado-de-aleluia\\\/\"},\"wordCount\":874,\"commentCount\":0,\"image\":{\"@id\":\"https:\\\/\\\/folhapopular.info\\\/index.php\\\/2021\\\/04\\\/02\\\/comercio-e-restaurantes-podem-abrir-neste-sabado-de-aleluia\\\/#primaryimage\"},\"thumbnailUrl\":\"https:\\\/\\\/folhapopular.info\\\/wp-content\\\/uploads\\\/2020\\\/06\\\/Munic\u00edpio-auxiliar\u00e1-o-com\u00e9rcio-e-os-servi\u00e7os-nas-despesas-de-aluguel-scaled-e1593518025566.jpg\",\"keywords\":[\"Com\u00e9rcio\",\"Rio Grande do Sul\"],\"articleSection\":[\"Destaques\",\"Geral\"],\"inLanguage\":\"pt-BR\",\"potentialAction\":[{\"@type\":\"CommentAction\",\"name\":\"Comment\",\"target\":[\"https:\\\/\\\/folhapopular.info\\\/index.php\\\/2021\\\/04\\\/02\\\/comercio-e-restaurantes-podem-abrir-neste-sabado-de-aleluia\\\/#respond\"]}]},{\"@type\":\"WebPage\",\"@id\":\"https:\\\/\\\/folhapopular.info\\\/index.php\\\/2021\\\/04\\\/02\\\/comercio-e-restaurantes-podem-abrir-neste-sabado-de-aleluia\\\/\",\"url\":\"https:\\\/\\\/folhapopular.info\\\/index.php\\\/2021\\\/04\\\/02\\\/comercio-e-restaurantes-podem-abrir-neste-sabado-de-aleluia\\\/\",\"name\":\"Com\u00e9rcio e restaurantes podem abrir neste s\u00e1bado de Aleluia - Folha Popular\",\"isPartOf\":{\"@id\":\"https:\\\/\\\/folhapopular.info\\\/#website\"},\"primaryImageOfPage\":{\"@id\":\"https:\\\/\\\/folhapopular.info\\\/index.php\\\/2021\\\/04\\\/02\\\/comercio-e-restaurantes-podem-abrir-neste-sabado-de-aleluia\\\/#primaryimage\"},\"image\":{\"@id\":\"https:\\\/\\\/folhapopular.info\\\/index.php\\\/2021\\\/04\\\/02\\\/comercio-e-restaurantes-podem-abrir-neste-sabado-de-aleluia\\\/#primaryimage\"},\"thumbnailUrl\":\"https:\\\/\\\/folhapopular.info\\\/wp-content\\\/uploads\\\/2020\\\/06\\\/Munic\u00edpio-auxiliar\u00e1-o-com\u00e9rcio-e-os-servi\u00e7os-nas-despesas-de-aluguel-scaled-e1593518025566.jpg\",\"datePublished\":\"2021-04-02T12:39:19+00:00\",\"dateModified\":\"2021-04-02T12:39:24+00:00\",\"author\":{\"@id\":\"https:\\\/\\\/folhapopular.info\\\/#\\\/schema\\\/person\\\/2814e8a0df7643585a9ca38bc6eb9d4b\"},\"breadcrumb\":{\"@id\":\"https:\\\/\\\/folhapopular.info\\\/index.php\\\/2021\\\/04\\\/02\\\/comercio-e-restaurantes-podem-abrir-neste-sabado-de-aleluia\\\/#breadcrumb\"},\"inLanguage\":\"pt-BR\",\"potentialAction\":[{\"@type\":\"ReadAction\",\"target\":[\"https:\\\/\\\/folhapopular.info\\\/index.php\\\/2021\\\/04\\\/02\\\/comercio-e-restaurantes-podem-abrir-neste-sabado-de-aleluia\\\/\"]}]},{\"@type\":\"ImageObject\",\"inLanguage\":\"pt-BR\",\"@id\":\"https:\\\/\\\/folhapopular.info\\\/index.php\\\/2021\\\/04\\\/02\\\/comercio-e-restaurantes-podem-abrir-neste-sabado-de-aleluia\\\/#primaryimage\",\"url\":\"https:\\\/\\\/folhapopular.info\\\/wp-content\\\/uploads\\\/2020\\\/06\\\/Munic\u00edpio-auxiliar\u00e1-o-com\u00e9rcio-e-os-servi\u00e7os-nas-despesas-de-aluguel-scaled-e1593518025566.jpg\",\"contentUrl\":\"https:\\\/\\\/folhapopular.info\\\/wp-content\\\/uploads\\\/2020\\\/06\\\/Munic\u00edpio-auxiliar\u00e1-o-com\u00e9rcio-e-os-servi\u00e7os-nas-despesas-de-aluguel-scaled-e1593518025566.jpg\",\"width\":800,\"height\":450,\"caption\":\"Com\u00e9rcio de Teut\u00f4nia pode abrir somente neste s\u00e1bado \\\/ Cr\u00e9dito da foto: Leo Wiebusch \\\/ Divulga\u00e7\u00e3o\"},{\"@type\":\"BreadcrumbList\",\"@id\":\"https:\\\/\\\/folhapopular.info\\\/index.php\\\/2021\\\/04\\\/02\\\/comercio-e-restaurantes-podem-abrir-neste-sabado-de-aleluia\\\/#breadcrumb\",\"itemListElement\":[{\"@type\":\"ListItem\",\"position\":1,\"name\":\"In\u00edcio\",\"item\":\"https:\\\/\\\/folhapopular.info\\\/\"},{\"@type\":\"ListItem\",\"position\":2,\"name\":\"Com\u00e9rcio e restaurantes podem abrir neste s\u00e1bado de Aleluia\"}]},{\"@type\":\"WebSite\",\"@id\":\"https:\\\/\\\/folhapopular.info\\\/#website\",\"url\":\"https:\\\/\\\/folhapopular.info\\\/\",\"name\":\"Folha Popular\",\"description\":\"Onde voc\u00ea tem vez e voz\",\"potentialAction\":[{\"@type\":\"SearchAction\",\"target\":{\"@type\":\"EntryPoint\",\"urlTemplate\":\"https:\\\/\\\/folhapopular.info\\\/?s={search_term_string}\"},\"query-input\":{\"@type\":\"PropertyValueSpecification\",\"valueRequired\":true,\"valueName\":\"search_term_string\"}}],\"inLanguage\":\"pt-BR\"},{\"@type\":\"Person\",\"@id\":\"https:\\\/\\\/folhapopular.info\\\/#\\\/schema\\\/person\\\/2814e8a0df7643585a9ca38bc6eb9d4b\",\"name\":\"Reda\u00e7\u00e3o Folha Popular\",\"image\":{\"@type\":\"ImageObject\",\"inLanguage\":\"pt-BR\",\"@id\":\"https:\\\/\\\/folhapopular.info\\\/wp-content\\\/uploads\\\/2026\\\/04\\\/Folha-1.webp\",\"url\":\"https:\\\/\\\/folhapopular.info\\\/wp-content\\\/uploads\\\/2026\\\/04\\\/Folha-1.webp\",\"contentUrl\":\"https:\\\/\\\/folhapopular.info\\\/wp-content\\\/uploads\\\/2026\\\/04\\\/Folha-1.webp\",\"caption\":\"Reda\u00e7\u00e3o Folha Popular\"},\"url\":\"https:\\\/\\\/folhapopular.info\\\/index.php\\\/author\\\/redacao\\\/\"}]}<\/script>\n<!-- \/ Yoast SEO plugin. -->","yoast_head_json":{"title":"Com\u00e9rcio e restaurantes podem abrir neste s\u00e1bado de Aleluia - Folha Popular","robots":{"index":"index","follow":"follow","max-snippet":"max-snippet:-1","max-image-preview":"max-image-preview:large","max-video-preview":"max-video-preview:-1"},"canonical":"https:\/\/folhapopular.info\/index.php\/2021\/04\/02\/comercio-e-restaurantes-podem-abrir-neste-sabado-de-aleluia\/","og_locale":"pt_BR","og_type":"article","og_title":"Com\u00e9rcio e restaurantes podem abrir neste s\u00e1bado de Aleluia - Folha Popular","og_description":"A partir de di\u00e1logo com entidades e prefeitos, o governo do Estado decidiu permitir, ap\u00f3s reuni\u00e3o do Gabinete de Crise na manh\u00e3 desta quinta-feira (1\u00ba\/4), a abertura de atividades n\u00e3o essenciais, como com\u00e9rcio e restaurantes, apenas no s\u00e1bado (3\/4), com as mesmas restri\u00e7\u00f5es de hor\u00e1rio dos dias \u00fateis. \u201cEstamos liberando o com\u00e9rcio n\u00e3o essencial para [&hellip;]","og_url":"https:\/\/folhapopular.info\/index.php\/2021\/04\/02\/comercio-e-restaurantes-podem-abrir-neste-sabado-de-aleluia\/","og_site_name":"Folha Popular","article_published_time":"2021-04-02T12:39:19+00:00","article_modified_time":"2021-04-02T12:39:24+00:00","og_image":[{"width":800,"height":450,"url":"https:\/\/folhapopular.info\/wp-content\/uploads\/2020\/06\/Munic\u00edpio-auxiliar\u00e1-o-com\u00e9rcio-e-os-servi\u00e7os-nas-despesas-de-aluguel-scaled-e1593518025566.jpg","type":"image\/jpeg"}],"author":"Reda\u00e7\u00e3o Folha Popular","twitter_card":"summary_large_image","twitter_misc":{"Escrito por":"Reda\u00e7\u00e3o Folha Popular","Est. tempo de leitura":"4 minutos"},"schema":{"@context":"https:\/\/schema.org","@graph":[{"@type":"Article","@id":"https:\/\/folhapopular.info\/index.php\/2021\/04\/02\/comercio-e-restaurantes-podem-abrir-neste-sabado-de-aleluia\/#article","isPartOf":{"@id":"https:\/\/folhapopular.info\/index.php\/2021\/04\/02\/comercio-e-restaurantes-podem-abrir-neste-sabado-de-aleluia\/"},"author":{"name":"Reda\u00e7\u00e3o Folha Popular","@id":"https:\/\/folhapopular.info\/#\/schema\/person\/2814e8a0df7643585a9ca38bc6eb9d4b"},"headline":"Com\u00e9rcio e restaurantes podem abrir neste s\u00e1bado de Aleluia","datePublished":"2021-04-02T12:39:19+00:00","dateModified":"2021-04-02T12:39:24+00:00","mainEntityOfPage":{"@id":"https:\/\/folhapopular.info\/index.php\/2021\/04\/02\/comercio-e-restaurantes-podem-abrir-neste-sabado-de-aleluia\/"},"wordCount":874,"commentCount":0,"image":{"@id":"https:\/\/folhapopular.info\/index.php\/2021\/04\/02\/comercio-e-restaurantes-podem-abrir-neste-sabado-de-aleluia\/#primaryimage"},"thumbnailUrl":"https:\/\/folhapopular.info\/wp-content\/uploads\/2020\/06\/Munic\u00edpio-auxiliar\u00e1-o-com\u00e9rcio-e-os-servi\u00e7os-nas-despesas-de-aluguel-scaled-e1593518025566.jpg","keywords":["Com\u00e9rcio","Rio Grande do Sul"],"articleSection":["Destaques","Geral"],"inLanguage":"pt-BR","potentialAction":[{"@type":"CommentAction","name":"Comment","target":["https:\/\/folhapopular.info\/index.php\/2021\/04\/02\/comercio-e-restaurantes-podem-abrir-neste-sabado-de-aleluia\/#respond"]}]},{"@type":"WebPage","@id":"https:\/\/folhapopular.info\/index.php\/2021\/04\/02\/comercio-e-restaurantes-podem-abrir-neste-sabado-de-aleluia\/","url":"https:\/\/folhapopular.info\/index.php\/2021\/04\/02\/comercio-e-restaurantes-podem-abrir-neste-sabado-de-aleluia\/","name":"Com\u00e9rcio e restaurantes podem abrir neste s\u00e1bado de Aleluia - Folha Popular","isPartOf":{"@id":"https:\/\/folhapopular.info\/#website"},"primaryImageOfPage":{"@id":"https:\/\/folhapopular.info\/index.php\/2021\/04\/02\/comercio-e-restaurantes-podem-abrir-neste-sabado-de-aleluia\/#primaryimage"},"image":{"@id":"https:\/\/folhapopular.info\/index.php\/2021\/04\/02\/comercio-e-restaurantes-podem-abrir-neste-sabado-de-aleluia\/#primaryimage"},"thumbnailUrl":"https:\/\/folhapopular.info\/wp-content\/uploads\/2020\/06\/Munic\u00edpio-auxiliar\u00e1-o-com\u00e9rcio-e-os-servi\u00e7os-nas-despesas-de-aluguel-scaled-e1593518025566.jpg","datePublished":"2021-04-02T12:39:19+00:00","dateModified":"2021-04-02T12:39:24+00:00","author":{"@id":"https:\/\/folhapopular.info\/#\/schema\/person\/2814e8a0df7643585a9ca38bc6eb9d4b"},"breadcrumb":{"@id":"https:\/\/folhapopular.info\/index.php\/2021\/04\/02\/comercio-e-restaurantes-podem-abrir-neste-sabado-de-aleluia\/#breadcrumb"},"inLanguage":"pt-BR","potentialAction":[{"@type":"ReadAction","target":["https:\/\/folhapopular.info\/index.php\/2021\/04\/02\/comercio-e-restaurantes-podem-abrir-neste-sabado-de-aleluia\/"]}]},{"@type":"ImageObject","inLanguage":"pt-BR","@id":"https:\/\/folhapopular.info\/index.php\/2021\/04\/02\/comercio-e-restaurantes-podem-abrir-neste-sabado-de-aleluia\/#primaryimage","url":"https:\/\/folhapopular.info\/wp-content\/uploads\/2020\/06\/Munic\u00edpio-auxiliar\u00e1-o-com\u00e9rcio-e-os-servi\u00e7os-nas-despesas-de-aluguel-scaled-e1593518025566.jpg","contentUrl":"https:\/\/folhapopular.info\/wp-content\/uploads\/2020\/06\/Munic\u00edpio-auxiliar\u00e1-o-com\u00e9rcio-e-os-servi\u00e7os-nas-despesas-de-aluguel-scaled-e1593518025566.jpg","width":800,"height":450,"caption":"Com\u00e9rcio de Teut\u00f4nia pode abrir somente neste s\u00e1bado \/ Cr\u00e9dito da foto: Leo Wiebusch \/ Divulga\u00e7\u00e3o"},{"@type":"BreadcrumbList","@id":"https:\/\/folhapopular.info\/index.php\/2021\/04\/02\/comercio-e-restaurantes-podem-abrir-neste-sabado-de-aleluia\/#breadcrumb","itemListElement":[{"@type":"ListItem","position":1,"name":"In\u00edcio","item":"https:\/\/folhapopular.info\/"},{"@type":"ListItem","position":2,"name":"Com\u00e9rcio e restaurantes podem abrir neste s\u00e1bado de Aleluia"}]},{"@type":"WebSite","@id":"https:\/\/folhapopular.info\/#website","url":"https:\/\/folhapopular.info\/","name":"Folha Popular","description":"Onde voc\u00ea tem vez e voz","potentialAction":[{"@type":"SearchAction","target":{"@type":"EntryPoint","urlTemplate":"https:\/\/folhapopular.info\/?s={search_term_string}"},"query-input":{"@type":"PropertyValueSpecification","valueRequired":true,"valueName":"search_term_string"}}],"inLanguage":"pt-BR"},{"@type":"Person","@id":"https:\/\/folhapopular.info\/#\/schema\/person\/2814e8a0df7643585a9ca38bc6eb9d4b","name":"Reda\u00e7\u00e3o Folha Popular","image":{"@type":"ImageObject","inLanguage":"pt-BR","@id":"https:\/\/folhapopular.info\/wp-content\/uploads\/2026\/04\/Folha-1.webp","url":"https:\/\/folhapopular.info\/wp-content\/uploads\/2026\/04\/Folha-1.webp","contentUrl":"https:\/\/folhapopular.info\/wp-content\/uploads\/2026\/04\/Folha-1.webp","caption":"Reda\u00e7\u00e3o Folha Popular"},"url":"https:\/\/folhapopular.info\/index.php\/author\/redacao\/"}]}},"jetpack_featured_media_url":"https:\/\/folhapopular.info\/wp-content\/uploads\/2020\/06\/Munic\u00edpio-auxiliar\u00e1-o-com\u00e9rcio-e-os-servi\u00e7os-nas-despesas-de-aluguel-scaled-e1593518025566.jpg","jetpack_sharing_enabled":true,"amp_enabled":true,"_links":{"self":[{"href":"https:\/\/folhapopular.info\/index.php\/wp-json\/wp\/v2\/posts\/81759","targetHints":{"allow":["GET"]}}],"collection":[{"href":"https:\/\/folhapopular.info\/index.php\/wp-json\/wp\/v2\/posts"}],"about":[{"href":"https:\/\/folhapopular.info\/index.php\/wp-json\/wp\/v2\/types\/post"}],"author":[{"embeddable":true,"href":"https:\/\/folhapopular.info\/index.php\/wp-json\/wp\/v2\/users\/8"}],"replies":[{"embeddable":true,"href":"https:\/\/folhapopular.info\/index.php\/wp-json\/wp\/v2\/comments?post=81759"}],"version-history":[{"count":0,"href":"https:\/\/folhapopular.info\/index.php\/wp-json\/wp\/v2\/posts\/81759\/revisions"}],"wp:featuredmedia":[{"embeddable":true,"href":"https:\/\/folhapopular.info\/index.php\/wp-json\/wp\/v2\/media\/70869"}],"wp:attachment":[{"href":"https:\/\/folhapopular.info\/index.php\/wp-json\/wp\/v2\/media?parent=81759"}],"wp:term":[{"taxonomy":"category","embeddable":true,"href":"https:\/\/folhapopular.info\/index.php\/wp-json\/wp\/v2\/categories?post=81759"},{"taxonomy":"post_tag","embeddable":true,"href":"https:\/\/folhapopular.info\/index.php\/wp-json\/wp\/v2\/tags?post=81759"}],"curies":[{"name":"wp","href":"https:\/\/api.w.org\/{rel}","templated":true}]}}