{"id":81806,"date":"2021-04-05T07:59:27","date_gmt":"2021-04-05T10:59:27","guid":{"rendered":"https:\/\/folhapopular.info\/?p=81806"},"modified":"2021-04-05T07:59:32","modified_gmt":"2021-04-05T10:59:32","slug":"fepam-emite-licenca-de-instalacao-para-a-primeira-usina-de-energia-solar-do-rs","status":"publish","type":"post","link":"https:\/\/folhapopular.info\/index.php\/2021\/04\/05\/fepam-emite-licenca-de-instalacao-para-a-primeira-usina-de-energia-solar-do-rs\/","title":{"rendered":"Fepam emite licen\u00e7a de instala\u00e7\u00e3o para a primeira usina de energia solar do RS"},"content":{"rendered":"\n<p>A Funda\u00e7\u00e3o Estadual de Prote\u00e7\u00e3o Ambiental (Fepam) emitiu, na quarta-feira (31\/3), a primeira licen\u00e7a de instala\u00e7\u00e3o (LI) da hist\u00f3ria para um empreendimento de energia solar no Rio Grande do Sul. <\/p>\n\n\n\n<p>Com a autoriza\u00e7\u00e3o, a empresa mineira Solargrid Autogera\u00e7\u00e3o pode iniciar a constru\u00e7\u00e3o da Usina Fotovoltaica Uruguaiana I, para gerar energia a partir da luz do sol no munic\u00edpio de Uruguaiana, na Fronteira Oeste.<\/p>\n\n\n\n<p>Para a presidente da Fepam, Marjorie Kauffmann, a emiss\u00e3o dessa licen\u00e7a \u00e9 um avan\u00e7o importante para a gera\u00e7\u00e3o de energia no Estado. \u201c\u00c9 mais uma prova de que o Rio Grande do Sul est\u00e1 apostando e incentivando a amplia\u00e7\u00e3o da sua matriz energ\u00e9tica, principalmente quando falamos em energias renov\u00e1veis. Toda a documenta\u00e7\u00e3o foi analisada com empenho e total rigor t\u00e9cnico pela nossa equipe da Divis\u00e3o de Energia (Digen). \u00c9 um empreendimento que cumpre os todos os requisitos necess\u00e1rios para a instala\u00e7\u00e3o\u201d, avalia Marjorie.<br><br>Reconhecida como uma das op\u00e7\u00f5es de gera\u00e7\u00e3o de energia mais importantes do ponto de vista ambiental, por ser uma fonte limpa e renov\u00e1vel, a energia solar est\u00e1 dispon\u00edvel em excelentes condi\u00e7\u00f5es naturais no Rio Grande do Sul, especialmente na regi\u00e3o escolhida para a instala\u00e7\u00e3o da usina.<\/p>\n\n\n\n<p>Conforme o diretor do Departamento de Energia da Secretaria Estadual do Meio Ambiente e Infraestrutura (Sema), Eberson Silveira, &#8220;essa usina solar, pioneira neste porte no Estado, \u00e9 um importante empreendimento concebido para operar no ambiente de gera\u00e7\u00e3o distribu\u00edda e ter\u00e1 investimentos aproximados de R$ 20 milh\u00f5es&#8221;.<br><br>Silveira explica que as microrregi\u00f5es da Campanha contam com as maiores incid\u00eancias de radia\u00e7\u00e3o solar e amplas \u00e1reas aptas para a instala\u00e7\u00e3o de pain\u00e9is solares. \u201cA usina de Uruguaiana ter\u00e1 pot\u00eancia de 5 MW distribu\u00eddos em 13.888 m\u00f3dulos fotovoltaicos, uma capacidade de produ\u00e7\u00e3o de energia que pode ser comparada ao que \u00e9 necess\u00e1rio para abastecer 3,6 mil resid\u00eancias\u201d, acrescenta.<\/p>\n\n\n\n<p>Al\u00e9m de produzir energia limpa, o empreendimento ser\u00e1 instalado em uma \u00e1rea j\u00e1 utilizada para plantio de arroz, o que diminui os impactos da sua instala\u00e7\u00e3o. <\/p>\n\n\n\n<p>O empreendedor ainda precisa da licen\u00e7a de opera\u00e7\u00e3o para iniciar a atividade.<br><br><strong>Tecnologia inovadora<\/strong><\/p>\n\n\n\n<p>O empreendimento utilizar\u00e1 o que h\u00e1 de mais moderno no mundo em termos de tecnologia. De acordo com o diretor de desenvolvimento de projetos na SolarGrid \u2013 Energia Solar, Diogo Zaverucha Pinheiro, a Usina Fotovoltaica de Uruguaiana I ser\u00e1 composta por m\u00f3dulos fotovoltaicos monocristalinos de 540 Wp com tecnologia bifacial, o que possibilita gera\u00e7\u00e3o de energia por meio da irradia\u00e7\u00e3o solar incidente tanto em sua face superior como inferior.<br><br>Al\u00e9m disso, ser\u00e3o utilizadas estruturas de suporte para os m\u00f3dulos fotovoltaicos do tipo tracker (rastreadores solares), que se movimentam durante o dia em rela\u00e7\u00e3o \u00e0 posi\u00e7\u00e3o do Sol. <\/p>\n\n\n\n<p>\u201cA combina\u00e7\u00e3o dessas duas tecnologias de ponta pode garantir um incremento de at\u00e9 40% na energia gerada pelo empreendimento\u201d, destaca o CEO da empresa, F\u00e1bio Baldez.<br><br>A usina, tanto na etapa de constru\u00e7\u00e3o quanto na de opera\u00e7\u00e3o, deve gerar cerca de 80 empregos diretos e indiretos.<\/p>\n","protected":false},"excerpt":{"rendered":"<p>A Funda\u00e7\u00e3o Estadual de Prote\u00e7\u00e3o Ambiental (Fepam) emitiu, na quarta-feira (31\/3), a primeira licen\u00e7a de instala\u00e7\u00e3o (LI) da hist\u00f3ria para um empreendimento de energia solar no Rio Grande do Sul. Com a autoriza\u00e7\u00e3o, a empresa mineira Solargrid Autogera\u00e7\u00e3o pode iniciar a constru\u00e7\u00e3o da Usina Fotovoltaica Uruguaiana I, para gerar energia a partir da luz do [&hellip;]<\/p>\n","protected":false},"author":8,"featured_media":81808,"comment_status":"open","ping_status":"open","sticky":false,"template":"","format":"standard","meta":{"pmpro_default_level":"","_jetpack_memberships_contains_paid_content":false,"footnotes":""},"categories":[2,3],"tags":[5303,6521],"class_list":{"0":"post-81806","1":"post","2":"type-post","3":"status-publish","4":"format-standard","5":"has-post-thumbnail","7":"category-featured","8":"category-geral","9":"tag-fepam","10":"tag-usina-de-energia-solar","11":"pmpro-has-access"},"yoast_head":"<!-- This site is optimized with the Yoast SEO plugin v27.5 - https:\/\/yoast.com\/product\/yoast-seo-wordpress\/ -->\n<title>Fepam emite licen\u00e7a de instala\u00e7\u00e3o para a primeira usina de energia solar do RS - Folha Popular<\/title>\n<meta name=\"robots\" content=\"index, follow, max-snippet:-1, max-image-preview:large, max-video-preview:-1\" \/>\n<link rel=\"canonical\" href=\"https:\/\/folhapopular.info\/index.php\/2021\/04\/05\/fepam-emite-licenca-de-instalacao-para-a-primeira-usina-de-energia-solar-do-rs\/\" \/>\n<meta property=\"og:locale\" content=\"pt_BR\" \/>\n<meta property=\"og:type\" content=\"article\" \/>\n<meta property=\"og:title\" content=\"Fepam emite licen\u00e7a de instala\u00e7\u00e3o para a primeira usina de energia solar do RS - Folha Popular\" \/>\n<meta property=\"og:description\" content=\"A Funda\u00e7\u00e3o Estadual de Prote\u00e7\u00e3o Ambiental (Fepam) emitiu, na quarta-feira (31\/3), a primeira licen\u00e7a de instala\u00e7\u00e3o (LI) da hist\u00f3ria para um empreendimento de energia solar no Rio Grande do Sul. Com a autoriza\u00e7\u00e3o, a empresa mineira Solargrid Autogera\u00e7\u00e3o pode iniciar a constru\u00e7\u00e3o da Usina Fotovoltaica Uruguaiana I, para gerar energia a partir da luz do [&hellip;]\" \/>\n<meta property=\"og:url\" content=\"https:\/\/folhapopular.info\/index.php\/2021\/04\/05\/fepam-emite-licenca-de-instalacao-para-a-primeira-usina-de-energia-solar-do-rs\/\" \/>\n<meta property=\"og:site_name\" content=\"Folha Popular\" \/>\n<meta property=\"article:published_time\" content=\"2021-04-05T10:59:27+00:00\" \/>\n<meta property=\"article:modified_time\" content=\"2021-04-05T10:59:32+00:00\" \/>\n<meta property=\"og:image\" content=\"https:\/\/folhapopular.info\/wp-content\/uploads\/2021\/04\/unnamed-96.jpg\" \/>\n\t<meta property=\"og:image:width\" content=\"800\" \/>\n\t<meta property=\"og:image:height\" content=\"450\" \/>\n\t<meta property=\"og:image:type\" content=\"image\/jpeg\" \/>\n<meta name=\"author\" content=\"Reda\u00e7\u00e3o Folha Popular\" \/>\n<meta name=\"twitter:card\" content=\"summary_large_image\" \/>\n<meta name=\"twitter:label1\" content=\"Escrito por\" \/>\n\t<meta name=\"twitter:data1\" content=\"Reda\u00e7\u00e3o Folha Popular\" \/>\n\t<meta name=\"twitter:label2\" content=\"Est. tempo de leitura\" \/>\n\t<meta name=\"twitter:data2\" content=\"3 minutos\" \/>\n<script type=\"application\/ld+json\" class=\"yoast-schema-graph\">{\"@context\":\"https:\\\/\\\/schema.org\",\"@graph\":[{\"@type\":\"Article\",\"@id\":\"https:\\\/\\\/folhapopular.info\\\/index.php\\\/2021\\\/04\\\/05\\\/fepam-emite-licenca-de-instalacao-para-a-primeira-usina-de-energia-solar-do-rs\\\/#article\",\"isPartOf\":{\"@id\":\"https:\\\/\\\/folhapopular.info\\\/index.php\\\/2021\\\/04\\\/05\\\/fepam-emite-licenca-de-instalacao-para-a-primeira-usina-de-energia-solar-do-rs\\\/\"},\"author\":{\"name\":\"Reda\u00e7\u00e3o Folha Popular\",\"@id\":\"https:\\\/\\\/folhapopular.info\\\/#\\\/schema\\\/person\\\/2814e8a0df7643585a9ca38bc6eb9d4b\"},\"headline\":\"Fepam emite licen\u00e7a de instala\u00e7\u00e3o para a primeira usina de energia solar do RS\",\"datePublished\":\"2021-04-05T10:59:27+00:00\",\"dateModified\":\"2021-04-05T10:59:32+00:00\",\"mainEntityOfPage\":{\"@id\":\"https:\\\/\\\/folhapopular.info\\\/index.php\\\/2021\\\/04\\\/05\\\/fepam-emite-licenca-de-instalacao-para-a-primeira-usina-de-energia-solar-do-rs\\\/\"},\"wordCount\":539,\"commentCount\":0,\"image\":{\"@id\":\"https:\\\/\\\/folhapopular.info\\\/index.php\\\/2021\\\/04\\\/05\\\/fepam-emite-licenca-de-instalacao-para-a-primeira-usina-de-energia-solar-do-rs\\\/#primaryimage\"},\"thumbnailUrl\":\"https:\\\/\\\/folhapopular.info\\\/wp-content\\\/uploads\\\/2021\\\/04\\\/unnamed-96.jpg\",\"keywords\":[\"Fepam\",\"Usina de energia solar\"],\"articleSection\":[\"Destaques\",\"Geral\"],\"inLanguage\":\"pt-BR\",\"potentialAction\":[{\"@type\":\"CommentAction\",\"name\":\"Comment\",\"target\":[\"https:\\\/\\\/folhapopular.info\\\/index.php\\\/2021\\\/04\\\/05\\\/fepam-emite-licenca-de-instalacao-para-a-primeira-usina-de-energia-solar-do-rs\\\/#respond\"]}]},{\"@type\":\"WebPage\",\"@id\":\"https:\\\/\\\/folhapopular.info\\\/index.php\\\/2021\\\/04\\\/05\\\/fepam-emite-licenca-de-instalacao-para-a-primeira-usina-de-energia-solar-do-rs\\\/\",\"url\":\"https:\\\/\\\/folhapopular.info\\\/index.php\\\/2021\\\/04\\\/05\\\/fepam-emite-licenca-de-instalacao-para-a-primeira-usina-de-energia-solar-do-rs\\\/\",\"name\":\"Fepam emite licen\u00e7a de instala\u00e7\u00e3o para a primeira usina de energia solar do RS - Folha Popular\",\"isPartOf\":{\"@id\":\"https:\\\/\\\/folhapopular.info\\\/#website\"},\"primaryImageOfPage\":{\"@id\":\"https:\\\/\\\/folhapopular.info\\\/index.php\\\/2021\\\/04\\\/05\\\/fepam-emite-licenca-de-instalacao-para-a-primeira-usina-de-energia-solar-do-rs\\\/#primaryimage\"},\"image\":{\"@id\":\"https:\\\/\\\/folhapopular.info\\\/index.php\\\/2021\\\/04\\\/05\\\/fepam-emite-licenca-de-instalacao-para-a-primeira-usina-de-energia-solar-do-rs\\\/#primaryimage\"},\"thumbnailUrl\":\"https:\\\/\\\/folhapopular.info\\\/wp-content\\\/uploads\\\/2021\\\/04\\\/unnamed-96.jpg\",\"datePublished\":\"2021-04-05T10:59:27+00:00\",\"dateModified\":\"2021-04-05T10:59:32+00:00\",\"author\":{\"@id\":\"https:\\\/\\\/folhapopular.info\\\/#\\\/schema\\\/person\\\/2814e8a0df7643585a9ca38bc6eb9d4b\"},\"breadcrumb\":{\"@id\":\"https:\\\/\\\/folhapopular.info\\\/index.php\\\/2021\\\/04\\\/05\\\/fepam-emite-licenca-de-instalacao-para-a-primeira-usina-de-energia-solar-do-rs\\\/#breadcrumb\"},\"inLanguage\":\"pt-BR\",\"potentialAction\":[{\"@type\":\"ReadAction\",\"target\":[\"https:\\\/\\\/folhapopular.info\\\/index.php\\\/2021\\\/04\\\/05\\\/fepam-emite-licenca-de-instalacao-para-a-primeira-usina-de-energia-solar-do-rs\\\/\"]}]},{\"@type\":\"ImageObject\",\"inLanguage\":\"pt-BR\",\"@id\":\"https:\\\/\\\/folhapopular.info\\\/index.php\\\/2021\\\/04\\\/05\\\/fepam-emite-licenca-de-instalacao-para-a-primeira-usina-de-energia-solar-do-rs\\\/#primaryimage\",\"url\":\"https:\\\/\\\/folhapopular.info\\\/wp-content\\\/uploads\\\/2021\\\/04\\\/unnamed-96.jpg\",\"contentUrl\":\"https:\\\/\\\/folhapopular.info\\\/wp-content\\\/uploads\\\/2021\\\/04\\\/unnamed-96.jpg\",\"width\":800,\"height\":450,\"caption\":\"Cr\u00e9dito da foto: Divulga\u00e7\u00e3o\"},{\"@type\":\"BreadcrumbList\",\"@id\":\"https:\\\/\\\/folhapopular.info\\\/index.php\\\/2021\\\/04\\\/05\\\/fepam-emite-licenca-de-instalacao-para-a-primeira-usina-de-energia-solar-do-rs\\\/#breadcrumb\",\"itemListElement\":[{\"@type\":\"ListItem\",\"position\":1,\"name\":\"In\u00edcio\",\"item\":\"https:\\\/\\\/folhapopular.info\\\/\"},{\"@type\":\"ListItem\",\"position\":2,\"name\":\"Fepam emite licen\u00e7a de instala\u00e7\u00e3o para a primeira usina de energia solar do RS\"}]},{\"@type\":\"WebSite\",\"@id\":\"https:\\\/\\\/folhapopular.info\\\/#website\",\"url\":\"https:\\\/\\\/folhapopular.info\\\/\",\"name\":\"Folha Popular\",\"description\":\"Onde voc\u00ea tem vez e voz\",\"potentialAction\":[{\"@type\":\"SearchAction\",\"target\":{\"@type\":\"EntryPoint\",\"urlTemplate\":\"https:\\\/\\\/folhapopular.info\\\/?s={search_term_string}\"},\"query-input\":{\"@type\":\"PropertyValueSpecification\",\"valueRequired\":true,\"valueName\":\"search_term_string\"}}],\"inLanguage\":\"pt-BR\"},{\"@type\":\"Person\",\"@id\":\"https:\\\/\\\/folhapopular.info\\\/#\\\/schema\\\/person\\\/2814e8a0df7643585a9ca38bc6eb9d4b\",\"name\":\"Reda\u00e7\u00e3o Folha Popular\",\"image\":{\"@type\":\"ImageObject\",\"inLanguage\":\"pt-BR\",\"@id\":\"https:\\\/\\\/folhapopular.info\\\/wp-content\\\/uploads\\\/2026\\\/04\\\/Folha-1.webp\",\"url\":\"https:\\\/\\\/folhapopular.info\\\/wp-content\\\/uploads\\\/2026\\\/04\\\/Folha-1.webp\",\"contentUrl\":\"https:\\\/\\\/folhapopular.info\\\/wp-content\\\/uploads\\\/2026\\\/04\\\/Folha-1.webp\",\"caption\":\"Reda\u00e7\u00e3o Folha Popular\"},\"url\":\"https:\\\/\\\/folhapopular.info\\\/index.php\\\/author\\\/redacao\\\/\"}]}<\/script>\n<!-- \/ Yoast SEO plugin. -->","yoast_head_json":{"title":"Fepam emite licen\u00e7a de instala\u00e7\u00e3o para a primeira usina de energia solar do RS - Folha Popular","robots":{"index":"index","follow":"follow","max-snippet":"max-snippet:-1","max-image-preview":"max-image-preview:large","max-video-preview":"max-video-preview:-1"},"canonical":"https:\/\/folhapopular.info\/index.php\/2021\/04\/05\/fepam-emite-licenca-de-instalacao-para-a-primeira-usina-de-energia-solar-do-rs\/","og_locale":"pt_BR","og_type":"article","og_title":"Fepam emite licen\u00e7a de instala\u00e7\u00e3o para a primeira usina de energia solar do RS - Folha Popular","og_description":"A Funda\u00e7\u00e3o Estadual de Prote\u00e7\u00e3o Ambiental (Fepam) emitiu, na quarta-feira (31\/3), a primeira licen\u00e7a de instala\u00e7\u00e3o (LI) da hist\u00f3ria para um empreendimento de energia solar no Rio Grande do Sul. Com a autoriza\u00e7\u00e3o, a empresa mineira Solargrid Autogera\u00e7\u00e3o pode iniciar a constru\u00e7\u00e3o da Usina Fotovoltaica Uruguaiana I, para gerar energia a partir da luz do [&hellip;]","og_url":"https:\/\/folhapopular.info\/index.php\/2021\/04\/05\/fepam-emite-licenca-de-instalacao-para-a-primeira-usina-de-energia-solar-do-rs\/","og_site_name":"Folha Popular","article_published_time":"2021-04-05T10:59:27+00:00","article_modified_time":"2021-04-05T10:59:32+00:00","og_image":[{"width":800,"height":450,"url":"https:\/\/folhapopular.info\/wp-content\/uploads\/2021\/04\/unnamed-96.jpg","type":"image\/jpeg"}],"author":"Reda\u00e7\u00e3o Folha Popular","twitter_card":"summary_large_image","twitter_misc":{"Escrito por":"Reda\u00e7\u00e3o Folha Popular","Est. tempo de leitura":"3 minutos"},"schema":{"@context":"https:\/\/schema.org","@graph":[{"@type":"Article","@id":"https:\/\/folhapopular.info\/index.php\/2021\/04\/05\/fepam-emite-licenca-de-instalacao-para-a-primeira-usina-de-energia-solar-do-rs\/#article","isPartOf":{"@id":"https:\/\/folhapopular.info\/index.php\/2021\/04\/05\/fepam-emite-licenca-de-instalacao-para-a-primeira-usina-de-energia-solar-do-rs\/"},"author":{"name":"Reda\u00e7\u00e3o Folha Popular","@id":"https:\/\/folhapopular.info\/#\/schema\/person\/2814e8a0df7643585a9ca38bc6eb9d4b"},"headline":"Fepam emite licen\u00e7a de instala\u00e7\u00e3o para a primeira usina de energia solar do RS","datePublished":"2021-04-05T10:59:27+00:00","dateModified":"2021-04-05T10:59:32+00:00","mainEntityOfPage":{"@id":"https:\/\/folhapopular.info\/index.php\/2021\/04\/05\/fepam-emite-licenca-de-instalacao-para-a-primeira-usina-de-energia-solar-do-rs\/"},"wordCount":539,"commentCount":0,"image":{"@id":"https:\/\/folhapopular.info\/index.php\/2021\/04\/05\/fepam-emite-licenca-de-instalacao-para-a-primeira-usina-de-energia-solar-do-rs\/#primaryimage"},"thumbnailUrl":"https:\/\/folhapopular.info\/wp-content\/uploads\/2021\/04\/unnamed-96.jpg","keywords":["Fepam","Usina de energia solar"],"articleSection":["Destaques","Geral"],"inLanguage":"pt-BR","potentialAction":[{"@type":"CommentAction","name":"Comment","target":["https:\/\/folhapopular.info\/index.php\/2021\/04\/05\/fepam-emite-licenca-de-instalacao-para-a-primeira-usina-de-energia-solar-do-rs\/#respond"]}]},{"@type":"WebPage","@id":"https:\/\/folhapopular.info\/index.php\/2021\/04\/05\/fepam-emite-licenca-de-instalacao-para-a-primeira-usina-de-energia-solar-do-rs\/","url":"https:\/\/folhapopular.info\/index.php\/2021\/04\/05\/fepam-emite-licenca-de-instalacao-para-a-primeira-usina-de-energia-solar-do-rs\/","name":"Fepam emite licen\u00e7a de instala\u00e7\u00e3o para a primeira usina de energia solar do RS - Folha Popular","isPartOf":{"@id":"https:\/\/folhapopular.info\/#website"},"primaryImageOfPage":{"@id":"https:\/\/folhapopular.info\/index.php\/2021\/04\/05\/fepam-emite-licenca-de-instalacao-para-a-primeira-usina-de-energia-solar-do-rs\/#primaryimage"},"image":{"@id":"https:\/\/folhapopular.info\/index.php\/2021\/04\/05\/fepam-emite-licenca-de-instalacao-para-a-primeira-usina-de-energia-solar-do-rs\/#primaryimage"},"thumbnailUrl":"https:\/\/folhapopular.info\/wp-content\/uploads\/2021\/04\/unnamed-96.jpg","datePublished":"2021-04-05T10:59:27+00:00","dateModified":"2021-04-05T10:59:32+00:00","author":{"@id":"https:\/\/folhapopular.info\/#\/schema\/person\/2814e8a0df7643585a9ca38bc6eb9d4b"},"breadcrumb":{"@id":"https:\/\/folhapopular.info\/index.php\/2021\/04\/05\/fepam-emite-licenca-de-instalacao-para-a-primeira-usina-de-energia-solar-do-rs\/#breadcrumb"},"inLanguage":"pt-BR","potentialAction":[{"@type":"ReadAction","target":["https:\/\/folhapopular.info\/index.php\/2021\/04\/05\/fepam-emite-licenca-de-instalacao-para-a-primeira-usina-de-energia-solar-do-rs\/"]}]},{"@type":"ImageObject","inLanguage":"pt-BR","@id":"https:\/\/folhapopular.info\/index.php\/2021\/04\/05\/fepam-emite-licenca-de-instalacao-para-a-primeira-usina-de-energia-solar-do-rs\/#primaryimage","url":"https:\/\/folhapopular.info\/wp-content\/uploads\/2021\/04\/unnamed-96.jpg","contentUrl":"https:\/\/folhapopular.info\/wp-content\/uploads\/2021\/04\/unnamed-96.jpg","width":800,"height":450,"caption":"Cr\u00e9dito da foto: Divulga\u00e7\u00e3o"},{"@type":"BreadcrumbList","@id":"https:\/\/folhapopular.info\/index.php\/2021\/04\/05\/fepam-emite-licenca-de-instalacao-para-a-primeira-usina-de-energia-solar-do-rs\/#breadcrumb","itemListElement":[{"@type":"ListItem","position":1,"name":"In\u00edcio","item":"https:\/\/folhapopular.info\/"},{"@type":"ListItem","position":2,"name":"Fepam emite licen\u00e7a de instala\u00e7\u00e3o para a primeira usina de energia solar do RS"}]},{"@type":"WebSite","@id":"https:\/\/folhapopular.info\/#website","url":"https:\/\/folhapopular.info\/","name":"Folha Popular","description":"Onde voc\u00ea tem vez e voz","potentialAction":[{"@type":"SearchAction","target":{"@type":"EntryPoint","urlTemplate":"https:\/\/folhapopular.info\/?s={search_term_string}"},"query-input":{"@type":"PropertyValueSpecification","valueRequired":true,"valueName":"search_term_string"}}],"inLanguage":"pt-BR"},{"@type":"Person","@id":"https:\/\/folhapopular.info\/#\/schema\/person\/2814e8a0df7643585a9ca38bc6eb9d4b","name":"Reda\u00e7\u00e3o Folha Popular","image":{"@type":"ImageObject","inLanguage":"pt-BR","@id":"https:\/\/folhapopular.info\/wp-content\/uploads\/2026\/04\/Folha-1.webp","url":"https:\/\/folhapopular.info\/wp-content\/uploads\/2026\/04\/Folha-1.webp","contentUrl":"https:\/\/folhapopular.info\/wp-content\/uploads\/2026\/04\/Folha-1.webp","caption":"Reda\u00e7\u00e3o Folha Popular"},"url":"https:\/\/folhapopular.info\/index.php\/author\/redacao\/"}]}},"jetpack_featured_media_url":"https:\/\/folhapopular.info\/wp-content\/uploads\/2021\/04\/unnamed-96.jpg","jetpack_sharing_enabled":true,"amp_enabled":true,"_links":{"self":[{"href":"https:\/\/folhapopular.info\/index.php\/wp-json\/wp\/v2\/posts\/81806","targetHints":{"allow":["GET"]}}],"collection":[{"href":"https:\/\/folhapopular.info\/index.php\/wp-json\/wp\/v2\/posts"}],"about":[{"href":"https:\/\/folhapopular.info\/index.php\/wp-json\/wp\/v2\/types\/post"}],"author":[{"embeddable":true,"href":"https:\/\/folhapopular.info\/index.php\/wp-json\/wp\/v2\/users\/8"}],"replies":[{"embeddable":true,"href":"https:\/\/folhapopular.info\/index.php\/wp-json\/wp\/v2\/comments?post=81806"}],"version-history":[{"count":0,"href":"https:\/\/folhapopular.info\/index.php\/wp-json\/wp\/v2\/posts\/81806\/revisions"}],"wp:featuredmedia":[{"embeddable":true,"href":"https:\/\/folhapopular.info\/index.php\/wp-json\/wp\/v2\/media\/81808"}],"wp:attachment":[{"href":"https:\/\/folhapopular.info\/index.php\/wp-json\/wp\/v2\/media?parent=81806"}],"wp:term":[{"taxonomy":"category","embeddable":true,"href":"https:\/\/folhapopular.info\/index.php\/wp-json\/wp\/v2\/categories?post=81806"},{"taxonomy":"post_tag","embeddable":true,"href":"https:\/\/folhapopular.info\/index.php\/wp-json\/wp\/v2\/tags?post=81806"}],"curies":[{"name":"wp","href":"https:\/\/api.w.org\/{rel}","templated":true}]}}