{"id":82186,"date":"2021-04-15T12:17:15","date_gmt":"2021-04-15T15:17:15","guid":{"rendered":"https:\/\/folhapopular.info\/?p=82186"},"modified":"2021-04-15T12:17:33","modified_gmt":"2021-04-15T15:17:33","slug":"prefeitura-de-lajeado-inaugura-centro-de-referencia-vestirser-para-doacoes-de-roupa-e-oficinas-de-costura","status":"publish","type":"post","link":"https:\/\/folhapopular.info\/index.php\/2021\/04\/15\/prefeitura-de-lajeado-inaugura-centro-de-referencia-vestirser-para-doacoes-de-roupa-e-oficinas-de-costura\/","title":{"rendered":"Prefeitura de Lajeado inaugura Centro de Refer\u00eancia Vestir&#038;Ser para doa\u00e7\u00f5es de roupa e oficinas de costura"},"content":{"rendered":"\n<p>Ap\u00f3s um per\u00edodo de organiza\u00e7\u00e3o, o Centro de Refer\u00eancia\u00a0Vestir&amp;Ser, setor de responsabilidade da Secretaria do Desenvolvimento Social de Lajeado (antiga Secretaria do Trabalho, Habita\u00e7\u00e3o e Assist\u00eancia Social), abriu as portas nesta quinta-feira (15\/4). <\/p>\n\n\n\n<p>O novo espa\u00e7o \u00e9 destinado a receber, selecionar e customizar as pe\u00e7as de vestu\u00e1rio doadas pela comunidade para que sejam depois destinadas \u00e0s\u00a0fam\u00edlias em situa\u00e7\u00e3o de vulnerabilidade social.\u00a0<\/p>\n\n\n\n<p>O Centro de Refer\u00eancia Vestir&amp;Ser come\u00e7ou a ser preparado pela assist\u00eancia social do munic\u00edpio em 2020, logo ap\u00f3s a enchente hist\u00f3rica que atingiu o munic\u00edpio em julho, quando milhares de pe\u00e7as de roupas e cal\u00e7ados foram doados pela comunidade regional \u00e0s fam\u00edlias que perderam seus pertences na cheia. <\/p>\n\n\n\n<p>A partir de ent\u00e3o, foi iniciada a sele\u00e7\u00e3o das pe\u00e7as de roupa em boas condi\u00e7\u00f5es e que poderiam ser repassadas a quem necessitasse. Ap\u00f3s a sele\u00e7\u00e3o, foi feita a lavagem e a organiza\u00e7\u00e3o de todas as pe\u00e7as em gavetas e prateleiras. <\/p>\n\n\n\n<figure class=\"wp-block-gallery columns-2 is-cropped wp-block-gallery-1 is-layout-flex wp-block-gallery-is-layout-flex\"><ul class=\"blocks-gallery-grid\"><li class=\"blocks-gallery-item\"><figure><img loading=\"lazy\" decoding=\"async\" width=\"1024\" height=\"682\" src=\"https:\/\/folhapopular.info\/wp-content\/uploads\/2021\/04\/Espaco-para-oficina-Foto-Maiara-Rovea-1024x682.jpg\" alt=\"\" data-id=\"82187\" data-link=\"https:\/\/folhapopular.info\/?attachment_id=82187\" class=\"wp-image-82187\" srcset=\"https:\/\/folhapopular.info\/wp-content\/uploads\/2021\/04\/Espaco-para-oficina-Foto-Maiara-Rovea-1024x682.jpg 1024w, https:\/\/folhapopular.info\/wp-content\/uploads\/2021\/04\/Espaco-para-oficina-Foto-Maiara-Rovea-300x200.jpg 300w, https:\/\/folhapopular.info\/wp-content\/uploads\/2021\/04\/Espaco-para-oficina-Foto-Maiara-Rovea-768x512.jpg 768w, https:\/\/folhapopular.info\/wp-content\/uploads\/2021\/04\/Espaco-para-oficina-Foto-Maiara-Rovea-1536x1024.jpg 1536w, https:\/\/folhapopular.info\/wp-content\/uploads\/2021\/04\/Espaco-para-oficina-Foto-Maiara-Rovea-696x464.jpg 696w, https:\/\/folhapopular.info\/wp-content\/uploads\/2021\/04\/Espaco-para-oficina-Foto-Maiara-Rovea-1068x712.jpg 1068w, https:\/\/folhapopular.info\/wp-content\/uploads\/2021\/04\/Espaco-para-oficina-Foto-Maiara-Rovea-1920x1280.jpg 1920w, https:\/\/folhapopular.info\/wp-content\/uploads\/2021\/04\/Espaco-para-oficina-Foto-Maiara-Rovea-128x85.jpg 128w, https:\/\/folhapopular.info\/wp-content\/uploads\/2021\/04\/Espaco-para-oficina-Foto-Maiara-Rovea-32x21.jpg 32w, https:\/\/folhapopular.info\/wp-content\/uploads\/2021\/04\/Espaco-para-oficina-Foto-Maiara-Rovea.jpg 2000w\" sizes=\"auto, (max-width: 1024px) 100vw, 1024px\" \/><figcaption class=\"blocks-gallery-item__caption\">Espa\u00e7o para oficina<\/figcaption><\/figure><\/li><li class=\"blocks-gallery-item\"><figure><img loading=\"lazy\" decoding=\"async\" width=\"1024\" height=\"768\" src=\"https:\/\/folhapopular.info\/wp-content\/uploads\/2021\/04\/Fachada-1024x768.jpg\" alt=\"\" data-id=\"82188\" data-full-url=\"https:\/\/folhapopular.info\/wp-content\/uploads\/2021\/04\/Fachada.jpg\" data-link=\"https:\/\/folhapopular.info\/?attachment_id=82188\" class=\"wp-image-82188\" srcset=\"https:\/\/folhapopular.info\/wp-content\/uploads\/2021\/04\/Fachada-1024x768.jpg 1024w, https:\/\/folhapopular.info\/wp-content\/uploads\/2021\/04\/Fachada-300x225.jpg 300w, https:\/\/folhapopular.info\/wp-content\/uploads\/2021\/04\/Fachada-768x576.jpg 768w, https:\/\/folhapopular.info\/wp-content\/uploads\/2021\/04\/Fachada-1536x1152.jpg 1536w, https:\/\/folhapopular.info\/wp-content\/uploads\/2021\/04\/Fachada-696x522.jpg 696w, https:\/\/folhapopular.info\/wp-content\/uploads\/2021\/04\/Fachada-1068x801.jpg 1068w, https:\/\/folhapopular.info\/wp-content\/uploads\/2021\/04\/Fachada-1920x1440.jpg 1920w, https:\/\/folhapopular.info\/wp-content\/uploads\/2021\/04\/Fachada-128x96.jpg 128w, https:\/\/folhapopular.info\/wp-content\/uploads\/2021\/04\/Fachada-32x24.jpg 32w, https:\/\/folhapopular.info\/wp-content\/uploads\/2021\/04\/Fachada.jpg 2000w\" sizes=\"auto, (max-width: 1024px) 100vw, 1024px\" \/><figcaption class=\"blocks-gallery-item__caption\">Fachada<\/figcaption><\/figure><\/li><\/ul><figcaption class=\"blocks-gallery-caption\">Cr\u00e9dito das fotos: Maiara Rov\u00eaa \/ Divulga\u00e7\u00e3o<\/figcaption><\/figure>\n\n\n\n<p>O espa\u00e7o ser\u00e1\u00a0mais um equipamento da Pol\u00edtica P\u00fablica de Assist\u00eancia Social e ter\u00e1 como objetivo acolher e atender pessoas que necessitem adquirir roupas, cal\u00e7ados e acess\u00f3rios para seu uso pr\u00f3prio e para sua fam\u00edlia. <\/p>\n\n\n\n<p>Al\u00e9m disso, ir\u00e1 oferecer cursos de costura e customiza\u00e7\u00e3o \u00e0s pessoas atendidas nos Centros\u00a0Refer\u00eancia de Assist\u00eancia Social (CRAS) de Lajeado.<\/p>\n\n\n\n<p>Segundo a coordenadora do CRAS Espa\u00e7o da Cidadania, F\u00e1tima Luciane Machado, cerca de 95% das roupas e cal\u00e7ados que estar\u00e3o dispon\u00edveis para retirada s\u00e3o oriundos das doa\u00e7\u00f5es feitas durante a enchente.&nbsp;<\/p>\n\n\n\n<p>&#8211; O espa\u00e7o foi desenvolvido com todo carinho e cuidado para a popula\u00e7\u00e3o em vulnerabilidade social. N\u00f3s lavamos e separamos todas as pe\u00e7as, e descartamos apenas roupas sem reais condi\u00e7\u00f5es de uso &#8211; explicou F\u00e1tima.<\/p>\n\n\n\n<p>A titular da Secretaria, C\u00e9ci Maria Rodrigues Gerlach, explica que o Centro de Refer\u00eancia ter\u00e1 um sistema de funcionamento aprimorado e qualificado.<\/p>\n\n\n\n<p>&#8211; Ofereceremos um atendimento em que o recebimento, a sele\u00e7\u00e3o e a escolha do que se quer dar ou receber passar\u00e1 pelo crit\u00e9rio da solidariedade mas tamb\u00e9m pela responsabilidade de todos os envolvidos.\u00a0A cultura do doar tem um outro lado. Queremos praticar o bom sentimento de solidariedade para com o outro, mas muitas vezes\u00a0 apenas nos desfazermos do que n\u00e3o mais nos serve sem nos darmos sobre a real necessidade e possibilidade de uso. Por isso, queremos com este espa\u00e7o tamb\u00e9m ajudar a construir esta mentalidade de que a doa\u00e7\u00e3o n\u00e3o \u00e9 daquilo que n\u00e3o nos serve, mas daquilo que poder\u00e1 ser \u00fatil e estar bom para uso de quem precisa &#8211; falou C\u00e9ci.<\/p>\n\n\n\n<p>Para organizar o ambiente foram feitos gaveteiros com etiquetas que indicam as pe\u00e7as dispon\u00edveis, prateleiras organizadas com roupas femininas, masculinas e infantis e um ambiente para recep\u00e7\u00e3o. Al\u00e9m disso, um espelho e um banheiro est\u00e3o dispon\u00edveis para quem quiser provar as roupas, auxiliando na escolha das pe\u00e7as.<\/p>\n\n\n\n<figure class=\"wp-block-gallery columns-2 is-cropped wp-block-gallery-2 is-layout-flex wp-block-gallery-is-layout-flex\"><ul class=\"blocks-gallery-grid\"><li class=\"blocks-gallery-item\"><figure><img loading=\"lazy\" decoding=\"async\" width=\"1024\" height=\"741\" src=\"https:\/\/folhapopular.info\/wp-content\/uploads\/2021\/04\/Fatima-Glaucia-e-Marcelo-Foto-Maiara-Rovea-1024x741.jpg\" alt=\"\" data-id=\"82189\" data-link=\"https:\/\/folhapopular.info\/?attachment_id=82189\" class=\"wp-image-82189\" srcset=\"https:\/\/folhapopular.info\/wp-content\/uploads\/2021\/04\/Fatima-Glaucia-e-Marcelo-Foto-Maiara-Rovea-1024x741.jpg 1024w, https:\/\/folhapopular.info\/wp-content\/uploads\/2021\/04\/Fatima-Glaucia-e-Marcelo-Foto-Maiara-Rovea-300x217.jpg 300w, https:\/\/folhapopular.info\/wp-content\/uploads\/2021\/04\/Fatima-Glaucia-e-Marcelo-Foto-Maiara-Rovea-768x556.jpg 768w, https:\/\/folhapopular.info\/wp-content\/uploads\/2021\/04\/Fatima-Glaucia-e-Marcelo-Foto-Maiara-Rovea-1536x1111.jpg 1536w, https:\/\/folhapopular.info\/wp-content\/uploads\/2021\/04\/Fatima-Glaucia-e-Marcelo-Foto-Maiara-Rovea-696x504.jpg 696w, https:\/\/folhapopular.info\/wp-content\/uploads\/2021\/04\/Fatima-Glaucia-e-Marcelo-Foto-Maiara-Rovea-1068x773.jpg 1068w, https:\/\/folhapopular.info\/wp-content\/uploads\/2021\/04\/Fatima-Glaucia-e-Marcelo-Foto-Maiara-Rovea-1920x1389.jpg 1920w, https:\/\/folhapopular.info\/wp-content\/uploads\/2021\/04\/Fatima-Glaucia-e-Marcelo-Foto-Maiara-Rovea-128x93.jpg 128w, https:\/\/folhapopular.info\/wp-content\/uploads\/2021\/04\/Fatima-Glaucia-e-Marcelo-Foto-Maiara-Rovea-32x23.jpg 32w, https:\/\/folhapopular.info\/wp-content\/uploads\/2021\/04\/Fatima-Glaucia-e-Marcelo-Foto-Maiara-Rovea.jpg 2000w\" sizes=\"auto, (max-width: 1024px) 100vw, 1024px\" \/><figcaption class=\"blocks-gallery-item__caption\">F\u00e1tima, Gl\u00e1ucia e Marcelo<\/figcaption><\/figure><\/li><li class=\"blocks-gallery-item\"><figure><img loading=\"lazy\" decoding=\"async\" width=\"1024\" height=\"768\" src=\"https:\/\/folhapopular.info\/wp-content\/uploads\/2021\/04\/Marcelo-e-Glaucia-conhecendo-o-local-Foto-Maiara-Rovea-1024x768.jpg\" alt=\"\" data-id=\"82190\" data-full-url=\"https:\/\/folhapopular.info\/wp-content\/uploads\/2021\/04\/Marcelo-e-Glaucia-conhecendo-o-local-Foto-Maiara-Rovea.jpg\" data-link=\"https:\/\/folhapopular.info\/?attachment_id=82190\" class=\"wp-image-82190\" srcset=\"https:\/\/folhapopular.info\/wp-content\/uploads\/2021\/04\/Marcelo-e-Glaucia-conhecendo-o-local-Foto-Maiara-Rovea-1024x768.jpg 1024w, https:\/\/folhapopular.info\/wp-content\/uploads\/2021\/04\/Marcelo-e-Glaucia-conhecendo-o-local-Foto-Maiara-Rovea-300x225.jpg 300w, https:\/\/folhapopular.info\/wp-content\/uploads\/2021\/04\/Marcelo-e-Glaucia-conhecendo-o-local-Foto-Maiara-Rovea-768x576.jpg 768w, https:\/\/folhapopular.info\/wp-content\/uploads\/2021\/04\/Marcelo-e-Glaucia-conhecendo-o-local-Foto-Maiara-Rovea-1536x1152.jpg 1536w, https:\/\/folhapopular.info\/wp-content\/uploads\/2021\/04\/Marcelo-e-Glaucia-conhecendo-o-local-Foto-Maiara-Rovea-696x522.jpg 696w, https:\/\/folhapopular.info\/wp-content\/uploads\/2021\/04\/Marcelo-e-Glaucia-conhecendo-o-local-Foto-Maiara-Rovea-1068x801.jpg 1068w, https:\/\/folhapopular.info\/wp-content\/uploads\/2021\/04\/Marcelo-e-Glaucia-conhecendo-o-local-Foto-Maiara-Rovea-1920x1440.jpg 1920w, https:\/\/folhapopular.info\/wp-content\/uploads\/2021\/04\/Marcelo-e-Glaucia-conhecendo-o-local-Foto-Maiara-Rovea-128x96.jpg 128w, https:\/\/folhapopular.info\/wp-content\/uploads\/2021\/04\/Marcelo-e-Glaucia-conhecendo-o-local-Foto-Maiara-Rovea-32x24.jpg 32w, https:\/\/folhapopular.info\/wp-content\/uploads\/2021\/04\/Marcelo-e-Glaucia-conhecendo-o-local-Foto-Maiara-Rovea.jpg 2000w\" sizes=\"auto, (max-width: 1024px) 100vw, 1024px\" \/><figcaption class=\"blocks-gallery-item__caption\">Marcelo e Gl\u00e1ucia conhecendo o local<\/figcaption><\/figure><\/li><\/ul><figcaption class=\"blocks-gallery-caption\">Cr\u00e9dito das fotos: Maiara Rov\u00eaa \/ Divulga\u00e7\u00e3o <\/figcaption><\/figure>\n\n\n\n<p>A primeira pessoa a utilizar o novo espa\u00e7o foi Ana Let\u00edcia de Souza, moradora da Vila dos Papeleiros, que foi at\u00e9 o\u00a0Centro de Refer\u00eancia rec\u00e9m inaugurado.<\/p>\n\n\n\n<p>&#8211; Eu vim \u00e0 procura de roupas para minha filha e para o meu neto, e me surpreendeu porque as roupas est\u00e3o todas boas e inteiras. O lugar tamb\u00e9m superou minhas expectativas, porque \u00e9 bem amplo e organizado. Est\u00e3o todos de parab\u00e9ns &#8211; falou Ana Let\u00edcia.\u00a0<\/p>\n\n\n\n<p>O prefeito Marcelo Caumo e a vice-prefeita, Gl\u00e1ucia&nbsp;Schumacher, estiveram presentes na inaugura\u00e7\u00e3o do local e elogiaram o trabalho feito pela Assist\u00eancia Social em conjunto com a comunidade.<\/p>\n\n\n\n<p>&#8211; \u00c9 uma emo\u00e7\u00e3o muito grande conhecer este local e poder entregar este espa\u00e7o \u00e0 comunidade. \u00c9 uma forma de agradecer a todas as pessoas que, mesmo em um momento t\u00e3o dif\u00edcil como a enchente, esteve presente e auxiliou em todas as necessidades &#8211; disse Caumo.&nbsp;<\/p>\n\n\n\n<p><strong>COMO FUNCIONAR\u00c1 O CENTRO DE REFER\u00caNCIA VESTIR&amp;SER<\/strong><\/p>\n\n\n\n<p><strong>Endere\u00e7o:<\/strong> Rua Borges de Medeiros, 550 &#8211; Bairro Centro<\/p>\n\n\n\n<p><strong>Hor\u00e1rio de funcionamento:<\/strong>\u00a0Segunda a quinta-feira: das 8h \u00e0s 11h30 e das 13h30 \u00e0s 16h45. Sexta-feira: das 8h \u00e0s 14h (sem fechar ao meio-dia) <\/p>\n\n\n\n<p><strong>O que est\u00e1 dispon\u00edvel (tanto para doar quanto para receber):<\/strong> roupas (masculinas, femininas e infantis), cal\u00e7ados, meias, cobertores, roupas de cama, brinquedos e acess\u00f3rios<\/p>\n\n\n\n<p><strong>O atendimento ter\u00e1 hor\u00e1rios espec\u00edficos:<\/strong><\/p>\n\n\n\n<p>&#8211; Recebimento de doa\u00e7\u00f5es por parte da comunidade: apenas nas sextas-feiras, das 8h \u00e0s 14h. As pe\u00e7as a serem doadas ser\u00e3o selecionadas de modo que apenas aquelas em boas condi\u00e7\u00f5es fiquem no local. N\u00e3o ser\u00e3o aceitas pe\u00e7as ou materiais estragados e sem condi\u00e7\u00f5es de uso.<\/p>\n\n\n\n<p>&#8211; Retirada de pe\u00e7as por parte de fam\u00edlias em situa\u00e7\u00e3o de vulnerabilidade social: apenas nas quartas-feiras, das 8h \u00e0s 11h30.&nbsp;Para ter direito a receber pe\u00e7as, as fam\u00edlias interessadas dever\u00e3o buscar por um primeiro atendimento no CRAS para receber um comprovante que d\u00e1 direito ao recebimento.<\/p>\n\n\n\n<p>&#8211; Segundas, ter\u00e7as e quintas-feiras ficar\u00e3o reservadas para oficinas de costura e customiza\u00e7\u00e3o oferecidas \u00e0s fam\u00edlias acompanhadas nos servi\u00e7os da assist\u00eancia social. Al\u00e9m disso, durante a semana tamb\u00e9m ser\u00e1 feita a organiza\u00e7\u00e3o e lavagem das pe\u00e7as.<\/p>\n","protected":false},"excerpt":{"rendered":"<p>Ap\u00f3s um per\u00edodo de organiza\u00e7\u00e3o, o Centro de Refer\u00eancia\u00a0Vestir&amp;Ser, setor de responsabilidade da Secretaria do Desenvolvimento Social de Lajeado (antiga Secretaria do Trabalho, Habita\u00e7\u00e3o e Assist\u00eancia Social), abriu as portas nesta quinta-feira (15\/4). O novo espa\u00e7o \u00e9 destinado a receber, selecionar e customizar as pe\u00e7as de vestu\u00e1rio doadas pela comunidade para que sejam depois destinadas [&hellip;]<\/p>\n","protected":false},"author":8,"featured_media":82191,"comment_status":"open","ping_status":"open","sticky":false,"template":"","format":"standard","meta":{"pmpro_default_level":"","_jetpack_memberships_contains_paid_content":false,"footnotes":""},"categories":[2,3],"tags":[6541,222,27],"class_list":{"0":"post-82186","1":"post","2":"type-post","3":"status-publish","4":"format-standard","5":"has-post-thumbnail","7":"category-featured","8":"category-geral","9":"tag-centro-de-referencia-vestirser","10":"tag-doacoes","11":"tag-lajeado","12":"pmpro-has-access"},"yoast_head":"<!-- This site is optimized with the Yoast SEO plugin v27.5 - https:\/\/yoast.com\/product\/yoast-seo-wordpress\/ -->\n<title>Prefeitura de Lajeado inaugura Centro de Refer\u00eancia Vestir&amp;Ser para doa\u00e7\u00f5es de roupa e oficinas de costura - Folha Popular<\/title>\n<meta name=\"robots\" content=\"index, follow, max-snippet:-1, max-image-preview:large, max-video-preview:-1\" \/>\n<link rel=\"canonical\" href=\"https:\/\/folhapopular.info\/index.php\/2021\/04\/15\/prefeitura-de-lajeado-inaugura-centro-de-referencia-vestirser-para-doacoes-de-roupa-e-oficinas-de-costura\/\" \/>\n<meta property=\"og:locale\" content=\"pt_BR\" \/>\n<meta property=\"og:type\" content=\"article\" \/>\n<meta property=\"og:title\" content=\"Prefeitura de Lajeado inaugura Centro de Refer\u00eancia Vestir&amp;Ser para doa\u00e7\u00f5es de roupa e oficinas de costura - Folha Popular\" \/>\n<meta property=\"og:description\" content=\"Ap\u00f3s um per\u00edodo de organiza\u00e7\u00e3o, o Centro de Refer\u00eancia\u00a0Vestir&amp;Ser, setor de responsabilidade da Secretaria do Desenvolvimento Social de Lajeado (antiga Secretaria do Trabalho, Habita\u00e7\u00e3o e Assist\u00eancia Social), abriu as portas nesta quinta-feira (15\/4). O novo espa\u00e7o \u00e9 destinado a receber, selecionar e customizar as pe\u00e7as de vestu\u00e1rio doadas pela comunidade para que sejam depois destinadas [&hellip;]\" \/>\n<meta property=\"og:url\" content=\"https:\/\/folhapopular.info\/index.php\/2021\/04\/15\/prefeitura-de-lajeado-inaugura-centro-de-referencia-vestirser-para-doacoes-de-roupa-e-oficinas-de-costura\/\" \/>\n<meta property=\"og:site_name\" content=\"Folha Popular\" \/>\n<meta property=\"article:published_time\" content=\"2021-04-15T15:17:15+00:00\" \/>\n<meta property=\"article:modified_time\" content=\"2021-04-15T15:17:33+00:00\" \/>\n<meta property=\"og:image\" content=\"https:\/\/folhapopular.info\/wp-content\/uploads\/2021\/04\/Ana-Leticia-de-Souza-Foto-Maiara-Rovea-e1618499823866.jpg\" \/>\n\t<meta property=\"og:image:width\" content=\"800\" \/>\n\t<meta property=\"og:image:height\" content=\"600\" \/>\n\t<meta property=\"og:image:type\" content=\"image\/jpeg\" \/>\n<meta name=\"author\" content=\"Reda\u00e7\u00e3o Folha Popular\" \/>\n<meta name=\"twitter:card\" content=\"summary_large_image\" \/>\n<meta name=\"twitter:label1\" content=\"Escrito por\" \/>\n\t<meta name=\"twitter:data1\" content=\"Reda\u00e7\u00e3o Folha Popular\" \/>\n\t<meta name=\"twitter:label2\" content=\"Est. tempo de leitura\" \/>\n\t<meta name=\"twitter:data2\" content=\"5 minutos\" \/>\n<script type=\"application\/ld+json\" class=\"yoast-schema-graph\">{\"@context\":\"https:\\\/\\\/schema.org\",\"@graph\":[{\"@type\":\"Article\",\"@id\":\"https:\\\/\\\/folhapopular.info\\\/index.php\\\/2021\\\/04\\\/15\\\/prefeitura-de-lajeado-inaugura-centro-de-referencia-vestirser-para-doacoes-de-roupa-e-oficinas-de-costura\\\/#article\",\"isPartOf\":{\"@id\":\"https:\\\/\\\/folhapopular.info\\\/index.php\\\/2021\\\/04\\\/15\\\/prefeitura-de-lajeado-inaugura-centro-de-referencia-vestirser-para-doacoes-de-roupa-e-oficinas-de-costura\\\/\"},\"author\":{\"name\":\"Reda\u00e7\u00e3o Folha Popular\",\"@id\":\"https:\\\/\\\/folhapopular.info\\\/#\\\/schema\\\/person\\\/2814e8a0df7643585a9ca38bc6eb9d4b\"},\"headline\":\"Prefeitura de Lajeado inaugura Centro de Refer\u00eancia Vestir&#038;Ser para doa\u00e7\u00f5es de roupa e oficinas de costura\",\"datePublished\":\"2021-04-15T15:17:15+00:00\",\"dateModified\":\"2021-04-15T15:17:33+00:00\",\"mainEntityOfPage\":{\"@id\":\"https:\\\/\\\/folhapopular.info\\\/index.php\\\/2021\\\/04\\\/15\\\/prefeitura-de-lajeado-inaugura-centro-de-referencia-vestirser-para-doacoes-de-roupa-e-oficinas-de-costura\\\/\"},\"wordCount\":976,\"commentCount\":0,\"image\":{\"@id\":\"https:\\\/\\\/folhapopular.info\\\/index.php\\\/2021\\\/04\\\/15\\\/prefeitura-de-lajeado-inaugura-centro-de-referencia-vestirser-para-doacoes-de-roupa-e-oficinas-de-costura\\\/#primaryimage\"},\"thumbnailUrl\":\"https:\\\/\\\/folhapopular.info\\\/wp-content\\\/uploads\\\/2021\\\/04\\\/Ana-Leticia-de-Souza-Foto-Maiara-Rovea-e1618499823866.jpg\",\"keywords\":[\"Centro de Refer\u00eancia Vestir&amp;Ser\",\"Doa\u00e7\u00f5es\",\"Lajeado\"],\"articleSection\":[\"Destaques\",\"Geral\"],\"inLanguage\":\"pt-BR\",\"potentialAction\":[{\"@type\":\"CommentAction\",\"name\":\"Comment\",\"target\":[\"https:\\\/\\\/folhapopular.info\\\/index.php\\\/2021\\\/04\\\/15\\\/prefeitura-de-lajeado-inaugura-centro-de-referencia-vestirser-para-doacoes-de-roupa-e-oficinas-de-costura\\\/#respond\"]}]},{\"@type\":\"WebPage\",\"@id\":\"https:\\\/\\\/folhapopular.info\\\/index.php\\\/2021\\\/04\\\/15\\\/prefeitura-de-lajeado-inaugura-centro-de-referencia-vestirser-para-doacoes-de-roupa-e-oficinas-de-costura\\\/\",\"url\":\"https:\\\/\\\/folhapopular.info\\\/index.php\\\/2021\\\/04\\\/15\\\/prefeitura-de-lajeado-inaugura-centro-de-referencia-vestirser-para-doacoes-de-roupa-e-oficinas-de-costura\\\/\",\"name\":\"Prefeitura de Lajeado inaugura Centro de Refer\u00eancia Vestir&Ser para doa\u00e7\u00f5es de roupa e oficinas de costura - Folha Popular\",\"isPartOf\":{\"@id\":\"https:\\\/\\\/folhapopular.info\\\/#website\"},\"primaryImageOfPage\":{\"@id\":\"https:\\\/\\\/folhapopular.info\\\/index.php\\\/2021\\\/04\\\/15\\\/prefeitura-de-lajeado-inaugura-centro-de-referencia-vestirser-para-doacoes-de-roupa-e-oficinas-de-costura\\\/#primaryimage\"},\"image\":{\"@id\":\"https:\\\/\\\/folhapopular.info\\\/index.php\\\/2021\\\/04\\\/15\\\/prefeitura-de-lajeado-inaugura-centro-de-referencia-vestirser-para-doacoes-de-roupa-e-oficinas-de-costura\\\/#primaryimage\"},\"thumbnailUrl\":\"https:\\\/\\\/folhapopular.info\\\/wp-content\\\/uploads\\\/2021\\\/04\\\/Ana-Leticia-de-Souza-Foto-Maiara-Rovea-e1618499823866.jpg\",\"datePublished\":\"2021-04-15T15:17:15+00:00\",\"dateModified\":\"2021-04-15T15:17:33+00:00\",\"author\":{\"@id\":\"https:\\\/\\\/folhapopular.info\\\/#\\\/schema\\\/person\\\/2814e8a0df7643585a9ca38bc6eb9d4b\"},\"breadcrumb\":{\"@id\":\"https:\\\/\\\/folhapopular.info\\\/index.php\\\/2021\\\/04\\\/15\\\/prefeitura-de-lajeado-inaugura-centro-de-referencia-vestirser-para-doacoes-de-roupa-e-oficinas-de-costura\\\/#breadcrumb\"},\"inLanguage\":\"pt-BR\",\"potentialAction\":[{\"@type\":\"ReadAction\",\"target\":[\"https:\\\/\\\/folhapopular.info\\\/index.php\\\/2021\\\/04\\\/15\\\/prefeitura-de-lajeado-inaugura-centro-de-referencia-vestirser-para-doacoes-de-roupa-e-oficinas-de-costura\\\/\"]}]},{\"@type\":\"ImageObject\",\"inLanguage\":\"pt-BR\",\"@id\":\"https:\\\/\\\/folhapopular.info\\\/index.php\\\/2021\\\/04\\\/15\\\/prefeitura-de-lajeado-inaugura-centro-de-referencia-vestirser-para-doacoes-de-roupa-e-oficinas-de-costura\\\/#primaryimage\",\"url\":\"https:\\\/\\\/folhapopular.info\\\/wp-content\\\/uploads\\\/2021\\\/04\\\/Ana-Leticia-de-Souza-Foto-Maiara-Rovea-e1618499823866.jpg\",\"contentUrl\":\"https:\\\/\\\/folhapopular.info\\\/wp-content\\\/uploads\\\/2021\\\/04\\\/Ana-Leticia-de-Souza-Foto-Maiara-Rovea-e1618499823866.jpg\",\"width\":800,\"height\":600,\"caption\":\"Cr\u00e9dito da foto: Maiara Rov\u00eaa \\\/ Divulga\u00e7\u00e3o\"},{\"@type\":\"BreadcrumbList\",\"@id\":\"https:\\\/\\\/folhapopular.info\\\/index.php\\\/2021\\\/04\\\/15\\\/prefeitura-de-lajeado-inaugura-centro-de-referencia-vestirser-para-doacoes-de-roupa-e-oficinas-de-costura\\\/#breadcrumb\",\"itemListElement\":[{\"@type\":\"ListItem\",\"position\":1,\"name\":\"In\u00edcio\",\"item\":\"https:\\\/\\\/folhapopular.info\\\/\"},{\"@type\":\"ListItem\",\"position\":2,\"name\":\"Prefeitura de Lajeado inaugura Centro de Refer\u00eancia Vestir&#038;Ser para doa\u00e7\u00f5es de roupa e oficinas de costura\"}]},{\"@type\":\"WebSite\",\"@id\":\"https:\\\/\\\/folhapopular.info\\\/#website\",\"url\":\"https:\\\/\\\/folhapopular.info\\\/\",\"name\":\"Folha Popular\",\"description\":\"Onde voc\u00ea tem vez e voz\",\"potentialAction\":[{\"@type\":\"SearchAction\",\"target\":{\"@type\":\"EntryPoint\",\"urlTemplate\":\"https:\\\/\\\/folhapopular.info\\\/?s={search_term_string}\"},\"query-input\":{\"@type\":\"PropertyValueSpecification\",\"valueRequired\":true,\"valueName\":\"search_term_string\"}}],\"inLanguage\":\"pt-BR\"},{\"@type\":\"Person\",\"@id\":\"https:\\\/\\\/folhapopular.info\\\/#\\\/schema\\\/person\\\/2814e8a0df7643585a9ca38bc6eb9d4b\",\"name\":\"Reda\u00e7\u00e3o Folha Popular\",\"image\":{\"@type\":\"ImageObject\",\"inLanguage\":\"pt-BR\",\"@id\":\"https:\\\/\\\/folhapopular.info\\\/wp-content\\\/uploads\\\/2026\\\/04\\\/Folha-1.webp\",\"url\":\"https:\\\/\\\/folhapopular.info\\\/wp-content\\\/uploads\\\/2026\\\/04\\\/Folha-1.webp\",\"contentUrl\":\"https:\\\/\\\/folhapopular.info\\\/wp-content\\\/uploads\\\/2026\\\/04\\\/Folha-1.webp\",\"caption\":\"Reda\u00e7\u00e3o Folha Popular\"},\"url\":\"https:\\\/\\\/folhapopular.info\\\/index.php\\\/author\\\/redacao\\\/\"}]}<\/script>\n<!-- \/ Yoast SEO plugin. -->","yoast_head_json":{"title":"Prefeitura de Lajeado inaugura Centro de Refer\u00eancia Vestir&Ser para doa\u00e7\u00f5es de roupa e oficinas de costura - Folha Popular","robots":{"index":"index","follow":"follow","max-snippet":"max-snippet:-1","max-image-preview":"max-image-preview:large","max-video-preview":"max-video-preview:-1"},"canonical":"https:\/\/folhapopular.info\/index.php\/2021\/04\/15\/prefeitura-de-lajeado-inaugura-centro-de-referencia-vestirser-para-doacoes-de-roupa-e-oficinas-de-costura\/","og_locale":"pt_BR","og_type":"article","og_title":"Prefeitura de Lajeado inaugura Centro de Refer\u00eancia Vestir&Ser para doa\u00e7\u00f5es de roupa e oficinas de costura - Folha Popular","og_description":"Ap\u00f3s um per\u00edodo de organiza\u00e7\u00e3o, o Centro de Refer\u00eancia\u00a0Vestir&amp;Ser, setor de responsabilidade da Secretaria do Desenvolvimento Social de Lajeado (antiga Secretaria do Trabalho, Habita\u00e7\u00e3o e Assist\u00eancia Social), abriu as portas nesta quinta-feira (15\/4). O novo espa\u00e7o \u00e9 destinado a receber, selecionar e customizar as pe\u00e7as de vestu\u00e1rio doadas pela comunidade para que sejam depois destinadas [&hellip;]","og_url":"https:\/\/folhapopular.info\/index.php\/2021\/04\/15\/prefeitura-de-lajeado-inaugura-centro-de-referencia-vestirser-para-doacoes-de-roupa-e-oficinas-de-costura\/","og_site_name":"Folha Popular","article_published_time":"2021-04-15T15:17:15+00:00","article_modified_time":"2021-04-15T15:17:33+00:00","og_image":[{"width":800,"height":600,"url":"https:\/\/folhapopular.info\/wp-content\/uploads\/2021\/04\/Ana-Leticia-de-Souza-Foto-Maiara-Rovea-e1618499823866.jpg","type":"image\/jpeg"}],"author":"Reda\u00e7\u00e3o Folha Popular","twitter_card":"summary_large_image","twitter_misc":{"Escrito por":"Reda\u00e7\u00e3o Folha Popular","Est. tempo de leitura":"5 minutos"},"schema":{"@context":"https:\/\/schema.org","@graph":[{"@type":"Article","@id":"https:\/\/folhapopular.info\/index.php\/2021\/04\/15\/prefeitura-de-lajeado-inaugura-centro-de-referencia-vestirser-para-doacoes-de-roupa-e-oficinas-de-costura\/#article","isPartOf":{"@id":"https:\/\/folhapopular.info\/index.php\/2021\/04\/15\/prefeitura-de-lajeado-inaugura-centro-de-referencia-vestirser-para-doacoes-de-roupa-e-oficinas-de-costura\/"},"author":{"name":"Reda\u00e7\u00e3o Folha Popular","@id":"https:\/\/folhapopular.info\/#\/schema\/person\/2814e8a0df7643585a9ca38bc6eb9d4b"},"headline":"Prefeitura de Lajeado inaugura Centro de Refer\u00eancia Vestir&#038;Ser para doa\u00e7\u00f5es de roupa e oficinas de costura","datePublished":"2021-04-15T15:17:15+00:00","dateModified":"2021-04-15T15:17:33+00:00","mainEntityOfPage":{"@id":"https:\/\/folhapopular.info\/index.php\/2021\/04\/15\/prefeitura-de-lajeado-inaugura-centro-de-referencia-vestirser-para-doacoes-de-roupa-e-oficinas-de-costura\/"},"wordCount":976,"commentCount":0,"image":{"@id":"https:\/\/folhapopular.info\/index.php\/2021\/04\/15\/prefeitura-de-lajeado-inaugura-centro-de-referencia-vestirser-para-doacoes-de-roupa-e-oficinas-de-costura\/#primaryimage"},"thumbnailUrl":"https:\/\/folhapopular.info\/wp-content\/uploads\/2021\/04\/Ana-Leticia-de-Souza-Foto-Maiara-Rovea-e1618499823866.jpg","keywords":["Centro de Refer\u00eancia Vestir&amp;Ser","Doa\u00e7\u00f5es","Lajeado"],"articleSection":["Destaques","Geral"],"inLanguage":"pt-BR","potentialAction":[{"@type":"CommentAction","name":"Comment","target":["https:\/\/folhapopular.info\/index.php\/2021\/04\/15\/prefeitura-de-lajeado-inaugura-centro-de-referencia-vestirser-para-doacoes-de-roupa-e-oficinas-de-costura\/#respond"]}]},{"@type":"WebPage","@id":"https:\/\/folhapopular.info\/index.php\/2021\/04\/15\/prefeitura-de-lajeado-inaugura-centro-de-referencia-vestirser-para-doacoes-de-roupa-e-oficinas-de-costura\/","url":"https:\/\/folhapopular.info\/index.php\/2021\/04\/15\/prefeitura-de-lajeado-inaugura-centro-de-referencia-vestirser-para-doacoes-de-roupa-e-oficinas-de-costura\/","name":"Prefeitura de Lajeado inaugura Centro de Refer\u00eancia Vestir&Ser para doa\u00e7\u00f5es de roupa e oficinas de costura - Folha Popular","isPartOf":{"@id":"https:\/\/folhapopular.info\/#website"},"primaryImageOfPage":{"@id":"https:\/\/folhapopular.info\/index.php\/2021\/04\/15\/prefeitura-de-lajeado-inaugura-centro-de-referencia-vestirser-para-doacoes-de-roupa-e-oficinas-de-costura\/#primaryimage"},"image":{"@id":"https:\/\/folhapopular.info\/index.php\/2021\/04\/15\/prefeitura-de-lajeado-inaugura-centro-de-referencia-vestirser-para-doacoes-de-roupa-e-oficinas-de-costura\/#primaryimage"},"thumbnailUrl":"https:\/\/folhapopular.info\/wp-content\/uploads\/2021\/04\/Ana-Leticia-de-Souza-Foto-Maiara-Rovea-e1618499823866.jpg","datePublished":"2021-04-15T15:17:15+00:00","dateModified":"2021-04-15T15:17:33+00:00","author":{"@id":"https:\/\/folhapopular.info\/#\/schema\/person\/2814e8a0df7643585a9ca38bc6eb9d4b"},"breadcrumb":{"@id":"https:\/\/folhapopular.info\/index.php\/2021\/04\/15\/prefeitura-de-lajeado-inaugura-centro-de-referencia-vestirser-para-doacoes-de-roupa-e-oficinas-de-costura\/#breadcrumb"},"inLanguage":"pt-BR","potentialAction":[{"@type":"ReadAction","target":["https:\/\/folhapopular.info\/index.php\/2021\/04\/15\/prefeitura-de-lajeado-inaugura-centro-de-referencia-vestirser-para-doacoes-de-roupa-e-oficinas-de-costura\/"]}]},{"@type":"ImageObject","inLanguage":"pt-BR","@id":"https:\/\/folhapopular.info\/index.php\/2021\/04\/15\/prefeitura-de-lajeado-inaugura-centro-de-referencia-vestirser-para-doacoes-de-roupa-e-oficinas-de-costura\/#primaryimage","url":"https:\/\/folhapopular.info\/wp-content\/uploads\/2021\/04\/Ana-Leticia-de-Souza-Foto-Maiara-Rovea-e1618499823866.jpg","contentUrl":"https:\/\/folhapopular.info\/wp-content\/uploads\/2021\/04\/Ana-Leticia-de-Souza-Foto-Maiara-Rovea-e1618499823866.jpg","width":800,"height":600,"caption":"Cr\u00e9dito da foto: Maiara Rov\u00eaa \/ Divulga\u00e7\u00e3o"},{"@type":"BreadcrumbList","@id":"https:\/\/folhapopular.info\/index.php\/2021\/04\/15\/prefeitura-de-lajeado-inaugura-centro-de-referencia-vestirser-para-doacoes-de-roupa-e-oficinas-de-costura\/#breadcrumb","itemListElement":[{"@type":"ListItem","position":1,"name":"In\u00edcio","item":"https:\/\/folhapopular.info\/"},{"@type":"ListItem","position":2,"name":"Prefeitura de Lajeado inaugura Centro de Refer\u00eancia Vestir&#038;Ser para doa\u00e7\u00f5es de roupa e oficinas de costura"}]},{"@type":"WebSite","@id":"https:\/\/folhapopular.info\/#website","url":"https:\/\/folhapopular.info\/","name":"Folha Popular","description":"Onde voc\u00ea tem vez e voz","potentialAction":[{"@type":"SearchAction","target":{"@type":"EntryPoint","urlTemplate":"https:\/\/folhapopular.info\/?s={search_term_string}"},"query-input":{"@type":"PropertyValueSpecification","valueRequired":true,"valueName":"search_term_string"}}],"inLanguage":"pt-BR"},{"@type":"Person","@id":"https:\/\/folhapopular.info\/#\/schema\/person\/2814e8a0df7643585a9ca38bc6eb9d4b","name":"Reda\u00e7\u00e3o Folha Popular","image":{"@type":"ImageObject","inLanguage":"pt-BR","@id":"https:\/\/folhapopular.info\/wp-content\/uploads\/2026\/04\/Folha-1.webp","url":"https:\/\/folhapopular.info\/wp-content\/uploads\/2026\/04\/Folha-1.webp","contentUrl":"https:\/\/folhapopular.info\/wp-content\/uploads\/2026\/04\/Folha-1.webp","caption":"Reda\u00e7\u00e3o Folha Popular"},"url":"https:\/\/folhapopular.info\/index.php\/author\/redacao\/"}]}},"jetpack_featured_media_url":"https:\/\/folhapopular.info\/wp-content\/uploads\/2021\/04\/Ana-Leticia-de-Souza-Foto-Maiara-Rovea-e1618499823866.jpg","jetpack_sharing_enabled":true,"amp_enabled":true,"_links":{"self":[{"href":"https:\/\/folhapopular.info\/index.php\/wp-json\/wp\/v2\/posts\/82186","targetHints":{"allow":["GET"]}}],"collection":[{"href":"https:\/\/folhapopular.info\/index.php\/wp-json\/wp\/v2\/posts"}],"about":[{"href":"https:\/\/folhapopular.info\/index.php\/wp-json\/wp\/v2\/types\/post"}],"author":[{"embeddable":true,"href":"https:\/\/folhapopular.info\/index.php\/wp-json\/wp\/v2\/users\/8"}],"replies":[{"embeddable":true,"href":"https:\/\/folhapopular.info\/index.php\/wp-json\/wp\/v2\/comments?post=82186"}],"version-history":[{"count":0,"href":"https:\/\/folhapopular.info\/index.php\/wp-json\/wp\/v2\/posts\/82186\/revisions"}],"wp:featuredmedia":[{"embeddable":true,"href":"https:\/\/folhapopular.info\/index.php\/wp-json\/wp\/v2\/media\/82191"}],"wp:attachment":[{"href":"https:\/\/folhapopular.info\/index.php\/wp-json\/wp\/v2\/media?parent=82186"}],"wp:term":[{"taxonomy":"category","embeddable":true,"href":"https:\/\/folhapopular.info\/index.php\/wp-json\/wp\/v2\/categories?post=82186"},{"taxonomy":"post_tag","embeddable":true,"href":"https:\/\/folhapopular.info\/index.php\/wp-json\/wp\/v2\/tags?post=82186"}],"curies":[{"name":"wp","href":"https:\/\/api.w.org\/{rel}","templated":true}]}}