{"id":82311,"date":"2021-04-19T09:13:38","date_gmt":"2021-04-19T12:13:38","guid":{"rendered":"https:\/\/folhapopular.info\/?p=82311"},"modified":"2021-04-19T09:34:41","modified_gmt":"2021-04-19T12:34:41","slug":"declaracao-do-imposto-de-renda-pode-contribuir-com-projeto-social-em-poco-das-antas","status":"publish","type":"post","link":"https:\/\/folhapopular.info\/index.php\/2021\/04\/19\/declaracao-do-imposto-de-renda-pode-contribuir-com-projeto-social-em-poco-das-antas\/","title":{"rendered":"Declara\u00e7\u00e3o do Imposto de Renda pode contribuir com projeto social em Po\u00e7o das Antas"},"content":{"rendered":"\n<p>A entrega da Declara\u00e7\u00e3o de Ajuste Anual do Imposto de Renda pode se tornar um ato de cidadania tribut\u00e1ria realizado pelo contribuinte. Atrav\u00e9s da declara\u00e7\u00e3o do Imposto de Renda (IR), al\u00e9m de cumprir com a obriga\u00e7\u00e3o legal de declarar suas receitas e despesas,&nbsp;\u00e9 poss\u00edvel investir em pol\u00edticas p\u00fablicas para crian\u00e7as e adolescentes efetuando doa\u00e7\u00f5es.<\/p>\n\n\n\n<p>Neste ano, at\u00e9 o dia 31 de maio \u2013 levando em considera\u00e7\u00e3o que o prazo para declara\u00e7\u00e3o do IR foi prorrogado \u2013 cidad\u00e3os podem contribuir com o Fundo Municipal da Crian\u00e7a e do Adolescente (FMCA) de Po\u00e7o das Antas. <\/p>\n\n\n\n<p>A partir disso, a doa\u00e7\u00e3o beneficia os projetos desenvolvidos pelo Conselho Municipal dos Direitos da Crian\u00e7a e do Adolescente (COMDICA) do Munic\u00edpio, e o recurso poder\u00e1 ser investido em a\u00e7\u00f5es de integra\u00e7\u00e3o, socializa\u00e7\u00e3o e fortalecimento de v\u00ednculos familiares.<\/p>\n\n\n\n<p>No caso da Pessoa F\u00edsica, a legisla\u00e7\u00e3o permite que at\u00e9 6% do imposto devido seja convertido em doa\u00e7\u00e3o no momento da entrega da declara\u00e7\u00e3o, desde que se tenha optado pelo modelo completo de tributa\u00e7\u00e3o.&nbsp;<\/p>\n\n\n\n<div class=\"wp-block-image\"><figure class=\"alignleft size-large is-resized\"><img loading=\"lazy\" decoding=\"async\" src=\"https:\/\/folhapopular.info\/wp-content\/uploads\/2021\/04\/Declaracao-do-Imposto-de-Renda-pode-contribuir-com-projeto-social-1024x1024.png\" alt=\"\" class=\"wp-image-82312\" width=\"396\" height=\"396\" srcset=\"https:\/\/folhapopular.info\/wp-content\/uploads\/2021\/04\/Declaracao-do-Imposto-de-Renda-pode-contribuir-com-projeto-social-1024x1024.png 1024w, https:\/\/folhapopular.info\/wp-content\/uploads\/2021\/04\/Declaracao-do-Imposto-de-Renda-pode-contribuir-com-projeto-social-300x300.png 300w, https:\/\/folhapopular.info\/wp-content\/uploads\/2021\/04\/Declaracao-do-Imposto-de-Renda-pode-contribuir-com-projeto-social-150x150.png 150w, https:\/\/folhapopular.info\/wp-content\/uploads\/2021\/04\/Declaracao-do-Imposto-de-Renda-pode-contribuir-com-projeto-social-768x768.png 768w, https:\/\/folhapopular.info\/wp-content\/uploads\/2021\/04\/Declaracao-do-Imposto-de-Renda-pode-contribuir-com-projeto-social-696x696.png 696w, https:\/\/folhapopular.info\/wp-content\/uploads\/2021\/04\/Declaracao-do-Imposto-de-Renda-pode-contribuir-com-projeto-social-1068x1068.png 1068w, https:\/\/folhapopular.info\/wp-content\/uploads\/2021\/04\/Declaracao-do-Imposto-de-Renda-pode-contribuir-com-projeto-social-128x128.png 128w, https:\/\/folhapopular.info\/wp-content\/uploads\/2021\/04\/Declaracao-do-Imposto-de-Renda-pode-contribuir-com-projeto-social-32x32.png 32w, https:\/\/folhapopular.info\/wp-content\/uploads\/2021\/04\/Declaracao-do-Imposto-de-Renda-pode-contribuir-com-projeto-social.png 1080w\" sizes=\"auto, (max-width: 396px) 100vw, 396px\" \/><figcaption>Valores arrecadados podem ser aplicados em a\u00e7\u00f5es de integra\u00e7\u00e3o, socializa\u00e7\u00e3o e fortalecimento de v\u00ednculos familiares \/ Cr\u00e9dito da foto: <em>Assessoria de Comunica\u00e7\u00e3o (ASCOM) de Po\u00e7o das Antas<\/em><\/figcaption><\/figure><\/div>\n\n\n\n<p>O prazo para fazer a doa\u00e7\u00e3o ao FMCA vai at\u00e9 o dia 31 de dezembro de cada ano, no entanto, caso a destina\u00e7\u00e3o n\u00e3o tenha sido feita no ano em curso, ela pode ocorrer na declara\u00e7\u00e3o anual de ajuste, que deve ser feita at\u00e9 o dia 31 de maio, limitado a 3% nesse caso. Tamb\u00e9m podem doar as pessoas jur\u00eddicas, tributadas pelo Lucro Real, at\u00e9 o limite de 1% do imposto devido.&nbsp;<\/p>\n\n\n\n<p>\u00c9 importante considerar que essa contribui\u00e7\u00e3o n\u00e3o acarreta em nenhum pagamento adicional. O que acontece \u00e9 que ao inv\u00e9s de 100% do imposto devido ser enviado aos cofres do Tesouro Nacional, em Bras\u00edlia, a parcela destinada permanece na regi\u00e3o e \u00e9 aplicada em a\u00e7\u00f5es sociais. <\/p>\n\n\n\n<p>Al\u00e9m disso, a doa\u00e7\u00e3o de 3% do valor devido n\u00e3o interfere nas outras dedu\u00e7\u00f5es da declara\u00e7\u00e3o e tamb\u00e9m n\u00e3o gera custos adicionais para o contribuinte.&nbsp;<br><\/p>\n\n\n\n<p><strong>Como fazer?<\/strong><\/p>\n\n\n\n<p>Ao finalizar a declara\u00e7\u00e3o no modelo completo, o contribuinte deve clicar no item \u201cDoa\u00e7\u00f5es Diretamente na Declara\u00e7\u00e3o\u201d, e em seguida, acessar a aba \u201cCrian\u00e7a e Adolescente\u201d, e clicar em \u201cnovo\u201d. Em seguida, uma nova abrir\u00e1 para o contribuinte indicar o tipo de fundo, devendo ent\u00e3o selecionar o \u201cMunicipal\u201d. <\/p>\n\n\n\n<p>Na sequ\u00eancia, deve ser escolhido o Munic\u00edpio de Po\u00e7o das Antas, e o programa automaticamente indicar\u00e1 o CNPJ do Fundo Municipal da Crian\u00e7a e do Adolescente (FMCA) de Po\u00e7o das Antas.&nbsp;&nbsp;&nbsp;<\/p>\n\n\n\n<p>A partir da\u00ed, quando a declara\u00e7\u00e3o for realizada, o programa ir\u00e1 gerar o&nbsp;Documento de Arrecada\u00e7\u00e3o de Receitas Federais (DARF), que deve ser quitado. Ap\u00f3s quita\u00e7\u00e3o da DARF, \u00e9 preciso informar ao COMDICA sobre a doa\u00e7\u00e3o. <\/p>\n\n\n\n<p>\u00c9 importante ressaltar que a data de dep\u00f3sito ou pagamento da DARF \u00e9 que tem valor fiscal para solicitar a dedu\u00e7\u00e3o do Imposto de Renda.\u00a0Caso a declara\u00e7\u00e3o seja feita por um\u00a0contador, \u00e9 s\u00f3 manifestar o desejo de doa\u00e7\u00e3o, que o profissional especializado realiza todo o processo.<\/p>\n\n\n\n<p>As doa\u00e7\u00f5es tamb\u00e9m podem ser feitas diretamente via dep\u00f3sito banc\u00e1rio na conta do FMDCA: Banco: 041, Ag\u00eancia: 0946, Conta: 04.044273.0-3, CNPJ: 18.702.489\/0001-09.<\/p>\n","protected":false},"excerpt":{"rendered":"<p>A entrega da Declara\u00e7\u00e3o de Ajuste Anual do Imposto de Renda pode se tornar um ato de cidadania tribut\u00e1ria realizado pelo contribuinte. Atrav\u00e9s da declara\u00e7\u00e3o do Imposto de Renda (IR), al\u00e9m de cumprir com a obriga\u00e7\u00e3o legal de declarar suas receitas e despesas,&nbsp;\u00e9 poss\u00edvel investir em pol\u00edticas p\u00fablicas para crian\u00e7as e adolescentes efetuando doa\u00e7\u00f5es. Neste [&hellip;]<\/p>\n","protected":false},"author":8,"featured_media":82313,"comment_status":"open","ping_status":"open","sticky":false,"template":"","format":"standard","meta":{"pmpro_default_level":"","_jetpack_memberships_contains_paid_content":false,"footnotes":""},"categories":[2,3],"tags":[6542,40,2632],"class_list":{"0":"post-82311","1":"post","2":"type-post","3":"status-publish","4":"format-standard","5":"has-post-thumbnail","7":"category-featured","8":"category-geral","9":"tag-declaracao-do-imposto-de-renda","10":"tag-poco-das-antas","11":"tag-projeto-social","12":"pmpro-has-access"},"yoast_head":"<!-- This site is optimized with the Yoast SEO plugin v27.5 - https:\/\/yoast.com\/product\/yoast-seo-wordpress\/ -->\n<title>Declara\u00e7\u00e3o do Imposto de Renda pode contribuir com projeto social em Po\u00e7o das Antas - Folha Popular<\/title>\n<meta name=\"robots\" content=\"index, follow, max-snippet:-1, max-image-preview:large, max-video-preview:-1\" \/>\n<link rel=\"canonical\" href=\"https:\/\/folhapopular.info\/index.php\/2021\/04\/19\/declaracao-do-imposto-de-renda-pode-contribuir-com-projeto-social-em-poco-das-antas\/\" \/>\n<meta property=\"og:locale\" content=\"pt_BR\" \/>\n<meta property=\"og:type\" content=\"article\" \/>\n<meta property=\"og:title\" content=\"Declara\u00e7\u00e3o do Imposto de Renda pode contribuir com projeto social em Po\u00e7o das Antas - Folha Popular\" \/>\n<meta property=\"og:description\" content=\"A entrega da Declara\u00e7\u00e3o de Ajuste Anual do Imposto de Renda pode se tornar um ato de cidadania tribut\u00e1ria realizado pelo contribuinte. Atrav\u00e9s da declara\u00e7\u00e3o do Imposto de Renda (IR), al\u00e9m de cumprir com a obriga\u00e7\u00e3o legal de declarar suas receitas e despesas,&nbsp;\u00e9 poss\u00edvel investir em pol\u00edticas p\u00fablicas para crian\u00e7as e adolescentes efetuando doa\u00e7\u00f5es. Neste [&hellip;]\" \/>\n<meta property=\"og:url\" content=\"https:\/\/folhapopular.info\/index.php\/2021\/04\/19\/declaracao-do-imposto-de-renda-pode-contribuir-com-projeto-social-em-poco-das-antas\/\" \/>\n<meta property=\"og:site_name\" content=\"Folha Popular\" \/>\n<meta property=\"article:published_time\" content=\"2021-04-19T12:13:38+00:00\" \/>\n<meta property=\"article:modified_time\" content=\"2021-04-19T12:34:41+00:00\" \/>\n<meta property=\"og:image\" content=\"https:\/\/folhapopular.info\/wp-content\/uploads\/2021\/04\/9-1-e1618834403365.png\" \/>\n\t<meta property=\"og:image:width\" content=\"800\" \/>\n\t<meta property=\"og:image:height\" content=\"303\" \/>\n\t<meta property=\"og:image:type\" content=\"image\/png\" \/>\n<meta name=\"author\" content=\"Reda\u00e7\u00e3o Folha Popular\" \/>\n<meta name=\"twitter:card\" content=\"summary_large_image\" \/>\n<meta name=\"twitter:label1\" content=\"Escrito por\" \/>\n\t<meta name=\"twitter:data1\" content=\"Reda\u00e7\u00e3o Folha Popular\" \/>\n\t<meta name=\"twitter:label2\" content=\"Est. tempo de leitura\" \/>\n\t<meta name=\"twitter:data2\" content=\"3 minutos\" \/>\n<script type=\"application\/ld+json\" class=\"yoast-schema-graph\">{\"@context\":\"https:\\\/\\\/schema.org\",\"@graph\":[{\"@type\":\"Article\",\"@id\":\"https:\\\/\\\/folhapopular.info\\\/index.php\\\/2021\\\/04\\\/19\\\/declaracao-do-imposto-de-renda-pode-contribuir-com-projeto-social-em-poco-das-antas\\\/#article\",\"isPartOf\":{\"@id\":\"https:\\\/\\\/folhapopular.info\\\/index.php\\\/2021\\\/04\\\/19\\\/declaracao-do-imposto-de-renda-pode-contribuir-com-projeto-social-em-poco-das-antas\\\/\"},\"author\":{\"name\":\"Reda\u00e7\u00e3o Folha Popular\",\"@id\":\"https:\\\/\\\/folhapopular.info\\\/#\\\/schema\\\/person\\\/2814e8a0df7643585a9ca38bc6eb9d4b\"},\"headline\":\"Declara\u00e7\u00e3o do Imposto de Renda pode contribuir com projeto social em Po\u00e7o das Antas\",\"datePublished\":\"2021-04-19T12:13:38+00:00\",\"dateModified\":\"2021-04-19T12:34:41+00:00\",\"mainEntityOfPage\":{\"@id\":\"https:\\\/\\\/folhapopular.info\\\/index.php\\\/2021\\\/04\\\/19\\\/declaracao-do-imposto-de-renda-pode-contribuir-com-projeto-social-em-poco-das-antas\\\/\"},\"wordCount\":603,\"commentCount\":0,\"image\":{\"@id\":\"https:\\\/\\\/folhapopular.info\\\/index.php\\\/2021\\\/04\\\/19\\\/declaracao-do-imposto-de-renda-pode-contribuir-com-projeto-social-em-poco-das-antas\\\/#primaryimage\"},\"thumbnailUrl\":\"https:\\\/\\\/folhapopular.info\\\/wp-content\\\/uploads\\\/2021\\\/04\\\/9-1-e1618834403365.png\",\"keywords\":[\"Declara\u00e7\u00e3o do Imposto de Renda\",\"Po\u00e7o das Antas\",\"Projeto Social\"],\"articleSection\":[\"Destaques\",\"Geral\"],\"inLanguage\":\"pt-BR\",\"potentialAction\":[{\"@type\":\"CommentAction\",\"name\":\"Comment\",\"target\":[\"https:\\\/\\\/folhapopular.info\\\/index.php\\\/2021\\\/04\\\/19\\\/declaracao-do-imposto-de-renda-pode-contribuir-com-projeto-social-em-poco-das-antas\\\/#respond\"]}]},{\"@type\":\"WebPage\",\"@id\":\"https:\\\/\\\/folhapopular.info\\\/index.php\\\/2021\\\/04\\\/19\\\/declaracao-do-imposto-de-renda-pode-contribuir-com-projeto-social-em-poco-das-antas\\\/\",\"url\":\"https:\\\/\\\/folhapopular.info\\\/index.php\\\/2021\\\/04\\\/19\\\/declaracao-do-imposto-de-renda-pode-contribuir-com-projeto-social-em-poco-das-antas\\\/\",\"name\":\"Declara\u00e7\u00e3o do Imposto de Renda pode contribuir com projeto social em Po\u00e7o das Antas - Folha Popular\",\"isPartOf\":{\"@id\":\"https:\\\/\\\/folhapopular.info\\\/#website\"},\"primaryImageOfPage\":{\"@id\":\"https:\\\/\\\/folhapopular.info\\\/index.php\\\/2021\\\/04\\\/19\\\/declaracao-do-imposto-de-renda-pode-contribuir-com-projeto-social-em-poco-das-antas\\\/#primaryimage\"},\"image\":{\"@id\":\"https:\\\/\\\/folhapopular.info\\\/index.php\\\/2021\\\/04\\\/19\\\/declaracao-do-imposto-de-renda-pode-contribuir-com-projeto-social-em-poco-das-antas\\\/#primaryimage\"},\"thumbnailUrl\":\"https:\\\/\\\/folhapopular.info\\\/wp-content\\\/uploads\\\/2021\\\/04\\\/9-1-e1618834403365.png\",\"datePublished\":\"2021-04-19T12:13:38+00:00\",\"dateModified\":\"2021-04-19T12:34:41+00:00\",\"author\":{\"@id\":\"https:\\\/\\\/folhapopular.info\\\/#\\\/schema\\\/person\\\/2814e8a0df7643585a9ca38bc6eb9d4b\"},\"breadcrumb\":{\"@id\":\"https:\\\/\\\/folhapopular.info\\\/index.php\\\/2021\\\/04\\\/19\\\/declaracao-do-imposto-de-renda-pode-contribuir-com-projeto-social-em-poco-das-antas\\\/#breadcrumb\"},\"inLanguage\":\"pt-BR\",\"potentialAction\":[{\"@type\":\"ReadAction\",\"target\":[\"https:\\\/\\\/folhapopular.info\\\/index.php\\\/2021\\\/04\\\/19\\\/declaracao-do-imposto-de-renda-pode-contribuir-com-projeto-social-em-poco-das-antas\\\/\"]}]},{\"@type\":\"ImageObject\",\"inLanguage\":\"pt-BR\",\"@id\":\"https:\\\/\\\/folhapopular.info\\\/index.php\\\/2021\\\/04\\\/19\\\/declaracao-do-imposto-de-renda-pode-contribuir-com-projeto-social-em-poco-das-antas\\\/#primaryimage\",\"url\":\"https:\\\/\\\/folhapopular.info\\\/wp-content\\\/uploads\\\/2021\\\/04\\\/9-1-e1618834403365.png\",\"contentUrl\":\"https:\\\/\\\/folhapopular.info\\\/wp-content\\\/uploads\\\/2021\\\/04\\\/9-1-e1618834403365.png\",\"width\":800,\"height\":303,\"caption\":\"Cr\u00e9dito da foto: Prefeitura de Po\u00e7o das Antas\"},{\"@type\":\"BreadcrumbList\",\"@id\":\"https:\\\/\\\/folhapopular.info\\\/index.php\\\/2021\\\/04\\\/19\\\/declaracao-do-imposto-de-renda-pode-contribuir-com-projeto-social-em-poco-das-antas\\\/#breadcrumb\",\"itemListElement\":[{\"@type\":\"ListItem\",\"position\":1,\"name\":\"In\u00edcio\",\"item\":\"https:\\\/\\\/folhapopular.info\\\/\"},{\"@type\":\"ListItem\",\"position\":2,\"name\":\"Declara\u00e7\u00e3o do Imposto de Renda pode contribuir com projeto social em Po\u00e7o das Antas\"}]},{\"@type\":\"WebSite\",\"@id\":\"https:\\\/\\\/folhapopular.info\\\/#website\",\"url\":\"https:\\\/\\\/folhapopular.info\\\/\",\"name\":\"Folha Popular\",\"description\":\"Onde voc\u00ea tem vez e voz\",\"potentialAction\":[{\"@type\":\"SearchAction\",\"target\":{\"@type\":\"EntryPoint\",\"urlTemplate\":\"https:\\\/\\\/folhapopular.info\\\/?s={search_term_string}\"},\"query-input\":{\"@type\":\"PropertyValueSpecification\",\"valueRequired\":true,\"valueName\":\"search_term_string\"}}],\"inLanguage\":\"pt-BR\"},{\"@type\":\"Person\",\"@id\":\"https:\\\/\\\/folhapopular.info\\\/#\\\/schema\\\/person\\\/2814e8a0df7643585a9ca38bc6eb9d4b\",\"name\":\"Reda\u00e7\u00e3o Folha Popular\",\"image\":{\"@type\":\"ImageObject\",\"inLanguage\":\"pt-BR\",\"@id\":\"https:\\\/\\\/folhapopular.info\\\/wp-content\\\/uploads\\\/2026\\\/04\\\/Folha-1.webp\",\"url\":\"https:\\\/\\\/folhapopular.info\\\/wp-content\\\/uploads\\\/2026\\\/04\\\/Folha-1.webp\",\"contentUrl\":\"https:\\\/\\\/folhapopular.info\\\/wp-content\\\/uploads\\\/2026\\\/04\\\/Folha-1.webp\",\"caption\":\"Reda\u00e7\u00e3o Folha Popular\"},\"url\":\"https:\\\/\\\/folhapopular.info\\\/index.php\\\/author\\\/redacao\\\/\"}]}<\/script>\n<!-- \/ Yoast SEO plugin. -->","yoast_head_json":{"title":"Declara\u00e7\u00e3o do Imposto de Renda pode contribuir com projeto social em Po\u00e7o das Antas - Folha Popular","robots":{"index":"index","follow":"follow","max-snippet":"max-snippet:-1","max-image-preview":"max-image-preview:large","max-video-preview":"max-video-preview:-1"},"canonical":"https:\/\/folhapopular.info\/index.php\/2021\/04\/19\/declaracao-do-imposto-de-renda-pode-contribuir-com-projeto-social-em-poco-das-antas\/","og_locale":"pt_BR","og_type":"article","og_title":"Declara\u00e7\u00e3o do Imposto de Renda pode contribuir com projeto social em Po\u00e7o das Antas - Folha Popular","og_description":"A entrega da Declara\u00e7\u00e3o de Ajuste Anual do Imposto de Renda pode se tornar um ato de cidadania tribut\u00e1ria realizado pelo contribuinte. Atrav\u00e9s da declara\u00e7\u00e3o do Imposto de Renda (IR), al\u00e9m de cumprir com a obriga\u00e7\u00e3o legal de declarar suas receitas e despesas,&nbsp;\u00e9 poss\u00edvel investir em pol\u00edticas p\u00fablicas para crian\u00e7as e adolescentes efetuando doa\u00e7\u00f5es. Neste [&hellip;]","og_url":"https:\/\/folhapopular.info\/index.php\/2021\/04\/19\/declaracao-do-imposto-de-renda-pode-contribuir-com-projeto-social-em-poco-das-antas\/","og_site_name":"Folha Popular","article_published_time":"2021-04-19T12:13:38+00:00","article_modified_time":"2021-04-19T12:34:41+00:00","og_image":[{"width":800,"height":303,"url":"https:\/\/folhapopular.info\/wp-content\/uploads\/2021\/04\/9-1-e1618834403365.png","type":"image\/png"}],"author":"Reda\u00e7\u00e3o Folha Popular","twitter_card":"summary_large_image","twitter_misc":{"Escrito por":"Reda\u00e7\u00e3o Folha Popular","Est. tempo de leitura":"3 minutos"},"schema":{"@context":"https:\/\/schema.org","@graph":[{"@type":"Article","@id":"https:\/\/folhapopular.info\/index.php\/2021\/04\/19\/declaracao-do-imposto-de-renda-pode-contribuir-com-projeto-social-em-poco-das-antas\/#article","isPartOf":{"@id":"https:\/\/folhapopular.info\/index.php\/2021\/04\/19\/declaracao-do-imposto-de-renda-pode-contribuir-com-projeto-social-em-poco-das-antas\/"},"author":{"name":"Reda\u00e7\u00e3o Folha Popular","@id":"https:\/\/folhapopular.info\/#\/schema\/person\/2814e8a0df7643585a9ca38bc6eb9d4b"},"headline":"Declara\u00e7\u00e3o do Imposto de Renda pode contribuir com projeto social em Po\u00e7o das Antas","datePublished":"2021-04-19T12:13:38+00:00","dateModified":"2021-04-19T12:34:41+00:00","mainEntityOfPage":{"@id":"https:\/\/folhapopular.info\/index.php\/2021\/04\/19\/declaracao-do-imposto-de-renda-pode-contribuir-com-projeto-social-em-poco-das-antas\/"},"wordCount":603,"commentCount":0,"image":{"@id":"https:\/\/folhapopular.info\/index.php\/2021\/04\/19\/declaracao-do-imposto-de-renda-pode-contribuir-com-projeto-social-em-poco-das-antas\/#primaryimage"},"thumbnailUrl":"https:\/\/folhapopular.info\/wp-content\/uploads\/2021\/04\/9-1-e1618834403365.png","keywords":["Declara\u00e7\u00e3o do Imposto de Renda","Po\u00e7o das Antas","Projeto Social"],"articleSection":["Destaques","Geral"],"inLanguage":"pt-BR","potentialAction":[{"@type":"CommentAction","name":"Comment","target":["https:\/\/folhapopular.info\/index.php\/2021\/04\/19\/declaracao-do-imposto-de-renda-pode-contribuir-com-projeto-social-em-poco-das-antas\/#respond"]}]},{"@type":"WebPage","@id":"https:\/\/folhapopular.info\/index.php\/2021\/04\/19\/declaracao-do-imposto-de-renda-pode-contribuir-com-projeto-social-em-poco-das-antas\/","url":"https:\/\/folhapopular.info\/index.php\/2021\/04\/19\/declaracao-do-imposto-de-renda-pode-contribuir-com-projeto-social-em-poco-das-antas\/","name":"Declara\u00e7\u00e3o do Imposto de Renda pode contribuir com projeto social em Po\u00e7o das Antas - Folha Popular","isPartOf":{"@id":"https:\/\/folhapopular.info\/#website"},"primaryImageOfPage":{"@id":"https:\/\/folhapopular.info\/index.php\/2021\/04\/19\/declaracao-do-imposto-de-renda-pode-contribuir-com-projeto-social-em-poco-das-antas\/#primaryimage"},"image":{"@id":"https:\/\/folhapopular.info\/index.php\/2021\/04\/19\/declaracao-do-imposto-de-renda-pode-contribuir-com-projeto-social-em-poco-das-antas\/#primaryimage"},"thumbnailUrl":"https:\/\/folhapopular.info\/wp-content\/uploads\/2021\/04\/9-1-e1618834403365.png","datePublished":"2021-04-19T12:13:38+00:00","dateModified":"2021-04-19T12:34:41+00:00","author":{"@id":"https:\/\/folhapopular.info\/#\/schema\/person\/2814e8a0df7643585a9ca38bc6eb9d4b"},"breadcrumb":{"@id":"https:\/\/folhapopular.info\/index.php\/2021\/04\/19\/declaracao-do-imposto-de-renda-pode-contribuir-com-projeto-social-em-poco-das-antas\/#breadcrumb"},"inLanguage":"pt-BR","potentialAction":[{"@type":"ReadAction","target":["https:\/\/folhapopular.info\/index.php\/2021\/04\/19\/declaracao-do-imposto-de-renda-pode-contribuir-com-projeto-social-em-poco-das-antas\/"]}]},{"@type":"ImageObject","inLanguage":"pt-BR","@id":"https:\/\/folhapopular.info\/index.php\/2021\/04\/19\/declaracao-do-imposto-de-renda-pode-contribuir-com-projeto-social-em-poco-das-antas\/#primaryimage","url":"https:\/\/folhapopular.info\/wp-content\/uploads\/2021\/04\/9-1-e1618834403365.png","contentUrl":"https:\/\/folhapopular.info\/wp-content\/uploads\/2021\/04\/9-1-e1618834403365.png","width":800,"height":303,"caption":"Cr\u00e9dito da foto: Prefeitura de Po\u00e7o das Antas"},{"@type":"BreadcrumbList","@id":"https:\/\/folhapopular.info\/index.php\/2021\/04\/19\/declaracao-do-imposto-de-renda-pode-contribuir-com-projeto-social-em-poco-das-antas\/#breadcrumb","itemListElement":[{"@type":"ListItem","position":1,"name":"In\u00edcio","item":"https:\/\/folhapopular.info\/"},{"@type":"ListItem","position":2,"name":"Declara\u00e7\u00e3o do Imposto de Renda pode contribuir com projeto social em Po\u00e7o das Antas"}]},{"@type":"WebSite","@id":"https:\/\/folhapopular.info\/#website","url":"https:\/\/folhapopular.info\/","name":"Folha Popular","description":"Onde voc\u00ea tem vez e voz","potentialAction":[{"@type":"SearchAction","target":{"@type":"EntryPoint","urlTemplate":"https:\/\/folhapopular.info\/?s={search_term_string}"},"query-input":{"@type":"PropertyValueSpecification","valueRequired":true,"valueName":"search_term_string"}}],"inLanguage":"pt-BR"},{"@type":"Person","@id":"https:\/\/folhapopular.info\/#\/schema\/person\/2814e8a0df7643585a9ca38bc6eb9d4b","name":"Reda\u00e7\u00e3o Folha Popular","image":{"@type":"ImageObject","inLanguage":"pt-BR","@id":"https:\/\/folhapopular.info\/wp-content\/uploads\/2026\/04\/Folha-1.webp","url":"https:\/\/folhapopular.info\/wp-content\/uploads\/2026\/04\/Folha-1.webp","contentUrl":"https:\/\/folhapopular.info\/wp-content\/uploads\/2026\/04\/Folha-1.webp","caption":"Reda\u00e7\u00e3o Folha Popular"},"url":"https:\/\/folhapopular.info\/index.php\/author\/redacao\/"}]}},"jetpack_featured_media_url":"https:\/\/folhapopular.info\/wp-content\/uploads\/2021\/04\/9-1-e1618834403365.png","jetpack_sharing_enabled":true,"amp_enabled":true,"_links":{"self":[{"href":"https:\/\/folhapopular.info\/index.php\/wp-json\/wp\/v2\/posts\/82311","targetHints":{"allow":["GET"]}}],"collection":[{"href":"https:\/\/folhapopular.info\/index.php\/wp-json\/wp\/v2\/posts"}],"about":[{"href":"https:\/\/folhapopular.info\/index.php\/wp-json\/wp\/v2\/types\/post"}],"author":[{"embeddable":true,"href":"https:\/\/folhapopular.info\/index.php\/wp-json\/wp\/v2\/users\/8"}],"replies":[{"embeddable":true,"href":"https:\/\/folhapopular.info\/index.php\/wp-json\/wp\/v2\/comments?post=82311"}],"version-history":[{"count":0,"href":"https:\/\/folhapopular.info\/index.php\/wp-json\/wp\/v2\/posts\/82311\/revisions"}],"wp:featuredmedia":[{"embeddable":true,"href":"https:\/\/folhapopular.info\/index.php\/wp-json\/wp\/v2\/media\/82313"}],"wp:attachment":[{"href":"https:\/\/folhapopular.info\/index.php\/wp-json\/wp\/v2\/media?parent=82311"}],"wp:term":[{"taxonomy":"category","embeddable":true,"href":"https:\/\/folhapopular.info\/index.php\/wp-json\/wp\/v2\/categories?post=82311"},{"taxonomy":"post_tag","embeddable":true,"href":"https:\/\/folhapopular.info\/index.php\/wp-json\/wp\/v2\/tags?post=82311"}],"curies":[{"name":"wp","href":"https:\/\/api.w.org\/{rel}","templated":true}]}}