{"id":82334,"date":"2021-04-20T12:00:00","date_gmt":"2021-04-20T15:00:00","guid":{"rendered":"https:\/\/folhapopular.info\/?p=82334"},"modified":"2021-04-20T14:50:20","modified_gmt":"2021-04-20T17:50:20","slug":"ela-era-o-combustivel-da-familia-toda","status":"publish","type":"post","link":"https:\/\/folhapopular.info\/index.php\/2021\/04\/20\/ela-era-o-combustivel-da-familia-toda\/","title":{"rendered":"\u201cEla era o combust\u00edvel da fam\u00edlia toda\u201d"},"content":{"rendered":"<p>\u201cFeche os olhos. O que voc\u00ea v\u00ea? Nada, n\u00e3o \u00e9? Esse \u00e9 o meu mundo sem voc\u00ea\u201d. Este foi o trecho de um v\u00eddeo gravado por Jaqueline Kolling Borges. Dias ap\u00f3s sua partida, a prima Diulia de Souza republicou as imagens. Na legenda, a frase: \u201cesse \u00e9 o mundo sem voc\u00ea, Jaquinha. N\u00e3o \u00e9 nada\u201d&#8230;. <\/p>\n<div class=\"pmpro\">\n<div class=\"pmpro_card pmpro_content_message\">\n<div class=\"pmpro_card_content\">Este conte\u00fado \u00e9 apenas para associados Grupo Popular &#8211; Conte\u00fado Total Anual e Grupo Popular &#8211; Conte\u00fado Total Mensal. <br \/><a href=\"https:\/\/folhapopular.info\/wp-login.php?action=register\">Cadastre-se<\/a><\/div>\n<div class=\"pmpro_card_actions pmpro_font-medium\">J\u00e1 se associou? <a href=\"https:\/\/folhapopular.info\/wp-login.php?redirect_to=https%3A%2F%2Ffolhapopular.info%2Findex.php%2F2021%2F04%2F20%2Fela-era-o-combustivel-da-familia-toda%2F\">Acesse aqui<\/a><\/div>\n<\/div>\n<\/div>\n","protected":false},"excerpt":{"rendered":"<p>\u201cFeche os olhos. O que voc\u00ea v\u00ea? Nada, n\u00e3o \u00e9? Esse \u00e9 o meu mundo sem voc\u00ea\u201d. Este foi o trecho de um v\u00eddeo gravado por Jaqueline Kolling Borges. Dias ap\u00f3s sua partida, a prima Diulia de Souza republicou as imagens. Na legenda, a frase: \u201cesse \u00e9 o mundo sem voc\u00ea, Jaquinha. N\u00e3o \u00e9 nada\u201d.... <\/p>\n<div class=\"pmpro\"><div class=\"pmpro_card pmpro_content_message\"><div class=\"pmpro_card_content\">Este conte\u00fado \u00e9 apenas para associados Grupo Popular - Conte\u00fado Total Anual e Grupo Popular - Conte\u00fado Total Mensal. <br \/><a href=\"https:\/\/folhapopular.info\/wp-login.php?action=register\">Cadastre-se<\/a><\/div><div class=\"pmpro_card_actions pmpro_font-medium\">J\u00e1 se associou? <a href=\"https:\/\/folhapopular.info\/wp-login.php?redirect_to=https%3A%2F%2Ffolhapopular.info%2Findex.php%2F2021%2F04%2F20%2Fela-era-o-combustivel-da-familia-toda%2F\">Acesse aqui<\/a><\/div><\/div><\/div>","protected":false},"author":8,"featured_media":82343,"comment_status":"open","ping_status":"open","sticky":false,"template":"","format":"standard","meta":{"pmpro_default_level":"","_jetpack_memberships_contains_paid_content":false,"footnotes":""},"categories":[5990,2,3],"tags":[6547,46],"class_list":{"0":"post-82334","1":"post","2":"type-post","3":"status-publish","4":"format-standard","5":"has-post-thumbnail","7":"category-conteudo-exclusivo","8":"category-featured","9":"category-geral","10":"tag-historias","11":"tag-paverama","12":"pmpro-level-required","13":"pmpro-level-2","14":"pmpro-level-4","15":"pmpro-level-5","16":"pmpro-no-access"},"yoast_head":"<!-- This site is optimized with the Yoast SEO plugin v27.5 - https:\/\/yoast.com\/product\/yoast-seo-wordpress\/ -->\n<title>\u201cEla era o combust\u00edvel da fam\u00edlia toda\u201d - Folha Popular<\/title>\n<meta name=\"robots\" content=\"index, follow, max-snippet:-1, max-image-preview:large, max-video-preview:-1\" \/>\n<link rel=\"canonical\" href=\"https:\/\/folhapopular.info\/index.php\/2021\/04\/20\/ela-era-o-combustivel-da-familia-toda\/\" \/>\n<meta property=\"og:locale\" content=\"pt_BR\" \/>\n<meta property=\"og:type\" content=\"article\" \/>\n<meta property=\"og:title\" content=\"\u201cEla era o combust\u00edvel da fam\u00edlia toda\u201d - Folha Popular\" \/>\n<meta property=\"og:description\" content=\"\u201cFeche os olhos. O que voc\u00ea v\u00ea? Nada, n\u00e3o \u00e9? Esse \u00e9 o meu mundo sem voc\u00ea\u201d. Este foi o trecho de um v\u00eddeo gravado por Jaqueline Kolling Borges. Dias ap\u00f3s sua partida, a prima Diulia de Souza republicou as imagens. Na legenda, a frase: \u201cesse \u00e9 o mundo sem voc\u00ea, Jaquinha. N\u00e3o \u00e9 nada\u201d. [&hellip;]\" \/>\n<meta property=\"og:url\" content=\"https:\/\/folhapopular.info\/index.php\/2021\/04\/20\/ela-era-o-combustivel-da-familia-toda\/\" \/>\n<meta property=\"og:site_name\" content=\"Folha Popular\" \/>\n<meta property=\"article:published_time\" content=\"2021-04-20T15:00:00+00:00\" \/>\n<meta property=\"article:modified_time\" content=\"2021-04-20T17:50:20+00:00\" \/>\n<meta property=\"og:image\" content=\"https:\/\/folhapopular.info\/wp-content\/uploads\/2021\/04\/Jaque-e-a-prima-Diulia-e1618854314282.jpg\" \/>\n\t<meta property=\"og:image:width\" content=\"800\" \/>\n\t<meta property=\"og:image:height\" content=\"600\" \/>\n\t<meta property=\"og:image:type\" content=\"image\/jpeg\" \/>\n<meta name=\"author\" content=\"Reda\u00e7\u00e3o Folha Popular\" \/>\n<meta name=\"twitter:card\" content=\"summary_large_image\" \/>\n<meta name=\"twitter:label1\" content=\"Escrito por\" \/>\n\t<meta name=\"twitter:data1\" content=\"Reda\u00e7\u00e3o Folha Popular\" \/>\n\t<meta name=\"twitter:label2\" content=\"Est. tempo de leitura\" \/>\n\t<meta name=\"twitter:data2\" content=\"5 minutos\" \/>\n<script type=\"application\/ld+json\" class=\"yoast-schema-graph\">{\"@context\":\"https:\\\/\\\/schema.org\",\"@graph\":[{\"@type\":\"Article\",\"@id\":\"https:\\\/\\\/folhapopular.info\\\/index.php\\\/2021\\\/04\\\/20\\\/ela-era-o-combustivel-da-familia-toda\\\/#article\",\"isPartOf\":{\"@id\":\"https:\\\/\\\/folhapopular.info\\\/index.php\\\/2021\\\/04\\\/20\\\/ela-era-o-combustivel-da-familia-toda\\\/\"},\"author\":{\"name\":\"Reda\u00e7\u00e3o Folha Popular\",\"@id\":\"https:\\\/\\\/folhapopular.info\\\/#\\\/schema\\\/person\\\/2814e8a0df7643585a9ca38bc6eb9d4b\"},\"headline\":\"\u201cEla era o combust\u00edvel da fam\u00edlia toda\u201d\",\"datePublished\":\"2021-04-20T15:00:00+00:00\",\"dateModified\":\"2021-04-20T17:50:20+00:00\",\"mainEntityOfPage\":{\"@id\":\"https:\\\/\\\/folhapopular.info\\\/index.php\\\/2021\\\/04\\\/20\\\/ela-era-o-combustivel-da-familia-toda\\\/\"},\"wordCount\":1033,\"commentCount\":0,\"image\":{\"@id\":\"https:\\\/\\\/folhapopular.info\\\/index.php\\\/2021\\\/04\\\/20\\\/ela-era-o-combustivel-da-familia-toda\\\/#primaryimage\"},\"thumbnailUrl\":\"https:\\\/\\\/folhapopular.info\\\/wp-content\\\/uploads\\\/2021\\\/04\\\/Jaque-e-a-prima-Diulia-e1618854314282.jpg\",\"keywords\":[\"Hist\u00f3rias\",\"Paverama\"],\"articleSection\":[\"Conte\u00fado Exclusivo\",\"Destaques\",\"Geral\"],\"inLanguage\":\"pt-BR\",\"potentialAction\":[{\"@type\":\"CommentAction\",\"name\":\"Comment\",\"target\":[\"https:\\\/\\\/folhapopular.info\\\/index.php\\\/2021\\\/04\\\/20\\\/ela-era-o-combustivel-da-familia-toda\\\/#respond\"]}]},{\"@type\":\"WebPage\",\"@id\":\"https:\\\/\\\/folhapopular.info\\\/index.php\\\/2021\\\/04\\\/20\\\/ela-era-o-combustivel-da-familia-toda\\\/\",\"url\":\"https:\\\/\\\/folhapopular.info\\\/index.php\\\/2021\\\/04\\\/20\\\/ela-era-o-combustivel-da-familia-toda\\\/\",\"name\":\"\u201cEla era o combust\u00edvel da fam\u00edlia toda\u201d - Folha Popular\",\"isPartOf\":{\"@id\":\"https:\\\/\\\/folhapopular.info\\\/#website\"},\"primaryImageOfPage\":{\"@id\":\"https:\\\/\\\/folhapopular.info\\\/index.php\\\/2021\\\/04\\\/20\\\/ela-era-o-combustivel-da-familia-toda\\\/#primaryimage\"},\"image\":{\"@id\":\"https:\\\/\\\/folhapopular.info\\\/index.php\\\/2021\\\/04\\\/20\\\/ela-era-o-combustivel-da-familia-toda\\\/#primaryimage\"},\"thumbnailUrl\":\"https:\\\/\\\/folhapopular.info\\\/wp-content\\\/uploads\\\/2021\\\/04\\\/Jaque-e-a-prima-Diulia-e1618854314282.jpg\",\"datePublished\":\"2021-04-20T15:00:00+00:00\",\"dateModified\":\"2021-04-20T17:50:20+00:00\",\"author\":{\"@id\":\"https:\\\/\\\/folhapopular.info\\\/#\\\/schema\\\/person\\\/2814e8a0df7643585a9ca38bc6eb9d4b\"},\"breadcrumb\":{\"@id\":\"https:\\\/\\\/folhapopular.info\\\/index.php\\\/2021\\\/04\\\/20\\\/ela-era-o-combustivel-da-familia-toda\\\/#breadcrumb\"},\"inLanguage\":\"pt-BR\",\"potentialAction\":[{\"@type\":\"ReadAction\",\"target\":[\"https:\\\/\\\/folhapopular.info\\\/index.php\\\/2021\\\/04\\\/20\\\/ela-era-o-combustivel-da-familia-toda\\\/\"]}]},{\"@type\":\"ImageObject\",\"inLanguage\":\"pt-BR\",\"@id\":\"https:\\\/\\\/folhapopular.info\\\/index.php\\\/2021\\\/04\\\/20\\\/ela-era-o-combustivel-da-familia-toda\\\/#primaryimage\",\"url\":\"https:\\\/\\\/folhapopular.info\\\/wp-content\\\/uploads\\\/2021\\\/04\\\/Jaque-e-a-prima-Diulia-e1618854314282.jpg\",\"contentUrl\":\"https:\\\/\\\/folhapopular.info\\\/wp-content\\\/uploads\\\/2021\\\/04\\\/Jaque-e-a-prima-Diulia-e1618854314282.jpg\",\"width\":800,\"height\":600,\"caption\":\"Diulia esteve ao lado da prima durante as interna\u00e7\u00f5es \\\/ Cr\u00e9dito da foto: Arquivo Pessoal\"},{\"@type\":\"BreadcrumbList\",\"@id\":\"https:\\\/\\\/folhapopular.info\\\/index.php\\\/2021\\\/04\\\/20\\\/ela-era-o-combustivel-da-familia-toda\\\/#breadcrumb\",\"itemListElement\":[{\"@type\":\"ListItem\",\"position\":1,\"name\":\"In\u00edcio\",\"item\":\"https:\\\/\\\/folhapopular.info\\\/\"},{\"@type\":\"ListItem\",\"position\":2,\"name\":\"\u201cEla era o combust\u00edvel da fam\u00edlia toda\u201d\"}]},{\"@type\":\"WebSite\",\"@id\":\"https:\\\/\\\/folhapopular.info\\\/#website\",\"url\":\"https:\\\/\\\/folhapopular.info\\\/\",\"name\":\"Folha Popular\",\"description\":\"Onde voc\u00ea tem vez e voz\",\"potentialAction\":[{\"@type\":\"SearchAction\",\"target\":{\"@type\":\"EntryPoint\",\"urlTemplate\":\"https:\\\/\\\/folhapopular.info\\\/?s={search_term_string}\"},\"query-input\":{\"@type\":\"PropertyValueSpecification\",\"valueRequired\":true,\"valueName\":\"search_term_string\"}}],\"inLanguage\":\"pt-BR\"},{\"@type\":\"Person\",\"@id\":\"https:\\\/\\\/folhapopular.info\\\/#\\\/schema\\\/person\\\/2814e8a0df7643585a9ca38bc6eb9d4b\",\"name\":\"Reda\u00e7\u00e3o Folha Popular\",\"image\":{\"@type\":\"ImageObject\",\"inLanguage\":\"pt-BR\",\"@id\":\"https:\\\/\\\/folhapopular.info\\\/wp-content\\\/uploads\\\/2026\\\/04\\\/Folha-1.webp\",\"url\":\"https:\\\/\\\/folhapopular.info\\\/wp-content\\\/uploads\\\/2026\\\/04\\\/Folha-1.webp\",\"contentUrl\":\"https:\\\/\\\/folhapopular.info\\\/wp-content\\\/uploads\\\/2026\\\/04\\\/Folha-1.webp\",\"caption\":\"Reda\u00e7\u00e3o Folha Popular\"},\"url\":\"https:\\\/\\\/folhapopular.info\\\/index.php\\\/author\\\/redacao\\\/\"}]}<\/script>\n<!-- \/ Yoast SEO plugin. -->","yoast_head_json":{"title":"\u201cEla era o combust\u00edvel da fam\u00edlia toda\u201d - Folha Popular","robots":{"index":"index","follow":"follow","max-snippet":"max-snippet:-1","max-image-preview":"max-image-preview:large","max-video-preview":"max-video-preview:-1"},"canonical":"https:\/\/folhapopular.info\/index.php\/2021\/04\/20\/ela-era-o-combustivel-da-familia-toda\/","og_locale":"pt_BR","og_type":"article","og_title":"\u201cEla era o combust\u00edvel da fam\u00edlia toda\u201d - Folha Popular","og_description":"\u201cFeche os olhos. O que voc\u00ea v\u00ea? Nada, n\u00e3o \u00e9? Esse \u00e9 o meu mundo sem voc\u00ea\u201d. Este foi o trecho de um v\u00eddeo gravado por Jaqueline Kolling Borges. Dias ap\u00f3s sua partida, a prima Diulia de Souza republicou as imagens. Na legenda, a frase: \u201cesse \u00e9 o mundo sem voc\u00ea, Jaquinha. N\u00e3o \u00e9 nada\u201d. [&hellip;]","og_url":"https:\/\/folhapopular.info\/index.php\/2021\/04\/20\/ela-era-o-combustivel-da-familia-toda\/","og_site_name":"Folha Popular","article_published_time":"2021-04-20T15:00:00+00:00","article_modified_time":"2021-04-20T17:50:20+00:00","og_image":[{"width":800,"height":600,"url":"https:\/\/folhapopular.info\/wp-content\/uploads\/2021\/04\/Jaque-e-a-prima-Diulia-e1618854314282.jpg","type":"image\/jpeg"}],"author":"Reda\u00e7\u00e3o Folha Popular","twitter_card":"summary_large_image","twitter_misc":{"Escrito por":"Reda\u00e7\u00e3o Folha Popular","Est. tempo de leitura":"5 minutos"},"schema":{"@context":"https:\/\/schema.org","@graph":[{"@type":"Article","@id":"https:\/\/folhapopular.info\/index.php\/2021\/04\/20\/ela-era-o-combustivel-da-familia-toda\/#article","isPartOf":{"@id":"https:\/\/folhapopular.info\/index.php\/2021\/04\/20\/ela-era-o-combustivel-da-familia-toda\/"},"author":{"name":"Reda\u00e7\u00e3o Folha Popular","@id":"https:\/\/folhapopular.info\/#\/schema\/person\/2814e8a0df7643585a9ca38bc6eb9d4b"},"headline":"\u201cEla era o combust\u00edvel da fam\u00edlia toda\u201d","datePublished":"2021-04-20T15:00:00+00:00","dateModified":"2021-04-20T17:50:20+00:00","mainEntityOfPage":{"@id":"https:\/\/folhapopular.info\/index.php\/2021\/04\/20\/ela-era-o-combustivel-da-familia-toda\/"},"wordCount":1033,"commentCount":0,"image":{"@id":"https:\/\/folhapopular.info\/index.php\/2021\/04\/20\/ela-era-o-combustivel-da-familia-toda\/#primaryimage"},"thumbnailUrl":"https:\/\/folhapopular.info\/wp-content\/uploads\/2021\/04\/Jaque-e-a-prima-Diulia-e1618854314282.jpg","keywords":["Hist\u00f3rias","Paverama"],"articleSection":["Conte\u00fado Exclusivo","Destaques","Geral"],"inLanguage":"pt-BR","potentialAction":[{"@type":"CommentAction","name":"Comment","target":["https:\/\/folhapopular.info\/index.php\/2021\/04\/20\/ela-era-o-combustivel-da-familia-toda\/#respond"]}]},{"@type":"WebPage","@id":"https:\/\/folhapopular.info\/index.php\/2021\/04\/20\/ela-era-o-combustivel-da-familia-toda\/","url":"https:\/\/folhapopular.info\/index.php\/2021\/04\/20\/ela-era-o-combustivel-da-familia-toda\/","name":"\u201cEla era o combust\u00edvel da fam\u00edlia toda\u201d - Folha Popular","isPartOf":{"@id":"https:\/\/folhapopular.info\/#website"},"primaryImageOfPage":{"@id":"https:\/\/folhapopular.info\/index.php\/2021\/04\/20\/ela-era-o-combustivel-da-familia-toda\/#primaryimage"},"image":{"@id":"https:\/\/folhapopular.info\/index.php\/2021\/04\/20\/ela-era-o-combustivel-da-familia-toda\/#primaryimage"},"thumbnailUrl":"https:\/\/folhapopular.info\/wp-content\/uploads\/2021\/04\/Jaque-e-a-prima-Diulia-e1618854314282.jpg","datePublished":"2021-04-20T15:00:00+00:00","dateModified":"2021-04-20T17:50:20+00:00","author":{"@id":"https:\/\/folhapopular.info\/#\/schema\/person\/2814e8a0df7643585a9ca38bc6eb9d4b"},"breadcrumb":{"@id":"https:\/\/folhapopular.info\/index.php\/2021\/04\/20\/ela-era-o-combustivel-da-familia-toda\/#breadcrumb"},"inLanguage":"pt-BR","potentialAction":[{"@type":"ReadAction","target":["https:\/\/folhapopular.info\/index.php\/2021\/04\/20\/ela-era-o-combustivel-da-familia-toda\/"]}]},{"@type":"ImageObject","inLanguage":"pt-BR","@id":"https:\/\/folhapopular.info\/index.php\/2021\/04\/20\/ela-era-o-combustivel-da-familia-toda\/#primaryimage","url":"https:\/\/folhapopular.info\/wp-content\/uploads\/2021\/04\/Jaque-e-a-prima-Diulia-e1618854314282.jpg","contentUrl":"https:\/\/folhapopular.info\/wp-content\/uploads\/2021\/04\/Jaque-e-a-prima-Diulia-e1618854314282.jpg","width":800,"height":600,"caption":"Diulia esteve ao lado da prima durante as interna\u00e7\u00f5es \/ Cr\u00e9dito da foto: Arquivo Pessoal"},{"@type":"BreadcrumbList","@id":"https:\/\/folhapopular.info\/index.php\/2021\/04\/20\/ela-era-o-combustivel-da-familia-toda\/#breadcrumb","itemListElement":[{"@type":"ListItem","position":1,"name":"In\u00edcio","item":"https:\/\/folhapopular.info\/"},{"@type":"ListItem","position":2,"name":"\u201cEla era o combust\u00edvel da fam\u00edlia toda\u201d"}]},{"@type":"WebSite","@id":"https:\/\/folhapopular.info\/#website","url":"https:\/\/folhapopular.info\/","name":"Folha Popular","description":"Onde voc\u00ea tem vez e voz","potentialAction":[{"@type":"SearchAction","target":{"@type":"EntryPoint","urlTemplate":"https:\/\/folhapopular.info\/?s={search_term_string}"},"query-input":{"@type":"PropertyValueSpecification","valueRequired":true,"valueName":"search_term_string"}}],"inLanguage":"pt-BR"},{"@type":"Person","@id":"https:\/\/folhapopular.info\/#\/schema\/person\/2814e8a0df7643585a9ca38bc6eb9d4b","name":"Reda\u00e7\u00e3o Folha Popular","image":{"@type":"ImageObject","inLanguage":"pt-BR","@id":"https:\/\/folhapopular.info\/wp-content\/uploads\/2026\/04\/Folha-1.webp","url":"https:\/\/folhapopular.info\/wp-content\/uploads\/2026\/04\/Folha-1.webp","contentUrl":"https:\/\/folhapopular.info\/wp-content\/uploads\/2026\/04\/Folha-1.webp","caption":"Reda\u00e7\u00e3o Folha Popular"},"url":"https:\/\/folhapopular.info\/index.php\/author\/redacao\/"}]}},"jetpack_featured_media_url":"https:\/\/folhapopular.info\/wp-content\/uploads\/2021\/04\/Jaque-e-a-prima-Diulia-e1618854314282.jpg","jetpack_sharing_enabled":true,"amp_enabled":true,"_links":{"self":[{"href":"https:\/\/folhapopular.info\/index.php\/wp-json\/wp\/v2\/posts\/82334","targetHints":{"allow":["GET"]}}],"collection":[{"href":"https:\/\/folhapopular.info\/index.php\/wp-json\/wp\/v2\/posts"}],"about":[{"href":"https:\/\/folhapopular.info\/index.php\/wp-json\/wp\/v2\/types\/post"}],"author":[{"embeddable":true,"href":"https:\/\/folhapopular.info\/index.php\/wp-json\/wp\/v2\/users\/8"}],"replies":[{"embeddable":true,"href":"https:\/\/folhapopular.info\/index.php\/wp-json\/wp\/v2\/comments?post=82334"}],"version-history":[{"count":0,"href":"https:\/\/folhapopular.info\/index.php\/wp-json\/wp\/v2\/posts\/82334\/revisions"}],"wp:featuredmedia":[{"embeddable":true,"href":"https:\/\/folhapopular.info\/index.php\/wp-json\/wp\/v2\/media\/82343"}],"wp:attachment":[{"href":"https:\/\/folhapopular.info\/index.php\/wp-json\/wp\/v2\/media?parent=82334"}],"wp:term":[{"taxonomy":"category","embeddable":true,"href":"https:\/\/folhapopular.info\/index.php\/wp-json\/wp\/v2\/categories?post=82334"},{"taxonomy":"post_tag","embeddable":true,"href":"https:\/\/folhapopular.info\/index.php\/wp-json\/wp\/v2\/tags?post=82334"}],"curies":[{"name":"wp","href":"https:\/\/api.w.org\/{rel}","templated":true}]}}