{"id":82508,"date":"2021-04-22T12:00:00","date_gmt":"2021-04-22T15:00:00","guid":{"rendered":"https:\/\/folhapopular.info\/?p=82508"},"modified":"2021-04-22T14:27:59","modified_gmt":"2021-04-22T17:27:59","slug":"cartorios-do-rio-grande-do-sul-registram-reducao-de-obitos-de-idosos-e-aumento-na-faixa-de-20-a-59-anos","status":"publish","type":"post","link":"https:\/\/folhapopular.info\/index.php\/2021\/04\/22\/cartorios-do-rio-grande-do-sul-registram-reducao-de-obitos-de-idosos-e-aumento-na-faixa-de-20-a-59-anos\/","title":{"rendered":"Cart\u00f3rios do Rio Grande do Sul registram redu\u00e7\u00e3o de \u00f3bitos de idosos e aumento na faixa de 20 a 59 anos"},"content":{"rendered":"\n<p>Ainda que em ritmo lento e muitas vezes prejudicada pela falta de insumos e doses, a vacina\u00e7\u00e3o em massa de sua popula\u00e7\u00e3o \u00e9 mesmo a grande sa\u00edda para o Rio Grande do Sul superar a grave crise de sa\u00fade p\u00fablica e os preju\u00edzos \u00e0 economia causados pela Covid-19 que, em mar\u00e7o deste ano, registrou o maior \u00edndice de mortes no Estado e, em abril, j\u00e1 supera o n\u00famero de nascimentos.<\/p>\n\n\n\n<p>Este \u00e9 o caminho que apontam os dados de \u00f3bitos contabilizados pelos Cart\u00f3rios de Registro Civil do Pa\u00eds, que mostram uma redu\u00e7\u00e3o de 61% nas mortes de pessoas entre 90 e 99 anos; de 63% entre aquelas de 80 a 89 anos; e de 3% entre os que possuem entre 70 e 79 anos &#8211; este \u00faltimo grupo ainda em per\u00edodo de quarentena entre as aplica\u00e7\u00f5es de doses e efeito da vacina -, na compara\u00e7\u00e3o entre a m\u00e9dia de \u00f3bitos destes grupos desde o in\u00edcio da pandemia e os primeiros 15 dias do m\u00eas de abril deste ano.<\/p>\n\n\n\n<p>Os idosos da faixa et\u00e1ria entre 90 e 99 anos representavam, em m\u00e9dia, 6,6% do total de mortos pela Covid-19 desde o in\u00edcio da pandemia. Em mar\u00e7o, j\u00e1 com os primeiros reflexos da vacina\u00e7\u00e3o para esta idade, passaram a representar 3,5% dos \u00f3bitos e, nos primeiros dias de abril, 2,5% do total de falecimentos. A faixa entre 80 e 89 anos, passou de uma m\u00e9dia de 24,7% do total de mortos para 15,2% em mar\u00e7o, e para 9,1% em abril. J\u00e1 os \u00f3bitos entre a popula\u00e7\u00e3o de 70 a 79 anos que, em muitos Estados, acabou de receber a 2\u00aa dose da vacina, passou de uma m\u00e9dia 25,4% do total de \u00f3bitos para 24,6% em abril, dando in\u00edcio a uma redu\u00e7\u00e3o.<\/p>\n\n\n\n<p>Os dados constam no Portal da Transpar\u00eancia do Registro Civil (<a href=\"http:\/\/transparencia.registrocivil.org.br\/inicio\" target=\"_blank\" rel=\"noreferrer noopener\">http:\/\/transparencia.registrocivil.org.br\/inicio<\/a>), base de dados abastecida em tempo real pelos atos de nascimentos, casamentos e \u00f3bitos praticados pelos Cart\u00f3rios de Registro Civil do Pa\u00eds, administrada pela Associa\u00e7\u00e3o Nacional dos Registradores de Pessoas Naturais (Arpen-Brasil), cruzados com os dados hist\u00f3ricos do estudo Estat\u00edsticas do Registro Civil, promovido pelo Instituto Brasileiro de Geografia e Estat\u00edstica (IBGE), com base nos dados dos pr\u00f3prios cart\u00f3rios brasileiros.<\/p>\n\n\n\n<p>&#8220;O Portal da Transpar\u00eancia do Registro Civil permite que possamos ver com transpar\u00eancia os dados sobre o registro de \u00f3bitos ao longo da pandemia, o que faz com que possamos observar que com a vacina\u00e7\u00e3o h\u00e1 essa redu\u00e7\u00e3o nos \u00f3bitos de idosos, e o crescimento nas mortes da popula\u00e7\u00e3o mais jovem&#8221;, aponta o presidente da Associa\u00e7\u00e3o dos Registradores de Pessoas Naturais do Rio Grande do Sul (Arpen\/RS), Sidnei Hofer Birmann.<\/p>\n\n\n\n<p>Mais jovens est\u00e3o morrendo<\/p>\n\n\n\n<p>Se no come\u00e7o da pandemia, a faixa et\u00e1ria de pessoas com idades entre 60 e 89 anos eram aquelas que proporcionalmente mais vinham a \u00f3bito causado pelo novo coronav\u00edrus no Rio Grande do Sul, este cen\u00e1rio come\u00e7a a se alterar, com o aumento proporcional de mortes entre pessoas de faixa et\u00e1ria mais jovem, que v\u00e3o dos 20 aos 59 anos. A mudan\u00e7a teve in\u00edcio em fevereiro, com aumento em mar\u00e7o, que se mant\u00e9m nos primeiros dias de abril.<\/p>\n\n\n\n<p>Os \u00f3bitos de pessoas com idades entre 20 e 29 anos, que at\u00e9 o m\u00eas de mar\u00e7o representavam, em m\u00e9dia, 1% dos falecimentos por Covid, passaram a ser quase 1,2% em abril, o que representa um crescimento de 77% no n\u00famero de mortes nesta faixa et\u00e1ria em rela\u00e7\u00e3o \u00e0 m\u00e9dia do per\u00edodo. J\u00e1 a quantidade de \u00f3bitos de pessoas entre 30 e 39 anos, que representavam, em m\u00e9dia, 3% das mortes, subiram em abril para 4,2%, crescimento de 38% no n\u00famero de mortes por Covi-19.<\/p>\n\n\n\n<p>A faixa de pessoas entre 40 e 49 anos \u00e9 a mais afetada pelo aumento no n\u00famero de falecimentos causados pela nova fase da pandemia. At\u00e9 janeiro de 2021, representavam 4,9% dos \u00f3bitos causados pela doen\u00e7a. Em fevereiro passaram a representar 7,2%, em mar\u00e7o 8,6% e, nos primeiros dias de abril, j\u00e1 representam 10,5% do total de mortos pela doen\u00e7a no RS. Em rela\u00e7\u00e3o \u00e0 m\u00e9dia de \u00f3bitos desde o in\u00edcio da pandemia, esta faixa et\u00e1ria, que representava 5% dos \u00f3bitos, deu um salto, com aumento de 97% do n\u00famero de mortes nos primeiros dias de abril em rela\u00e7\u00e3o \u00e0 m\u00e9dia.<\/p>\n\n\n\n<p>Tamb\u00e9m bastante afetada pela Covid-19 nesta 2\u00aa onda da pandemia, a popula\u00e7\u00e3o com idade entre 50 e 59 anos representava, em m\u00e9dia, 10% do total de mortes pelo novo coronav\u00edrus no primeiro ano completo da pandemia. Em fevereiro passou a representar 10,8%, em mar\u00e7o para 15,3% e, nos primeiros dias de abril, representa 18,3% do total de mortos por Covid-19, um aumento de 76% no n\u00famero de mortes pela doen\u00e7a.<\/p>\n\n\n\n<p>Come\u00e7ando agora a entrar no calend\u00e1rio de vacina\u00e7\u00e3o do estado, a popula\u00e7\u00e3o entre 60 e 69 anos segue sendo afetada pela pandemia. At\u00e9 mar\u00e7o de 2020 representavam, em m\u00e9dia, 21,6% dos \u00f3bitos por Covid no RS. Este n\u00famero vem subindo nos \u00faltimos meses, passando para 25,7% em mar\u00e7o e 29% na primeira quinzena de abril, o que representa um aumento de 33% nos \u00f3bitos causados pela doen\u00e7a.<\/p>\n\n\n\n<p>Sobre a Arpen\/RS<\/p>\n\n\n\n<p>A Associa\u00e7\u00e3o dos Registradores de Pessoas Naturais do Estado do Rio Grande do Sul (Arpen\/RS) \u00e9 a entidade representativa dos 414 Cart\u00f3rios de Registro Civil do Estado, presentes em todos os munic\u00edpios, realizando os principais atos da vida de uma pessoa: nascimento, casamento e \u00f3bito. A Arpen\/RS foi fundada em 24 de janeiro de 1998 e sua sede est\u00e1 localizada no Centro Hist\u00f3rico de Porto Alegre.<\/p>\n","protected":false},"excerpt":{"rendered":"<p>Ainda que em ritmo lento e muitas vezes prejudicada pela falta de insumos e doses, a vacina\u00e7\u00e3o em massa de sua popula\u00e7\u00e3o \u00e9 mesmo a grande sa\u00edda para o Rio Grande do Sul superar a grave crise de sa\u00fade p\u00fablica e os preju\u00edzos \u00e0 economia causados pela Covid-19 que, em mar\u00e7o deste ano, registrou o [&hellip;]<\/p>\n","protected":false},"author":8,"featured_media":82509,"comment_status":"open","ping_status":"open","sticky":false,"template":"","format":"standard","meta":{"pmpro_default_level":"","_jetpack_memberships_contains_paid_content":false,"footnotes":""},"categories":[3],"tags":[176,5659,1794],"class_list":{"0":"post-82508","1":"post","2":"type-post","3":"status-publish","4":"format-standard","5":"has-post-thumbnail","7":"category-geral","8":"tag-estado","9":"tag-reducao","10":"tag-rio-grande-do-sul","11":"pmpro-has-access"},"yoast_head":"<!-- This site is optimized with the Yoast SEO plugin v27.5 - https:\/\/yoast.com\/product\/yoast-seo-wordpress\/ -->\n<title>Cart\u00f3rios do Rio Grande do Sul registram redu\u00e7\u00e3o de \u00f3bitos de idosos e aumento na faixa de 20 a 59 anos - Folha Popular<\/title>\n<meta name=\"robots\" content=\"index, follow, max-snippet:-1, max-image-preview:large, max-video-preview:-1\" \/>\n<link rel=\"canonical\" href=\"https:\/\/folhapopular.info\/index.php\/2021\/04\/22\/cartorios-do-rio-grande-do-sul-registram-reducao-de-obitos-de-idosos-e-aumento-na-faixa-de-20-a-59-anos\/\" \/>\n<meta property=\"og:locale\" content=\"pt_BR\" \/>\n<meta property=\"og:type\" content=\"article\" \/>\n<meta property=\"og:title\" content=\"Cart\u00f3rios do Rio Grande do Sul registram redu\u00e7\u00e3o de \u00f3bitos de idosos e aumento na faixa de 20 a 59 anos - Folha Popular\" \/>\n<meta property=\"og:description\" content=\"Ainda que em ritmo lento e muitas vezes prejudicada pela falta de insumos e doses, a vacina\u00e7\u00e3o em massa de sua popula\u00e7\u00e3o \u00e9 mesmo a grande sa\u00edda para o Rio Grande do Sul superar a grave crise de sa\u00fade p\u00fablica e os preju\u00edzos \u00e0 economia causados pela Covid-19 que, em mar\u00e7o deste ano, registrou o [&hellip;]\" \/>\n<meta property=\"og:url\" content=\"https:\/\/folhapopular.info\/index.php\/2021\/04\/22\/cartorios-do-rio-grande-do-sul-registram-reducao-de-obitos-de-idosos-e-aumento-na-faixa-de-20-a-59-anos\/\" \/>\n<meta property=\"og:site_name\" content=\"Folha Popular\" \/>\n<meta property=\"article:published_time\" content=\"2021-04-22T15:00:00+00:00\" \/>\n<meta property=\"article:modified_time\" content=\"2021-04-22T17:27:59+00:00\" \/>\n<meta property=\"og:image\" content=\"https:\/\/folhapopular.info\/wp-content\/uploads\/2021\/04\/pexels-pixabay-33786-scaled-e1619102520172.jpg\" \/>\n\t<meta property=\"og:image:width\" content=\"800\" \/>\n\t<meta property=\"og:image:height\" content=\"533\" \/>\n\t<meta property=\"og:image:type\" content=\"image\/jpeg\" \/>\n<meta name=\"author\" content=\"Reda\u00e7\u00e3o Folha Popular\" \/>\n<meta name=\"twitter:card\" content=\"summary_large_image\" \/>\n<meta name=\"twitter:label1\" content=\"Escrito por\" \/>\n\t<meta name=\"twitter:data1\" content=\"Reda\u00e7\u00e3o Folha Popular\" \/>\n\t<meta name=\"twitter:label2\" content=\"Est. tempo de leitura\" \/>\n\t<meta name=\"twitter:data2\" content=\"4 minutos\" \/>\n<script type=\"application\/ld+json\" class=\"yoast-schema-graph\">{\"@context\":\"https:\\\/\\\/schema.org\",\"@graph\":[{\"@type\":\"Article\",\"@id\":\"https:\\\/\\\/folhapopular.info\\\/index.php\\\/2021\\\/04\\\/22\\\/cartorios-do-rio-grande-do-sul-registram-reducao-de-obitos-de-idosos-e-aumento-na-faixa-de-20-a-59-anos\\\/#article\",\"isPartOf\":{\"@id\":\"https:\\\/\\\/folhapopular.info\\\/index.php\\\/2021\\\/04\\\/22\\\/cartorios-do-rio-grande-do-sul-registram-reducao-de-obitos-de-idosos-e-aumento-na-faixa-de-20-a-59-anos\\\/\"},\"author\":{\"name\":\"Reda\u00e7\u00e3o Folha Popular\",\"@id\":\"https:\\\/\\\/folhapopular.info\\\/#\\\/schema\\\/person\\\/2814e8a0df7643585a9ca38bc6eb9d4b\"},\"headline\":\"Cart\u00f3rios do Rio Grande do Sul registram redu\u00e7\u00e3o de \u00f3bitos de idosos e aumento na faixa de 20 a 59 anos\",\"datePublished\":\"2021-04-22T15:00:00+00:00\",\"dateModified\":\"2021-04-22T17:27:59+00:00\",\"mainEntityOfPage\":{\"@id\":\"https:\\\/\\\/folhapopular.info\\\/index.php\\\/2021\\\/04\\\/22\\\/cartorios-do-rio-grande-do-sul-registram-reducao-de-obitos-de-idosos-e-aumento-na-faixa-de-20-a-59-anos\\\/\"},\"wordCount\":956,\"commentCount\":0,\"image\":{\"@id\":\"https:\\\/\\\/folhapopular.info\\\/index.php\\\/2021\\\/04\\\/22\\\/cartorios-do-rio-grande-do-sul-registram-reducao-de-obitos-de-idosos-e-aumento-na-faixa-de-20-a-59-anos\\\/#primaryimage\"},\"thumbnailUrl\":\"https:\\\/\\\/folhapopular.info\\\/wp-content\\\/uploads\\\/2021\\\/04\\\/pexels-pixabay-33786-scaled-e1619102520172.jpg\",\"keywords\":[\"Estado\",\"Redu\u00e7\u00e3o\",\"Rio Grande do Sul\"],\"articleSection\":[\"Geral\"],\"inLanguage\":\"pt-BR\",\"potentialAction\":[{\"@type\":\"CommentAction\",\"name\":\"Comment\",\"target\":[\"https:\\\/\\\/folhapopular.info\\\/index.php\\\/2021\\\/04\\\/22\\\/cartorios-do-rio-grande-do-sul-registram-reducao-de-obitos-de-idosos-e-aumento-na-faixa-de-20-a-59-anos\\\/#respond\"]}]},{\"@type\":\"WebPage\",\"@id\":\"https:\\\/\\\/folhapopular.info\\\/index.php\\\/2021\\\/04\\\/22\\\/cartorios-do-rio-grande-do-sul-registram-reducao-de-obitos-de-idosos-e-aumento-na-faixa-de-20-a-59-anos\\\/\",\"url\":\"https:\\\/\\\/folhapopular.info\\\/index.php\\\/2021\\\/04\\\/22\\\/cartorios-do-rio-grande-do-sul-registram-reducao-de-obitos-de-idosos-e-aumento-na-faixa-de-20-a-59-anos\\\/\",\"name\":\"Cart\u00f3rios do Rio Grande do Sul registram redu\u00e7\u00e3o de \u00f3bitos de idosos e aumento na faixa de 20 a 59 anos - Folha Popular\",\"isPartOf\":{\"@id\":\"https:\\\/\\\/folhapopular.info\\\/#website\"},\"primaryImageOfPage\":{\"@id\":\"https:\\\/\\\/folhapopular.info\\\/index.php\\\/2021\\\/04\\\/22\\\/cartorios-do-rio-grande-do-sul-registram-reducao-de-obitos-de-idosos-e-aumento-na-faixa-de-20-a-59-anos\\\/#primaryimage\"},\"image\":{\"@id\":\"https:\\\/\\\/folhapopular.info\\\/index.php\\\/2021\\\/04\\\/22\\\/cartorios-do-rio-grande-do-sul-registram-reducao-de-obitos-de-idosos-e-aumento-na-faixa-de-20-a-59-anos\\\/#primaryimage\"},\"thumbnailUrl\":\"https:\\\/\\\/folhapopular.info\\\/wp-content\\\/uploads\\\/2021\\\/04\\\/pexels-pixabay-33786-scaled-e1619102520172.jpg\",\"datePublished\":\"2021-04-22T15:00:00+00:00\",\"dateModified\":\"2021-04-22T17:27:59+00:00\",\"author\":{\"@id\":\"https:\\\/\\\/folhapopular.info\\\/#\\\/schema\\\/person\\\/2814e8a0df7643585a9ca38bc6eb9d4b\"},\"breadcrumb\":{\"@id\":\"https:\\\/\\\/folhapopular.info\\\/index.php\\\/2021\\\/04\\\/22\\\/cartorios-do-rio-grande-do-sul-registram-reducao-de-obitos-de-idosos-e-aumento-na-faixa-de-20-a-59-anos\\\/#breadcrumb\"},\"inLanguage\":\"pt-BR\",\"potentialAction\":[{\"@type\":\"ReadAction\",\"target\":[\"https:\\\/\\\/folhapopular.info\\\/index.php\\\/2021\\\/04\\\/22\\\/cartorios-do-rio-grande-do-sul-registram-reducao-de-obitos-de-idosos-e-aumento-na-faixa-de-20-a-59-anos\\\/\"]}]},{\"@type\":\"ImageObject\",\"inLanguage\":\"pt-BR\",\"@id\":\"https:\\\/\\\/folhapopular.info\\\/index.php\\\/2021\\\/04\\\/22\\\/cartorios-do-rio-grande-do-sul-registram-reducao-de-obitos-de-idosos-e-aumento-na-faixa-de-20-a-59-anos\\\/#primaryimage\",\"url\":\"https:\\\/\\\/folhapopular.info\\\/wp-content\\\/uploads\\\/2021\\\/04\\\/pexels-pixabay-33786-scaled-e1619102520172.jpg\",\"contentUrl\":\"https:\\\/\\\/folhapopular.info\\\/wp-content\\\/uploads\\\/2021\\\/04\\\/pexels-pixabay-33786-scaled-e1619102520172.jpg\",\"width\":800,\"height\":533,\"caption\":\"Redu\u00e7\u00e3o de \u00f3bitos de idosos e aumento na faixa de 20 a 59 anos. Cr\u00e9dito da foto: Pexels\\\/Divulga\u00e7\u00e3o\"},{\"@type\":\"BreadcrumbList\",\"@id\":\"https:\\\/\\\/folhapopular.info\\\/index.php\\\/2021\\\/04\\\/22\\\/cartorios-do-rio-grande-do-sul-registram-reducao-de-obitos-de-idosos-e-aumento-na-faixa-de-20-a-59-anos\\\/#breadcrumb\",\"itemListElement\":[{\"@type\":\"ListItem\",\"position\":1,\"name\":\"In\u00edcio\",\"item\":\"https:\\\/\\\/folhapopular.info\\\/\"},{\"@type\":\"ListItem\",\"position\":2,\"name\":\"Cart\u00f3rios do Rio Grande do Sul registram redu\u00e7\u00e3o de \u00f3bitos de idosos e aumento na faixa de 20 a 59 anos\"}]},{\"@type\":\"WebSite\",\"@id\":\"https:\\\/\\\/folhapopular.info\\\/#website\",\"url\":\"https:\\\/\\\/folhapopular.info\\\/\",\"name\":\"Folha Popular\",\"description\":\"Onde voc\u00ea tem vez e voz\",\"potentialAction\":[{\"@type\":\"SearchAction\",\"target\":{\"@type\":\"EntryPoint\",\"urlTemplate\":\"https:\\\/\\\/folhapopular.info\\\/?s={search_term_string}\"},\"query-input\":{\"@type\":\"PropertyValueSpecification\",\"valueRequired\":true,\"valueName\":\"search_term_string\"}}],\"inLanguage\":\"pt-BR\"},{\"@type\":\"Person\",\"@id\":\"https:\\\/\\\/folhapopular.info\\\/#\\\/schema\\\/person\\\/2814e8a0df7643585a9ca38bc6eb9d4b\",\"name\":\"Reda\u00e7\u00e3o Folha Popular\",\"image\":{\"@type\":\"ImageObject\",\"inLanguage\":\"pt-BR\",\"@id\":\"https:\\\/\\\/folhapopular.info\\\/wp-content\\\/uploads\\\/2026\\\/04\\\/Folha-1.webp\",\"url\":\"https:\\\/\\\/folhapopular.info\\\/wp-content\\\/uploads\\\/2026\\\/04\\\/Folha-1.webp\",\"contentUrl\":\"https:\\\/\\\/folhapopular.info\\\/wp-content\\\/uploads\\\/2026\\\/04\\\/Folha-1.webp\",\"caption\":\"Reda\u00e7\u00e3o Folha Popular\"},\"url\":\"https:\\\/\\\/folhapopular.info\\\/index.php\\\/author\\\/redacao\\\/\"}]}<\/script>\n<!-- \/ Yoast SEO plugin. -->","yoast_head_json":{"title":"Cart\u00f3rios do Rio Grande do Sul registram redu\u00e7\u00e3o de \u00f3bitos de idosos e aumento na faixa de 20 a 59 anos - Folha Popular","robots":{"index":"index","follow":"follow","max-snippet":"max-snippet:-1","max-image-preview":"max-image-preview:large","max-video-preview":"max-video-preview:-1"},"canonical":"https:\/\/folhapopular.info\/index.php\/2021\/04\/22\/cartorios-do-rio-grande-do-sul-registram-reducao-de-obitos-de-idosos-e-aumento-na-faixa-de-20-a-59-anos\/","og_locale":"pt_BR","og_type":"article","og_title":"Cart\u00f3rios do Rio Grande do Sul registram redu\u00e7\u00e3o de \u00f3bitos de idosos e aumento na faixa de 20 a 59 anos - Folha Popular","og_description":"Ainda que em ritmo lento e muitas vezes prejudicada pela falta de insumos e doses, a vacina\u00e7\u00e3o em massa de sua popula\u00e7\u00e3o \u00e9 mesmo a grande sa\u00edda para o Rio Grande do Sul superar a grave crise de sa\u00fade p\u00fablica e os preju\u00edzos \u00e0 economia causados pela Covid-19 que, em mar\u00e7o deste ano, registrou o [&hellip;]","og_url":"https:\/\/folhapopular.info\/index.php\/2021\/04\/22\/cartorios-do-rio-grande-do-sul-registram-reducao-de-obitos-de-idosos-e-aumento-na-faixa-de-20-a-59-anos\/","og_site_name":"Folha Popular","article_published_time":"2021-04-22T15:00:00+00:00","article_modified_time":"2021-04-22T17:27:59+00:00","og_image":[{"width":800,"height":533,"url":"https:\/\/folhapopular.info\/wp-content\/uploads\/2021\/04\/pexels-pixabay-33786-scaled-e1619102520172.jpg","type":"image\/jpeg"}],"author":"Reda\u00e7\u00e3o Folha Popular","twitter_card":"summary_large_image","twitter_misc":{"Escrito por":"Reda\u00e7\u00e3o Folha Popular","Est. tempo de leitura":"4 minutos"},"schema":{"@context":"https:\/\/schema.org","@graph":[{"@type":"Article","@id":"https:\/\/folhapopular.info\/index.php\/2021\/04\/22\/cartorios-do-rio-grande-do-sul-registram-reducao-de-obitos-de-idosos-e-aumento-na-faixa-de-20-a-59-anos\/#article","isPartOf":{"@id":"https:\/\/folhapopular.info\/index.php\/2021\/04\/22\/cartorios-do-rio-grande-do-sul-registram-reducao-de-obitos-de-idosos-e-aumento-na-faixa-de-20-a-59-anos\/"},"author":{"name":"Reda\u00e7\u00e3o Folha Popular","@id":"https:\/\/folhapopular.info\/#\/schema\/person\/2814e8a0df7643585a9ca38bc6eb9d4b"},"headline":"Cart\u00f3rios do Rio Grande do Sul registram redu\u00e7\u00e3o de \u00f3bitos de idosos e aumento na faixa de 20 a 59 anos","datePublished":"2021-04-22T15:00:00+00:00","dateModified":"2021-04-22T17:27:59+00:00","mainEntityOfPage":{"@id":"https:\/\/folhapopular.info\/index.php\/2021\/04\/22\/cartorios-do-rio-grande-do-sul-registram-reducao-de-obitos-de-idosos-e-aumento-na-faixa-de-20-a-59-anos\/"},"wordCount":956,"commentCount":0,"image":{"@id":"https:\/\/folhapopular.info\/index.php\/2021\/04\/22\/cartorios-do-rio-grande-do-sul-registram-reducao-de-obitos-de-idosos-e-aumento-na-faixa-de-20-a-59-anos\/#primaryimage"},"thumbnailUrl":"https:\/\/folhapopular.info\/wp-content\/uploads\/2021\/04\/pexels-pixabay-33786-scaled-e1619102520172.jpg","keywords":["Estado","Redu\u00e7\u00e3o","Rio Grande do Sul"],"articleSection":["Geral"],"inLanguage":"pt-BR","potentialAction":[{"@type":"CommentAction","name":"Comment","target":["https:\/\/folhapopular.info\/index.php\/2021\/04\/22\/cartorios-do-rio-grande-do-sul-registram-reducao-de-obitos-de-idosos-e-aumento-na-faixa-de-20-a-59-anos\/#respond"]}]},{"@type":"WebPage","@id":"https:\/\/folhapopular.info\/index.php\/2021\/04\/22\/cartorios-do-rio-grande-do-sul-registram-reducao-de-obitos-de-idosos-e-aumento-na-faixa-de-20-a-59-anos\/","url":"https:\/\/folhapopular.info\/index.php\/2021\/04\/22\/cartorios-do-rio-grande-do-sul-registram-reducao-de-obitos-de-idosos-e-aumento-na-faixa-de-20-a-59-anos\/","name":"Cart\u00f3rios do Rio Grande do Sul registram redu\u00e7\u00e3o de \u00f3bitos de idosos e aumento na faixa de 20 a 59 anos - Folha Popular","isPartOf":{"@id":"https:\/\/folhapopular.info\/#website"},"primaryImageOfPage":{"@id":"https:\/\/folhapopular.info\/index.php\/2021\/04\/22\/cartorios-do-rio-grande-do-sul-registram-reducao-de-obitos-de-idosos-e-aumento-na-faixa-de-20-a-59-anos\/#primaryimage"},"image":{"@id":"https:\/\/folhapopular.info\/index.php\/2021\/04\/22\/cartorios-do-rio-grande-do-sul-registram-reducao-de-obitos-de-idosos-e-aumento-na-faixa-de-20-a-59-anos\/#primaryimage"},"thumbnailUrl":"https:\/\/folhapopular.info\/wp-content\/uploads\/2021\/04\/pexels-pixabay-33786-scaled-e1619102520172.jpg","datePublished":"2021-04-22T15:00:00+00:00","dateModified":"2021-04-22T17:27:59+00:00","author":{"@id":"https:\/\/folhapopular.info\/#\/schema\/person\/2814e8a0df7643585a9ca38bc6eb9d4b"},"breadcrumb":{"@id":"https:\/\/folhapopular.info\/index.php\/2021\/04\/22\/cartorios-do-rio-grande-do-sul-registram-reducao-de-obitos-de-idosos-e-aumento-na-faixa-de-20-a-59-anos\/#breadcrumb"},"inLanguage":"pt-BR","potentialAction":[{"@type":"ReadAction","target":["https:\/\/folhapopular.info\/index.php\/2021\/04\/22\/cartorios-do-rio-grande-do-sul-registram-reducao-de-obitos-de-idosos-e-aumento-na-faixa-de-20-a-59-anos\/"]}]},{"@type":"ImageObject","inLanguage":"pt-BR","@id":"https:\/\/folhapopular.info\/index.php\/2021\/04\/22\/cartorios-do-rio-grande-do-sul-registram-reducao-de-obitos-de-idosos-e-aumento-na-faixa-de-20-a-59-anos\/#primaryimage","url":"https:\/\/folhapopular.info\/wp-content\/uploads\/2021\/04\/pexels-pixabay-33786-scaled-e1619102520172.jpg","contentUrl":"https:\/\/folhapopular.info\/wp-content\/uploads\/2021\/04\/pexels-pixabay-33786-scaled-e1619102520172.jpg","width":800,"height":533,"caption":"Redu\u00e7\u00e3o de \u00f3bitos de idosos e aumento na faixa de 20 a 59 anos. Cr\u00e9dito da foto: Pexels\/Divulga\u00e7\u00e3o"},{"@type":"BreadcrumbList","@id":"https:\/\/folhapopular.info\/index.php\/2021\/04\/22\/cartorios-do-rio-grande-do-sul-registram-reducao-de-obitos-de-idosos-e-aumento-na-faixa-de-20-a-59-anos\/#breadcrumb","itemListElement":[{"@type":"ListItem","position":1,"name":"In\u00edcio","item":"https:\/\/folhapopular.info\/"},{"@type":"ListItem","position":2,"name":"Cart\u00f3rios do Rio Grande do Sul registram redu\u00e7\u00e3o de \u00f3bitos de idosos e aumento na faixa de 20 a 59 anos"}]},{"@type":"WebSite","@id":"https:\/\/folhapopular.info\/#website","url":"https:\/\/folhapopular.info\/","name":"Folha Popular","description":"Onde voc\u00ea tem vez e voz","potentialAction":[{"@type":"SearchAction","target":{"@type":"EntryPoint","urlTemplate":"https:\/\/folhapopular.info\/?s={search_term_string}"},"query-input":{"@type":"PropertyValueSpecification","valueRequired":true,"valueName":"search_term_string"}}],"inLanguage":"pt-BR"},{"@type":"Person","@id":"https:\/\/folhapopular.info\/#\/schema\/person\/2814e8a0df7643585a9ca38bc6eb9d4b","name":"Reda\u00e7\u00e3o Folha Popular","image":{"@type":"ImageObject","inLanguage":"pt-BR","@id":"https:\/\/folhapopular.info\/wp-content\/uploads\/2026\/04\/Folha-1.webp","url":"https:\/\/folhapopular.info\/wp-content\/uploads\/2026\/04\/Folha-1.webp","contentUrl":"https:\/\/folhapopular.info\/wp-content\/uploads\/2026\/04\/Folha-1.webp","caption":"Reda\u00e7\u00e3o Folha Popular"},"url":"https:\/\/folhapopular.info\/index.php\/author\/redacao\/"}]}},"jetpack_featured_media_url":"https:\/\/folhapopular.info\/wp-content\/uploads\/2021\/04\/pexels-pixabay-33786-scaled-e1619102520172.jpg","jetpack_sharing_enabled":true,"amp_enabled":true,"_links":{"self":[{"href":"https:\/\/folhapopular.info\/index.php\/wp-json\/wp\/v2\/posts\/82508","targetHints":{"allow":["GET"]}}],"collection":[{"href":"https:\/\/folhapopular.info\/index.php\/wp-json\/wp\/v2\/posts"}],"about":[{"href":"https:\/\/folhapopular.info\/index.php\/wp-json\/wp\/v2\/types\/post"}],"author":[{"embeddable":true,"href":"https:\/\/folhapopular.info\/index.php\/wp-json\/wp\/v2\/users\/8"}],"replies":[{"embeddable":true,"href":"https:\/\/folhapopular.info\/index.php\/wp-json\/wp\/v2\/comments?post=82508"}],"version-history":[{"count":0,"href":"https:\/\/folhapopular.info\/index.php\/wp-json\/wp\/v2\/posts\/82508\/revisions"}],"wp:featuredmedia":[{"embeddable":true,"href":"https:\/\/folhapopular.info\/index.php\/wp-json\/wp\/v2\/media\/82509"}],"wp:attachment":[{"href":"https:\/\/folhapopular.info\/index.php\/wp-json\/wp\/v2\/media?parent=82508"}],"wp:term":[{"taxonomy":"category","embeddable":true,"href":"https:\/\/folhapopular.info\/index.php\/wp-json\/wp\/v2\/categories?post=82508"},{"taxonomy":"post_tag","embeddable":true,"href":"https:\/\/folhapopular.info\/index.php\/wp-json\/wp\/v2\/tags?post=82508"}],"curies":[{"name":"wp","href":"https:\/\/api.w.org\/{rel}","templated":true}]}}