{"id":83081,"date":"2021-05-03T16:00:00","date_gmt":"2021-05-03T19:00:00","guid":{"rendered":"https:\/\/folhapopular.info\/?p=83081"},"modified":"2021-05-03T15:07:25","modified_gmt":"2021-05-03T18:07:25","slug":"alunos-do-ensino-fundamental-retornam-as-aulas-em-lajeado","status":"publish","type":"post","link":"https:\/\/folhapopular.info\/index.php\/2021\/05\/03\/alunos-do-ensino-fundamental-retornam-as-aulas-em-lajeado\/","title":{"rendered":"Alunos do Ensino Fundamental retornam \u00e0s aulas em Lajeado"},"content":{"rendered":"\n<p>Nesta segunda-feira (3\/5) foi a vez dos alunos do 3\u00ba ao 9\u00ba ano do Ensino Fundamental voltarem \u00e0s Escolas Municipais de Lajeado. A partir de agora, tanto alunos das Escolas Municipais de Educa\u00e7\u00e3o Infantil (EMEIs), quanto alunos das Escolas Municipais de Ensino Fundamental podem frequentar aulas presenciais.<\/p>\n\n\n\n<p>Para o retorno destas turmas, a Secretaria da Educa\u00e7\u00e3o (Sed) organizou um ensino h\u00edbrido, ou seja, uma semana de aula presencial e a outra semana em casa para o Fundamental. Isso ocorre em raz\u00e3o da necessidade de dividir as turmas em grupos menores para permitir o distanciamento de 1,5m entre uma crian\u00e7a e outra. As aulas ser\u00e3o em turnos de 4 horas.&nbsp;<\/p>\n\n\n\n<p>Na EMEF Dom Pedro I, localizada no bairro Jardim do Cedro, as crian\u00e7as foram recebidas com bal\u00f5es e um painel com cartazes. Para garantir que todos sigam os protocolos de higiene, a diretora M\u00e1rcia Lenise Verruck Gauer passou nas salas para dar as boas vindas e as orienta\u00e7\u00f5es sobre o retorno.<\/p>\n\n\n\n<p>&#8211; Eu estava passando em cada turma para dizer para os alunos que a gente quer muito manter a escola aberta, funcionando e com muitos alunos. Para isso acontecer tamb\u00e9m precisamos da ajuda deles, para que sigam os protocolos de higiene e prote\u00e7\u00e3o. Tanto como diretora, como professora e como m\u00e3e, eu sei o quanto \u00e9 importante o contato das crian\u00e7as com a escola &#8211; falou M\u00e1rcia.<\/p>\n\n\n\n<div class=\"wp-block-image\"><figure class=\"alignright size-large is-resized\"><img loading=\"lazy\" decoding=\"async\" src=\"https:\/\/folhapopular.info\/wp-content\/uploads\/2021\/05\/Aluna-Djenifer-Bonn-Foto-Maiara-Rovea-1024x768.jpg\" alt=\"\" class=\"wp-image-83086\" width=\"438\" height=\"316\"\/><figcaption>Aluna Djenifer Bonn \/ Cr\u00e9dito da foto: Maiara Rov\u00eaa \/ Divulga\u00e7\u00e3o<\/figcaption><\/figure><\/div>\n\n\n\n<p>Aluna do 8\u00b0 ano da EMEF Dom Pedro I, Djenifer Bonn, 13 anos, estava feliz ao retornar.<\/p>\n\n\n\n<p>&#8211; Eu estava com muita vontade de voltar para a escola, porque \u00e9 muito diferente de aprender em casa. Aqui o ambiente \u00e9 especial pra isso e tamb\u00e9m porque na escola podemos contar com a ajuda do professor &#8211; explicou Djenifer.&nbsp;<\/p>\n\n\n\n<p>Para evitar os deslocamentos, na EMEF Dom Pedro I os alunos est\u00e3o recebendo o lanche na pr\u00f3pria sala de aula. Al\u00e9m disso, a escola espalhou tapetes sanitizantes e adesivos de distanciamento, que s\u00e3o protocolos exigidos para o retorno.&nbsp;<\/p>\n\n\n\n<div class=\"wp-block-image\"><figure class=\"alignleft size-large is-resized\"><img loading=\"lazy\" decoding=\"async\" src=\"https:\/\/folhapopular.info\/wp-content\/uploads\/2021\/05\/Aluno-Joao-Arthur-Blatt-de-Lima-Foto-Maiara-Rovea-1024x768.jpg\" alt=\"\" class=\"wp-image-83084\" width=\"357\" height=\"259\"\/><figcaption>Aluno Jo\u00e3o Arthur Blatt de Lima \/ Cr\u00e9dito da foto: Maiara Rov\u00eaa \/ Divulga\u00e7\u00e3o<\/figcaption><\/figure><\/div>\n\n\n\n<p>Antes de lanchar, Jo\u00e3o Arthur Blatt de Lima, de 9 anos, passou \u00e1lcool em gel na m\u00e3o e ficou esperando o lanche na sua classe.<\/p>\n\n\n\n<p>&#8211; Eu sentia muita saudade de aprender na escola. Fiquei feliz quando soube que ia ver meus colegas de novo &#8211; falou o aluno do 4\u00b0 ano EMEF Dom Pedro I.<\/p>\n\n\n\n<p>\u00c9 importante ressaltar que a participa\u00e7\u00e3o presencial da aula n\u00e3o \u00e9 obrigat\u00f3ria, e as fam\u00edlias podem optar entre enviar a crian\u00e7a para a escola ou mant\u00ea-la em atividade \u00e0 dist\u00e2ncia. Tanto em um caso quanto no outro \u00e9 necess\u00e1rio assinar autoriza\u00e7\u00e3o expressa para a escola.<\/p>\n","protected":false},"excerpt":{"rendered":"<p>Nesta segunda-feira (3\/5) foi a vez dos alunos do 3\u00ba ao 9\u00ba ano do Ensino Fundamental voltarem \u00e0s Escolas Municipais de Lajeado. A partir de agora, tanto alunos das Escolas Municipais de Educa\u00e7\u00e3o Infantil (EMEIs), quanto alunos das Escolas Municipais de Ensino Fundamental podem frequentar aulas presenciais. Para o retorno destas turmas, a Secretaria da [&hellip;]<\/p>\n","protected":false},"author":8,"featured_media":83083,"comment_status":"open","ping_status":"open","sticky":false,"template":"","format":"standard","meta":{"pmpro_default_level":"","_jetpack_memberships_contains_paid_content":false,"footnotes":""},"categories":[2,3],"tags":[27,2236],"class_list":{"0":"post-83081","1":"post","2":"type-post","3":"status-publish","4":"format-standard","5":"has-post-thumbnail","7":"category-featured","8":"category-geral","9":"tag-lajeado","10":"tag-volta-as-aulas","11":"pmpro-has-access"},"yoast_head":"<!-- This site is optimized with the Yoast SEO plugin v27.5 - https:\/\/yoast.com\/product\/yoast-seo-wordpress\/ -->\n<title>Alunos do Ensino Fundamental retornam \u00e0s aulas em Lajeado - Folha Popular<\/title>\n<meta name=\"robots\" content=\"index, follow, max-snippet:-1, max-image-preview:large, max-video-preview:-1\" \/>\n<link rel=\"canonical\" href=\"https:\/\/folhapopular.info\/index.php\/2021\/05\/03\/alunos-do-ensino-fundamental-retornam-as-aulas-em-lajeado\/\" \/>\n<meta property=\"og:locale\" content=\"pt_BR\" \/>\n<meta property=\"og:type\" content=\"article\" \/>\n<meta property=\"og:title\" content=\"Alunos do Ensino Fundamental retornam \u00e0s aulas em Lajeado - Folha Popular\" \/>\n<meta property=\"og:description\" content=\"Nesta segunda-feira (3\/5) foi a vez dos alunos do 3\u00ba ao 9\u00ba ano do Ensino Fundamental voltarem \u00e0s Escolas Municipais de Lajeado. A partir de agora, tanto alunos das Escolas Municipais de Educa\u00e7\u00e3o Infantil (EMEIs), quanto alunos das Escolas Municipais de Ensino Fundamental podem frequentar aulas presenciais. Para o retorno destas turmas, a Secretaria da [&hellip;]\" \/>\n<meta property=\"og:url\" content=\"https:\/\/folhapopular.info\/index.php\/2021\/05\/03\/alunos-do-ensino-fundamental-retornam-as-aulas-em-lajeado\/\" \/>\n<meta property=\"og:site_name\" content=\"Folha Popular\" \/>\n<meta property=\"article:published_time\" content=\"2021-05-03T19:00:00+00:00\" \/>\n<meta property=\"og:image\" content=\"https:\/\/folhapopular.info\/wp-content\/uploads\/2021\/05\/Orientacoes-da-diretora-Foto-Maiara-Rovea-e1620065020486.jpg\" \/>\n\t<meta property=\"og:image:width\" content=\"800\" \/>\n\t<meta property=\"og:image:height\" content=\"600\" \/>\n\t<meta property=\"og:image:type\" content=\"image\/jpeg\" \/>\n<meta name=\"author\" content=\"Reda\u00e7\u00e3o Folha Popular\" \/>\n<meta name=\"twitter:card\" content=\"summary_large_image\" \/>\n<meta name=\"twitter:label1\" content=\"Escrito por\" \/>\n\t<meta name=\"twitter:data1\" content=\"Reda\u00e7\u00e3o Folha Popular\" \/>\n\t<meta name=\"twitter:label2\" content=\"Est. tempo de leitura\" \/>\n\t<meta name=\"twitter:data2\" content=\"3 minutos\" \/>\n<script type=\"application\/ld+json\" class=\"yoast-schema-graph\">{\"@context\":\"https:\\\/\\\/schema.org\",\"@graph\":[{\"@type\":\"Article\",\"@id\":\"https:\\\/\\\/folhapopular.info\\\/index.php\\\/2021\\\/05\\\/03\\\/alunos-do-ensino-fundamental-retornam-as-aulas-em-lajeado\\\/#article\",\"isPartOf\":{\"@id\":\"https:\\\/\\\/folhapopular.info\\\/index.php\\\/2021\\\/05\\\/03\\\/alunos-do-ensino-fundamental-retornam-as-aulas-em-lajeado\\\/\"},\"author\":{\"name\":\"Reda\u00e7\u00e3o Folha Popular\",\"@id\":\"https:\\\/\\\/folhapopular.info\\\/#\\\/schema\\\/person\\\/2814e8a0df7643585a9ca38bc6eb9d4b\"},\"headline\":\"Alunos do Ensino Fundamental retornam \u00e0s aulas em Lajeado\",\"datePublished\":\"2021-05-03T19:00:00+00:00\",\"mainEntityOfPage\":{\"@id\":\"https:\\\/\\\/folhapopular.info\\\/index.php\\\/2021\\\/05\\\/03\\\/alunos-do-ensino-fundamental-retornam-as-aulas-em-lajeado\\\/\"},\"wordCount\":480,\"commentCount\":0,\"image\":{\"@id\":\"https:\\\/\\\/folhapopular.info\\\/index.php\\\/2021\\\/05\\\/03\\\/alunos-do-ensino-fundamental-retornam-as-aulas-em-lajeado\\\/#primaryimage\"},\"thumbnailUrl\":\"https:\\\/\\\/folhapopular.info\\\/wp-content\\\/uploads\\\/2021\\\/05\\\/Orientacoes-da-diretora-Foto-Maiara-Rovea-e1620065020486.jpg\",\"keywords\":[\"Lajeado\",\"Volta \u00e0s Aulas\"],\"articleSection\":[\"Destaques\",\"Geral\"],\"inLanguage\":\"pt-BR\",\"potentialAction\":[{\"@type\":\"CommentAction\",\"name\":\"Comment\",\"target\":[\"https:\\\/\\\/folhapopular.info\\\/index.php\\\/2021\\\/05\\\/03\\\/alunos-do-ensino-fundamental-retornam-as-aulas-em-lajeado\\\/#respond\"]}]},{\"@type\":\"WebPage\",\"@id\":\"https:\\\/\\\/folhapopular.info\\\/index.php\\\/2021\\\/05\\\/03\\\/alunos-do-ensino-fundamental-retornam-as-aulas-em-lajeado\\\/\",\"url\":\"https:\\\/\\\/folhapopular.info\\\/index.php\\\/2021\\\/05\\\/03\\\/alunos-do-ensino-fundamental-retornam-as-aulas-em-lajeado\\\/\",\"name\":\"Alunos do Ensino Fundamental retornam \u00e0s aulas em Lajeado - Folha Popular\",\"isPartOf\":{\"@id\":\"https:\\\/\\\/folhapopular.info\\\/#website\"},\"primaryImageOfPage\":{\"@id\":\"https:\\\/\\\/folhapopular.info\\\/index.php\\\/2021\\\/05\\\/03\\\/alunos-do-ensino-fundamental-retornam-as-aulas-em-lajeado\\\/#primaryimage\"},\"image\":{\"@id\":\"https:\\\/\\\/folhapopular.info\\\/index.php\\\/2021\\\/05\\\/03\\\/alunos-do-ensino-fundamental-retornam-as-aulas-em-lajeado\\\/#primaryimage\"},\"thumbnailUrl\":\"https:\\\/\\\/folhapopular.info\\\/wp-content\\\/uploads\\\/2021\\\/05\\\/Orientacoes-da-diretora-Foto-Maiara-Rovea-e1620065020486.jpg\",\"datePublished\":\"2021-05-03T19:00:00+00:00\",\"author\":{\"@id\":\"https:\\\/\\\/folhapopular.info\\\/#\\\/schema\\\/person\\\/2814e8a0df7643585a9ca38bc6eb9d4b\"},\"breadcrumb\":{\"@id\":\"https:\\\/\\\/folhapopular.info\\\/index.php\\\/2021\\\/05\\\/03\\\/alunos-do-ensino-fundamental-retornam-as-aulas-em-lajeado\\\/#breadcrumb\"},\"inLanguage\":\"pt-BR\",\"potentialAction\":[{\"@type\":\"ReadAction\",\"target\":[\"https:\\\/\\\/folhapopular.info\\\/index.php\\\/2021\\\/05\\\/03\\\/alunos-do-ensino-fundamental-retornam-as-aulas-em-lajeado\\\/\"]}]},{\"@type\":\"ImageObject\",\"inLanguage\":\"pt-BR\",\"@id\":\"https:\\\/\\\/folhapopular.info\\\/index.php\\\/2021\\\/05\\\/03\\\/alunos-do-ensino-fundamental-retornam-as-aulas-em-lajeado\\\/#primaryimage\",\"url\":\"https:\\\/\\\/folhapopular.info\\\/wp-content\\\/uploads\\\/2021\\\/05\\\/Orientacoes-da-diretora-Foto-Maiara-Rovea-e1620065020486.jpg\",\"contentUrl\":\"https:\\\/\\\/folhapopular.info\\\/wp-content\\\/uploads\\\/2021\\\/05\\\/Orientacoes-da-diretora-Foto-Maiara-Rovea-e1620065020486.jpg\",\"width\":800,\"height\":600,\"caption\":\"Orienta\u00e7\u00f5es da diretora aos alunos \\\/ Cr\u00e9dito da foto: Maiara Rov\u00eaa \\\/ Divulga\u00e7\u00e3o\"},{\"@type\":\"BreadcrumbList\",\"@id\":\"https:\\\/\\\/folhapopular.info\\\/index.php\\\/2021\\\/05\\\/03\\\/alunos-do-ensino-fundamental-retornam-as-aulas-em-lajeado\\\/#breadcrumb\",\"itemListElement\":[{\"@type\":\"ListItem\",\"position\":1,\"name\":\"In\u00edcio\",\"item\":\"https:\\\/\\\/folhapopular.info\\\/\"},{\"@type\":\"ListItem\",\"position\":2,\"name\":\"Alunos do Ensino Fundamental retornam \u00e0s aulas em Lajeado\"}]},{\"@type\":\"WebSite\",\"@id\":\"https:\\\/\\\/folhapopular.info\\\/#website\",\"url\":\"https:\\\/\\\/folhapopular.info\\\/\",\"name\":\"Folha Popular\",\"description\":\"Onde voc\u00ea tem vez e voz\",\"potentialAction\":[{\"@type\":\"SearchAction\",\"target\":{\"@type\":\"EntryPoint\",\"urlTemplate\":\"https:\\\/\\\/folhapopular.info\\\/?s={search_term_string}\"},\"query-input\":{\"@type\":\"PropertyValueSpecification\",\"valueRequired\":true,\"valueName\":\"search_term_string\"}}],\"inLanguage\":\"pt-BR\"},{\"@type\":\"Person\",\"@id\":\"https:\\\/\\\/folhapopular.info\\\/#\\\/schema\\\/person\\\/2814e8a0df7643585a9ca38bc6eb9d4b\",\"name\":\"Reda\u00e7\u00e3o Folha Popular\",\"image\":{\"@type\":\"ImageObject\",\"inLanguage\":\"pt-BR\",\"@id\":\"https:\\\/\\\/folhapopular.info\\\/wp-content\\\/uploads\\\/2026\\\/04\\\/Folha-1.webp\",\"url\":\"https:\\\/\\\/folhapopular.info\\\/wp-content\\\/uploads\\\/2026\\\/04\\\/Folha-1.webp\",\"contentUrl\":\"https:\\\/\\\/folhapopular.info\\\/wp-content\\\/uploads\\\/2026\\\/04\\\/Folha-1.webp\",\"caption\":\"Reda\u00e7\u00e3o Folha Popular\"},\"url\":\"https:\\\/\\\/folhapopular.info\\\/index.php\\\/author\\\/redacao\\\/\"}]}<\/script>\n<!-- \/ Yoast SEO plugin. -->","yoast_head_json":{"title":"Alunos do Ensino Fundamental retornam \u00e0s aulas em Lajeado - Folha Popular","robots":{"index":"index","follow":"follow","max-snippet":"max-snippet:-1","max-image-preview":"max-image-preview:large","max-video-preview":"max-video-preview:-1"},"canonical":"https:\/\/folhapopular.info\/index.php\/2021\/05\/03\/alunos-do-ensino-fundamental-retornam-as-aulas-em-lajeado\/","og_locale":"pt_BR","og_type":"article","og_title":"Alunos do Ensino Fundamental retornam \u00e0s aulas em Lajeado - Folha Popular","og_description":"Nesta segunda-feira (3\/5) foi a vez dos alunos do 3\u00ba ao 9\u00ba ano do Ensino Fundamental voltarem \u00e0s Escolas Municipais de Lajeado. A partir de agora, tanto alunos das Escolas Municipais de Educa\u00e7\u00e3o Infantil (EMEIs), quanto alunos das Escolas Municipais de Ensino Fundamental podem frequentar aulas presenciais. Para o retorno destas turmas, a Secretaria da [&hellip;]","og_url":"https:\/\/folhapopular.info\/index.php\/2021\/05\/03\/alunos-do-ensino-fundamental-retornam-as-aulas-em-lajeado\/","og_site_name":"Folha Popular","article_published_time":"2021-05-03T19:00:00+00:00","og_image":[{"width":800,"height":600,"url":"https:\/\/folhapopular.info\/wp-content\/uploads\/2021\/05\/Orientacoes-da-diretora-Foto-Maiara-Rovea-e1620065020486.jpg","type":"image\/jpeg"}],"author":"Reda\u00e7\u00e3o Folha Popular","twitter_card":"summary_large_image","twitter_misc":{"Escrito por":"Reda\u00e7\u00e3o Folha Popular","Est. tempo de leitura":"3 minutos"},"schema":{"@context":"https:\/\/schema.org","@graph":[{"@type":"Article","@id":"https:\/\/folhapopular.info\/index.php\/2021\/05\/03\/alunos-do-ensino-fundamental-retornam-as-aulas-em-lajeado\/#article","isPartOf":{"@id":"https:\/\/folhapopular.info\/index.php\/2021\/05\/03\/alunos-do-ensino-fundamental-retornam-as-aulas-em-lajeado\/"},"author":{"name":"Reda\u00e7\u00e3o Folha Popular","@id":"https:\/\/folhapopular.info\/#\/schema\/person\/2814e8a0df7643585a9ca38bc6eb9d4b"},"headline":"Alunos do Ensino Fundamental retornam \u00e0s aulas em Lajeado","datePublished":"2021-05-03T19:00:00+00:00","mainEntityOfPage":{"@id":"https:\/\/folhapopular.info\/index.php\/2021\/05\/03\/alunos-do-ensino-fundamental-retornam-as-aulas-em-lajeado\/"},"wordCount":480,"commentCount":0,"image":{"@id":"https:\/\/folhapopular.info\/index.php\/2021\/05\/03\/alunos-do-ensino-fundamental-retornam-as-aulas-em-lajeado\/#primaryimage"},"thumbnailUrl":"https:\/\/folhapopular.info\/wp-content\/uploads\/2021\/05\/Orientacoes-da-diretora-Foto-Maiara-Rovea-e1620065020486.jpg","keywords":["Lajeado","Volta \u00e0s Aulas"],"articleSection":["Destaques","Geral"],"inLanguage":"pt-BR","potentialAction":[{"@type":"CommentAction","name":"Comment","target":["https:\/\/folhapopular.info\/index.php\/2021\/05\/03\/alunos-do-ensino-fundamental-retornam-as-aulas-em-lajeado\/#respond"]}]},{"@type":"WebPage","@id":"https:\/\/folhapopular.info\/index.php\/2021\/05\/03\/alunos-do-ensino-fundamental-retornam-as-aulas-em-lajeado\/","url":"https:\/\/folhapopular.info\/index.php\/2021\/05\/03\/alunos-do-ensino-fundamental-retornam-as-aulas-em-lajeado\/","name":"Alunos do Ensino Fundamental retornam \u00e0s aulas em Lajeado - Folha Popular","isPartOf":{"@id":"https:\/\/folhapopular.info\/#website"},"primaryImageOfPage":{"@id":"https:\/\/folhapopular.info\/index.php\/2021\/05\/03\/alunos-do-ensino-fundamental-retornam-as-aulas-em-lajeado\/#primaryimage"},"image":{"@id":"https:\/\/folhapopular.info\/index.php\/2021\/05\/03\/alunos-do-ensino-fundamental-retornam-as-aulas-em-lajeado\/#primaryimage"},"thumbnailUrl":"https:\/\/folhapopular.info\/wp-content\/uploads\/2021\/05\/Orientacoes-da-diretora-Foto-Maiara-Rovea-e1620065020486.jpg","datePublished":"2021-05-03T19:00:00+00:00","author":{"@id":"https:\/\/folhapopular.info\/#\/schema\/person\/2814e8a0df7643585a9ca38bc6eb9d4b"},"breadcrumb":{"@id":"https:\/\/folhapopular.info\/index.php\/2021\/05\/03\/alunos-do-ensino-fundamental-retornam-as-aulas-em-lajeado\/#breadcrumb"},"inLanguage":"pt-BR","potentialAction":[{"@type":"ReadAction","target":["https:\/\/folhapopular.info\/index.php\/2021\/05\/03\/alunos-do-ensino-fundamental-retornam-as-aulas-em-lajeado\/"]}]},{"@type":"ImageObject","inLanguage":"pt-BR","@id":"https:\/\/folhapopular.info\/index.php\/2021\/05\/03\/alunos-do-ensino-fundamental-retornam-as-aulas-em-lajeado\/#primaryimage","url":"https:\/\/folhapopular.info\/wp-content\/uploads\/2021\/05\/Orientacoes-da-diretora-Foto-Maiara-Rovea-e1620065020486.jpg","contentUrl":"https:\/\/folhapopular.info\/wp-content\/uploads\/2021\/05\/Orientacoes-da-diretora-Foto-Maiara-Rovea-e1620065020486.jpg","width":800,"height":600,"caption":"Orienta\u00e7\u00f5es da diretora aos alunos \/ Cr\u00e9dito da foto: Maiara Rov\u00eaa \/ Divulga\u00e7\u00e3o"},{"@type":"BreadcrumbList","@id":"https:\/\/folhapopular.info\/index.php\/2021\/05\/03\/alunos-do-ensino-fundamental-retornam-as-aulas-em-lajeado\/#breadcrumb","itemListElement":[{"@type":"ListItem","position":1,"name":"In\u00edcio","item":"https:\/\/folhapopular.info\/"},{"@type":"ListItem","position":2,"name":"Alunos do Ensino Fundamental retornam \u00e0s aulas em Lajeado"}]},{"@type":"WebSite","@id":"https:\/\/folhapopular.info\/#website","url":"https:\/\/folhapopular.info\/","name":"Folha Popular","description":"Onde voc\u00ea tem vez e voz","potentialAction":[{"@type":"SearchAction","target":{"@type":"EntryPoint","urlTemplate":"https:\/\/folhapopular.info\/?s={search_term_string}"},"query-input":{"@type":"PropertyValueSpecification","valueRequired":true,"valueName":"search_term_string"}}],"inLanguage":"pt-BR"},{"@type":"Person","@id":"https:\/\/folhapopular.info\/#\/schema\/person\/2814e8a0df7643585a9ca38bc6eb9d4b","name":"Reda\u00e7\u00e3o Folha Popular","image":{"@type":"ImageObject","inLanguage":"pt-BR","@id":"https:\/\/folhapopular.info\/wp-content\/uploads\/2026\/04\/Folha-1.webp","url":"https:\/\/folhapopular.info\/wp-content\/uploads\/2026\/04\/Folha-1.webp","contentUrl":"https:\/\/folhapopular.info\/wp-content\/uploads\/2026\/04\/Folha-1.webp","caption":"Reda\u00e7\u00e3o Folha Popular"},"url":"https:\/\/folhapopular.info\/index.php\/author\/redacao\/"}]}},"jetpack_featured_media_url":"https:\/\/folhapopular.info\/wp-content\/uploads\/2021\/05\/Orientacoes-da-diretora-Foto-Maiara-Rovea-e1620065020486.jpg","jetpack_sharing_enabled":true,"amp_enabled":true,"_links":{"self":[{"href":"https:\/\/folhapopular.info\/index.php\/wp-json\/wp\/v2\/posts\/83081","targetHints":{"allow":["GET"]}}],"collection":[{"href":"https:\/\/folhapopular.info\/index.php\/wp-json\/wp\/v2\/posts"}],"about":[{"href":"https:\/\/folhapopular.info\/index.php\/wp-json\/wp\/v2\/types\/post"}],"author":[{"embeddable":true,"href":"https:\/\/folhapopular.info\/index.php\/wp-json\/wp\/v2\/users\/8"}],"replies":[{"embeddable":true,"href":"https:\/\/folhapopular.info\/index.php\/wp-json\/wp\/v2\/comments?post=83081"}],"version-history":[{"count":0,"href":"https:\/\/folhapopular.info\/index.php\/wp-json\/wp\/v2\/posts\/83081\/revisions"}],"wp:featuredmedia":[{"embeddable":true,"href":"https:\/\/folhapopular.info\/index.php\/wp-json\/wp\/v2\/media\/83083"}],"wp:attachment":[{"href":"https:\/\/folhapopular.info\/index.php\/wp-json\/wp\/v2\/media?parent=83081"}],"wp:term":[{"taxonomy":"category","embeddable":true,"href":"https:\/\/folhapopular.info\/index.php\/wp-json\/wp\/v2\/categories?post=83081"},{"taxonomy":"post_tag","embeddable":true,"href":"https:\/\/folhapopular.info\/index.php\/wp-json\/wp\/v2\/tags?post=83081"}],"curies":[{"name":"wp","href":"https:\/\/api.w.org\/{rel}","templated":true}]}}