{"id":83244,"date":"2021-05-07T08:08:53","date_gmt":"2021-05-07T11:08:53","guid":{"rendered":"https:\/\/folhapopular.info\/?p=83244"},"modified":"2021-05-07T08:08:56","modified_gmt":"2021-05-07T11:08:56","slug":"vacinacao-contra-a-covid-19-para-pessoas-com-comorbidades-sera-mediante-agendamento-em-poco-das-antas","status":"publish","type":"post","link":"https:\/\/folhapopular.info\/index.php\/2021\/05\/07\/vacinacao-contra-a-covid-19-para-pessoas-com-comorbidades-sera-mediante-agendamento-em-poco-das-antas\/","title":{"rendered":"Vacina\u00e7\u00e3o contra a Covid-19 para pessoas com comorbidades ser\u00e1 mediante agendamento em Po\u00e7o das Antas"},"content":{"rendered":"\n<p>O Munic\u00edpio de Po\u00e7o das Antas, atrav\u00e9s da Secretaria de Sa\u00fade, dar\u00e1 in\u00edcio ao processo da Fase 1 de vacina\u00e7\u00e3o contra a Covid-19 para as pessoas com comorbidades. Antes de efetivamente iniciar a imuniza\u00e7\u00e3o desse grupo, aqueles que se enquadram nas condi\u00e7\u00f5es estabelecidas pelos \u00f3rg\u00e3os de sa\u00fade devem apresentar, junto a Unidade B\u00e1sica de Sa\u00fade (UBS) de Po\u00e7o das Antas, um documento f\u00edsico que comprove a sua comorbidade.<\/p>\n\n\n\n<p>A administra\u00e7\u00e3o da vacina ocorrer\u00e1 mediante agendamento e ap\u00f3s ser comprovada a classifica\u00e7\u00e3o de tal mun\u00edcipe nos crit\u00e9rios estabelecidos para a vacina\u00e7\u00e3o desse grupo. A medida tem em vista a otimiza\u00e7\u00e3o dos frascos de vacina e a quantidade de doses dispon\u00edveis. Sendo assim, ap\u00f3s apresentar a documenta\u00e7\u00e3o necess\u00e1ria, \u00e9 preciso aguardar o contato da UBS que informar\u00e1 data e hora para se comparecer na unidade e receber a vacina. O Munic\u00edpio de Po\u00e7o das Antas segue as orienta\u00e7\u00f5es do Plano Nacional de Operacionaliza\u00e7\u00e3o da Vacina Contra a Covid-19, do Minist\u00e9rio da Sa\u00fade.&nbsp;<\/p>\n\n\n\n<p>Com a finalidade de adiantar o processo de vacina\u00e7\u00e3o para as fases posteriores, solicita-se que as pessoas entre 18 e 55 anos que tamb\u00e9m se enquadram nas comorbidades listadas, j\u00e1 procurem a UBS para apresentar a documenta\u00e7\u00e3o correspondente. Tais mun\u00edcipes ainda n\u00e3o est\u00e3o aptos a receber a vacina, no entanto, conforme se dar\u00e1 o andamento da imuniza\u00e7\u00e3o, o grupo das pessoas com comorbidades contemplar\u00e1 mais faixas et\u00e1rias, e parte do protocolo j\u00e1 ter\u00e1 sido realizado. <\/p>\n\n\n\n<p>Mais informa\u00e7\u00f5es podem ser obtidas pelo telefone (51) 3773-1133<em>.<\/em><\/p>\n\n\n\n<p><strong>Os grupos priorit\u00e1rios s\u00e3o:<\/strong><\/p>\n\n\n\n<p>&#8211; Pessoas com s\u00edndrome de down maiores de 18 anos;<\/p>\n\n\n\n<p>&#8211; Gestantes e pu\u00e9rperas maiores de 18 anos&nbsp;e&nbsp;com comorbidades;<\/p>\n\n\n\n<p>&#8211;&nbsp;Pessoas com doen\u00e7as renais que fazem tratamento por di\u00e1lise e s\u00e3o maiores de 18 anos;&nbsp;<\/p>\n\n\n\n<p>&#8211;&nbsp;Pessoas com defici\u00eancia permanente cadastradas no Benef\u00edcio de Presta\u00e7\u00e3o Continuada de 55 a 59 anos;<\/p>\n\n\n\n<p>&#8211; Pessoas com idade de 55 a 59 anos, com as comorbidades listadas na tabela abaixo:<\/p>\n\n\n\n<figure class=\"wp-block-table\"><table><tbody><tr><td><strong>Grupo de comorbidades<\/strong><em><\/em><\/td><td><strong>Descri\u00e7\u00e3o<\/strong><em><\/em><\/td><\/tr><tr><td>Diabetes melitus<\/td><td>Qualquer indiv\u00edduo com diabetes.<\/td><\/tr><tr><td>Pneumopatias cr\u00f4nicas graves<\/td><td>Indiv\u00edduos com pneumopatias graves incluindo doen\u00e7a pulmonar obstrutiva cr\u00f4nica, fibrose c\u00edstica, fibroses pulmonares, pneumoconioses, displasia broncopulmonar e asma grave (uso recorrente de corticoides sist\u00eamicos, interna\u00e7\u00e3o pr\u00e9via por crise asm\u00e1tica).<\/td><\/tr><tr><td>Hipertens\u00e3o Arterial Resistente (HAR)<\/td><td>HAR= Quando a press\u00e3o arterial (PA) permanece acima das metas recomendadas com o uso de tr\u00eas ou mais anti-hipertensivos de diferentes classes, em doses m\u00e1ximas preconizadas e toleradas, administradas com frequ\u00eancia, dosagem apropriada e comprovada ades\u00e3o ou PA controlada em uso de quatro ou mais f\u00e1rmacos anti-hipertensivos.<\/td><\/tr><tr><td>Hipertens\u00e3o arterial est\u00e1gio 3<\/td><td>PA sist\u00f3lica \u2265180mmHg e\/ou diast\u00f3lica \u2265110mmHg independente da presen\u00e7a de les\u00e3o em \u00f3rg\u00e3o-alvo (LOA) ou comorbidade.<\/td><\/tr><tr><td>Hipertens\u00e3o arterial est\u00e1gios 1 e 2 com LOA e\/ou comorbidade<\/td><td>PA sist\u00f3lica entre 140 e 179mmHg e\/ou diast\u00f3lica entre 90 e 109mmHg na presen\u00e7a de les\u00e3o em \u00f3rg\u00e3o-alvo (LOA) e\/ou comorbidade.<\/td><\/tr><tr><td>Insufici\u00eancia card\u00edaca (IC)<\/td><td>IC com fra\u00e7\u00e3o de eje\u00e7\u00e3o reduzida, intermedi\u00e1ria ou preservada; em est\u00e1gios B, C ou D, independente de classe funcional da New York Heart Association.<\/td><\/tr><tr><td>Cor-pulmonale e Hipertens\u00e3o pulmonar<\/td><td>Cor-pulmonale cr\u00f4nico, hipertens\u00e3o pulmonar prim\u00e1ria ou secund\u00e1ria.<\/td><\/tr><tr><td>Cardiopatia hipertensiva<\/td><td>Cardiopatia hipertensiva (hipertrofia ventricular esquerda ou dilata\u00e7\u00e3o, sobrecarga atrial e ventricular, disfun\u00e7\u00e3o diast\u00f3lica e\/ou sist\u00f3lica, les\u00f5es em outros \u00f3rg\u00e3os-alvo).<\/td><\/tr><tr><td>S\u00edndromes coronarianas<\/td><td>S\u00edndromes coronarianas cr\u00f4nicas (Angina Pectoris est\u00e1vel, cardiopatia isqu\u00eamica, p\u00f3s Infarto Agudo do Mioc\u00e1rdio, outras).<\/td><\/tr><tr><td>Valvopatias<\/td><td>Les\u00f5es valvares com repercuss\u00e3o hemodin\u00e2mica ou sintom\u00e1tica ou com comprometimento mioc\u00e1rdico (estenose ou insufici\u00eancia a\u00f3rtica; estenose ou insufici\u00eancia mitral; estenose ou insufici\u00eancia pulmonar; estenose ou insufici\u00eancia tric\u00faspide, e outras).<\/td><\/tr><tr><td>Miocardiopatias e Pericardiopatias<\/td><td>Miocardiopatias de quaisquer etiologias ou fen\u00f3tipos; pericardite cr\u00f4nica; cardiopatia reum\u00e1tica.<\/td><\/tr><tr><td>Doen\u00e7as da Aorta, dos Grandes Vasos e F\u00edstulas arteriovenosas.<\/td><td>Aneurismas, dissec\u00e7\u00f5es, hematomas da aorta e demais grandes vasos.<\/td><\/tr><tr><td>Arritmias card\u00edacas<\/td><td>Arritmias card\u00edacas com import\u00e2ncia cl\u00ednica e\/ou cardiopatia associada (fibrila\u00e7\u00e3o e flutter atriais; e outras).<\/td><\/tr><tr><td>Cardiopatias cong\u00eanita no adulto<\/td><td>Cardiopatias cong\u00eanitas com repercuss\u00e3o hemodin\u00e2mica, crises hipox\u00eamicas; insufici\u00eancia card\u00edaca; arritmias; comprometimento mioc\u00e1rdico.<\/td><\/tr><tr><td>Pr\u00f3teses valvares e Dispositivos card\u00edacos implantados<\/td><td>Portadores de pr\u00f3teses valvares biol\u00f3gicas ou mec\u00e2nicas; e dispositivos card\u00edacos implantados (marca-passos, cardiodesfibriladores, ressincronizadores, assist\u00eancia circulat\u00f3ria de m\u00e9dia e longa perman\u00eancia).<\/td><\/tr><tr><td>Doen\u00e7a cerebrovascular<\/td><td>Acidente vascular cerebral isqu\u00eamico ou hemorr\u00e1gico; ataque isqu\u00eamico transit\u00f3rio; dem\u00eancia vascular.<\/td><\/tr><tr><td>Doen\u00e7a renal cr\u00f4nica<\/td><td>Doen\u00e7a renal cr\u00f4nica est\u00e1gio 3 ou mais (taxa de filtra\u00e7\u00e3o glomerular &lt; 60 ml\/min\/1,73 m2) e s\u00edndrome nefr\u00f3tica.<\/td><\/tr><tr><td>Imunossuprimidos<\/td><td>Indiv\u00edduos transplantados de \u00f3rg\u00e3o s\u00f3lido ou de medula \u00f3ssea; pessoas vivendo com HIV e CD4 10 mg\/dia ou recebendo pulsoterapia com corticoide e\/ou ciclofosfamida; demais individuos em uso de imunossupressores ou com imunodefici\u00eancias prim\u00e1rias.<\/td><\/tr><tr><td>Anemia falciforme<\/td><td>Anemia falciforme.<\/td><\/tr><tr><td>Obesidade m\u00f3rbida<\/td><td>\u00cdndice de massa corp\u00f3rea (IMC) \u2265 40.<\/td><\/tr><tr><td>S\u00edndrome de down<\/td><td>Trissomia do cromossomo 21.<\/td><\/tr><\/tbody><\/table><\/figure>\n\n\n\n<p><\/p>\n","protected":false},"excerpt":{"rendered":"<p>O Munic\u00edpio de Po\u00e7o das Antas, atrav\u00e9s da Secretaria de Sa\u00fade, dar\u00e1 in\u00edcio ao processo da Fase 1 de vacina\u00e7\u00e3o contra a Covid-19 para as pessoas com comorbidades. Antes de efetivamente iniciar a imuniza\u00e7\u00e3o desse grupo, aqueles que se enquadram nas condi\u00e7\u00f5es estabelecidas pelos \u00f3rg\u00e3os de sa\u00fade devem apresentar, junto a Unidade B\u00e1sica de Sa\u00fade [&hellip;]<\/p>\n","protected":false},"author":8,"featured_media":83245,"comment_status":"open","ping_status":"open","sticky":false,"template":"","format":"standard","meta":{"pmpro_default_level":"","_jetpack_memberships_contains_paid_content":false,"footnotes":""},"categories":[5756,2,3],"tags":[40,87],"class_list":{"0":"post-83244","1":"post","2":"type-post","3":"status-publish","4":"format-standard","5":"has-post-thumbnail","7":"category-coronavirus","8":"category-featured","9":"category-geral","10":"tag-poco-das-antas","11":"tag-vacinacao","12":"pmpro-has-access"},"yoast_head":"<!-- This site is optimized with the Yoast SEO plugin v27.5 - https:\/\/yoast.com\/product\/yoast-seo-wordpress\/ -->\n<title>Vacina\u00e7\u00e3o contra a Covid-19 para pessoas com comorbidades ser\u00e1 mediante agendamento em Po\u00e7o das Antas - Folha Popular<\/title>\n<meta name=\"robots\" content=\"index, follow, max-snippet:-1, max-image-preview:large, max-video-preview:-1\" \/>\n<link rel=\"canonical\" href=\"https:\/\/folhapopular.info\/index.php\/2021\/05\/07\/vacinacao-contra-a-covid-19-para-pessoas-com-comorbidades-sera-mediante-agendamento-em-poco-das-antas\/\" \/>\n<meta property=\"og:locale\" content=\"pt_BR\" \/>\n<meta property=\"og:type\" content=\"article\" \/>\n<meta property=\"og:title\" content=\"Vacina\u00e7\u00e3o contra a Covid-19 para pessoas com comorbidades ser\u00e1 mediante agendamento em Po\u00e7o das Antas - Folha Popular\" \/>\n<meta property=\"og:description\" content=\"O Munic\u00edpio de Po\u00e7o das Antas, atrav\u00e9s da Secretaria de Sa\u00fade, dar\u00e1 in\u00edcio ao processo da Fase 1 de vacina\u00e7\u00e3o contra a Covid-19 para as pessoas com comorbidades. Antes de efetivamente iniciar a imuniza\u00e7\u00e3o desse grupo, aqueles que se enquadram nas condi\u00e7\u00f5es estabelecidas pelos \u00f3rg\u00e3os de sa\u00fade devem apresentar, junto a Unidade B\u00e1sica de Sa\u00fade [&hellip;]\" \/>\n<meta property=\"og:url\" content=\"https:\/\/folhapopular.info\/index.php\/2021\/05\/07\/vacinacao-contra-a-covid-19-para-pessoas-com-comorbidades-sera-mediante-agendamento-em-poco-das-antas\/\" \/>\n<meta property=\"og:site_name\" content=\"Folha Popular\" \/>\n<meta property=\"article:published_time\" content=\"2021-05-07T11:08:53+00:00\" \/>\n<meta property=\"article:modified_time\" content=\"2021-05-07T11:08:56+00:00\" \/>\n<meta property=\"og:image\" content=\"https:\/\/folhapopular.info\/wp-content\/uploads\/2021\/05\/1-Vacinacao-para-pessoas-com-comorbidades-sera-mediante-agendamento-scaled-e1620385615451.jpg\" \/>\n\t<meta property=\"og:image:width\" content=\"800\" \/>\n\t<meta property=\"og:image:height\" content=\"533\" \/>\n\t<meta property=\"og:image:type\" content=\"image\/jpeg\" \/>\n<meta name=\"author\" content=\"Reda\u00e7\u00e3o Folha Popular\" \/>\n<meta name=\"twitter:card\" content=\"summary_large_image\" \/>\n<meta name=\"twitter:label1\" content=\"Escrito por\" \/>\n\t<meta name=\"twitter:data1\" content=\"Reda\u00e7\u00e3o Folha Popular\" \/>\n\t<meta name=\"twitter:label2\" content=\"Est. tempo de leitura\" \/>\n\t<meta name=\"twitter:data2\" content=\"4 minutos\" \/>\n<script type=\"application\/ld+json\" class=\"yoast-schema-graph\">{\"@context\":\"https:\\\/\\\/schema.org\",\"@graph\":[{\"@type\":\"Article\",\"@id\":\"https:\\\/\\\/folhapopular.info\\\/index.php\\\/2021\\\/05\\\/07\\\/vacinacao-contra-a-covid-19-para-pessoas-com-comorbidades-sera-mediante-agendamento-em-poco-das-antas\\\/#article\",\"isPartOf\":{\"@id\":\"https:\\\/\\\/folhapopular.info\\\/index.php\\\/2021\\\/05\\\/07\\\/vacinacao-contra-a-covid-19-para-pessoas-com-comorbidades-sera-mediante-agendamento-em-poco-das-antas\\\/\"},\"author\":{\"name\":\"Reda\u00e7\u00e3o Folha Popular\",\"@id\":\"https:\\\/\\\/folhapopular.info\\\/#\\\/schema\\\/person\\\/2814e8a0df7643585a9ca38bc6eb9d4b\"},\"headline\":\"Vacina\u00e7\u00e3o contra a Covid-19 para pessoas com comorbidades ser\u00e1 mediante agendamento em Po\u00e7o das Antas\",\"datePublished\":\"2021-05-07T11:08:53+00:00\",\"dateModified\":\"2021-05-07T11:08:56+00:00\",\"mainEntityOfPage\":{\"@id\":\"https:\\\/\\\/folhapopular.info\\\/index.php\\\/2021\\\/05\\\/07\\\/vacinacao-contra-a-covid-19-para-pessoas-com-comorbidades-sera-mediante-agendamento-em-poco-das-antas\\\/\"},\"wordCount\":922,\"commentCount\":0,\"image\":{\"@id\":\"https:\\\/\\\/folhapopular.info\\\/index.php\\\/2021\\\/05\\\/07\\\/vacinacao-contra-a-covid-19-para-pessoas-com-comorbidades-sera-mediante-agendamento-em-poco-das-antas\\\/#primaryimage\"},\"thumbnailUrl\":\"https:\\\/\\\/folhapopular.info\\\/wp-content\\\/uploads\\\/2021\\\/05\\\/1-Vacinacao-para-pessoas-com-comorbidades-sera-mediante-agendamento-scaled-e1620385615451.jpg\",\"keywords\":[\"Po\u00e7o das Antas\",\"Vacina\u00e7\u00e3o\"],\"articleSection\":[\"Coronav\u00edrus\",\"Destaques\",\"Geral\"],\"inLanguage\":\"pt-BR\",\"potentialAction\":[{\"@type\":\"CommentAction\",\"name\":\"Comment\",\"target\":[\"https:\\\/\\\/folhapopular.info\\\/index.php\\\/2021\\\/05\\\/07\\\/vacinacao-contra-a-covid-19-para-pessoas-com-comorbidades-sera-mediante-agendamento-em-poco-das-antas\\\/#respond\"]}]},{\"@type\":\"WebPage\",\"@id\":\"https:\\\/\\\/folhapopular.info\\\/index.php\\\/2021\\\/05\\\/07\\\/vacinacao-contra-a-covid-19-para-pessoas-com-comorbidades-sera-mediante-agendamento-em-poco-das-antas\\\/\",\"url\":\"https:\\\/\\\/folhapopular.info\\\/index.php\\\/2021\\\/05\\\/07\\\/vacinacao-contra-a-covid-19-para-pessoas-com-comorbidades-sera-mediante-agendamento-em-poco-das-antas\\\/\",\"name\":\"Vacina\u00e7\u00e3o contra a Covid-19 para pessoas com comorbidades ser\u00e1 mediante agendamento em Po\u00e7o das Antas - Folha Popular\",\"isPartOf\":{\"@id\":\"https:\\\/\\\/folhapopular.info\\\/#website\"},\"primaryImageOfPage\":{\"@id\":\"https:\\\/\\\/folhapopular.info\\\/index.php\\\/2021\\\/05\\\/07\\\/vacinacao-contra-a-covid-19-para-pessoas-com-comorbidades-sera-mediante-agendamento-em-poco-das-antas\\\/#primaryimage\"},\"image\":{\"@id\":\"https:\\\/\\\/folhapopular.info\\\/index.php\\\/2021\\\/05\\\/07\\\/vacinacao-contra-a-covid-19-para-pessoas-com-comorbidades-sera-mediante-agendamento-em-poco-das-antas\\\/#primaryimage\"},\"thumbnailUrl\":\"https:\\\/\\\/folhapopular.info\\\/wp-content\\\/uploads\\\/2021\\\/05\\\/1-Vacinacao-para-pessoas-com-comorbidades-sera-mediante-agendamento-scaled-e1620385615451.jpg\",\"datePublished\":\"2021-05-07T11:08:53+00:00\",\"dateModified\":\"2021-05-07T11:08:56+00:00\",\"author\":{\"@id\":\"https:\\\/\\\/folhapopular.info\\\/#\\\/schema\\\/person\\\/2814e8a0df7643585a9ca38bc6eb9d4b\"},\"breadcrumb\":{\"@id\":\"https:\\\/\\\/folhapopular.info\\\/index.php\\\/2021\\\/05\\\/07\\\/vacinacao-contra-a-covid-19-para-pessoas-com-comorbidades-sera-mediante-agendamento-em-poco-das-antas\\\/#breadcrumb\"},\"inLanguage\":\"pt-BR\",\"potentialAction\":[{\"@type\":\"ReadAction\",\"target\":[\"https:\\\/\\\/folhapopular.info\\\/index.php\\\/2021\\\/05\\\/07\\\/vacinacao-contra-a-covid-19-para-pessoas-com-comorbidades-sera-mediante-agendamento-em-poco-das-antas\\\/\"]}]},{\"@type\":\"ImageObject\",\"inLanguage\":\"pt-BR\",\"@id\":\"https:\\\/\\\/folhapopular.info\\\/index.php\\\/2021\\\/05\\\/07\\\/vacinacao-contra-a-covid-19-para-pessoas-com-comorbidades-sera-mediante-agendamento-em-poco-das-antas\\\/#primaryimage\",\"url\":\"https:\\\/\\\/folhapopular.info\\\/wp-content\\\/uploads\\\/2021\\\/05\\\/1-Vacinacao-para-pessoas-com-comorbidades-sera-mediante-agendamento-scaled-e1620385615451.jpg\",\"contentUrl\":\"https:\\\/\\\/folhapopular.info\\\/wp-content\\\/uploads\\\/2021\\\/05\\\/1-Vacinacao-para-pessoas-com-comorbidades-sera-mediante-agendamento-scaled-e1620385615451.jpg\",\"width\":800,\"height\":533,\"caption\":\"Ap\u00f3s apresentar a documenta\u00e7\u00e3o necess\u00e1ria, mun\u00edcipes devem aguardar o contato da UBS para agendamento da vacina\u00e7\u00e3o. Cr\u00e9dito da foto: Assessoria de Comunica\u00e7\u00e3o de Po\u00e7o das Antas\\\/Divulga\u00e7\u00e3o\"},{\"@type\":\"BreadcrumbList\",\"@id\":\"https:\\\/\\\/folhapopular.info\\\/index.php\\\/2021\\\/05\\\/07\\\/vacinacao-contra-a-covid-19-para-pessoas-com-comorbidades-sera-mediante-agendamento-em-poco-das-antas\\\/#breadcrumb\",\"itemListElement\":[{\"@type\":\"ListItem\",\"position\":1,\"name\":\"In\u00edcio\",\"item\":\"https:\\\/\\\/folhapopular.info\\\/\"},{\"@type\":\"ListItem\",\"position\":2,\"name\":\"Vacina\u00e7\u00e3o contra a Covid-19 para pessoas com comorbidades ser\u00e1 mediante agendamento em Po\u00e7o das Antas\"}]},{\"@type\":\"WebSite\",\"@id\":\"https:\\\/\\\/folhapopular.info\\\/#website\",\"url\":\"https:\\\/\\\/folhapopular.info\\\/\",\"name\":\"Folha Popular\",\"description\":\"Onde voc\u00ea tem vez e voz\",\"potentialAction\":[{\"@type\":\"SearchAction\",\"target\":{\"@type\":\"EntryPoint\",\"urlTemplate\":\"https:\\\/\\\/folhapopular.info\\\/?s={search_term_string}\"},\"query-input\":{\"@type\":\"PropertyValueSpecification\",\"valueRequired\":true,\"valueName\":\"search_term_string\"}}],\"inLanguage\":\"pt-BR\"},{\"@type\":\"Person\",\"@id\":\"https:\\\/\\\/folhapopular.info\\\/#\\\/schema\\\/person\\\/2814e8a0df7643585a9ca38bc6eb9d4b\",\"name\":\"Reda\u00e7\u00e3o Folha Popular\",\"image\":{\"@type\":\"ImageObject\",\"inLanguage\":\"pt-BR\",\"@id\":\"https:\\\/\\\/folhapopular.info\\\/wp-content\\\/uploads\\\/2026\\\/04\\\/Folha-1.webp\",\"url\":\"https:\\\/\\\/folhapopular.info\\\/wp-content\\\/uploads\\\/2026\\\/04\\\/Folha-1.webp\",\"contentUrl\":\"https:\\\/\\\/folhapopular.info\\\/wp-content\\\/uploads\\\/2026\\\/04\\\/Folha-1.webp\",\"caption\":\"Reda\u00e7\u00e3o Folha Popular\"},\"url\":\"https:\\\/\\\/folhapopular.info\\\/index.php\\\/author\\\/redacao\\\/\"}]}<\/script>\n<!-- \/ Yoast SEO plugin. -->","yoast_head_json":{"title":"Vacina\u00e7\u00e3o contra a Covid-19 para pessoas com comorbidades ser\u00e1 mediante agendamento em Po\u00e7o das Antas - Folha Popular","robots":{"index":"index","follow":"follow","max-snippet":"max-snippet:-1","max-image-preview":"max-image-preview:large","max-video-preview":"max-video-preview:-1"},"canonical":"https:\/\/folhapopular.info\/index.php\/2021\/05\/07\/vacinacao-contra-a-covid-19-para-pessoas-com-comorbidades-sera-mediante-agendamento-em-poco-das-antas\/","og_locale":"pt_BR","og_type":"article","og_title":"Vacina\u00e7\u00e3o contra a Covid-19 para pessoas com comorbidades ser\u00e1 mediante agendamento em Po\u00e7o das Antas - Folha Popular","og_description":"O Munic\u00edpio de Po\u00e7o das Antas, atrav\u00e9s da Secretaria de Sa\u00fade, dar\u00e1 in\u00edcio ao processo da Fase 1 de vacina\u00e7\u00e3o contra a Covid-19 para as pessoas com comorbidades. Antes de efetivamente iniciar a imuniza\u00e7\u00e3o desse grupo, aqueles que se enquadram nas condi\u00e7\u00f5es estabelecidas pelos \u00f3rg\u00e3os de sa\u00fade devem apresentar, junto a Unidade B\u00e1sica de Sa\u00fade [&hellip;]","og_url":"https:\/\/folhapopular.info\/index.php\/2021\/05\/07\/vacinacao-contra-a-covid-19-para-pessoas-com-comorbidades-sera-mediante-agendamento-em-poco-das-antas\/","og_site_name":"Folha Popular","article_published_time":"2021-05-07T11:08:53+00:00","article_modified_time":"2021-05-07T11:08:56+00:00","og_image":[{"width":800,"height":533,"url":"https:\/\/folhapopular.info\/wp-content\/uploads\/2021\/05\/1-Vacinacao-para-pessoas-com-comorbidades-sera-mediante-agendamento-scaled-e1620385615451.jpg","type":"image\/jpeg"}],"author":"Reda\u00e7\u00e3o Folha Popular","twitter_card":"summary_large_image","twitter_misc":{"Escrito por":"Reda\u00e7\u00e3o Folha Popular","Est. tempo de leitura":"4 minutos"},"schema":{"@context":"https:\/\/schema.org","@graph":[{"@type":"Article","@id":"https:\/\/folhapopular.info\/index.php\/2021\/05\/07\/vacinacao-contra-a-covid-19-para-pessoas-com-comorbidades-sera-mediante-agendamento-em-poco-das-antas\/#article","isPartOf":{"@id":"https:\/\/folhapopular.info\/index.php\/2021\/05\/07\/vacinacao-contra-a-covid-19-para-pessoas-com-comorbidades-sera-mediante-agendamento-em-poco-das-antas\/"},"author":{"name":"Reda\u00e7\u00e3o Folha Popular","@id":"https:\/\/folhapopular.info\/#\/schema\/person\/2814e8a0df7643585a9ca38bc6eb9d4b"},"headline":"Vacina\u00e7\u00e3o contra a Covid-19 para pessoas com comorbidades ser\u00e1 mediante agendamento em Po\u00e7o das Antas","datePublished":"2021-05-07T11:08:53+00:00","dateModified":"2021-05-07T11:08:56+00:00","mainEntityOfPage":{"@id":"https:\/\/folhapopular.info\/index.php\/2021\/05\/07\/vacinacao-contra-a-covid-19-para-pessoas-com-comorbidades-sera-mediante-agendamento-em-poco-das-antas\/"},"wordCount":922,"commentCount":0,"image":{"@id":"https:\/\/folhapopular.info\/index.php\/2021\/05\/07\/vacinacao-contra-a-covid-19-para-pessoas-com-comorbidades-sera-mediante-agendamento-em-poco-das-antas\/#primaryimage"},"thumbnailUrl":"https:\/\/folhapopular.info\/wp-content\/uploads\/2021\/05\/1-Vacinacao-para-pessoas-com-comorbidades-sera-mediante-agendamento-scaled-e1620385615451.jpg","keywords":["Po\u00e7o das Antas","Vacina\u00e7\u00e3o"],"articleSection":["Coronav\u00edrus","Destaques","Geral"],"inLanguage":"pt-BR","potentialAction":[{"@type":"CommentAction","name":"Comment","target":["https:\/\/folhapopular.info\/index.php\/2021\/05\/07\/vacinacao-contra-a-covid-19-para-pessoas-com-comorbidades-sera-mediante-agendamento-em-poco-das-antas\/#respond"]}]},{"@type":"WebPage","@id":"https:\/\/folhapopular.info\/index.php\/2021\/05\/07\/vacinacao-contra-a-covid-19-para-pessoas-com-comorbidades-sera-mediante-agendamento-em-poco-das-antas\/","url":"https:\/\/folhapopular.info\/index.php\/2021\/05\/07\/vacinacao-contra-a-covid-19-para-pessoas-com-comorbidades-sera-mediante-agendamento-em-poco-das-antas\/","name":"Vacina\u00e7\u00e3o contra a Covid-19 para pessoas com comorbidades ser\u00e1 mediante agendamento em Po\u00e7o das Antas - Folha Popular","isPartOf":{"@id":"https:\/\/folhapopular.info\/#website"},"primaryImageOfPage":{"@id":"https:\/\/folhapopular.info\/index.php\/2021\/05\/07\/vacinacao-contra-a-covid-19-para-pessoas-com-comorbidades-sera-mediante-agendamento-em-poco-das-antas\/#primaryimage"},"image":{"@id":"https:\/\/folhapopular.info\/index.php\/2021\/05\/07\/vacinacao-contra-a-covid-19-para-pessoas-com-comorbidades-sera-mediante-agendamento-em-poco-das-antas\/#primaryimage"},"thumbnailUrl":"https:\/\/folhapopular.info\/wp-content\/uploads\/2021\/05\/1-Vacinacao-para-pessoas-com-comorbidades-sera-mediante-agendamento-scaled-e1620385615451.jpg","datePublished":"2021-05-07T11:08:53+00:00","dateModified":"2021-05-07T11:08:56+00:00","author":{"@id":"https:\/\/folhapopular.info\/#\/schema\/person\/2814e8a0df7643585a9ca38bc6eb9d4b"},"breadcrumb":{"@id":"https:\/\/folhapopular.info\/index.php\/2021\/05\/07\/vacinacao-contra-a-covid-19-para-pessoas-com-comorbidades-sera-mediante-agendamento-em-poco-das-antas\/#breadcrumb"},"inLanguage":"pt-BR","potentialAction":[{"@type":"ReadAction","target":["https:\/\/folhapopular.info\/index.php\/2021\/05\/07\/vacinacao-contra-a-covid-19-para-pessoas-com-comorbidades-sera-mediante-agendamento-em-poco-das-antas\/"]}]},{"@type":"ImageObject","inLanguage":"pt-BR","@id":"https:\/\/folhapopular.info\/index.php\/2021\/05\/07\/vacinacao-contra-a-covid-19-para-pessoas-com-comorbidades-sera-mediante-agendamento-em-poco-das-antas\/#primaryimage","url":"https:\/\/folhapopular.info\/wp-content\/uploads\/2021\/05\/1-Vacinacao-para-pessoas-com-comorbidades-sera-mediante-agendamento-scaled-e1620385615451.jpg","contentUrl":"https:\/\/folhapopular.info\/wp-content\/uploads\/2021\/05\/1-Vacinacao-para-pessoas-com-comorbidades-sera-mediante-agendamento-scaled-e1620385615451.jpg","width":800,"height":533,"caption":"Ap\u00f3s apresentar a documenta\u00e7\u00e3o necess\u00e1ria, mun\u00edcipes devem aguardar o contato da UBS para agendamento da vacina\u00e7\u00e3o. Cr\u00e9dito da foto: Assessoria de Comunica\u00e7\u00e3o de Po\u00e7o das Antas\/Divulga\u00e7\u00e3o"},{"@type":"BreadcrumbList","@id":"https:\/\/folhapopular.info\/index.php\/2021\/05\/07\/vacinacao-contra-a-covid-19-para-pessoas-com-comorbidades-sera-mediante-agendamento-em-poco-das-antas\/#breadcrumb","itemListElement":[{"@type":"ListItem","position":1,"name":"In\u00edcio","item":"https:\/\/folhapopular.info\/"},{"@type":"ListItem","position":2,"name":"Vacina\u00e7\u00e3o contra a Covid-19 para pessoas com comorbidades ser\u00e1 mediante agendamento em Po\u00e7o das Antas"}]},{"@type":"WebSite","@id":"https:\/\/folhapopular.info\/#website","url":"https:\/\/folhapopular.info\/","name":"Folha Popular","description":"Onde voc\u00ea tem vez e voz","potentialAction":[{"@type":"SearchAction","target":{"@type":"EntryPoint","urlTemplate":"https:\/\/folhapopular.info\/?s={search_term_string}"},"query-input":{"@type":"PropertyValueSpecification","valueRequired":true,"valueName":"search_term_string"}}],"inLanguage":"pt-BR"},{"@type":"Person","@id":"https:\/\/folhapopular.info\/#\/schema\/person\/2814e8a0df7643585a9ca38bc6eb9d4b","name":"Reda\u00e7\u00e3o Folha Popular","image":{"@type":"ImageObject","inLanguage":"pt-BR","@id":"https:\/\/folhapopular.info\/wp-content\/uploads\/2026\/04\/Folha-1.webp","url":"https:\/\/folhapopular.info\/wp-content\/uploads\/2026\/04\/Folha-1.webp","contentUrl":"https:\/\/folhapopular.info\/wp-content\/uploads\/2026\/04\/Folha-1.webp","caption":"Reda\u00e7\u00e3o Folha Popular"},"url":"https:\/\/folhapopular.info\/index.php\/author\/redacao\/"}]}},"jetpack_featured_media_url":"https:\/\/folhapopular.info\/wp-content\/uploads\/2021\/05\/1-Vacinacao-para-pessoas-com-comorbidades-sera-mediante-agendamento-scaled-e1620385615451.jpg","jetpack_sharing_enabled":true,"amp_enabled":true,"_links":{"self":[{"href":"https:\/\/folhapopular.info\/index.php\/wp-json\/wp\/v2\/posts\/83244","targetHints":{"allow":["GET"]}}],"collection":[{"href":"https:\/\/folhapopular.info\/index.php\/wp-json\/wp\/v2\/posts"}],"about":[{"href":"https:\/\/folhapopular.info\/index.php\/wp-json\/wp\/v2\/types\/post"}],"author":[{"embeddable":true,"href":"https:\/\/folhapopular.info\/index.php\/wp-json\/wp\/v2\/users\/8"}],"replies":[{"embeddable":true,"href":"https:\/\/folhapopular.info\/index.php\/wp-json\/wp\/v2\/comments?post=83244"}],"version-history":[{"count":0,"href":"https:\/\/folhapopular.info\/index.php\/wp-json\/wp\/v2\/posts\/83244\/revisions"}],"wp:featuredmedia":[{"embeddable":true,"href":"https:\/\/folhapopular.info\/index.php\/wp-json\/wp\/v2\/media\/83245"}],"wp:attachment":[{"href":"https:\/\/folhapopular.info\/index.php\/wp-json\/wp\/v2\/media?parent=83244"}],"wp:term":[{"taxonomy":"category","embeddable":true,"href":"https:\/\/folhapopular.info\/index.php\/wp-json\/wp\/v2\/categories?post=83244"},{"taxonomy":"post_tag","embeddable":true,"href":"https:\/\/folhapopular.info\/index.php\/wp-json\/wp\/v2\/tags?post=83244"}],"curies":[{"name":"wp","href":"https:\/\/api.w.org\/{rel}","templated":true}]}}