{"id":83514,"date":"2021-05-12T11:03:24","date_gmt":"2021-05-12T14:03:24","guid":{"rendered":"https:\/\/folhapopular.info\/?p=83514"},"modified":"2021-05-12T11:10:23","modified_gmt":"2021-05-12T14:10:23","slug":"segunda-dose-para-quase-quatro-mil-estrelenses","status":"publish","type":"post","link":"https:\/\/folhapopular.info\/index.php\/2021\/05\/12\/segunda-dose-para-quase-quatro-mil-estrelenses\/","title":{"rendered":"Segunda dose para quase quatro mil estrelenses"},"content":{"rendered":"\n<p>A programa\u00e7\u00e3o da vacina\u00e7\u00e3o contra a Covid-19 em Estrela teve prosseguimento nesta ter\u00e7a-feira (11\/5), quando foi aplicada a segunda dose (D2) da CoronaVac. Foram 273 pessoas com 67 anos ou mais que foram ao Parque Princesa do Vale nesta manh\u00e3. Esses estrelenses em quest\u00e3o eram aqueles que haviam recebido a primeira dose (D1) dia 30 de mar\u00e7o, e cuja imuniza\u00e7\u00e3o iria ser completada dia 27 de abril, o que n\u00e3o ocorreu na ocasi\u00e3o por falta de doses. O munic\u00edpio j\u00e1 tem 8.199 pessoas com a D1 (dose um)  e 3.906 com a D2 (dose 2), seguindo com um dos melhores percentuais do Estado.<\/p>\n\n\n\n<p>A pr\u00f3xima etapa ocorre na quinta-feira (13\/5), das 8h \u00e0s 12h, no modelo drive thru, ent\u00e3o a D1 (dose um) da AstraZeneca para pessoas com comorbidades acima dos 40 anos e portadores da S\u00edndrome de Down (com mais de 18 anos). Pessoas com mais de 60 anos de idade, independente de terem ou n\u00e3o comorbidades, tamb\u00e9m podem comparecer sempre. A vacina\u00e7\u00e3o de gestantes e pu\u00e9rperas estava na programa\u00e7\u00e3o, mas atendendo a uma nota t\u00e9cnica da Anvisa e orienta\u00e7\u00e3o do Minist\u00e9rio da Sa\u00fade, que investiga o caso de uma gestante que morreu no Rio de Janeiro ap\u00f3s ter sido imunizada com a AstraZeneca, a mesma foi suspensa para este respectivo grupo.<\/p>\n\n\n\n<p>Na sexta-feira (14\/5) ocorre a aplica\u00e7\u00e3o da D2 (dose dois) para um dos primeiros grupos a terem sido vacinados com a AstraZeneca, ainda em 19 de fevereiro. S\u00e3o apenas 25 pessoas com 83 anos ou mais, e por isso esta sess\u00e3o em especial ser\u00e1 realizada no Posto Central.<\/p>\n\n\n\n<figure class=\"wp-block-image size-large is-resized\"><img loading=\"lazy\" decoding=\"async\" src=\"https:\/\/folhapopular.info\/wp-content\/uploads\/2021\/05\/Vacinacao-quinta-13-05-1-1024x1024.jpeg\" alt=\"\" class=\"wp-image-83516\" width=\"579\" height=\"574\"\/><figcaption>Cr\u00e9dito da Foto: Rodrigo Angeli\/Prefeitura de Estrela\/Divulga\u00e7\u00e3o<\/figcaption><\/figure>\n\n\n\n<p>Comorbidades e campanha<\/p>\n\n\n\n<p>Entre as exig\u00eancias est\u00e1 a de apresentar receita m\u00e9dica atualizada (\u00faltimos 6 meses) ou laudo m\u00e9dico que comprove a comorbidade (com CID, especificada a patologia); comprovante de resid\u00eancia; documento de identidade com CPF.<\/p>\n\n\n\n<p>A iniciativa de arrecada\u00e7\u00e3o de alimentos segue ocorrendo no local com os volunt\u00e1rios do Lions de Estrela. Quem tiver a doa\u00e7\u00e3o, que avise na hora do cadastro e confer\u00eancia dos dados, pois os volunt\u00e1rios do Lions est\u00e3o envolvidos com a opera\u00e7\u00e3o. A equipe de sa\u00fade solicita que n\u00e3o se pe\u00e7a aos enfermeiros para que eles tirem fotos.<\/p>\n","protected":false},"excerpt":{"rendered":"<p>A programa\u00e7\u00e3o da vacina\u00e7\u00e3o contra a Covid-19 em Estrela teve prosseguimento nesta ter\u00e7a-feira (11\/5), quando foi aplicada a segunda dose (D2) da CoronaVac. Foram 273 pessoas com 67 anos ou mais que foram ao Parque Princesa do Vale nesta manh\u00e3. Esses estrelenses em quest\u00e3o eram aqueles que haviam recebido a primeira dose (D1) dia 30 [&hellip;]<\/p>\n","protected":false},"author":8,"featured_media":83515,"comment_status":"open","ping_status":"open","sticky":false,"template":"","format":"standard","meta":{"pmpro_default_level":"","_jetpack_memberships_contains_paid_content":false,"footnotes":""},"categories":[5756,2,3],"tags":[8,6582],"class_list":{"0":"post-83514","1":"post","2":"type-post","3":"status-publish","4":"format-standard","5":"has-post-thumbnail","7":"category-coronavirus","8":"category-featured","9":"category-geral","10":"tag-estrela","11":"tag-segunda-dose","12":"pmpro-has-access"},"yoast_head":"<!-- This site is optimized with the Yoast SEO plugin v27.5 - https:\/\/yoast.com\/product\/yoast-seo-wordpress\/ -->\n<title>Segunda dose para quase quatro mil estrelenses - Folha Popular<\/title>\n<meta name=\"robots\" content=\"index, follow, max-snippet:-1, max-image-preview:large, max-video-preview:-1\" \/>\n<link rel=\"canonical\" href=\"https:\/\/folhapopular.info\/index.php\/2021\/05\/12\/segunda-dose-para-quase-quatro-mil-estrelenses\/\" \/>\n<meta property=\"og:locale\" content=\"pt_BR\" \/>\n<meta property=\"og:type\" content=\"article\" \/>\n<meta property=\"og:title\" content=\"Segunda dose para quase quatro mil estrelenses - Folha Popular\" \/>\n<meta property=\"og:description\" content=\"A programa\u00e7\u00e3o da vacina\u00e7\u00e3o contra a Covid-19 em Estrela teve prosseguimento nesta ter\u00e7a-feira (11\/5), quando foi aplicada a segunda dose (D2) da CoronaVac. Foram 273 pessoas com 67 anos ou mais que foram ao Parque Princesa do Vale nesta manh\u00e3. Esses estrelenses em quest\u00e3o eram aqueles que haviam recebido a primeira dose (D1) dia 30 [&hellip;]\" \/>\n<meta property=\"og:url\" content=\"https:\/\/folhapopular.info\/index.php\/2021\/05\/12\/segunda-dose-para-quase-quatro-mil-estrelenses\/\" \/>\n<meta property=\"og:site_name\" content=\"Folha Popular\" \/>\n<meta property=\"article:published_time\" content=\"2021-05-12T14:03:24+00:00\" \/>\n<meta property=\"article:modified_time\" content=\"2021-05-12T14:10:23+00:00\" \/>\n<meta property=\"og:image\" content=\"https:\/\/folhapopular.info\/wp-content\/uploads\/2021\/05\/Vacinacao-geral-scaled-e1620827714706.jpg\" \/>\n\t<meta property=\"og:image:width\" content=\"800\" \/>\n\t<meta property=\"og:image:height\" content=\"525\" \/>\n\t<meta property=\"og:image:type\" content=\"image\/jpeg\" \/>\n<meta name=\"author\" content=\"Reda\u00e7\u00e3o Folha Popular\" \/>\n<meta name=\"twitter:card\" content=\"summary_large_image\" \/>\n<meta name=\"twitter:label1\" content=\"Escrito por\" \/>\n\t<meta name=\"twitter:data1\" content=\"Reda\u00e7\u00e3o Folha Popular\" \/>\n\t<meta name=\"twitter:label2\" content=\"Est. tempo de leitura\" \/>\n\t<meta name=\"twitter:data2\" content=\"2 minutos\" \/>\n<script type=\"application\/ld+json\" class=\"yoast-schema-graph\">{\"@context\":\"https:\\\/\\\/schema.org\",\"@graph\":[{\"@type\":\"Article\",\"@id\":\"https:\\\/\\\/folhapopular.info\\\/index.php\\\/2021\\\/05\\\/12\\\/segunda-dose-para-quase-quatro-mil-estrelenses\\\/#article\",\"isPartOf\":{\"@id\":\"https:\\\/\\\/folhapopular.info\\\/index.php\\\/2021\\\/05\\\/12\\\/segunda-dose-para-quase-quatro-mil-estrelenses\\\/\"},\"author\":{\"name\":\"Reda\u00e7\u00e3o Folha Popular\",\"@id\":\"https:\\\/\\\/folhapopular.info\\\/#\\\/schema\\\/person\\\/2814e8a0df7643585a9ca38bc6eb9d4b\"},\"headline\":\"Segunda dose para quase quatro mil estrelenses\",\"datePublished\":\"2021-05-12T14:03:24+00:00\",\"dateModified\":\"2021-05-12T14:10:23+00:00\",\"mainEntityOfPage\":{\"@id\":\"https:\\\/\\\/folhapopular.info\\\/index.php\\\/2021\\\/05\\\/12\\\/segunda-dose-para-quase-quatro-mil-estrelenses\\\/\"},\"wordCount\":394,\"commentCount\":0,\"image\":{\"@id\":\"https:\\\/\\\/folhapopular.info\\\/index.php\\\/2021\\\/05\\\/12\\\/segunda-dose-para-quase-quatro-mil-estrelenses\\\/#primaryimage\"},\"thumbnailUrl\":\"https:\\\/\\\/folhapopular.info\\\/wp-content\\\/uploads\\\/2021\\\/05\\\/Vacinacao-geral-scaled-e1620827714706.jpg\",\"keywords\":[\"Estrela\",\"segunda dose\"],\"articleSection\":[\"Coronav\u00edrus\",\"Destaques\",\"Geral\"],\"inLanguage\":\"pt-BR\",\"potentialAction\":[{\"@type\":\"CommentAction\",\"name\":\"Comment\",\"target\":[\"https:\\\/\\\/folhapopular.info\\\/index.php\\\/2021\\\/05\\\/12\\\/segunda-dose-para-quase-quatro-mil-estrelenses\\\/#respond\"]}]},{\"@type\":\"WebPage\",\"@id\":\"https:\\\/\\\/folhapopular.info\\\/index.php\\\/2021\\\/05\\\/12\\\/segunda-dose-para-quase-quatro-mil-estrelenses\\\/\",\"url\":\"https:\\\/\\\/folhapopular.info\\\/index.php\\\/2021\\\/05\\\/12\\\/segunda-dose-para-quase-quatro-mil-estrelenses\\\/\",\"name\":\"Segunda dose para quase quatro mil estrelenses - Folha Popular\",\"isPartOf\":{\"@id\":\"https:\\\/\\\/folhapopular.info\\\/#website\"},\"primaryImageOfPage\":{\"@id\":\"https:\\\/\\\/folhapopular.info\\\/index.php\\\/2021\\\/05\\\/12\\\/segunda-dose-para-quase-quatro-mil-estrelenses\\\/#primaryimage\"},\"image\":{\"@id\":\"https:\\\/\\\/folhapopular.info\\\/index.php\\\/2021\\\/05\\\/12\\\/segunda-dose-para-quase-quatro-mil-estrelenses\\\/#primaryimage\"},\"thumbnailUrl\":\"https:\\\/\\\/folhapopular.info\\\/wp-content\\\/uploads\\\/2021\\\/05\\\/Vacinacao-geral-scaled-e1620827714706.jpg\",\"datePublished\":\"2021-05-12T14:03:24+00:00\",\"dateModified\":\"2021-05-12T14:10:23+00:00\",\"author\":{\"@id\":\"https:\\\/\\\/folhapopular.info\\\/#\\\/schema\\\/person\\\/2814e8a0df7643585a9ca38bc6eb9d4b\"},\"breadcrumb\":{\"@id\":\"https:\\\/\\\/folhapopular.info\\\/index.php\\\/2021\\\/05\\\/12\\\/segunda-dose-para-quase-quatro-mil-estrelenses\\\/#breadcrumb\"},\"inLanguage\":\"pt-BR\",\"potentialAction\":[{\"@type\":\"ReadAction\",\"target\":[\"https:\\\/\\\/folhapopular.info\\\/index.php\\\/2021\\\/05\\\/12\\\/segunda-dose-para-quase-quatro-mil-estrelenses\\\/\"]}]},{\"@type\":\"ImageObject\",\"inLanguage\":\"pt-BR\",\"@id\":\"https:\\\/\\\/folhapopular.info\\\/index.php\\\/2021\\\/05\\\/12\\\/segunda-dose-para-quase-quatro-mil-estrelenses\\\/#primaryimage\",\"url\":\"https:\\\/\\\/folhapopular.info\\\/wp-content\\\/uploads\\\/2021\\\/05\\\/Vacinacao-geral-scaled-e1620827714706.jpg\",\"contentUrl\":\"https:\\\/\\\/folhapopular.info\\\/wp-content\\\/uploads\\\/2021\\\/05\\\/Vacinacao-geral-scaled-e1620827714706.jpg\",\"width\":800,\"height\":525,\"caption\":\"Munic\u00edpio ultrapassou a barreira dos oito mil vacinados com a D1 (dose um) e se aproxima dos quatro mil com a D2 (dose dois). Cr\u00e9dito da foto: Rodrigo Angeli\\\/Prefeitura de Estrela\\\/Divulga\u00e7\u00e3o\"},{\"@type\":\"BreadcrumbList\",\"@id\":\"https:\\\/\\\/folhapopular.info\\\/index.php\\\/2021\\\/05\\\/12\\\/segunda-dose-para-quase-quatro-mil-estrelenses\\\/#breadcrumb\",\"itemListElement\":[{\"@type\":\"ListItem\",\"position\":1,\"name\":\"In\u00edcio\",\"item\":\"https:\\\/\\\/folhapopular.info\\\/\"},{\"@type\":\"ListItem\",\"position\":2,\"name\":\"Segunda dose para quase quatro mil estrelenses\"}]},{\"@type\":\"WebSite\",\"@id\":\"https:\\\/\\\/folhapopular.info\\\/#website\",\"url\":\"https:\\\/\\\/folhapopular.info\\\/\",\"name\":\"Folha Popular\",\"description\":\"Onde voc\u00ea tem vez e voz\",\"potentialAction\":[{\"@type\":\"SearchAction\",\"target\":{\"@type\":\"EntryPoint\",\"urlTemplate\":\"https:\\\/\\\/folhapopular.info\\\/?s={search_term_string}\"},\"query-input\":{\"@type\":\"PropertyValueSpecification\",\"valueRequired\":true,\"valueName\":\"search_term_string\"}}],\"inLanguage\":\"pt-BR\"},{\"@type\":\"Person\",\"@id\":\"https:\\\/\\\/folhapopular.info\\\/#\\\/schema\\\/person\\\/2814e8a0df7643585a9ca38bc6eb9d4b\",\"name\":\"Reda\u00e7\u00e3o Folha Popular\",\"image\":{\"@type\":\"ImageObject\",\"inLanguage\":\"pt-BR\",\"@id\":\"https:\\\/\\\/folhapopular.info\\\/wp-content\\\/uploads\\\/2026\\\/04\\\/Folha-1.webp\",\"url\":\"https:\\\/\\\/folhapopular.info\\\/wp-content\\\/uploads\\\/2026\\\/04\\\/Folha-1.webp\",\"contentUrl\":\"https:\\\/\\\/folhapopular.info\\\/wp-content\\\/uploads\\\/2026\\\/04\\\/Folha-1.webp\",\"caption\":\"Reda\u00e7\u00e3o Folha Popular\"},\"url\":\"https:\\\/\\\/folhapopular.info\\\/index.php\\\/author\\\/redacao\\\/\"}]}<\/script>\n<!-- \/ Yoast SEO plugin. -->","yoast_head_json":{"title":"Segunda dose para quase quatro mil estrelenses - Folha Popular","robots":{"index":"index","follow":"follow","max-snippet":"max-snippet:-1","max-image-preview":"max-image-preview:large","max-video-preview":"max-video-preview:-1"},"canonical":"https:\/\/folhapopular.info\/index.php\/2021\/05\/12\/segunda-dose-para-quase-quatro-mil-estrelenses\/","og_locale":"pt_BR","og_type":"article","og_title":"Segunda dose para quase quatro mil estrelenses - Folha Popular","og_description":"A programa\u00e7\u00e3o da vacina\u00e7\u00e3o contra a Covid-19 em Estrela teve prosseguimento nesta ter\u00e7a-feira (11\/5), quando foi aplicada a segunda dose (D2) da CoronaVac. Foram 273 pessoas com 67 anos ou mais que foram ao Parque Princesa do Vale nesta manh\u00e3. Esses estrelenses em quest\u00e3o eram aqueles que haviam recebido a primeira dose (D1) dia 30 [&hellip;]","og_url":"https:\/\/folhapopular.info\/index.php\/2021\/05\/12\/segunda-dose-para-quase-quatro-mil-estrelenses\/","og_site_name":"Folha Popular","article_published_time":"2021-05-12T14:03:24+00:00","article_modified_time":"2021-05-12T14:10:23+00:00","og_image":[{"width":800,"height":525,"url":"https:\/\/folhapopular.info\/wp-content\/uploads\/2021\/05\/Vacinacao-geral-scaled-e1620827714706.jpg","type":"image\/jpeg"}],"author":"Reda\u00e7\u00e3o Folha Popular","twitter_card":"summary_large_image","twitter_misc":{"Escrito por":"Reda\u00e7\u00e3o Folha Popular","Est. tempo de leitura":"2 minutos"},"schema":{"@context":"https:\/\/schema.org","@graph":[{"@type":"Article","@id":"https:\/\/folhapopular.info\/index.php\/2021\/05\/12\/segunda-dose-para-quase-quatro-mil-estrelenses\/#article","isPartOf":{"@id":"https:\/\/folhapopular.info\/index.php\/2021\/05\/12\/segunda-dose-para-quase-quatro-mil-estrelenses\/"},"author":{"name":"Reda\u00e7\u00e3o Folha Popular","@id":"https:\/\/folhapopular.info\/#\/schema\/person\/2814e8a0df7643585a9ca38bc6eb9d4b"},"headline":"Segunda dose para quase quatro mil estrelenses","datePublished":"2021-05-12T14:03:24+00:00","dateModified":"2021-05-12T14:10:23+00:00","mainEntityOfPage":{"@id":"https:\/\/folhapopular.info\/index.php\/2021\/05\/12\/segunda-dose-para-quase-quatro-mil-estrelenses\/"},"wordCount":394,"commentCount":0,"image":{"@id":"https:\/\/folhapopular.info\/index.php\/2021\/05\/12\/segunda-dose-para-quase-quatro-mil-estrelenses\/#primaryimage"},"thumbnailUrl":"https:\/\/folhapopular.info\/wp-content\/uploads\/2021\/05\/Vacinacao-geral-scaled-e1620827714706.jpg","keywords":["Estrela","segunda dose"],"articleSection":["Coronav\u00edrus","Destaques","Geral"],"inLanguage":"pt-BR","potentialAction":[{"@type":"CommentAction","name":"Comment","target":["https:\/\/folhapopular.info\/index.php\/2021\/05\/12\/segunda-dose-para-quase-quatro-mil-estrelenses\/#respond"]}]},{"@type":"WebPage","@id":"https:\/\/folhapopular.info\/index.php\/2021\/05\/12\/segunda-dose-para-quase-quatro-mil-estrelenses\/","url":"https:\/\/folhapopular.info\/index.php\/2021\/05\/12\/segunda-dose-para-quase-quatro-mil-estrelenses\/","name":"Segunda dose para quase quatro mil estrelenses - Folha Popular","isPartOf":{"@id":"https:\/\/folhapopular.info\/#website"},"primaryImageOfPage":{"@id":"https:\/\/folhapopular.info\/index.php\/2021\/05\/12\/segunda-dose-para-quase-quatro-mil-estrelenses\/#primaryimage"},"image":{"@id":"https:\/\/folhapopular.info\/index.php\/2021\/05\/12\/segunda-dose-para-quase-quatro-mil-estrelenses\/#primaryimage"},"thumbnailUrl":"https:\/\/folhapopular.info\/wp-content\/uploads\/2021\/05\/Vacinacao-geral-scaled-e1620827714706.jpg","datePublished":"2021-05-12T14:03:24+00:00","dateModified":"2021-05-12T14:10:23+00:00","author":{"@id":"https:\/\/folhapopular.info\/#\/schema\/person\/2814e8a0df7643585a9ca38bc6eb9d4b"},"breadcrumb":{"@id":"https:\/\/folhapopular.info\/index.php\/2021\/05\/12\/segunda-dose-para-quase-quatro-mil-estrelenses\/#breadcrumb"},"inLanguage":"pt-BR","potentialAction":[{"@type":"ReadAction","target":["https:\/\/folhapopular.info\/index.php\/2021\/05\/12\/segunda-dose-para-quase-quatro-mil-estrelenses\/"]}]},{"@type":"ImageObject","inLanguage":"pt-BR","@id":"https:\/\/folhapopular.info\/index.php\/2021\/05\/12\/segunda-dose-para-quase-quatro-mil-estrelenses\/#primaryimage","url":"https:\/\/folhapopular.info\/wp-content\/uploads\/2021\/05\/Vacinacao-geral-scaled-e1620827714706.jpg","contentUrl":"https:\/\/folhapopular.info\/wp-content\/uploads\/2021\/05\/Vacinacao-geral-scaled-e1620827714706.jpg","width":800,"height":525,"caption":"Munic\u00edpio ultrapassou a barreira dos oito mil vacinados com a D1 (dose um) e se aproxima dos quatro mil com a D2 (dose dois). Cr\u00e9dito da foto: Rodrigo Angeli\/Prefeitura de Estrela\/Divulga\u00e7\u00e3o"},{"@type":"BreadcrumbList","@id":"https:\/\/folhapopular.info\/index.php\/2021\/05\/12\/segunda-dose-para-quase-quatro-mil-estrelenses\/#breadcrumb","itemListElement":[{"@type":"ListItem","position":1,"name":"In\u00edcio","item":"https:\/\/folhapopular.info\/"},{"@type":"ListItem","position":2,"name":"Segunda dose para quase quatro mil estrelenses"}]},{"@type":"WebSite","@id":"https:\/\/folhapopular.info\/#website","url":"https:\/\/folhapopular.info\/","name":"Folha Popular","description":"Onde voc\u00ea tem vez e voz","potentialAction":[{"@type":"SearchAction","target":{"@type":"EntryPoint","urlTemplate":"https:\/\/folhapopular.info\/?s={search_term_string}"},"query-input":{"@type":"PropertyValueSpecification","valueRequired":true,"valueName":"search_term_string"}}],"inLanguage":"pt-BR"},{"@type":"Person","@id":"https:\/\/folhapopular.info\/#\/schema\/person\/2814e8a0df7643585a9ca38bc6eb9d4b","name":"Reda\u00e7\u00e3o Folha Popular","image":{"@type":"ImageObject","inLanguage":"pt-BR","@id":"https:\/\/folhapopular.info\/wp-content\/uploads\/2026\/04\/Folha-1.webp","url":"https:\/\/folhapopular.info\/wp-content\/uploads\/2026\/04\/Folha-1.webp","contentUrl":"https:\/\/folhapopular.info\/wp-content\/uploads\/2026\/04\/Folha-1.webp","caption":"Reda\u00e7\u00e3o Folha Popular"},"url":"https:\/\/folhapopular.info\/index.php\/author\/redacao\/"}]}},"jetpack_featured_media_url":"https:\/\/folhapopular.info\/wp-content\/uploads\/2021\/05\/Vacinacao-geral-scaled-e1620827714706.jpg","jetpack_sharing_enabled":true,"amp_enabled":true,"_links":{"self":[{"href":"https:\/\/folhapopular.info\/index.php\/wp-json\/wp\/v2\/posts\/83514","targetHints":{"allow":["GET"]}}],"collection":[{"href":"https:\/\/folhapopular.info\/index.php\/wp-json\/wp\/v2\/posts"}],"about":[{"href":"https:\/\/folhapopular.info\/index.php\/wp-json\/wp\/v2\/types\/post"}],"author":[{"embeddable":true,"href":"https:\/\/folhapopular.info\/index.php\/wp-json\/wp\/v2\/users\/8"}],"replies":[{"embeddable":true,"href":"https:\/\/folhapopular.info\/index.php\/wp-json\/wp\/v2\/comments?post=83514"}],"version-history":[{"count":0,"href":"https:\/\/folhapopular.info\/index.php\/wp-json\/wp\/v2\/posts\/83514\/revisions"}],"wp:featuredmedia":[{"embeddable":true,"href":"https:\/\/folhapopular.info\/index.php\/wp-json\/wp\/v2\/media\/83515"}],"wp:attachment":[{"href":"https:\/\/folhapopular.info\/index.php\/wp-json\/wp\/v2\/media?parent=83514"}],"wp:term":[{"taxonomy":"category","embeddable":true,"href":"https:\/\/folhapopular.info\/index.php\/wp-json\/wp\/v2\/categories?post=83514"},{"taxonomy":"post_tag","embeddable":true,"href":"https:\/\/folhapopular.info\/index.php\/wp-json\/wp\/v2\/tags?post=83514"}],"curies":[{"name":"wp","href":"https:\/\/api.w.org\/{rel}","templated":true}]}}