{"id":83525,"date":"2021-05-12T11:18:31","date_gmt":"2021-05-12T14:18:31","guid":{"rendered":"https:\/\/folhapopular.info\/?p=83525"},"modified":"2021-05-12T11:21:15","modified_gmt":"2021-05-12T14:21:15","slug":"poco-das-antas-comemora-hoje-33-anos-de-emancipacao","status":"publish","type":"post","link":"https:\/\/folhapopular.info\/index.php\/2021\/05\/12\/poco-das-antas-comemora-hoje-33-anos-de-emancipacao\/","title":{"rendered":"Po\u00e7o das Antas comemora hoje 33 anos de emancipa\u00e7\u00e3o"},"content":{"rendered":"\n<p><em>\u00c1udio na \u00edntegra dispon\u00edvel no <strong><a href=\"https:\/\/popular.fm.br\/index.php\/2021\/05\/12\/ouca-poco-das-antas-comemora-hoje-33-anos-de-emancipacao\/\">site da R\u00e1dio Popular<\/a><\/strong><\/em><\/p>\n\n\n\n<p>O munic\u00edpio de Po\u00e7o das Antas comemora hoje 33 anos de emancipa\u00e7\u00e3o. O Espa\u00e7o Aberto teve a participa\u00e7\u00e3o da prefeita de Po\u00e7o das Antas, V\u00e2nia Brackmann, na manh\u00e3 desta quarta-feira (12\/5). A prefeita destaca a caminhada do munic\u00edpio at\u00e9 a data de hoje.<\/p>\n\n\n\n<p>V\u00e2nia entende que a emancipa\u00e7\u00e3o do munic\u00edpio foi em um momento necess\u00e1rio. Na \u00e9poca pertencente ao munic\u00edpio de Salvador do Sul, localizado nas extremidades do munic\u00edpio m\u00e3e, os moradores se uniram e decidiram se emancipar. A partir deste momento, Po\u00e7o das Antas come\u00e7ou a se desenvolver, al\u00e9m de melhorar a qualidade de vida destes moradores. \u201cAo se tornar um munic\u00edpio \u00e9 poss\u00edvel colocar as caracter\u00edsticas locais no seu trabalho\u201d, pontua V\u00e2nia.<\/p>\n\n\n\n<p>Com o cen\u00e1rio da pandemia, as comemora\u00e7\u00f5es do anivers\u00e1rio tiveram que ser adaptadas. Foi criado o \u201c1\u00b0 desafio Po\u00e7o das Antas em movimento\u201d. A administra\u00e7\u00e3o municipal criou duas rotas, conciliando pontos tur\u00edsticos, buscando a valoriza\u00e7\u00e3o da fam\u00edlia e a vida saud\u00e1vel, destaca a prefeita.<\/p>\n\n\n\n<p>O projeto acontece durante todo o m\u00eas do anivers\u00e1rio e desafia o mun\u00edcipe a fazer uma das duas rotas, a p\u00e9, a cavalo ou de bicicleta, tirando fotos nas placas instaladas nos pontos tur\u00edsticos de Po\u00e7o das Antas e enviando ao n\u00famero de telefone que vem sendo divulgado. A partir de hoje, quem fez um dos trajetos pode ir at\u00e9 a prefeitura e retirar um brinde individual, ou se foi feito no grupo familiar e todos aparecem nas fotografias, receber\u00e3o uma cesta de produtos.<\/p>\n\n\n\n<p>V\u00e2nia destaca a \u00e1rea da educa\u00e7\u00e3o, pontuando que a valoriza\u00e7\u00e3o da escola vem da coloniza\u00e7\u00e3o de suas terras pela cultura alem\u00e3, aproveitando suas ra\u00edzes ao longo dos tempos. A prefeita, que tamb\u00e9m \u00e9 professora e teve uma longa caminhada pela educa\u00e7\u00e3o no munic\u00edpio, enfatiza a valoriza\u00e7\u00e3o dessa \u00e1rea pela comunidade e a boa qualidade dos profissionais que atuam em Po\u00e7o das Antas. \u201dS\u00f3 se faz uma boa educa\u00e7\u00e3o tendo uma boa educa\u00e7\u00e3o infantil\u201d, ressalta.<\/p>\n\n\n\n<p>A economia da cidade tamb\u00e9m tem seu destaque, com diversidade econ\u00f4mica e um setor prim\u00e1rio forte. A Prefeitura tem dado aos produtores rurais toda assessoria, melhorando acessos e auxiliando nas terraplanagens. Ela que a inten\u00e7\u00e3o de diversificar e criar diferentes oportunidades a todos.<\/p>\n\n\n\n<p>O Kerbfest \u00e9 uma marca registrada do munic\u00edpio.. Com a pandemia as comemora\u00e7\u00f5es dessa tradi\u00e7\u00e3o comunit\u00e1ria e familiar ficaram comprometidas. A prefeita pontua que a comunidade po\u00e7oantense necessita desse conv\u00edvio em comunidade. Espera-se que nos pr\u00f3ximos anos estas comemora\u00e7\u00f5es possam ocorrer.<\/p>\n\n\n\n<p>O anivers\u00e1rio \u00e9 um momento em que tamb\u00e9m se olha para o futuro e V\u00e2nia espera ver o munic\u00edpio bem cuidado, preservando a economia forte e sendo um munic\u00edpio cada vez mais acolhedor e com qualidade de vida.<\/p>\n\n\n\n<p><strong>Convidada:<\/strong>\u00a0prefeita de Po\u00e7o das Antas V\u00e2nia Brackmann<br><strong>Data:<\/strong>\u00a012\/5<br><strong>Assuntos:<\/strong><br>&#8211; Po\u00e7o das Antas comemora 33 anos de emancipa\u00e7\u00e3o;<br>&#8211; 1\u00b0 desafio Po\u00e7o das Antas em movimento;<br>&#8211; Educa\u00e7\u00e3o no munic\u00edpio;<br>&#8211; A economia em Po\u00e7o das Antas;<br>&#8211; Kerbfest;<br>&#8211; Olhar para o futuro.<\/p>\n\n\n\n<p><em>\u00c1udio na \u00edntegra dispon\u00edvel no <strong><a href=\"https:\/\/popular.fm.br\/index.php\/2021\/05\/12\/ouca-poco-das-antas-comemora-hoje-33-anos-de-emancipacao\/\">site da R\u00e1dio Popular<\/a><\/strong><\/em><\/p>\n","protected":false},"excerpt":{"rendered":"<p>\u00c1udio na \u00edntegra dispon\u00edvel no site da R\u00e1dio Popular O munic\u00edpio de Po\u00e7o das Antas comemora hoje 33 anos de emancipa\u00e7\u00e3o. O Espa\u00e7o Aberto teve a participa\u00e7\u00e3o da prefeita de Po\u00e7o das Antas, V\u00e2nia Brackmann, na manh\u00e3 desta quarta-feira (12\/5). A prefeita destaca a caminhada do munic\u00edpio at\u00e9 a data de hoje. V\u00e2nia entende que [&hellip;]<\/p>\n","protected":false},"author":8,"featured_media":83531,"comment_status":"open","ping_status":"open","sticky":false,"template":"","format":"standard","meta":{"pmpro_default_level":"","_jetpack_memberships_contains_paid_content":false,"footnotes":""},"categories":[2,3],"tags":[6583,3488,40],"class_list":{"0":"post-83525","1":"post","2":"type-post","3":"status-publish","4":"format-standard","5":"has-post-thumbnail","7":"category-featured","8":"category-geral","9":"tag-33-anos","10":"tag-emancipacao","11":"tag-poco-das-antas","12":"pmpro-has-access"},"yoast_head":"<!-- This site is optimized with the Yoast SEO plugin v27.5 - https:\/\/yoast.com\/product\/yoast-seo-wordpress\/ -->\n<title>Po\u00e7o das Antas comemora hoje 33 anos de emancipa\u00e7\u00e3o - Folha Popular<\/title>\n<meta name=\"robots\" content=\"index, follow, max-snippet:-1, max-image-preview:large, max-video-preview:-1\" \/>\n<link rel=\"canonical\" href=\"https:\/\/folhapopular.info\/index.php\/2021\/05\/12\/poco-das-antas-comemora-hoje-33-anos-de-emancipacao\/\" \/>\n<meta property=\"og:locale\" content=\"pt_BR\" \/>\n<meta property=\"og:type\" content=\"article\" \/>\n<meta property=\"og:title\" content=\"Po\u00e7o das Antas comemora hoje 33 anos de emancipa\u00e7\u00e3o - Folha Popular\" \/>\n<meta property=\"og:description\" content=\"\u00c1udio na \u00edntegra dispon\u00edvel no site da R\u00e1dio Popular O munic\u00edpio de Po\u00e7o das Antas comemora hoje 33 anos de emancipa\u00e7\u00e3o. O Espa\u00e7o Aberto teve a participa\u00e7\u00e3o da prefeita de Po\u00e7o das Antas, V\u00e2nia Brackmann, na manh\u00e3 desta quarta-feira (12\/5). A prefeita destaca a caminhada do munic\u00edpio at\u00e9 a data de hoje. V\u00e2nia entende que [&hellip;]\" \/>\n<meta property=\"og:url\" content=\"https:\/\/folhapopular.info\/index.php\/2021\/05\/12\/poco-das-antas-comemora-hoje-33-anos-de-emancipacao\/\" \/>\n<meta property=\"og:site_name\" content=\"Folha Popular\" \/>\n<meta property=\"article:published_time\" content=\"2021-05-12T14:18:31+00:00\" \/>\n<meta property=\"article:modified_time\" content=\"2021-05-12T14:21:15+00:00\" \/>\n<meta property=\"og:image\" content=\"https:\/\/folhapopular.info\/wp-content\/uploads\/2021\/05\/WhatsApp-Image-2021-05-12-at-08.48.01-e1620828968941.jpeg\" \/>\n\t<meta property=\"og:image:width\" content=\"800\" \/>\n\t<meta property=\"og:image:height\" content=\"600\" \/>\n\t<meta property=\"og:image:type\" content=\"image\/jpeg\" \/>\n<meta name=\"author\" content=\"Reda\u00e7\u00e3o Folha Popular\" \/>\n<meta name=\"twitter:card\" content=\"summary_large_image\" \/>\n<meta name=\"twitter:label1\" content=\"Escrito por\" \/>\n\t<meta name=\"twitter:data1\" content=\"Reda\u00e7\u00e3o Folha Popular\" \/>\n\t<meta name=\"twitter:label2\" content=\"Est. tempo de leitura\" \/>\n\t<meta name=\"twitter:data2\" content=\"3 minutos\" \/>\n<script type=\"application\/ld+json\" class=\"yoast-schema-graph\">{\"@context\":\"https:\\\/\\\/schema.org\",\"@graph\":[{\"@type\":\"Article\",\"@id\":\"https:\\\/\\\/folhapopular.info\\\/index.php\\\/2021\\\/05\\\/12\\\/poco-das-antas-comemora-hoje-33-anos-de-emancipacao\\\/#article\",\"isPartOf\":{\"@id\":\"https:\\\/\\\/folhapopular.info\\\/index.php\\\/2021\\\/05\\\/12\\\/poco-das-antas-comemora-hoje-33-anos-de-emancipacao\\\/\"},\"author\":{\"name\":\"Reda\u00e7\u00e3o Folha Popular\",\"@id\":\"https:\\\/\\\/folhapopular.info\\\/#\\\/schema\\\/person\\\/2814e8a0df7643585a9ca38bc6eb9d4b\"},\"headline\":\"Po\u00e7o das Antas comemora hoje 33 anos de emancipa\u00e7\u00e3o\",\"datePublished\":\"2021-05-12T14:18:31+00:00\",\"dateModified\":\"2021-05-12T14:21:15+00:00\",\"mainEntityOfPage\":{\"@id\":\"https:\\\/\\\/folhapopular.info\\\/index.php\\\/2021\\\/05\\\/12\\\/poco-das-antas-comemora-hoje-33-anos-de-emancipacao\\\/\"},\"wordCount\":581,\"commentCount\":0,\"image\":{\"@id\":\"https:\\\/\\\/folhapopular.info\\\/index.php\\\/2021\\\/05\\\/12\\\/poco-das-antas-comemora-hoje-33-anos-de-emancipacao\\\/#primaryimage\"},\"thumbnailUrl\":\"https:\\\/\\\/folhapopular.info\\\/wp-content\\\/uploads\\\/2021\\\/05\\\/WhatsApp-Image-2021-05-12-at-08.48.01-e1620828968941.jpeg\",\"keywords\":[\"33 anos\",\"emancipa\u00e7\u00e3o\",\"Po\u00e7o das Antas\"],\"articleSection\":[\"Destaques\",\"Geral\"],\"inLanguage\":\"pt-BR\",\"potentialAction\":[{\"@type\":\"CommentAction\",\"name\":\"Comment\",\"target\":[\"https:\\\/\\\/folhapopular.info\\\/index.php\\\/2021\\\/05\\\/12\\\/poco-das-antas-comemora-hoje-33-anos-de-emancipacao\\\/#respond\"]}]},{\"@type\":\"WebPage\",\"@id\":\"https:\\\/\\\/folhapopular.info\\\/index.php\\\/2021\\\/05\\\/12\\\/poco-das-antas-comemora-hoje-33-anos-de-emancipacao\\\/\",\"url\":\"https:\\\/\\\/folhapopular.info\\\/index.php\\\/2021\\\/05\\\/12\\\/poco-das-antas-comemora-hoje-33-anos-de-emancipacao\\\/\",\"name\":\"Po\u00e7o das Antas comemora hoje 33 anos de emancipa\u00e7\u00e3o - Folha Popular\",\"isPartOf\":{\"@id\":\"https:\\\/\\\/folhapopular.info\\\/#website\"},\"primaryImageOfPage\":{\"@id\":\"https:\\\/\\\/folhapopular.info\\\/index.php\\\/2021\\\/05\\\/12\\\/poco-das-antas-comemora-hoje-33-anos-de-emancipacao\\\/#primaryimage\"},\"image\":{\"@id\":\"https:\\\/\\\/folhapopular.info\\\/index.php\\\/2021\\\/05\\\/12\\\/poco-das-antas-comemora-hoje-33-anos-de-emancipacao\\\/#primaryimage\"},\"thumbnailUrl\":\"https:\\\/\\\/folhapopular.info\\\/wp-content\\\/uploads\\\/2021\\\/05\\\/WhatsApp-Image-2021-05-12-at-08.48.01-e1620828968941.jpeg\",\"datePublished\":\"2021-05-12T14:18:31+00:00\",\"dateModified\":\"2021-05-12T14:21:15+00:00\",\"author\":{\"@id\":\"https:\\\/\\\/folhapopular.info\\\/#\\\/schema\\\/person\\\/2814e8a0df7643585a9ca38bc6eb9d4b\"},\"breadcrumb\":{\"@id\":\"https:\\\/\\\/folhapopular.info\\\/index.php\\\/2021\\\/05\\\/12\\\/poco-das-antas-comemora-hoje-33-anos-de-emancipacao\\\/#breadcrumb\"},\"inLanguage\":\"pt-BR\",\"potentialAction\":[{\"@type\":\"ReadAction\",\"target\":[\"https:\\\/\\\/folhapopular.info\\\/index.php\\\/2021\\\/05\\\/12\\\/poco-das-antas-comemora-hoje-33-anos-de-emancipacao\\\/\"]}]},{\"@type\":\"ImageObject\",\"inLanguage\":\"pt-BR\",\"@id\":\"https:\\\/\\\/folhapopular.info\\\/index.php\\\/2021\\\/05\\\/12\\\/poco-das-antas-comemora-hoje-33-anos-de-emancipacao\\\/#primaryimage\",\"url\":\"https:\\\/\\\/folhapopular.info\\\/wp-content\\\/uploads\\\/2021\\\/05\\\/WhatsApp-Image-2021-05-12-at-08.48.01-e1620828968941.jpeg\",\"contentUrl\":\"https:\\\/\\\/folhapopular.info\\\/wp-content\\\/uploads\\\/2021\\\/05\\\/WhatsApp-Image-2021-05-12-at-08.48.01-e1620828968941.jpeg\",\"width\":800,\"height\":600,\"caption\":\"Cr\u00e9dito da foto: Luciana Brune\"},{\"@type\":\"BreadcrumbList\",\"@id\":\"https:\\\/\\\/folhapopular.info\\\/index.php\\\/2021\\\/05\\\/12\\\/poco-das-antas-comemora-hoje-33-anos-de-emancipacao\\\/#breadcrumb\",\"itemListElement\":[{\"@type\":\"ListItem\",\"position\":1,\"name\":\"In\u00edcio\",\"item\":\"https:\\\/\\\/folhapopular.info\\\/\"},{\"@type\":\"ListItem\",\"position\":2,\"name\":\"Po\u00e7o das Antas comemora hoje 33 anos de emancipa\u00e7\u00e3o\"}]},{\"@type\":\"WebSite\",\"@id\":\"https:\\\/\\\/folhapopular.info\\\/#website\",\"url\":\"https:\\\/\\\/folhapopular.info\\\/\",\"name\":\"Folha Popular\",\"description\":\"Onde voc\u00ea tem vez e voz\",\"potentialAction\":[{\"@type\":\"SearchAction\",\"target\":{\"@type\":\"EntryPoint\",\"urlTemplate\":\"https:\\\/\\\/folhapopular.info\\\/?s={search_term_string}\"},\"query-input\":{\"@type\":\"PropertyValueSpecification\",\"valueRequired\":true,\"valueName\":\"search_term_string\"}}],\"inLanguage\":\"pt-BR\"},{\"@type\":\"Person\",\"@id\":\"https:\\\/\\\/folhapopular.info\\\/#\\\/schema\\\/person\\\/2814e8a0df7643585a9ca38bc6eb9d4b\",\"name\":\"Reda\u00e7\u00e3o Folha Popular\",\"image\":{\"@type\":\"ImageObject\",\"inLanguage\":\"pt-BR\",\"@id\":\"https:\\\/\\\/folhapopular.info\\\/wp-content\\\/uploads\\\/2026\\\/04\\\/Folha-1.webp\",\"url\":\"https:\\\/\\\/folhapopular.info\\\/wp-content\\\/uploads\\\/2026\\\/04\\\/Folha-1.webp\",\"contentUrl\":\"https:\\\/\\\/folhapopular.info\\\/wp-content\\\/uploads\\\/2026\\\/04\\\/Folha-1.webp\",\"caption\":\"Reda\u00e7\u00e3o Folha Popular\"},\"url\":\"https:\\\/\\\/folhapopular.info\\\/index.php\\\/author\\\/redacao\\\/\"}]}<\/script>\n<!-- \/ Yoast SEO plugin. -->","yoast_head_json":{"title":"Po\u00e7o das Antas comemora hoje 33 anos de emancipa\u00e7\u00e3o - Folha Popular","robots":{"index":"index","follow":"follow","max-snippet":"max-snippet:-1","max-image-preview":"max-image-preview:large","max-video-preview":"max-video-preview:-1"},"canonical":"https:\/\/folhapopular.info\/index.php\/2021\/05\/12\/poco-das-antas-comemora-hoje-33-anos-de-emancipacao\/","og_locale":"pt_BR","og_type":"article","og_title":"Po\u00e7o das Antas comemora hoje 33 anos de emancipa\u00e7\u00e3o - Folha Popular","og_description":"\u00c1udio na \u00edntegra dispon\u00edvel no site da R\u00e1dio Popular O munic\u00edpio de Po\u00e7o das Antas comemora hoje 33 anos de emancipa\u00e7\u00e3o. O Espa\u00e7o Aberto teve a participa\u00e7\u00e3o da prefeita de Po\u00e7o das Antas, V\u00e2nia Brackmann, na manh\u00e3 desta quarta-feira (12\/5). A prefeita destaca a caminhada do munic\u00edpio at\u00e9 a data de hoje. V\u00e2nia entende que [&hellip;]","og_url":"https:\/\/folhapopular.info\/index.php\/2021\/05\/12\/poco-das-antas-comemora-hoje-33-anos-de-emancipacao\/","og_site_name":"Folha Popular","article_published_time":"2021-05-12T14:18:31+00:00","article_modified_time":"2021-05-12T14:21:15+00:00","og_image":[{"width":800,"height":600,"url":"https:\/\/folhapopular.info\/wp-content\/uploads\/2021\/05\/WhatsApp-Image-2021-05-12-at-08.48.01-e1620828968941.jpeg","type":"image\/jpeg"}],"author":"Reda\u00e7\u00e3o Folha Popular","twitter_card":"summary_large_image","twitter_misc":{"Escrito por":"Reda\u00e7\u00e3o Folha Popular","Est. tempo de leitura":"3 minutos"},"schema":{"@context":"https:\/\/schema.org","@graph":[{"@type":"Article","@id":"https:\/\/folhapopular.info\/index.php\/2021\/05\/12\/poco-das-antas-comemora-hoje-33-anos-de-emancipacao\/#article","isPartOf":{"@id":"https:\/\/folhapopular.info\/index.php\/2021\/05\/12\/poco-das-antas-comemora-hoje-33-anos-de-emancipacao\/"},"author":{"name":"Reda\u00e7\u00e3o Folha Popular","@id":"https:\/\/folhapopular.info\/#\/schema\/person\/2814e8a0df7643585a9ca38bc6eb9d4b"},"headline":"Po\u00e7o das Antas comemora hoje 33 anos de emancipa\u00e7\u00e3o","datePublished":"2021-05-12T14:18:31+00:00","dateModified":"2021-05-12T14:21:15+00:00","mainEntityOfPage":{"@id":"https:\/\/folhapopular.info\/index.php\/2021\/05\/12\/poco-das-antas-comemora-hoje-33-anos-de-emancipacao\/"},"wordCount":581,"commentCount":0,"image":{"@id":"https:\/\/folhapopular.info\/index.php\/2021\/05\/12\/poco-das-antas-comemora-hoje-33-anos-de-emancipacao\/#primaryimage"},"thumbnailUrl":"https:\/\/folhapopular.info\/wp-content\/uploads\/2021\/05\/WhatsApp-Image-2021-05-12-at-08.48.01-e1620828968941.jpeg","keywords":["33 anos","emancipa\u00e7\u00e3o","Po\u00e7o das Antas"],"articleSection":["Destaques","Geral"],"inLanguage":"pt-BR","potentialAction":[{"@type":"CommentAction","name":"Comment","target":["https:\/\/folhapopular.info\/index.php\/2021\/05\/12\/poco-das-antas-comemora-hoje-33-anos-de-emancipacao\/#respond"]}]},{"@type":"WebPage","@id":"https:\/\/folhapopular.info\/index.php\/2021\/05\/12\/poco-das-antas-comemora-hoje-33-anos-de-emancipacao\/","url":"https:\/\/folhapopular.info\/index.php\/2021\/05\/12\/poco-das-antas-comemora-hoje-33-anos-de-emancipacao\/","name":"Po\u00e7o das Antas comemora hoje 33 anos de emancipa\u00e7\u00e3o - Folha Popular","isPartOf":{"@id":"https:\/\/folhapopular.info\/#website"},"primaryImageOfPage":{"@id":"https:\/\/folhapopular.info\/index.php\/2021\/05\/12\/poco-das-antas-comemora-hoje-33-anos-de-emancipacao\/#primaryimage"},"image":{"@id":"https:\/\/folhapopular.info\/index.php\/2021\/05\/12\/poco-das-antas-comemora-hoje-33-anos-de-emancipacao\/#primaryimage"},"thumbnailUrl":"https:\/\/folhapopular.info\/wp-content\/uploads\/2021\/05\/WhatsApp-Image-2021-05-12-at-08.48.01-e1620828968941.jpeg","datePublished":"2021-05-12T14:18:31+00:00","dateModified":"2021-05-12T14:21:15+00:00","author":{"@id":"https:\/\/folhapopular.info\/#\/schema\/person\/2814e8a0df7643585a9ca38bc6eb9d4b"},"breadcrumb":{"@id":"https:\/\/folhapopular.info\/index.php\/2021\/05\/12\/poco-das-antas-comemora-hoje-33-anos-de-emancipacao\/#breadcrumb"},"inLanguage":"pt-BR","potentialAction":[{"@type":"ReadAction","target":["https:\/\/folhapopular.info\/index.php\/2021\/05\/12\/poco-das-antas-comemora-hoje-33-anos-de-emancipacao\/"]}]},{"@type":"ImageObject","inLanguage":"pt-BR","@id":"https:\/\/folhapopular.info\/index.php\/2021\/05\/12\/poco-das-antas-comemora-hoje-33-anos-de-emancipacao\/#primaryimage","url":"https:\/\/folhapopular.info\/wp-content\/uploads\/2021\/05\/WhatsApp-Image-2021-05-12-at-08.48.01-e1620828968941.jpeg","contentUrl":"https:\/\/folhapopular.info\/wp-content\/uploads\/2021\/05\/WhatsApp-Image-2021-05-12-at-08.48.01-e1620828968941.jpeg","width":800,"height":600,"caption":"Cr\u00e9dito da foto: Luciana Brune"},{"@type":"BreadcrumbList","@id":"https:\/\/folhapopular.info\/index.php\/2021\/05\/12\/poco-das-antas-comemora-hoje-33-anos-de-emancipacao\/#breadcrumb","itemListElement":[{"@type":"ListItem","position":1,"name":"In\u00edcio","item":"https:\/\/folhapopular.info\/"},{"@type":"ListItem","position":2,"name":"Po\u00e7o das Antas comemora hoje 33 anos de emancipa\u00e7\u00e3o"}]},{"@type":"WebSite","@id":"https:\/\/folhapopular.info\/#website","url":"https:\/\/folhapopular.info\/","name":"Folha Popular","description":"Onde voc\u00ea tem vez e voz","potentialAction":[{"@type":"SearchAction","target":{"@type":"EntryPoint","urlTemplate":"https:\/\/folhapopular.info\/?s={search_term_string}"},"query-input":{"@type":"PropertyValueSpecification","valueRequired":true,"valueName":"search_term_string"}}],"inLanguage":"pt-BR"},{"@type":"Person","@id":"https:\/\/folhapopular.info\/#\/schema\/person\/2814e8a0df7643585a9ca38bc6eb9d4b","name":"Reda\u00e7\u00e3o Folha Popular","image":{"@type":"ImageObject","inLanguage":"pt-BR","@id":"https:\/\/folhapopular.info\/wp-content\/uploads\/2026\/04\/Folha-1.webp","url":"https:\/\/folhapopular.info\/wp-content\/uploads\/2026\/04\/Folha-1.webp","contentUrl":"https:\/\/folhapopular.info\/wp-content\/uploads\/2026\/04\/Folha-1.webp","caption":"Reda\u00e7\u00e3o Folha Popular"},"url":"https:\/\/folhapopular.info\/index.php\/author\/redacao\/"}]}},"jetpack_featured_media_url":"https:\/\/folhapopular.info\/wp-content\/uploads\/2021\/05\/WhatsApp-Image-2021-05-12-at-08.48.01-e1620828968941.jpeg","jetpack_sharing_enabled":true,"amp_enabled":true,"_links":{"self":[{"href":"https:\/\/folhapopular.info\/index.php\/wp-json\/wp\/v2\/posts\/83525","targetHints":{"allow":["GET"]}}],"collection":[{"href":"https:\/\/folhapopular.info\/index.php\/wp-json\/wp\/v2\/posts"}],"about":[{"href":"https:\/\/folhapopular.info\/index.php\/wp-json\/wp\/v2\/types\/post"}],"author":[{"embeddable":true,"href":"https:\/\/folhapopular.info\/index.php\/wp-json\/wp\/v2\/users\/8"}],"replies":[{"embeddable":true,"href":"https:\/\/folhapopular.info\/index.php\/wp-json\/wp\/v2\/comments?post=83525"}],"version-history":[{"count":0,"href":"https:\/\/folhapopular.info\/index.php\/wp-json\/wp\/v2\/posts\/83525\/revisions"}],"wp:featuredmedia":[{"embeddable":true,"href":"https:\/\/folhapopular.info\/index.php\/wp-json\/wp\/v2\/media\/83531"}],"wp:attachment":[{"href":"https:\/\/folhapopular.info\/index.php\/wp-json\/wp\/v2\/media?parent=83525"}],"wp:term":[{"taxonomy":"category","embeddable":true,"href":"https:\/\/folhapopular.info\/index.php\/wp-json\/wp\/v2\/categories?post=83525"},{"taxonomy":"post_tag","embeddable":true,"href":"https:\/\/folhapopular.info\/index.php\/wp-json\/wp\/v2\/tags?post=83525"}],"curies":[{"name":"wp","href":"https:\/\/api.w.org\/{rel}","templated":true}]}}