{"id":83940,"date":"2021-05-19T11:11:50","date_gmt":"2021-05-19T14:11:50","guid":{"rendered":"https:\/\/folhapopular.info\/?p=83940"},"modified":"2021-05-19T11:11:55","modified_gmt":"2021-05-19T14:11:55","slug":"acao-ambiental-em-westfalia-visa-educar-sobre-a-destinacao-correta-do-lixo","status":"publish","type":"post","link":"https:\/\/folhapopular.info\/index.php\/2021\/05\/19\/acao-ambiental-em-westfalia-visa-educar-sobre-a-destinacao-correta-do-lixo\/","title":{"rendered":"A\u00e7\u00e3o ambiental em Westf\u00e1lia visa educar sobre a destina\u00e7\u00e3o correta do lixo"},"content":{"rendered":"\n<p>Eliminar res\u00edduos que possibilitem a prolifera\u00e7\u00e3o do vetor Aedes Aegypti e educar sobre a destina\u00e7\u00e3o correta de lixo foram os objetivos de uma a\u00e7\u00e3o ambiental especial realizada no in\u00edcio da manh\u00e3 de quarta-feira (12\/5), em Westf\u00e1lia. \u00c0s margens da Rua Leopoldo Fiegenbaum (Transcuba), num trecho de 2,5 quil\u00f4metros \u2013 at\u00e9 a divisa com o munic\u00edpio de Teut\u00f4nia, as Agentes Comunit\u00e1rias de Sa\u00fade e a Agente de Combate a Endemias fizeram a coleta de 18 sacos de res\u00edduos.<\/p>\n\n\n\n<p>Recentemente, a Administra\u00e7\u00e3o Municipal tamb\u00e9m instalou lixeiras neste trajeto, justamente para manter o acesso ao Mun\u00edcipio limpo e bonito. Mesmo assim, ainda considera-se grande o volume de res\u00edduos coletado na mobiliza\u00e7\u00e3o. Nesse sentido, pede-se a colabora\u00e7\u00e3o dos mun\u00edcipes e visitantes que utilizam o trecho, especialmente a ciclovia.<\/p>\n\n\n\n<p>A Agente de Combate a Endemias Marisa Wiebusch refor\u00e7a que cuidar do meio ambiente \u00e9 obriga\u00e7\u00e3o de todos. \u201c\u00c9 de conhecimento de todos que o Aedes Aegypti \u00e9 o transmissor da dengue, do zika v\u00edrus, da febre amarela e da chikungunya. Com o aumento nos casos de dengue, inclusive na regi\u00e3o, o cuidado deve ser redobrado. Durante a nossa a\u00e7\u00e3o, por exemplo, diversos materiais que podem virar criadouros foram descartados. Nesse sentido, pedimos que a comunidade colabore cuidando de seus p\u00e1tios e fa\u00e7a a sua parte tamb\u00e9m nos espa\u00e7os p\u00fablicos\u201d, enalteceu ela, lembrando que a a\u00e7\u00e3o foi importante, ainda, para conscientizar a popula\u00e7\u00e3o sobre a destina\u00e7\u00e3o correta do lixo.<\/p>\n\n\n\n<p>A a\u00e7\u00e3o contou com o fundamental apoio das Agentes Comunit\u00e1rias de Sa\u00fade e da Secretaria de Obras, Via\u00e7\u00e3o e Interior.<\/p>\n","protected":false},"excerpt":{"rendered":"<p>Eliminar res\u00edduos que possibilitem a prolifera\u00e7\u00e3o do vetor Aedes Aegypti e educar sobre a destina\u00e7\u00e3o correta de lixo foram os objetivos de uma a\u00e7\u00e3o ambiental especial realizada no in\u00edcio da manh\u00e3 de quarta-feira (12\/5), em Westf\u00e1lia. \u00c0s margens da Rua Leopoldo Fiegenbaum (Transcuba), num trecho de 2,5 quil\u00f4metros \u2013 at\u00e9 a divisa com o munic\u00edpio [&hellip;]<\/p>\n","protected":false},"author":8,"featured_media":83941,"comment_status":"open","ping_status":"open","sticky":false,"template":"","format":"standard","meta":{"pmpro_default_level":"","_jetpack_memberships_contains_paid_content":false,"footnotes":""},"categories":[2,3],"tags":[1721,25],"class_list":{"0":"post-83940","1":"post","2":"type-post","3":"status-publish","4":"format-standard","5":"has-post-thumbnail","7":"category-featured","8":"category-geral","9":"tag-destinacao-correta","10":"tag-westfalia","11":"pmpro-has-access"},"yoast_head":"<!-- This site is optimized with the Yoast SEO plugin v27.5 - https:\/\/yoast.com\/product\/yoast-seo-wordpress\/ -->\n<title>A\u00e7\u00e3o ambiental em Westf\u00e1lia visa educar sobre a destina\u00e7\u00e3o correta do lixo - Folha Popular<\/title>\n<meta name=\"robots\" content=\"index, follow, max-snippet:-1, max-image-preview:large, max-video-preview:-1\" \/>\n<link rel=\"canonical\" href=\"https:\/\/folhapopular.info\/index.php\/2021\/05\/19\/acao-ambiental-em-westfalia-visa-educar-sobre-a-destinacao-correta-do-lixo\/\" \/>\n<meta property=\"og:locale\" content=\"pt_BR\" \/>\n<meta property=\"og:type\" content=\"article\" \/>\n<meta property=\"og:title\" content=\"A\u00e7\u00e3o ambiental em Westf\u00e1lia visa educar sobre a destina\u00e7\u00e3o correta do lixo - Folha Popular\" \/>\n<meta property=\"og:description\" content=\"Eliminar res\u00edduos que possibilitem a prolifera\u00e7\u00e3o do vetor Aedes Aegypti e educar sobre a destina\u00e7\u00e3o correta de lixo foram os objetivos de uma a\u00e7\u00e3o ambiental especial realizada no in\u00edcio da manh\u00e3 de quarta-feira (12\/5), em Westf\u00e1lia. \u00c0s margens da Rua Leopoldo Fiegenbaum (Transcuba), num trecho de 2,5 quil\u00f4metros \u2013 at\u00e9 a divisa com o munic\u00edpio [&hellip;]\" \/>\n<meta property=\"og:url\" content=\"https:\/\/folhapopular.info\/index.php\/2021\/05\/19\/acao-ambiental-em-westfalia-visa-educar-sobre-a-destinacao-correta-do-lixo\/\" \/>\n<meta property=\"og:site_name\" content=\"Folha Popular\" \/>\n<meta property=\"article:published_time\" content=\"2021-05-19T14:11:50+00:00\" \/>\n<meta property=\"article:modified_time\" content=\"2021-05-19T14:11:55+00:00\" \/>\n<meta property=\"og:image\" content=\"https:\/\/folhapopular.info\/wp-content\/uploads\/2021\/05\/18-sacos-de-lixo-foram-recolhidos-em-aproximadamente-25-quilometros_PDV-1-scaled-e1621432363566.jpg\" \/>\n\t<meta property=\"og:image:width\" content=\"800\" \/>\n\t<meta property=\"og:image:height\" content=\"535\" \/>\n\t<meta property=\"og:image:type\" content=\"image\/jpeg\" \/>\n<meta name=\"author\" content=\"Reda\u00e7\u00e3o Folha Popular\" \/>\n<meta name=\"twitter:card\" content=\"summary_large_image\" \/>\n<meta name=\"twitter:label1\" content=\"Escrito por\" \/>\n\t<meta name=\"twitter:data1\" content=\"Reda\u00e7\u00e3o Folha Popular\" \/>\n\t<meta name=\"twitter:label2\" content=\"Est. tempo de leitura\" \/>\n\t<meta name=\"twitter:data2\" content=\"2 minutos\" \/>\n<script type=\"application\/ld+json\" class=\"yoast-schema-graph\">{\"@context\":\"https:\\\/\\\/schema.org\",\"@graph\":[{\"@type\":\"Article\",\"@id\":\"https:\\\/\\\/folhapopular.info\\\/index.php\\\/2021\\\/05\\\/19\\\/acao-ambiental-em-westfalia-visa-educar-sobre-a-destinacao-correta-do-lixo\\\/#article\",\"isPartOf\":{\"@id\":\"https:\\\/\\\/folhapopular.info\\\/index.php\\\/2021\\\/05\\\/19\\\/acao-ambiental-em-westfalia-visa-educar-sobre-a-destinacao-correta-do-lixo\\\/\"},\"author\":{\"name\":\"Reda\u00e7\u00e3o Folha Popular\",\"@id\":\"https:\\\/\\\/folhapopular.info\\\/#\\\/schema\\\/person\\\/2814e8a0df7643585a9ca38bc6eb9d4b\"},\"headline\":\"A\u00e7\u00e3o ambiental em Westf\u00e1lia visa educar sobre a destina\u00e7\u00e3o correta do lixo\",\"datePublished\":\"2021-05-19T14:11:50+00:00\",\"dateModified\":\"2021-05-19T14:11:55+00:00\",\"mainEntityOfPage\":{\"@id\":\"https:\\\/\\\/folhapopular.info\\\/index.php\\\/2021\\\/05\\\/19\\\/acao-ambiental-em-westfalia-visa-educar-sobre-a-destinacao-correta-do-lixo\\\/\"},\"wordCount\":297,\"commentCount\":0,\"image\":{\"@id\":\"https:\\\/\\\/folhapopular.info\\\/index.php\\\/2021\\\/05\\\/19\\\/acao-ambiental-em-westfalia-visa-educar-sobre-a-destinacao-correta-do-lixo\\\/#primaryimage\"},\"thumbnailUrl\":\"https:\\\/\\\/folhapopular.info\\\/wp-content\\\/uploads\\\/2021\\\/05\\\/18-sacos-de-lixo-foram-recolhidos-em-aproximadamente-25-quilometros_PDV-1-scaled-e1621432363566.jpg\",\"keywords\":[\"Destina\u00e7\u00e3o Correta\",\"Westf\u00e1lia\"],\"articleSection\":[\"Destaques\",\"Geral\"],\"inLanguage\":\"pt-BR\",\"potentialAction\":[{\"@type\":\"CommentAction\",\"name\":\"Comment\",\"target\":[\"https:\\\/\\\/folhapopular.info\\\/index.php\\\/2021\\\/05\\\/19\\\/acao-ambiental-em-westfalia-visa-educar-sobre-a-destinacao-correta-do-lixo\\\/#respond\"]}]},{\"@type\":\"WebPage\",\"@id\":\"https:\\\/\\\/folhapopular.info\\\/index.php\\\/2021\\\/05\\\/19\\\/acao-ambiental-em-westfalia-visa-educar-sobre-a-destinacao-correta-do-lixo\\\/\",\"url\":\"https:\\\/\\\/folhapopular.info\\\/index.php\\\/2021\\\/05\\\/19\\\/acao-ambiental-em-westfalia-visa-educar-sobre-a-destinacao-correta-do-lixo\\\/\",\"name\":\"A\u00e7\u00e3o ambiental em Westf\u00e1lia visa educar sobre a destina\u00e7\u00e3o correta do lixo - Folha Popular\",\"isPartOf\":{\"@id\":\"https:\\\/\\\/folhapopular.info\\\/#website\"},\"primaryImageOfPage\":{\"@id\":\"https:\\\/\\\/folhapopular.info\\\/index.php\\\/2021\\\/05\\\/19\\\/acao-ambiental-em-westfalia-visa-educar-sobre-a-destinacao-correta-do-lixo\\\/#primaryimage\"},\"image\":{\"@id\":\"https:\\\/\\\/folhapopular.info\\\/index.php\\\/2021\\\/05\\\/19\\\/acao-ambiental-em-westfalia-visa-educar-sobre-a-destinacao-correta-do-lixo\\\/#primaryimage\"},\"thumbnailUrl\":\"https:\\\/\\\/folhapopular.info\\\/wp-content\\\/uploads\\\/2021\\\/05\\\/18-sacos-de-lixo-foram-recolhidos-em-aproximadamente-25-quilometros_PDV-1-scaled-e1621432363566.jpg\",\"datePublished\":\"2021-05-19T14:11:50+00:00\",\"dateModified\":\"2021-05-19T14:11:55+00:00\",\"author\":{\"@id\":\"https:\\\/\\\/folhapopular.info\\\/#\\\/schema\\\/person\\\/2814e8a0df7643585a9ca38bc6eb9d4b\"},\"breadcrumb\":{\"@id\":\"https:\\\/\\\/folhapopular.info\\\/index.php\\\/2021\\\/05\\\/19\\\/acao-ambiental-em-westfalia-visa-educar-sobre-a-destinacao-correta-do-lixo\\\/#breadcrumb\"},\"inLanguage\":\"pt-BR\",\"potentialAction\":[{\"@type\":\"ReadAction\",\"target\":[\"https:\\\/\\\/folhapopular.info\\\/index.php\\\/2021\\\/05\\\/19\\\/acao-ambiental-em-westfalia-visa-educar-sobre-a-destinacao-correta-do-lixo\\\/\"]}]},{\"@type\":\"ImageObject\",\"inLanguage\":\"pt-BR\",\"@id\":\"https:\\\/\\\/folhapopular.info\\\/index.php\\\/2021\\\/05\\\/19\\\/acao-ambiental-em-westfalia-visa-educar-sobre-a-destinacao-correta-do-lixo\\\/#primaryimage\",\"url\":\"https:\\\/\\\/folhapopular.info\\\/wp-content\\\/uploads\\\/2021\\\/05\\\/18-sacos-de-lixo-foram-recolhidos-em-aproximadamente-25-quilometros_PDV-1-scaled-e1621432363566.jpg\",\"contentUrl\":\"https:\\\/\\\/folhapopular.info\\\/wp-content\\\/uploads\\\/2021\\\/05\\\/18-sacos-de-lixo-foram-recolhidos-em-aproximadamente-25-quilometros_PDV-1-scaled-e1621432363566.jpg\",\"width\":800,\"height\":535,\"caption\":\"Cr\u00e9dito da foto: Paloma Driemeyer Valandro\\\/AI\"},{\"@type\":\"BreadcrumbList\",\"@id\":\"https:\\\/\\\/folhapopular.info\\\/index.php\\\/2021\\\/05\\\/19\\\/acao-ambiental-em-westfalia-visa-educar-sobre-a-destinacao-correta-do-lixo\\\/#breadcrumb\",\"itemListElement\":[{\"@type\":\"ListItem\",\"position\":1,\"name\":\"In\u00edcio\",\"item\":\"https:\\\/\\\/folhapopular.info\\\/\"},{\"@type\":\"ListItem\",\"position\":2,\"name\":\"A\u00e7\u00e3o ambiental em Westf\u00e1lia visa educar sobre a destina\u00e7\u00e3o correta do lixo\"}]},{\"@type\":\"WebSite\",\"@id\":\"https:\\\/\\\/folhapopular.info\\\/#website\",\"url\":\"https:\\\/\\\/folhapopular.info\\\/\",\"name\":\"Folha Popular\",\"description\":\"Onde voc\u00ea tem vez e voz\",\"potentialAction\":[{\"@type\":\"SearchAction\",\"target\":{\"@type\":\"EntryPoint\",\"urlTemplate\":\"https:\\\/\\\/folhapopular.info\\\/?s={search_term_string}\"},\"query-input\":{\"@type\":\"PropertyValueSpecification\",\"valueRequired\":true,\"valueName\":\"search_term_string\"}}],\"inLanguage\":\"pt-BR\"},{\"@type\":\"Person\",\"@id\":\"https:\\\/\\\/folhapopular.info\\\/#\\\/schema\\\/person\\\/2814e8a0df7643585a9ca38bc6eb9d4b\",\"name\":\"Reda\u00e7\u00e3o Folha Popular\",\"image\":{\"@type\":\"ImageObject\",\"inLanguage\":\"pt-BR\",\"@id\":\"https:\\\/\\\/folhapopular.info\\\/wp-content\\\/uploads\\\/2026\\\/04\\\/Folha-1.webp\",\"url\":\"https:\\\/\\\/folhapopular.info\\\/wp-content\\\/uploads\\\/2026\\\/04\\\/Folha-1.webp\",\"contentUrl\":\"https:\\\/\\\/folhapopular.info\\\/wp-content\\\/uploads\\\/2026\\\/04\\\/Folha-1.webp\",\"caption\":\"Reda\u00e7\u00e3o Folha Popular\"},\"url\":\"https:\\\/\\\/folhapopular.info\\\/index.php\\\/author\\\/redacao\\\/\"}]}<\/script>\n<!-- \/ Yoast SEO plugin. -->","yoast_head_json":{"title":"A\u00e7\u00e3o ambiental em Westf\u00e1lia visa educar sobre a destina\u00e7\u00e3o correta do lixo - Folha Popular","robots":{"index":"index","follow":"follow","max-snippet":"max-snippet:-1","max-image-preview":"max-image-preview:large","max-video-preview":"max-video-preview:-1"},"canonical":"https:\/\/folhapopular.info\/index.php\/2021\/05\/19\/acao-ambiental-em-westfalia-visa-educar-sobre-a-destinacao-correta-do-lixo\/","og_locale":"pt_BR","og_type":"article","og_title":"A\u00e7\u00e3o ambiental em Westf\u00e1lia visa educar sobre a destina\u00e7\u00e3o correta do lixo - Folha Popular","og_description":"Eliminar res\u00edduos que possibilitem a prolifera\u00e7\u00e3o do vetor Aedes Aegypti e educar sobre a destina\u00e7\u00e3o correta de lixo foram os objetivos de uma a\u00e7\u00e3o ambiental especial realizada no in\u00edcio da manh\u00e3 de quarta-feira (12\/5), em Westf\u00e1lia. \u00c0s margens da Rua Leopoldo Fiegenbaum (Transcuba), num trecho de 2,5 quil\u00f4metros \u2013 at\u00e9 a divisa com o munic\u00edpio [&hellip;]","og_url":"https:\/\/folhapopular.info\/index.php\/2021\/05\/19\/acao-ambiental-em-westfalia-visa-educar-sobre-a-destinacao-correta-do-lixo\/","og_site_name":"Folha Popular","article_published_time":"2021-05-19T14:11:50+00:00","article_modified_time":"2021-05-19T14:11:55+00:00","og_image":[{"width":800,"height":535,"url":"https:\/\/folhapopular.info\/wp-content\/uploads\/2021\/05\/18-sacos-de-lixo-foram-recolhidos-em-aproximadamente-25-quilometros_PDV-1-scaled-e1621432363566.jpg","type":"image\/jpeg"}],"author":"Reda\u00e7\u00e3o Folha Popular","twitter_card":"summary_large_image","twitter_misc":{"Escrito por":"Reda\u00e7\u00e3o Folha Popular","Est. tempo de leitura":"2 minutos"},"schema":{"@context":"https:\/\/schema.org","@graph":[{"@type":"Article","@id":"https:\/\/folhapopular.info\/index.php\/2021\/05\/19\/acao-ambiental-em-westfalia-visa-educar-sobre-a-destinacao-correta-do-lixo\/#article","isPartOf":{"@id":"https:\/\/folhapopular.info\/index.php\/2021\/05\/19\/acao-ambiental-em-westfalia-visa-educar-sobre-a-destinacao-correta-do-lixo\/"},"author":{"name":"Reda\u00e7\u00e3o Folha Popular","@id":"https:\/\/folhapopular.info\/#\/schema\/person\/2814e8a0df7643585a9ca38bc6eb9d4b"},"headline":"A\u00e7\u00e3o ambiental em Westf\u00e1lia visa educar sobre a destina\u00e7\u00e3o correta do lixo","datePublished":"2021-05-19T14:11:50+00:00","dateModified":"2021-05-19T14:11:55+00:00","mainEntityOfPage":{"@id":"https:\/\/folhapopular.info\/index.php\/2021\/05\/19\/acao-ambiental-em-westfalia-visa-educar-sobre-a-destinacao-correta-do-lixo\/"},"wordCount":297,"commentCount":0,"image":{"@id":"https:\/\/folhapopular.info\/index.php\/2021\/05\/19\/acao-ambiental-em-westfalia-visa-educar-sobre-a-destinacao-correta-do-lixo\/#primaryimage"},"thumbnailUrl":"https:\/\/folhapopular.info\/wp-content\/uploads\/2021\/05\/18-sacos-de-lixo-foram-recolhidos-em-aproximadamente-25-quilometros_PDV-1-scaled-e1621432363566.jpg","keywords":["Destina\u00e7\u00e3o Correta","Westf\u00e1lia"],"articleSection":["Destaques","Geral"],"inLanguage":"pt-BR","potentialAction":[{"@type":"CommentAction","name":"Comment","target":["https:\/\/folhapopular.info\/index.php\/2021\/05\/19\/acao-ambiental-em-westfalia-visa-educar-sobre-a-destinacao-correta-do-lixo\/#respond"]}]},{"@type":"WebPage","@id":"https:\/\/folhapopular.info\/index.php\/2021\/05\/19\/acao-ambiental-em-westfalia-visa-educar-sobre-a-destinacao-correta-do-lixo\/","url":"https:\/\/folhapopular.info\/index.php\/2021\/05\/19\/acao-ambiental-em-westfalia-visa-educar-sobre-a-destinacao-correta-do-lixo\/","name":"A\u00e7\u00e3o ambiental em Westf\u00e1lia visa educar sobre a destina\u00e7\u00e3o correta do lixo - Folha Popular","isPartOf":{"@id":"https:\/\/folhapopular.info\/#website"},"primaryImageOfPage":{"@id":"https:\/\/folhapopular.info\/index.php\/2021\/05\/19\/acao-ambiental-em-westfalia-visa-educar-sobre-a-destinacao-correta-do-lixo\/#primaryimage"},"image":{"@id":"https:\/\/folhapopular.info\/index.php\/2021\/05\/19\/acao-ambiental-em-westfalia-visa-educar-sobre-a-destinacao-correta-do-lixo\/#primaryimage"},"thumbnailUrl":"https:\/\/folhapopular.info\/wp-content\/uploads\/2021\/05\/18-sacos-de-lixo-foram-recolhidos-em-aproximadamente-25-quilometros_PDV-1-scaled-e1621432363566.jpg","datePublished":"2021-05-19T14:11:50+00:00","dateModified":"2021-05-19T14:11:55+00:00","author":{"@id":"https:\/\/folhapopular.info\/#\/schema\/person\/2814e8a0df7643585a9ca38bc6eb9d4b"},"breadcrumb":{"@id":"https:\/\/folhapopular.info\/index.php\/2021\/05\/19\/acao-ambiental-em-westfalia-visa-educar-sobre-a-destinacao-correta-do-lixo\/#breadcrumb"},"inLanguage":"pt-BR","potentialAction":[{"@type":"ReadAction","target":["https:\/\/folhapopular.info\/index.php\/2021\/05\/19\/acao-ambiental-em-westfalia-visa-educar-sobre-a-destinacao-correta-do-lixo\/"]}]},{"@type":"ImageObject","inLanguage":"pt-BR","@id":"https:\/\/folhapopular.info\/index.php\/2021\/05\/19\/acao-ambiental-em-westfalia-visa-educar-sobre-a-destinacao-correta-do-lixo\/#primaryimage","url":"https:\/\/folhapopular.info\/wp-content\/uploads\/2021\/05\/18-sacos-de-lixo-foram-recolhidos-em-aproximadamente-25-quilometros_PDV-1-scaled-e1621432363566.jpg","contentUrl":"https:\/\/folhapopular.info\/wp-content\/uploads\/2021\/05\/18-sacos-de-lixo-foram-recolhidos-em-aproximadamente-25-quilometros_PDV-1-scaled-e1621432363566.jpg","width":800,"height":535,"caption":"Cr\u00e9dito da foto: Paloma Driemeyer Valandro\/AI"},{"@type":"BreadcrumbList","@id":"https:\/\/folhapopular.info\/index.php\/2021\/05\/19\/acao-ambiental-em-westfalia-visa-educar-sobre-a-destinacao-correta-do-lixo\/#breadcrumb","itemListElement":[{"@type":"ListItem","position":1,"name":"In\u00edcio","item":"https:\/\/folhapopular.info\/"},{"@type":"ListItem","position":2,"name":"A\u00e7\u00e3o ambiental em Westf\u00e1lia visa educar sobre a destina\u00e7\u00e3o correta do lixo"}]},{"@type":"WebSite","@id":"https:\/\/folhapopular.info\/#website","url":"https:\/\/folhapopular.info\/","name":"Folha Popular","description":"Onde voc\u00ea tem vez e voz","potentialAction":[{"@type":"SearchAction","target":{"@type":"EntryPoint","urlTemplate":"https:\/\/folhapopular.info\/?s={search_term_string}"},"query-input":{"@type":"PropertyValueSpecification","valueRequired":true,"valueName":"search_term_string"}}],"inLanguage":"pt-BR"},{"@type":"Person","@id":"https:\/\/folhapopular.info\/#\/schema\/person\/2814e8a0df7643585a9ca38bc6eb9d4b","name":"Reda\u00e7\u00e3o Folha Popular","image":{"@type":"ImageObject","inLanguage":"pt-BR","@id":"https:\/\/folhapopular.info\/wp-content\/uploads\/2026\/04\/Folha-1.webp","url":"https:\/\/folhapopular.info\/wp-content\/uploads\/2026\/04\/Folha-1.webp","contentUrl":"https:\/\/folhapopular.info\/wp-content\/uploads\/2026\/04\/Folha-1.webp","caption":"Reda\u00e7\u00e3o Folha Popular"},"url":"https:\/\/folhapopular.info\/index.php\/author\/redacao\/"}]}},"jetpack_featured_media_url":"https:\/\/folhapopular.info\/wp-content\/uploads\/2021\/05\/18-sacos-de-lixo-foram-recolhidos-em-aproximadamente-25-quilometros_PDV-1-scaled-e1621432363566.jpg","jetpack_sharing_enabled":true,"amp_enabled":true,"_links":{"self":[{"href":"https:\/\/folhapopular.info\/index.php\/wp-json\/wp\/v2\/posts\/83940","targetHints":{"allow":["GET"]}}],"collection":[{"href":"https:\/\/folhapopular.info\/index.php\/wp-json\/wp\/v2\/posts"}],"about":[{"href":"https:\/\/folhapopular.info\/index.php\/wp-json\/wp\/v2\/types\/post"}],"author":[{"embeddable":true,"href":"https:\/\/folhapopular.info\/index.php\/wp-json\/wp\/v2\/users\/8"}],"replies":[{"embeddable":true,"href":"https:\/\/folhapopular.info\/index.php\/wp-json\/wp\/v2\/comments?post=83940"}],"version-history":[{"count":0,"href":"https:\/\/folhapopular.info\/index.php\/wp-json\/wp\/v2\/posts\/83940\/revisions"}],"wp:featuredmedia":[{"embeddable":true,"href":"https:\/\/folhapopular.info\/index.php\/wp-json\/wp\/v2\/media\/83941"}],"wp:attachment":[{"href":"https:\/\/folhapopular.info\/index.php\/wp-json\/wp\/v2\/media?parent=83940"}],"wp:term":[{"taxonomy":"category","embeddable":true,"href":"https:\/\/folhapopular.info\/index.php\/wp-json\/wp\/v2\/categories?post=83940"},{"taxonomy":"post_tag","embeddable":true,"href":"https:\/\/folhapopular.info\/index.php\/wp-json\/wp\/v2\/tags?post=83940"}],"curies":[{"name":"wp","href":"https:\/\/api.w.org\/{rel}","templated":true}]}}