{"id":84243,"date":"2021-05-25T09:08:05","date_gmt":"2021-05-25T12:08:05","guid":{"rendered":"https:\/\/folhapopular.info\/?p=84243"},"modified":"2021-05-25T09:08:24","modified_gmt":"2021-05-25T12:08:24","slug":"estado-recebera-duas-novas-remessas-de-vacinas-contra-a-covid-19","status":"publish","type":"post","link":"https:\/\/folhapopular.info\/index.php\/2021\/05\/25\/estado-recebera-duas-novas-remessas-de-vacinas-contra-a-covid-19\/","title":{"rendered":"Estado receber\u00e1 duas novas remessas de vacinas contra a Covid-19"},"content":{"rendered":"\n<p>O Minist\u00e9rio da Sa\u00fade anunciou na manh\u00e3 desta ter\u00e7a-feira (25\/5) o envio de novas remessas de vacinas contra a covid-19 para o Rio Grande do Sul. A data de chegada das vacinas ainda n\u00e3o est\u00e1 confirmada. <\/p>\n\n\n\n<p>Duas novas remessas: <\/p>\n\n\n\n<p>37.440 doses da Pfizer<br>353.250 doses da AstraZeneca<\/p>\n\n\n\n<p><\/p>\n","protected":false},"excerpt":{"rendered":"<p>O Minist\u00e9rio da Sa\u00fade anunciou na manh\u00e3 desta ter\u00e7a-feira (25\/5) o envio de novas remessas de vacinas contra a covid-19 para o Rio Grande do Sul. A data de chegada das vacinas ainda n\u00e3o est\u00e1 confirmada. Duas novas remessas: 37.440 doses da Pfizer353.250 doses da AstraZeneca<\/p>\n","protected":false},"author":8,"featured_media":84248,"comment_status":"open","ping_status":"open","sticky":false,"template":"","format":"standard","meta":{"pmpro_default_level":"","_jetpack_memberships_contains_paid_content":false,"footnotes":""},"categories":[2,3],"tags":[176,6611,87],"class_list":{"0":"post-84243","1":"post","2":"type-post","3":"status-publish","4":"format-standard","5":"has-post-thumbnail","7":"category-featured","8":"category-geral","9":"tag-estado","10":"tag-novas-remessas","11":"tag-vacinacao","12":"pmpro-has-access"},"yoast_head":"<!-- This site is optimized with the Yoast SEO plugin v27.5 - https:\/\/yoast.com\/product\/yoast-seo-wordpress\/ -->\n<title>Estado receber\u00e1 duas novas remessas de vacinas contra a Covid-19 - Folha Popular<\/title>\n<meta name=\"robots\" content=\"index, follow, max-snippet:-1, max-image-preview:large, max-video-preview:-1\" \/>\n<link rel=\"canonical\" href=\"https:\/\/folhapopular.info\/index.php\/2021\/05\/25\/estado-recebera-duas-novas-remessas-de-vacinas-contra-a-covid-19\/\" \/>\n<meta property=\"og:locale\" content=\"pt_BR\" \/>\n<meta property=\"og:type\" content=\"article\" \/>\n<meta property=\"og:title\" content=\"Estado receber\u00e1 duas novas remessas de vacinas contra a Covid-19 - Folha Popular\" \/>\n<meta property=\"og:description\" content=\"O Minist\u00e9rio da Sa\u00fade anunciou na manh\u00e3 desta ter\u00e7a-feira (25\/5) o envio de novas remessas de vacinas contra a covid-19 para o Rio Grande do Sul. A data de chegada das vacinas ainda n\u00e3o est\u00e1 confirmada. Duas novas remessas: 37.440 doses da Pfizer353.250 doses da AstraZeneca\" \/>\n<meta property=\"og:url\" content=\"https:\/\/folhapopular.info\/index.php\/2021\/05\/25\/estado-recebera-duas-novas-remessas-de-vacinas-contra-a-covid-19\/\" \/>\n<meta property=\"og:site_name\" content=\"Folha Popular\" \/>\n<meta property=\"article:published_time\" content=\"2021-05-25T12:08:05+00:00\" \/>\n<meta property=\"article:modified_time\" content=\"2021-05-25T12:08:24+00:00\" \/>\n<meta property=\"og:image\" content=\"https:\/\/folhapopular.info\/wp-content\/uploads\/2021\/05\/Distribuicao-aos-municipios-deve-ocorrer-nesta-quinta-e-sexta-feira.-Foto-Felipe-Dalla-Valle-Palacio-Piratini.jpg\" \/>\n\t<meta property=\"og:image:width\" content=\"800\" \/>\n\t<meta property=\"og:image:height\" content=\"450\" \/>\n\t<meta property=\"og:image:type\" content=\"image\/jpeg\" \/>\n<meta name=\"author\" content=\"Reda\u00e7\u00e3o Folha Popular\" \/>\n<meta name=\"twitter:card\" content=\"summary_large_image\" \/>\n<meta name=\"twitter:label1\" content=\"Escrito por\" \/>\n\t<meta name=\"twitter:data1\" content=\"Reda\u00e7\u00e3o Folha Popular\" \/>\n\t<meta name=\"twitter:label2\" content=\"Est. tempo de leitura\" \/>\n\t<meta name=\"twitter:data2\" content=\"1 minuto\" \/>\n<script type=\"application\/ld+json\" class=\"yoast-schema-graph\">{\"@context\":\"https:\\\/\\\/schema.org\",\"@graph\":[{\"@type\":\"Article\",\"@id\":\"https:\\\/\\\/folhapopular.info\\\/index.php\\\/2021\\\/05\\\/25\\\/estado-recebera-duas-novas-remessas-de-vacinas-contra-a-covid-19\\\/#article\",\"isPartOf\":{\"@id\":\"https:\\\/\\\/folhapopular.info\\\/index.php\\\/2021\\\/05\\\/25\\\/estado-recebera-duas-novas-remessas-de-vacinas-contra-a-covid-19\\\/\"},\"author\":{\"name\":\"Reda\u00e7\u00e3o Folha Popular\",\"@id\":\"https:\\\/\\\/folhapopular.info\\\/#\\\/schema\\\/person\\\/2814e8a0df7643585a9ca38bc6eb9d4b\"},\"headline\":\"Estado receber\u00e1 duas novas remessas de vacinas contra a Covid-19\",\"datePublished\":\"2021-05-25T12:08:05+00:00\",\"dateModified\":\"2021-05-25T12:08:24+00:00\",\"mainEntityOfPage\":{\"@id\":\"https:\\\/\\\/folhapopular.info\\\/index.php\\\/2021\\\/05\\\/25\\\/estado-recebera-duas-novas-remessas-de-vacinas-contra-a-covid-19\\\/\"},\"wordCount\":58,\"commentCount\":0,\"image\":{\"@id\":\"https:\\\/\\\/folhapopular.info\\\/index.php\\\/2021\\\/05\\\/25\\\/estado-recebera-duas-novas-remessas-de-vacinas-contra-a-covid-19\\\/#primaryimage\"},\"thumbnailUrl\":\"https:\\\/\\\/folhapopular.info\\\/wp-content\\\/uploads\\\/2021\\\/05\\\/Distribuicao-aos-municipios-deve-ocorrer-nesta-quinta-e-sexta-feira.-Foto-Felipe-Dalla-Valle-Palacio-Piratini.jpg\",\"keywords\":[\"Estado\",\"Novas remessas\",\"Vacina\u00e7\u00e3o\"],\"articleSection\":[\"Destaques\",\"Geral\"],\"inLanguage\":\"pt-BR\",\"potentialAction\":[{\"@type\":\"CommentAction\",\"name\":\"Comment\",\"target\":[\"https:\\\/\\\/folhapopular.info\\\/index.php\\\/2021\\\/05\\\/25\\\/estado-recebera-duas-novas-remessas-de-vacinas-contra-a-covid-19\\\/#respond\"]}]},{\"@type\":\"WebPage\",\"@id\":\"https:\\\/\\\/folhapopular.info\\\/index.php\\\/2021\\\/05\\\/25\\\/estado-recebera-duas-novas-remessas-de-vacinas-contra-a-covid-19\\\/\",\"url\":\"https:\\\/\\\/folhapopular.info\\\/index.php\\\/2021\\\/05\\\/25\\\/estado-recebera-duas-novas-remessas-de-vacinas-contra-a-covid-19\\\/\",\"name\":\"Estado receber\u00e1 duas novas remessas de vacinas contra a Covid-19 - Folha Popular\",\"isPartOf\":{\"@id\":\"https:\\\/\\\/folhapopular.info\\\/#website\"},\"primaryImageOfPage\":{\"@id\":\"https:\\\/\\\/folhapopular.info\\\/index.php\\\/2021\\\/05\\\/25\\\/estado-recebera-duas-novas-remessas-de-vacinas-contra-a-covid-19\\\/#primaryimage\"},\"image\":{\"@id\":\"https:\\\/\\\/folhapopular.info\\\/index.php\\\/2021\\\/05\\\/25\\\/estado-recebera-duas-novas-remessas-de-vacinas-contra-a-covid-19\\\/#primaryimage\"},\"thumbnailUrl\":\"https:\\\/\\\/folhapopular.info\\\/wp-content\\\/uploads\\\/2021\\\/05\\\/Distribuicao-aos-municipios-deve-ocorrer-nesta-quinta-e-sexta-feira.-Foto-Felipe-Dalla-Valle-Palacio-Piratini.jpg\",\"datePublished\":\"2021-05-25T12:08:05+00:00\",\"dateModified\":\"2021-05-25T12:08:24+00:00\",\"author\":{\"@id\":\"https:\\\/\\\/folhapopular.info\\\/#\\\/schema\\\/person\\\/2814e8a0df7643585a9ca38bc6eb9d4b\"},\"breadcrumb\":{\"@id\":\"https:\\\/\\\/folhapopular.info\\\/index.php\\\/2021\\\/05\\\/25\\\/estado-recebera-duas-novas-remessas-de-vacinas-contra-a-covid-19\\\/#breadcrumb\"},\"inLanguage\":\"pt-BR\",\"potentialAction\":[{\"@type\":\"ReadAction\",\"target\":[\"https:\\\/\\\/folhapopular.info\\\/index.php\\\/2021\\\/05\\\/25\\\/estado-recebera-duas-novas-remessas-de-vacinas-contra-a-covid-19\\\/\"]}]},{\"@type\":\"ImageObject\",\"inLanguage\":\"pt-BR\",\"@id\":\"https:\\\/\\\/folhapopular.info\\\/index.php\\\/2021\\\/05\\\/25\\\/estado-recebera-duas-novas-remessas-de-vacinas-contra-a-covid-19\\\/#primaryimage\",\"url\":\"https:\\\/\\\/folhapopular.info\\\/wp-content\\\/uploads\\\/2021\\\/05\\\/Distribuicao-aos-municipios-deve-ocorrer-nesta-quinta-e-sexta-feira.-Foto-Felipe-Dalla-Valle-Palacio-Piratini.jpg\",\"contentUrl\":\"https:\\\/\\\/folhapopular.info\\\/wp-content\\\/uploads\\\/2021\\\/05\\\/Distribuicao-aos-municipios-deve-ocorrer-nesta-quinta-e-sexta-feira.-Foto-Felipe-Dalla-Valle-Palacio-Piratini.jpg\",\"width\":800,\"height\":450,\"caption\":\"Cr\u00e9dito: Felipe Dalla Valle \\\/ Pal\u00e1cio Piratini\"},{\"@type\":\"BreadcrumbList\",\"@id\":\"https:\\\/\\\/folhapopular.info\\\/index.php\\\/2021\\\/05\\\/25\\\/estado-recebera-duas-novas-remessas-de-vacinas-contra-a-covid-19\\\/#breadcrumb\",\"itemListElement\":[{\"@type\":\"ListItem\",\"position\":1,\"name\":\"In\u00edcio\",\"item\":\"https:\\\/\\\/folhapopular.info\\\/\"},{\"@type\":\"ListItem\",\"position\":2,\"name\":\"Estado receber\u00e1 duas novas remessas de vacinas contra a Covid-19\"}]},{\"@type\":\"WebSite\",\"@id\":\"https:\\\/\\\/folhapopular.info\\\/#website\",\"url\":\"https:\\\/\\\/folhapopular.info\\\/\",\"name\":\"Folha Popular\",\"description\":\"Onde voc\u00ea tem vez e voz\",\"potentialAction\":[{\"@type\":\"SearchAction\",\"target\":{\"@type\":\"EntryPoint\",\"urlTemplate\":\"https:\\\/\\\/folhapopular.info\\\/?s={search_term_string}\"},\"query-input\":{\"@type\":\"PropertyValueSpecification\",\"valueRequired\":true,\"valueName\":\"search_term_string\"}}],\"inLanguage\":\"pt-BR\"},{\"@type\":\"Person\",\"@id\":\"https:\\\/\\\/folhapopular.info\\\/#\\\/schema\\\/person\\\/2814e8a0df7643585a9ca38bc6eb9d4b\",\"name\":\"Reda\u00e7\u00e3o Folha Popular\",\"image\":{\"@type\":\"ImageObject\",\"inLanguage\":\"pt-BR\",\"@id\":\"https:\\\/\\\/folhapopular.info\\\/wp-content\\\/uploads\\\/2026\\\/04\\\/Folha-1.webp\",\"url\":\"https:\\\/\\\/folhapopular.info\\\/wp-content\\\/uploads\\\/2026\\\/04\\\/Folha-1.webp\",\"contentUrl\":\"https:\\\/\\\/folhapopular.info\\\/wp-content\\\/uploads\\\/2026\\\/04\\\/Folha-1.webp\",\"caption\":\"Reda\u00e7\u00e3o Folha Popular\"},\"url\":\"https:\\\/\\\/folhapopular.info\\\/index.php\\\/author\\\/redacao\\\/\"}]}<\/script>\n<!-- \/ Yoast SEO plugin. -->","yoast_head_json":{"title":"Estado receber\u00e1 duas novas remessas de vacinas contra a Covid-19 - Folha Popular","robots":{"index":"index","follow":"follow","max-snippet":"max-snippet:-1","max-image-preview":"max-image-preview:large","max-video-preview":"max-video-preview:-1"},"canonical":"https:\/\/folhapopular.info\/index.php\/2021\/05\/25\/estado-recebera-duas-novas-remessas-de-vacinas-contra-a-covid-19\/","og_locale":"pt_BR","og_type":"article","og_title":"Estado receber\u00e1 duas novas remessas de vacinas contra a Covid-19 - Folha Popular","og_description":"O Minist\u00e9rio da Sa\u00fade anunciou na manh\u00e3 desta ter\u00e7a-feira (25\/5) o envio de novas remessas de vacinas contra a covid-19 para o Rio Grande do Sul. A data de chegada das vacinas ainda n\u00e3o est\u00e1 confirmada. Duas novas remessas: 37.440 doses da Pfizer353.250 doses da AstraZeneca","og_url":"https:\/\/folhapopular.info\/index.php\/2021\/05\/25\/estado-recebera-duas-novas-remessas-de-vacinas-contra-a-covid-19\/","og_site_name":"Folha Popular","article_published_time":"2021-05-25T12:08:05+00:00","article_modified_time":"2021-05-25T12:08:24+00:00","og_image":[{"width":800,"height":450,"url":"https:\/\/folhapopular.info\/wp-content\/uploads\/2021\/05\/Distribuicao-aos-municipios-deve-ocorrer-nesta-quinta-e-sexta-feira.-Foto-Felipe-Dalla-Valle-Palacio-Piratini.jpg","type":"image\/jpeg"}],"author":"Reda\u00e7\u00e3o Folha Popular","twitter_card":"summary_large_image","twitter_misc":{"Escrito por":"Reda\u00e7\u00e3o Folha Popular","Est. tempo de leitura":"1 minuto"},"schema":{"@context":"https:\/\/schema.org","@graph":[{"@type":"Article","@id":"https:\/\/folhapopular.info\/index.php\/2021\/05\/25\/estado-recebera-duas-novas-remessas-de-vacinas-contra-a-covid-19\/#article","isPartOf":{"@id":"https:\/\/folhapopular.info\/index.php\/2021\/05\/25\/estado-recebera-duas-novas-remessas-de-vacinas-contra-a-covid-19\/"},"author":{"name":"Reda\u00e7\u00e3o Folha Popular","@id":"https:\/\/folhapopular.info\/#\/schema\/person\/2814e8a0df7643585a9ca38bc6eb9d4b"},"headline":"Estado receber\u00e1 duas novas remessas de vacinas contra a Covid-19","datePublished":"2021-05-25T12:08:05+00:00","dateModified":"2021-05-25T12:08:24+00:00","mainEntityOfPage":{"@id":"https:\/\/folhapopular.info\/index.php\/2021\/05\/25\/estado-recebera-duas-novas-remessas-de-vacinas-contra-a-covid-19\/"},"wordCount":58,"commentCount":0,"image":{"@id":"https:\/\/folhapopular.info\/index.php\/2021\/05\/25\/estado-recebera-duas-novas-remessas-de-vacinas-contra-a-covid-19\/#primaryimage"},"thumbnailUrl":"https:\/\/folhapopular.info\/wp-content\/uploads\/2021\/05\/Distribuicao-aos-municipios-deve-ocorrer-nesta-quinta-e-sexta-feira.-Foto-Felipe-Dalla-Valle-Palacio-Piratini.jpg","keywords":["Estado","Novas remessas","Vacina\u00e7\u00e3o"],"articleSection":["Destaques","Geral"],"inLanguage":"pt-BR","potentialAction":[{"@type":"CommentAction","name":"Comment","target":["https:\/\/folhapopular.info\/index.php\/2021\/05\/25\/estado-recebera-duas-novas-remessas-de-vacinas-contra-a-covid-19\/#respond"]}]},{"@type":"WebPage","@id":"https:\/\/folhapopular.info\/index.php\/2021\/05\/25\/estado-recebera-duas-novas-remessas-de-vacinas-contra-a-covid-19\/","url":"https:\/\/folhapopular.info\/index.php\/2021\/05\/25\/estado-recebera-duas-novas-remessas-de-vacinas-contra-a-covid-19\/","name":"Estado receber\u00e1 duas novas remessas de vacinas contra a Covid-19 - Folha Popular","isPartOf":{"@id":"https:\/\/folhapopular.info\/#website"},"primaryImageOfPage":{"@id":"https:\/\/folhapopular.info\/index.php\/2021\/05\/25\/estado-recebera-duas-novas-remessas-de-vacinas-contra-a-covid-19\/#primaryimage"},"image":{"@id":"https:\/\/folhapopular.info\/index.php\/2021\/05\/25\/estado-recebera-duas-novas-remessas-de-vacinas-contra-a-covid-19\/#primaryimage"},"thumbnailUrl":"https:\/\/folhapopular.info\/wp-content\/uploads\/2021\/05\/Distribuicao-aos-municipios-deve-ocorrer-nesta-quinta-e-sexta-feira.-Foto-Felipe-Dalla-Valle-Palacio-Piratini.jpg","datePublished":"2021-05-25T12:08:05+00:00","dateModified":"2021-05-25T12:08:24+00:00","author":{"@id":"https:\/\/folhapopular.info\/#\/schema\/person\/2814e8a0df7643585a9ca38bc6eb9d4b"},"breadcrumb":{"@id":"https:\/\/folhapopular.info\/index.php\/2021\/05\/25\/estado-recebera-duas-novas-remessas-de-vacinas-contra-a-covid-19\/#breadcrumb"},"inLanguage":"pt-BR","potentialAction":[{"@type":"ReadAction","target":["https:\/\/folhapopular.info\/index.php\/2021\/05\/25\/estado-recebera-duas-novas-remessas-de-vacinas-contra-a-covid-19\/"]}]},{"@type":"ImageObject","inLanguage":"pt-BR","@id":"https:\/\/folhapopular.info\/index.php\/2021\/05\/25\/estado-recebera-duas-novas-remessas-de-vacinas-contra-a-covid-19\/#primaryimage","url":"https:\/\/folhapopular.info\/wp-content\/uploads\/2021\/05\/Distribuicao-aos-municipios-deve-ocorrer-nesta-quinta-e-sexta-feira.-Foto-Felipe-Dalla-Valle-Palacio-Piratini.jpg","contentUrl":"https:\/\/folhapopular.info\/wp-content\/uploads\/2021\/05\/Distribuicao-aos-municipios-deve-ocorrer-nesta-quinta-e-sexta-feira.-Foto-Felipe-Dalla-Valle-Palacio-Piratini.jpg","width":800,"height":450,"caption":"Cr\u00e9dito: Felipe Dalla Valle \/ Pal\u00e1cio Piratini"},{"@type":"BreadcrumbList","@id":"https:\/\/folhapopular.info\/index.php\/2021\/05\/25\/estado-recebera-duas-novas-remessas-de-vacinas-contra-a-covid-19\/#breadcrumb","itemListElement":[{"@type":"ListItem","position":1,"name":"In\u00edcio","item":"https:\/\/folhapopular.info\/"},{"@type":"ListItem","position":2,"name":"Estado receber\u00e1 duas novas remessas de vacinas contra a Covid-19"}]},{"@type":"WebSite","@id":"https:\/\/folhapopular.info\/#website","url":"https:\/\/folhapopular.info\/","name":"Folha Popular","description":"Onde voc\u00ea tem vez e voz","potentialAction":[{"@type":"SearchAction","target":{"@type":"EntryPoint","urlTemplate":"https:\/\/folhapopular.info\/?s={search_term_string}"},"query-input":{"@type":"PropertyValueSpecification","valueRequired":true,"valueName":"search_term_string"}}],"inLanguage":"pt-BR"},{"@type":"Person","@id":"https:\/\/folhapopular.info\/#\/schema\/person\/2814e8a0df7643585a9ca38bc6eb9d4b","name":"Reda\u00e7\u00e3o Folha Popular","image":{"@type":"ImageObject","inLanguage":"pt-BR","@id":"https:\/\/folhapopular.info\/wp-content\/uploads\/2026\/04\/Folha-1.webp","url":"https:\/\/folhapopular.info\/wp-content\/uploads\/2026\/04\/Folha-1.webp","contentUrl":"https:\/\/folhapopular.info\/wp-content\/uploads\/2026\/04\/Folha-1.webp","caption":"Reda\u00e7\u00e3o Folha Popular"},"url":"https:\/\/folhapopular.info\/index.php\/author\/redacao\/"}]}},"jetpack_featured_media_url":"https:\/\/folhapopular.info\/wp-content\/uploads\/2021\/05\/Distribuicao-aos-municipios-deve-ocorrer-nesta-quinta-e-sexta-feira.-Foto-Felipe-Dalla-Valle-Palacio-Piratini.jpg","jetpack_sharing_enabled":true,"amp_enabled":true,"_links":{"self":[{"href":"https:\/\/folhapopular.info\/index.php\/wp-json\/wp\/v2\/posts\/84243","targetHints":{"allow":["GET"]}}],"collection":[{"href":"https:\/\/folhapopular.info\/index.php\/wp-json\/wp\/v2\/posts"}],"about":[{"href":"https:\/\/folhapopular.info\/index.php\/wp-json\/wp\/v2\/types\/post"}],"author":[{"embeddable":true,"href":"https:\/\/folhapopular.info\/index.php\/wp-json\/wp\/v2\/users\/8"}],"replies":[{"embeddable":true,"href":"https:\/\/folhapopular.info\/index.php\/wp-json\/wp\/v2\/comments?post=84243"}],"version-history":[{"count":0,"href":"https:\/\/folhapopular.info\/index.php\/wp-json\/wp\/v2\/posts\/84243\/revisions"}],"wp:featuredmedia":[{"embeddable":true,"href":"https:\/\/folhapopular.info\/index.php\/wp-json\/wp\/v2\/media\/84248"}],"wp:attachment":[{"href":"https:\/\/folhapopular.info\/index.php\/wp-json\/wp\/v2\/media?parent=84243"}],"wp:term":[{"taxonomy":"category","embeddable":true,"href":"https:\/\/folhapopular.info\/index.php\/wp-json\/wp\/v2\/categories?post=84243"},{"taxonomy":"post_tag","embeddable":true,"href":"https:\/\/folhapopular.info\/index.php\/wp-json\/wp\/v2\/tags?post=84243"}],"curies":[{"name":"wp","href":"https:\/\/api.w.org\/{rel}","templated":true}]}}