{"id":84250,"date":"2021-05-25T10:12:28","date_gmt":"2021-05-25T13:12:28","guid":{"rendered":"https:\/\/folhapopular.info\/?p=84250"},"modified":"2021-05-25T10:20:07","modified_gmt":"2021-05-25T13:20:07","slug":"jiboia-encontrada-deveria-ter-sido-encaminhada-ao-ibama-ou-sema","status":"publish","type":"post","link":"https:\/\/folhapopular.info\/index.php\/2021\/05\/25\/jiboia-encontrada-deveria-ter-sido-encaminhada-ao-ibama-ou-sema\/","title":{"rendered":"Jiboia encontrada deveria ter sido encaminhada ao Ibama ou Sema"},"content":{"rendered":"\n<p>A Patram de Estrela tomou conhecimento da <strong><a href=\"https:\/\/folhapopular.info\/index.php\/2021\/05\/25\/imicol-captura-jiboia-em-colinas\/\">jiboia encontrada e depois solta em Colinas<\/a><\/strong>. Informou que o procedimento correto seria encaminhar o animal ex\u00f3tico a um \u00f3rg\u00e3o competente &#8211; Ibama ou Secretaria do Meio Ambiente (Sema) &#8211; e n\u00e3o solt\u00e1-lo na natureza.<\/p>\n\n\n\n<p>A Patrulha Ambiental foi acionada por ONGs e bi\u00f3logos questionando a a\u00e7\u00e3o de soltura da serpente, que n\u00e3o \u00e9 nativa da regi\u00e3o e n\u00e3o possui predadores naturais. Os bombeiros Imicol sustentam que receberam a orienta\u00e7\u00e3o de um integrante da Patram, a exemplo de outras situa\u00e7\u00f5es similares.<\/p>\n\n\n\n<p>O sargento da Patram que atendeu a reportagem disse que essa orienta\u00e7\u00e3o n\u00e3o teria partido do \u00f3rg\u00e3o. A Patram refor\u00e7a que o procedimento correto \u00e9 apreender o animal e dar o encaminhamento correto.<\/p>\n\n\n\n<p>&#8220;N\u00e3o poderiam ter solto novamente na natureza. Se a Patram n\u00e3o estava dispon\u00edvel naquele momento, deveriam ter mantido o animal e aguardado&#8221;, sugere o sargento contatado pela reportagem.<\/p>\n\n\n\n<p>&#8220;Recolheu, tem que dar destino ao setor de Fauna do Estado ou ao Ibama&#8221;. Tamb\u00e9m informou que o <strong>Ibama<\/strong> dever\u00e1 contatar os bombeiros para obter mais informa\u00e7\u00f5es acerca da <strong>jiboia<\/strong>.<\/p>\n\n\n\n<p>A Patram cita que at\u00e9 mesmo o Setor de Meio Ambiente da Prefeitura poderia ter auxiliado no encaminhamento aos \u00f3rg\u00e3os competentes &#8211; Sema ou Ibama.<\/p>\n\n\n\n<p>Qualquer pessoa que encontra um animal deste porte e apreende pode contatar o Balc\u00e3o da Fepam em Santa Cruz do Sul, o setor de Fauna da Secretaria Estadual do Meio Ambiente (Sema) ou o setor silvestre do Ibama de Porto Alegre. &#8220;N\u00e3o temos como acolher este tipo de animal na regi\u00e3o&#8221;, enfatiza a Patram.<\/p>\n\n\n\n<h3 class=\"wp-block-heading\"><strong>Bombeiros sustentam que orienta\u00e7\u00e3o partiu da Patram<\/strong><\/h3>\n\n\n\n<p>A reportagem voltou a conversar com os Bombeiros Volunt\u00e1rios de Imigrante e Colinas (Imicol). Questionamos sobre a orienta\u00e7\u00e3o recebida da Patram. E o Imicol garante que recebeu: &#8220;Que fosse removida a um lugar com rio, \u00e1gua, c\u00f3rrego por perto. Liberamos ela pr\u00f3ximo ao rio numa regi\u00e3o de mata&#8221;, enfatiza a corpora\u00e7\u00e3o.<\/p>\n\n\n\n<h3 class=\"wp-block-heading\"><strong>Bi\u00f3logos teme reprodu\u00e7\u00e3o da cobra<\/strong><\/h3>\n\n\n\n<p>Um bi\u00f3logo consultado pela reportagem \u00e9 enf\u00e1tico: &#8220;<strong>N\u00e3o deveriam em hip\u00f3tese alguma ter soltado o bicho novamente<\/strong>&#8220;. Ele explica porqu\u00ea: &#8220;<strong>Isso a m\u00e9dio e longo prazo pode ter s\u00e9rias consequ\u00eancias de ataques a animais dom\u00e9sticos e at\u00e9 pessoas<\/strong>&#8220;.<\/p>\n\n\n\n<p>O bi\u00f3logo salienta que \u00e9 um animal adulto e se \u00e9 uma esp\u00e9cie ex\u00f3tica, que n\u00e3o tem muitos predadores, quando se reproduz produz muitas crias. &#8220;\u00c9 um problema s\u00e9rio. Pode dar consequ\u00eancias futuras&#8221;, alerta.<\/p>\n\n\n\n<p>Os predadores da jiboia seriam jacar\u00e9s ou on\u00e7as, disse o bi\u00f3logo. &#8220;O jacar\u00e9 do papo amarelo \u00e9 fichinha para uma cobra adulta deste porte&#8221;. Ele refor\u00e7a o exemplo da infesta\u00e7\u00e3o de piranhas no Rio Jacu\u00ed.<\/p>\n\n\n\n<p>O bi\u00f3logo insiste que o procedimento correto seria &#8220;encaminhar ou entrar em contato com o \u00f3rg\u00e3o ambiental competente pra fazer o devido encaminhamento&#8221;. Um segundo bi\u00f3logo consultado refor\u00e7a que a jiboia n\u00e3o \u00e9 nativa da regi\u00e3o. &#8220;Algu\u00e9m trouxe ela&#8221;.<\/p>\n\n\n\n<p>Um terceiro profissional de biologia ouvido &#8211; uma bi\u00f3loga &#8211; concorda que a preocupa\u00e7\u00e3o da prolifera\u00e7\u00e3o \u00e9 leg\u00edtima. &#8220;Elas n\u00e3o s\u00e3o nativas na nossa regi\u00e3o. Deveria ir para um serpent\u00e1rio ou um zool\u00f3gico&#8221;, complementa.<\/p>\n\n\n\n<h3 class=\"wp-block-heading\"><strong>Jiboia ou Sucuri?<\/strong><\/h3>\n\n\n\n<p>Pela fotografia, o primeiro bi\u00f3logo ouvido ficou em d\u00favida se a cobra era realmente uma jiboia ou poderia ser uma sucuri. &#8220;A sucuri \u00e9 de ambientes aqu\u00e1ticos e a jiboia n\u00e3o \u00e9 tanto de ambiente aqu\u00e1tico&#8221;, aponta.<\/p>\n\n\n\n<p>&#8220;Outra d\u00favida \u00e9 pelo padr\u00e3o de cor&#8221;. Ele consultou outros bi\u00f3logos que tiveram a mesma impress\u00e3o que seria uma sucuri. &#8220;Come\u00e7a pela identifica\u00e7\u00e3o. E todos concordaram parecer mais uma sucuri. Segundo, todos acharam absurdo soltar novamente&#8221;, refor\u00e7a.<\/p>\n\n\n\n<h3 class=\"wp-block-heading\"><strong>Telefones \u00fateis para estas situa\u00e7\u00f5es<\/strong><\/h3>\n\n\n\n<p>Patram Estrela &#8211; (51) 3720-1318<br>Ibama Porto Alegre &#8211; (51) 3214-3401, 3214-3470 e 3214-3480<br>Setor de Fauna (DBIO\/SEMA) &#8211; (51) 3288-7455 \/ 7458<\/p>\n","protected":false},"excerpt":{"rendered":"<p>A Patram de Estrela tomou conhecimento da jiboia encontrada e depois solta em Colinas. Informou que o procedimento correto seria encaminhar o animal ex\u00f3tico a um \u00f3rg\u00e3o competente &#8211; Ibama ou Secretaria do Meio Ambiente (Sema) &#8211; e n\u00e3o solt\u00e1-lo na natureza. A Patrulha Ambiental foi acionada por ONGs e bi\u00f3logos questionando a a\u00e7\u00e3o de [&hellip;]<\/p>\n","protected":false},"author":8,"featured_media":84223,"comment_status":"open","ping_status":"open","sticky":false,"template":"","format":"standard","meta":{"pmpro_default_level":"","_jetpack_memberships_contains_paid_content":false,"footnotes":""},"categories":[2,3,7],"tags":[6329,183,5303,3451,816,673],"class_list":{"0":"post-84250","1":"post","2":"type-post","3":"status-publish","4":"format-standard","5":"has-post-thumbnail","7":"category-featured","8":"category-geral","9":"category-seguranca","10":"tag-cobra","11":"tag-colinas","12":"tag-fepam","13":"tag-imicol","14":"tag-patram","15":"tag-sema","16":"pmpro-has-access"},"yoast_head":"<!-- This site is optimized with the Yoast SEO plugin v27.5 - https:\/\/yoast.com\/product\/yoast-seo-wordpress\/ -->\n<title>Jiboia encontrada deveria ter sido encaminhada ao Ibama ou Sema - Folha Popular<\/title>\n<meta name=\"robots\" content=\"index, follow, max-snippet:-1, max-image-preview:large, max-video-preview:-1\" \/>\n<link rel=\"canonical\" href=\"https:\/\/folhapopular.info\/index.php\/2021\/05\/25\/jiboia-encontrada-deveria-ter-sido-encaminhada-ao-ibama-ou-sema\/\" \/>\n<meta property=\"og:locale\" content=\"pt_BR\" \/>\n<meta property=\"og:type\" content=\"article\" \/>\n<meta property=\"og:title\" content=\"Jiboia encontrada deveria ter sido encaminhada ao Ibama ou Sema - Folha Popular\" \/>\n<meta property=\"og:description\" content=\"A Patram de Estrela tomou conhecimento da jiboia encontrada e depois solta em Colinas. Informou que o procedimento correto seria encaminhar o animal ex\u00f3tico a um \u00f3rg\u00e3o competente &#8211; Ibama ou Secretaria do Meio Ambiente (Sema) &#8211; e n\u00e3o solt\u00e1-lo na natureza. A Patrulha Ambiental foi acionada por ONGs e bi\u00f3logos questionando a a\u00e7\u00e3o de [&hellip;]\" \/>\n<meta property=\"og:url\" content=\"https:\/\/folhapopular.info\/index.php\/2021\/05\/25\/jiboia-encontrada-deveria-ter-sido-encaminhada-ao-ibama-ou-sema\/\" \/>\n<meta property=\"og:site_name\" content=\"Folha Popular\" \/>\n<meta property=\"article:published_time\" content=\"2021-05-25T13:12:28+00:00\" \/>\n<meta property=\"article:modified_time\" content=\"2021-05-25T13:20:07+00:00\" \/>\n<meta property=\"og:image\" content=\"https:\/\/folhapopular.info\/wp-content\/uploads\/2021\/05\/WhatsApp-Image-2021-05-24-at-15.21.41.jpeg\" \/>\n\t<meta property=\"og:image:width\" content=\"720\" \/>\n\t<meta property=\"og:image:height\" content=\"1280\" \/>\n\t<meta property=\"og:image:type\" content=\"image\/jpeg\" \/>\n<meta name=\"author\" content=\"Reda\u00e7\u00e3o Folha Popular\" \/>\n<meta name=\"twitter:card\" content=\"summary_large_image\" \/>\n<meta name=\"twitter:label1\" content=\"Escrito por\" \/>\n\t<meta name=\"twitter:data1\" content=\"Reda\u00e7\u00e3o Folha Popular\" \/>\n\t<meta name=\"twitter:label2\" content=\"Est. tempo de leitura\" \/>\n\t<meta name=\"twitter:data2\" content=\"3 minutos\" \/>\n<script type=\"application\/ld+json\" class=\"yoast-schema-graph\">{\"@context\":\"https:\\\/\\\/schema.org\",\"@graph\":[{\"@type\":\"Article\",\"@id\":\"https:\\\/\\\/folhapopular.info\\\/index.php\\\/2021\\\/05\\\/25\\\/jiboia-encontrada-deveria-ter-sido-encaminhada-ao-ibama-ou-sema\\\/#article\",\"isPartOf\":{\"@id\":\"https:\\\/\\\/folhapopular.info\\\/index.php\\\/2021\\\/05\\\/25\\\/jiboia-encontrada-deveria-ter-sido-encaminhada-ao-ibama-ou-sema\\\/\"},\"author\":{\"name\":\"Reda\u00e7\u00e3o Folha Popular\",\"@id\":\"https:\\\/\\\/folhapopular.info\\\/#\\\/schema\\\/person\\\/2814e8a0df7643585a9ca38bc6eb9d4b\"},\"headline\":\"Jiboia encontrada deveria ter sido encaminhada ao Ibama ou Sema\",\"datePublished\":\"2021-05-25T13:12:28+00:00\",\"dateModified\":\"2021-05-25T13:20:07+00:00\",\"mainEntityOfPage\":{\"@id\":\"https:\\\/\\\/folhapopular.info\\\/index.php\\\/2021\\\/05\\\/25\\\/jiboia-encontrada-deveria-ter-sido-encaminhada-ao-ibama-ou-sema\\\/\"},\"wordCount\":681,\"commentCount\":0,\"image\":{\"@id\":\"https:\\\/\\\/folhapopular.info\\\/index.php\\\/2021\\\/05\\\/25\\\/jiboia-encontrada-deveria-ter-sido-encaminhada-ao-ibama-ou-sema\\\/#primaryimage\"},\"thumbnailUrl\":\"https:\\\/\\\/folhapopular.info\\\/wp-content\\\/uploads\\\/2021\\\/05\\\/WhatsApp-Image-2021-05-24-at-15.21.41.jpeg\",\"keywords\":[\"Cobra\",\"Colinas\",\"Fepam\",\"Imicol\",\"Patram\",\"SEMA\"],\"articleSection\":[\"Destaques\",\"Geral\",\"Seguran\u00e7a\"],\"inLanguage\":\"pt-BR\",\"potentialAction\":[{\"@type\":\"CommentAction\",\"name\":\"Comment\",\"target\":[\"https:\\\/\\\/folhapopular.info\\\/index.php\\\/2021\\\/05\\\/25\\\/jiboia-encontrada-deveria-ter-sido-encaminhada-ao-ibama-ou-sema\\\/#respond\"]}]},{\"@type\":\"WebPage\",\"@id\":\"https:\\\/\\\/folhapopular.info\\\/index.php\\\/2021\\\/05\\\/25\\\/jiboia-encontrada-deveria-ter-sido-encaminhada-ao-ibama-ou-sema\\\/\",\"url\":\"https:\\\/\\\/folhapopular.info\\\/index.php\\\/2021\\\/05\\\/25\\\/jiboia-encontrada-deveria-ter-sido-encaminhada-ao-ibama-ou-sema\\\/\",\"name\":\"Jiboia encontrada deveria ter sido encaminhada ao Ibama ou Sema - Folha Popular\",\"isPartOf\":{\"@id\":\"https:\\\/\\\/folhapopular.info\\\/#website\"},\"primaryImageOfPage\":{\"@id\":\"https:\\\/\\\/folhapopular.info\\\/index.php\\\/2021\\\/05\\\/25\\\/jiboia-encontrada-deveria-ter-sido-encaminhada-ao-ibama-ou-sema\\\/#primaryimage\"},\"image\":{\"@id\":\"https:\\\/\\\/folhapopular.info\\\/index.php\\\/2021\\\/05\\\/25\\\/jiboia-encontrada-deveria-ter-sido-encaminhada-ao-ibama-ou-sema\\\/#primaryimage\"},\"thumbnailUrl\":\"https:\\\/\\\/folhapopular.info\\\/wp-content\\\/uploads\\\/2021\\\/05\\\/WhatsApp-Image-2021-05-24-at-15.21.41.jpeg\",\"datePublished\":\"2021-05-25T13:12:28+00:00\",\"dateModified\":\"2021-05-25T13:20:07+00:00\",\"author\":{\"@id\":\"https:\\\/\\\/folhapopular.info\\\/#\\\/schema\\\/person\\\/2814e8a0df7643585a9ca38bc6eb9d4b\"},\"breadcrumb\":{\"@id\":\"https:\\\/\\\/folhapopular.info\\\/index.php\\\/2021\\\/05\\\/25\\\/jiboia-encontrada-deveria-ter-sido-encaminhada-ao-ibama-ou-sema\\\/#breadcrumb\"},\"inLanguage\":\"pt-BR\",\"potentialAction\":[{\"@type\":\"ReadAction\",\"target\":[\"https:\\\/\\\/folhapopular.info\\\/index.php\\\/2021\\\/05\\\/25\\\/jiboia-encontrada-deveria-ter-sido-encaminhada-ao-ibama-ou-sema\\\/\"]}]},{\"@type\":\"ImageObject\",\"inLanguage\":\"pt-BR\",\"@id\":\"https:\\\/\\\/folhapopular.info\\\/index.php\\\/2021\\\/05\\\/25\\\/jiboia-encontrada-deveria-ter-sido-encaminhada-ao-ibama-ou-sema\\\/#primaryimage\",\"url\":\"https:\\\/\\\/folhapopular.info\\\/wp-content\\\/uploads\\\/2021\\\/05\\\/WhatsApp-Image-2021-05-24-at-15.21.41.jpeg\",\"contentUrl\":\"https:\\\/\\\/folhapopular.info\\\/wp-content\\\/uploads\\\/2021\\\/05\\\/WhatsApp-Image-2021-05-24-at-15.21.41.jpeg\",\"width\":720,\"height\":1280,\"caption\":\"Cr\u00e9ditos: Bombeiros de Colinas e Imigrante\"},{\"@type\":\"BreadcrumbList\",\"@id\":\"https:\\\/\\\/folhapopular.info\\\/index.php\\\/2021\\\/05\\\/25\\\/jiboia-encontrada-deveria-ter-sido-encaminhada-ao-ibama-ou-sema\\\/#breadcrumb\",\"itemListElement\":[{\"@type\":\"ListItem\",\"position\":1,\"name\":\"In\u00edcio\",\"item\":\"https:\\\/\\\/folhapopular.info\\\/\"},{\"@type\":\"ListItem\",\"position\":2,\"name\":\"Jiboia encontrada deveria ter sido encaminhada ao Ibama ou Sema\"}]},{\"@type\":\"WebSite\",\"@id\":\"https:\\\/\\\/folhapopular.info\\\/#website\",\"url\":\"https:\\\/\\\/folhapopular.info\\\/\",\"name\":\"Folha Popular\",\"description\":\"Onde voc\u00ea tem vez e voz\",\"potentialAction\":[{\"@type\":\"SearchAction\",\"target\":{\"@type\":\"EntryPoint\",\"urlTemplate\":\"https:\\\/\\\/folhapopular.info\\\/?s={search_term_string}\"},\"query-input\":{\"@type\":\"PropertyValueSpecification\",\"valueRequired\":true,\"valueName\":\"search_term_string\"}}],\"inLanguage\":\"pt-BR\"},{\"@type\":\"Person\",\"@id\":\"https:\\\/\\\/folhapopular.info\\\/#\\\/schema\\\/person\\\/2814e8a0df7643585a9ca38bc6eb9d4b\",\"name\":\"Reda\u00e7\u00e3o Folha Popular\",\"image\":{\"@type\":\"ImageObject\",\"inLanguage\":\"pt-BR\",\"@id\":\"https:\\\/\\\/folhapopular.info\\\/wp-content\\\/uploads\\\/2026\\\/04\\\/Folha-1.webp\",\"url\":\"https:\\\/\\\/folhapopular.info\\\/wp-content\\\/uploads\\\/2026\\\/04\\\/Folha-1.webp\",\"contentUrl\":\"https:\\\/\\\/folhapopular.info\\\/wp-content\\\/uploads\\\/2026\\\/04\\\/Folha-1.webp\",\"caption\":\"Reda\u00e7\u00e3o Folha Popular\"},\"url\":\"https:\\\/\\\/folhapopular.info\\\/index.php\\\/author\\\/redacao\\\/\"}]}<\/script>\n<!-- \/ Yoast SEO plugin. -->","yoast_head_json":{"title":"Jiboia encontrada deveria ter sido encaminhada ao Ibama ou Sema - Folha Popular","robots":{"index":"index","follow":"follow","max-snippet":"max-snippet:-1","max-image-preview":"max-image-preview:large","max-video-preview":"max-video-preview:-1"},"canonical":"https:\/\/folhapopular.info\/index.php\/2021\/05\/25\/jiboia-encontrada-deveria-ter-sido-encaminhada-ao-ibama-ou-sema\/","og_locale":"pt_BR","og_type":"article","og_title":"Jiboia encontrada deveria ter sido encaminhada ao Ibama ou Sema - Folha Popular","og_description":"A Patram de Estrela tomou conhecimento da jiboia encontrada e depois solta em Colinas. Informou que o procedimento correto seria encaminhar o animal ex\u00f3tico a um \u00f3rg\u00e3o competente &#8211; Ibama ou Secretaria do Meio Ambiente (Sema) &#8211; e n\u00e3o solt\u00e1-lo na natureza. A Patrulha Ambiental foi acionada por ONGs e bi\u00f3logos questionando a a\u00e7\u00e3o de [&hellip;]","og_url":"https:\/\/folhapopular.info\/index.php\/2021\/05\/25\/jiboia-encontrada-deveria-ter-sido-encaminhada-ao-ibama-ou-sema\/","og_site_name":"Folha Popular","article_published_time":"2021-05-25T13:12:28+00:00","article_modified_time":"2021-05-25T13:20:07+00:00","og_image":[{"width":720,"height":1280,"url":"https:\/\/folhapopular.info\/wp-content\/uploads\/2021\/05\/WhatsApp-Image-2021-05-24-at-15.21.41.jpeg","type":"image\/jpeg"}],"author":"Reda\u00e7\u00e3o Folha Popular","twitter_card":"summary_large_image","twitter_misc":{"Escrito por":"Reda\u00e7\u00e3o Folha Popular","Est. tempo de leitura":"3 minutos"},"schema":{"@context":"https:\/\/schema.org","@graph":[{"@type":"Article","@id":"https:\/\/folhapopular.info\/index.php\/2021\/05\/25\/jiboia-encontrada-deveria-ter-sido-encaminhada-ao-ibama-ou-sema\/#article","isPartOf":{"@id":"https:\/\/folhapopular.info\/index.php\/2021\/05\/25\/jiboia-encontrada-deveria-ter-sido-encaminhada-ao-ibama-ou-sema\/"},"author":{"name":"Reda\u00e7\u00e3o Folha Popular","@id":"https:\/\/folhapopular.info\/#\/schema\/person\/2814e8a0df7643585a9ca38bc6eb9d4b"},"headline":"Jiboia encontrada deveria ter sido encaminhada ao Ibama ou Sema","datePublished":"2021-05-25T13:12:28+00:00","dateModified":"2021-05-25T13:20:07+00:00","mainEntityOfPage":{"@id":"https:\/\/folhapopular.info\/index.php\/2021\/05\/25\/jiboia-encontrada-deveria-ter-sido-encaminhada-ao-ibama-ou-sema\/"},"wordCount":681,"commentCount":0,"image":{"@id":"https:\/\/folhapopular.info\/index.php\/2021\/05\/25\/jiboia-encontrada-deveria-ter-sido-encaminhada-ao-ibama-ou-sema\/#primaryimage"},"thumbnailUrl":"https:\/\/folhapopular.info\/wp-content\/uploads\/2021\/05\/WhatsApp-Image-2021-05-24-at-15.21.41.jpeg","keywords":["Cobra","Colinas","Fepam","Imicol","Patram","SEMA"],"articleSection":["Destaques","Geral","Seguran\u00e7a"],"inLanguage":"pt-BR","potentialAction":[{"@type":"CommentAction","name":"Comment","target":["https:\/\/folhapopular.info\/index.php\/2021\/05\/25\/jiboia-encontrada-deveria-ter-sido-encaminhada-ao-ibama-ou-sema\/#respond"]}]},{"@type":"WebPage","@id":"https:\/\/folhapopular.info\/index.php\/2021\/05\/25\/jiboia-encontrada-deveria-ter-sido-encaminhada-ao-ibama-ou-sema\/","url":"https:\/\/folhapopular.info\/index.php\/2021\/05\/25\/jiboia-encontrada-deveria-ter-sido-encaminhada-ao-ibama-ou-sema\/","name":"Jiboia encontrada deveria ter sido encaminhada ao Ibama ou Sema - Folha Popular","isPartOf":{"@id":"https:\/\/folhapopular.info\/#website"},"primaryImageOfPage":{"@id":"https:\/\/folhapopular.info\/index.php\/2021\/05\/25\/jiboia-encontrada-deveria-ter-sido-encaminhada-ao-ibama-ou-sema\/#primaryimage"},"image":{"@id":"https:\/\/folhapopular.info\/index.php\/2021\/05\/25\/jiboia-encontrada-deveria-ter-sido-encaminhada-ao-ibama-ou-sema\/#primaryimage"},"thumbnailUrl":"https:\/\/folhapopular.info\/wp-content\/uploads\/2021\/05\/WhatsApp-Image-2021-05-24-at-15.21.41.jpeg","datePublished":"2021-05-25T13:12:28+00:00","dateModified":"2021-05-25T13:20:07+00:00","author":{"@id":"https:\/\/folhapopular.info\/#\/schema\/person\/2814e8a0df7643585a9ca38bc6eb9d4b"},"breadcrumb":{"@id":"https:\/\/folhapopular.info\/index.php\/2021\/05\/25\/jiboia-encontrada-deveria-ter-sido-encaminhada-ao-ibama-ou-sema\/#breadcrumb"},"inLanguage":"pt-BR","potentialAction":[{"@type":"ReadAction","target":["https:\/\/folhapopular.info\/index.php\/2021\/05\/25\/jiboia-encontrada-deveria-ter-sido-encaminhada-ao-ibama-ou-sema\/"]}]},{"@type":"ImageObject","inLanguage":"pt-BR","@id":"https:\/\/folhapopular.info\/index.php\/2021\/05\/25\/jiboia-encontrada-deveria-ter-sido-encaminhada-ao-ibama-ou-sema\/#primaryimage","url":"https:\/\/folhapopular.info\/wp-content\/uploads\/2021\/05\/WhatsApp-Image-2021-05-24-at-15.21.41.jpeg","contentUrl":"https:\/\/folhapopular.info\/wp-content\/uploads\/2021\/05\/WhatsApp-Image-2021-05-24-at-15.21.41.jpeg","width":720,"height":1280,"caption":"Cr\u00e9ditos: Bombeiros de Colinas e Imigrante"},{"@type":"BreadcrumbList","@id":"https:\/\/folhapopular.info\/index.php\/2021\/05\/25\/jiboia-encontrada-deveria-ter-sido-encaminhada-ao-ibama-ou-sema\/#breadcrumb","itemListElement":[{"@type":"ListItem","position":1,"name":"In\u00edcio","item":"https:\/\/folhapopular.info\/"},{"@type":"ListItem","position":2,"name":"Jiboia encontrada deveria ter sido encaminhada ao Ibama ou Sema"}]},{"@type":"WebSite","@id":"https:\/\/folhapopular.info\/#website","url":"https:\/\/folhapopular.info\/","name":"Folha Popular","description":"Onde voc\u00ea tem vez e voz","potentialAction":[{"@type":"SearchAction","target":{"@type":"EntryPoint","urlTemplate":"https:\/\/folhapopular.info\/?s={search_term_string}"},"query-input":{"@type":"PropertyValueSpecification","valueRequired":true,"valueName":"search_term_string"}}],"inLanguage":"pt-BR"},{"@type":"Person","@id":"https:\/\/folhapopular.info\/#\/schema\/person\/2814e8a0df7643585a9ca38bc6eb9d4b","name":"Reda\u00e7\u00e3o Folha Popular","image":{"@type":"ImageObject","inLanguage":"pt-BR","@id":"https:\/\/folhapopular.info\/wp-content\/uploads\/2026\/04\/Folha-1.webp","url":"https:\/\/folhapopular.info\/wp-content\/uploads\/2026\/04\/Folha-1.webp","contentUrl":"https:\/\/folhapopular.info\/wp-content\/uploads\/2026\/04\/Folha-1.webp","caption":"Reda\u00e7\u00e3o Folha Popular"},"url":"https:\/\/folhapopular.info\/index.php\/author\/redacao\/"}]}},"jetpack_featured_media_url":"https:\/\/folhapopular.info\/wp-content\/uploads\/2021\/05\/WhatsApp-Image-2021-05-24-at-15.21.41.jpeg","jetpack_sharing_enabled":true,"amp_enabled":true,"_links":{"self":[{"href":"https:\/\/folhapopular.info\/index.php\/wp-json\/wp\/v2\/posts\/84250","targetHints":{"allow":["GET"]}}],"collection":[{"href":"https:\/\/folhapopular.info\/index.php\/wp-json\/wp\/v2\/posts"}],"about":[{"href":"https:\/\/folhapopular.info\/index.php\/wp-json\/wp\/v2\/types\/post"}],"author":[{"embeddable":true,"href":"https:\/\/folhapopular.info\/index.php\/wp-json\/wp\/v2\/users\/8"}],"replies":[{"embeddable":true,"href":"https:\/\/folhapopular.info\/index.php\/wp-json\/wp\/v2\/comments?post=84250"}],"version-history":[{"count":0,"href":"https:\/\/folhapopular.info\/index.php\/wp-json\/wp\/v2\/posts\/84250\/revisions"}],"wp:featuredmedia":[{"embeddable":true,"href":"https:\/\/folhapopular.info\/index.php\/wp-json\/wp\/v2\/media\/84223"}],"wp:attachment":[{"href":"https:\/\/folhapopular.info\/index.php\/wp-json\/wp\/v2\/media?parent=84250"}],"wp:term":[{"taxonomy":"category","embeddable":true,"href":"https:\/\/folhapopular.info\/index.php\/wp-json\/wp\/v2\/categories?post=84250"},{"taxonomy":"post_tag","embeddable":true,"href":"https:\/\/folhapopular.info\/index.php\/wp-json\/wp\/v2\/tags?post=84250"}],"curies":[{"name":"wp","href":"https:\/\/api.w.org\/{rel}","templated":true}]}}