{"id":84528,"date":"2021-05-31T08:11:24","date_gmt":"2021-05-31T11:11:24","guid":{"rendered":"https:\/\/folhapopular.info\/?p=84528"},"modified":"2021-05-31T08:11:27","modified_gmt":"2021-05-31T11:11:27","slug":"tudo-pronto-para-a-semana-do-meio-ambiente-de-estrela","status":"publish","type":"post","link":"https:\/\/folhapopular.info\/index.php\/2021\/05\/31\/tudo-pronto-para-a-semana-do-meio-ambiente-de-estrela\/","title":{"rendered":"Tudo pronto para a Semana do Meio Ambiente de Estrela"},"content":{"rendered":"\n<p>O Governo de Estrela acerta os \u00faltimos preparativos para a Semana do Meio Ambiente de Estrela. A programa\u00e7\u00e3o se estender\u00e1 de 01 a 06 de junho e prepara uma s\u00e9rie de atividades educacionais e de conscientiza\u00e7\u00e3o para crian\u00e7as, adultos, e pr\u00e1ticas de preserva\u00e7\u00e3o e combate a doen\u00e7as. A campanha \u00e9 uma promo\u00e7\u00e3o da Secretaria Municipal de Desenvolvimento, Inova\u00e7\u00e3o e Sustentabilidade, atrav\u00e9s do Departamento do Meio Ambiente e conta com apoio da Sala Verde Manoel Ribeiro Pontes Filho e das secretarias municipais da Sa\u00fade e da Infraestrutura Urbana.<\/p>\n\n\n\n<p>A primeira a\u00e7\u00e3o, na ter\u00e7a-feira (1\/6), ocorrer\u00e1 a partir das 10h, na Pra\u00e7a Menna Barreto, no Centro: a trilha \u201cEsp\u00e9cies Arb\u00f3reas \u2013 Conhe\u00e7a nossa Pra\u00e7a\u201d. Na ocasi\u00e3o, Agentes Mirins que participam do programa Educa\u00e7\u00e3o Ambiental da Sala Verde, alunos do Col\u00e9gio Santo Ant\u00f4nio e da Escola Municipal de Ensino Fundamental (Emef) Jos\u00e9 Bonif\u00e1cio far\u00e3o um\u00a0reconhecimento\u00a0do espa\u00e7o e da vegeta\u00e7\u00e3o\u00a0presente na pra\u00e7a. Ap\u00f3s, para marcar a data, realizar\u00e3o o plantio de uma muda da \u00e1rvore s\u00edmbolo de Estrela, o Ip\u00ea Roxo.<\/p>\n\n\n\n<p>Na quarta-feira (2\/6), \u00e0s 9h, ser\u00e1 realizada a Blitz Ecol\u00f3gica no Cal\u00e7ad\u00e3o de Estrela. \u00cdm\u00e3s de geladeira que trazem as datas da Coletiva Seletiva do lixo no munic\u00edpio ser\u00e3o distribu\u00eddos \u00e0 popula\u00e7\u00e3o. Tamb\u00e9m ser\u00e1 realizada a entrega de mudas de esp\u00e9cies nativas diversas.<\/p>\n\n\n\n<p>Na sexta-feira (4\/6), \u00e0s 10h, no Horto Municipal, ocorrer\u00e1 a \u2018Atividade de Educa\u00e7\u00e3o Ambiental\u2019. Agentes mirins de Educa\u00e7\u00e3o Ambiental da Sala Verde e da Emef Pedro Jorge Schmidt, do Distrito da Delfina, realizar\u00e3o visita ao Horto Florestal Municipal, onde far\u00e3o um reconhecimento da \u00e1rea e dos diversos processos ali realizados com as esp\u00e9cies. O espa\u00e7o, utilizado tamb\u00e9m para educa\u00e7\u00e3o ambiental, est\u00e1 localizado na Linha Santa Rita e produz mudas de \u00e1rvores utilizadas na arboriza\u00e7\u00e3o urbana, em compensa\u00e7\u00e3o ambiental, reposi\u00e7\u00e3o florestal obrigat\u00f3ria e para distribui\u00e7\u00e3o \u00e0 comunidade em geral. Com 7,8 hectares, abriga exemplares arb\u00f3reos nativos existentes na regi\u00e3o. Um viveiro com mil metros quadrados, com sombrite e irriga\u00e7\u00e3o automatizada, propicia as condi\u00e7\u00f5es necess\u00e1rias para o desenvolvimento das mudas.<\/p>\n\n\n\n<p>No s\u00e1bado (5\/6), a partir das 9h, no Bairro Imigrantes, ser\u00e1 realizado o \u2018Mutir\u00e3o contra a Dengue\u2019 e o \u2018Mutir\u00e3o da Limpeza\u2019. As opera\u00e7\u00f5es ser\u00e3o semelhantes \u00e0s\u00a0realizadas h\u00e1 duas semanas no Bairro Moinhos, quando foram recolhidas mais de 14 cargas de materiais diversos abandonados em ruas e em terrenos, o que facilita o surgimento das larvas do mosquito Aedes aegypti, transmissor da Dengue. Na atividade conjunta da Sedis com as secretarias municipais da Sa\u00fade e da Infraestrutura Urbana, agentes de sa\u00fade e de endemia tamb\u00e9m auxiliar\u00e3o a popula\u00e7\u00e3o na limpeza de p\u00e1tios e na orienta\u00e7\u00e3o ao combate da Dengue e outras doen\u00e7as. Tamb\u00e9m ser\u00e1 realizado o atendimento a c\u00e3es domiciliares e de rua.<\/p>\n\n\n\n<p><strong>Outras<\/strong><\/p>\n\n\n\n<p>Mas as a\u00e7\u00f5es pr\u00e1ticas e de conscientiza\u00e7\u00e3o em maio n\u00e3o ficaram restritas \u00e0 Semana do Meio Ambiente. No \u00faltimo dia 07, agentes do departamento e volunt\u00e1rios se dedicaram por horas ao \u2018Programa Arroio + Limpo\u2019, quando foram recolhidas em apenas uma manh\u00e3 meia tonelada de materiais diversos de um trecho aproximado de apenas 340 metros da barranca e \u00e1reas pr\u00f3ximas do Arroio Estrela como tamb\u00e9m em meio ao leito. J\u00e1 no dia 15, foi realizado o \u201cDia D \u2013 Descarte\u201d, que possibilitou a entrega, por parte da popula\u00e7\u00e3o, de diversos produtos que n\u00e3o devem ser descartados no lixo comum. Ao todo, a iniciativa arrecadou 1,6 toneladas de res\u00edduos; 525 kg de pilhas; mais de 500 litros de \u00f3leo; 446 l\u00e2mpadas.<\/p>\n","protected":false},"excerpt":{"rendered":"<p>O Governo de Estrela acerta os \u00faltimos preparativos para a Semana do Meio Ambiente de Estrela. A programa\u00e7\u00e3o se estender\u00e1 de 01 a 06 de junho e prepara uma s\u00e9rie de atividades educacionais e de conscientiza\u00e7\u00e3o para crian\u00e7as, adultos, e pr\u00e1ticas de preserva\u00e7\u00e3o e combate a doen\u00e7as. A campanha \u00e9 uma promo\u00e7\u00e3o da Secretaria Municipal [&hellip;]<\/p>\n","protected":false},"author":8,"featured_media":84529,"comment_status":"open","ping_status":"open","sticky":false,"template":"","format":"standard","meta":{"pmpro_default_level":"","_jetpack_memberships_contains_paid_content":false,"footnotes":""},"categories":[2,3],"tags":[8,2870],"class_list":{"0":"post-84528","1":"post","2":"type-post","3":"status-publish","4":"format-standard","5":"has-post-thumbnail","7":"category-featured","8":"category-geral","9":"tag-estrela","10":"tag-semana-do-meio-ambiente","11":"pmpro-has-access"},"yoast_head":"<!-- This site is optimized with the Yoast SEO plugin v27.5 - https:\/\/yoast.com\/product\/yoast-seo-wordpress\/ -->\n<title>Tudo pronto para a Semana do Meio Ambiente de Estrela - Folha Popular<\/title>\n<meta name=\"robots\" content=\"index, follow, max-snippet:-1, max-image-preview:large, max-video-preview:-1\" \/>\n<link rel=\"canonical\" href=\"https:\/\/folhapopular.info\/index.php\/2021\/05\/31\/tudo-pronto-para-a-semana-do-meio-ambiente-de-estrela\/\" \/>\n<meta property=\"og:locale\" content=\"pt_BR\" \/>\n<meta property=\"og:type\" content=\"article\" \/>\n<meta property=\"og:title\" content=\"Tudo pronto para a Semana do Meio Ambiente de Estrela - Folha Popular\" \/>\n<meta property=\"og:description\" content=\"O Governo de Estrela acerta os \u00faltimos preparativos para a Semana do Meio Ambiente de Estrela. A programa\u00e7\u00e3o se estender\u00e1 de 01 a 06 de junho e prepara uma s\u00e9rie de atividades educacionais e de conscientiza\u00e7\u00e3o para crian\u00e7as, adultos, e pr\u00e1ticas de preserva\u00e7\u00e3o e combate a doen\u00e7as. A campanha \u00e9 uma promo\u00e7\u00e3o da Secretaria Municipal [&hellip;]\" \/>\n<meta property=\"og:url\" content=\"https:\/\/folhapopular.info\/index.php\/2021\/05\/31\/tudo-pronto-para-a-semana-do-meio-ambiente-de-estrela\/\" \/>\n<meta property=\"og:site_name\" content=\"Folha Popular\" \/>\n<meta property=\"article:published_time\" content=\"2021-05-31T11:11:24+00:00\" \/>\n<meta property=\"article:modified_time\" content=\"2021-05-31T11:11:27+00:00\" \/>\n<meta property=\"og:image\" content=\"https:\/\/folhapopular.info\/wp-content\/uploads\/2021\/05\/Mutirao-Limpeza-Mosquito-da-Dengue-Bairro-Moinhos-Angeli-27-foi-28-05-scaled-e1622459356398.jpg\" \/>\n\t<meta property=\"og:image:width\" content=\"800\" \/>\n\t<meta property=\"og:image:height\" content=\"501\" \/>\n\t<meta property=\"og:image:type\" content=\"image\/jpeg\" \/>\n<meta name=\"author\" content=\"Reda\u00e7\u00e3o Folha Popular\" \/>\n<meta name=\"twitter:card\" content=\"summary_large_image\" \/>\n<meta name=\"twitter:label1\" content=\"Escrito por\" \/>\n\t<meta name=\"twitter:data1\" content=\"Reda\u00e7\u00e3o Folha Popular\" \/>\n\t<meta name=\"twitter:label2\" content=\"Est. tempo de leitura\" \/>\n\t<meta name=\"twitter:data2\" content=\"3 minutos\" \/>\n<script type=\"application\/ld+json\" class=\"yoast-schema-graph\">{\"@context\":\"https:\\\/\\\/schema.org\",\"@graph\":[{\"@type\":\"Article\",\"@id\":\"https:\\\/\\\/folhapopular.info\\\/index.php\\\/2021\\\/05\\\/31\\\/tudo-pronto-para-a-semana-do-meio-ambiente-de-estrela\\\/#article\",\"isPartOf\":{\"@id\":\"https:\\\/\\\/folhapopular.info\\\/index.php\\\/2021\\\/05\\\/31\\\/tudo-pronto-para-a-semana-do-meio-ambiente-de-estrela\\\/\"},\"author\":{\"name\":\"Reda\u00e7\u00e3o Folha Popular\",\"@id\":\"https:\\\/\\\/folhapopular.info\\\/#\\\/schema\\\/person\\\/2814e8a0df7643585a9ca38bc6eb9d4b\"},\"headline\":\"Tudo pronto para a Semana do Meio Ambiente de Estrela\",\"datePublished\":\"2021-05-31T11:11:24+00:00\",\"dateModified\":\"2021-05-31T11:11:27+00:00\",\"mainEntityOfPage\":{\"@id\":\"https:\\\/\\\/folhapopular.info\\\/index.php\\\/2021\\\/05\\\/31\\\/tudo-pronto-para-a-semana-do-meio-ambiente-de-estrela\\\/\"},\"wordCount\":638,\"commentCount\":0,\"image\":{\"@id\":\"https:\\\/\\\/folhapopular.info\\\/index.php\\\/2021\\\/05\\\/31\\\/tudo-pronto-para-a-semana-do-meio-ambiente-de-estrela\\\/#primaryimage\"},\"thumbnailUrl\":\"https:\\\/\\\/folhapopular.info\\\/wp-content\\\/uploads\\\/2021\\\/05\\\/Mutirao-Limpeza-Mosquito-da-Dengue-Bairro-Moinhos-Angeli-27-foi-28-05-scaled-e1622459356398.jpg\",\"keywords\":[\"Estrela\",\"Semana do Meio Ambiente\"],\"articleSection\":[\"Destaques\",\"Geral\"],\"inLanguage\":\"pt-BR\",\"potentialAction\":[{\"@type\":\"CommentAction\",\"name\":\"Comment\",\"target\":[\"https:\\\/\\\/folhapopular.info\\\/index.php\\\/2021\\\/05\\\/31\\\/tudo-pronto-para-a-semana-do-meio-ambiente-de-estrela\\\/#respond\"]}]},{\"@type\":\"WebPage\",\"@id\":\"https:\\\/\\\/folhapopular.info\\\/index.php\\\/2021\\\/05\\\/31\\\/tudo-pronto-para-a-semana-do-meio-ambiente-de-estrela\\\/\",\"url\":\"https:\\\/\\\/folhapopular.info\\\/index.php\\\/2021\\\/05\\\/31\\\/tudo-pronto-para-a-semana-do-meio-ambiente-de-estrela\\\/\",\"name\":\"Tudo pronto para a Semana do Meio Ambiente de Estrela - Folha Popular\",\"isPartOf\":{\"@id\":\"https:\\\/\\\/folhapopular.info\\\/#website\"},\"primaryImageOfPage\":{\"@id\":\"https:\\\/\\\/folhapopular.info\\\/index.php\\\/2021\\\/05\\\/31\\\/tudo-pronto-para-a-semana-do-meio-ambiente-de-estrela\\\/#primaryimage\"},\"image\":{\"@id\":\"https:\\\/\\\/folhapopular.info\\\/index.php\\\/2021\\\/05\\\/31\\\/tudo-pronto-para-a-semana-do-meio-ambiente-de-estrela\\\/#primaryimage\"},\"thumbnailUrl\":\"https:\\\/\\\/folhapopular.info\\\/wp-content\\\/uploads\\\/2021\\\/05\\\/Mutirao-Limpeza-Mosquito-da-Dengue-Bairro-Moinhos-Angeli-27-foi-28-05-scaled-e1622459356398.jpg\",\"datePublished\":\"2021-05-31T11:11:24+00:00\",\"dateModified\":\"2021-05-31T11:11:27+00:00\",\"author\":{\"@id\":\"https:\\\/\\\/folhapopular.info\\\/#\\\/schema\\\/person\\\/2814e8a0df7643585a9ca38bc6eb9d4b\"},\"breadcrumb\":{\"@id\":\"https:\\\/\\\/folhapopular.info\\\/index.php\\\/2021\\\/05\\\/31\\\/tudo-pronto-para-a-semana-do-meio-ambiente-de-estrela\\\/#breadcrumb\"},\"inLanguage\":\"pt-BR\",\"potentialAction\":[{\"@type\":\"ReadAction\",\"target\":[\"https:\\\/\\\/folhapopular.info\\\/index.php\\\/2021\\\/05\\\/31\\\/tudo-pronto-para-a-semana-do-meio-ambiente-de-estrela\\\/\"]}]},{\"@type\":\"ImageObject\",\"inLanguage\":\"pt-BR\",\"@id\":\"https:\\\/\\\/folhapopular.info\\\/index.php\\\/2021\\\/05\\\/31\\\/tudo-pronto-para-a-semana-do-meio-ambiente-de-estrela\\\/#primaryimage\",\"url\":\"https:\\\/\\\/folhapopular.info\\\/wp-content\\\/uploads\\\/2021\\\/05\\\/Mutirao-Limpeza-Mosquito-da-Dengue-Bairro-Moinhos-Angeli-27-foi-28-05-scaled-e1622459356398.jpg\",\"contentUrl\":\"https:\\\/\\\/folhapopular.info\\\/wp-content\\\/uploads\\\/2021\\\/05\\\/Mutirao-Limpeza-Mosquito-da-Dengue-Bairro-Moinhos-Angeli-27-foi-28-05-scaled-e1622459356398.jpg\",\"width\":800,\"height\":501,\"caption\":\"\u00e7\u00e3o de limpeza e orienta\u00e7\u00e3o no combate \u00e0 Dengue, como a realizada no Bairro Moinhos, ocorrer\u00e1 agora no Bairro Imigrantes. Cr\u00e9dito da foto: Rodrigo Angeli\\\/Divulga\u00e7\u00e3o\"},{\"@type\":\"BreadcrumbList\",\"@id\":\"https:\\\/\\\/folhapopular.info\\\/index.php\\\/2021\\\/05\\\/31\\\/tudo-pronto-para-a-semana-do-meio-ambiente-de-estrela\\\/#breadcrumb\",\"itemListElement\":[{\"@type\":\"ListItem\",\"position\":1,\"name\":\"In\u00edcio\",\"item\":\"https:\\\/\\\/folhapopular.info\\\/\"},{\"@type\":\"ListItem\",\"position\":2,\"name\":\"Tudo pronto para a Semana do Meio Ambiente de Estrela\"}]},{\"@type\":\"WebSite\",\"@id\":\"https:\\\/\\\/folhapopular.info\\\/#website\",\"url\":\"https:\\\/\\\/folhapopular.info\\\/\",\"name\":\"Folha Popular\",\"description\":\"Onde voc\u00ea tem vez e voz\",\"potentialAction\":[{\"@type\":\"SearchAction\",\"target\":{\"@type\":\"EntryPoint\",\"urlTemplate\":\"https:\\\/\\\/folhapopular.info\\\/?s={search_term_string}\"},\"query-input\":{\"@type\":\"PropertyValueSpecification\",\"valueRequired\":true,\"valueName\":\"search_term_string\"}}],\"inLanguage\":\"pt-BR\"},{\"@type\":\"Person\",\"@id\":\"https:\\\/\\\/folhapopular.info\\\/#\\\/schema\\\/person\\\/2814e8a0df7643585a9ca38bc6eb9d4b\",\"name\":\"Reda\u00e7\u00e3o Folha Popular\",\"image\":{\"@type\":\"ImageObject\",\"inLanguage\":\"pt-BR\",\"@id\":\"https:\\\/\\\/folhapopular.info\\\/wp-content\\\/uploads\\\/2026\\\/04\\\/Folha-1.webp\",\"url\":\"https:\\\/\\\/folhapopular.info\\\/wp-content\\\/uploads\\\/2026\\\/04\\\/Folha-1.webp\",\"contentUrl\":\"https:\\\/\\\/folhapopular.info\\\/wp-content\\\/uploads\\\/2026\\\/04\\\/Folha-1.webp\",\"caption\":\"Reda\u00e7\u00e3o Folha Popular\"},\"url\":\"https:\\\/\\\/folhapopular.info\\\/index.php\\\/author\\\/redacao\\\/\"}]}<\/script>\n<!-- \/ Yoast SEO plugin. -->","yoast_head_json":{"title":"Tudo pronto para a Semana do Meio Ambiente de Estrela - Folha Popular","robots":{"index":"index","follow":"follow","max-snippet":"max-snippet:-1","max-image-preview":"max-image-preview:large","max-video-preview":"max-video-preview:-1"},"canonical":"https:\/\/folhapopular.info\/index.php\/2021\/05\/31\/tudo-pronto-para-a-semana-do-meio-ambiente-de-estrela\/","og_locale":"pt_BR","og_type":"article","og_title":"Tudo pronto para a Semana do Meio Ambiente de Estrela - Folha Popular","og_description":"O Governo de Estrela acerta os \u00faltimos preparativos para a Semana do Meio Ambiente de Estrela. A programa\u00e7\u00e3o se estender\u00e1 de 01 a 06 de junho e prepara uma s\u00e9rie de atividades educacionais e de conscientiza\u00e7\u00e3o para crian\u00e7as, adultos, e pr\u00e1ticas de preserva\u00e7\u00e3o e combate a doen\u00e7as. A campanha \u00e9 uma promo\u00e7\u00e3o da Secretaria Municipal [&hellip;]","og_url":"https:\/\/folhapopular.info\/index.php\/2021\/05\/31\/tudo-pronto-para-a-semana-do-meio-ambiente-de-estrela\/","og_site_name":"Folha Popular","article_published_time":"2021-05-31T11:11:24+00:00","article_modified_time":"2021-05-31T11:11:27+00:00","og_image":[{"width":800,"height":501,"url":"https:\/\/folhapopular.info\/wp-content\/uploads\/2021\/05\/Mutirao-Limpeza-Mosquito-da-Dengue-Bairro-Moinhos-Angeli-27-foi-28-05-scaled-e1622459356398.jpg","type":"image\/jpeg"}],"author":"Reda\u00e7\u00e3o Folha Popular","twitter_card":"summary_large_image","twitter_misc":{"Escrito por":"Reda\u00e7\u00e3o Folha Popular","Est. tempo de leitura":"3 minutos"},"schema":{"@context":"https:\/\/schema.org","@graph":[{"@type":"Article","@id":"https:\/\/folhapopular.info\/index.php\/2021\/05\/31\/tudo-pronto-para-a-semana-do-meio-ambiente-de-estrela\/#article","isPartOf":{"@id":"https:\/\/folhapopular.info\/index.php\/2021\/05\/31\/tudo-pronto-para-a-semana-do-meio-ambiente-de-estrela\/"},"author":{"name":"Reda\u00e7\u00e3o Folha Popular","@id":"https:\/\/folhapopular.info\/#\/schema\/person\/2814e8a0df7643585a9ca38bc6eb9d4b"},"headline":"Tudo pronto para a Semana do Meio Ambiente de Estrela","datePublished":"2021-05-31T11:11:24+00:00","dateModified":"2021-05-31T11:11:27+00:00","mainEntityOfPage":{"@id":"https:\/\/folhapopular.info\/index.php\/2021\/05\/31\/tudo-pronto-para-a-semana-do-meio-ambiente-de-estrela\/"},"wordCount":638,"commentCount":0,"image":{"@id":"https:\/\/folhapopular.info\/index.php\/2021\/05\/31\/tudo-pronto-para-a-semana-do-meio-ambiente-de-estrela\/#primaryimage"},"thumbnailUrl":"https:\/\/folhapopular.info\/wp-content\/uploads\/2021\/05\/Mutirao-Limpeza-Mosquito-da-Dengue-Bairro-Moinhos-Angeli-27-foi-28-05-scaled-e1622459356398.jpg","keywords":["Estrela","Semana do Meio Ambiente"],"articleSection":["Destaques","Geral"],"inLanguage":"pt-BR","potentialAction":[{"@type":"CommentAction","name":"Comment","target":["https:\/\/folhapopular.info\/index.php\/2021\/05\/31\/tudo-pronto-para-a-semana-do-meio-ambiente-de-estrela\/#respond"]}]},{"@type":"WebPage","@id":"https:\/\/folhapopular.info\/index.php\/2021\/05\/31\/tudo-pronto-para-a-semana-do-meio-ambiente-de-estrela\/","url":"https:\/\/folhapopular.info\/index.php\/2021\/05\/31\/tudo-pronto-para-a-semana-do-meio-ambiente-de-estrela\/","name":"Tudo pronto para a Semana do Meio Ambiente de Estrela - Folha Popular","isPartOf":{"@id":"https:\/\/folhapopular.info\/#website"},"primaryImageOfPage":{"@id":"https:\/\/folhapopular.info\/index.php\/2021\/05\/31\/tudo-pronto-para-a-semana-do-meio-ambiente-de-estrela\/#primaryimage"},"image":{"@id":"https:\/\/folhapopular.info\/index.php\/2021\/05\/31\/tudo-pronto-para-a-semana-do-meio-ambiente-de-estrela\/#primaryimage"},"thumbnailUrl":"https:\/\/folhapopular.info\/wp-content\/uploads\/2021\/05\/Mutirao-Limpeza-Mosquito-da-Dengue-Bairro-Moinhos-Angeli-27-foi-28-05-scaled-e1622459356398.jpg","datePublished":"2021-05-31T11:11:24+00:00","dateModified":"2021-05-31T11:11:27+00:00","author":{"@id":"https:\/\/folhapopular.info\/#\/schema\/person\/2814e8a0df7643585a9ca38bc6eb9d4b"},"breadcrumb":{"@id":"https:\/\/folhapopular.info\/index.php\/2021\/05\/31\/tudo-pronto-para-a-semana-do-meio-ambiente-de-estrela\/#breadcrumb"},"inLanguage":"pt-BR","potentialAction":[{"@type":"ReadAction","target":["https:\/\/folhapopular.info\/index.php\/2021\/05\/31\/tudo-pronto-para-a-semana-do-meio-ambiente-de-estrela\/"]}]},{"@type":"ImageObject","inLanguage":"pt-BR","@id":"https:\/\/folhapopular.info\/index.php\/2021\/05\/31\/tudo-pronto-para-a-semana-do-meio-ambiente-de-estrela\/#primaryimage","url":"https:\/\/folhapopular.info\/wp-content\/uploads\/2021\/05\/Mutirao-Limpeza-Mosquito-da-Dengue-Bairro-Moinhos-Angeli-27-foi-28-05-scaled-e1622459356398.jpg","contentUrl":"https:\/\/folhapopular.info\/wp-content\/uploads\/2021\/05\/Mutirao-Limpeza-Mosquito-da-Dengue-Bairro-Moinhos-Angeli-27-foi-28-05-scaled-e1622459356398.jpg","width":800,"height":501,"caption":"\u00e7\u00e3o de limpeza e orienta\u00e7\u00e3o no combate \u00e0 Dengue, como a realizada no Bairro Moinhos, ocorrer\u00e1 agora no Bairro Imigrantes. Cr\u00e9dito da foto: Rodrigo Angeli\/Divulga\u00e7\u00e3o"},{"@type":"BreadcrumbList","@id":"https:\/\/folhapopular.info\/index.php\/2021\/05\/31\/tudo-pronto-para-a-semana-do-meio-ambiente-de-estrela\/#breadcrumb","itemListElement":[{"@type":"ListItem","position":1,"name":"In\u00edcio","item":"https:\/\/folhapopular.info\/"},{"@type":"ListItem","position":2,"name":"Tudo pronto para a Semana do Meio Ambiente de Estrela"}]},{"@type":"WebSite","@id":"https:\/\/folhapopular.info\/#website","url":"https:\/\/folhapopular.info\/","name":"Folha Popular","description":"Onde voc\u00ea tem vez e voz","potentialAction":[{"@type":"SearchAction","target":{"@type":"EntryPoint","urlTemplate":"https:\/\/folhapopular.info\/?s={search_term_string}"},"query-input":{"@type":"PropertyValueSpecification","valueRequired":true,"valueName":"search_term_string"}}],"inLanguage":"pt-BR"},{"@type":"Person","@id":"https:\/\/folhapopular.info\/#\/schema\/person\/2814e8a0df7643585a9ca38bc6eb9d4b","name":"Reda\u00e7\u00e3o Folha Popular","image":{"@type":"ImageObject","inLanguage":"pt-BR","@id":"https:\/\/folhapopular.info\/wp-content\/uploads\/2026\/04\/Folha-1.webp","url":"https:\/\/folhapopular.info\/wp-content\/uploads\/2026\/04\/Folha-1.webp","contentUrl":"https:\/\/folhapopular.info\/wp-content\/uploads\/2026\/04\/Folha-1.webp","caption":"Reda\u00e7\u00e3o Folha Popular"},"url":"https:\/\/folhapopular.info\/index.php\/author\/redacao\/"}]}},"jetpack_featured_media_url":"https:\/\/folhapopular.info\/wp-content\/uploads\/2021\/05\/Mutirao-Limpeza-Mosquito-da-Dengue-Bairro-Moinhos-Angeli-27-foi-28-05-scaled-e1622459356398.jpg","jetpack_sharing_enabled":true,"amp_enabled":true,"_links":{"self":[{"href":"https:\/\/folhapopular.info\/index.php\/wp-json\/wp\/v2\/posts\/84528","targetHints":{"allow":["GET"]}}],"collection":[{"href":"https:\/\/folhapopular.info\/index.php\/wp-json\/wp\/v2\/posts"}],"about":[{"href":"https:\/\/folhapopular.info\/index.php\/wp-json\/wp\/v2\/types\/post"}],"author":[{"embeddable":true,"href":"https:\/\/folhapopular.info\/index.php\/wp-json\/wp\/v2\/users\/8"}],"replies":[{"embeddable":true,"href":"https:\/\/folhapopular.info\/index.php\/wp-json\/wp\/v2\/comments?post=84528"}],"version-history":[{"count":0,"href":"https:\/\/folhapopular.info\/index.php\/wp-json\/wp\/v2\/posts\/84528\/revisions"}],"wp:featuredmedia":[{"embeddable":true,"href":"https:\/\/folhapopular.info\/index.php\/wp-json\/wp\/v2\/media\/84529"}],"wp:attachment":[{"href":"https:\/\/folhapopular.info\/index.php\/wp-json\/wp\/v2\/media?parent=84528"}],"wp:term":[{"taxonomy":"category","embeddable":true,"href":"https:\/\/folhapopular.info\/index.php\/wp-json\/wp\/v2\/categories?post=84528"},{"taxonomy":"post_tag","embeddable":true,"href":"https:\/\/folhapopular.info\/index.php\/wp-json\/wp\/v2\/tags?post=84528"}],"curies":[{"name":"wp","href":"https:\/\/api.w.org\/{rel}","templated":true}]}}