{"id":84643,"date":"2021-06-02T08:43:36","date_gmt":"2021-06-02T11:43:36","guid":{"rendered":"https:\/\/folhapopular.info\/?p=84643"},"modified":"2021-06-02T08:44:14","modified_gmt":"2021-06-02T11:44:14","slug":"profissionais-da-educacao-em-poco-das-antas-sao-imunizados-contra-a-covid-19","status":"publish","type":"post","link":"https:\/\/folhapopular.info\/index.php\/2021\/06\/02\/profissionais-da-educacao-em-poco-das-antas-sao-imunizados-contra-a-covid-19\/","title":{"rendered":"Profissionais da educa\u00e7\u00e3o em Po\u00e7o das Antas s\u00e3o imunizados contra a Covid-19"},"content":{"rendered":"\n<p>Na ter\u00e7a-feira (1\u00ba\/6), iniciou a vacina\u00e7\u00e3o contra Covid-19 dos profissionais da educa\u00e7\u00e3o da rede municipal e estadual de Po\u00e7o das Antas.<\/p>\n\n\n\n<p>De acordo com a Secret\u00e1ria de Educa\u00e7\u00e3o, Cultura, Desporto e Turismo de Po\u00e7o das Antas, Jaqueline Klein, a vacina\u00e7\u00e3o dos profissionais da educa\u00e7\u00e3o representa um avan\u00e7o na luta contra a Covid-19 e tamb\u00e9m significa a valoriza\u00e7\u00e3o dessa atividade t\u00e3o importante que \u00e9 o ensino. \u201cVacinar professores e demais trabalhadores possibilita a manuten\u00e7\u00e3o do atendimento presencial com ainda mais seguran\u00e7a\u201d, ressalta a secret\u00e1ria.<\/p>\n\n\n\n<p>A vacina\u00e7\u00e3o contra a Covid-19 respeita as orienta\u00e7\u00f5es da 16\u00aa Coordenadoria Regional de Sa\u00fade. Al\u00e9m dos profissionais da educa\u00e7\u00e3o, continuam sendo vacinados no Munic\u00edpio o grupo das pessoas com comorbidades e defici\u00eancias permanentes.<\/p>\n","protected":false},"excerpt":{"rendered":"<p>Na ter\u00e7a-feira (1\u00ba\/6), iniciou a vacina\u00e7\u00e3o contra Covid-19 dos profissionais da educa\u00e7\u00e3o da rede municipal e estadual de Po\u00e7o das Antas. De acordo com a Secret\u00e1ria de Educa\u00e7\u00e3o, Cultura, Desporto e Turismo de Po\u00e7o das Antas, Jaqueline Klein, a vacina\u00e7\u00e3o dos profissionais da educa\u00e7\u00e3o representa um avan\u00e7o na luta contra a Covid-19 e tamb\u00e9m significa [&hellip;]<\/p>\n","protected":false},"author":8,"featured_media":84644,"comment_status":"open","ping_status":"open","sticky":false,"template":"","format":"standard","meta":{"pmpro_default_level":"","_jetpack_memberships_contains_paid_content":false,"footnotes":""},"categories":[5756,2,3],"tags":[5707,40],"class_list":{"0":"post-84643","1":"post","2":"type-post","3":"status-publish","4":"format-standard","5":"has-post-thumbnail","7":"category-coronavirus","8":"category-featured","9":"category-geral","10":"tag-covid-19","11":"tag-poco-das-antas","12":"pmpro-has-access"},"yoast_head":"<!-- This site is optimized with the Yoast SEO plugin v27.5 - https:\/\/yoast.com\/product\/yoast-seo-wordpress\/ -->\n<title>Profissionais da educa\u00e7\u00e3o em Po\u00e7o das Antas s\u00e3o imunizados contra a Covid-19 - Folha Popular<\/title>\n<meta name=\"robots\" content=\"index, follow, max-snippet:-1, max-image-preview:large, max-video-preview:-1\" \/>\n<link rel=\"canonical\" href=\"https:\/\/folhapopular.info\/index.php\/2021\/06\/02\/profissionais-da-educacao-em-poco-das-antas-sao-imunizados-contra-a-covid-19\/\" \/>\n<meta property=\"og:locale\" content=\"pt_BR\" \/>\n<meta property=\"og:type\" content=\"article\" \/>\n<meta property=\"og:title\" content=\"Profissionais da educa\u00e7\u00e3o em Po\u00e7o das Antas s\u00e3o imunizados contra a Covid-19 - Folha Popular\" \/>\n<meta property=\"og:description\" content=\"Na ter\u00e7a-feira (1\u00ba\/6), iniciou a vacina\u00e7\u00e3o contra Covid-19 dos profissionais da educa\u00e7\u00e3o da rede municipal e estadual de Po\u00e7o das Antas. De acordo com a Secret\u00e1ria de Educa\u00e7\u00e3o, Cultura, Desporto e Turismo de Po\u00e7o das Antas, Jaqueline Klein, a vacina\u00e7\u00e3o dos profissionais da educa\u00e7\u00e3o representa um avan\u00e7o na luta contra a Covid-19 e tamb\u00e9m significa [&hellip;]\" \/>\n<meta property=\"og:url\" content=\"https:\/\/folhapopular.info\/index.php\/2021\/06\/02\/profissionais-da-educacao-em-poco-das-antas-sao-imunizados-contra-a-covid-19\/\" \/>\n<meta property=\"og:site_name\" content=\"Folha Popular\" \/>\n<meta property=\"article:published_time\" content=\"2021-06-02T11:43:36+00:00\" \/>\n<meta property=\"article:modified_time\" content=\"2021-06-02T11:44:14+00:00\" \/>\n<meta property=\"og:image\" content=\"https:\/\/folhapopular.info\/wp-content\/uploads\/2021\/06\/2-Profissionais-da-educacao-sao-imunizados-contra-a-Covid-19-scaled-e1622634141451.jpg\" \/>\n\t<meta property=\"og:image:width\" content=\"800\" \/>\n\t<meta property=\"og:image:height\" content=\"533\" \/>\n\t<meta property=\"og:image:type\" content=\"image\/jpeg\" \/>\n<meta name=\"author\" content=\"Reda\u00e7\u00e3o Folha Popular\" \/>\n<meta name=\"twitter:card\" content=\"summary_large_image\" \/>\n<meta name=\"twitter:label1\" content=\"Escrito por\" \/>\n\t<meta name=\"twitter:data1\" content=\"Reda\u00e7\u00e3o Folha Popular\" \/>\n\t<meta name=\"twitter:label2\" content=\"Est. tempo de leitura\" \/>\n\t<meta name=\"twitter:data2\" content=\"1 minuto\" \/>\n<script type=\"application\/ld+json\" class=\"yoast-schema-graph\">{\"@context\":\"https:\\\/\\\/schema.org\",\"@graph\":[{\"@type\":\"Article\",\"@id\":\"https:\\\/\\\/folhapopular.info\\\/index.php\\\/2021\\\/06\\\/02\\\/profissionais-da-educacao-em-poco-das-antas-sao-imunizados-contra-a-covid-19\\\/#article\",\"isPartOf\":{\"@id\":\"https:\\\/\\\/folhapopular.info\\\/index.php\\\/2021\\\/06\\\/02\\\/profissionais-da-educacao-em-poco-das-antas-sao-imunizados-contra-a-covid-19\\\/\"},\"author\":{\"name\":\"Reda\u00e7\u00e3o Folha Popular\",\"@id\":\"https:\\\/\\\/folhapopular.info\\\/#\\\/schema\\\/person\\\/2814e8a0df7643585a9ca38bc6eb9d4b\"},\"headline\":\"Profissionais da educa\u00e7\u00e3o em Po\u00e7o das Antas s\u00e3o imunizados contra a Covid-19\",\"datePublished\":\"2021-06-02T11:43:36+00:00\",\"dateModified\":\"2021-06-02T11:44:14+00:00\",\"mainEntityOfPage\":{\"@id\":\"https:\\\/\\\/folhapopular.info\\\/index.php\\\/2021\\\/06\\\/02\\\/profissionais-da-educacao-em-poco-das-antas-sao-imunizados-contra-a-covid-19\\\/\"},\"wordCount\":151,\"commentCount\":0,\"image\":{\"@id\":\"https:\\\/\\\/folhapopular.info\\\/index.php\\\/2021\\\/06\\\/02\\\/profissionais-da-educacao-em-poco-das-antas-sao-imunizados-contra-a-covid-19\\\/#primaryimage\"},\"thumbnailUrl\":\"https:\\\/\\\/folhapopular.info\\\/wp-content\\\/uploads\\\/2021\\\/06\\\/2-Profissionais-da-educacao-sao-imunizados-contra-a-Covid-19-scaled-e1622634141451.jpg\",\"keywords\":[\"Covid-19\",\"Po\u00e7o das Antas\"],\"articleSection\":[\"Coronav\u00edrus\",\"Destaques\",\"Geral\"],\"inLanguage\":\"pt-BR\",\"potentialAction\":[{\"@type\":\"CommentAction\",\"name\":\"Comment\",\"target\":[\"https:\\\/\\\/folhapopular.info\\\/index.php\\\/2021\\\/06\\\/02\\\/profissionais-da-educacao-em-poco-das-antas-sao-imunizados-contra-a-covid-19\\\/#respond\"]}]},{\"@type\":\"WebPage\",\"@id\":\"https:\\\/\\\/folhapopular.info\\\/index.php\\\/2021\\\/06\\\/02\\\/profissionais-da-educacao-em-poco-das-antas-sao-imunizados-contra-a-covid-19\\\/\",\"url\":\"https:\\\/\\\/folhapopular.info\\\/index.php\\\/2021\\\/06\\\/02\\\/profissionais-da-educacao-em-poco-das-antas-sao-imunizados-contra-a-covid-19\\\/\",\"name\":\"Profissionais da educa\u00e7\u00e3o em Po\u00e7o das Antas s\u00e3o imunizados contra a Covid-19 - Folha Popular\",\"isPartOf\":{\"@id\":\"https:\\\/\\\/folhapopular.info\\\/#website\"},\"primaryImageOfPage\":{\"@id\":\"https:\\\/\\\/folhapopular.info\\\/index.php\\\/2021\\\/06\\\/02\\\/profissionais-da-educacao-em-poco-das-antas-sao-imunizados-contra-a-covid-19\\\/#primaryimage\"},\"image\":{\"@id\":\"https:\\\/\\\/folhapopular.info\\\/index.php\\\/2021\\\/06\\\/02\\\/profissionais-da-educacao-em-poco-das-antas-sao-imunizados-contra-a-covid-19\\\/#primaryimage\"},\"thumbnailUrl\":\"https:\\\/\\\/folhapopular.info\\\/wp-content\\\/uploads\\\/2021\\\/06\\\/2-Profissionais-da-educacao-sao-imunizados-contra-a-Covid-19-scaled-e1622634141451.jpg\",\"datePublished\":\"2021-06-02T11:43:36+00:00\",\"dateModified\":\"2021-06-02T11:44:14+00:00\",\"author\":{\"@id\":\"https:\\\/\\\/folhapopular.info\\\/#\\\/schema\\\/person\\\/2814e8a0df7643585a9ca38bc6eb9d4b\"},\"breadcrumb\":{\"@id\":\"https:\\\/\\\/folhapopular.info\\\/index.php\\\/2021\\\/06\\\/02\\\/profissionais-da-educacao-em-poco-das-antas-sao-imunizados-contra-a-covid-19\\\/#breadcrumb\"},\"inLanguage\":\"pt-BR\",\"potentialAction\":[{\"@type\":\"ReadAction\",\"target\":[\"https:\\\/\\\/folhapopular.info\\\/index.php\\\/2021\\\/06\\\/02\\\/profissionais-da-educacao-em-poco-das-antas-sao-imunizados-contra-a-covid-19\\\/\"]}]},{\"@type\":\"ImageObject\",\"inLanguage\":\"pt-BR\",\"@id\":\"https:\\\/\\\/folhapopular.info\\\/index.php\\\/2021\\\/06\\\/02\\\/profissionais-da-educacao-em-poco-das-antas-sao-imunizados-contra-a-covid-19\\\/#primaryimage\",\"url\":\"https:\\\/\\\/folhapopular.info\\\/wp-content\\\/uploads\\\/2021\\\/06\\\/2-Profissionais-da-educacao-sao-imunizados-contra-a-Covid-19-scaled-e1622634141451.jpg\",\"contentUrl\":\"https:\\\/\\\/folhapopular.info\\\/wp-content\\\/uploads\\\/2021\\\/06\\\/2-Profissionais-da-educacao-sao-imunizados-contra-a-Covid-19-scaled-e1622634141451.jpg\",\"width\":800,\"height\":533,\"caption\":\"A vacina\u00e7\u00e3o contra a Covid-19 respeita as orienta\u00e7\u00f5es da 16\u00aa CRS. Cr\u00e9dito da foto: Assessoria de Comunica\u00e7\u00e3o (ASCOM) de Po\u00e7o das Antas\\\/Divulga\u00e7\u00e3o\"},{\"@type\":\"BreadcrumbList\",\"@id\":\"https:\\\/\\\/folhapopular.info\\\/index.php\\\/2021\\\/06\\\/02\\\/profissionais-da-educacao-em-poco-das-antas-sao-imunizados-contra-a-covid-19\\\/#breadcrumb\",\"itemListElement\":[{\"@type\":\"ListItem\",\"position\":1,\"name\":\"In\u00edcio\",\"item\":\"https:\\\/\\\/folhapopular.info\\\/\"},{\"@type\":\"ListItem\",\"position\":2,\"name\":\"Profissionais da educa\u00e7\u00e3o em Po\u00e7o das Antas s\u00e3o imunizados contra a Covid-19\"}]},{\"@type\":\"WebSite\",\"@id\":\"https:\\\/\\\/folhapopular.info\\\/#website\",\"url\":\"https:\\\/\\\/folhapopular.info\\\/\",\"name\":\"Folha Popular\",\"description\":\"Onde voc\u00ea tem vez e voz\",\"potentialAction\":[{\"@type\":\"SearchAction\",\"target\":{\"@type\":\"EntryPoint\",\"urlTemplate\":\"https:\\\/\\\/folhapopular.info\\\/?s={search_term_string}\"},\"query-input\":{\"@type\":\"PropertyValueSpecification\",\"valueRequired\":true,\"valueName\":\"search_term_string\"}}],\"inLanguage\":\"pt-BR\"},{\"@type\":\"Person\",\"@id\":\"https:\\\/\\\/folhapopular.info\\\/#\\\/schema\\\/person\\\/2814e8a0df7643585a9ca38bc6eb9d4b\",\"name\":\"Reda\u00e7\u00e3o Folha Popular\",\"image\":{\"@type\":\"ImageObject\",\"inLanguage\":\"pt-BR\",\"@id\":\"https:\\\/\\\/folhapopular.info\\\/wp-content\\\/uploads\\\/2026\\\/04\\\/Folha-1.webp\",\"url\":\"https:\\\/\\\/folhapopular.info\\\/wp-content\\\/uploads\\\/2026\\\/04\\\/Folha-1.webp\",\"contentUrl\":\"https:\\\/\\\/folhapopular.info\\\/wp-content\\\/uploads\\\/2026\\\/04\\\/Folha-1.webp\",\"caption\":\"Reda\u00e7\u00e3o Folha Popular\"},\"url\":\"https:\\\/\\\/folhapopular.info\\\/index.php\\\/author\\\/redacao\\\/\"}]}<\/script>\n<!-- \/ Yoast SEO plugin. -->","yoast_head_json":{"title":"Profissionais da educa\u00e7\u00e3o em Po\u00e7o das Antas s\u00e3o imunizados contra a Covid-19 - Folha Popular","robots":{"index":"index","follow":"follow","max-snippet":"max-snippet:-1","max-image-preview":"max-image-preview:large","max-video-preview":"max-video-preview:-1"},"canonical":"https:\/\/folhapopular.info\/index.php\/2021\/06\/02\/profissionais-da-educacao-em-poco-das-antas-sao-imunizados-contra-a-covid-19\/","og_locale":"pt_BR","og_type":"article","og_title":"Profissionais da educa\u00e7\u00e3o em Po\u00e7o das Antas s\u00e3o imunizados contra a Covid-19 - Folha Popular","og_description":"Na ter\u00e7a-feira (1\u00ba\/6), iniciou a vacina\u00e7\u00e3o contra Covid-19 dos profissionais da educa\u00e7\u00e3o da rede municipal e estadual de Po\u00e7o das Antas. De acordo com a Secret\u00e1ria de Educa\u00e7\u00e3o, Cultura, Desporto e Turismo de Po\u00e7o das Antas, Jaqueline Klein, a vacina\u00e7\u00e3o dos profissionais da educa\u00e7\u00e3o representa um avan\u00e7o na luta contra a Covid-19 e tamb\u00e9m significa [&hellip;]","og_url":"https:\/\/folhapopular.info\/index.php\/2021\/06\/02\/profissionais-da-educacao-em-poco-das-antas-sao-imunizados-contra-a-covid-19\/","og_site_name":"Folha Popular","article_published_time":"2021-06-02T11:43:36+00:00","article_modified_time":"2021-06-02T11:44:14+00:00","og_image":[{"width":800,"height":533,"url":"https:\/\/folhapopular.info\/wp-content\/uploads\/2021\/06\/2-Profissionais-da-educacao-sao-imunizados-contra-a-Covid-19-scaled-e1622634141451.jpg","type":"image\/jpeg"}],"author":"Reda\u00e7\u00e3o Folha Popular","twitter_card":"summary_large_image","twitter_misc":{"Escrito por":"Reda\u00e7\u00e3o Folha Popular","Est. tempo de leitura":"1 minuto"},"schema":{"@context":"https:\/\/schema.org","@graph":[{"@type":"Article","@id":"https:\/\/folhapopular.info\/index.php\/2021\/06\/02\/profissionais-da-educacao-em-poco-das-antas-sao-imunizados-contra-a-covid-19\/#article","isPartOf":{"@id":"https:\/\/folhapopular.info\/index.php\/2021\/06\/02\/profissionais-da-educacao-em-poco-das-antas-sao-imunizados-contra-a-covid-19\/"},"author":{"name":"Reda\u00e7\u00e3o Folha Popular","@id":"https:\/\/folhapopular.info\/#\/schema\/person\/2814e8a0df7643585a9ca38bc6eb9d4b"},"headline":"Profissionais da educa\u00e7\u00e3o em Po\u00e7o das Antas s\u00e3o imunizados contra a Covid-19","datePublished":"2021-06-02T11:43:36+00:00","dateModified":"2021-06-02T11:44:14+00:00","mainEntityOfPage":{"@id":"https:\/\/folhapopular.info\/index.php\/2021\/06\/02\/profissionais-da-educacao-em-poco-das-antas-sao-imunizados-contra-a-covid-19\/"},"wordCount":151,"commentCount":0,"image":{"@id":"https:\/\/folhapopular.info\/index.php\/2021\/06\/02\/profissionais-da-educacao-em-poco-das-antas-sao-imunizados-contra-a-covid-19\/#primaryimage"},"thumbnailUrl":"https:\/\/folhapopular.info\/wp-content\/uploads\/2021\/06\/2-Profissionais-da-educacao-sao-imunizados-contra-a-Covid-19-scaled-e1622634141451.jpg","keywords":["Covid-19","Po\u00e7o das Antas"],"articleSection":["Coronav\u00edrus","Destaques","Geral"],"inLanguage":"pt-BR","potentialAction":[{"@type":"CommentAction","name":"Comment","target":["https:\/\/folhapopular.info\/index.php\/2021\/06\/02\/profissionais-da-educacao-em-poco-das-antas-sao-imunizados-contra-a-covid-19\/#respond"]}]},{"@type":"WebPage","@id":"https:\/\/folhapopular.info\/index.php\/2021\/06\/02\/profissionais-da-educacao-em-poco-das-antas-sao-imunizados-contra-a-covid-19\/","url":"https:\/\/folhapopular.info\/index.php\/2021\/06\/02\/profissionais-da-educacao-em-poco-das-antas-sao-imunizados-contra-a-covid-19\/","name":"Profissionais da educa\u00e7\u00e3o em Po\u00e7o das Antas s\u00e3o imunizados contra a Covid-19 - Folha Popular","isPartOf":{"@id":"https:\/\/folhapopular.info\/#website"},"primaryImageOfPage":{"@id":"https:\/\/folhapopular.info\/index.php\/2021\/06\/02\/profissionais-da-educacao-em-poco-das-antas-sao-imunizados-contra-a-covid-19\/#primaryimage"},"image":{"@id":"https:\/\/folhapopular.info\/index.php\/2021\/06\/02\/profissionais-da-educacao-em-poco-das-antas-sao-imunizados-contra-a-covid-19\/#primaryimage"},"thumbnailUrl":"https:\/\/folhapopular.info\/wp-content\/uploads\/2021\/06\/2-Profissionais-da-educacao-sao-imunizados-contra-a-Covid-19-scaled-e1622634141451.jpg","datePublished":"2021-06-02T11:43:36+00:00","dateModified":"2021-06-02T11:44:14+00:00","author":{"@id":"https:\/\/folhapopular.info\/#\/schema\/person\/2814e8a0df7643585a9ca38bc6eb9d4b"},"breadcrumb":{"@id":"https:\/\/folhapopular.info\/index.php\/2021\/06\/02\/profissionais-da-educacao-em-poco-das-antas-sao-imunizados-contra-a-covid-19\/#breadcrumb"},"inLanguage":"pt-BR","potentialAction":[{"@type":"ReadAction","target":["https:\/\/folhapopular.info\/index.php\/2021\/06\/02\/profissionais-da-educacao-em-poco-das-antas-sao-imunizados-contra-a-covid-19\/"]}]},{"@type":"ImageObject","inLanguage":"pt-BR","@id":"https:\/\/folhapopular.info\/index.php\/2021\/06\/02\/profissionais-da-educacao-em-poco-das-antas-sao-imunizados-contra-a-covid-19\/#primaryimage","url":"https:\/\/folhapopular.info\/wp-content\/uploads\/2021\/06\/2-Profissionais-da-educacao-sao-imunizados-contra-a-Covid-19-scaled-e1622634141451.jpg","contentUrl":"https:\/\/folhapopular.info\/wp-content\/uploads\/2021\/06\/2-Profissionais-da-educacao-sao-imunizados-contra-a-Covid-19-scaled-e1622634141451.jpg","width":800,"height":533,"caption":"A vacina\u00e7\u00e3o contra a Covid-19 respeita as orienta\u00e7\u00f5es da 16\u00aa CRS. Cr\u00e9dito da foto: Assessoria de Comunica\u00e7\u00e3o (ASCOM) de Po\u00e7o das Antas\/Divulga\u00e7\u00e3o"},{"@type":"BreadcrumbList","@id":"https:\/\/folhapopular.info\/index.php\/2021\/06\/02\/profissionais-da-educacao-em-poco-das-antas-sao-imunizados-contra-a-covid-19\/#breadcrumb","itemListElement":[{"@type":"ListItem","position":1,"name":"In\u00edcio","item":"https:\/\/folhapopular.info\/"},{"@type":"ListItem","position":2,"name":"Profissionais da educa\u00e7\u00e3o em Po\u00e7o das Antas s\u00e3o imunizados contra a Covid-19"}]},{"@type":"WebSite","@id":"https:\/\/folhapopular.info\/#website","url":"https:\/\/folhapopular.info\/","name":"Folha Popular","description":"Onde voc\u00ea tem vez e voz","potentialAction":[{"@type":"SearchAction","target":{"@type":"EntryPoint","urlTemplate":"https:\/\/folhapopular.info\/?s={search_term_string}"},"query-input":{"@type":"PropertyValueSpecification","valueRequired":true,"valueName":"search_term_string"}}],"inLanguage":"pt-BR"},{"@type":"Person","@id":"https:\/\/folhapopular.info\/#\/schema\/person\/2814e8a0df7643585a9ca38bc6eb9d4b","name":"Reda\u00e7\u00e3o Folha Popular","image":{"@type":"ImageObject","inLanguage":"pt-BR","@id":"https:\/\/folhapopular.info\/wp-content\/uploads\/2026\/04\/Folha-1.webp","url":"https:\/\/folhapopular.info\/wp-content\/uploads\/2026\/04\/Folha-1.webp","contentUrl":"https:\/\/folhapopular.info\/wp-content\/uploads\/2026\/04\/Folha-1.webp","caption":"Reda\u00e7\u00e3o Folha Popular"},"url":"https:\/\/folhapopular.info\/index.php\/author\/redacao\/"}]}},"jetpack_featured_media_url":"https:\/\/folhapopular.info\/wp-content\/uploads\/2021\/06\/2-Profissionais-da-educacao-sao-imunizados-contra-a-Covid-19-scaled-e1622634141451.jpg","jetpack_sharing_enabled":true,"amp_enabled":true,"_links":{"self":[{"href":"https:\/\/folhapopular.info\/index.php\/wp-json\/wp\/v2\/posts\/84643","targetHints":{"allow":["GET"]}}],"collection":[{"href":"https:\/\/folhapopular.info\/index.php\/wp-json\/wp\/v2\/posts"}],"about":[{"href":"https:\/\/folhapopular.info\/index.php\/wp-json\/wp\/v2\/types\/post"}],"author":[{"embeddable":true,"href":"https:\/\/folhapopular.info\/index.php\/wp-json\/wp\/v2\/users\/8"}],"replies":[{"embeddable":true,"href":"https:\/\/folhapopular.info\/index.php\/wp-json\/wp\/v2\/comments?post=84643"}],"version-history":[{"count":0,"href":"https:\/\/folhapopular.info\/index.php\/wp-json\/wp\/v2\/posts\/84643\/revisions"}],"wp:featuredmedia":[{"embeddable":true,"href":"https:\/\/folhapopular.info\/index.php\/wp-json\/wp\/v2\/media\/84644"}],"wp:attachment":[{"href":"https:\/\/folhapopular.info\/index.php\/wp-json\/wp\/v2\/media?parent=84643"}],"wp:term":[{"taxonomy":"category","embeddable":true,"href":"https:\/\/folhapopular.info\/index.php\/wp-json\/wp\/v2\/categories?post=84643"},{"taxonomy":"post_tag","embeddable":true,"href":"https:\/\/folhapopular.info\/index.php\/wp-json\/wp\/v2\/tags?post=84643"}],"curies":[{"name":"wp","href":"https:\/\/api.w.org\/{rel}","templated":true}]}}