{"id":84913,"date":"2021-06-08T10:28:49","date_gmt":"2021-06-08T13:28:49","guid":{"rendered":"https:\/\/folhapopular.info\/?p=84913"},"modified":"2021-06-08T10:28:53","modified_gmt":"2021-06-08T13:28:53","slug":"prefeitura-de-imigrante-busca-ampliar-parcerias-e-investimentos-na-saude","status":"publish","type":"post","link":"https:\/\/folhapopular.info\/index.php\/2021\/06\/08\/prefeitura-de-imigrante-busca-ampliar-parcerias-e-investimentos-na-saude\/","title":{"rendered":"Prefeitura de Imigrante busca ampliar parcerias e investimentos na sa\u00fade"},"content":{"rendered":"\n<p><em><strong>\u00c1udio na \u00edntegra dispon\u00edvel no<a href=\"https:\/\/popular.fm.br\/index.php\/2021\/06\/08\/prefeitura-de-imigrante-busca-ampliar-parcerias-e-investimentos-na-saude\/\"> site da R\u00e1dio Popular<\/a><\/strong><\/em><\/p>\n\n\n\n<p>Prefeitura de Imigrante busca ampliar parcerias e investimentos na \u00e1rea da Sa\u00fade, e quem traz informa\u00e7\u00f5es, no Espa\u00e7o Aberto, \u00e9 o prefeito de Imigrante, Germano Stevens, na manh\u00e3 desta ter\u00e7a-feira (8\/6).<\/p>\n\n\n\n<p>O prefeito destaca que a sa\u00fade em Imigrante sempre foi muito boa, em todas as suas administra\u00e7\u00f5es, e a partir de agora ele tem o desafio de continuar melhorando este setor. A partir disto, neste primeiros meses tem se feito levantamento de todas as demandas que est\u00e3o reprimidas, em v\u00e1rias especialidades, constatando que h\u00e1 170 pessoas aguardando por cirurgias. Neste primeiro momento definiu-se come\u00e7ar atendendo as demandas de oftalmologia.<\/p>\n\n\n\n<p>Germano destaca a continuidade das parcerias com o Hospital Estrela, hospital refer\u00eancia de Imigrante, e tamb\u00e9m o conv\u00eanio com o Hospital Bruno Born. Est\u00e1 sendo constru\u00edda uma parceria com a Univates. O conv\u00eanio com a Universidade possibilitar\u00e1 que o paciente ao se consultar tenha uma sequ\u00eancia de atendimento e j\u00e1 consiga realizar seus exames, permanecendo na mesma institui\u00e7\u00e3o.<\/p>\n\n\n\n<p>Al\u00e9m da sa\u00fade, o prefeito fala sobre o setor de obras. Ele coloca que o parque de m\u00e1quinas possui muitas dificuldades, com muitas manuten\u00e7\u00f5es a fazer. Germano pontua que a equipe tem tentado atender a toda a comunidade, dentro do poss\u00edvel, fazendo um roteiro de melhorias nas estradas por todo o munic\u00edpio. Na c\u00e2mara de vereadores est\u00e1 para aprecia\u00e7\u00e3o o projeto que d\u00e1 descontos maiores nos servi\u00e7os de m\u00e1quinas que s\u00e3o prestados para a comunidade. Terraplanagens tamb\u00e9m j\u00e1 foram realizadas, o que indica novos investimentos no setor prim\u00e1rio. H\u00e1 v\u00e1rios investimentos e obras programados para os pr\u00f3ximos meses, coloca Stevens. Ao finalizar sua fala, o prefeito tamb\u00e9m comenta sobre a vacina\u00e7\u00e3o dos professores contra a Covid-19.<\/p>\n\n\n\n<p><strong>Convidado:<\/strong>\u00a0prefeito de Imigrante, Germano Stevens<br><strong>Data:\u00a0<\/strong>8\/6<br><strong>Assuntos:<\/strong><br>&#8211; Sa\u00fade em Imigrante;<br>&#8211; Demanda por cirurgias;<br>&#8211; Parceria com Centro Oftalmol\u00f3gico;<br>&#8211; Busca por conv\u00eanio com a Univates;<br>&#8211; Setor de obras;<br>&#8211; Vacina\u00e7\u00e3o dos professores contra a Covid-19.<\/p>\n\n\n\n<p><em><strong>\u00c1udio na \u00edntegra dispon\u00edvel no<a href=\"https:\/\/popular.fm.br\/index.php\/2021\/06\/08\/prefeitura-de-imigrante-busca-ampliar-parcerias-e-investimentos-na-saude\/\"> site da R\u00e1dio Popular<\/a><\/strong><\/em><\/p>\n","protected":false},"excerpt":{"rendered":"<p>\u00c1udio na \u00edntegra dispon\u00edvel no site da R\u00e1dio Popular Prefeitura de Imigrante busca ampliar parcerias e investimentos na \u00e1rea da Sa\u00fade, e quem traz informa\u00e7\u00f5es, no Espa\u00e7o Aberto, \u00e9 o prefeito de Imigrante, Germano Stevens, na manh\u00e3 desta ter\u00e7a-feira (8\/6). O prefeito destaca que a sa\u00fade em Imigrante sempre foi muito boa, em todas as [&hellip;]<\/p>\n","protected":false},"author":8,"featured_media":84914,"comment_status":"open","ping_status":"open","sticky":false,"template":"","format":"standard","meta":{"pmpro_default_level":"","_jetpack_memberships_contains_paid_content":false,"footnotes":""},"categories":[2,3],"tags":[3347,34,2362,89],"class_list":{"0":"post-84913","1":"post","2":"type-post","3":"status-publish","4":"format-standard","5":"has-post-thumbnail","7":"category-featured","8":"category-geral","9":"tag-ampliacao","10":"tag-imigrante","11":"tag-parcerias","12":"tag-saude","13":"pmpro-has-access"},"yoast_head":"<!-- This site is optimized with the Yoast SEO plugin v27.5 - https:\/\/yoast.com\/product\/yoast-seo-wordpress\/ -->\n<title>Prefeitura de Imigrante busca ampliar parcerias e investimentos na sa\u00fade - Folha Popular<\/title>\n<meta name=\"robots\" content=\"index, follow, max-snippet:-1, max-image-preview:large, max-video-preview:-1\" \/>\n<link rel=\"canonical\" href=\"https:\/\/folhapopular.info\/index.php\/2021\/06\/08\/prefeitura-de-imigrante-busca-ampliar-parcerias-e-investimentos-na-saude\/\" \/>\n<meta property=\"og:locale\" content=\"pt_BR\" \/>\n<meta property=\"og:type\" content=\"article\" \/>\n<meta property=\"og:title\" content=\"Prefeitura de Imigrante busca ampliar parcerias e investimentos na sa\u00fade - Folha Popular\" \/>\n<meta property=\"og:description\" content=\"\u00c1udio na \u00edntegra dispon\u00edvel no site da R\u00e1dio Popular Prefeitura de Imigrante busca ampliar parcerias e investimentos na \u00e1rea da Sa\u00fade, e quem traz informa\u00e7\u00f5es, no Espa\u00e7o Aberto, \u00e9 o prefeito de Imigrante, Germano Stevens, na manh\u00e3 desta ter\u00e7a-feira (8\/6). O prefeito destaca que a sa\u00fade em Imigrante sempre foi muito boa, em todas as [&hellip;]\" \/>\n<meta property=\"og:url\" content=\"https:\/\/folhapopular.info\/index.php\/2021\/06\/08\/prefeitura-de-imigrante-busca-ampliar-parcerias-e-investimentos-na-saude\/\" \/>\n<meta property=\"og:site_name\" content=\"Folha Popular\" \/>\n<meta property=\"article:published_time\" content=\"2021-06-08T13:28:49+00:00\" \/>\n<meta property=\"article:modified_time\" content=\"2021-06-08T13:28:53+00:00\" \/>\n<meta property=\"og:image\" content=\"https:\/\/folhapopular.info\/wp-content\/uploads\/2021\/06\/WhatsApp-Image-2021-06-08-at-10.08.03-e1623158820592.jpeg\" \/>\n\t<meta property=\"og:image:width\" content=\"800\" \/>\n\t<meta property=\"og:image:height\" content=\"600\" \/>\n\t<meta property=\"og:image:type\" content=\"image\/jpeg\" \/>\n<meta name=\"author\" content=\"Reda\u00e7\u00e3o Folha Popular\" \/>\n<meta name=\"twitter:card\" content=\"summary_large_image\" \/>\n<meta name=\"twitter:label1\" content=\"Escrito por\" \/>\n\t<meta name=\"twitter:data1\" content=\"Reda\u00e7\u00e3o Folha Popular\" \/>\n\t<meta name=\"twitter:label2\" content=\"Est. tempo de leitura\" \/>\n\t<meta name=\"twitter:data2\" content=\"2 minutos\" \/>\n<script type=\"application\/ld+json\" class=\"yoast-schema-graph\">{\"@context\":\"https:\\\/\\\/schema.org\",\"@graph\":[{\"@type\":\"Article\",\"@id\":\"https:\\\/\\\/folhapopular.info\\\/index.php\\\/2021\\\/06\\\/08\\\/prefeitura-de-imigrante-busca-ampliar-parcerias-e-investimentos-na-saude\\\/#article\",\"isPartOf\":{\"@id\":\"https:\\\/\\\/folhapopular.info\\\/index.php\\\/2021\\\/06\\\/08\\\/prefeitura-de-imigrante-busca-ampliar-parcerias-e-investimentos-na-saude\\\/\"},\"author\":{\"name\":\"Reda\u00e7\u00e3o Folha Popular\",\"@id\":\"https:\\\/\\\/folhapopular.info\\\/#\\\/schema\\\/person\\\/2814e8a0df7643585a9ca38bc6eb9d4b\"},\"headline\":\"Prefeitura de Imigrante busca ampliar parcerias e investimentos na sa\u00fade\",\"datePublished\":\"2021-06-08T13:28:49+00:00\",\"dateModified\":\"2021-06-08T13:28:53+00:00\",\"mainEntityOfPage\":{\"@id\":\"https:\\\/\\\/folhapopular.info\\\/index.php\\\/2021\\\/06\\\/08\\\/prefeitura-de-imigrante-busca-ampliar-parcerias-e-investimentos-na-saude\\\/\"},\"wordCount\":380,\"commentCount\":0,\"image\":{\"@id\":\"https:\\\/\\\/folhapopular.info\\\/index.php\\\/2021\\\/06\\\/08\\\/prefeitura-de-imigrante-busca-ampliar-parcerias-e-investimentos-na-saude\\\/#primaryimage\"},\"thumbnailUrl\":\"https:\\\/\\\/folhapopular.info\\\/wp-content\\\/uploads\\\/2021\\\/06\\\/WhatsApp-Image-2021-06-08-at-10.08.03-e1623158820592.jpeg\",\"keywords\":[\"Amplia\u00e7\u00e3o\",\"Imigrante\",\"Parcerias\",\"Sa\u00fade\"],\"articleSection\":[\"Destaques\",\"Geral\"],\"inLanguage\":\"pt-BR\",\"potentialAction\":[{\"@type\":\"CommentAction\",\"name\":\"Comment\",\"target\":[\"https:\\\/\\\/folhapopular.info\\\/index.php\\\/2021\\\/06\\\/08\\\/prefeitura-de-imigrante-busca-ampliar-parcerias-e-investimentos-na-saude\\\/#respond\"]}]},{\"@type\":\"WebPage\",\"@id\":\"https:\\\/\\\/folhapopular.info\\\/index.php\\\/2021\\\/06\\\/08\\\/prefeitura-de-imigrante-busca-ampliar-parcerias-e-investimentos-na-saude\\\/\",\"url\":\"https:\\\/\\\/folhapopular.info\\\/index.php\\\/2021\\\/06\\\/08\\\/prefeitura-de-imigrante-busca-ampliar-parcerias-e-investimentos-na-saude\\\/\",\"name\":\"Prefeitura de Imigrante busca ampliar parcerias e investimentos na sa\u00fade - Folha Popular\",\"isPartOf\":{\"@id\":\"https:\\\/\\\/folhapopular.info\\\/#website\"},\"primaryImageOfPage\":{\"@id\":\"https:\\\/\\\/folhapopular.info\\\/index.php\\\/2021\\\/06\\\/08\\\/prefeitura-de-imigrante-busca-ampliar-parcerias-e-investimentos-na-saude\\\/#primaryimage\"},\"image\":{\"@id\":\"https:\\\/\\\/folhapopular.info\\\/index.php\\\/2021\\\/06\\\/08\\\/prefeitura-de-imigrante-busca-ampliar-parcerias-e-investimentos-na-saude\\\/#primaryimage\"},\"thumbnailUrl\":\"https:\\\/\\\/folhapopular.info\\\/wp-content\\\/uploads\\\/2021\\\/06\\\/WhatsApp-Image-2021-06-08-at-10.08.03-e1623158820592.jpeg\",\"datePublished\":\"2021-06-08T13:28:49+00:00\",\"dateModified\":\"2021-06-08T13:28:53+00:00\",\"author\":{\"@id\":\"https:\\\/\\\/folhapopular.info\\\/#\\\/schema\\\/person\\\/2814e8a0df7643585a9ca38bc6eb9d4b\"},\"breadcrumb\":{\"@id\":\"https:\\\/\\\/folhapopular.info\\\/index.php\\\/2021\\\/06\\\/08\\\/prefeitura-de-imigrante-busca-ampliar-parcerias-e-investimentos-na-saude\\\/#breadcrumb\"},\"inLanguage\":\"pt-BR\",\"potentialAction\":[{\"@type\":\"ReadAction\",\"target\":[\"https:\\\/\\\/folhapopular.info\\\/index.php\\\/2021\\\/06\\\/08\\\/prefeitura-de-imigrante-busca-ampliar-parcerias-e-investimentos-na-saude\\\/\"]}]},{\"@type\":\"ImageObject\",\"inLanguage\":\"pt-BR\",\"@id\":\"https:\\\/\\\/folhapopular.info\\\/index.php\\\/2021\\\/06\\\/08\\\/prefeitura-de-imigrante-busca-ampliar-parcerias-e-investimentos-na-saude\\\/#primaryimage\",\"url\":\"https:\\\/\\\/folhapopular.info\\\/wp-content\\\/uploads\\\/2021\\\/06\\\/WhatsApp-Image-2021-06-08-at-10.08.03-e1623158820592.jpeg\",\"contentUrl\":\"https:\\\/\\\/folhapopular.info\\\/wp-content\\\/uploads\\\/2021\\\/06\\\/WhatsApp-Image-2021-06-08-at-10.08.03-e1623158820592.jpeg\",\"width\":800,\"height\":600,\"caption\":\"Cr\u00e9dito da foto: Luciana Brune\"},{\"@type\":\"BreadcrumbList\",\"@id\":\"https:\\\/\\\/folhapopular.info\\\/index.php\\\/2021\\\/06\\\/08\\\/prefeitura-de-imigrante-busca-ampliar-parcerias-e-investimentos-na-saude\\\/#breadcrumb\",\"itemListElement\":[{\"@type\":\"ListItem\",\"position\":1,\"name\":\"In\u00edcio\",\"item\":\"https:\\\/\\\/folhapopular.info\\\/\"},{\"@type\":\"ListItem\",\"position\":2,\"name\":\"Prefeitura de Imigrante busca ampliar parcerias e investimentos na sa\u00fade\"}]},{\"@type\":\"WebSite\",\"@id\":\"https:\\\/\\\/folhapopular.info\\\/#website\",\"url\":\"https:\\\/\\\/folhapopular.info\\\/\",\"name\":\"Folha Popular\",\"description\":\"Onde voc\u00ea tem vez e voz\",\"potentialAction\":[{\"@type\":\"SearchAction\",\"target\":{\"@type\":\"EntryPoint\",\"urlTemplate\":\"https:\\\/\\\/folhapopular.info\\\/?s={search_term_string}\"},\"query-input\":{\"@type\":\"PropertyValueSpecification\",\"valueRequired\":true,\"valueName\":\"search_term_string\"}}],\"inLanguage\":\"pt-BR\"},{\"@type\":\"Person\",\"@id\":\"https:\\\/\\\/folhapopular.info\\\/#\\\/schema\\\/person\\\/2814e8a0df7643585a9ca38bc6eb9d4b\",\"name\":\"Reda\u00e7\u00e3o Folha Popular\",\"image\":{\"@type\":\"ImageObject\",\"inLanguage\":\"pt-BR\",\"@id\":\"https:\\\/\\\/folhapopular.info\\\/wp-content\\\/uploads\\\/2026\\\/04\\\/Folha-1.webp\",\"url\":\"https:\\\/\\\/folhapopular.info\\\/wp-content\\\/uploads\\\/2026\\\/04\\\/Folha-1.webp\",\"contentUrl\":\"https:\\\/\\\/folhapopular.info\\\/wp-content\\\/uploads\\\/2026\\\/04\\\/Folha-1.webp\",\"caption\":\"Reda\u00e7\u00e3o Folha Popular\"},\"url\":\"https:\\\/\\\/folhapopular.info\\\/index.php\\\/author\\\/redacao\\\/\"}]}<\/script>\n<!-- \/ Yoast SEO plugin. -->","yoast_head_json":{"title":"Prefeitura de Imigrante busca ampliar parcerias e investimentos na sa\u00fade - Folha Popular","robots":{"index":"index","follow":"follow","max-snippet":"max-snippet:-1","max-image-preview":"max-image-preview:large","max-video-preview":"max-video-preview:-1"},"canonical":"https:\/\/folhapopular.info\/index.php\/2021\/06\/08\/prefeitura-de-imigrante-busca-ampliar-parcerias-e-investimentos-na-saude\/","og_locale":"pt_BR","og_type":"article","og_title":"Prefeitura de Imigrante busca ampliar parcerias e investimentos na sa\u00fade - Folha Popular","og_description":"\u00c1udio na \u00edntegra dispon\u00edvel no site da R\u00e1dio Popular Prefeitura de Imigrante busca ampliar parcerias e investimentos na \u00e1rea da Sa\u00fade, e quem traz informa\u00e7\u00f5es, no Espa\u00e7o Aberto, \u00e9 o prefeito de Imigrante, Germano Stevens, na manh\u00e3 desta ter\u00e7a-feira (8\/6). O prefeito destaca que a sa\u00fade em Imigrante sempre foi muito boa, em todas as [&hellip;]","og_url":"https:\/\/folhapopular.info\/index.php\/2021\/06\/08\/prefeitura-de-imigrante-busca-ampliar-parcerias-e-investimentos-na-saude\/","og_site_name":"Folha Popular","article_published_time":"2021-06-08T13:28:49+00:00","article_modified_time":"2021-06-08T13:28:53+00:00","og_image":[{"width":800,"height":600,"url":"https:\/\/folhapopular.info\/wp-content\/uploads\/2021\/06\/WhatsApp-Image-2021-06-08-at-10.08.03-e1623158820592.jpeg","type":"image\/jpeg"}],"author":"Reda\u00e7\u00e3o Folha Popular","twitter_card":"summary_large_image","twitter_misc":{"Escrito por":"Reda\u00e7\u00e3o Folha Popular","Est. tempo de leitura":"2 minutos"},"schema":{"@context":"https:\/\/schema.org","@graph":[{"@type":"Article","@id":"https:\/\/folhapopular.info\/index.php\/2021\/06\/08\/prefeitura-de-imigrante-busca-ampliar-parcerias-e-investimentos-na-saude\/#article","isPartOf":{"@id":"https:\/\/folhapopular.info\/index.php\/2021\/06\/08\/prefeitura-de-imigrante-busca-ampliar-parcerias-e-investimentos-na-saude\/"},"author":{"name":"Reda\u00e7\u00e3o Folha Popular","@id":"https:\/\/folhapopular.info\/#\/schema\/person\/2814e8a0df7643585a9ca38bc6eb9d4b"},"headline":"Prefeitura de Imigrante busca ampliar parcerias e investimentos na sa\u00fade","datePublished":"2021-06-08T13:28:49+00:00","dateModified":"2021-06-08T13:28:53+00:00","mainEntityOfPage":{"@id":"https:\/\/folhapopular.info\/index.php\/2021\/06\/08\/prefeitura-de-imigrante-busca-ampliar-parcerias-e-investimentos-na-saude\/"},"wordCount":380,"commentCount":0,"image":{"@id":"https:\/\/folhapopular.info\/index.php\/2021\/06\/08\/prefeitura-de-imigrante-busca-ampliar-parcerias-e-investimentos-na-saude\/#primaryimage"},"thumbnailUrl":"https:\/\/folhapopular.info\/wp-content\/uploads\/2021\/06\/WhatsApp-Image-2021-06-08-at-10.08.03-e1623158820592.jpeg","keywords":["Amplia\u00e7\u00e3o","Imigrante","Parcerias","Sa\u00fade"],"articleSection":["Destaques","Geral"],"inLanguage":"pt-BR","potentialAction":[{"@type":"CommentAction","name":"Comment","target":["https:\/\/folhapopular.info\/index.php\/2021\/06\/08\/prefeitura-de-imigrante-busca-ampliar-parcerias-e-investimentos-na-saude\/#respond"]}]},{"@type":"WebPage","@id":"https:\/\/folhapopular.info\/index.php\/2021\/06\/08\/prefeitura-de-imigrante-busca-ampliar-parcerias-e-investimentos-na-saude\/","url":"https:\/\/folhapopular.info\/index.php\/2021\/06\/08\/prefeitura-de-imigrante-busca-ampliar-parcerias-e-investimentos-na-saude\/","name":"Prefeitura de Imigrante busca ampliar parcerias e investimentos na sa\u00fade - Folha Popular","isPartOf":{"@id":"https:\/\/folhapopular.info\/#website"},"primaryImageOfPage":{"@id":"https:\/\/folhapopular.info\/index.php\/2021\/06\/08\/prefeitura-de-imigrante-busca-ampliar-parcerias-e-investimentos-na-saude\/#primaryimage"},"image":{"@id":"https:\/\/folhapopular.info\/index.php\/2021\/06\/08\/prefeitura-de-imigrante-busca-ampliar-parcerias-e-investimentos-na-saude\/#primaryimage"},"thumbnailUrl":"https:\/\/folhapopular.info\/wp-content\/uploads\/2021\/06\/WhatsApp-Image-2021-06-08-at-10.08.03-e1623158820592.jpeg","datePublished":"2021-06-08T13:28:49+00:00","dateModified":"2021-06-08T13:28:53+00:00","author":{"@id":"https:\/\/folhapopular.info\/#\/schema\/person\/2814e8a0df7643585a9ca38bc6eb9d4b"},"breadcrumb":{"@id":"https:\/\/folhapopular.info\/index.php\/2021\/06\/08\/prefeitura-de-imigrante-busca-ampliar-parcerias-e-investimentos-na-saude\/#breadcrumb"},"inLanguage":"pt-BR","potentialAction":[{"@type":"ReadAction","target":["https:\/\/folhapopular.info\/index.php\/2021\/06\/08\/prefeitura-de-imigrante-busca-ampliar-parcerias-e-investimentos-na-saude\/"]}]},{"@type":"ImageObject","inLanguage":"pt-BR","@id":"https:\/\/folhapopular.info\/index.php\/2021\/06\/08\/prefeitura-de-imigrante-busca-ampliar-parcerias-e-investimentos-na-saude\/#primaryimage","url":"https:\/\/folhapopular.info\/wp-content\/uploads\/2021\/06\/WhatsApp-Image-2021-06-08-at-10.08.03-e1623158820592.jpeg","contentUrl":"https:\/\/folhapopular.info\/wp-content\/uploads\/2021\/06\/WhatsApp-Image-2021-06-08-at-10.08.03-e1623158820592.jpeg","width":800,"height":600,"caption":"Cr\u00e9dito da foto: Luciana Brune"},{"@type":"BreadcrumbList","@id":"https:\/\/folhapopular.info\/index.php\/2021\/06\/08\/prefeitura-de-imigrante-busca-ampliar-parcerias-e-investimentos-na-saude\/#breadcrumb","itemListElement":[{"@type":"ListItem","position":1,"name":"In\u00edcio","item":"https:\/\/folhapopular.info\/"},{"@type":"ListItem","position":2,"name":"Prefeitura de Imigrante busca ampliar parcerias e investimentos na sa\u00fade"}]},{"@type":"WebSite","@id":"https:\/\/folhapopular.info\/#website","url":"https:\/\/folhapopular.info\/","name":"Folha Popular","description":"Onde voc\u00ea tem vez e voz","potentialAction":[{"@type":"SearchAction","target":{"@type":"EntryPoint","urlTemplate":"https:\/\/folhapopular.info\/?s={search_term_string}"},"query-input":{"@type":"PropertyValueSpecification","valueRequired":true,"valueName":"search_term_string"}}],"inLanguage":"pt-BR"},{"@type":"Person","@id":"https:\/\/folhapopular.info\/#\/schema\/person\/2814e8a0df7643585a9ca38bc6eb9d4b","name":"Reda\u00e7\u00e3o Folha Popular","image":{"@type":"ImageObject","inLanguage":"pt-BR","@id":"https:\/\/folhapopular.info\/wp-content\/uploads\/2026\/04\/Folha-1.webp","url":"https:\/\/folhapopular.info\/wp-content\/uploads\/2026\/04\/Folha-1.webp","contentUrl":"https:\/\/folhapopular.info\/wp-content\/uploads\/2026\/04\/Folha-1.webp","caption":"Reda\u00e7\u00e3o Folha Popular"},"url":"https:\/\/folhapopular.info\/index.php\/author\/redacao\/"}]}},"jetpack_featured_media_url":"https:\/\/folhapopular.info\/wp-content\/uploads\/2021\/06\/WhatsApp-Image-2021-06-08-at-10.08.03-e1623158820592.jpeg","jetpack_sharing_enabled":true,"amp_enabled":true,"_links":{"self":[{"href":"https:\/\/folhapopular.info\/index.php\/wp-json\/wp\/v2\/posts\/84913","targetHints":{"allow":["GET"]}}],"collection":[{"href":"https:\/\/folhapopular.info\/index.php\/wp-json\/wp\/v2\/posts"}],"about":[{"href":"https:\/\/folhapopular.info\/index.php\/wp-json\/wp\/v2\/types\/post"}],"author":[{"embeddable":true,"href":"https:\/\/folhapopular.info\/index.php\/wp-json\/wp\/v2\/users\/8"}],"replies":[{"embeddable":true,"href":"https:\/\/folhapopular.info\/index.php\/wp-json\/wp\/v2\/comments?post=84913"}],"version-history":[{"count":0,"href":"https:\/\/folhapopular.info\/index.php\/wp-json\/wp\/v2\/posts\/84913\/revisions"}],"wp:featuredmedia":[{"embeddable":true,"href":"https:\/\/folhapopular.info\/index.php\/wp-json\/wp\/v2\/media\/84914"}],"wp:attachment":[{"href":"https:\/\/folhapopular.info\/index.php\/wp-json\/wp\/v2\/media?parent=84913"}],"wp:term":[{"taxonomy":"category","embeddable":true,"href":"https:\/\/folhapopular.info\/index.php\/wp-json\/wp\/v2\/categories?post=84913"},{"taxonomy":"post_tag","embeddable":true,"href":"https:\/\/folhapopular.info\/index.php\/wp-json\/wp\/v2\/tags?post=84913"}],"curies":[{"name":"wp","href":"https:\/\/api.w.org\/{rel}","templated":true}]}}