{"id":84920,"date":"2021-06-08T17:05:58","date_gmt":"2021-06-08T20:05:58","guid":{"rendered":"https:\/\/folhapopular.info\/?p=84920"},"modified":"2021-06-08T17:06:02","modified_gmt":"2021-06-08T20:06:02","slug":"chegou-mais-vacina-ao-estado-e-ha-novas-doses-previstas","status":"publish","type":"post","link":"https:\/\/folhapopular.info\/index.php\/2021\/06\/08\/chegou-mais-vacina-ao-estado-e-ha-novas-doses-previstas\/","title":{"rendered":"Chegou mais vacina ao Estado e h\u00e1 novas doses previstas"},"content":{"rendered":"\n<p>O Rio Grande do Sul recebeu, nesta ter\u00e7a-feira (8\/6), 146.250 novas doses da vacina do laborat\u00f3rio Pfizer para dar continuidade \u00e0 campanha de vacina\u00e7\u00e3o contra a Covid-19. O lote foi anunciado no fim de semana e o voo trazendo a remessa pousou em Porto Alegre \u00e0s 14h48.<\/p>\n\n\n\n<p>As doses ser\u00e3o distribu\u00eddas \u00e0s 18 Coordenadorias Regionais de Sa\u00fade nos pr\u00f3ximos dias. Servir\u00e3o para a primeira dose, seguindo o cronograma anunciado pelo Governo do Estado na sexta-feira (4\/6), que define datas para vacinar toda a popula\u00e7\u00e3o acima de 18 anos no Rio Grande do Sul.<\/p>\n\n\n\n<p>Na manh\u00e3 de hoje (8\/6), o Minist\u00e9rio da Sa\u00fade anunciou o envio de mais um lote de vacinas contra a Covid-19 para o Rio Grande do Sul. Ser\u00e3o 219.500 doses da Oxford \/ AstraZeneca. Para essas n\u00e3o h\u00e1 previs\u00e3o de data de chegada.<\/p>\n\n\n\n<figure class=\"wp-block-image size-large\"><img loading=\"lazy\" decoding=\"async\" width=\"1024\" height=\"575\" src=\"https:\/\/folhapopular.info\/wp-content\/uploads\/2021\/06\/WhatsApp-Image-2021-06-08-at-17.00.28-1024x575.jpeg\" alt=\"\" class=\"wp-image-84921\"\/><figcaption>Vacinas chegaram \u00e0s 14h48 desta ter\u00e7a-feira (8\/6), no Aeroporto Salgado Filho \/\/ Cr\u00e9dito: Maicon Hinrichsen \/ Pal\u00e1cio Piratini<\/figcaption><\/figure>\n","protected":false},"excerpt":{"rendered":"<p>O Rio Grande do Sul recebeu, nesta ter\u00e7a-feira (8\/6), 146.250 novas doses da vacina do laborat\u00f3rio Pfizer para dar continuidade \u00e0 campanha de vacina\u00e7\u00e3o contra a Covid-19. O lote foi anunciado no fim de semana e o voo trazendo a remessa pousou em Porto Alegre \u00e0s 14h48. As doses ser\u00e3o distribu\u00eddas \u00e0s 18 Coordenadorias Regionais [&hellip;]<\/p>\n","protected":false},"author":8,"featured_media":84922,"comment_status":"open","ping_status":"open","sticky":false,"template":"","format":"standard","meta":{"pmpro_default_level":"","_jetpack_memberships_contains_paid_content":false,"footnotes":""},"categories":[5756,2,3],"tags":[5707,1794,854],"class_list":{"0":"post-84920","1":"post","2":"type-post","3":"status-publish","4":"format-standard","5":"has-post-thumbnail","7":"category-coronavirus","8":"category-featured","9":"category-geral","10":"tag-covid-19","11":"tag-rio-grande-do-sul","12":"tag-vacina","13":"pmpro-has-access"},"yoast_head":"<!-- This site is optimized with the Yoast SEO plugin v27.5 - https:\/\/yoast.com\/product\/yoast-seo-wordpress\/ -->\n<title>Chegou mais vacina ao Estado e h\u00e1 novas doses previstas - Folha Popular<\/title>\n<meta name=\"robots\" content=\"index, follow, max-snippet:-1, max-image-preview:large, max-video-preview:-1\" \/>\n<link rel=\"canonical\" href=\"https:\/\/folhapopular.info\/index.php\/2021\/06\/08\/chegou-mais-vacina-ao-estado-e-ha-novas-doses-previstas\/\" \/>\n<meta property=\"og:locale\" content=\"pt_BR\" \/>\n<meta property=\"og:type\" content=\"article\" \/>\n<meta property=\"og:title\" content=\"Chegou mais vacina ao Estado e h\u00e1 novas doses previstas - Folha Popular\" \/>\n<meta property=\"og:description\" content=\"O Rio Grande do Sul recebeu, nesta ter\u00e7a-feira (8\/6), 146.250 novas doses da vacina do laborat\u00f3rio Pfizer para dar continuidade \u00e0 campanha de vacina\u00e7\u00e3o contra a Covid-19. O lote foi anunciado no fim de semana e o voo trazendo a remessa pousou em Porto Alegre \u00e0s 14h48. As doses ser\u00e3o distribu\u00eddas \u00e0s 18 Coordenadorias Regionais [&hellip;]\" \/>\n<meta property=\"og:url\" content=\"https:\/\/folhapopular.info\/index.php\/2021\/06\/08\/chegou-mais-vacina-ao-estado-e-ha-novas-doses-previstas\/\" \/>\n<meta property=\"og:site_name\" content=\"Folha Popular\" \/>\n<meta property=\"article:published_time\" content=\"2021-06-08T20:05:58+00:00\" \/>\n<meta property=\"article:modified_time\" content=\"2021-06-08T20:06:02+00:00\" \/>\n<meta property=\"og:image\" content=\"https:\/\/folhapopular.info\/wp-content\/uploads\/2021\/06\/WhatsApp-Image-2021-06-08-at-17.01.30.jpeg\" \/>\n\t<meta property=\"og:image:width\" content=\"1280\" \/>\n\t<meta property=\"og:image:height\" content=\"719\" \/>\n\t<meta property=\"og:image:type\" content=\"image\/jpeg\" \/>\n<meta name=\"author\" content=\"Reda\u00e7\u00e3o Folha Popular\" \/>\n<meta name=\"twitter:card\" content=\"summary_large_image\" \/>\n<meta name=\"twitter:label1\" content=\"Escrito por\" \/>\n\t<meta name=\"twitter:data1\" content=\"Reda\u00e7\u00e3o Folha Popular\" \/>\n\t<meta name=\"twitter:label2\" content=\"Est. tempo de leitura\" \/>\n\t<meta name=\"twitter:data2\" content=\"1 minuto\" \/>\n<script type=\"application\/ld+json\" class=\"yoast-schema-graph\">{\"@context\":\"https:\\\/\\\/schema.org\",\"@graph\":[{\"@type\":\"Article\",\"@id\":\"https:\\\/\\\/folhapopular.info\\\/index.php\\\/2021\\\/06\\\/08\\\/chegou-mais-vacina-ao-estado-e-ha-novas-doses-previstas\\\/#article\",\"isPartOf\":{\"@id\":\"https:\\\/\\\/folhapopular.info\\\/index.php\\\/2021\\\/06\\\/08\\\/chegou-mais-vacina-ao-estado-e-ha-novas-doses-previstas\\\/\"},\"author\":{\"name\":\"Reda\u00e7\u00e3o Folha Popular\",\"@id\":\"https:\\\/\\\/folhapopular.info\\\/#\\\/schema\\\/person\\\/2814e8a0df7643585a9ca38bc6eb9d4b\"},\"headline\":\"Chegou mais vacina ao Estado e h\u00e1 novas doses previstas\",\"datePublished\":\"2021-06-08T20:05:58+00:00\",\"dateModified\":\"2021-06-08T20:06:02+00:00\",\"mainEntityOfPage\":{\"@id\":\"https:\\\/\\\/folhapopular.info\\\/index.php\\\/2021\\\/06\\\/08\\\/chegou-mais-vacina-ao-estado-e-ha-novas-doses-previstas\\\/\"},\"wordCount\":169,\"commentCount\":0,\"image\":{\"@id\":\"https:\\\/\\\/folhapopular.info\\\/index.php\\\/2021\\\/06\\\/08\\\/chegou-mais-vacina-ao-estado-e-ha-novas-doses-previstas\\\/#primaryimage\"},\"thumbnailUrl\":\"https:\\\/\\\/folhapopular.info\\\/wp-content\\\/uploads\\\/2021\\\/06\\\/WhatsApp-Image-2021-06-08-at-17.01.30.jpeg\",\"keywords\":[\"Covid-19\",\"Rio Grande do Sul\",\"Vacina\"],\"articleSection\":[\"Coronav\u00edrus\",\"Destaques\",\"Geral\"],\"inLanguage\":\"pt-BR\",\"potentialAction\":[{\"@type\":\"CommentAction\",\"name\":\"Comment\",\"target\":[\"https:\\\/\\\/folhapopular.info\\\/index.php\\\/2021\\\/06\\\/08\\\/chegou-mais-vacina-ao-estado-e-ha-novas-doses-previstas\\\/#respond\"]}]},{\"@type\":\"WebPage\",\"@id\":\"https:\\\/\\\/folhapopular.info\\\/index.php\\\/2021\\\/06\\\/08\\\/chegou-mais-vacina-ao-estado-e-ha-novas-doses-previstas\\\/\",\"url\":\"https:\\\/\\\/folhapopular.info\\\/index.php\\\/2021\\\/06\\\/08\\\/chegou-mais-vacina-ao-estado-e-ha-novas-doses-previstas\\\/\",\"name\":\"Chegou mais vacina ao Estado e h\u00e1 novas doses previstas - Folha Popular\",\"isPartOf\":{\"@id\":\"https:\\\/\\\/folhapopular.info\\\/#website\"},\"primaryImageOfPage\":{\"@id\":\"https:\\\/\\\/folhapopular.info\\\/index.php\\\/2021\\\/06\\\/08\\\/chegou-mais-vacina-ao-estado-e-ha-novas-doses-previstas\\\/#primaryimage\"},\"image\":{\"@id\":\"https:\\\/\\\/folhapopular.info\\\/index.php\\\/2021\\\/06\\\/08\\\/chegou-mais-vacina-ao-estado-e-ha-novas-doses-previstas\\\/#primaryimage\"},\"thumbnailUrl\":\"https:\\\/\\\/folhapopular.info\\\/wp-content\\\/uploads\\\/2021\\\/06\\\/WhatsApp-Image-2021-06-08-at-17.01.30.jpeg\",\"datePublished\":\"2021-06-08T20:05:58+00:00\",\"dateModified\":\"2021-06-08T20:06:02+00:00\",\"author\":{\"@id\":\"https:\\\/\\\/folhapopular.info\\\/#\\\/schema\\\/person\\\/2814e8a0df7643585a9ca38bc6eb9d4b\"},\"breadcrumb\":{\"@id\":\"https:\\\/\\\/folhapopular.info\\\/index.php\\\/2021\\\/06\\\/08\\\/chegou-mais-vacina-ao-estado-e-ha-novas-doses-previstas\\\/#breadcrumb\"},\"inLanguage\":\"pt-BR\",\"potentialAction\":[{\"@type\":\"ReadAction\",\"target\":[\"https:\\\/\\\/folhapopular.info\\\/index.php\\\/2021\\\/06\\\/08\\\/chegou-mais-vacina-ao-estado-e-ha-novas-doses-previstas\\\/\"]}]},{\"@type\":\"ImageObject\",\"inLanguage\":\"pt-BR\",\"@id\":\"https:\\\/\\\/folhapopular.info\\\/index.php\\\/2021\\\/06\\\/08\\\/chegou-mais-vacina-ao-estado-e-ha-novas-doses-previstas\\\/#primaryimage\",\"url\":\"https:\\\/\\\/folhapopular.info\\\/wp-content\\\/uploads\\\/2021\\\/06\\\/WhatsApp-Image-2021-06-08-at-17.01.30.jpeg\",\"contentUrl\":\"https:\\\/\\\/folhapopular.info\\\/wp-content\\\/uploads\\\/2021\\\/06\\\/WhatsApp-Image-2021-06-08-at-17.01.30.jpeg\",\"width\":1280,\"height\":719,\"caption\":\"Cr\u00e9dito: Maicon Hinrichsen \\\/ Pal\u00e1cio Piratini\"},{\"@type\":\"BreadcrumbList\",\"@id\":\"https:\\\/\\\/folhapopular.info\\\/index.php\\\/2021\\\/06\\\/08\\\/chegou-mais-vacina-ao-estado-e-ha-novas-doses-previstas\\\/#breadcrumb\",\"itemListElement\":[{\"@type\":\"ListItem\",\"position\":1,\"name\":\"In\u00edcio\",\"item\":\"https:\\\/\\\/folhapopular.info\\\/\"},{\"@type\":\"ListItem\",\"position\":2,\"name\":\"Chegou mais vacina ao Estado e h\u00e1 novas doses previstas\"}]},{\"@type\":\"WebSite\",\"@id\":\"https:\\\/\\\/folhapopular.info\\\/#website\",\"url\":\"https:\\\/\\\/folhapopular.info\\\/\",\"name\":\"Folha Popular\",\"description\":\"Onde voc\u00ea tem vez e voz\",\"potentialAction\":[{\"@type\":\"SearchAction\",\"target\":{\"@type\":\"EntryPoint\",\"urlTemplate\":\"https:\\\/\\\/folhapopular.info\\\/?s={search_term_string}\"},\"query-input\":{\"@type\":\"PropertyValueSpecification\",\"valueRequired\":true,\"valueName\":\"search_term_string\"}}],\"inLanguage\":\"pt-BR\"},{\"@type\":\"Person\",\"@id\":\"https:\\\/\\\/folhapopular.info\\\/#\\\/schema\\\/person\\\/2814e8a0df7643585a9ca38bc6eb9d4b\",\"name\":\"Reda\u00e7\u00e3o Folha Popular\",\"image\":{\"@type\":\"ImageObject\",\"inLanguage\":\"pt-BR\",\"@id\":\"https:\\\/\\\/folhapopular.info\\\/wp-content\\\/uploads\\\/2026\\\/04\\\/Folha-1.webp\",\"url\":\"https:\\\/\\\/folhapopular.info\\\/wp-content\\\/uploads\\\/2026\\\/04\\\/Folha-1.webp\",\"contentUrl\":\"https:\\\/\\\/folhapopular.info\\\/wp-content\\\/uploads\\\/2026\\\/04\\\/Folha-1.webp\",\"caption\":\"Reda\u00e7\u00e3o Folha Popular\"},\"url\":\"https:\\\/\\\/folhapopular.info\\\/index.php\\\/author\\\/redacao\\\/\"}]}<\/script>\n<!-- \/ Yoast SEO plugin. -->","yoast_head_json":{"title":"Chegou mais vacina ao Estado e h\u00e1 novas doses previstas - Folha Popular","robots":{"index":"index","follow":"follow","max-snippet":"max-snippet:-1","max-image-preview":"max-image-preview:large","max-video-preview":"max-video-preview:-1"},"canonical":"https:\/\/folhapopular.info\/index.php\/2021\/06\/08\/chegou-mais-vacina-ao-estado-e-ha-novas-doses-previstas\/","og_locale":"pt_BR","og_type":"article","og_title":"Chegou mais vacina ao Estado e h\u00e1 novas doses previstas - Folha Popular","og_description":"O Rio Grande do Sul recebeu, nesta ter\u00e7a-feira (8\/6), 146.250 novas doses da vacina do laborat\u00f3rio Pfizer para dar continuidade \u00e0 campanha de vacina\u00e7\u00e3o contra a Covid-19. O lote foi anunciado no fim de semana e o voo trazendo a remessa pousou em Porto Alegre \u00e0s 14h48. As doses ser\u00e3o distribu\u00eddas \u00e0s 18 Coordenadorias Regionais [&hellip;]","og_url":"https:\/\/folhapopular.info\/index.php\/2021\/06\/08\/chegou-mais-vacina-ao-estado-e-ha-novas-doses-previstas\/","og_site_name":"Folha Popular","article_published_time":"2021-06-08T20:05:58+00:00","article_modified_time":"2021-06-08T20:06:02+00:00","og_image":[{"width":1280,"height":719,"url":"https:\/\/folhapopular.info\/wp-content\/uploads\/2021\/06\/WhatsApp-Image-2021-06-08-at-17.01.30.jpeg","type":"image\/jpeg"}],"author":"Reda\u00e7\u00e3o Folha Popular","twitter_card":"summary_large_image","twitter_misc":{"Escrito por":"Reda\u00e7\u00e3o Folha Popular","Est. tempo de leitura":"1 minuto"},"schema":{"@context":"https:\/\/schema.org","@graph":[{"@type":"Article","@id":"https:\/\/folhapopular.info\/index.php\/2021\/06\/08\/chegou-mais-vacina-ao-estado-e-ha-novas-doses-previstas\/#article","isPartOf":{"@id":"https:\/\/folhapopular.info\/index.php\/2021\/06\/08\/chegou-mais-vacina-ao-estado-e-ha-novas-doses-previstas\/"},"author":{"name":"Reda\u00e7\u00e3o Folha Popular","@id":"https:\/\/folhapopular.info\/#\/schema\/person\/2814e8a0df7643585a9ca38bc6eb9d4b"},"headline":"Chegou mais vacina ao Estado e h\u00e1 novas doses previstas","datePublished":"2021-06-08T20:05:58+00:00","dateModified":"2021-06-08T20:06:02+00:00","mainEntityOfPage":{"@id":"https:\/\/folhapopular.info\/index.php\/2021\/06\/08\/chegou-mais-vacina-ao-estado-e-ha-novas-doses-previstas\/"},"wordCount":169,"commentCount":0,"image":{"@id":"https:\/\/folhapopular.info\/index.php\/2021\/06\/08\/chegou-mais-vacina-ao-estado-e-ha-novas-doses-previstas\/#primaryimage"},"thumbnailUrl":"https:\/\/folhapopular.info\/wp-content\/uploads\/2021\/06\/WhatsApp-Image-2021-06-08-at-17.01.30.jpeg","keywords":["Covid-19","Rio Grande do Sul","Vacina"],"articleSection":["Coronav\u00edrus","Destaques","Geral"],"inLanguage":"pt-BR","potentialAction":[{"@type":"CommentAction","name":"Comment","target":["https:\/\/folhapopular.info\/index.php\/2021\/06\/08\/chegou-mais-vacina-ao-estado-e-ha-novas-doses-previstas\/#respond"]}]},{"@type":"WebPage","@id":"https:\/\/folhapopular.info\/index.php\/2021\/06\/08\/chegou-mais-vacina-ao-estado-e-ha-novas-doses-previstas\/","url":"https:\/\/folhapopular.info\/index.php\/2021\/06\/08\/chegou-mais-vacina-ao-estado-e-ha-novas-doses-previstas\/","name":"Chegou mais vacina ao Estado e h\u00e1 novas doses previstas - Folha Popular","isPartOf":{"@id":"https:\/\/folhapopular.info\/#website"},"primaryImageOfPage":{"@id":"https:\/\/folhapopular.info\/index.php\/2021\/06\/08\/chegou-mais-vacina-ao-estado-e-ha-novas-doses-previstas\/#primaryimage"},"image":{"@id":"https:\/\/folhapopular.info\/index.php\/2021\/06\/08\/chegou-mais-vacina-ao-estado-e-ha-novas-doses-previstas\/#primaryimage"},"thumbnailUrl":"https:\/\/folhapopular.info\/wp-content\/uploads\/2021\/06\/WhatsApp-Image-2021-06-08-at-17.01.30.jpeg","datePublished":"2021-06-08T20:05:58+00:00","dateModified":"2021-06-08T20:06:02+00:00","author":{"@id":"https:\/\/folhapopular.info\/#\/schema\/person\/2814e8a0df7643585a9ca38bc6eb9d4b"},"breadcrumb":{"@id":"https:\/\/folhapopular.info\/index.php\/2021\/06\/08\/chegou-mais-vacina-ao-estado-e-ha-novas-doses-previstas\/#breadcrumb"},"inLanguage":"pt-BR","potentialAction":[{"@type":"ReadAction","target":["https:\/\/folhapopular.info\/index.php\/2021\/06\/08\/chegou-mais-vacina-ao-estado-e-ha-novas-doses-previstas\/"]}]},{"@type":"ImageObject","inLanguage":"pt-BR","@id":"https:\/\/folhapopular.info\/index.php\/2021\/06\/08\/chegou-mais-vacina-ao-estado-e-ha-novas-doses-previstas\/#primaryimage","url":"https:\/\/folhapopular.info\/wp-content\/uploads\/2021\/06\/WhatsApp-Image-2021-06-08-at-17.01.30.jpeg","contentUrl":"https:\/\/folhapopular.info\/wp-content\/uploads\/2021\/06\/WhatsApp-Image-2021-06-08-at-17.01.30.jpeg","width":1280,"height":719,"caption":"Cr\u00e9dito: Maicon Hinrichsen \/ Pal\u00e1cio Piratini"},{"@type":"BreadcrumbList","@id":"https:\/\/folhapopular.info\/index.php\/2021\/06\/08\/chegou-mais-vacina-ao-estado-e-ha-novas-doses-previstas\/#breadcrumb","itemListElement":[{"@type":"ListItem","position":1,"name":"In\u00edcio","item":"https:\/\/folhapopular.info\/"},{"@type":"ListItem","position":2,"name":"Chegou mais vacina ao Estado e h\u00e1 novas doses previstas"}]},{"@type":"WebSite","@id":"https:\/\/folhapopular.info\/#website","url":"https:\/\/folhapopular.info\/","name":"Folha Popular","description":"Onde voc\u00ea tem vez e voz","potentialAction":[{"@type":"SearchAction","target":{"@type":"EntryPoint","urlTemplate":"https:\/\/folhapopular.info\/?s={search_term_string}"},"query-input":{"@type":"PropertyValueSpecification","valueRequired":true,"valueName":"search_term_string"}}],"inLanguage":"pt-BR"},{"@type":"Person","@id":"https:\/\/folhapopular.info\/#\/schema\/person\/2814e8a0df7643585a9ca38bc6eb9d4b","name":"Reda\u00e7\u00e3o Folha Popular","image":{"@type":"ImageObject","inLanguage":"pt-BR","@id":"https:\/\/folhapopular.info\/wp-content\/uploads\/2026\/04\/Folha-1.webp","url":"https:\/\/folhapopular.info\/wp-content\/uploads\/2026\/04\/Folha-1.webp","contentUrl":"https:\/\/folhapopular.info\/wp-content\/uploads\/2026\/04\/Folha-1.webp","caption":"Reda\u00e7\u00e3o Folha Popular"},"url":"https:\/\/folhapopular.info\/index.php\/author\/redacao\/"}]}},"jetpack_featured_media_url":"https:\/\/folhapopular.info\/wp-content\/uploads\/2021\/06\/WhatsApp-Image-2021-06-08-at-17.01.30.jpeg","jetpack_sharing_enabled":true,"amp_enabled":true,"_links":{"self":[{"href":"https:\/\/folhapopular.info\/index.php\/wp-json\/wp\/v2\/posts\/84920","targetHints":{"allow":["GET"]}}],"collection":[{"href":"https:\/\/folhapopular.info\/index.php\/wp-json\/wp\/v2\/posts"}],"about":[{"href":"https:\/\/folhapopular.info\/index.php\/wp-json\/wp\/v2\/types\/post"}],"author":[{"embeddable":true,"href":"https:\/\/folhapopular.info\/index.php\/wp-json\/wp\/v2\/users\/8"}],"replies":[{"embeddable":true,"href":"https:\/\/folhapopular.info\/index.php\/wp-json\/wp\/v2\/comments?post=84920"}],"version-history":[{"count":0,"href":"https:\/\/folhapopular.info\/index.php\/wp-json\/wp\/v2\/posts\/84920\/revisions"}],"wp:featuredmedia":[{"embeddable":true,"href":"https:\/\/folhapopular.info\/index.php\/wp-json\/wp\/v2\/media\/84922"}],"wp:attachment":[{"href":"https:\/\/folhapopular.info\/index.php\/wp-json\/wp\/v2\/media?parent=84920"}],"wp:term":[{"taxonomy":"category","embeddable":true,"href":"https:\/\/folhapopular.info\/index.php\/wp-json\/wp\/v2\/categories?post=84920"},{"taxonomy":"post_tag","embeddable":true,"href":"https:\/\/folhapopular.info\/index.php\/wp-json\/wp\/v2\/tags?post=84920"}],"curies":[{"name":"wp","href":"https:\/\/api.w.org\/{rel}","templated":true}]}}