{"id":85230,"date":"2021-06-14T08:41:51","date_gmt":"2021-06-14T11:41:51","guid":{"rendered":"https:\/\/folhapopular.info\/?p=85230"},"modified":"2021-06-14T08:42:36","modified_gmt":"2021-06-14T11:42:36","slug":"acoes-ambientais-marcam-municipio-de-poco-das-antas","status":"publish","type":"post","link":"https:\/\/folhapopular.info\/index.php\/2021\/06\/14\/acoes-ambientais-marcam-municipio-de-poco-das-antas\/","title":{"rendered":"A\u00e7\u00f5es ambientais marcam munic\u00edpio de Po\u00e7o das Antas"},"content":{"rendered":"\n<p>A data de 5 de junho \u00e9 marcada pelo Dia Mundial do Meio Ambiente. Abrangendo essa comemora\u00e7\u00e3o especial, diversas a\u00e7\u00f5es que visam alertar para a import\u00e2ncia da preserva\u00e7\u00e3o da fauna e flora foram desenvolvidas em Po\u00e7o das Antas. O Munic\u00edpio voltou as suas a\u00e7\u00f5es para as primeiras semanas do m\u00eas de junho, realizadas atrav\u00e9s da Secretaria de Agricultura e Meio Ambiente, em parceria com outras pastas, com o objetivo de conscientizar, compartilhar conhecimento e garantir a preserva\u00e7\u00e3o dos recursos naturais.<\/p>\n\n\n\n<p><strong>Combate ao&nbsp;<\/strong><strong>Aedes aegypti<\/strong><strong><\/strong><\/p>\n\n\n\n<p>&nbsp;Na manh\u00e3 do dia 2 de junho, os alunos do 3\u00ba ano da Escola Municipal de Ensino Fundamental (EMEF) Leo Pedro Schneider realizaram uma blitz de conscientiza\u00e7\u00e3o sobre a import\u00e2ncia de combater o mosquito Aedes aegypti, principal transmissor de doen\u00e7as como dengue, zika e chikungunya. A turma do 3\u00ba ano est\u00e1 realizando estudos a respeito do combate ao mosquito em sala de aula, e nessa blitz, os alunos tiveram a oportunidade de compartilhar o seu conhecimento e tamb\u00e9m as dicas sobre como evitar \u00e1gua parada com os motoristas que trafegavam pelas ruas de Po\u00e7o das Antas, distribuindo folhetos informativos. A a\u00e7\u00e3o foi realizada em parceria com a Secretaria de Educa\u00e7\u00e3o, Cultura, Desporto e Turismo, Secretaria de Agricultura e Meio Ambiente de Po\u00e7o das Antas e tamb\u00e9m da Brigada Militar do Munic\u00edpio.<\/p>\n\n\n\n<figure class=\"wp-block-image size-large is-resized\"><img loading=\"lazy\" decoding=\"async\" src=\"https:\/\/folhapopular.info\/wp-content\/uploads\/2021\/06\/1-Acoes-ambientais-marcam-primeiras-semanas-de-junho-1024x768.jpeg\" alt=\"\" class=\"wp-image-85231\" width=\"579\" height=\"426\"\/><figcaption>Blitz conscientizou motoristas sobre o combate ao mosquito Aedes aegypti. Cr\u00e9dito da foto: Divulga\u00e7\u00e3o<\/figcaption><\/figure>\n\n\n\n<p><strong>Coleta de embalagens de agrot\u00f3xicos<\/strong><\/p>\n\n\n\n<p>A a\u00e7\u00e3o de coleta de embalagens de agrot\u00f3xicos tr\u00edplice lavadas ocorreu no&nbsp;7 de junho em Po\u00e7o das Antas. O programa \u00e9 coordenado pela Funda\u00e7\u00e3o Pr\u00f3 Rio Taquari e executado pela Cooperativa Languiru, com o apoio da Secretaria de Agricultura e Meio Ambiente do Munic\u00edpio, Emater\/RS-ASCAR e Sindicato dos Trabalhadores Rurais (STR) de Po\u00e7o das Antas. Nesse ano, foram recolhidas 585 embalagens. A coleta desses materiais garante a sua devida destina\u00e7\u00e3o e evita que eles se propaguem pelo meio ambiente.<\/p>\n\n\n\n<figure class=\"wp-block-image size-large is-resized\"><img loading=\"lazy\" decoding=\"async\" src=\"https:\/\/folhapopular.info\/wp-content\/uploads\/2021\/06\/2-Acoes-ambientais-marcam-primeiras-semanas-de-junho-1024x768.jpg\" alt=\"\" class=\"wp-image-85232\" width=\"574\" height=\"424\"\/><figcaption>Na a\u00e7\u00e3o do dia 7 de junho foram recolhidas 585 embalagens de agrot\u00f3xicos. Cr\u00e9dito da foto: Divulga\u00e7\u00e3o<\/figcaption><\/figure>\n\n\n\n<p><strong>Entrega e plantio de mudas<\/strong><\/p>\n\n\n\n<p>Tamb\u00e9m como forma de registrar a passagem da Semana do Meio Ambiente, a EMEF Leo Pedro Schneider recebeu mudas de \u00e1rvores que foram plantadas no dia 9 de junho,&nbsp;ao lado da institui\u00e7\u00e3o, em uma a\u00e7\u00e3o que reuniu alunos, professores, membros da Administra\u00e7\u00e3o Municipal e da Emater\/RS-ASCAR de Po\u00e7o das Antas.<\/p>\n\n\n\n<figure class=\"wp-block-image size-large is-resized\"><img loading=\"lazy\" decoding=\"async\" src=\"https:\/\/folhapopular.info\/wp-content\/uploads\/2021\/06\/3-Acoes-ambientais-marcam-primeiras-semanas-de-junho-e1623670540668.jpeg\" alt=\"\" class=\"wp-image-85233\" width=\"576\" height=\"426\"\/><figcaption>Plantio de mudas de \u00e1rvores nativas e frut\u00edferas representa o olhar para o futuro com a\u00e7\u00f5es sustent\u00e1veis no presente. Cr\u00e9dito da foto: Divulga\u00e7\u00e3o<\/figcaption><\/figure>\n\n\n\n<p>As mudas foram plantadas num terreno que consistir\u00e1 em um horto-florestal did\u00e1tico, com \u00e1rvores frut\u00edferas, ex\u00f3ticas e tamb\u00e9m esp\u00e9cies como o pau-brasil, \u00e1rvore s\u00edmbolo do Pa\u00eds, e a erva-mate, \u00e1rvore s\u00edmbolo do Rio Grande do Sul. As \u00e1rvores servir\u00e3o para identifica\u00e7\u00e3o dos alunos, amplia\u00e7\u00e3o do conhecimento e sombra, al\u00e9m de as frut\u00edferas complementarem e enriquecerem a alimenta\u00e7\u00e3o escolar.&nbsp;<\/p>\n\n\n\n<p>Participaram do ato alunos do 1\u00b0 ao 5\u00b0 ano do turno da tarde, bem como professores da EMEF Leo Pedro Schneider; representantes da Secretaria de Agricultura e Meio Ambiente; Secretaria de Educa\u00e7\u00e3o, Cultura, Desporto e Turismo, Emater\/RS-ASCAR de Po\u00e7o das Antas, e tamb\u00e9m a prefeita municipal, V\u00e2nia Brackmann.<\/p>\n","protected":false},"excerpt":{"rendered":"<p>A data de 5 de junho \u00e9 marcada pelo Dia Mundial do Meio Ambiente. Abrangendo essa comemora\u00e7\u00e3o especial, diversas a\u00e7\u00f5es que visam alertar para a import\u00e2ncia da preserva\u00e7\u00e3o da fauna e flora foram desenvolvidas em Po\u00e7o das Antas. O Munic\u00edpio voltou as suas a\u00e7\u00f5es para as primeiras semanas do m\u00eas de junho, realizadas atrav\u00e9s da [&hellip;]<\/p>\n","protected":false},"author":8,"featured_media":85234,"comment_status":"open","ping_status":"open","sticky":false,"template":"","format":"standard","meta":{"pmpro_default_level":"","_jetpack_memberships_contains_paid_content":false,"footnotes":""},"categories":[2,3],"tags":[6655,6635,40],"class_list":{"0":"post-85230","1":"post","2":"type-post","3":"status-publish","4":"format-standard","5":"has-post-thumbnail","7":"category-featured","8":"category-geral","9":"tag-acoes-ambientais","10":"tag-dia-do-meio-ambiente","11":"tag-poco-das-antas","12":"pmpro-has-access"},"yoast_head":"<!-- This site is optimized with the Yoast SEO plugin v27.5 - https:\/\/yoast.com\/product\/yoast-seo-wordpress\/ -->\n<title>A\u00e7\u00f5es ambientais marcam munic\u00edpio de Po\u00e7o das Antas - Folha Popular<\/title>\n<meta name=\"robots\" content=\"index, follow, max-snippet:-1, max-image-preview:large, max-video-preview:-1\" \/>\n<link rel=\"canonical\" href=\"https:\/\/folhapopular.info\/index.php\/2021\/06\/14\/acoes-ambientais-marcam-municipio-de-poco-das-antas\/\" \/>\n<meta property=\"og:locale\" content=\"pt_BR\" \/>\n<meta property=\"og:type\" content=\"article\" \/>\n<meta property=\"og:title\" content=\"A\u00e7\u00f5es ambientais marcam munic\u00edpio de Po\u00e7o das Antas - Folha Popular\" \/>\n<meta property=\"og:description\" content=\"A data de 5 de junho \u00e9 marcada pelo Dia Mundial do Meio Ambiente. Abrangendo essa comemora\u00e7\u00e3o especial, diversas a\u00e7\u00f5es que visam alertar para a import\u00e2ncia da preserva\u00e7\u00e3o da fauna e flora foram desenvolvidas em Po\u00e7o das Antas. O Munic\u00edpio voltou as suas a\u00e7\u00f5es para as primeiras semanas do m\u00eas de junho, realizadas atrav\u00e9s da [&hellip;]\" \/>\n<meta property=\"og:url\" content=\"https:\/\/folhapopular.info\/index.php\/2021\/06\/14\/acoes-ambientais-marcam-municipio-de-poco-das-antas\/\" \/>\n<meta property=\"og:site_name\" content=\"Folha Popular\" \/>\n<meta property=\"article:published_time\" content=\"2021-06-14T11:41:51+00:00\" \/>\n<meta property=\"article:modified_time\" content=\"2021-06-14T11:42:36+00:00\" \/>\n<meta property=\"og:image\" content=\"https:\/\/folhapopular.info\/wp-content\/uploads\/2021\/06\/4-Acoes-ambientais-marcam-primeiras-semanas-de-junho-e1623670636808.jpeg\" \/>\n\t<meta property=\"og:image:width\" content=\"600\" \/>\n\t<meta property=\"og:image:height\" content=\"800\" \/>\n\t<meta property=\"og:image:type\" content=\"image\/jpeg\" \/>\n<meta name=\"author\" content=\"Reda\u00e7\u00e3o Folha Popular\" \/>\n<meta name=\"twitter:card\" content=\"summary_large_image\" \/>\n<meta name=\"twitter:label1\" content=\"Escrito por\" \/>\n\t<meta name=\"twitter:data1\" content=\"Reda\u00e7\u00e3o Folha Popular\" \/>\n\t<meta name=\"twitter:label2\" content=\"Est. tempo de leitura\" \/>\n\t<meta name=\"twitter:data2\" content=\"3 minutos\" \/>\n<script type=\"application\/ld+json\" class=\"yoast-schema-graph\">{\"@context\":\"https:\\\/\\\/schema.org\",\"@graph\":[{\"@type\":\"Article\",\"@id\":\"https:\\\/\\\/folhapopular.info\\\/index.php\\\/2021\\\/06\\\/14\\\/acoes-ambientais-marcam-municipio-de-poco-das-antas\\\/#article\",\"isPartOf\":{\"@id\":\"https:\\\/\\\/folhapopular.info\\\/index.php\\\/2021\\\/06\\\/14\\\/acoes-ambientais-marcam-municipio-de-poco-das-antas\\\/\"},\"author\":{\"name\":\"Reda\u00e7\u00e3o Folha Popular\",\"@id\":\"https:\\\/\\\/folhapopular.info\\\/#\\\/schema\\\/person\\\/2814e8a0df7643585a9ca38bc6eb9d4b\"},\"headline\":\"A\u00e7\u00f5es ambientais marcam munic\u00edpio de Po\u00e7o das Antas\",\"datePublished\":\"2021-06-14T11:41:51+00:00\",\"dateModified\":\"2021-06-14T11:42:36+00:00\",\"mainEntityOfPage\":{\"@id\":\"https:\\\/\\\/folhapopular.info\\\/index.php\\\/2021\\\/06\\\/14\\\/acoes-ambientais-marcam-municipio-de-poco-das-antas\\\/\"},\"wordCount\":585,\"commentCount\":0,\"image\":{\"@id\":\"https:\\\/\\\/folhapopular.info\\\/index.php\\\/2021\\\/06\\\/14\\\/acoes-ambientais-marcam-municipio-de-poco-das-antas\\\/#primaryimage\"},\"thumbnailUrl\":\"https:\\\/\\\/folhapopular.info\\\/wp-content\\\/uploads\\\/2021\\\/06\\\/4-Acoes-ambientais-marcam-primeiras-semanas-de-junho-e1623670636808.jpeg\",\"keywords\":[\"A\u00e7\u00f5es Ambientais\",\"Dia do Meio Ambiente\",\"Po\u00e7o das Antas\"],\"articleSection\":[\"Destaques\",\"Geral\"],\"inLanguage\":\"pt-BR\",\"potentialAction\":[{\"@type\":\"CommentAction\",\"name\":\"Comment\",\"target\":[\"https:\\\/\\\/folhapopular.info\\\/index.php\\\/2021\\\/06\\\/14\\\/acoes-ambientais-marcam-municipio-de-poco-das-antas\\\/#respond\"]}]},{\"@type\":\"WebPage\",\"@id\":\"https:\\\/\\\/folhapopular.info\\\/index.php\\\/2021\\\/06\\\/14\\\/acoes-ambientais-marcam-municipio-de-poco-das-antas\\\/\",\"url\":\"https:\\\/\\\/folhapopular.info\\\/index.php\\\/2021\\\/06\\\/14\\\/acoes-ambientais-marcam-municipio-de-poco-das-antas\\\/\",\"name\":\"A\u00e7\u00f5es ambientais marcam munic\u00edpio de Po\u00e7o das Antas - Folha Popular\",\"isPartOf\":{\"@id\":\"https:\\\/\\\/folhapopular.info\\\/#website\"},\"primaryImageOfPage\":{\"@id\":\"https:\\\/\\\/folhapopular.info\\\/index.php\\\/2021\\\/06\\\/14\\\/acoes-ambientais-marcam-municipio-de-poco-das-antas\\\/#primaryimage\"},\"image\":{\"@id\":\"https:\\\/\\\/folhapopular.info\\\/index.php\\\/2021\\\/06\\\/14\\\/acoes-ambientais-marcam-municipio-de-poco-das-antas\\\/#primaryimage\"},\"thumbnailUrl\":\"https:\\\/\\\/folhapopular.info\\\/wp-content\\\/uploads\\\/2021\\\/06\\\/4-Acoes-ambientais-marcam-primeiras-semanas-de-junho-e1623670636808.jpeg\",\"datePublished\":\"2021-06-14T11:41:51+00:00\",\"dateModified\":\"2021-06-14T11:42:36+00:00\",\"author\":{\"@id\":\"https:\\\/\\\/folhapopular.info\\\/#\\\/schema\\\/person\\\/2814e8a0df7643585a9ca38bc6eb9d4b\"},\"breadcrumb\":{\"@id\":\"https:\\\/\\\/folhapopular.info\\\/index.php\\\/2021\\\/06\\\/14\\\/acoes-ambientais-marcam-municipio-de-poco-das-antas\\\/#breadcrumb\"},\"inLanguage\":\"pt-BR\",\"potentialAction\":[{\"@type\":\"ReadAction\",\"target\":[\"https:\\\/\\\/folhapopular.info\\\/index.php\\\/2021\\\/06\\\/14\\\/acoes-ambientais-marcam-municipio-de-poco-das-antas\\\/\"]}]},{\"@type\":\"ImageObject\",\"inLanguage\":\"pt-BR\",\"@id\":\"https:\\\/\\\/folhapopular.info\\\/index.php\\\/2021\\\/06\\\/14\\\/acoes-ambientais-marcam-municipio-de-poco-das-antas\\\/#primaryimage\",\"url\":\"https:\\\/\\\/folhapopular.info\\\/wp-content\\\/uploads\\\/2021\\\/06\\\/4-Acoes-ambientais-marcam-primeiras-semanas-de-junho-e1623670636808.jpeg\",\"contentUrl\":\"https:\\\/\\\/folhapopular.info\\\/wp-content\\\/uploads\\\/2021\\\/06\\\/4-Acoes-ambientais-marcam-primeiras-semanas-de-junho-e1623670636808.jpeg\",\"width\":600,\"height\":800,\"caption\":\"Terreno localizado ao lado da institui\u00e7\u00e3o consistir\u00e1 em um horto-florestal. Cr\u00e9dito da foto: Divulga\u00e7\u00e3o\"},{\"@type\":\"BreadcrumbList\",\"@id\":\"https:\\\/\\\/folhapopular.info\\\/index.php\\\/2021\\\/06\\\/14\\\/acoes-ambientais-marcam-municipio-de-poco-das-antas\\\/#breadcrumb\",\"itemListElement\":[{\"@type\":\"ListItem\",\"position\":1,\"name\":\"In\u00edcio\",\"item\":\"https:\\\/\\\/folhapopular.info\\\/\"},{\"@type\":\"ListItem\",\"position\":2,\"name\":\"A\u00e7\u00f5es ambientais marcam munic\u00edpio de Po\u00e7o das Antas\"}]},{\"@type\":\"WebSite\",\"@id\":\"https:\\\/\\\/folhapopular.info\\\/#website\",\"url\":\"https:\\\/\\\/folhapopular.info\\\/\",\"name\":\"Folha Popular\",\"description\":\"Onde voc\u00ea tem vez e voz\",\"potentialAction\":[{\"@type\":\"SearchAction\",\"target\":{\"@type\":\"EntryPoint\",\"urlTemplate\":\"https:\\\/\\\/folhapopular.info\\\/?s={search_term_string}\"},\"query-input\":{\"@type\":\"PropertyValueSpecification\",\"valueRequired\":true,\"valueName\":\"search_term_string\"}}],\"inLanguage\":\"pt-BR\"},{\"@type\":\"Person\",\"@id\":\"https:\\\/\\\/folhapopular.info\\\/#\\\/schema\\\/person\\\/2814e8a0df7643585a9ca38bc6eb9d4b\",\"name\":\"Reda\u00e7\u00e3o Folha Popular\",\"image\":{\"@type\":\"ImageObject\",\"inLanguage\":\"pt-BR\",\"@id\":\"https:\\\/\\\/folhapopular.info\\\/wp-content\\\/uploads\\\/2026\\\/04\\\/Folha-1.webp\",\"url\":\"https:\\\/\\\/folhapopular.info\\\/wp-content\\\/uploads\\\/2026\\\/04\\\/Folha-1.webp\",\"contentUrl\":\"https:\\\/\\\/folhapopular.info\\\/wp-content\\\/uploads\\\/2026\\\/04\\\/Folha-1.webp\",\"caption\":\"Reda\u00e7\u00e3o Folha Popular\"},\"url\":\"https:\\\/\\\/folhapopular.info\\\/index.php\\\/author\\\/redacao\\\/\"}]}<\/script>\n<!-- \/ Yoast SEO plugin. -->","yoast_head_json":{"title":"A\u00e7\u00f5es ambientais marcam munic\u00edpio de Po\u00e7o das Antas - Folha Popular","robots":{"index":"index","follow":"follow","max-snippet":"max-snippet:-1","max-image-preview":"max-image-preview:large","max-video-preview":"max-video-preview:-1"},"canonical":"https:\/\/folhapopular.info\/index.php\/2021\/06\/14\/acoes-ambientais-marcam-municipio-de-poco-das-antas\/","og_locale":"pt_BR","og_type":"article","og_title":"A\u00e7\u00f5es ambientais marcam munic\u00edpio de Po\u00e7o das Antas - Folha Popular","og_description":"A data de 5 de junho \u00e9 marcada pelo Dia Mundial do Meio Ambiente. Abrangendo essa comemora\u00e7\u00e3o especial, diversas a\u00e7\u00f5es que visam alertar para a import\u00e2ncia da preserva\u00e7\u00e3o da fauna e flora foram desenvolvidas em Po\u00e7o das Antas. O Munic\u00edpio voltou as suas a\u00e7\u00f5es para as primeiras semanas do m\u00eas de junho, realizadas atrav\u00e9s da [&hellip;]","og_url":"https:\/\/folhapopular.info\/index.php\/2021\/06\/14\/acoes-ambientais-marcam-municipio-de-poco-das-antas\/","og_site_name":"Folha Popular","article_published_time":"2021-06-14T11:41:51+00:00","article_modified_time":"2021-06-14T11:42:36+00:00","og_image":[{"width":600,"height":800,"url":"https:\/\/folhapopular.info\/wp-content\/uploads\/2021\/06\/4-Acoes-ambientais-marcam-primeiras-semanas-de-junho-e1623670636808.jpeg","type":"image\/jpeg"}],"author":"Reda\u00e7\u00e3o Folha Popular","twitter_card":"summary_large_image","twitter_misc":{"Escrito por":"Reda\u00e7\u00e3o Folha Popular","Est. tempo de leitura":"3 minutos"},"schema":{"@context":"https:\/\/schema.org","@graph":[{"@type":"Article","@id":"https:\/\/folhapopular.info\/index.php\/2021\/06\/14\/acoes-ambientais-marcam-municipio-de-poco-das-antas\/#article","isPartOf":{"@id":"https:\/\/folhapopular.info\/index.php\/2021\/06\/14\/acoes-ambientais-marcam-municipio-de-poco-das-antas\/"},"author":{"name":"Reda\u00e7\u00e3o Folha Popular","@id":"https:\/\/folhapopular.info\/#\/schema\/person\/2814e8a0df7643585a9ca38bc6eb9d4b"},"headline":"A\u00e7\u00f5es ambientais marcam munic\u00edpio de Po\u00e7o das Antas","datePublished":"2021-06-14T11:41:51+00:00","dateModified":"2021-06-14T11:42:36+00:00","mainEntityOfPage":{"@id":"https:\/\/folhapopular.info\/index.php\/2021\/06\/14\/acoes-ambientais-marcam-municipio-de-poco-das-antas\/"},"wordCount":585,"commentCount":0,"image":{"@id":"https:\/\/folhapopular.info\/index.php\/2021\/06\/14\/acoes-ambientais-marcam-municipio-de-poco-das-antas\/#primaryimage"},"thumbnailUrl":"https:\/\/folhapopular.info\/wp-content\/uploads\/2021\/06\/4-Acoes-ambientais-marcam-primeiras-semanas-de-junho-e1623670636808.jpeg","keywords":["A\u00e7\u00f5es Ambientais","Dia do Meio Ambiente","Po\u00e7o das Antas"],"articleSection":["Destaques","Geral"],"inLanguage":"pt-BR","potentialAction":[{"@type":"CommentAction","name":"Comment","target":["https:\/\/folhapopular.info\/index.php\/2021\/06\/14\/acoes-ambientais-marcam-municipio-de-poco-das-antas\/#respond"]}]},{"@type":"WebPage","@id":"https:\/\/folhapopular.info\/index.php\/2021\/06\/14\/acoes-ambientais-marcam-municipio-de-poco-das-antas\/","url":"https:\/\/folhapopular.info\/index.php\/2021\/06\/14\/acoes-ambientais-marcam-municipio-de-poco-das-antas\/","name":"A\u00e7\u00f5es ambientais marcam munic\u00edpio de Po\u00e7o das Antas - Folha Popular","isPartOf":{"@id":"https:\/\/folhapopular.info\/#website"},"primaryImageOfPage":{"@id":"https:\/\/folhapopular.info\/index.php\/2021\/06\/14\/acoes-ambientais-marcam-municipio-de-poco-das-antas\/#primaryimage"},"image":{"@id":"https:\/\/folhapopular.info\/index.php\/2021\/06\/14\/acoes-ambientais-marcam-municipio-de-poco-das-antas\/#primaryimage"},"thumbnailUrl":"https:\/\/folhapopular.info\/wp-content\/uploads\/2021\/06\/4-Acoes-ambientais-marcam-primeiras-semanas-de-junho-e1623670636808.jpeg","datePublished":"2021-06-14T11:41:51+00:00","dateModified":"2021-06-14T11:42:36+00:00","author":{"@id":"https:\/\/folhapopular.info\/#\/schema\/person\/2814e8a0df7643585a9ca38bc6eb9d4b"},"breadcrumb":{"@id":"https:\/\/folhapopular.info\/index.php\/2021\/06\/14\/acoes-ambientais-marcam-municipio-de-poco-das-antas\/#breadcrumb"},"inLanguage":"pt-BR","potentialAction":[{"@type":"ReadAction","target":["https:\/\/folhapopular.info\/index.php\/2021\/06\/14\/acoes-ambientais-marcam-municipio-de-poco-das-antas\/"]}]},{"@type":"ImageObject","inLanguage":"pt-BR","@id":"https:\/\/folhapopular.info\/index.php\/2021\/06\/14\/acoes-ambientais-marcam-municipio-de-poco-das-antas\/#primaryimage","url":"https:\/\/folhapopular.info\/wp-content\/uploads\/2021\/06\/4-Acoes-ambientais-marcam-primeiras-semanas-de-junho-e1623670636808.jpeg","contentUrl":"https:\/\/folhapopular.info\/wp-content\/uploads\/2021\/06\/4-Acoes-ambientais-marcam-primeiras-semanas-de-junho-e1623670636808.jpeg","width":600,"height":800,"caption":"Terreno localizado ao lado da institui\u00e7\u00e3o consistir\u00e1 em um horto-florestal. Cr\u00e9dito da foto: Divulga\u00e7\u00e3o"},{"@type":"BreadcrumbList","@id":"https:\/\/folhapopular.info\/index.php\/2021\/06\/14\/acoes-ambientais-marcam-municipio-de-poco-das-antas\/#breadcrumb","itemListElement":[{"@type":"ListItem","position":1,"name":"In\u00edcio","item":"https:\/\/folhapopular.info\/"},{"@type":"ListItem","position":2,"name":"A\u00e7\u00f5es ambientais marcam munic\u00edpio de Po\u00e7o das Antas"}]},{"@type":"WebSite","@id":"https:\/\/folhapopular.info\/#website","url":"https:\/\/folhapopular.info\/","name":"Folha Popular","description":"Onde voc\u00ea tem vez e voz","potentialAction":[{"@type":"SearchAction","target":{"@type":"EntryPoint","urlTemplate":"https:\/\/folhapopular.info\/?s={search_term_string}"},"query-input":{"@type":"PropertyValueSpecification","valueRequired":true,"valueName":"search_term_string"}}],"inLanguage":"pt-BR"},{"@type":"Person","@id":"https:\/\/folhapopular.info\/#\/schema\/person\/2814e8a0df7643585a9ca38bc6eb9d4b","name":"Reda\u00e7\u00e3o Folha Popular","image":{"@type":"ImageObject","inLanguage":"pt-BR","@id":"https:\/\/folhapopular.info\/wp-content\/uploads\/2026\/04\/Folha-1.webp","url":"https:\/\/folhapopular.info\/wp-content\/uploads\/2026\/04\/Folha-1.webp","contentUrl":"https:\/\/folhapopular.info\/wp-content\/uploads\/2026\/04\/Folha-1.webp","caption":"Reda\u00e7\u00e3o Folha Popular"},"url":"https:\/\/folhapopular.info\/index.php\/author\/redacao\/"}]}},"jetpack_featured_media_url":"https:\/\/folhapopular.info\/wp-content\/uploads\/2021\/06\/4-Acoes-ambientais-marcam-primeiras-semanas-de-junho-e1623670636808.jpeg","jetpack_sharing_enabled":true,"amp_enabled":true,"_links":{"self":[{"href":"https:\/\/folhapopular.info\/index.php\/wp-json\/wp\/v2\/posts\/85230","targetHints":{"allow":["GET"]}}],"collection":[{"href":"https:\/\/folhapopular.info\/index.php\/wp-json\/wp\/v2\/posts"}],"about":[{"href":"https:\/\/folhapopular.info\/index.php\/wp-json\/wp\/v2\/types\/post"}],"author":[{"embeddable":true,"href":"https:\/\/folhapopular.info\/index.php\/wp-json\/wp\/v2\/users\/8"}],"replies":[{"embeddable":true,"href":"https:\/\/folhapopular.info\/index.php\/wp-json\/wp\/v2\/comments?post=85230"}],"version-history":[{"count":0,"href":"https:\/\/folhapopular.info\/index.php\/wp-json\/wp\/v2\/posts\/85230\/revisions"}],"wp:featuredmedia":[{"embeddable":true,"href":"https:\/\/folhapopular.info\/index.php\/wp-json\/wp\/v2\/media\/85234"}],"wp:attachment":[{"href":"https:\/\/folhapopular.info\/index.php\/wp-json\/wp\/v2\/media?parent=85230"}],"wp:term":[{"taxonomy":"category","embeddable":true,"href":"https:\/\/folhapopular.info\/index.php\/wp-json\/wp\/v2\/categories?post=85230"},{"taxonomy":"post_tag","embeddable":true,"href":"https:\/\/folhapopular.info\/index.php\/wp-json\/wp\/v2\/tags?post=85230"}],"curies":[{"name":"wp","href":"https:\/\/api.w.org\/{rel}","templated":true}]}}