{"id":85485,"date":"2021-06-21T08:23:33","date_gmt":"2021-06-21T11:23:33","guid":{"rendered":"https:\/\/folhapopular.info\/?p=85485"},"modified":"2021-06-21T08:26:08","modified_gmt":"2021-06-21T11:26:08","slug":"estado-recebera-maior-lote-de-vacina-astrazeneca","status":"publish","type":"post","link":"https:\/\/folhapopular.info\/index.php\/2021\/06\/21\/estado-recebera-maior-lote-de-vacina-astrazeneca\/","title":{"rendered":"Estado receber\u00e1 maior lote de vacina Astrazeneca"},"content":{"rendered":"\n<p>Uma nova remessa de 526.500 doses de vacina Astrazeneca\/Fiocruz est\u00e1 prevista para chegar na manh\u00e3 desta segunda-feira (21\/6). O voo AD4515 est\u00e1 previsto para pousar \u00e0s 9h40. De acordo com a chefe da Divis\u00e3o de Vigil\u00e2ncia Epidemiol\u00f3gica do Centro Estadual de Vigil\u00e2ncia em Sa\u00fade (Cevs), Tani Ranieri, essas doses dever\u00e3o ser utilizadas para a segunda aplica\u00e7\u00e3o.<\/p>\n\n\n\n<p>As mesmas, n\u00e3o ser\u00e3o distribu\u00eddas imediatamente. O lote ir\u00e1 para a Central Estadual de Armazenamento e Distribui\u00e7\u00e3o de Imunobiol\u00f3gicos (Ceadi), em Porto Alegre, para distribui\u00e7\u00e3o \u00e0s 18 coordenadorias regionais de sa\u00fade (CRS) e aos munic\u00edpios em momento oportuno.<\/p>\n\n\n\n<p>O Rio Grande do Sul j\u00e1 aplicou 4,1 milh\u00f5es de primeiras doses da vacina contra a Covid-19, o que representa quase 50% da popula\u00e7\u00e3o ga\u00facha acima de 18 anos. De segundas doses foram 1,6 milh\u00e3o de vacinas aplicadas, e 18% da popula\u00e7\u00e3o.<\/p>\n","protected":false},"excerpt":{"rendered":"<p>Uma nova remessa de 526.500 doses de vacina Astrazeneca\/Fiocruz est\u00e1 prevista para chegar na manh\u00e3 desta segunda-feira (21\/6). O voo AD4515 est\u00e1 previsto para pousar \u00e0s 9h40. De acordo com a chefe da Divis\u00e3o de Vigil\u00e2ncia Epidemiol\u00f3gica do Centro Estadual de Vigil\u00e2ncia em Sa\u00fade (Cevs), Tani Ranieri, essas doses dever\u00e3o ser utilizadas para a segunda [&hellip;]<\/p>\n","protected":false},"author":8,"featured_media":85486,"comment_status":"open","ping_status":"open","sticky":false,"template":"","format":"standard","meta":{"pmpro_default_level":"","_jetpack_memberships_contains_paid_content":false,"footnotes":""},"categories":[5756,2,3],"tags":[6386,5707,176,878,1794,87,143],"class_list":{"0":"post-85485","1":"post","2":"type-post","3":"status-publish","4":"format-standard","5":"has-post-thumbnail","7":"category-coronavirus","8":"category-featured","9":"category-geral","10":"tag-astrazeneca","11":"tag-covid-19","12":"tag-estado","13":"tag-governo-do-estado","14":"tag-rio-grande-do-sul","15":"tag-vacinacao","16":"tag-vacinas","17":"pmpro-has-access"},"yoast_head":"<!-- This site is optimized with the Yoast SEO plugin v27.5 - https:\/\/yoast.com\/product\/yoast-seo-wordpress\/ -->\n<title>Estado receber\u00e1 maior lote de vacina Astrazeneca - Folha Popular<\/title>\n<meta name=\"robots\" content=\"index, follow, max-snippet:-1, max-image-preview:large, max-video-preview:-1\" \/>\n<link rel=\"canonical\" href=\"https:\/\/folhapopular.info\/index.php\/2021\/06\/21\/estado-recebera-maior-lote-de-vacina-astrazeneca\/\" \/>\n<meta property=\"og:locale\" content=\"pt_BR\" \/>\n<meta property=\"og:type\" content=\"article\" \/>\n<meta property=\"og:title\" content=\"Estado receber\u00e1 maior lote de vacina Astrazeneca - Folha Popular\" \/>\n<meta property=\"og:description\" content=\"Uma nova remessa de 526.500 doses de vacina Astrazeneca\/Fiocruz est\u00e1 prevista para chegar na manh\u00e3 desta segunda-feira (21\/6). O voo AD4515 est\u00e1 previsto para pousar \u00e0s 9h40. De acordo com a chefe da Divis\u00e3o de Vigil\u00e2ncia Epidemiol\u00f3gica do Centro Estadual de Vigil\u00e2ncia em Sa\u00fade (Cevs), Tani Ranieri, essas doses dever\u00e3o ser utilizadas para a segunda [&hellip;]\" \/>\n<meta property=\"og:url\" content=\"https:\/\/folhapopular.info\/index.php\/2021\/06\/21\/estado-recebera-maior-lote-de-vacina-astrazeneca\/\" \/>\n<meta property=\"og:site_name\" content=\"Folha Popular\" \/>\n<meta property=\"article:published_time\" content=\"2021-06-21T11:23:33+00:00\" \/>\n<meta property=\"article:modified_time\" content=\"2021-06-21T11:26:08+00:00\" \/>\n<meta property=\"og:image\" content=\"https:\/\/folhapopular.info\/wp-content\/uploads\/2021\/06\/20170503_1973172_GD.jpg\" \/>\n\t<meta property=\"og:image:width\" content=\"800\" \/>\n\t<meta property=\"og:image:height\" content=\"450\" \/>\n\t<meta property=\"og:image:type\" content=\"image\/jpeg\" \/>\n<meta name=\"author\" content=\"Reda\u00e7\u00e3o Folha Popular\" \/>\n<meta name=\"twitter:card\" content=\"summary_large_image\" \/>\n<meta name=\"twitter:label1\" content=\"Escrito por\" \/>\n\t<meta name=\"twitter:data1\" content=\"Reda\u00e7\u00e3o Folha Popular\" \/>\n\t<meta name=\"twitter:label2\" content=\"Est. tempo de leitura\" \/>\n\t<meta name=\"twitter:data2\" content=\"1 minuto\" \/>\n<script type=\"application\/ld+json\" class=\"yoast-schema-graph\">{\"@context\":\"https:\\\/\\\/schema.org\",\"@graph\":[{\"@type\":\"Article\",\"@id\":\"https:\\\/\\\/folhapopular.info\\\/index.php\\\/2021\\\/06\\\/21\\\/estado-recebera-maior-lote-de-vacina-astrazeneca\\\/#article\",\"isPartOf\":{\"@id\":\"https:\\\/\\\/folhapopular.info\\\/index.php\\\/2021\\\/06\\\/21\\\/estado-recebera-maior-lote-de-vacina-astrazeneca\\\/\"},\"author\":{\"name\":\"Reda\u00e7\u00e3o Folha Popular\",\"@id\":\"https:\\\/\\\/folhapopular.info\\\/#\\\/schema\\\/person\\\/2814e8a0df7643585a9ca38bc6eb9d4b\"},\"headline\":\"Estado receber\u00e1 maior lote de vacina Astrazeneca\",\"datePublished\":\"2021-06-21T11:23:33+00:00\",\"dateModified\":\"2021-06-21T11:26:08+00:00\",\"mainEntityOfPage\":{\"@id\":\"https:\\\/\\\/folhapopular.info\\\/index.php\\\/2021\\\/06\\\/21\\\/estado-recebera-maior-lote-de-vacina-astrazeneca\\\/\"},\"wordCount\":156,\"commentCount\":0,\"image\":{\"@id\":\"https:\\\/\\\/folhapopular.info\\\/index.php\\\/2021\\\/06\\\/21\\\/estado-recebera-maior-lote-de-vacina-astrazeneca\\\/#primaryimage\"},\"thumbnailUrl\":\"https:\\\/\\\/folhapopular.info\\\/wp-content\\\/uploads\\\/2021\\\/06\\\/20170503_1973172_GD.jpg\",\"keywords\":[\"AstraZeneca\",\"Covid-19\",\"Estado\",\"Governo do Estado\",\"Rio Grande do Sul\",\"Vacina\u00e7\u00e3o\",\"Vacinas\"],\"articleSection\":[\"Coronav\u00edrus\",\"Destaques\",\"Geral\"],\"inLanguage\":\"pt-BR\",\"potentialAction\":[{\"@type\":\"CommentAction\",\"name\":\"Comment\",\"target\":[\"https:\\\/\\\/folhapopular.info\\\/index.php\\\/2021\\\/06\\\/21\\\/estado-recebera-maior-lote-de-vacina-astrazeneca\\\/#respond\"]}]},{\"@type\":\"WebPage\",\"@id\":\"https:\\\/\\\/folhapopular.info\\\/index.php\\\/2021\\\/06\\\/21\\\/estado-recebera-maior-lote-de-vacina-astrazeneca\\\/\",\"url\":\"https:\\\/\\\/folhapopular.info\\\/index.php\\\/2021\\\/06\\\/21\\\/estado-recebera-maior-lote-de-vacina-astrazeneca\\\/\",\"name\":\"Estado receber\u00e1 maior lote de vacina Astrazeneca - Folha Popular\",\"isPartOf\":{\"@id\":\"https:\\\/\\\/folhapopular.info\\\/#website\"},\"primaryImageOfPage\":{\"@id\":\"https:\\\/\\\/folhapopular.info\\\/index.php\\\/2021\\\/06\\\/21\\\/estado-recebera-maior-lote-de-vacina-astrazeneca\\\/#primaryimage\"},\"image\":{\"@id\":\"https:\\\/\\\/folhapopular.info\\\/index.php\\\/2021\\\/06\\\/21\\\/estado-recebera-maior-lote-de-vacina-astrazeneca\\\/#primaryimage\"},\"thumbnailUrl\":\"https:\\\/\\\/folhapopular.info\\\/wp-content\\\/uploads\\\/2021\\\/06\\\/20170503_1973172_GD.jpg\",\"datePublished\":\"2021-06-21T11:23:33+00:00\",\"dateModified\":\"2021-06-21T11:26:08+00:00\",\"author\":{\"@id\":\"https:\\\/\\\/folhapopular.info\\\/#\\\/schema\\\/person\\\/2814e8a0df7643585a9ca38bc6eb9d4b\"},\"breadcrumb\":{\"@id\":\"https:\\\/\\\/folhapopular.info\\\/index.php\\\/2021\\\/06\\\/21\\\/estado-recebera-maior-lote-de-vacina-astrazeneca\\\/#breadcrumb\"},\"inLanguage\":\"pt-BR\",\"potentialAction\":[{\"@type\":\"ReadAction\",\"target\":[\"https:\\\/\\\/folhapopular.info\\\/index.php\\\/2021\\\/06\\\/21\\\/estado-recebera-maior-lote-de-vacina-astrazeneca\\\/\"]}]},{\"@type\":\"ImageObject\",\"inLanguage\":\"pt-BR\",\"@id\":\"https:\\\/\\\/folhapopular.info\\\/index.php\\\/2021\\\/06\\\/21\\\/estado-recebera-maior-lote-de-vacina-astrazeneca\\\/#primaryimage\",\"url\":\"https:\\\/\\\/folhapopular.info\\\/wp-content\\\/uploads\\\/2021\\\/06\\\/20170503_1973172_GD.jpg\",\"contentUrl\":\"https:\\\/\\\/folhapopular.info\\\/wp-content\\\/uploads\\\/2021\\\/06\\\/20170503_1973172_GD.jpg\",\"width\":800,\"height\":450,\"caption\":\"Distribui\u00e7\u00e3o da nova remessa ser\u00e1 de acordo com as necessidades das coordenadorias regionais de sa\u00fade (CRS). Cr\u00e9dito da foto: Felipe Dalla Valle\\\/Pal\u00e1cio Piratini\\\/Arquivo\\\/Divulga\u00e7\u00e3o\"},{\"@type\":\"BreadcrumbList\",\"@id\":\"https:\\\/\\\/folhapopular.info\\\/index.php\\\/2021\\\/06\\\/21\\\/estado-recebera-maior-lote-de-vacina-astrazeneca\\\/#breadcrumb\",\"itemListElement\":[{\"@type\":\"ListItem\",\"position\":1,\"name\":\"In\u00edcio\",\"item\":\"https:\\\/\\\/folhapopular.info\\\/\"},{\"@type\":\"ListItem\",\"position\":2,\"name\":\"Estado receber\u00e1 maior lote de vacina Astrazeneca\"}]},{\"@type\":\"WebSite\",\"@id\":\"https:\\\/\\\/folhapopular.info\\\/#website\",\"url\":\"https:\\\/\\\/folhapopular.info\\\/\",\"name\":\"Folha Popular\",\"description\":\"Onde voc\u00ea tem vez e voz\",\"potentialAction\":[{\"@type\":\"SearchAction\",\"target\":{\"@type\":\"EntryPoint\",\"urlTemplate\":\"https:\\\/\\\/folhapopular.info\\\/?s={search_term_string}\"},\"query-input\":{\"@type\":\"PropertyValueSpecification\",\"valueRequired\":true,\"valueName\":\"search_term_string\"}}],\"inLanguage\":\"pt-BR\"},{\"@type\":\"Person\",\"@id\":\"https:\\\/\\\/folhapopular.info\\\/#\\\/schema\\\/person\\\/2814e8a0df7643585a9ca38bc6eb9d4b\",\"name\":\"Reda\u00e7\u00e3o Folha Popular\",\"image\":{\"@type\":\"ImageObject\",\"inLanguage\":\"pt-BR\",\"@id\":\"https:\\\/\\\/folhapopular.info\\\/wp-content\\\/uploads\\\/2026\\\/04\\\/Folha-1.webp\",\"url\":\"https:\\\/\\\/folhapopular.info\\\/wp-content\\\/uploads\\\/2026\\\/04\\\/Folha-1.webp\",\"contentUrl\":\"https:\\\/\\\/folhapopular.info\\\/wp-content\\\/uploads\\\/2026\\\/04\\\/Folha-1.webp\",\"caption\":\"Reda\u00e7\u00e3o Folha Popular\"},\"url\":\"https:\\\/\\\/folhapopular.info\\\/index.php\\\/author\\\/redacao\\\/\"}]}<\/script>\n<!-- \/ Yoast SEO plugin. -->","yoast_head_json":{"title":"Estado receber\u00e1 maior lote de vacina Astrazeneca - Folha Popular","robots":{"index":"index","follow":"follow","max-snippet":"max-snippet:-1","max-image-preview":"max-image-preview:large","max-video-preview":"max-video-preview:-1"},"canonical":"https:\/\/folhapopular.info\/index.php\/2021\/06\/21\/estado-recebera-maior-lote-de-vacina-astrazeneca\/","og_locale":"pt_BR","og_type":"article","og_title":"Estado receber\u00e1 maior lote de vacina Astrazeneca - Folha Popular","og_description":"Uma nova remessa de 526.500 doses de vacina Astrazeneca\/Fiocruz est\u00e1 prevista para chegar na manh\u00e3 desta segunda-feira (21\/6). O voo AD4515 est\u00e1 previsto para pousar \u00e0s 9h40. De acordo com a chefe da Divis\u00e3o de Vigil\u00e2ncia Epidemiol\u00f3gica do Centro Estadual de Vigil\u00e2ncia em Sa\u00fade (Cevs), Tani Ranieri, essas doses dever\u00e3o ser utilizadas para a segunda [&hellip;]","og_url":"https:\/\/folhapopular.info\/index.php\/2021\/06\/21\/estado-recebera-maior-lote-de-vacina-astrazeneca\/","og_site_name":"Folha Popular","article_published_time":"2021-06-21T11:23:33+00:00","article_modified_time":"2021-06-21T11:26:08+00:00","og_image":[{"width":800,"height":450,"url":"https:\/\/folhapopular.info\/wp-content\/uploads\/2021\/06\/20170503_1973172_GD.jpg","type":"image\/jpeg"}],"author":"Reda\u00e7\u00e3o Folha Popular","twitter_card":"summary_large_image","twitter_misc":{"Escrito por":"Reda\u00e7\u00e3o Folha Popular","Est. tempo de leitura":"1 minuto"},"schema":{"@context":"https:\/\/schema.org","@graph":[{"@type":"Article","@id":"https:\/\/folhapopular.info\/index.php\/2021\/06\/21\/estado-recebera-maior-lote-de-vacina-astrazeneca\/#article","isPartOf":{"@id":"https:\/\/folhapopular.info\/index.php\/2021\/06\/21\/estado-recebera-maior-lote-de-vacina-astrazeneca\/"},"author":{"name":"Reda\u00e7\u00e3o Folha Popular","@id":"https:\/\/folhapopular.info\/#\/schema\/person\/2814e8a0df7643585a9ca38bc6eb9d4b"},"headline":"Estado receber\u00e1 maior lote de vacina Astrazeneca","datePublished":"2021-06-21T11:23:33+00:00","dateModified":"2021-06-21T11:26:08+00:00","mainEntityOfPage":{"@id":"https:\/\/folhapopular.info\/index.php\/2021\/06\/21\/estado-recebera-maior-lote-de-vacina-astrazeneca\/"},"wordCount":156,"commentCount":0,"image":{"@id":"https:\/\/folhapopular.info\/index.php\/2021\/06\/21\/estado-recebera-maior-lote-de-vacina-astrazeneca\/#primaryimage"},"thumbnailUrl":"https:\/\/folhapopular.info\/wp-content\/uploads\/2021\/06\/20170503_1973172_GD.jpg","keywords":["AstraZeneca","Covid-19","Estado","Governo do Estado","Rio Grande do Sul","Vacina\u00e7\u00e3o","Vacinas"],"articleSection":["Coronav\u00edrus","Destaques","Geral"],"inLanguage":"pt-BR","potentialAction":[{"@type":"CommentAction","name":"Comment","target":["https:\/\/folhapopular.info\/index.php\/2021\/06\/21\/estado-recebera-maior-lote-de-vacina-astrazeneca\/#respond"]}]},{"@type":"WebPage","@id":"https:\/\/folhapopular.info\/index.php\/2021\/06\/21\/estado-recebera-maior-lote-de-vacina-astrazeneca\/","url":"https:\/\/folhapopular.info\/index.php\/2021\/06\/21\/estado-recebera-maior-lote-de-vacina-astrazeneca\/","name":"Estado receber\u00e1 maior lote de vacina Astrazeneca - Folha Popular","isPartOf":{"@id":"https:\/\/folhapopular.info\/#website"},"primaryImageOfPage":{"@id":"https:\/\/folhapopular.info\/index.php\/2021\/06\/21\/estado-recebera-maior-lote-de-vacina-astrazeneca\/#primaryimage"},"image":{"@id":"https:\/\/folhapopular.info\/index.php\/2021\/06\/21\/estado-recebera-maior-lote-de-vacina-astrazeneca\/#primaryimage"},"thumbnailUrl":"https:\/\/folhapopular.info\/wp-content\/uploads\/2021\/06\/20170503_1973172_GD.jpg","datePublished":"2021-06-21T11:23:33+00:00","dateModified":"2021-06-21T11:26:08+00:00","author":{"@id":"https:\/\/folhapopular.info\/#\/schema\/person\/2814e8a0df7643585a9ca38bc6eb9d4b"},"breadcrumb":{"@id":"https:\/\/folhapopular.info\/index.php\/2021\/06\/21\/estado-recebera-maior-lote-de-vacina-astrazeneca\/#breadcrumb"},"inLanguage":"pt-BR","potentialAction":[{"@type":"ReadAction","target":["https:\/\/folhapopular.info\/index.php\/2021\/06\/21\/estado-recebera-maior-lote-de-vacina-astrazeneca\/"]}]},{"@type":"ImageObject","inLanguage":"pt-BR","@id":"https:\/\/folhapopular.info\/index.php\/2021\/06\/21\/estado-recebera-maior-lote-de-vacina-astrazeneca\/#primaryimage","url":"https:\/\/folhapopular.info\/wp-content\/uploads\/2021\/06\/20170503_1973172_GD.jpg","contentUrl":"https:\/\/folhapopular.info\/wp-content\/uploads\/2021\/06\/20170503_1973172_GD.jpg","width":800,"height":450,"caption":"Distribui\u00e7\u00e3o da nova remessa ser\u00e1 de acordo com as necessidades das coordenadorias regionais de sa\u00fade (CRS). Cr\u00e9dito da foto: Felipe Dalla Valle\/Pal\u00e1cio Piratini\/Arquivo\/Divulga\u00e7\u00e3o"},{"@type":"BreadcrumbList","@id":"https:\/\/folhapopular.info\/index.php\/2021\/06\/21\/estado-recebera-maior-lote-de-vacina-astrazeneca\/#breadcrumb","itemListElement":[{"@type":"ListItem","position":1,"name":"In\u00edcio","item":"https:\/\/folhapopular.info\/"},{"@type":"ListItem","position":2,"name":"Estado receber\u00e1 maior lote de vacina Astrazeneca"}]},{"@type":"WebSite","@id":"https:\/\/folhapopular.info\/#website","url":"https:\/\/folhapopular.info\/","name":"Folha Popular","description":"Onde voc\u00ea tem vez e voz","potentialAction":[{"@type":"SearchAction","target":{"@type":"EntryPoint","urlTemplate":"https:\/\/folhapopular.info\/?s={search_term_string}"},"query-input":{"@type":"PropertyValueSpecification","valueRequired":true,"valueName":"search_term_string"}}],"inLanguage":"pt-BR"},{"@type":"Person","@id":"https:\/\/folhapopular.info\/#\/schema\/person\/2814e8a0df7643585a9ca38bc6eb9d4b","name":"Reda\u00e7\u00e3o Folha Popular","image":{"@type":"ImageObject","inLanguage":"pt-BR","@id":"https:\/\/folhapopular.info\/wp-content\/uploads\/2026\/04\/Folha-1.webp","url":"https:\/\/folhapopular.info\/wp-content\/uploads\/2026\/04\/Folha-1.webp","contentUrl":"https:\/\/folhapopular.info\/wp-content\/uploads\/2026\/04\/Folha-1.webp","caption":"Reda\u00e7\u00e3o Folha Popular"},"url":"https:\/\/folhapopular.info\/index.php\/author\/redacao\/"}]}},"jetpack_featured_media_url":"https:\/\/folhapopular.info\/wp-content\/uploads\/2021\/06\/20170503_1973172_GD.jpg","jetpack_sharing_enabled":true,"amp_enabled":true,"_links":{"self":[{"href":"https:\/\/folhapopular.info\/index.php\/wp-json\/wp\/v2\/posts\/85485","targetHints":{"allow":["GET"]}}],"collection":[{"href":"https:\/\/folhapopular.info\/index.php\/wp-json\/wp\/v2\/posts"}],"about":[{"href":"https:\/\/folhapopular.info\/index.php\/wp-json\/wp\/v2\/types\/post"}],"author":[{"embeddable":true,"href":"https:\/\/folhapopular.info\/index.php\/wp-json\/wp\/v2\/users\/8"}],"replies":[{"embeddable":true,"href":"https:\/\/folhapopular.info\/index.php\/wp-json\/wp\/v2\/comments?post=85485"}],"version-history":[{"count":0,"href":"https:\/\/folhapopular.info\/index.php\/wp-json\/wp\/v2\/posts\/85485\/revisions"}],"wp:featuredmedia":[{"embeddable":true,"href":"https:\/\/folhapopular.info\/index.php\/wp-json\/wp\/v2\/media\/85486"}],"wp:attachment":[{"href":"https:\/\/folhapopular.info\/index.php\/wp-json\/wp\/v2\/media?parent=85485"}],"wp:term":[{"taxonomy":"category","embeddable":true,"href":"https:\/\/folhapopular.info\/index.php\/wp-json\/wp\/v2\/categories?post=85485"},{"taxonomy":"post_tag","embeddable":true,"href":"https:\/\/folhapopular.info\/index.php\/wp-json\/wp\/v2\/tags?post=85485"}],"curies":[{"name":"wp","href":"https:\/\/api.w.org\/{rel}","templated":true}]}}