{"id":85556,"date":"2021-06-22T14:00:34","date_gmt":"2021-06-22T17:00:34","guid":{"rendered":"https:\/\/folhapopular.info\/?p=85556"},"modified":"2021-06-22T14:03:30","modified_gmt":"2021-06-22T17:03:30","slug":"prefeitura-de-lajeado-inicia-processo-da-parceria-publico-privada-ppp-de-iluminacao-publica","status":"publish","type":"post","link":"https:\/\/folhapopular.info\/index.php\/2021\/06\/22\/prefeitura-de-lajeado-inicia-processo-da-parceria-publico-privada-ppp-de-iluminacao-publica\/","title":{"rendered":"Prefeitura de Lajeado inicia processo da Parceria P\u00fablico-Privada (PPP) de ilumina\u00e7\u00e3o p\u00fablica"},"content":{"rendered":"\n<p>A Prefeitura de Lajeado deu o primeiro passo nesta segunda-feira (21\/6), para o processo da&nbsp;Parceria P\u00fablico-Privada (PPP) de ilumina\u00e7\u00e3o p\u00fablica do munic\u00edpio. Em reuni\u00e3o do Conselho Gestor do Programa de PPP&nbsp;realizada \u00e0 tarde, a Prefeitura apresentou o interesse do munic\u00edpio em iniciar a elabora\u00e7\u00e3o do edital de chamamento para a Proposta de Manifesta\u00e7\u00e3o de Interesse, que receber\u00e1 propostas para posterior defini\u00e7\u00e3o do projeto que ser\u00e1 licitado.&nbsp;<\/p>\n\n\n\n<p>Ap\u00f3s integrantes do governo terem participado de eventos que tratam de cidades inteligentes, o munic\u00edpio foi procurado por uma empresa, a multinacional italiana Enel X, em raz\u00e3o do interesse da empresa em investir na cidade. A empresa ent\u00e3o apresentou uma\u00a0Manifesta\u00e7\u00e3o de Interesse Privado (MIP) para o desenvolvimento de um projeto de ilumina\u00e7\u00e3o p\u00fablica e cidades inteligentes. O MIP \u00e9 um documento elaborado por uma empresa privada que manifesta o seu interesse em oferecer a um governo um servi\u00e7o que seja de interesse p\u00fablico. Agora, a decis\u00e3o \u00e9 publicar um edital de chamamento para abrir a possibilidade de outras empresas participarem com ideias de solu\u00e7\u00f5es para a ilumina\u00e7\u00e3o, al\u00e9m de outras alternativas tecnol\u00f3gicas.\u00a0<\/p>\n\n\n\n<p>A PPP da ilumina\u00e7\u00e3o p\u00fablica buscar\u00e1 viabilizar, atrav\u00e9s de uma concess\u00e3o administrativa, a moderniza\u00e7\u00e3o, otimiza\u00e7\u00e3o e eficientiza\u00e7\u00e3o energ\u00e9tica da rede de ilumina\u00e7\u00e3o p\u00fablica. Al\u00e9m disso, dever\u00e1 contemplar tamb\u00e9m a expans\u00e3o, manuten\u00e7\u00e3o, reestrutura\u00e7\u00e3o e gest\u00e3o da rede, al\u00e9m de a\u00e7\u00f5es que possibilitem a implementa\u00e7\u00e3o de solu\u00e7\u00f5es inovadoras em busca de uma cidade mais moderna e tecnol\u00f3gica visando melhor a qualidade de vida da popula\u00e7\u00e3o.&nbsp;<\/p>\n\n\n\n<p>&#8220;Fazer uma PPP para a ilumina\u00e7\u00e3o p\u00fablica estava j\u00e1 no nosso Plano de Governo. \u00c9 uma a\u00e7\u00e3o que est\u00e1vamos avaliando desde 2018 e que, no atual cen\u00e1rio, vemos um ambiente mais prop\u00edcio para que essa solu\u00e7\u00e3o avance. Entendemos que esta \u00e9 a melhor forma de qualificar este servi\u00e7o, otimizando a aplica\u00e7\u00e3o dos recursos p\u00fablicos e entregando melhores servi\u00e7os \u00e0 popula\u00e7\u00e3o. E, a partir da MIP, vamos agora dar in\u00edcio a um processo mais amplo de escolha do modelo de projeto que melhor responda \u00e0s nossas necessidades e \u00e0 nossa capacidade econ\u00f4mico-financeira e, depois, fazer a licita\u00e7\u00e3o para definir quem executar\u00e1 este projeto. Queremos com isso permitir a participa\u00e7\u00e3o de mais empresas para chegarmos \u00e0 melhor solu\u00e7\u00e3o em custo-benef\u00edcio&#8221;, explicou o prefeito, Marcelo Caumo.<\/p>\n\n\n\n<p><strong>O passo a passo do projeto da PPP de ilumina\u00e7\u00e3o p\u00fablica<\/strong><\/p>\n\n\n\n<p>&#8211; A empresa Enel X apresentou uma MIP (Manifesta\u00e7\u00e3o de Interesse Privado) \u00e0 administra\u00e7\u00e3o municipal focada no desenvolvimento de um projeto de ilumina\u00e7\u00e3o p\u00fablica inteligente. Em \u00e2mbito federal, o Decreto Federal n.\u00ba 8.428, de 02 de abril de 2015, apesar de n\u00e3o tratar especificadamente da MIP, reconhece sua exist\u00eancia e possibilidade de utiliza\u00e7\u00e3o em seu art. 4\u00aa, \u00a7 7\u00ba, ao esclarecer as condi\u00e7\u00f5es a serem obedecidas pela Administra\u00e7\u00e3o, quando do recebimento da MIP e posterior lan\u00e7amento do Edital de PMI. Ou seja, a legisla\u00e7\u00e3o&nbsp;permite que qualquer empresa privada possa fazer este tipo de proposta a um ente p\u00fablico para a execu\u00e7\u00e3o de algum projeto de interesse p\u00fablico.<\/p>\n\n\n\n<p>&#8211; A proposta de realiza\u00e7\u00e3o da PMI foi apresentada, em reuni\u00e3o na tarde desta segunda-feira, ao Conselho Gestor do Programa PPP, criado pela lei municipal 10.606\/2018 e formado por&nbsp;representantes das secretarias da Fazenda, Planejamento, Urbanismo e Mobilidade, de Obras e Servi\u00e7os P\u00fablicos, Procuradoria e da Seavat (Sociedade dos Engenheiros e Arquitetos do Vale do Taquari).<\/p>\n\n\n\n<p>&#8211; A partir do recebimento da MIP, a administra\u00e7\u00e3o municipal dar\u00e1 in\u00edcio \u00e0 elabora\u00e7\u00e3o do chamado Procedimento de Manifesta\u00e7\u00e3o de Interesse (PMI), que inicia com um edital de chamamento p\u00fablico pelo qual outras empresas podem apresentar suas pr\u00f3prias ideias para um projeto de ilumina\u00e7\u00e3o p\u00fablica inteligente. Isso significa que, mesmo que a empresa Enel X tenha apresentado a ideia inicial, outras empresas poder\u00e3o participar do processo, apresentando seus pr\u00f3prios projetos e propostas de solu\u00e7\u00f5es.<br><br>&#8211; O edital a ser elaborado dever\u00e1 apresentar quais a\u00e7\u00f5es o munic\u00edpio deseja executar na PPP.&nbsp;Uma vez publicado, empresas interessadas apresentar\u00e3o suas ideias para resolver as necessidades apresentadas pelo munic\u00edpio. A ideia mais adequada ser\u00e1 escolhida (por uma comiss\u00e3o t\u00e9cnica criada especificamente para este fim) e o projeto passar\u00e1 a ser desenvolvido no prazo previsto pelo edital. Importante salientar que nesta etapa trata-se de&nbsp;elabora\u00e7\u00e3o&nbsp;do projeto, n\u00e3o da&nbsp;execu\u00e7\u00e3o. A elabora\u00e7\u00e3o deste projeto n\u00e3o tem custo para o munic\u00edpio.<br><br>&#8211; Uma vez selecionado o projeto a ser executado, posteriormente ser\u00e1 publicado um edital de licita\u00e7\u00e3o para escolher a empresa que, ent\u00e3o, executar\u00e1 o projeto de PPP (Parceria P\u00fablico-Privada). Como o nome indica, \u00e9 um projeto no qual a empresa faz investimentos para melhoria do servi\u00e7o p\u00fablico previsto no projeto e o munic\u00edpio paga o servi\u00e7o prestado de acordo com um cronograma de longo prazo previsto no edital.<\/p>\n","protected":false},"excerpt":{"rendered":"<p>A Prefeitura de Lajeado deu o primeiro passo nesta segunda-feira (21\/6), para o processo da&nbsp;Parceria P\u00fablico-Privada (PPP) de ilumina\u00e7\u00e3o p\u00fablica do munic\u00edpio. Em reuni\u00e3o do Conselho Gestor do Programa de PPP&nbsp;realizada \u00e0 tarde, a Prefeitura apresentou o interesse do munic\u00edpio em iniciar a elabora\u00e7\u00e3o do edital de chamamento para a Proposta de Manifesta\u00e7\u00e3o de Interesse, [&hellip;]<\/p>\n","protected":false},"author":8,"featured_media":85557,"comment_status":"open","ping_status":"open","sticky":false,"template":"","format":"standard","meta":{"pmpro_default_level":"","_jetpack_memberships_contains_paid_content":false,"footnotes":""},"categories":[2,3],"tags":[2305,27,5083],"class_list":{"0":"post-85556","1":"post","2":"type-post","3":"status-publish","4":"format-standard","5":"has-post-thumbnail","7":"category-featured","8":"category-geral","9":"tag-edital","10":"tag-lajeado","11":"tag-prefeitura-de-lajeado","12":"pmpro-has-access"},"yoast_head":"<!-- This site is optimized with the Yoast SEO plugin v27.5 - https:\/\/yoast.com\/product\/yoast-seo-wordpress\/ -->\n<title>Prefeitura de Lajeado inicia processo da Parceria P\u00fablico-Privada (PPP) de ilumina\u00e7\u00e3o p\u00fablica - Folha Popular<\/title>\n<meta name=\"robots\" content=\"index, follow, max-snippet:-1, max-image-preview:large, max-video-preview:-1\" \/>\n<link rel=\"canonical\" href=\"https:\/\/folhapopular.info\/index.php\/2021\/06\/22\/prefeitura-de-lajeado-inicia-processo-da-parceria-publico-privada-ppp-de-iluminacao-publica\/\" \/>\n<meta property=\"og:locale\" content=\"pt_BR\" \/>\n<meta property=\"og:type\" content=\"article\" \/>\n<meta property=\"og:title\" content=\"Prefeitura de Lajeado inicia processo da Parceria P\u00fablico-Privada (PPP) de ilumina\u00e7\u00e3o p\u00fablica - Folha Popular\" \/>\n<meta property=\"og:description\" content=\"A Prefeitura de Lajeado deu o primeiro passo nesta segunda-feira (21\/6), para o processo da&nbsp;Parceria P\u00fablico-Privada (PPP) de ilumina\u00e7\u00e3o p\u00fablica do munic\u00edpio. Em reuni\u00e3o do Conselho Gestor do Programa de PPP&nbsp;realizada \u00e0 tarde, a Prefeitura apresentou o interesse do munic\u00edpio em iniciar a elabora\u00e7\u00e3o do edital de chamamento para a Proposta de Manifesta\u00e7\u00e3o de Interesse, [&hellip;]\" \/>\n<meta property=\"og:url\" content=\"https:\/\/folhapopular.info\/index.php\/2021\/06\/22\/prefeitura-de-lajeado-inicia-processo-da-parceria-publico-privada-ppp-de-iluminacao-publica\/\" \/>\n<meta property=\"og:site_name\" content=\"Folha Popular\" \/>\n<meta property=\"article:published_time\" content=\"2021-06-22T17:00:34+00:00\" \/>\n<meta property=\"article:modified_time\" content=\"2021-06-22T17:03:30+00:00\" \/>\n<meta property=\"og:image\" content=\"https:\/\/folhapopular.info\/wp-content\/uploads\/2021\/06\/Reuniao-do-Conselho-Gestor-do-Programa-de-PPP.jpg\" \/>\n\t<meta property=\"og:image:width\" content=\"600\" \/>\n\t<meta property=\"og:image:height\" content=\"375\" \/>\n\t<meta property=\"og:image:type\" content=\"image\/jpeg\" \/>\n<meta name=\"author\" content=\"Reda\u00e7\u00e3o Folha Popular\" \/>\n<meta name=\"twitter:card\" content=\"summary_large_image\" \/>\n<meta name=\"twitter:label1\" content=\"Escrito por\" \/>\n\t<meta name=\"twitter:data1\" content=\"Reda\u00e7\u00e3o Folha Popular\" \/>\n\t<meta name=\"twitter:label2\" content=\"Est. tempo de leitura\" \/>\n\t<meta name=\"twitter:data2\" content=\"4 minutos\" \/>\n<script type=\"application\/ld+json\" class=\"yoast-schema-graph\">{\"@context\":\"https:\\\/\\\/schema.org\",\"@graph\":[{\"@type\":\"Article\",\"@id\":\"https:\\\/\\\/folhapopular.info\\\/index.php\\\/2021\\\/06\\\/22\\\/prefeitura-de-lajeado-inicia-processo-da-parceria-publico-privada-ppp-de-iluminacao-publica\\\/#article\",\"isPartOf\":{\"@id\":\"https:\\\/\\\/folhapopular.info\\\/index.php\\\/2021\\\/06\\\/22\\\/prefeitura-de-lajeado-inicia-processo-da-parceria-publico-privada-ppp-de-iluminacao-publica\\\/\"},\"author\":{\"name\":\"Reda\u00e7\u00e3o Folha Popular\",\"@id\":\"https:\\\/\\\/folhapopular.info\\\/#\\\/schema\\\/person\\\/2814e8a0df7643585a9ca38bc6eb9d4b\"},\"headline\":\"Prefeitura de Lajeado inicia processo da Parceria P\u00fablico-Privada (PPP) de ilumina\u00e7\u00e3o p\u00fablica\",\"datePublished\":\"2021-06-22T17:00:34+00:00\",\"dateModified\":\"2021-06-22T17:03:30+00:00\",\"mainEntityOfPage\":{\"@id\":\"https:\\\/\\\/folhapopular.info\\\/index.php\\\/2021\\\/06\\\/22\\\/prefeitura-de-lajeado-inicia-processo-da-parceria-publico-privada-ppp-de-iluminacao-publica\\\/\"},\"wordCount\":883,\"commentCount\":0,\"image\":{\"@id\":\"https:\\\/\\\/folhapopular.info\\\/index.php\\\/2021\\\/06\\\/22\\\/prefeitura-de-lajeado-inicia-processo-da-parceria-publico-privada-ppp-de-iluminacao-publica\\\/#primaryimage\"},\"thumbnailUrl\":\"https:\\\/\\\/folhapopular.info\\\/wp-content\\\/uploads\\\/2021\\\/06\\\/Reuniao-do-Conselho-Gestor-do-Programa-de-PPP.jpg\",\"keywords\":[\"Edital\",\"Lajeado\",\"Prefeitura de Lajeado\"],\"articleSection\":[\"Destaques\",\"Geral\"],\"inLanguage\":\"pt-BR\",\"potentialAction\":[{\"@type\":\"CommentAction\",\"name\":\"Comment\",\"target\":[\"https:\\\/\\\/folhapopular.info\\\/index.php\\\/2021\\\/06\\\/22\\\/prefeitura-de-lajeado-inicia-processo-da-parceria-publico-privada-ppp-de-iluminacao-publica\\\/#respond\"]}]},{\"@type\":\"WebPage\",\"@id\":\"https:\\\/\\\/folhapopular.info\\\/index.php\\\/2021\\\/06\\\/22\\\/prefeitura-de-lajeado-inicia-processo-da-parceria-publico-privada-ppp-de-iluminacao-publica\\\/\",\"url\":\"https:\\\/\\\/folhapopular.info\\\/index.php\\\/2021\\\/06\\\/22\\\/prefeitura-de-lajeado-inicia-processo-da-parceria-publico-privada-ppp-de-iluminacao-publica\\\/\",\"name\":\"Prefeitura de Lajeado inicia processo da Parceria P\u00fablico-Privada (PPP) de ilumina\u00e7\u00e3o p\u00fablica - Folha Popular\",\"isPartOf\":{\"@id\":\"https:\\\/\\\/folhapopular.info\\\/#website\"},\"primaryImageOfPage\":{\"@id\":\"https:\\\/\\\/folhapopular.info\\\/index.php\\\/2021\\\/06\\\/22\\\/prefeitura-de-lajeado-inicia-processo-da-parceria-publico-privada-ppp-de-iluminacao-publica\\\/#primaryimage\"},\"image\":{\"@id\":\"https:\\\/\\\/folhapopular.info\\\/index.php\\\/2021\\\/06\\\/22\\\/prefeitura-de-lajeado-inicia-processo-da-parceria-publico-privada-ppp-de-iluminacao-publica\\\/#primaryimage\"},\"thumbnailUrl\":\"https:\\\/\\\/folhapopular.info\\\/wp-content\\\/uploads\\\/2021\\\/06\\\/Reuniao-do-Conselho-Gestor-do-Programa-de-PPP.jpg\",\"datePublished\":\"2021-06-22T17:00:34+00:00\",\"dateModified\":\"2021-06-22T17:03:30+00:00\",\"author\":{\"@id\":\"https:\\\/\\\/folhapopular.info\\\/#\\\/schema\\\/person\\\/2814e8a0df7643585a9ca38bc6eb9d4b\"},\"breadcrumb\":{\"@id\":\"https:\\\/\\\/folhapopular.info\\\/index.php\\\/2021\\\/06\\\/22\\\/prefeitura-de-lajeado-inicia-processo-da-parceria-publico-privada-ppp-de-iluminacao-publica\\\/#breadcrumb\"},\"inLanguage\":\"pt-BR\",\"potentialAction\":[{\"@type\":\"ReadAction\",\"target\":[\"https:\\\/\\\/folhapopular.info\\\/index.php\\\/2021\\\/06\\\/22\\\/prefeitura-de-lajeado-inicia-processo-da-parceria-publico-privada-ppp-de-iluminacao-publica\\\/\"]}]},{\"@type\":\"ImageObject\",\"inLanguage\":\"pt-BR\",\"@id\":\"https:\\\/\\\/folhapopular.info\\\/index.php\\\/2021\\\/06\\\/22\\\/prefeitura-de-lajeado-inicia-processo-da-parceria-publico-privada-ppp-de-iluminacao-publica\\\/#primaryimage\",\"url\":\"https:\\\/\\\/folhapopular.info\\\/wp-content\\\/uploads\\\/2021\\\/06\\\/Reuniao-do-Conselho-Gestor-do-Programa-de-PPP.jpg\",\"contentUrl\":\"https:\\\/\\\/folhapopular.info\\\/wp-content\\\/uploads\\\/2021\\\/06\\\/Reuniao-do-Conselho-Gestor-do-Programa-de-PPP.jpg\",\"width\":600,\"height\":375,\"caption\":\"Reuni\u00e3o do Conselho Gestor do Programa de PPP. Cr\u00e9dito da foto: Francini Ledur\\\/Divulga\u00e7\u00e3o\"},{\"@type\":\"BreadcrumbList\",\"@id\":\"https:\\\/\\\/folhapopular.info\\\/index.php\\\/2021\\\/06\\\/22\\\/prefeitura-de-lajeado-inicia-processo-da-parceria-publico-privada-ppp-de-iluminacao-publica\\\/#breadcrumb\",\"itemListElement\":[{\"@type\":\"ListItem\",\"position\":1,\"name\":\"In\u00edcio\",\"item\":\"https:\\\/\\\/folhapopular.info\\\/\"},{\"@type\":\"ListItem\",\"position\":2,\"name\":\"Prefeitura de Lajeado inicia processo da Parceria P\u00fablico-Privada (PPP) de ilumina\u00e7\u00e3o p\u00fablica\"}]},{\"@type\":\"WebSite\",\"@id\":\"https:\\\/\\\/folhapopular.info\\\/#website\",\"url\":\"https:\\\/\\\/folhapopular.info\\\/\",\"name\":\"Folha Popular\",\"description\":\"Onde voc\u00ea tem vez e voz\",\"potentialAction\":[{\"@type\":\"SearchAction\",\"target\":{\"@type\":\"EntryPoint\",\"urlTemplate\":\"https:\\\/\\\/folhapopular.info\\\/?s={search_term_string}\"},\"query-input\":{\"@type\":\"PropertyValueSpecification\",\"valueRequired\":true,\"valueName\":\"search_term_string\"}}],\"inLanguage\":\"pt-BR\"},{\"@type\":\"Person\",\"@id\":\"https:\\\/\\\/folhapopular.info\\\/#\\\/schema\\\/person\\\/2814e8a0df7643585a9ca38bc6eb9d4b\",\"name\":\"Reda\u00e7\u00e3o Folha Popular\",\"image\":{\"@type\":\"ImageObject\",\"inLanguage\":\"pt-BR\",\"@id\":\"https:\\\/\\\/folhapopular.info\\\/wp-content\\\/uploads\\\/2026\\\/04\\\/Folha-1.webp\",\"url\":\"https:\\\/\\\/folhapopular.info\\\/wp-content\\\/uploads\\\/2026\\\/04\\\/Folha-1.webp\",\"contentUrl\":\"https:\\\/\\\/folhapopular.info\\\/wp-content\\\/uploads\\\/2026\\\/04\\\/Folha-1.webp\",\"caption\":\"Reda\u00e7\u00e3o Folha Popular\"},\"url\":\"https:\\\/\\\/folhapopular.info\\\/index.php\\\/author\\\/redacao\\\/\"}]}<\/script>\n<!-- \/ Yoast SEO plugin. -->","yoast_head_json":{"title":"Prefeitura de Lajeado inicia processo da Parceria P\u00fablico-Privada (PPP) de ilumina\u00e7\u00e3o p\u00fablica - Folha Popular","robots":{"index":"index","follow":"follow","max-snippet":"max-snippet:-1","max-image-preview":"max-image-preview:large","max-video-preview":"max-video-preview:-1"},"canonical":"https:\/\/folhapopular.info\/index.php\/2021\/06\/22\/prefeitura-de-lajeado-inicia-processo-da-parceria-publico-privada-ppp-de-iluminacao-publica\/","og_locale":"pt_BR","og_type":"article","og_title":"Prefeitura de Lajeado inicia processo da Parceria P\u00fablico-Privada (PPP) de ilumina\u00e7\u00e3o p\u00fablica - Folha Popular","og_description":"A Prefeitura de Lajeado deu o primeiro passo nesta segunda-feira (21\/6), para o processo da&nbsp;Parceria P\u00fablico-Privada (PPP) de ilumina\u00e7\u00e3o p\u00fablica do munic\u00edpio. Em reuni\u00e3o do Conselho Gestor do Programa de PPP&nbsp;realizada \u00e0 tarde, a Prefeitura apresentou o interesse do munic\u00edpio em iniciar a elabora\u00e7\u00e3o do edital de chamamento para a Proposta de Manifesta\u00e7\u00e3o de Interesse, [&hellip;]","og_url":"https:\/\/folhapopular.info\/index.php\/2021\/06\/22\/prefeitura-de-lajeado-inicia-processo-da-parceria-publico-privada-ppp-de-iluminacao-publica\/","og_site_name":"Folha Popular","article_published_time":"2021-06-22T17:00:34+00:00","article_modified_time":"2021-06-22T17:03:30+00:00","og_image":[{"width":600,"height":375,"url":"https:\/\/folhapopular.info\/wp-content\/uploads\/2021\/06\/Reuniao-do-Conselho-Gestor-do-Programa-de-PPP.jpg","type":"image\/jpeg"}],"author":"Reda\u00e7\u00e3o Folha Popular","twitter_card":"summary_large_image","twitter_misc":{"Escrito por":"Reda\u00e7\u00e3o Folha Popular","Est. tempo de leitura":"4 minutos"},"schema":{"@context":"https:\/\/schema.org","@graph":[{"@type":"Article","@id":"https:\/\/folhapopular.info\/index.php\/2021\/06\/22\/prefeitura-de-lajeado-inicia-processo-da-parceria-publico-privada-ppp-de-iluminacao-publica\/#article","isPartOf":{"@id":"https:\/\/folhapopular.info\/index.php\/2021\/06\/22\/prefeitura-de-lajeado-inicia-processo-da-parceria-publico-privada-ppp-de-iluminacao-publica\/"},"author":{"name":"Reda\u00e7\u00e3o Folha Popular","@id":"https:\/\/folhapopular.info\/#\/schema\/person\/2814e8a0df7643585a9ca38bc6eb9d4b"},"headline":"Prefeitura de Lajeado inicia processo da Parceria P\u00fablico-Privada (PPP) de ilumina\u00e7\u00e3o p\u00fablica","datePublished":"2021-06-22T17:00:34+00:00","dateModified":"2021-06-22T17:03:30+00:00","mainEntityOfPage":{"@id":"https:\/\/folhapopular.info\/index.php\/2021\/06\/22\/prefeitura-de-lajeado-inicia-processo-da-parceria-publico-privada-ppp-de-iluminacao-publica\/"},"wordCount":883,"commentCount":0,"image":{"@id":"https:\/\/folhapopular.info\/index.php\/2021\/06\/22\/prefeitura-de-lajeado-inicia-processo-da-parceria-publico-privada-ppp-de-iluminacao-publica\/#primaryimage"},"thumbnailUrl":"https:\/\/folhapopular.info\/wp-content\/uploads\/2021\/06\/Reuniao-do-Conselho-Gestor-do-Programa-de-PPP.jpg","keywords":["Edital","Lajeado","Prefeitura de Lajeado"],"articleSection":["Destaques","Geral"],"inLanguage":"pt-BR","potentialAction":[{"@type":"CommentAction","name":"Comment","target":["https:\/\/folhapopular.info\/index.php\/2021\/06\/22\/prefeitura-de-lajeado-inicia-processo-da-parceria-publico-privada-ppp-de-iluminacao-publica\/#respond"]}]},{"@type":"WebPage","@id":"https:\/\/folhapopular.info\/index.php\/2021\/06\/22\/prefeitura-de-lajeado-inicia-processo-da-parceria-publico-privada-ppp-de-iluminacao-publica\/","url":"https:\/\/folhapopular.info\/index.php\/2021\/06\/22\/prefeitura-de-lajeado-inicia-processo-da-parceria-publico-privada-ppp-de-iluminacao-publica\/","name":"Prefeitura de Lajeado inicia processo da Parceria P\u00fablico-Privada (PPP) de ilumina\u00e7\u00e3o p\u00fablica - Folha Popular","isPartOf":{"@id":"https:\/\/folhapopular.info\/#website"},"primaryImageOfPage":{"@id":"https:\/\/folhapopular.info\/index.php\/2021\/06\/22\/prefeitura-de-lajeado-inicia-processo-da-parceria-publico-privada-ppp-de-iluminacao-publica\/#primaryimage"},"image":{"@id":"https:\/\/folhapopular.info\/index.php\/2021\/06\/22\/prefeitura-de-lajeado-inicia-processo-da-parceria-publico-privada-ppp-de-iluminacao-publica\/#primaryimage"},"thumbnailUrl":"https:\/\/folhapopular.info\/wp-content\/uploads\/2021\/06\/Reuniao-do-Conselho-Gestor-do-Programa-de-PPP.jpg","datePublished":"2021-06-22T17:00:34+00:00","dateModified":"2021-06-22T17:03:30+00:00","author":{"@id":"https:\/\/folhapopular.info\/#\/schema\/person\/2814e8a0df7643585a9ca38bc6eb9d4b"},"breadcrumb":{"@id":"https:\/\/folhapopular.info\/index.php\/2021\/06\/22\/prefeitura-de-lajeado-inicia-processo-da-parceria-publico-privada-ppp-de-iluminacao-publica\/#breadcrumb"},"inLanguage":"pt-BR","potentialAction":[{"@type":"ReadAction","target":["https:\/\/folhapopular.info\/index.php\/2021\/06\/22\/prefeitura-de-lajeado-inicia-processo-da-parceria-publico-privada-ppp-de-iluminacao-publica\/"]}]},{"@type":"ImageObject","inLanguage":"pt-BR","@id":"https:\/\/folhapopular.info\/index.php\/2021\/06\/22\/prefeitura-de-lajeado-inicia-processo-da-parceria-publico-privada-ppp-de-iluminacao-publica\/#primaryimage","url":"https:\/\/folhapopular.info\/wp-content\/uploads\/2021\/06\/Reuniao-do-Conselho-Gestor-do-Programa-de-PPP.jpg","contentUrl":"https:\/\/folhapopular.info\/wp-content\/uploads\/2021\/06\/Reuniao-do-Conselho-Gestor-do-Programa-de-PPP.jpg","width":600,"height":375,"caption":"Reuni\u00e3o do Conselho Gestor do Programa de PPP. Cr\u00e9dito da foto: Francini Ledur\/Divulga\u00e7\u00e3o"},{"@type":"BreadcrumbList","@id":"https:\/\/folhapopular.info\/index.php\/2021\/06\/22\/prefeitura-de-lajeado-inicia-processo-da-parceria-publico-privada-ppp-de-iluminacao-publica\/#breadcrumb","itemListElement":[{"@type":"ListItem","position":1,"name":"In\u00edcio","item":"https:\/\/folhapopular.info\/"},{"@type":"ListItem","position":2,"name":"Prefeitura de Lajeado inicia processo da Parceria P\u00fablico-Privada (PPP) de ilumina\u00e7\u00e3o p\u00fablica"}]},{"@type":"WebSite","@id":"https:\/\/folhapopular.info\/#website","url":"https:\/\/folhapopular.info\/","name":"Folha Popular","description":"Onde voc\u00ea tem vez e voz","potentialAction":[{"@type":"SearchAction","target":{"@type":"EntryPoint","urlTemplate":"https:\/\/folhapopular.info\/?s={search_term_string}"},"query-input":{"@type":"PropertyValueSpecification","valueRequired":true,"valueName":"search_term_string"}}],"inLanguage":"pt-BR"},{"@type":"Person","@id":"https:\/\/folhapopular.info\/#\/schema\/person\/2814e8a0df7643585a9ca38bc6eb9d4b","name":"Reda\u00e7\u00e3o Folha Popular","image":{"@type":"ImageObject","inLanguage":"pt-BR","@id":"https:\/\/folhapopular.info\/wp-content\/uploads\/2026\/04\/Folha-1.webp","url":"https:\/\/folhapopular.info\/wp-content\/uploads\/2026\/04\/Folha-1.webp","contentUrl":"https:\/\/folhapopular.info\/wp-content\/uploads\/2026\/04\/Folha-1.webp","caption":"Reda\u00e7\u00e3o Folha Popular"},"url":"https:\/\/folhapopular.info\/index.php\/author\/redacao\/"}]}},"jetpack_featured_media_url":"https:\/\/folhapopular.info\/wp-content\/uploads\/2021\/06\/Reuniao-do-Conselho-Gestor-do-Programa-de-PPP.jpg","jetpack_sharing_enabled":true,"amp_enabled":true,"_links":{"self":[{"href":"https:\/\/folhapopular.info\/index.php\/wp-json\/wp\/v2\/posts\/85556","targetHints":{"allow":["GET"]}}],"collection":[{"href":"https:\/\/folhapopular.info\/index.php\/wp-json\/wp\/v2\/posts"}],"about":[{"href":"https:\/\/folhapopular.info\/index.php\/wp-json\/wp\/v2\/types\/post"}],"author":[{"embeddable":true,"href":"https:\/\/folhapopular.info\/index.php\/wp-json\/wp\/v2\/users\/8"}],"replies":[{"embeddable":true,"href":"https:\/\/folhapopular.info\/index.php\/wp-json\/wp\/v2\/comments?post=85556"}],"version-history":[{"count":0,"href":"https:\/\/folhapopular.info\/index.php\/wp-json\/wp\/v2\/posts\/85556\/revisions"}],"wp:featuredmedia":[{"embeddable":true,"href":"https:\/\/folhapopular.info\/index.php\/wp-json\/wp\/v2\/media\/85557"}],"wp:attachment":[{"href":"https:\/\/folhapopular.info\/index.php\/wp-json\/wp\/v2\/media?parent=85556"}],"wp:term":[{"taxonomy":"category","embeddable":true,"href":"https:\/\/folhapopular.info\/index.php\/wp-json\/wp\/v2\/categories?post=85556"},{"taxonomy":"post_tag","embeddable":true,"href":"https:\/\/folhapopular.info\/index.php\/wp-json\/wp\/v2\/tags?post=85556"}],"curies":[{"name":"wp","href":"https:\/\/api.w.org\/{rel}","templated":true}]}}