{"id":85615,"date":"2021-06-23T14:08:46","date_gmt":"2021-06-23T17:08:46","guid":{"rendered":"https:\/\/folhapopular.info\/?p=85615"},"modified":"2021-06-23T14:08:54","modified_gmt":"2021-06-23T17:08:54","slug":"prazo-para-solicitacao-do-auxilio-emergencial-foi-prorrogado-ate-28-de-junho-em-bom-retiro-do-sul","status":"publish","type":"post","link":"https:\/\/folhapopular.info\/index.php\/2021\/06\/23\/prazo-para-solicitacao-do-auxilio-emergencial-foi-prorrogado-ate-28-de-junho-em-bom-retiro-do-sul\/","title":{"rendered":"Prazo para solicita\u00e7\u00e3o do aux\u00edlio emergencial foi prorrogado at\u00e9 28 de junho em Bom Retiro do Sul"},"content":{"rendered":"\n<p>Administra\u00e7\u00e3o Municipal de Bom Retiro do Sul, atrav\u00e9s da Secretaria de Ind\u00fastria e Com\u00e9rcio, prorrogou o prazo para os interessados em receber o aux\u00edlio emergencial. Os valores para o aux\u00edlio foram destinados pelo Executivo e Legislativo.<\/p>\n\n\n\n<p>Pelo projeto de lei 067\/2021, aprovado pela C\u00e2mara de Vereadores no dia 22 de junho, os interessados em receber o aux\u00edlio poder\u00e3o fazer o cadastro nos dias 24, 25 e 28 de junho, no setor de Protocolo, no Centro Administrativo.<\/p>\n\n\n\n<p>Conforme a Administra\u00e7\u00e3o Municipal, a prorroga\u00e7\u00e3o se fez necess\u00e1ria diante do pequeno n\u00famero de inscritos e tamb\u00e9m para atender aos interessados que receberam o aux\u00edlio emergencial do governo federal, que demonstrarem necessidade do aux\u00edlio, estendendo assim o n\u00famero de benefici\u00e1rios pelo projeto.<\/p>\n\n\n\n<p>Os requerimentos ser\u00e3o encaminhados para a Comiss\u00e3o respons\u00e1vel pela an\u00e1lise e avalia\u00e7\u00e3o da inscri\u00e7\u00e3o e dos documentos necess\u00e1rios, classificando os inscritos conforme os crit\u00e9rios pr\u00e9-estabelecidos na lei municipal. A lista dos candidatos beneficiados ser\u00e1 divulgada posteriormente.<\/p>\n\n\n\n<p><strong>Documentos necess\u00e1rios para solicita\u00e7\u00e3o do aux\u00edlio emergencial:<\/strong><\/p>\n\n\n\n<p>&#8211; Requerimento do aux\u00edlio financeiro (formul\u00e1rio padr\u00e3o);<br>&#8211; Contrato Social, altera\u00e7\u00f5es e consolida\u00e7\u00f5es;<br>&#8211; Inscri\u00e7\u00e3o de profissional aut\u00f4nomo junto ao cadastro municipal;<br>&#8211; C\u00f3pia do CNPJ e QSA;<br>&#8211; C\u00f3pia de Alvar\u00e1 de licen\u00e7a;<br>&#8211; Comprovante de endere\u00e7o da empresa;<br>&#8211; C\u00f3pia do RG e CPF;<br>&#8211; Contrato de loca\u00e7\u00e3o em nome do requerente ou contrato de financiamento<br>de im\u00f3vel comercial vigente, firmado antes de 1\u00ba de janeiro de 2021;<br>&#8211; Declara\u00e7\u00e3o de renda do requerente e membros do n\u00facleo familiar;<br>(formul\u00e1rio);<br>&#8211; Conta banc\u00e1ria em nome do requerente para recebimento do aux\u00edlio;<br>(formul\u00e1rio);<br>&#8211; Certid\u00e3o de Nascimento ou Carteira de Identidade dos membros que<br>comp\u00f5e o N\u00facleo Familiar.<\/p>\n","protected":false},"excerpt":{"rendered":"<p>Administra\u00e7\u00e3o Municipal de Bom Retiro do Sul, atrav\u00e9s da Secretaria de Ind\u00fastria e Com\u00e9rcio, prorrogou o prazo para os interessados em receber o aux\u00edlio emergencial. Os valores para o aux\u00edlio foram destinados pelo Executivo e Legislativo. Pelo projeto de lei 067\/2021, aprovado pela C\u00e2mara de Vereadores no dia 22 de junho, os interessados em receber [&hellip;]<\/p>\n","protected":false},"author":8,"featured_media":85616,"comment_status":"open","ping_status":"open","sticky":false,"template":"","format":"standard","meta":{"pmpro_default_level":"","_jetpack_memberships_contains_paid_content":false,"footnotes":""},"categories":[2,3],"tags":[5844,146],"class_list":{"0":"post-85615","1":"post","2":"type-post","3":"status-publish","4":"format-standard","5":"has-post-thumbnail","7":"category-featured","8":"category-geral","9":"tag-auxilio-emergencial","10":"tag-bom-retiro-do-sul","11":"pmpro-has-access"},"yoast_head":"<!-- This site is optimized with the Yoast SEO plugin v27.5 - https:\/\/yoast.com\/product\/yoast-seo-wordpress\/ -->\n<title>Prazo para solicita\u00e7\u00e3o do aux\u00edlio emergencial foi prorrogado at\u00e9 28 de junho em Bom Retiro do Sul - Folha Popular<\/title>\n<meta name=\"robots\" content=\"index, follow, max-snippet:-1, max-image-preview:large, max-video-preview:-1\" \/>\n<link rel=\"canonical\" href=\"https:\/\/folhapopular.info\/index.php\/2021\/06\/23\/prazo-para-solicitacao-do-auxilio-emergencial-foi-prorrogado-ate-28-de-junho-em-bom-retiro-do-sul\/\" \/>\n<meta property=\"og:locale\" content=\"pt_BR\" \/>\n<meta property=\"og:type\" content=\"article\" \/>\n<meta property=\"og:title\" content=\"Prazo para solicita\u00e7\u00e3o do aux\u00edlio emergencial foi prorrogado at\u00e9 28 de junho em Bom Retiro do Sul - Folha Popular\" \/>\n<meta property=\"og:description\" content=\"Administra\u00e7\u00e3o Municipal de Bom Retiro do Sul, atrav\u00e9s da Secretaria de Ind\u00fastria e Com\u00e9rcio, prorrogou o prazo para os interessados em receber o aux\u00edlio emergencial. Os valores para o aux\u00edlio foram destinados pelo Executivo e Legislativo. Pelo projeto de lei 067\/2021, aprovado pela C\u00e2mara de Vereadores no dia 22 de junho, os interessados em receber [&hellip;]\" \/>\n<meta property=\"og:url\" content=\"https:\/\/folhapopular.info\/index.php\/2021\/06\/23\/prazo-para-solicitacao-do-auxilio-emergencial-foi-prorrogado-ate-28-de-junho-em-bom-retiro-do-sul\/\" \/>\n<meta property=\"og:site_name\" content=\"Folha Popular\" \/>\n<meta property=\"article:published_time\" content=\"2021-06-23T17:08:46+00:00\" \/>\n<meta property=\"article:modified_time\" content=\"2021-06-23T17:08:54+00:00\" \/>\n<meta property=\"og:image\" content=\"https:\/\/folhapopular.info\/wp-content\/uploads\/2021\/06\/Prazo-para-solicitacao-do-auxilio-emergencial-foi-prorrogado-scaled-e1624468000287.jpg\" \/>\n\t<meta property=\"og:image:width\" content=\"800\" \/>\n\t<meta property=\"og:image:height\" content=\"625\" \/>\n\t<meta property=\"og:image:type\" content=\"image\/jpeg\" \/>\n<meta name=\"author\" content=\"Reda\u00e7\u00e3o Folha Popular\" \/>\n<meta name=\"twitter:card\" content=\"summary_large_image\" \/>\n<meta name=\"twitter:label1\" content=\"Escrito por\" \/>\n\t<meta name=\"twitter:data1\" content=\"Reda\u00e7\u00e3o Folha Popular\" \/>\n\t<meta name=\"twitter:label2\" content=\"Est. tempo de leitura\" \/>\n\t<meta name=\"twitter:data2\" content=\"2 minutos\" \/>\n<script type=\"application\/ld+json\" class=\"yoast-schema-graph\">{\"@context\":\"https:\\\/\\\/schema.org\",\"@graph\":[{\"@type\":\"Article\",\"@id\":\"https:\\\/\\\/folhapopular.info\\\/index.php\\\/2021\\\/06\\\/23\\\/prazo-para-solicitacao-do-auxilio-emergencial-foi-prorrogado-ate-28-de-junho-em-bom-retiro-do-sul\\\/#article\",\"isPartOf\":{\"@id\":\"https:\\\/\\\/folhapopular.info\\\/index.php\\\/2021\\\/06\\\/23\\\/prazo-para-solicitacao-do-auxilio-emergencial-foi-prorrogado-ate-28-de-junho-em-bom-retiro-do-sul\\\/\"},\"author\":{\"name\":\"Reda\u00e7\u00e3o Folha Popular\",\"@id\":\"https:\\\/\\\/folhapopular.info\\\/#\\\/schema\\\/person\\\/2814e8a0df7643585a9ca38bc6eb9d4b\"},\"headline\":\"Prazo para solicita\u00e7\u00e3o do aux\u00edlio emergencial foi prorrogado at\u00e9 28 de junho em Bom Retiro do Sul\",\"datePublished\":\"2021-06-23T17:08:46+00:00\",\"dateModified\":\"2021-06-23T17:08:54+00:00\",\"mainEntityOfPage\":{\"@id\":\"https:\\\/\\\/folhapopular.info\\\/index.php\\\/2021\\\/06\\\/23\\\/prazo-para-solicitacao-do-auxilio-emergencial-foi-prorrogado-ate-28-de-junho-em-bom-retiro-do-sul\\\/\"},\"wordCount\":332,\"commentCount\":0,\"image\":{\"@id\":\"https:\\\/\\\/folhapopular.info\\\/index.php\\\/2021\\\/06\\\/23\\\/prazo-para-solicitacao-do-auxilio-emergencial-foi-prorrogado-ate-28-de-junho-em-bom-retiro-do-sul\\\/#primaryimage\"},\"thumbnailUrl\":\"https:\\\/\\\/folhapopular.info\\\/wp-content\\\/uploads\\\/2021\\\/06\\\/Prazo-para-solicitacao-do-auxilio-emergencial-foi-prorrogado-scaled-e1624468000287.jpg\",\"keywords\":[\"Aux\u00edlio Emergencial\",\"Bom Retiro do Sul\"],\"articleSection\":[\"Destaques\",\"Geral\"],\"inLanguage\":\"pt-BR\",\"potentialAction\":[{\"@type\":\"CommentAction\",\"name\":\"Comment\",\"target\":[\"https:\\\/\\\/folhapopular.info\\\/index.php\\\/2021\\\/06\\\/23\\\/prazo-para-solicitacao-do-auxilio-emergencial-foi-prorrogado-ate-28-de-junho-em-bom-retiro-do-sul\\\/#respond\"]}]},{\"@type\":\"WebPage\",\"@id\":\"https:\\\/\\\/folhapopular.info\\\/index.php\\\/2021\\\/06\\\/23\\\/prazo-para-solicitacao-do-auxilio-emergencial-foi-prorrogado-ate-28-de-junho-em-bom-retiro-do-sul\\\/\",\"url\":\"https:\\\/\\\/folhapopular.info\\\/index.php\\\/2021\\\/06\\\/23\\\/prazo-para-solicitacao-do-auxilio-emergencial-foi-prorrogado-ate-28-de-junho-em-bom-retiro-do-sul\\\/\",\"name\":\"Prazo para solicita\u00e7\u00e3o do aux\u00edlio emergencial foi prorrogado at\u00e9 28 de junho em Bom Retiro do Sul - Folha Popular\",\"isPartOf\":{\"@id\":\"https:\\\/\\\/folhapopular.info\\\/#website\"},\"primaryImageOfPage\":{\"@id\":\"https:\\\/\\\/folhapopular.info\\\/index.php\\\/2021\\\/06\\\/23\\\/prazo-para-solicitacao-do-auxilio-emergencial-foi-prorrogado-ate-28-de-junho-em-bom-retiro-do-sul\\\/#primaryimage\"},\"image\":{\"@id\":\"https:\\\/\\\/folhapopular.info\\\/index.php\\\/2021\\\/06\\\/23\\\/prazo-para-solicitacao-do-auxilio-emergencial-foi-prorrogado-ate-28-de-junho-em-bom-retiro-do-sul\\\/#primaryimage\"},\"thumbnailUrl\":\"https:\\\/\\\/folhapopular.info\\\/wp-content\\\/uploads\\\/2021\\\/06\\\/Prazo-para-solicitacao-do-auxilio-emergencial-foi-prorrogado-scaled-e1624468000287.jpg\",\"datePublished\":\"2021-06-23T17:08:46+00:00\",\"dateModified\":\"2021-06-23T17:08:54+00:00\",\"author\":{\"@id\":\"https:\\\/\\\/folhapopular.info\\\/#\\\/schema\\\/person\\\/2814e8a0df7643585a9ca38bc6eb9d4b\"},\"breadcrumb\":{\"@id\":\"https:\\\/\\\/folhapopular.info\\\/index.php\\\/2021\\\/06\\\/23\\\/prazo-para-solicitacao-do-auxilio-emergencial-foi-prorrogado-ate-28-de-junho-em-bom-retiro-do-sul\\\/#breadcrumb\"},\"inLanguage\":\"pt-BR\",\"potentialAction\":[{\"@type\":\"ReadAction\",\"target\":[\"https:\\\/\\\/folhapopular.info\\\/index.php\\\/2021\\\/06\\\/23\\\/prazo-para-solicitacao-do-auxilio-emergencial-foi-prorrogado-ate-28-de-junho-em-bom-retiro-do-sul\\\/\"]}]},{\"@type\":\"ImageObject\",\"inLanguage\":\"pt-BR\",\"@id\":\"https:\\\/\\\/folhapopular.info\\\/index.php\\\/2021\\\/06\\\/23\\\/prazo-para-solicitacao-do-auxilio-emergencial-foi-prorrogado-ate-28-de-junho-em-bom-retiro-do-sul\\\/#primaryimage\",\"url\":\"https:\\\/\\\/folhapopular.info\\\/wp-content\\\/uploads\\\/2021\\\/06\\\/Prazo-para-solicitacao-do-auxilio-emergencial-foi-prorrogado-scaled-e1624468000287.jpg\",\"contentUrl\":\"https:\\\/\\\/folhapopular.info\\\/wp-content\\\/uploads\\\/2021\\\/06\\\/Prazo-para-solicitacao-do-auxilio-emergencial-foi-prorrogado-scaled-e1624468000287.jpg\",\"width\":800,\"height\":625,\"caption\":\"Cr\u00e9dito da foto: Fernando Dias\\\/Divulga\u00e7\u00e3o\"},{\"@type\":\"BreadcrumbList\",\"@id\":\"https:\\\/\\\/folhapopular.info\\\/index.php\\\/2021\\\/06\\\/23\\\/prazo-para-solicitacao-do-auxilio-emergencial-foi-prorrogado-ate-28-de-junho-em-bom-retiro-do-sul\\\/#breadcrumb\",\"itemListElement\":[{\"@type\":\"ListItem\",\"position\":1,\"name\":\"In\u00edcio\",\"item\":\"https:\\\/\\\/folhapopular.info\\\/\"},{\"@type\":\"ListItem\",\"position\":2,\"name\":\"Prazo para solicita\u00e7\u00e3o do aux\u00edlio emergencial foi prorrogado at\u00e9 28 de junho em Bom Retiro do Sul\"}]},{\"@type\":\"WebSite\",\"@id\":\"https:\\\/\\\/folhapopular.info\\\/#website\",\"url\":\"https:\\\/\\\/folhapopular.info\\\/\",\"name\":\"Folha Popular\",\"description\":\"Onde voc\u00ea tem vez e voz\",\"potentialAction\":[{\"@type\":\"SearchAction\",\"target\":{\"@type\":\"EntryPoint\",\"urlTemplate\":\"https:\\\/\\\/folhapopular.info\\\/?s={search_term_string}\"},\"query-input\":{\"@type\":\"PropertyValueSpecification\",\"valueRequired\":true,\"valueName\":\"search_term_string\"}}],\"inLanguage\":\"pt-BR\"},{\"@type\":\"Person\",\"@id\":\"https:\\\/\\\/folhapopular.info\\\/#\\\/schema\\\/person\\\/2814e8a0df7643585a9ca38bc6eb9d4b\",\"name\":\"Reda\u00e7\u00e3o Folha Popular\",\"image\":{\"@type\":\"ImageObject\",\"inLanguage\":\"pt-BR\",\"@id\":\"https:\\\/\\\/folhapopular.info\\\/wp-content\\\/uploads\\\/2026\\\/04\\\/Folha-1.webp\",\"url\":\"https:\\\/\\\/folhapopular.info\\\/wp-content\\\/uploads\\\/2026\\\/04\\\/Folha-1.webp\",\"contentUrl\":\"https:\\\/\\\/folhapopular.info\\\/wp-content\\\/uploads\\\/2026\\\/04\\\/Folha-1.webp\",\"caption\":\"Reda\u00e7\u00e3o Folha Popular\"},\"url\":\"https:\\\/\\\/folhapopular.info\\\/index.php\\\/author\\\/redacao\\\/\"}]}<\/script>\n<!-- \/ Yoast SEO plugin. -->","yoast_head_json":{"title":"Prazo para solicita\u00e7\u00e3o do aux\u00edlio emergencial foi prorrogado at\u00e9 28 de junho em Bom Retiro do Sul - Folha Popular","robots":{"index":"index","follow":"follow","max-snippet":"max-snippet:-1","max-image-preview":"max-image-preview:large","max-video-preview":"max-video-preview:-1"},"canonical":"https:\/\/folhapopular.info\/index.php\/2021\/06\/23\/prazo-para-solicitacao-do-auxilio-emergencial-foi-prorrogado-ate-28-de-junho-em-bom-retiro-do-sul\/","og_locale":"pt_BR","og_type":"article","og_title":"Prazo para solicita\u00e7\u00e3o do aux\u00edlio emergencial foi prorrogado at\u00e9 28 de junho em Bom Retiro do Sul - Folha Popular","og_description":"Administra\u00e7\u00e3o Municipal de Bom Retiro do Sul, atrav\u00e9s da Secretaria de Ind\u00fastria e Com\u00e9rcio, prorrogou o prazo para os interessados em receber o aux\u00edlio emergencial. Os valores para o aux\u00edlio foram destinados pelo Executivo e Legislativo. Pelo projeto de lei 067\/2021, aprovado pela C\u00e2mara de Vereadores no dia 22 de junho, os interessados em receber [&hellip;]","og_url":"https:\/\/folhapopular.info\/index.php\/2021\/06\/23\/prazo-para-solicitacao-do-auxilio-emergencial-foi-prorrogado-ate-28-de-junho-em-bom-retiro-do-sul\/","og_site_name":"Folha Popular","article_published_time":"2021-06-23T17:08:46+00:00","article_modified_time":"2021-06-23T17:08:54+00:00","og_image":[{"width":800,"height":625,"url":"https:\/\/folhapopular.info\/wp-content\/uploads\/2021\/06\/Prazo-para-solicitacao-do-auxilio-emergencial-foi-prorrogado-scaled-e1624468000287.jpg","type":"image\/jpeg"}],"author":"Reda\u00e7\u00e3o Folha Popular","twitter_card":"summary_large_image","twitter_misc":{"Escrito por":"Reda\u00e7\u00e3o Folha Popular","Est. tempo de leitura":"2 minutos"},"schema":{"@context":"https:\/\/schema.org","@graph":[{"@type":"Article","@id":"https:\/\/folhapopular.info\/index.php\/2021\/06\/23\/prazo-para-solicitacao-do-auxilio-emergencial-foi-prorrogado-ate-28-de-junho-em-bom-retiro-do-sul\/#article","isPartOf":{"@id":"https:\/\/folhapopular.info\/index.php\/2021\/06\/23\/prazo-para-solicitacao-do-auxilio-emergencial-foi-prorrogado-ate-28-de-junho-em-bom-retiro-do-sul\/"},"author":{"name":"Reda\u00e7\u00e3o Folha Popular","@id":"https:\/\/folhapopular.info\/#\/schema\/person\/2814e8a0df7643585a9ca38bc6eb9d4b"},"headline":"Prazo para solicita\u00e7\u00e3o do aux\u00edlio emergencial foi prorrogado at\u00e9 28 de junho em Bom Retiro do Sul","datePublished":"2021-06-23T17:08:46+00:00","dateModified":"2021-06-23T17:08:54+00:00","mainEntityOfPage":{"@id":"https:\/\/folhapopular.info\/index.php\/2021\/06\/23\/prazo-para-solicitacao-do-auxilio-emergencial-foi-prorrogado-ate-28-de-junho-em-bom-retiro-do-sul\/"},"wordCount":332,"commentCount":0,"image":{"@id":"https:\/\/folhapopular.info\/index.php\/2021\/06\/23\/prazo-para-solicitacao-do-auxilio-emergencial-foi-prorrogado-ate-28-de-junho-em-bom-retiro-do-sul\/#primaryimage"},"thumbnailUrl":"https:\/\/folhapopular.info\/wp-content\/uploads\/2021\/06\/Prazo-para-solicitacao-do-auxilio-emergencial-foi-prorrogado-scaled-e1624468000287.jpg","keywords":["Aux\u00edlio Emergencial","Bom Retiro do Sul"],"articleSection":["Destaques","Geral"],"inLanguage":"pt-BR","potentialAction":[{"@type":"CommentAction","name":"Comment","target":["https:\/\/folhapopular.info\/index.php\/2021\/06\/23\/prazo-para-solicitacao-do-auxilio-emergencial-foi-prorrogado-ate-28-de-junho-em-bom-retiro-do-sul\/#respond"]}]},{"@type":"WebPage","@id":"https:\/\/folhapopular.info\/index.php\/2021\/06\/23\/prazo-para-solicitacao-do-auxilio-emergencial-foi-prorrogado-ate-28-de-junho-em-bom-retiro-do-sul\/","url":"https:\/\/folhapopular.info\/index.php\/2021\/06\/23\/prazo-para-solicitacao-do-auxilio-emergencial-foi-prorrogado-ate-28-de-junho-em-bom-retiro-do-sul\/","name":"Prazo para solicita\u00e7\u00e3o do aux\u00edlio emergencial foi prorrogado at\u00e9 28 de junho em Bom Retiro do Sul - Folha Popular","isPartOf":{"@id":"https:\/\/folhapopular.info\/#website"},"primaryImageOfPage":{"@id":"https:\/\/folhapopular.info\/index.php\/2021\/06\/23\/prazo-para-solicitacao-do-auxilio-emergencial-foi-prorrogado-ate-28-de-junho-em-bom-retiro-do-sul\/#primaryimage"},"image":{"@id":"https:\/\/folhapopular.info\/index.php\/2021\/06\/23\/prazo-para-solicitacao-do-auxilio-emergencial-foi-prorrogado-ate-28-de-junho-em-bom-retiro-do-sul\/#primaryimage"},"thumbnailUrl":"https:\/\/folhapopular.info\/wp-content\/uploads\/2021\/06\/Prazo-para-solicitacao-do-auxilio-emergencial-foi-prorrogado-scaled-e1624468000287.jpg","datePublished":"2021-06-23T17:08:46+00:00","dateModified":"2021-06-23T17:08:54+00:00","author":{"@id":"https:\/\/folhapopular.info\/#\/schema\/person\/2814e8a0df7643585a9ca38bc6eb9d4b"},"breadcrumb":{"@id":"https:\/\/folhapopular.info\/index.php\/2021\/06\/23\/prazo-para-solicitacao-do-auxilio-emergencial-foi-prorrogado-ate-28-de-junho-em-bom-retiro-do-sul\/#breadcrumb"},"inLanguage":"pt-BR","potentialAction":[{"@type":"ReadAction","target":["https:\/\/folhapopular.info\/index.php\/2021\/06\/23\/prazo-para-solicitacao-do-auxilio-emergencial-foi-prorrogado-ate-28-de-junho-em-bom-retiro-do-sul\/"]}]},{"@type":"ImageObject","inLanguage":"pt-BR","@id":"https:\/\/folhapopular.info\/index.php\/2021\/06\/23\/prazo-para-solicitacao-do-auxilio-emergencial-foi-prorrogado-ate-28-de-junho-em-bom-retiro-do-sul\/#primaryimage","url":"https:\/\/folhapopular.info\/wp-content\/uploads\/2021\/06\/Prazo-para-solicitacao-do-auxilio-emergencial-foi-prorrogado-scaled-e1624468000287.jpg","contentUrl":"https:\/\/folhapopular.info\/wp-content\/uploads\/2021\/06\/Prazo-para-solicitacao-do-auxilio-emergencial-foi-prorrogado-scaled-e1624468000287.jpg","width":800,"height":625,"caption":"Cr\u00e9dito da foto: Fernando Dias\/Divulga\u00e7\u00e3o"},{"@type":"BreadcrumbList","@id":"https:\/\/folhapopular.info\/index.php\/2021\/06\/23\/prazo-para-solicitacao-do-auxilio-emergencial-foi-prorrogado-ate-28-de-junho-em-bom-retiro-do-sul\/#breadcrumb","itemListElement":[{"@type":"ListItem","position":1,"name":"In\u00edcio","item":"https:\/\/folhapopular.info\/"},{"@type":"ListItem","position":2,"name":"Prazo para solicita\u00e7\u00e3o do aux\u00edlio emergencial foi prorrogado at\u00e9 28 de junho em Bom Retiro do Sul"}]},{"@type":"WebSite","@id":"https:\/\/folhapopular.info\/#website","url":"https:\/\/folhapopular.info\/","name":"Folha Popular","description":"Onde voc\u00ea tem vez e voz","potentialAction":[{"@type":"SearchAction","target":{"@type":"EntryPoint","urlTemplate":"https:\/\/folhapopular.info\/?s={search_term_string}"},"query-input":{"@type":"PropertyValueSpecification","valueRequired":true,"valueName":"search_term_string"}}],"inLanguage":"pt-BR"},{"@type":"Person","@id":"https:\/\/folhapopular.info\/#\/schema\/person\/2814e8a0df7643585a9ca38bc6eb9d4b","name":"Reda\u00e7\u00e3o Folha Popular","image":{"@type":"ImageObject","inLanguage":"pt-BR","@id":"https:\/\/folhapopular.info\/wp-content\/uploads\/2026\/04\/Folha-1.webp","url":"https:\/\/folhapopular.info\/wp-content\/uploads\/2026\/04\/Folha-1.webp","contentUrl":"https:\/\/folhapopular.info\/wp-content\/uploads\/2026\/04\/Folha-1.webp","caption":"Reda\u00e7\u00e3o Folha Popular"},"url":"https:\/\/folhapopular.info\/index.php\/author\/redacao\/"}]}},"jetpack_featured_media_url":"https:\/\/folhapopular.info\/wp-content\/uploads\/2021\/06\/Prazo-para-solicitacao-do-auxilio-emergencial-foi-prorrogado-scaled-e1624468000287.jpg","jetpack_sharing_enabled":true,"amp_enabled":true,"_links":{"self":[{"href":"https:\/\/folhapopular.info\/index.php\/wp-json\/wp\/v2\/posts\/85615","targetHints":{"allow":["GET"]}}],"collection":[{"href":"https:\/\/folhapopular.info\/index.php\/wp-json\/wp\/v2\/posts"}],"about":[{"href":"https:\/\/folhapopular.info\/index.php\/wp-json\/wp\/v2\/types\/post"}],"author":[{"embeddable":true,"href":"https:\/\/folhapopular.info\/index.php\/wp-json\/wp\/v2\/users\/8"}],"replies":[{"embeddable":true,"href":"https:\/\/folhapopular.info\/index.php\/wp-json\/wp\/v2\/comments?post=85615"}],"version-history":[{"count":0,"href":"https:\/\/folhapopular.info\/index.php\/wp-json\/wp\/v2\/posts\/85615\/revisions"}],"wp:featuredmedia":[{"embeddable":true,"href":"https:\/\/folhapopular.info\/index.php\/wp-json\/wp\/v2\/media\/85616"}],"wp:attachment":[{"href":"https:\/\/folhapopular.info\/index.php\/wp-json\/wp\/v2\/media?parent=85615"}],"wp:term":[{"taxonomy":"category","embeddable":true,"href":"https:\/\/folhapopular.info\/index.php\/wp-json\/wp\/v2\/categories?post=85615"},{"taxonomy":"post_tag","embeddable":true,"href":"https:\/\/folhapopular.info\/index.php\/wp-json\/wp\/v2\/tags?post=85615"}],"curies":[{"name":"wp","href":"https:\/\/api.w.org\/{rel}","templated":true}]}}