{"id":85653,"date":"2021-06-24T08:20:56","date_gmt":"2021-06-24T11:20:56","guid":{"rendered":"https:\/\/folhapopular.info\/?p=85653"},"modified":"2021-06-24T08:21:00","modified_gmt":"2021-06-24T11:21:00","slug":"estado-passa-a-vacinar-todas-as-gestantes-e-puerperas-com-ou-sem-comorbidades","status":"publish","type":"post","link":"https:\/\/folhapopular.info\/index.php\/2021\/06\/24\/estado-passa-a-vacinar-todas-as-gestantes-e-puerperas-com-ou-sem-comorbidades\/","title":{"rendered":"Estado passa a vacinar todas as gestantes e pu\u00e9rperas, com ou sem comorbidades"},"content":{"rendered":"\n<p>Todas as gestantes e pu\u00e9rperas maiores de 18 anos, com ou sem comorbidades, foram inclu\u00eddas na vacina\u00e7\u00e3o contra o coronav\u00edrus no Rio Grande do Sul. Trata-se de uma popula\u00e7\u00e3o estimada em 117.541 mulheres que podem ser imunizadas com as vacinas Coronavac e Pfizer. A inclus\u00e3o deste grupo no Plano Estadual de Vacina\u00e7\u00e3o contra a Covid-19 foi recomendada em nota conjunta publicada pela Secretaria da Sa\u00fade (SES) e Associa\u00e7\u00e3o de Obstetr\u00edcia e Ginecologia do Rio Grande do Sul (Sogirgs).<\/p>\n\n\n\n<p>De acordo com a diretora do Departamento de Aten\u00e7\u00e3o Prim\u00e1ria e Pol\u00edticas de Sa\u00fade (DAPPS), Ana Costa, a medida se deve ao agravamento da pandemia e ao crescente aumento da mortalidade materna registrada no Estado devido \u00e0 Covid-19. \u201cGestantes e pu\u00e9rperas correm mais riscos de apresentarem complica\u00e7\u00f5es com a doen\u00e7a, e os n\u00fameros de casos neste grupo s\u00e3o impactantes do ponto de vista epidemiol\u00f3gico\u201d, afirma.<\/p>\n\n\n\n<p>A \u00faltima edi\u00e7\u00e3o do Boletim Epidemiol\u00f3gico de Mortalidade Materna e Infantil do Rio Grande do Sul, publicada neste m\u00eas, informa que, de janeiro a abril deste ano, o Rio Grande do Sul registrou 35 \u00f3bitos maternos por Covid-19. Durante todo o ano de 2020, foram seis casos.<\/p>\n\n\n\n<p>Em 2021, considerando apenas o primeiro quadrimestre, o mesmo sistema registrou um total de 406 interna\u00e7\u00f5es entre gestantes e pu\u00e9rperas no Estado. Foram confirmados 323 casos de Covid-19, inclu\u00eddos aqueles que est\u00e3o em andamento ou encerrados. Entre os casos, h\u00e1 106 interna\u00e7\u00f5es em UTI, sendo que 87 foram finalizadas, com 54 curados e 33 mortes, somados a dois \u00f3bitos sem interna\u00e7\u00e3o em UTI.<\/p>\n\n\n\n<p><strong>Documentos para vacina\u00e7\u00e3o: <\/strong><br>&#8211; Gestantes: cart\u00e3o pr\u00e9-natal ou exame laboratorial\/ecogr\u00e1fico comprovando a gesta\u00e7\u00e3o;<br>&#8211; Pu\u00e9rperas: documento de registro de alta hospitalar p\u00f3s-parto ou certificado de nascimento.<\/p>\n\n\n\n<p>Leia o documento\u00a0<a href=\"https:\/\/saude.rs.gov.br\/upload\/arquivos\/202106\/23175649-recomendacao-sobre-a-inclusao-de-gestantes-e-puerperas-sem-comorbidades-no-pni.pdf\" target=\"_blank\" rel=\"noreferrer noopener\">Recomenda\u00e7\u00e3o sobre a inclus\u00e3o de gestantes e pu\u00e9rperas sem comorbidades no PNI<\/a>.<\/p>\n","protected":false},"excerpt":{"rendered":"<p>Todas as gestantes e pu\u00e9rperas maiores de 18 anos, com ou sem comorbidades, foram inclu\u00eddas na vacina\u00e7\u00e3o contra o coronav\u00edrus no Rio Grande do Sul. Trata-se de uma popula\u00e7\u00e3o estimada em 117.541 mulheres que podem ser imunizadas com as vacinas Coronavac e Pfizer. A inclus\u00e3o deste grupo no Plano Estadual de Vacina\u00e7\u00e3o contra a Covid-19 [&hellip;]<\/p>\n","protected":false},"author":8,"featured_media":83379,"comment_status":"open","ping_status":"open","sticky":false,"template":"","format":"standard","meta":{"pmpro_default_level":"","_jetpack_memberships_contains_paid_content":false,"footnotes":""},"categories":[5756,2,3],"tags":[5707,176,878,1794,87],"class_list":{"0":"post-85653","1":"post","2":"type-post","3":"status-publish","4":"format-standard","5":"has-post-thumbnail","7":"category-coronavirus","8":"category-featured","9":"category-geral","10":"tag-covid-19","11":"tag-estado","12":"tag-governo-do-estado","13":"tag-rio-grande-do-sul","14":"tag-vacinacao","15":"pmpro-has-access"},"yoast_head":"<!-- This site is optimized with the Yoast SEO plugin v27.5 - https:\/\/yoast.com\/product\/yoast-seo-wordpress\/ -->\n<title>Estado passa a vacinar todas as gestantes e pu\u00e9rperas, com ou sem comorbidades - Folha Popular<\/title>\n<meta name=\"robots\" content=\"index, follow, max-snippet:-1, max-image-preview:large, max-video-preview:-1\" \/>\n<link rel=\"canonical\" href=\"https:\/\/folhapopular.info\/index.php\/2021\/06\/24\/estado-passa-a-vacinar-todas-as-gestantes-e-puerperas-com-ou-sem-comorbidades\/\" \/>\n<meta property=\"og:locale\" content=\"pt_BR\" \/>\n<meta property=\"og:type\" content=\"article\" \/>\n<meta property=\"og:title\" content=\"Estado passa a vacinar todas as gestantes e pu\u00e9rperas, com ou sem comorbidades - Folha Popular\" \/>\n<meta property=\"og:description\" content=\"Todas as gestantes e pu\u00e9rperas maiores de 18 anos, com ou sem comorbidades, foram inclu\u00eddas na vacina\u00e7\u00e3o contra o coronav\u00edrus no Rio Grande do Sul. Trata-se de uma popula\u00e7\u00e3o estimada em 117.541 mulheres que podem ser imunizadas com as vacinas Coronavac e Pfizer. A inclus\u00e3o deste grupo no Plano Estadual de Vacina\u00e7\u00e3o contra a Covid-19 [&hellip;]\" \/>\n<meta property=\"og:url\" content=\"https:\/\/folhapopular.info\/index.php\/2021\/06\/24\/estado-passa-a-vacinar-todas-as-gestantes-e-puerperas-com-ou-sem-comorbidades\/\" \/>\n<meta property=\"og:site_name\" content=\"Folha Popular\" \/>\n<meta property=\"article:published_time\" content=\"2021-06-24T11:20:56+00:00\" \/>\n<meta property=\"article:modified_time\" content=\"2021-06-24T11:21:00+00:00\" \/>\n<meta property=\"og:image\" content=\"https:\/\/folhapopular.info\/wp-content\/uploads\/2021\/05\/14.04_Gripe-Vacinacao-inicio-gestantes--e1620648497101.jpeg\" \/>\n\t<meta property=\"og:image:width\" content=\"673\" \/>\n\t<meta property=\"og:image:height\" content=\"800\" \/>\n\t<meta property=\"og:image:type\" content=\"image\/jpeg\" \/>\n<meta name=\"author\" content=\"Reda\u00e7\u00e3o Folha Popular\" \/>\n<meta name=\"twitter:card\" content=\"summary_large_image\" \/>\n<meta name=\"twitter:label1\" content=\"Escrito por\" \/>\n\t<meta name=\"twitter:data1\" content=\"Reda\u00e7\u00e3o Folha Popular\" \/>\n\t<meta name=\"twitter:label2\" content=\"Est. tempo de leitura\" \/>\n\t<meta name=\"twitter:data2\" content=\"2 minutos\" \/>\n<script type=\"application\/ld+json\" class=\"yoast-schema-graph\">{\"@context\":\"https:\\\/\\\/schema.org\",\"@graph\":[{\"@type\":\"Article\",\"@id\":\"https:\\\/\\\/folhapopular.info\\\/index.php\\\/2021\\\/06\\\/24\\\/estado-passa-a-vacinar-todas-as-gestantes-e-puerperas-com-ou-sem-comorbidades\\\/#article\",\"isPartOf\":{\"@id\":\"https:\\\/\\\/folhapopular.info\\\/index.php\\\/2021\\\/06\\\/24\\\/estado-passa-a-vacinar-todas-as-gestantes-e-puerperas-com-ou-sem-comorbidades\\\/\"},\"author\":{\"name\":\"Reda\u00e7\u00e3o Folha Popular\",\"@id\":\"https:\\\/\\\/folhapopular.info\\\/#\\\/schema\\\/person\\\/2814e8a0df7643585a9ca38bc6eb9d4b\"},\"headline\":\"Estado passa a vacinar todas as gestantes e pu\u00e9rperas, com ou sem comorbidades\",\"datePublished\":\"2021-06-24T11:20:56+00:00\",\"dateModified\":\"2021-06-24T11:21:00+00:00\",\"mainEntityOfPage\":{\"@id\":\"https:\\\/\\\/folhapopular.info\\\/index.php\\\/2021\\\/06\\\/24\\\/estado-passa-a-vacinar-todas-as-gestantes-e-puerperas-com-ou-sem-comorbidades\\\/\"},\"wordCount\":336,\"commentCount\":0,\"image\":{\"@id\":\"https:\\\/\\\/folhapopular.info\\\/index.php\\\/2021\\\/06\\\/24\\\/estado-passa-a-vacinar-todas-as-gestantes-e-puerperas-com-ou-sem-comorbidades\\\/#primaryimage\"},\"thumbnailUrl\":\"https:\\\/\\\/folhapopular.info\\\/wp-content\\\/uploads\\\/2021\\\/05\\\/14.04_Gripe-Vacinacao-inicio-gestantes--e1620648497101.jpeg\",\"keywords\":[\"Covid-19\",\"Estado\",\"Governo do Estado\",\"Rio Grande do Sul\",\"Vacina\u00e7\u00e3o\"],\"articleSection\":[\"Coronav\u00edrus\",\"Destaques\",\"Geral\"],\"inLanguage\":\"pt-BR\",\"potentialAction\":[{\"@type\":\"CommentAction\",\"name\":\"Comment\",\"target\":[\"https:\\\/\\\/folhapopular.info\\\/index.php\\\/2021\\\/06\\\/24\\\/estado-passa-a-vacinar-todas-as-gestantes-e-puerperas-com-ou-sem-comorbidades\\\/#respond\"]}]},{\"@type\":\"WebPage\",\"@id\":\"https:\\\/\\\/folhapopular.info\\\/index.php\\\/2021\\\/06\\\/24\\\/estado-passa-a-vacinar-todas-as-gestantes-e-puerperas-com-ou-sem-comorbidades\\\/\",\"url\":\"https:\\\/\\\/folhapopular.info\\\/index.php\\\/2021\\\/06\\\/24\\\/estado-passa-a-vacinar-todas-as-gestantes-e-puerperas-com-ou-sem-comorbidades\\\/\",\"name\":\"Estado passa a vacinar todas as gestantes e pu\u00e9rperas, com ou sem comorbidades - Folha Popular\",\"isPartOf\":{\"@id\":\"https:\\\/\\\/folhapopular.info\\\/#website\"},\"primaryImageOfPage\":{\"@id\":\"https:\\\/\\\/folhapopular.info\\\/index.php\\\/2021\\\/06\\\/24\\\/estado-passa-a-vacinar-todas-as-gestantes-e-puerperas-com-ou-sem-comorbidades\\\/#primaryimage\"},\"image\":{\"@id\":\"https:\\\/\\\/folhapopular.info\\\/index.php\\\/2021\\\/06\\\/24\\\/estado-passa-a-vacinar-todas-as-gestantes-e-puerperas-com-ou-sem-comorbidades\\\/#primaryimage\"},\"thumbnailUrl\":\"https:\\\/\\\/folhapopular.info\\\/wp-content\\\/uploads\\\/2021\\\/05\\\/14.04_Gripe-Vacinacao-inicio-gestantes--e1620648497101.jpeg\",\"datePublished\":\"2021-06-24T11:20:56+00:00\",\"dateModified\":\"2021-06-24T11:21:00+00:00\",\"author\":{\"@id\":\"https:\\\/\\\/folhapopular.info\\\/#\\\/schema\\\/person\\\/2814e8a0df7643585a9ca38bc6eb9d4b\"},\"breadcrumb\":{\"@id\":\"https:\\\/\\\/folhapopular.info\\\/index.php\\\/2021\\\/06\\\/24\\\/estado-passa-a-vacinar-todas-as-gestantes-e-puerperas-com-ou-sem-comorbidades\\\/#breadcrumb\"},\"inLanguage\":\"pt-BR\",\"potentialAction\":[{\"@type\":\"ReadAction\",\"target\":[\"https:\\\/\\\/folhapopular.info\\\/index.php\\\/2021\\\/06\\\/24\\\/estado-passa-a-vacinar-todas-as-gestantes-e-puerperas-com-ou-sem-comorbidades\\\/\"]}]},{\"@type\":\"ImageObject\",\"inLanguage\":\"pt-BR\",\"@id\":\"https:\\\/\\\/folhapopular.info\\\/index.php\\\/2021\\\/06\\\/24\\\/estado-passa-a-vacinar-todas-as-gestantes-e-puerperas-com-ou-sem-comorbidades\\\/#primaryimage\",\"url\":\"https:\\\/\\\/folhapopular.info\\\/wp-content\\\/uploads\\\/2021\\\/05\\\/14.04_Gripe-Vacinacao-inicio-gestantes--e1620648497101.jpeg\",\"contentUrl\":\"https:\\\/\\\/folhapopular.info\\\/wp-content\\\/uploads\\\/2021\\\/05\\\/14.04_Gripe-Vacinacao-inicio-gestantes--e1620648497101.jpeg\",\"width\":673,\"height\":800,\"caption\":\"Em Estrela a vacina\u00e7\u00e3o j\u00e1 come\u00e7ou. Cr\u00e9dito da foto: Prefeitura de Estrela\\\/Divulga\u00e7\u00e3o\"},{\"@type\":\"BreadcrumbList\",\"@id\":\"https:\\\/\\\/folhapopular.info\\\/index.php\\\/2021\\\/06\\\/24\\\/estado-passa-a-vacinar-todas-as-gestantes-e-puerperas-com-ou-sem-comorbidades\\\/#breadcrumb\",\"itemListElement\":[{\"@type\":\"ListItem\",\"position\":1,\"name\":\"In\u00edcio\",\"item\":\"https:\\\/\\\/folhapopular.info\\\/\"},{\"@type\":\"ListItem\",\"position\":2,\"name\":\"Estado passa a vacinar todas as gestantes e pu\u00e9rperas, com ou sem comorbidades\"}]},{\"@type\":\"WebSite\",\"@id\":\"https:\\\/\\\/folhapopular.info\\\/#website\",\"url\":\"https:\\\/\\\/folhapopular.info\\\/\",\"name\":\"Folha Popular\",\"description\":\"Onde voc\u00ea tem vez e voz\",\"potentialAction\":[{\"@type\":\"SearchAction\",\"target\":{\"@type\":\"EntryPoint\",\"urlTemplate\":\"https:\\\/\\\/folhapopular.info\\\/?s={search_term_string}\"},\"query-input\":{\"@type\":\"PropertyValueSpecification\",\"valueRequired\":true,\"valueName\":\"search_term_string\"}}],\"inLanguage\":\"pt-BR\"},{\"@type\":\"Person\",\"@id\":\"https:\\\/\\\/folhapopular.info\\\/#\\\/schema\\\/person\\\/2814e8a0df7643585a9ca38bc6eb9d4b\",\"name\":\"Reda\u00e7\u00e3o Folha Popular\",\"image\":{\"@type\":\"ImageObject\",\"inLanguage\":\"pt-BR\",\"@id\":\"https:\\\/\\\/folhapopular.info\\\/wp-content\\\/uploads\\\/2026\\\/04\\\/Folha-1.webp\",\"url\":\"https:\\\/\\\/folhapopular.info\\\/wp-content\\\/uploads\\\/2026\\\/04\\\/Folha-1.webp\",\"contentUrl\":\"https:\\\/\\\/folhapopular.info\\\/wp-content\\\/uploads\\\/2026\\\/04\\\/Folha-1.webp\",\"caption\":\"Reda\u00e7\u00e3o Folha Popular\"},\"url\":\"https:\\\/\\\/folhapopular.info\\\/index.php\\\/author\\\/redacao\\\/\"}]}<\/script>\n<!-- \/ Yoast SEO plugin. -->","yoast_head_json":{"title":"Estado passa a vacinar todas as gestantes e pu\u00e9rperas, com ou sem comorbidades - Folha Popular","robots":{"index":"index","follow":"follow","max-snippet":"max-snippet:-1","max-image-preview":"max-image-preview:large","max-video-preview":"max-video-preview:-1"},"canonical":"https:\/\/folhapopular.info\/index.php\/2021\/06\/24\/estado-passa-a-vacinar-todas-as-gestantes-e-puerperas-com-ou-sem-comorbidades\/","og_locale":"pt_BR","og_type":"article","og_title":"Estado passa a vacinar todas as gestantes e pu\u00e9rperas, com ou sem comorbidades - Folha Popular","og_description":"Todas as gestantes e pu\u00e9rperas maiores de 18 anos, com ou sem comorbidades, foram inclu\u00eddas na vacina\u00e7\u00e3o contra o coronav\u00edrus no Rio Grande do Sul. Trata-se de uma popula\u00e7\u00e3o estimada em 117.541 mulheres que podem ser imunizadas com as vacinas Coronavac e Pfizer. A inclus\u00e3o deste grupo no Plano Estadual de Vacina\u00e7\u00e3o contra a Covid-19 [&hellip;]","og_url":"https:\/\/folhapopular.info\/index.php\/2021\/06\/24\/estado-passa-a-vacinar-todas-as-gestantes-e-puerperas-com-ou-sem-comorbidades\/","og_site_name":"Folha Popular","article_published_time":"2021-06-24T11:20:56+00:00","article_modified_time":"2021-06-24T11:21:00+00:00","og_image":[{"width":673,"height":800,"url":"https:\/\/folhapopular.info\/wp-content\/uploads\/2021\/05\/14.04_Gripe-Vacinacao-inicio-gestantes--e1620648497101.jpeg","type":"image\/jpeg"}],"author":"Reda\u00e7\u00e3o Folha Popular","twitter_card":"summary_large_image","twitter_misc":{"Escrito por":"Reda\u00e7\u00e3o Folha Popular","Est. tempo de leitura":"2 minutos"},"schema":{"@context":"https:\/\/schema.org","@graph":[{"@type":"Article","@id":"https:\/\/folhapopular.info\/index.php\/2021\/06\/24\/estado-passa-a-vacinar-todas-as-gestantes-e-puerperas-com-ou-sem-comorbidades\/#article","isPartOf":{"@id":"https:\/\/folhapopular.info\/index.php\/2021\/06\/24\/estado-passa-a-vacinar-todas-as-gestantes-e-puerperas-com-ou-sem-comorbidades\/"},"author":{"name":"Reda\u00e7\u00e3o Folha Popular","@id":"https:\/\/folhapopular.info\/#\/schema\/person\/2814e8a0df7643585a9ca38bc6eb9d4b"},"headline":"Estado passa a vacinar todas as gestantes e pu\u00e9rperas, com ou sem comorbidades","datePublished":"2021-06-24T11:20:56+00:00","dateModified":"2021-06-24T11:21:00+00:00","mainEntityOfPage":{"@id":"https:\/\/folhapopular.info\/index.php\/2021\/06\/24\/estado-passa-a-vacinar-todas-as-gestantes-e-puerperas-com-ou-sem-comorbidades\/"},"wordCount":336,"commentCount":0,"image":{"@id":"https:\/\/folhapopular.info\/index.php\/2021\/06\/24\/estado-passa-a-vacinar-todas-as-gestantes-e-puerperas-com-ou-sem-comorbidades\/#primaryimage"},"thumbnailUrl":"https:\/\/folhapopular.info\/wp-content\/uploads\/2021\/05\/14.04_Gripe-Vacinacao-inicio-gestantes--e1620648497101.jpeg","keywords":["Covid-19","Estado","Governo do Estado","Rio Grande do Sul","Vacina\u00e7\u00e3o"],"articleSection":["Coronav\u00edrus","Destaques","Geral"],"inLanguage":"pt-BR","potentialAction":[{"@type":"CommentAction","name":"Comment","target":["https:\/\/folhapopular.info\/index.php\/2021\/06\/24\/estado-passa-a-vacinar-todas-as-gestantes-e-puerperas-com-ou-sem-comorbidades\/#respond"]}]},{"@type":"WebPage","@id":"https:\/\/folhapopular.info\/index.php\/2021\/06\/24\/estado-passa-a-vacinar-todas-as-gestantes-e-puerperas-com-ou-sem-comorbidades\/","url":"https:\/\/folhapopular.info\/index.php\/2021\/06\/24\/estado-passa-a-vacinar-todas-as-gestantes-e-puerperas-com-ou-sem-comorbidades\/","name":"Estado passa a vacinar todas as gestantes e pu\u00e9rperas, com ou sem comorbidades - Folha Popular","isPartOf":{"@id":"https:\/\/folhapopular.info\/#website"},"primaryImageOfPage":{"@id":"https:\/\/folhapopular.info\/index.php\/2021\/06\/24\/estado-passa-a-vacinar-todas-as-gestantes-e-puerperas-com-ou-sem-comorbidades\/#primaryimage"},"image":{"@id":"https:\/\/folhapopular.info\/index.php\/2021\/06\/24\/estado-passa-a-vacinar-todas-as-gestantes-e-puerperas-com-ou-sem-comorbidades\/#primaryimage"},"thumbnailUrl":"https:\/\/folhapopular.info\/wp-content\/uploads\/2021\/05\/14.04_Gripe-Vacinacao-inicio-gestantes--e1620648497101.jpeg","datePublished":"2021-06-24T11:20:56+00:00","dateModified":"2021-06-24T11:21:00+00:00","author":{"@id":"https:\/\/folhapopular.info\/#\/schema\/person\/2814e8a0df7643585a9ca38bc6eb9d4b"},"breadcrumb":{"@id":"https:\/\/folhapopular.info\/index.php\/2021\/06\/24\/estado-passa-a-vacinar-todas-as-gestantes-e-puerperas-com-ou-sem-comorbidades\/#breadcrumb"},"inLanguage":"pt-BR","potentialAction":[{"@type":"ReadAction","target":["https:\/\/folhapopular.info\/index.php\/2021\/06\/24\/estado-passa-a-vacinar-todas-as-gestantes-e-puerperas-com-ou-sem-comorbidades\/"]}]},{"@type":"ImageObject","inLanguage":"pt-BR","@id":"https:\/\/folhapopular.info\/index.php\/2021\/06\/24\/estado-passa-a-vacinar-todas-as-gestantes-e-puerperas-com-ou-sem-comorbidades\/#primaryimage","url":"https:\/\/folhapopular.info\/wp-content\/uploads\/2021\/05\/14.04_Gripe-Vacinacao-inicio-gestantes--e1620648497101.jpeg","contentUrl":"https:\/\/folhapopular.info\/wp-content\/uploads\/2021\/05\/14.04_Gripe-Vacinacao-inicio-gestantes--e1620648497101.jpeg","width":673,"height":800,"caption":"Em Estrela a vacina\u00e7\u00e3o j\u00e1 come\u00e7ou. Cr\u00e9dito da foto: Prefeitura de Estrela\/Divulga\u00e7\u00e3o"},{"@type":"BreadcrumbList","@id":"https:\/\/folhapopular.info\/index.php\/2021\/06\/24\/estado-passa-a-vacinar-todas-as-gestantes-e-puerperas-com-ou-sem-comorbidades\/#breadcrumb","itemListElement":[{"@type":"ListItem","position":1,"name":"In\u00edcio","item":"https:\/\/folhapopular.info\/"},{"@type":"ListItem","position":2,"name":"Estado passa a vacinar todas as gestantes e pu\u00e9rperas, com ou sem comorbidades"}]},{"@type":"WebSite","@id":"https:\/\/folhapopular.info\/#website","url":"https:\/\/folhapopular.info\/","name":"Folha Popular","description":"Onde voc\u00ea tem vez e voz","potentialAction":[{"@type":"SearchAction","target":{"@type":"EntryPoint","urlTemplate":"https:\/\/folhapopular.info\/?s={search_term_string}"},"query-input":{"@type":"PropertyValueSpecification","valueRequired":true,"valueName":"search_term_string"}}],"inLanguage":"pt-BR"},{"@type":"Person","@id":"https:\/\/folhapopular.info\/#\/schema\/person\/2814e8a0df7643585a9ca38bc6eb9d4b","name":"Reda\u00e7\u00e3o Folha Popular","image":{"@type":"ImageObject","inLanguage":"pt-BR","@id":"https:\/\/folhapopular.info\/wp-content\/uploads\/2026\/04\/Folha-1.webp","url":"https:\/\/folhapopular.info\/wp-content\/uploads\/2026\/04\/Folha-1.webp","contentUrl":"https:\/\/folhapopular.info\/wp-content\/uploads\/2026\/04\/Folha-1.webp","caption":"Reda\u00e7\u00e3o Folha Popular"},"url":"https:\/\/folhapopular.info\/index.php\/author\/redacao\/"}]}},"jetpack_featured_media_url":"https:\/\/folhapopular.info\/wp-content\/uploads\/2021\/05\/14.04_Gripe-Vacinacao-inicio-gestantes--e1620648497101.jpeg","jetpack_sharing_enabled":true,"amp_enabled":true,"_links":{"self":[{"href":"https:\/\/folhapopular.info\/index.php\/wp-json\/wp\/v2\/posts\/85653","targetHints":{"allow":["GET"]}}],"collection":[{"href":"https:\/\/folhapopular.info\/index.php\/wp-json\/wp\/v2\/posts"}],"about":[{"href":"https:\/\/folhapopular.info\/index.php\/wp-json\/wp\/v2\/types\/post"}],"author":[{"embeddable":true,"href":"https:\/\/folhapopular.info\/index.php\/wp-json\/wp\/v2\/users\/8"}],"replies":[{"embeddable":true,"href":"https:\/\/folhapopular.info\/index.php\/wp-json\/wp\/v2\/comments?post=85653"}],"version-history":[{"count":0,"href":"https:\/\/folhapopular.info\/index.php\/wp-json\/wp\/v2\/posts\/85653\/revisions"}],"wp:featuredmedia":[{"embeddable":true,"href":"https:\/\/folhapopular.info\/index.php\/wp-json\/wp\/v2\/media\/83379"}],"wp:attachment":[{"href":"https:\/\/folhapopular.info\/index.php\/wp-json\/wp\/v2\/media?parent=85653"}],"wp:term":[{"taxonomy":"category","embeddable":true,"href":"https:\/\/folhapopular.info\/index.php\/wp-json\/wp\/v2\/categories?post=85653"},{"taxonomy":"post_tag","embeddable":true,"href":"https:\/\/folhapopular.info\/index.php\/wp-json\/wp\/v2\/tags?post=85653"}],"curies":[{"name":"wp","href":"https:\/\/api.w.org\/{rel}","templated":true}]}}