{"id":85679,"date":"2021-06-24T11:17:07","date_gmt":"2021-06-24T14:17:07","guid":{"rendered":"https:\/\/folhapopular.info\/?p=85679"},"modified":"2021-06-24T11:21:31","modified_gmt":"2021-06-24T14:21:31","slug":"governo-anuncia-premiacao-para-municipios-que-mais-vacinarem","status":"publish","type":"post","link":"https:\/\/folhapopular.info\/index.php\/2021\/06\/24\/governo-anuncia-premiacao-para-municipios-que-mais-vacinarem\/","title":{"rendered":"Governo anuncia premia\u00e7\u00e3o para munic\u00edpios que mais vacinarem"},"content":{"rendered":"\n<p>Como forma de incentivar uma competi\u00e7\u00e3o saud\u00e1vel para vacina\u00e7\u00e3o contra a Covid-19 entre os munic\u00edpios ga\u00fachos, o governo do Estado anunciou, nesta quinta-feira (24\/6), uma proposta de incentivo \u00e0s prefeituras, com duas premia\u00e7\u00f5es em duas datas, para que as cidades acelerem a imuniza\u00e7\u00e3o da popula\u00e7\u00e3o.<\/p>\n\n\n\n<p>\u201c\u00c9 uma corrida do bem que se estabelece para quem conseguir concluir a vacina\u00e7\u00e3o antes. Queremos dar incentivo aos munic\u00edpios para que apliquem as vacinas rapidamente, porque isso \u00e9 de interesse de todos, \u00e9 para salvar vidas e para voltarmos \u00e0 normalidade mais rapidamente\u201d, destacou o governador Eduardo Leite em transmiss\u00e3o ao vivo pelas redes sociais.<\/p>\n\n\n\n<p>A proposta prev\u00ea R$ 1,25 milh\u00e3o, divididos em duas datas: R$ 625 mil no dia 20 de julho e outros R$ 625 mil em 20 de agosto. A premia\u00e7\u00e3o ser\u00e1 repassada aos munic\u00edpios que, proporcionalmente, mais vacinarem, de acordo com o n\u00famero de doses aplicadas e registradas no Sistema de Informa\u00e7\u00f5es do Programa Nacional de Imuniza\u00e7\u00f5es (SIPNI) sobre o n\u00famero de doses distribu\u00eddas, em cada um dos quatro portes: acima 100 mil habitantes, de 99.999 a 50 mil habitantes, de 49.999 a 10 mil habitantes e abaixo de 10 mil habitantes.<\/p>\n\n\n\n<figure class=\"wp-block-image size-large is-resized\"><img loading=\"lazy\" decoding=\"async\" src=\"https:\/\/folhapopular.info\/wp-content\/uploads\/2021\/06\/24093343_1973833_GDO.jpg\" alt=\"\" class=\"wp-image-85680\" width=\"622\" height=\"345\"\/><\/figure>\n\n\n\n<p>Segundo o governador, a proposta \u00e9 que os valores da premia\u00e7\u00e3o sejam aplicados na Aten\u00e7\u00e3o Prim\u00e1ria em Sa\u00fade, que \u00e9 responsabilidade dos munic\u00edpios.<\/p>\n\n\n\n<p>\u201cS\u00e3o recursos para aplicar na pr\u00f3pria sa\u00fade, para que possam comprar equipamentos, reformar unidades de sa\u00fade, fazer investimentos na sa\u00fade prim\u00e1ria do munic\u00edpio e qualificar o atendimento \u00e0 popula\u00e7\u00e3o. Queremos incentivar essa corrida do bem entre os munic\u00edpios, garantindo aplica\u00e7\u00e3o r\u00e1pida dessas doses que vamos distribuindo rapidamente, pois temos um sistema de log\u00edstica bem estruturado\u201d, refor\u00e7ou o governador.<\/p>\n\n\n\n<p>Uma portaria com todas as regras e orienta\u00e7\u00f5es sobre o pr\u00eamio ser\u00e1 publicada nos pr\u00f3ximos dias, mas a ideia, conforme Leite, \u00e9 antecipar o an\u00fancio para que as prefeituras se organizem e possam realizar o processo de imuniza\u00e7\u00e3o da melhor forma poss\u00edvel. A secret\u00e1ria da Sa\u00fade, Arita Bergmann, j\u00e1 fez sugest\u00f5es para que os munic\u00edpios possam acelerar ainda mais a vacina\u00e7\u00e3o, seguindo as regras do Plano Nacional de Imuniza\u00e7\u00f5es.&nbsp;\u201cPremiar \u00e9, na realidade, uma demonstra\u00e7\u00e3o do governo de que queremos que a vacina chegue \u00e0s pessoas, porque, na realidade, quem est\u00e1 sendo premiado \u00e9 o cidad\u00e3o\u201d, pontuou Arita.<\/p>\n\n\n\n<p>Segundo a secret\u00e1ria da Sa\u00fade, para conseguirem acelerar o processo de imuniza\u00e7\u00e3o, os munic\u00edpios podem, entre outras medidas, refor\u00e7ar o cuidado com o registro das doses aplicadas, pois ser\u00e1 a base para a premia\u00e7\u00e3o, al\u00e9m de ampliar a busca ativa das pessoas que por algum motivo n\u00e3o procuraram a unidade de sa\u00fade onde a vacina est\u00e1 sendo aplicada, envolver ainda mais os agentes comunit\u00e1rios de sa\u00fade e as associa\u00e7\u00f5es comunit\u00e1rias espalhadas por todos os bairros e ampliar a divulga\u00e7\u00e3o com rela\u00e7\u00e3o aos p\u00fablicos-alvo e locais de aplica\u00e7\u00e3o das doses em cada cidade.<\/p>\n\n\n\n<p>Titular da Secretaria de Articula\u00e7\u00e3o e Apoio aos Munic\u00edpios, Luiz Carlos Busato refor\u00e7ou que a premia\u00e7\u00e3o \u00e9 um incentivo a uma disputa do bem e que o governo seguir\u00e1 sendo um bra\u00e7o de apoio neste processo.<\/p>\n\n\n\n<p>\u201cPassaremos, a partir de agora, a divulgar e a incentivar o pr\u00eamio, mas tamb\u00e9m iremos buscar resolver eventuais problemas de cada munic\u00edpio. Queremos trabalhar juntos para que tenhamos sucesso nessa empreitada que \u00e9 o enfrentamento e a supera\u00e7\u00e3o da pandemia\u201d, afirmou Busato.<\/p>\n\n\n\n<p><strong>Como ser\u00e1 a premia\u00e7\u00e3o:<\/strong><br>&#8211; Premia o primeiro lugar por estrato populacional, considerando as doses de vacinas registradas no SIPNI (D1, dose \u00fanica e D2).<br>&#8211; Como crit\u00e9rio de desempate ser\u00e1 avaliado o n\u00famero de D2 aplicadas e registradas no SIPNI, sobre o n\u00famero de doses distribu\u00eddas (multiplicado por 100).<br>&#8211; Sugere-se a aplica\u00e7\u00e3o do pr\u00eamio na Aten\u00e7\u00e3o Prim\u00e1ria em Sa\u00fade.<br>&#8211; Ser\u00e1 publicada portaria orientando sobre o pr\u00eamio.<\/p>\n","protected":false},"excerpt":{"rendered":"<p>Como forma de incentivar uma competi\u00e7\u00e3o saud\u00e1vel para vacina\u00e7\u00e3o contra a Covid-19 entre os munic\u00edpios ga\u00fachos, o governo do Estado anunciou, nesta quinta-feira (24\/6), uma proposta de incentivo \u00e0s prefeituras, com duas premia\u00e7\u00f5es em duas datas, para que as cidades acelerem a imuniza\u00e7\u00e3o da popula\u00e7\u00e3o. \u201c\u00c9 uma corrida do bem que se estabelece para quem [&hellip;]<\/p>\n","protected":false},"author":8,"featured_media":85681,"comment_status":"open","ping_status":"open","sticky":false,"template":"","format":"standard","meta":{"pmpro_default_level":"","_jetpack_memberships_contains_paid_content":false,"footnotes":""},"categories":[5756,2,3],"tags":[878,5373,1794,87],"class_list":{"0":"post-85679","1":"post","2":"type-post","3":"status-publish","4":"format-standard","5":"has-post-thumbnail","7":"category-coronavirus","8":"category-featured","9":"category-geral","10":"tag-governo-do-estado","11":"tag-municipios","12":"tag-rio-grande-do-sul","13":"tag-vacinacao","14":"pmpro-has-access"},"yoast_head":"<!-- This site is optimized with the Yoast SEO plugin v27.5 - https:\/\/yoast.com\/product\/yoast-seo-wordpress\/ -->\n<title>Governo anuncia premia\u00e7\u00e3o para munic\u00edpios que mais vacinarem - Folha Popular<\/title>\n<meta name=\"robots\" content=\"index, follow, max-snippet:-1, max-image-preview:large, max-video-preview:-1\" \/>\n<link rel=\"canonical\" href=\"https:\/\/folhapopular.info\/index.php\/2021\/06\/24\/governo-anuncia-premiacao-para-municipios-que-mais-vacinarem\/\" \/>\n<meta property=\"og:locale\" content=\"pt_BR\" \/>\n<meta property=\"og:type\" content=\"article\" \/>\n<meta property=\"og:title\" content=\"Governo anuncia premia\u00e7\u00e3o para munic\u00edpios que mais vacinarem - Folha Popular\" \/>\n<meta property=\"og:description\" content=\"Como forma de incentivar uma competi\u00e7\u00e3o saud\u00e1vel para vacina\u00e7\u00e3o contra a Covid-19 entre os munic\u00edpios ga\u00fachos, o governo do Estado anunciou, nesta quinta-feira (24\/6), uma proposta de incentivo \u00e0s prefeituras, com duas premia\u00e7\u00f5es em duas datas, para que as cidades acelerem a imuniza\u00e7\u00e3o da popula\u00e7\u00e3o. \u201c\u00c9 uma corrida do bem que se estabelece para quem [&hellip;]\" \/>\n<meta property=\"og:url\" content=\"https:\/\/folhapopular.info\/index.php\/2021\/06\/24\/governo-anuncia-premiacao-para-municipios-que-mais-vacinarem\/\" \/>\n<meta property=\"og:site_name\" content=\"Folha Popular\" \/>\n<meta property=\"article:published_time\" content=\"2021-06-24T14:17:07+00:00\" \/>\n<meta property=\"article:modified_time\" content=\"2021-06-24T14:21:31+00:00\" \/>\n<meta property=\"og:image\" content=\"https:\/\/folhapopular.info\/wp-content\/uploads\/2021\/06\/24103950_1973878_GD.jpg\" \/>\n\t<meta property=\"og:image:width\" content=\"800\" \/>\n\t<meta property=\"og:image:height\" content=\"450\" \/>\n\t<meta property=\"og:image:type\" content=\"image\/jpeg\" \/>\n<meta name=\"author\" content=\"Reda\u00e7\u00e3o Folha Popular\" \/>\n<meta name=\"twitter:card\" content=\"summary_large_image\" \/>\n<meta name=\"twitter:label1\" content=\"Escrito por\" \/>\n\t<meta name=\"twitter:data1\" content=\"Reda\u00e7\u00e3o Folha Popular\" \/>\n\t<meta name=\"twitter:label2\" content=\"Est. tempo de leitura\" \/>\n\t<meta name=\"twitter:data2\" content=\"3 minutos\" \/>\n<script type=\"application\/ld+json\" class=\"yoast-schema-graph\">{\"@context\":\"https:\\\/\\\/schema.org\",\"@graph\":[{\"@type\":\"Article\",\"@id\":\"https:\\\/\\\/folhapopular.info\\\/index.php\\\/2021\\\/06\\\/24\\\/governo-anuncia-premiacao-para-municipios-que-mais-vacinarem\\\/#article\",\"isPartOf\":{\"@id\":\"https:\\\/\\\/folhapopular.info\\\/index.php\\\/2021\\\/06\\\/24\\\/governo-anuncia-premiacao-para-municipios-que-mais-vacinarem\\\/\"},\"author\":{\"name\":\"Reda\u00e7\u00e3o Folha Popular\",\"@id\":\"https:\\\/\\\/folhapopular.info\\\/#\\\/schema\\\/person\\\/2814e8a0df7643585a9ca38bc6eb9d4b\"},\"headline\":\"Governo anuncia premia\u00e7\u00e3o para munic\u00edpios que mais vacinarem\",\"datePublished\":\"2021-06-24T14:17:07+00:00\",\"dateModified\":\"2021-06-24T14:21:31+00:00\",\"mainEntityOfPage\":{\"@id\":\"https:\\\/\\\/folhapopular.info\\\/index.php\\\/2021\\\/06\\\/24\\\/governo-anuncia-premiacao-para-municipios-que-mais-vacinarem\\\/\"},\"wordCount\":684,\"commentCount\":0,\"image\":{\"@id\":\"https:\\\/\\\/folhapopular.info\\\/index.php\\\/2021\\\/06\\\/24\\\/governo-anuncia-premiacao-para-municipios-que-mais-vacinarem\\\/#primaryimage\"},\"thumbnailUrl\":\"https:\\\/\\\/folhapopular.info\\\/wp-content\\\/uploads\\\/2021\\\/06\\\/24103950_1973878_GD.jpg\",\"keywords\":[\"Governo do Estado\",\"munic\u00edpios\",\"Rio Grande do Sul\",\"Vacina\u00e7\u00e3o\"],\"articleSection\":[\"Coronav\u00edrus\",\"Destaques\",\"Geral\"],\"inLanguage\":\"pt-BR\",\"potentialAction\":[{\"@type\":\"CommentAction\",\"name\":\"Comment\",\"target\":[\"https:\\\/\\\/folhapopular.info\\\/index.php\\\/2021\\\/06\\\/24\\\/governo-anuncia-premiacao-para-municipios-que-mais-vacinarem\\\/#respond\"]}]},{\"@type\":\"WebPage\",\"@id\":\"https:\\\/\\\/folhapopular.info\\\/index.php\\\/2021\\\/06\\\/24\\\/governo-anuncia-premiacao-para-municipios-que-mais-vacinarem\\\/\",\"url\":\"https:\\\/\\\/folhapopular.info\\\/index.php\\\/2021\\\/06\\\/24\\\/governo-anuncia-premiacao-para-municipios-que-mais-vacinarem\\\/\",\"name\":\"Governo anuncia premia\u00e7\u00e3o para munic\u00edpios que mais vacinarem - Folha Popular\",\"isPartOf\":{\"@id\":\"https:\\\/\\\/folhapopular.info\\\/#website\"},\"primaryImageOfPage\":{\"@id\":\"https:\\\/\\\/folhapopular.info\\\/index.php\\\/2021\\\/06\\\/24\\\/governo-anuncia-premiacao-para-municipios-que-mais-vacinarem\\\/#primaryimage\"},\"image\":{\"@id\":\"https:\\\/\\\/folhapopular.info\\\/index.php\\\/2021\\\/06\\\/24\\\/governo-anuncia-premiacao-para-municipios-que-mais-vacinarem\\\/#primaryimage\"},\"thumbnailUrl\":\"https:\\\/\\\/folhapopular.info\\\/wp-content\\\/uploads\\\/2021\\\/06\\\/24103950_1973878_GD.jpg\",\"datePublished\":\"2021-06-24T14:17:07+00:00\",\"dateModified\":\"2021-06-24T14:21:31+00:00\",\"author\":{\"@id\":\"https:\\\/\\\/folhapopular.info\\\/#\\\/schema\\\/person\\\/2814e8a0df7643585a9ca38bc6eb9d4b\"},\"breadcrumb\":{\"@id\":\"https:\\\/\\\/folhapopular.info\\\/index.php\\\/2021\\\/06\\\/24\\\/governo-anuncia-premiacao-para-municipios-que-mais-vacinarem\\\/#breadcrumb\"},\"inLanguage\":\"pt-BR\",\"potentialAction\":[{\"@type\":\"ReadAction\",\"target\":[\"https:\\\/\\\/folhapopular.info\\\/index.php\\\/2021\\\/06\\\/24\\\/governo-anuncia-premiacao-para-municipios-que-mais-vacinarem\\\/\"]}]},{\"@type\":\"ImageObject\",\"inLanguage\":\"pt-BR\",\"@id\":\"https:\\\/\\\/folhapopular.info\\\/index.php\\\/2021\\\/06\\\/24\\\/governo-anuncia-premiacao-para-municipios-que-mais-vacinarem\\\/#primaryimage\",\"url\":\"https:\\\/\\\/folhapopular.info\\\/wp-content\\\/uploads\\\/2021\\\/06\\\/24103950_1973878_GD.jpg\",\"contentUrl\":\"https:\\\/\\\/folhapopular.info\\\/wp-content\\\/uploads\\\/2021\\\/06\\\/24103950_1973878_GD.jpg\",\"width\":800,\"height\":450,\"caption\":\"Durante transmiss\u00e3o feita em redes sociais, governador apresenta detalhes do pr\u00eamio. Cr\u00e9dito da foto: Gustavo Mansur\\\/Pal\u00e1cio Piratini\\\/Divulga\u00e7\u00e3o\"},{\"@type\":\"BreadcrumbList\",\"@id\":\"https:\\\/\\\/folhapopular.info\\\/index.php\\\/2021\\\/06\\\/24\\\/governo-anuncia-premiacao-para-municipios-que-mais-vacinarem\\\/#breadcrumb\",\"itemListElement\":[{\"@type\":\"ListItem\",\"position\":1,\"name\":\"In\u00edcio\",\"item\":\"https:\\\/\\\/folhapopular.info\\\/\"},{\"@type\":\"ListItem\",\"position\":2,\"name\":\"Governo anuncia premia\u00e7\u00e3o para munic\u00edpios que mais vacinarem\"}]},{\"@type\":\"WebSite\",\"@id\":\"https:\\\/\\\/folhapopular.info\\\/#website\",\"url\":\"https:\\\/\\\/folhapopular.info\\\/\",\"name\":\"Folha Popular\",\"description\":\"Onde voc\u00ea tem vez e voz\",\"potentialAction\":[{\"@type\":\"SearchAction\",\"target\":{\"@type\":\"EntryPoint\",\"urlTemplate\":\"https:\\\/\\\/folhapopular.info\\\/?s={search_term_string}\"},\"query-input\":{\"@type\":\"PropertyValueSpecification\",\"valueRequired\":true,\"valueName\":\"search_term_string\"}}],\"inLanguage\":\"pt-BR\"},{\"@type\":\"Person\",\"@id\":\"https:\\\/\\\/folhapopular.info\\\/#\\\/schema\\\/person\\\/2814e8a0df7643585a9ca38bc6eb9d4b\",\"name\":\"Reda\u00e7\u00e3o Folha Popular\",\"image\":{\"@type\":\"ImageObject\",\"inLanguage\":\"pt-BR\",\"@id\":\"https:\\\/\\\/folhapopular.info\\\/wp-content\\\/uploads\\\/2026\\\/04\\\/Folha-1.webp\",\"url\":\"https:\\\/\\\/folhapopular.info\\\/wp-content\\\/uploads\\\/2026\\\/04\\\/Folha-1.webp\",\"contentUrl\":\"https:\\\/\\\/folhapopular.info\\\/wp-content\\\/uploads\\\/2026\\\/04\\\/Folha-1.webp\",\"caption\":\"Reda\u00e7\u00e3o Folha Popular\"},\"url\":\"https:\\\/\\\/folhapopular.info\\\/index.php\\\/author\\\/redacao\\\/\"}]}<\/script>\n<!-- \/ Yoast SEO plugin. -->","yoast_head_json":{"title":"Governo anuncia premia\u00e7\u00e3o para munic\u00edpios que mais vacinarem - Folha Popular","robots":{"index":"index","follow":"follow","max-snippet":"max-snippet:-1","max-image-preview":"max-image-preview:large","max-video-preview":"max-video-preview:-1"},"canonical":"https:\/\/folhapopular.info\/index.php\/2021\/06\/24\/governo-anuncia-premiacao-para-municipios-que-mais-vacinarem\/","og_locale":"pt_BR","og_type":"article","og_title":"Governo anuncia premia\u00e7\u00e3o para munic\u00edpios que mais vacinarem - Folha Popular","og_description":"Como forma de incentivar uma competi\u00e7\u00e3o saud\u00e1vel para vacina\u00e7\u00e3o contra a Covid-19 entre os munic\u00edpios ga\u00fachos, o governo do Estado anunciou, nesta quinta-feira (24\/6), uma proposta de incentivo \u00e0s prefeituras, com duas premia\u00e7\u00f5es em duas datas, para que as cidades acelerem a imuniza\u00e7\u00e3o da popula\u00e7\u00e3o. \u201c\u00c9 uma corrida do bem que se estabelece para quem [&hellip;]","og_url":"https:\/\/folhapopular.info\/index.php\/2021\/06\/24\/governo-anuncia-premiacao-para-municipios-que-mais-vacinarem\/","og_site_name":"Folha Popular","article_published_time":"2021-06-24T14:17:07+00:00","article_modified_time":"2021-06-24T14:21:31+00:00","og_image":[{"width":800,"height":450,"url":"https:\/\/folhapopular.info\/wp-content\/uploads\/2021\/06\/24103950_1973878_GD.jpg","type":"image\/jpeg"}],"author":"Reda\u00e7\u00e3o Folha Popular","twitter_card":"summary_large_image","twitter_misc":{"Escrito por":"Reda\u00e7\u00e3o Folha Popular","Est. tempo de leitura":"3 minutos"},"schema":{"@context":"https:\/\/schema.org","@graph":[{"@type":"Article","@id":"https:\/\/folhapopular.info\/index.php\/2021\/06\/24\/governo-anuncia-premiacao-para-municipios-que-mais-vacinarem\/#article","isPartOf":{"@id":"https:\/\/folhapopular.info\/index.php\/2021\/06\/24\/governo-anuncia-premiacao-para-municipios-que-mais-vacinarem\/"},"author":{"name":"Reda\u00e7\u00e3o Folha Popular","@id":"https:\/\/folhapopular.info\/#\/schema\/person\/2814e8a0df7643585a9ca38bc6eb9d4b"},"headline":"Governo anuncia premia\u00e7\u00e3o para munic\u00edpios que mais vacinarem","datePublished":"2021-06-24T14:17:07+00:00","dateModified":"2021-06-24T14:21:31+00:00","mainEntityOfPage":{"@id":"https:\/\/folhapopular.info\/index.php\/2021\/06\/24\/governo-anuncia-premiacao-para-municipios-que-mais-vacinarem\/"},"wordCount":684,"commentCount":0,"image":{"@id":"https:\/\/folhapopular.info\/index.php\/2021\/06\/24\/governo-anuncia-premiacao-para-municipios-que-mais-vacinarem\/#primaryimage"},"thumbnailUrl":"https:\/\/folhapopular.info\/wp-content\/uploads\/2021\/06\/24103950_1973878_GD.jpg","keywords":["Governo do Estado","munic\u00edpios","Rio Grande do Sul","Vacina\u00e7\u00e3o"],"articleSection":["Coronav\u00edrus","Destaques","Geral"],"inLanguage":"pt-BR","potentialAction":[{"@type":"CommentAction","name":"Comment","target":["https:\/\/folhapopular.info\/index.php\/2021\/06\/24\/governo-anuncia-premiacao-para-municipios-que-mais-vacinarem\/#respond"]}]},{"@type":"WebPage","@id":"https:\/\/folhapopular.info\/index.php\/2021\/06\/24\/governo-anuncia-premiacao-para-municipios-que-mais-vacinarem\/","url":"https:\/\/folhapopular.info\/index.php\/2021\/06\/24\/governo-anuncia-premiacao-para-municipios-que-mais-vacinarem\/","name":"Governo anuncia premia\u00e7\u00e3o para munic\u00edpios que mais vacinarem - Folha Popular","isPartOf":{"@id":"https:\/\/folhapopular.info\/#website"},"primaryImageOfPage":{"@id":"https:\/\/folhapopular.info\/index.php\/2021\/06\/24\/governo-anuncia-premiacao-para-municipios-que-mais-vacinarem\/#primaryimage"},"image":{"@id":"https:\/\/folhapopular.info\/index.php\/2021\/06\/24\/governo-anuncia-premiacao-para-municipios-que-mais-vacinarem\/#primaryimage"},"thumbnailUrl":"https:\/\/folhapopular.info\/wp-content\/uploads\/2021\/06\/24103950_1973878_GD.jpg","datePublished":"2021-06-24T14:17:07+00:00","dateModified":"2021-06-24T14:21:31+00:00","author":{"@id":"https:\/\/folhapopular.info\/#\/schema\/person\/2814e8a0df7643585a9ca38bc6eb9d4b"},"breadcrumb":{"@id":"https:\/\/folhapopular.info\/index.php\/2021\/06\/24\/governo-anuncia-premiacao-para-municipios-que-mais-vacinarem\/#breadcrumb"},"inLanguage":"pt-BR","potentialAction":[{"@type":"ReadAction","target":["https:\/\/folhapopular.info\/index.php\/2021\/06\/24\/governo-anuncia-premiacao-para-municipios-que-mais-vacinarem\/"]}]},{"@type":"ImageObject","inLanguage":"pt-BR","@id":"https:\/\/folhapopular.info\/index.php\/2021\/06\/24\/governo-anuncia-premiacao-para-municipios-que-mais-vacinarem\/#primaryimage","url":"https:\/\/folhapopular.info\/wp-content\/uploads\/2021\/06\/24103950_1973878_GD.jpg","contentUrl":"https:\/\/folhapopular.info\/wp-content\/uploads\/2021\/06\/24103950_1973878_GD.jpg","width":800,"height":450,"caption":"Durante transmiss\u00e3o feita em redes sociais, governador apresenta detalhes do pr\u00eamio. Cr\u00e9dito da foto: Gustavo Mansur\/Pal\u00e1cio Piratini\/Divulga\u00e7\u00e3o"},{"@type":"BreadcrumbList","@id":"https:\/\/folhapopular.info\/index.php\/2021\/06\/24\/governo-anuncia-premiacao-para-municipios-que-mais-vacinarem\/#breadcrumb","itemListElement":[{"@type":"ListItem","position":1,"name":"In\u00edcio","item":"https:\/\/folhapopular.info\/"},{"@type":"ListItem","position":2,"name":"Governo anuncia premia\u00e7\u00e3o para munic\u00edpios que mais vacinarem"}]},{"@type":"WebSite","@id":"https:\/\/folhapopular.info\/#website","url":"https:\/\/folhapopular.info\/","name":"Folha Popular","description":"Onde voc\u00ea tem vez e voz","potentialAction":[{"@type":"SearchAction","target":{"@type":"EntryPoint","urlTemplate":"https:\/\/folhapopular.info\/?s={search_term_string}"},"query-input":{"@type":"PropertyValueSpecification","valueRequired":true,"valueName":"search_term_string"}}],"inLanguage":"pt-BR"},{"@type":"Person","@id":"https:\/\/folhapopular.info\/#\/schema\/person\/2814e8a0df7643585a9ca38bc6eb9d4b","name":"Reda\u00e7\u00e3o Folha Popular","image":{"@type":"ImageObject","inLanguage":"pt-BR","@id":"https:\/\/folhapopular.info\/wp-content\/uploads\/2026\/04\/Folha-1.webp","url":"https:\/\/folhapopular.info\/wp-content\/uploads\/2026\/04\/Folha-1.webp","contentUrl":"https:\/\/folhapopular.info\/wp-content\/uploads\/2026\/04\/Folha-1.webp","caption":"Reda\u00e7\u00e3o Folha Popular"},"url":"https:\/\/folhapopular.info\/index.php\/author\/redacao\/"}]}},"jetpack_featured_media_url":"https:\/\/folhapopular.info\/wp-content\/uploads\/2021\/06\/24103950_1973878_GD.jpg","jetpack_sharing_enabled":true,"amp_enabled":true,"_links":{"self":[{"href":"https:\/\/folhapopular.info\/index.php\/wp-json\/wp\/v2\/posts\/85679","targetHints":{"allow":["GET"]}}],"collection":[{"href":"https:\/\/folhapopular.info\/index.php\/wp-json\/wp\/v2\/posts"}],"about":[{"href":"https:\/\/folhapopular.info\/index.php\/wp-json\/wp\/v2\/types\/post"}],"author":[{"embeddable":true,"href":"https:\/\/folhapopular.info\/index.php\/wp-json\/wp\/v2\/users\/8"}],"replies":[{"embeddable":true,"href":"https:\/\/folhapopular.info\/index.php\/wp-json\/wp\/v2\/comments?post=85679"}],"version-history":[{"count":0,"href":"https:\/\/folhapopular.info\/index.php\/wp-json\/wp\/v2\/posts\/85679\/revisions"}],"wp:featuredmedia":[{"embeddable":true,"href":"https:\/\/folhapopular.info\/index.php\/wp-json\/wp\/v2\/media\/85681"}],"wp:attachment":[{"href":"https:\/\/folhapopular.info\/index.php\/wp-json\/wp\/v2\/media?parent=85679"}],"wp:term":[{"taxonomy":"category","embeddable":true,"href":"https:\/\/folhapopular.info\/index.php\/wp-json\/wp\/v2\/categories?post=85679"},{"taxonomy":"post_tag","embeddable":true,"href":"https:\/\/folhapopular.info\/index.php\/wp-json\/wp\/v2\/tags?post=85679"}],"curies":[{"name":"wp","href":"https:\/\/api.w.org\/{rel}","templated":true}]}}