{"id":85734,"date":"2021-06-25T08:19:56","date_gmt":"2021-06-25T11:19:56","guid":{"rendered":"https:\/\/folhapopular.info\/?p=85734"},"modified":"2021-06-25T08:23:15","modified_gmt":"2021-06-25T11:23:15","slug":"16a-coordenadoria-regional-de-saude-recebe-nesta-sexta-feira-novas-remessas-de-vacinas-contra-a-covid-19","status":"publish","type":"post","link":"https:\/\/folhapopular.info\/index.php\/2021\/06\/25\/16a-coordenadoria-regional-de-saude-recebe-nesta-sexta-feira-novas-remessas-de-vacinas-contra-a-covid-19\/","title":{"rendered":"16\u00aa Coordenadoria Regional de Sa\u00fade recebe novas remessas de vacinas contra a Covid"},"content":{"rendered":"\n<p>A distribui\u00e7\u00e3o dessas doses e seringas Pfizer aos munic\u00edpios ser\u00e1 ainda nesta sexta-feira, nos mesmos moldes das remessas anteriores, por ordem de chegada, e conforme a organiza\u00e7\u00e3o abaixo.<\/p>\n\n\n\n<figure class=\"wp-block-image size-large is-resized\"><img loading=\"lazy\" decoding=\"async\" src=\"https:\/\/folhapopular.info\/wp-content\/uploads\/2021\/06\/ksjsnsn.png\" alt=\"\" class=\"wp-image-85735\" width=\"332\" height=\"535\"\/><\/figure>\n\n\n\n<p>Todos os munic\u00edpios devem retirar suas vacinas obrigatoriamente nesta data, uma vez que n\u00e3o h\u00e1 gerador na Regional.<\/p>\n\n\n\n<p>O hor\u00e1rio de alguns munic\u00edpios foi alterado em rela\u00e7\u00e3o \u00e0s entregas anteriores, por isso confiram novamente o seu hor\u00e1rio.<\/p>\n\n\n\n<p><strong>Das 15h\u00a0\u00e0s 16h, ser\u00e3o atendidos os seguintes munic\u00edpios:<\/strong><br>Anta Gorda;<\/p>\n\n\n\n<p>Boqueir\u00e3o do Le\u00e3o;<\/p>\n\n\n\n<p>Canudos do Vale;<\/p>\n\n\n\n<p>Capit\u00e3o;<\/p>\n\n\n\n<p>Coqueiro Baixo;<\/p>\n\n\n\n<p>Dois Lajeados;<\/p>\n\n\n\n<p>Doutor Ricardo;<\/p>\n\n\n\n<p>Il\u00f3polis;<\/p>\n\n\n\n<p>Imigrante;<\/p>\n\n\n\n<p>Mu\u00e7um;\u00a0<\/p>\n\n\n\n<p>Nova Br\u00e9scia;<\/p>\n\n\n\n<p>Po\u00e7o das Antas;<\/p>\n\n\n\n<p>Pouso Novo;<\/p>\n\n\n\n<p>Progresso;<\/p>\n\n\n\n<p>Putinga;<\/p>\n\n\n\n<p>Relvado;<\/p>\n\n\n\n<p>S\u00e3o Jos\u00e9 do Herval;<\/p>\n\n\n\n<p>S\u00e3o Valentim do Sul;<\/p>\n\n\n\n<p>S\u00e9rio;<\/p>\n\n\n\n<p>Taquari;<\/p>\n\n\n\n<p>Vespasiano Correa.\u00a0<br><br><strong>Das 16h\u00a0\u00e0s 17h, ser\u00e3o atendidos os seguintes munic\u00edpios:<\/strong><br>Arroio do Meio;<\/p>\n\n\n\n<p>Bom Retiro do Sul;<\/p>\n\n\n\n<p>Colinas;<\/p>\n\n\n\n<p>Cruzeiro do Sul;<\/p>\n\n\n\n<p>Encantado;<\/p>\n\n\n\n<p>Estrela;<\/p>\n\n\n\n<p>Fazenda Vilanova;<\/p>\n\n\n\n<p>Forquetinha;<\/p>\n\n\n\n<p>Lajeado;<\/p>\n\n\n\n<p>Marques de Souza;<\/p>\n\n\n\n<p>Paverama;<\/p>\n\n\n\n<p>Roca Sales;<\/p>\n\n\n\n<p>Santa Clara do Sul;<\/p>\n\n\n\n<p>Teut\u00f4nia;<\/p>\n\n\n\n<p>Travesseiro;<\/p>\n\n\n\n<p>Westf\u00e1lia.\u00a0<\/p>\n\n\n\n<p><\/p>\n","protected":false},"excerpt":{"rendered":"<p>A distribui\u00e7\u00e3o dessas doses e seringas Pfizer aos munic\u00edpios ser\u00e1 ainda nesta sexta-feira, nos mesmos moldes das remessas anteriores, por ordem de chegada, e conforme a organiza\u00e7\u00e3o abaixo. Todos os munic\u00edpios devem retirar suas vacinas obrigatoriamente nesta data, uma vez que n\u00e3o h\u00e1 gerador na Regional. O hor\u00e1rio de alguns munic\u00edpios foi alterado em rela\u00e7\u00e3o [&hellip;]<\/p>\n","protected":false},"author":8,"featured_media":85708,"comment_status":"open","ping_status":"open","sticky":false,"template":"","format":"standard","meta":{"pmpro_default_level":"","_jetpack_memberships_contains_paid_content":false,"footnotes":""},"categories":[5756,2,3],"tags":[6675,5373,143],"class_list":{"0":"post-85734","1":"post","2":"type-post","3":"status-publish","4":"format-standard","5":"has-post-thumbnail","7":"category-coronavirus","8":"category-featured","9":"category-geral","10":"tag-distribuicao","11":"tag-municipios","12":"tag-vacinas","13":"pmpro-has-access"},"yoast_head":"<!-- This site is optimized with the Yoast SEO plugin v27.5 - https:\/\/yoast.com\/product\/yoast-seo-wordpress\/ -->\n<title>16\u00aa Coordenadoria Regional de Sa\u00fade recebe novas remessas de vacinas contra a Covid - Folha Popular<\/title>\n<meta name=\"robots\" content=\"index, follow, max-snippet:-1, max-image-preview:large, max-video-preview:-1\" \/>\n<link rel=\"canonical\" href=\"https:\/\/folhapopular.info\/index.php\/2021\/06\/25\/16a-coordenadoria-regional-de-saude-recebe-nesta-sexta-feira-novas-remessas-de-vacinas-contra-a-covid-19\/\" \/>\n<meta property=\"og:locale\" content=\"pt_BR\" \/>\n<meta property=\"og:type\" content=\"article\" \/>\n<meta property=\"og:title\" content=\"16\u00aa Coordenadoria Regional de Sa\u00fade recebe novas remessas de vacinas contra a Covid - Folha Popular\" \/>\n<meta property=\"og:description\" content=\"A distribui\u00e7\u00e3o dessas doses e seringas Pfizer aos munic\u00edpios ser\u00e1 ainda nesta sexta-feira, nos mesmos moldes das remessas anteriores, por ordem de chegada, e conforme a organiza\u00e7\u00e3o abaixo. Todos os munic\u00edpios devem retirar suas vacinas obrigatoriamente nesta data, uma vez que n\u00e3o h\u00e1 gerador na Regional. O hor\u00e1rio de alguns munic\u00edpios foi alterado em rela\u00e7\u00e3o [&hellip;]\" \/>\n<meta property=\"og:url\" content=\"https:\/\/folhapopular.info\/index.php\/2021\/06\/25\/16a-coordenadoria-regional-de-saude-recebe-nesta-sexta-feira-novas-remessas-de-vacinas-contra-a-covid-19\/\" \/>\n<meta property=\"og:site_name\" content=\"Folha Popular\" \/>\n<meta property=\"article:published_time\" content=\"2021-06-25T11:19:56+00:00\" \/>\n<meta property=\"article:modified_time\" content=\"2021-06-25T11:23:15+00:00\" \/>\n<meta property=\"og:image\" content=\"https:\/\/folhapopular.info\/wp-content\/uploads\/2021\/06\/51267558342_2c8af65c6f_o-e1624566907725.jpg\" \/>\n\t<meta property=\"og:image:width\" content=\"800\" \/>\n\t<meta property=\"og:image:height\" content=\"533\" \/>\n\t<meta property=\"og:image:type\" content=\"image\/jpeg\" \/>\n<meta name=\"author\" content=\"Reda\u00e7\u00e3o Folha Popular\" \/>\n<meta name=\"twitter:card\" content=\"summary_large_image\" \/>\n<meta name=\"twitter:label1\" content=\"Escrito por\" \/>\n\t<meta name=\"twitter:data1\" content=\"Reda\u00e7\u00e3o Folha Popular\" \/>\n\t<meta name=\"twitter:label2\" content=\"Est. tempo de leitura\" \/>\n\t<meta name=\"twitter:data2\" content=\"1 minuto\" \/>\n<script type=\"application\/ld+json\" class=\"yoast-schema-graph\">{\"@context\":\"https:\\\/\\\/schema.org\",\"@graph\":[{\"@type\":\"Article\",\"@id\":\"https:\\\/\\\/folhapopular.info\\\/index.php\\\/2021\\\/06\\\/25\\\/16a-coordenadoria-regional-de-saude-recebe-nesta-sexta-feira-novas-remessas-de-vacinas-contra-a-covid-19\\\/#article\",\"isPartOf\":{\"@id\":\"https:\\\/\\\/folhapopular.info\\\/index.php\\\/2021\\\/06\\\/25\\\/16a-coordenadoria-regional-de-saude-recebe-nesta-sexta-feira-novas-remessas-de-vacinas-contra-a-covid-19\\\/\"},\"author\":{\"name\":\"Reda\u00e7\u00e3o Folha Popular\",\"@id\":\"https:\\\/\\\/folhapopular.info\\\/#\\\/schema\\\/person\\\/2814e8a0df7643585a9ca38bc6eb9d4b\"},\"headline\":\"16\u00aa Coordenadoria Regional de Sa\u00fade recebe novas remessas de vacinas contra a Covid\",\"datePublished\":\"2021-06-25T11:19:56+00:00\",\"dateModified\":\"2021-06-25T11:23:15+00:00\",\"mainEntityOfPage\":{\"@id\":\"https:\\\/\\\/folhapopular.info\\\/index.php\\\/2021\\\/06\\\/25\\\/16a-coordenadoria-regional-de-saude-recebe-nesta-sexta-feira-novas-remessas-de-vacinas-contra-a-covid-19\\\/\"},\"wordCount\":191,\"commentCount\":0,\"image\":{\"@id\":\"https:\\\/\\\/folhapopular.info\\\/index.php\\\/2021\\\/06\\\/25\\\/16a-coordenadoria-regional-de-saude-recebe-nesta-sexta-feira-novas-remessas-de-vacinas-contra-a-covid-19\\\/#primaryimage\"},\"thumbnailUrl\":\"https:\\\/\\\/folhapopular.info\\\/wp-content\\\/uploads\\\/2021\\\/06\\\/51267558342_2c8af65c6f_o-e1624566907725.jpg\",\"keywords\":[\"Distribui\u00e7\u00e3o\",\"munic\u00edpios\",\"Vacinas\"],\"articleSection\":[\"Coronav\u00edrus\",\"Destaques\",\"Geral\"],\"inLanguage\":\"pt-BR\",\"potentialAction\":[{\"@type\":\"CommentAction\",\"name\":\"Comment\",\"target\":[\"https:\\\/\\\/folhapopular.info\\\/index.php\\\/2021\\\/06\\\/25\\\/16a-coordenadoria-regional-de-saude-recebe-nesta-sexta-feira-novas-remessas-de-vacinas-contra-a-covid-19\\\/#respond\"]}]},{\"@type\":\"WebPage\",\"@id\":\"https:\\\/\\\/folhapopular.info\\\/index.php\\\/2021\\\/06\\\/25\\\/16a-coordenadoria-regional-de-saude-recebe-nesta-sexta-feira-novas-remessas-de-vacinas-contra-a-covid-19\\\/\",\"url\":\"https:\\\/\\\/folhapopular.info\\\/index.php\\\/2021\\\/06\\\/25\\\/16a-coordenadoria-regional-de-saude-recebe-nesta-sexta-feira-novas-remessas-de-vacinas-contra-a-covid-19\\\/\",\"name\":\"16\u00aa Coordenadoria Regional de Sa\u00fade recebe novas remessas de vacinas contra a Covid - Folha Popular\",\"isPartOf\":{\"@id\":\"https:\\\/\\\/folhapopular.info\\\/#website\"},\"primaryImageOfPage\":{\"@id\":\"https:\\\/\\\/folhapopular.info\\\/index.php\\\/2021\\\/06\\\/25\\\/16a-coordenadoria-regional-de-saude-recebe-nesta-sexta-feira-novas-remessas-de-vacinas-contra-a-covid-19\\\/#primaryimage\"},\"image\":{\"@id\":\"https:\\\/\\\/folhapopular.info\\\/index.php\\\/2021\\\/06\\\/25\\\/16a-coordenadoria-regional-de-saude-recebe-nesta-sexta-feira-novas-remessas-de-vacinas-contra-a-covid-19\\\/#primaryimage\"},\"thumbnailUrl\":\"https:\\\/\\\/folhapopular.info\\\/wp-content\\\/uploads\\\/2021\\\/06\\\/51267558342_2c8af65c6f_o-e1624566907725.jpg\",\"datePublished\":\"2021-06-25T11:19:56+00:00\",\"dateModified\":\"2021-06-25T11:23:15+00:00\",\"author\":{\"@id\":\"https:\\\/\\\/folhapopular.info\\\/#\\\/schema\\\/person\\\/2814e8a0df7643585a9ca38bc6eb9d4b\"},\"breadcrumb\":{\"@id\":\"https:\\\/\\\/folhapopular.info\\\/index.php\\\/2021\\\/06\\\/25\\\/16a-coordenadoria-regional-de-saude-recebe-nesta-sexta-feira-novas-remessas-de-vacinas-contra-a-covid-19\\\/#breadcrumb\"},\"inLanguage\":\"pt-BR\",\"potentialAction\":[{\"@type\":\"ReadAction\",\"target\":[\"https:\\\/\\\/folhapopular.info\\\/index.php\\\/2021\\\/06\\\/25\\\/16a-coordenadoria-regional-de-saude-recebe-nesta-sexta-feira-novas-remessas-de-vacinas-contra-a-covid-19\\\/\"]}]},{\"@type\":\"ImageObject\",\"inLanguage\":\"pt-BR\",\"@id\":\"https:\\\/\\\/folhapopular.info\\\/index.php\\\/2021\\\/06\\\/25\\\/16a-coordenadoria-regional-de-saude-recebe-nesta-sexta-feira-novas-remessas-de-vacinas-contra-a-covid-19\\\/#primaryimage\",\"url\":\"https:\\\/\\\/folhapopular.info\\\/wp-content\\\/uploads\\\/2021\\\/06\\\/51267558342_2c8af65c6f_o-e1624566907725.jpg\",\"contentUrl\":\"https:\\\/\\\/folhapopular.info\\\/wp-content\\\/uploads\\\/2021\\\/06\\\/51267558342_2c8af65c6f_o-e1624566907725.jpg\",\"width\":800,\"height\":533,\"caption\":\"Cr\u00e9dito da foto: Gustavo Mansur\\\/ Pal\u00e1cio Piratini\\\/Divulga\u00e7\u00e3o\"},{\"@type\":\"BreadcrumbList\",\"@id\":\"https:\\\/\\\/folhapopular.info\\\/index.php\\\/2021\\\/06\\\/25\\\/16a-coordenadoria-regional-de-saude-recebe-nesta-sexta-feira-novas-remessas-de-vacinas-contra-a-covid-19\\\/#breadcrumb\",\"itemListElement\":[{\"@type\":\"ListItem\",\"position\":1,\"name\":\"In\u00edcio\",\"item\":\"https:\\\/\\\/folhapopular.info\\\/\"},{\"@type\":\"ListItem\",\"position\":2,\"name\":\"16\u00aa Coordenadoria Regional de Sa\u00fade recebe novas remessas de vacinas contra a Covid\"}]},{\"@type\":\"WebSite\",\"@id\":\"https:\\\/\\\/folhapopular.info\\\/#website\",\"url\":\"https:\\\/\\\/folhapopular.info\\\/\",\"name\":\"Folha Popular\",\"description\":\"Onde voc\u00ea tem vez e voz\",\"potentialAction\":[{\"@type\":\"SearchAction\",\"target\":{\"@type\":\"EntryPoint\",\"urlTemplate\":\"https:\\\/\\\/folhapopular.info\\\/?s={search_term_string}\"},\"query-input\":{\"@type\":\"PropertyValueSpecification\",\"valueRequired\":true,\"valueName\":\"search_term_string\"}}],\"inLanguage\":\"pt-BR\"},{\"@type\":\"Person\",\"@id\":\"https:\\\/\\\/folhapopular.info\\\/#\\\/schema\\\/person\\\/2814e8a0df7643585a9ca38bc6eb9d4b\",\"name\":\"Reda\u00e7\u00e3o Folha Popular\",\"image\":{\"@type\":\"ImageObject\",\"inLanguage\":\"pt-BR\",\"@id\":\"https:\\\/\\\/folhapopular.info\\\/wp-content\\\/uploads\\\/2026\\\/04\\\/Folha-1.webp\",\"url\":\"https:\\\/\\\/folhapopular.info\\\/wp-content\\\/uploads\\\/2026\\\/04\\\/Folha-1.webp\",\"contentUrl\":\"https:\\\/\\\/folhapopular.info\\\/wp-content\\\/uploads\\\/2026\\\/04\\\/Folha-1.webp\",\"caption\":\"Reda\u00e7\u00e3o Folha Popular\"},\"url\":\"https:\\\/\\\/folhapopular.info\\\/index.php\\\/author\\\/redacao\\\/\"}]}<\/script>\n<!-- \/ Yoast SEO plugin. -->","yoast_head_json":{"title":"16\u00aa Coordenadoria Regional de Sa\u00fade recebe novas remessas de vacinas contra a Covid - Folha Popular","robots":{"index":"index","follow":"follow","max-snippet":"max-snippet:-1","max-image-preview":"max-image-preview:large","max-video-preview":"max-video-preview:-1"},"canonical":"https:\/\/folhapopular.info\/index.php\/2021\/06\/25\/16a-coordenadoria-regional-de-saude-recebe-nesta-sexta-feira-novas-remessas-de-vacinas-contra-a-covid-19\/","og_locale":"pt_BR","og_type":"article","og_title":"16\u00aa Coordenadoria Regional de Sa\u00fade recebe novas remessas de vacinas contra a Covid - Folha Popular","og_description":"A distribui\u00e7\u00e3o dessas doses e seringas Pfizer aos munic\u00edpios ser\u00e1 ainda nesta sexta-feira, nos mesmos moldes das remessas anteriores, por ordem de chegada, e conforme a organiza\u00e7\u00e3o abaixo. Todos os munic\u00edpios devem retirar suas vacinas obrigatoriamente nesta data, uma vez que n\u00e3o h\u00e1 gerador na Regional. O hor\u00e1rio de alguns munic\u00edpios foi alterado em rela\u00e7\u00e3o [&hellip;]","og_url":"https:\/\/folhapopular.info\/index.php\/2021\/06\/25\/16a-coordenadoria-regional-de-saude-recebe-nesta-sexta-feira-novas-remessas-de-vacinas-contra-a-covid-19\/","og_site_name":"Folha Popular","article_published_time":"2021-06-25T11:19:56+00:00","article_modified_time":"2021-06-25T11:23:15+00:00","og_image":[{"width":800,"height":533,"url":"https:\/\/folhapopular.info\/wp-content\/uploads\/2021\/06\/51267558342_2c8af65c6f_o-e1624566907725.jpg","type":"image\/jpeg"}],"author":"Reda\u00e7\u00e3o Folha Popular","twitter_card":"summary_large_image","twitter_misc":{"Escrito por":"Reda\u00e7\u00e3o Folha Popular","Est. tempo de leitura":"1 minuto"},"schema":{"@context":"https:\/\/schema.org","@graph":[{"@type":"Article","@id":"https:\/\/folhapopular.info\/index.php\/2021\/06\/25\/16a-coordenadoria-regional-de-saude-recebe-nesta-sexta-feira-novas-remessas-de-vacinas-contra-a-covid-19\/#article","isPartOf":{"@id":"https:\/\/folhapopular.info\/index.php\/2021\/06\/25\/16a-coordenadoria-regional-de-saude-recebe-nesta-sexta-feira-novas-remessas-de-vacinas-contra-a-covid-19\/"},"author":{"name":"Reda\u00e7\u00e3o Folha Popular","@id":"https:\/\/folhapopular.info\/#\/schema\/person\/2814e8a0df7643585a9ca38bc6eb9d4b"},"headline":"16\u00aa Coordenadoria Regional de Sa\u00fade recebe novas remessas de vacinas contra a Covid","datePublished":"2021-06-25T11:19:56+00:00","dateModified":"2021-06-25T11:23:15+00:00","mainEntityOfPage":{"@id":"https:\/\/folhapopular.info\/index.php\/2021\/06\/25\/16a-coordenadoria-regional-de-saude-recebe-nesta-sexta-feira-novas-remessas-de-vacinas-contra-a-covid-19\/"},"wordCount":191,"commentCount":0,"image":{"@id":"https:\/\/folhapopular.info\/index.php\/2021\/06\/25\/16a-coordenadoria-regional-de-saude-recebe-nesta-sexta-feira-novas-remessas-de-vacinas-contra-a-covid-19\/#primaryimage"},"thumbnailUrl":"https:\/\/folhapopular.info\/wp-content\/uploads\/2021\/06\/51267558342_2c8af65c6f_o-e1624566907725.jpg","keywords":["Distribui\u00e7\u00e3o","munic\u00edpios","Vacinas"],"articleSection":["Coronav\u00edrus","Destaques","Geral"],"inLanguage":"pt-BR","potentialAction":[{"@type":"CommentAction","name":"Comment","target":["https:\/\/folhapopular.info\/index.php\/2021\/06\/25\/16a-coordenadoria-regional-de-saude-recebe-nesta-sexta-feira-novas-remessas-de-vacinas-contra-a-covid-19\/#respond"]}]},{"@type":"WebPage","@id":"https:\/\/folhapopular.info\/index.php\/2021\/06\/25\/16a-coordenadoria-regional-de-saude-recebe-nesta-sexta-feira-novas-remessas-de-vacinas-contra-a-covid-19\/","url":"https:\/\/folhapopular.info\/index.php\/2021\/06\/25\/16a-coordenadoria-regional-de-saude-recebe-nesta-sexta-feira-novas-remessas-de-vacinas-contra-a-covid-19\/","name":"16\u00aa Coordenadoria Regional de Sa\u00fade recebe novas remessas de vacinas contra a Covid - Folha Popular","isPartOf":{"@id":"https:\/\/folhapopular.info\/#website"},"primaryImageOfPage":{"@id":"https:\/\/folhapopular.info\/index.php\/2021\/06\/25\/16a-coordenadoria-regional-de-saude-recebe-nesta-sexta-feira-novas-remessas-de-vacinas-contra-a-covid-19\/#primaryimage"},"image":{"@id":"https:\/\/folhapopular.info\/index.php\/2021\/06\/25\/16a-coordenadoria-regional-de-saude-recebe-nesta-sexta-feira-novas-remessas-de-vacinas-contra-a-covid-19\/#primaryimage"},"thumbnailUrl":"https:\/\/folhapopular.info\/wp-content\/uploads\/2021\/06\/51267558342_2c8af65c6f_o-e1624566907725.jpg","datePublished":"2021-06-25T11:19:56+00:00","dateModified":"2021-06-25T11:23:15+00:00","author":{"@id":"https:\/\/folhapopular.info\/#\/schema\/person\/2814e8a0df7643585a9ca38bc6eb9d4b"},"breadcrumb":{"@id":"https:\/\/folhapopular.info\/index.php\/2021\/06\/25\/16a-coordenadoria-regional-de-saude-recebe-nesta-sexta-feira-novas-remessas-de-vacinas-contra-a-covid-19\/#breadcrumb"},"inLanguage":"pt-BR","potentialAction":[{"@type":"ReadAction","target":["https:\/\/folhapopular.info\/index.php\/2021\/06\/25\/16a-coordenadoria-regional-de-saude-recebe-nesta-sexta-feira-novas-remessas-de-vacinas-contra-a-covid-19\/"]}]},{"@type":"ImageObject","inLanguage":"pt-BR","@id":"https:\/\/folhapopular.info\/index.php\/2021\/06\/25\/16a-coordenadoria-regional-de-saude-recebe-nesta-sexta-feira-novas-remessas-de-vacinas-contra-a-covid-19\/#primaryimage","url":"https:\/\/folhapopular.info\/wp-content\/uploads\/2021\/06\/51267558342_2c8af65c6f_o-e1624566907725.jpg","contentUrl":"https:\/\/folhapopular.info\/wp-content\/uploads\/2021\/06\/51267558342_2c8af65c6f_o-e1624566907725.jpg","width":800,"height":533,"caption":"Cr\u00e9dito da foto: Gustavo Mansur\/ Pal\u00e1cio Piratini\/Divulga\u00e7\u00e3o"},{"@type":"BreadcrumbList","@id":"https:\/\/folhapopular.info\/index.php\/2021\/06\/25\/16a-coordenadoria-regional-de-saude-recebe-nesta-sexta-feira-novas-remessas-de-vacinas-contra-a-covid-19\/#breadcrumb","itemListElement":[{"@type":"ListItem","position":1,"name":"In\u00edcio","item":"https:\/\/folhapopular.info\/"},{"@type":"ListItem","position":2,"name":"16\u00aa Coordenadoria Regional de Sa\u00fade recebe novas remessas de vacinas contra a Covid"}]},{"@type":"WebSite","@id":"https:\/\/folhapopular.info\/#website","url":"https:\/\/folhapopular.info\/","name":"Folha Popular","description":"Onde voc\u00ea tem vez e voz","potentialAction":[{"@type":"SearchAction","target":{"@type":"EntryPoint","urlTemplate":"https:\/\/folhapopular.info\/?s={search_term_string}"},"query-input":{"@type":"PropertyValueSpecification","valueRequired":true,"valueName":"search_term_string"}}],"inLanguage":"pt-BR"},{"@type":"Person","@id":"https:\/\/folhapopular.info\/#\/schema\/person\/2814e8a0df7643585a9ca38bc6eb9d4b","name":"Reda\u00e7\u00e3o Folha Popular","image":{"@type":"ImageObject","inLanguage":"pt-BR","@id":"https:\/\/folhapopular.info\/wp-content\/uploads\/2026\/04\/Folha-1.webp","url":"https:\/\/folhapopular.info\/wp-content\/uploads\/2026\/04\/Folha-1.webp","contentUrl":"https:\/\/folhapopular.info\/wp-content\/uploads\/2026\/04\/Folha-1.webp","caption":"Reda\u00e7\u00e3o Folha Popular"},"url":"https:\/\/folhapopular.info\/index.php\/author\/redacao\/"}]}},"jetpack_featured_media_url":"https:\/\/folhapopular.info\/wp-content\/uploads\/2021\/06\/51267558342_2c8af65c6f_o-e1624566907725.jpg","jetpack_sharing_enabled":true,"amp_enabled":true,"_links":{"self":[{"href":"https:\/\/folhapopular.info\/index.php\/wp-json\/wp\/v2\/posts\/85734","targetHints":{"allow":["GET"]}}],"collection":[{"href":"https:\/\/folhapopular.info\/index.php\/wp-json\/wp\/v2\/posts"}],"about":[{"href":"https:\/\/folhapopular.info\/index.php\/wp-json\/wp\/v2\/types\/post"}],"author":[{"embeddable":true,"href":"https:\/\/folhapopular.info\/index.php\/wp-json\/wp\/v2\/users\/8"}],"replies":[{"embeddable":true,"href":"https:\/\/folhapopular.info\/index.php\/wp-json\/wp\/v2\/comments?post=85734"}],"version-history":[{"count":0,"href":"https:\/\/folhapopular.info\/index.php\/wp-json\/wp\/v2\/posts\/85734\/revisions"}],"wp:featuredmedia":[{"embeddable":true,"href":"https:\/\/folhapopular.info\/index.php\/wp-json\/wp\/v2\/media\/85708"}],"wp:attachment":[{"href":"https:\/\/folhapopular.info\/index.php\/wp-json\/wp\/v2\/media?parent=85734"}],"wp:term":[{"taxonomy":"category","embeddable":true,"href":"https:\/\/folhapopular.info\/index.php\/wp-json\/wp\/v2\/categories?post=85734"},{"taxonomy":"post_tag","embeddable":true,"href":"https:\/\/folhapopular.info\/index.php\/wp-json\/wp\/v2\/tags?post=85734"}],"curies":[{"name":"wp","href":"https:\/\/api.w.org\/{rel}","templated":true}]}}