{"id":85748,"date":"2021-06-25T11:18:24","date_gmt":"2021-06-25T14:18:24","guid":{"rendered":"https:\/\/folhapopular.info\/?p=85748"},"modified":"2021-06-25T11:18:27","modified_gmt":"2021-06-25T14:18:27","slug":"cooperativa-languiru-inicia-coleta-de-leite-na-regiao-sul-do-estado","status":"publish","type":"post","link":"https:\/\/folhapopular.info\/index.php\/2021\/06\/25\/cooperativa-languiru-inicia-coleta-de-leite-na-regiao-sul-do-estado\/","title":{"rendered":"Cooperativa Languiru inicia coleta de leite na Regi\u00e3o Sul do Estado"},"content":{"rendered":"\n<p>Aumentar a capta\u00e7\u00e3o de leite com o prop\u00f3sito de utilizar toda a capacidade operacional da planta industrial; desenvolver regi\u00f5es com voca\u00e7\u00e3o ao agroneg\u00f3cio; e promover o fortalecimento de economias locais. Todos esses motivos levaram a Languiru a expandir a sua \u00e1rea de atua\u00e7\u00e3o no Rio Grande do Sul. H\u00e1 cinco meses, a Cooperativa vem recebendo a produ\u00e7\u00e3o leiteira de produtores da Regi\u00e3o Sul do Estado. Por dia, s\u00e3o aproximadamente 30 mil litros de leite coletados nos munic\u00edpios de Arroio do Padre, Cerrito, Cristal, Cangu\u00e7u, Pelotas, S\u00e3o Louren\u00e7o do Sul e Turu\u00e7u.<\/p>\n\n\n\n<p><strong>Planejamento e integra\u00e7\u00e3o<\/strong><\/p>\n\n\n\n<p>Num primeiro momento, com o prop\u00f3sito de alavancar os volumes de leite captados na regi\u00e3o, o trabalho de associa\u00e7\u00e3o de novos produtores ser\u00e1 intensificado. Tendo em vista uma presen\u00e7a cada vez maior, a Cooperativa tamb\u00e9m pretende instalar unidade de loja Agrocenter Languiru com o objetivo de fornecer tudo o que os produtores necessitam em termos de ra\u00e7\u00f5es, sementes, fertilizantes, farm\u00e1cia veterin\u00e1ria, ferramentas e m\u00e1quinas.<\/p>\n\n\n\n<p>Hoje, os associados da regi\u00e3o j\u00e1 usufruem de benef\u00edcios dos produtores de leite da Cooperativa, como, por exemplo, a possibilidade de fazer compras na Conta do Leite. Inclusive, recentemente a Cooperativa realizou apresenta\u00e7\u00e3o virtual (live) direcionada aos associados e parceiros da Regi\u00e3o Sul.<\/p>\n\n\n\n<p>Na oportunidade, foram compartilhados os planos para a regi\u00e3o e detalhados benef\u00edcios do quadro social. A apresenta\u00e7\u00e3o foi realizada pelo presidente Dirceu Bayer; pelo gerente de fomento do Setor de Leite do Departamento T\u00e9cnico, Mauro Aschebrock; e pelo gerente das lojas Agrocenter Languiru, Martin Fernando Brackmann.<\/p>\n\n\n\n<p><strong>Ser protagonista de um novo ciclo<\/strong><\/p>\n\n\n\n<p>Bayer enfatizou que o agroneg\u00f3cio continua sendo o \u201cpilar\u201d da economia brasileira, promovendo o desenvolvimento de comunidades em todo o pa\u00eds. Acrescentou que o cooperativismo exerce protagonismo nessa conjuntura por gerar renda e equil\u00edbrio social, contexto em que se enquadra a Languiru.<\/p>\n\n\n\n<p>A Cooperativa pretende executar um conjunto de a\u00e7\u00f5es para contribuir no desenvolvimento do agroneg\u00f3cio da Regi\u00e3o Sul, contemplando pol\u00edticas de incremento \u00e0 produ\u00e7\u00e3o leiteira e a possibilidade de instala\u00e7\u00e3o de unidades para comercializa\u00e7\u00e3o de insumos e maquin\u00e1rio agr\u00edcola. \u201cEstamos chegando para permanecer e iniciar um novo ciclo na agropecu\u00e1ria local por meio dos princ\u00edpios cooperativistas\u201d, ressaltou o presidente.<\/p>\n\n\n\n<p><strong>Implementar a cultura da Languiru<\/strong><\/p>\n\n\n\n<p>Aschebrock lembrou que os primeiros contatos para iniciar o projeto na regi\u00e3o ocorreram em 2014. Observou que, neste come\u00e7o, est\u00e1 se buscando identificar as caracter\u00edsticas das propriedades da regi\u00e3o. Com o tempo, o intuito \u00e9 promover o interc\u00e2mbio com propriedades de outras \u00e1reas de atua\u00e7\u00e3o da Languiru. \u201cEstamos focando no ajuste de dietas e melhoria gradual da estrutura das propriedades. Aos poucos, vamos implementando a cultura da Languiru, em uma regi\u00e3o que tem tradi\u00e7\u00e3o de produzir leite\u201d, explicou.<\/p>\n\n\n\n<p><strong>T\u00e9cnicos analisam o contexto<\/strong><\/p>\n\n\n\n<p>O Setor de Leite do Departamento T\u00e9cnico vem prestando todo o suporte aos associados da regi\u00e3o. O servi\u00e7o de assist\u00eancia t\u00e9cnica \u00e9 executado por dois profissionais que instruem os produtores sobre planejamento forrageiro, composi\u00e7\u00e3o de dieta e qualidade do leite.<\/p>\n\n\n\n<p>A t\u00e9cnica em agropecu\u00e1ria Di\u00e9sica Rediss Bonow (32) \u00e9 filha de produtores de leite e j\u00e1 atua h\u00e1 mais de uma d\u00e9cada prestando assessoria em propriedades rurais. Observa que as propriedades da regi\u00e3o apresentam, em m\u00e9dia, \u00e1reas de 20 a 30 hectares. Nesse sentido, ressalta que existe um grande potencial a ser explorado. \u201cOs produtores da regi\u00e3o estavam desamparados e, agora, h\u00e1 novas perspectivas com a vinda da Languiru. Temos muito trabalho pela frente, o que \u00e9 bastante motivador. Com o tempo, queremos trazer produtores daquela regi\u00e3o para virem conhecer propriedades do Vale do Taquari\u201d, afirma.<\/p>\n\n\n\n<p>O t\u00e9cnico em agropecu\u00e1ria Rog\u00e9rio Franz (37) tamb\u00e9m conta com grande experi\u00eancia na lida com gado leiteiro, visto que a fam\u00edlia possui propriedade rural. Destaca que j\u00e1 se completaram seis meses da vinda da Cooperativa para a regi\u00e3o e que os produtores est\u00e3o animados com a presen\u00e7a da Languiru. \u201cJ\u00e1 estamos percebendo algumas mudan\u00e7as nas propriedades como, por exemplo, evolu\u00e7\u00e3o na quest\u00e3o da dieta do gado leiteiro. Temos que continuar inserindo novas tecnologias para buscar a evolu\u00e7\u00e3o no campo\u201d, argumenta.<\/p>\n","protected":false},"excerpt":{"rendered":"<p>Aumentar a capta\u00e7\u00e3o de leite com o prop\u00f3sito de utilizar toda a capacidade operacional da planta industrial; desenvolver regi\u00f5es com voca\u00e7\u00e3o ao agroneg\u00f3cio; e promover o fortalecimento de economias locais. Todos esses motivos levaram a Languiru a expandir a sua \u00e1rea de atua\u00e7\u00e3o no Rio Grande do Sul. H\u00e1 cinco meses, a Cooperativa vem recebendo [&hellip;]<\/p>\n","protected":false},"author":8,"featured_media":85750,"comment_status":"open","ping_status":"open","sticky":false,"template":"","format":"standard","meta":{"pmpro_default_level":"","_jetpack_memberships_contains_paid_content":false,"footnotes":""},"categories":[2,3],"tags":[313,315],"class_list":{"0":"post-85748","1":"post","2":"type-post","3":"status-publish","4":"format-standard","5":"has-post-thumbnail","7":"category-featured","8":"category-geral","9":"tag-cooperativa-languiru","10":"tag-regiao","11":"pmpro-has-access"},"yoast_head":"<!-- This site is optimized with the Yoast SEO plugin v27.5 - https:\/\/yoast.com\/product\/yoast-seo-wordpress\/ -->\n<title>Cooperativa Languiru inicia coleta de leite na Regi\u00e3o Sul do Estado - Folha Popular<\/title>\n<meta name=\"robots\" content=\"index, follow, max-snippet:-1, max-image-preview:large, max-video-preview:-1\" \/>\n<link rel=\"canonical\" href=\"https:\/\/folhapopular.info\/index.php\/2021\/06\/25\/cooperativa-languiru-inicia-coleta-de-leite-na-regiao-sul-do-estado\/\" \/>\n<meta property=\"og:locale\" content=\"pt_BR\" \/>\n<meta property=\"og:type\" content=\"article\" \/>\n<meta property=\"og:title\" content=\"Cooperativa Languiru inicia coleta de leite na Regi\u00e3o Sul do Estado - Folha Popular\" \/>\n<meta property=\"og:description\" content=\"Aumentar a capta\u00e7\u00e3o de leite com o prop\u00f3sito de utilizar toda a capacidade operacional da planta industrial; desenvolver regi\u00f5es com voca\u00e7\u00e3o ao agroneg\u00f3cio; e promover o fortalecimento de economias locais. Todos esses motivos levaram a Languiru a expandir a sua \u00e1rea de atua\u00e7\u00e3o no Rio Grande do Sul. H\u00e1 cinco meses, a Cooperativa vem recebendo [&hellip;]\" \/>\n<meta property=\"og:url\" content=\"https:\/\/folhapopular.info\/index.php\/2021\/06\/25\/cooperativa-languiru-inicia-coleta-de-leite-na-regiao-sul-do-estado\/\" \/>\n<meta property=\"og:site_name\" content=\"Folha Popular\" \/>\n<meta property=\"article:published_time\" content=\"2021-06-25T14:18:24+00:00\" \/>\n<meta property=\"article:modified_time\" content=\"2021-06-25T14:18:27+00:00\" \/>\n<meta property=\"og:image\" content=\"https:\/\/folhapopular.info\/wp-content\/uploads\/2021\/06\/DSC_7338-JORNAL-scaled-e1624630216848.jpg\" \/>\n\t<meta property=\"og:image:width\" content=\"800\" \/>\n\t<meta property=\"og:image:height\" content=\"533\" \/>\n\t<meta property=\"og:image:type\" content=\"image\/jpeg\" \/>\n<meta name=\"author\" content=\"Reda\u00e7\u00e3o Folha Popular\" \/>\n<meta name=\"twitter:card\" content=\"summary_large_image\" \/>\n<meta name=\"twitter:label1\" content=\"Escrito por\" \/>\n\t<meta name=\"twitter:data1\" content=\"Reda\u00e7\u00e3o Folha Popular\" \/>\n\t<meta name=\"twitter:label2\" content=\"Est. tempo de leitura\" \/>\n\t<meta name=\"twitter:data2\" content=\"3 minutos\" \/>\n<script type=\"application\/ld+json\" class=\"yoast-schema-graph\">{\"@context\":\"https:\\\/\\\/schema.org\",\"@graph\":[{\"@type\":\"Article\",\"@id\":\"https:\\\/\\\/folhapopular.info\\\/index.php\\\/2021\\\/06\\\/25\\\/cooperativa-languiru-inicia-coleta-de-leite-na-regiao-sul-do-estado\\\/#article\",\"isPartOf\":{\"@id\":\"https:\\\/\\\/folhapopular.info\\\/index.php\\\/2021\\\/06\\\/25\\\/cooperativa-languiru-inicia-coleta-de-leite-na-regiao-sul-do-estado\\\/\"},\"author\":{\"name\":\"Reda\u00e7\u00e3o Folha Popular\",\"@id\":\"https:\\\/\\\/folhapopular.info\\\/#\\\/schema\\\/person\\\/2814e8a0df7643585a9ca38bc6eb9d4b\"},\"headline\":\"Cooperativa Languiru inicia coleta de leite na Regi\u00e3o Sul do Estado\",\"datePublished\":\"2021-06-25T14:18:24+00:00\",\"dateModified\":\"2021-06-25T14:18:27+00:00\",\"mainEntityOfPage\":{\"@id\":\"https:\\\/\\\/folhapopular.info\\\/index.php\\\/2021\\\/06\\\/25\\\/cooperativa-languiru-inicia-coleta-de-leite-na-regiao-sul-do-estado\\\/\"},\"wordCount\":739,\"commentCount\":0,\"image\":{\"@id\":\"https:\\\/\\\/folhapopular.info\\\/index.php\\\/2021\\\/06\\\/25\\\/cooperativa-languiru-inicia-coleta-de-leite-na-regiao-sul-do-estado\\\/#primaryimage\"},\"thumbnailUrl\":\"https:\\\/\\\/folhapopular.info\\\/wp-content\\\/uploads\\\/2021\\\/06\\\/DSC_7338-JORNAL-scaled-e1624630216848.jpg\",\"keywords\":[\"Cooperativa Languiru\",\"Regi\u00e3o\"],\"articleSection\":[\"Destaques\",\"Geral\"],\"inLanguage\":\"pt-BR\",\"potentialAction\":[{\"@type\":\"CommentAction\",\"name\":\"Comment\",\"target\":[\"https:\\\/\\\/folhapopular.info\\\/index.php\\\/2021\\\/06\\\/25\\\/cooperativa-languiru-inicia-coleta-de-leite-na-regiao-sul-do-estado\\\/#respond\"]}]},{\"@type\":\"WebPage\",\"@id\":\"https:\\\/\\\/folhapopular.info\\\/index.php\\\/2021\\\/06\\\/25\\\/cooperativa-languiru-inicia-coleta-de-leite-na-regiao-sul-do-estado\\\/\",\"url\":\"https:\\\/\\\/folhapopular.info\\\/index.php\\\/2021\\\/06\\\/25\\\/cooperativa-languiru-inicia-coleta-de-leite-na-regiao-sul-do-estado\\\/\",\"name\":\"Cooperativa Languiru inicia coleta de leite na Regi\u00e3o Sul do Estado - Folha Popular\",\"isPartOf\":{\"@id\":\"https:\\\/\\\/folhapopular.info\\\/#website\"},\"primaryImageOfPage\":{\"@id\":\"https:\\\/\\\/folhapopular.info\\\/index.php\\\/2021\\\/06\\\/25\\\/cooperativa-languiru-inicia-coleta-de-leite-na-regiao-sul-do-estado\\\/#primaryimage\"},\"image\":{\"@id\":\"https:\\\/\\\/folhapopular.info\\\/index.php\\\/2021\\\/06\\\/25\\\/cooperativa-languiru-inicia-coleta-de-leite-na-regiao-sul-do-estado\\\/#primaryimage\"},\"thumbnailUrl\":\"https:\\\/\\\/folhapopular.info\\\/wp-content\\\/uploads\\\/2021\\\/06\\\/DSC_7338-JORNAL-scaled-e1624630216848.jpg\",\"datePublished\":\"2021-06-25T14:18:24+00:00\",\"dateModified\":\"2021-06-25T14:18:27+00:00\",\"author\":{\"@id\":\"https:\\\/\\\/folhapopular.info\\\/#\\\/schema\\\/person\\\/2814e8a0df7643585a9ca38bc6eb9d4b\"},\"breadcrumb\":{\"@id\":\"https:\\\/\\\/folhapopular.info\\\/index.php\\\/2021\\\/06\\\/25\\\/cooperativa-languiru-inicia-coleta-de-leite-na-regiao-sul-do-estado\\\/#breadcrumb\"},\"inLanguage\":\"pt-BR\",\"potentialAction\":[{\"@type\":\"ReadAction\",\"target\":[\"https:\\\/\\\/folhapopular.info\\\/index.php\\\/2021\\\/06\\\/25\\\/cooperativa-languiru-inicia-coleta-de-leite-na-regiao-sul-do-estado\\\/\"]}]},{\"@type\":\"ImageObject\",\"inLanguage\":\"pt-BR\",\"@id\":\"https:\\\/\\\/folhapopular.info\\\/index.php\\\/2021\\\/06\\\/25\\\/cooperativa-languiru-inicia-coleta-de-leite-na-regiao-sul-do-estado\\\/#primaryimage\",\"url\":\"https:\\\/\\\/folhapopular.info\\\/wp-content\\\/uploads\\\/2021\\\/06\\\/DSC_7338-JORNAL-scaled-e1624630216848.jpg\",\"contentUrl\":\"https:\\\/\\\/folhapopular.info\\\/wp-content\\\/uploads\\\/2021\\\/06\\\/DSC_7338-JORNAL-scaled-e1624630216848.jpg\",\"width\":800,\"height\":533,\"caption\":\"Rog\u00e9rio Franz e Di\u00e9sica Rediss Bonow s\u00e3o os profissionais t\u00e9cnicos que prestam assist\u00eancia para produtores de leite da Regi\u00e3o Sul. Cr\u00e9dito da foto: \u00c9derson Mois\u00e9s K\u00e4fer\\\/Divulga\u00e7\u00e3o\"},{\"@type\":\"BreadcrumbList\",\"@id\":\"https:\\\/\\\/folhapopular.info\\\/index.php\\\/2021\\\/06\\\/25\\\/cooperativa-languiru-inicia-coleta-de-leite-na-regiao-sul-do-estado\\\/#breadcrumb\",\"itemListElement\":[{\"@type\":\"ListItem\",\"position\":1,\"name\":\"In\u00edcio\",\"item\":\"https:\\\/\\\/folhapopular.info\\\/\"},{\"@type\":\"ListItem\",\"position\":2,\"name\":\"Cooperativa Languiru inicia coleta de leite na Regi\u00e3o Sul do Estado\"}]},{\"@type\":\"WebSite\",\"@id\":\"https:\\\/\\\/folhapopular.info\\\/#website\",\"url\":\"https:\\\/\\\/folhapopular.info\\\/\",\"name\":\"Folha Popular\",\"description\":\"Onde voc\u00ea tem vez e voz\",\"potentialAction\":[{\"@type\":\"SearchAction\",\"target\":{\"@type\":\"EntryPoint\",\"urlTemplate\":\"https:\\\/\\\/folhapopular.info\\\/?s={search_term_string}\"},\"query-input\":{\"@type\":\"PropertyValueSpecification\",\"valueRequired\":true,\"valueName\":\"search_term_string\"}}],\"inLanguage\":\"pt-BR\"},{\"@type\":\"Person\",\"@id\":\"https:\\\/\\\/folhapopular.info\\\/#\\\/schema\\\/person\\\/2814e8a0df7643585a9ca38bc6eb9d4b\",\"name\":\"Reda\u00e7\u00e3o Folha Popular\",\"image\":{\"@type\":\"ImageObject\",\"inLanguage\":\"pt-BR\",\"@id\":\"https:\\\/\\\/folhapopular.info\\\/wp-content\\\/uploads\\\/2026\\\/04\\\/Folha-1.webp\",\"url\":\"https:\\\/\\\/folhapopular.info\\\/wp-content\\\/uploads\\\/2026\\\/04\\\/Folha-1.webp\",\"contentUrl\":\"https:\\\/\\\/folhapopular.info\\\/wp-content\\\/uploads\\\/2026\\\/04\\\/Folha-1.webp\",\"caption\":\"Reda\u00e7\u00e3o Folha Popular\"},\"url\":\"https:\\\/\\\/folhapopular.info\\\/index.php\\\/author\\\/redacao\\\/\"}]}<\/script>\n<!-- \/ Yoast SEO plugin. -->","yoast_head_json":{"title":"Cooperativa Languiru inicia coleta de leite na Regi\u00e3o Sul do Estado - Folha Popular","robots":{"index":"index","follow":"follow","max-snippet":"max-snippet:-1","max-image-preview":"max-image-preview:large","max-video-preview":"max-video-preview:-1"},"canonical":"https:\/\/folhapopular.info\/index.php\/2021\/06\/25\/cooperativa-languiru-inicia-coleta-de-leite-na-regiao-sul-do-estado\/","og_locale":"pt_BR","og_type":"article","og_title":"Cooperativa Languiru inicia coleta de leite na Regi\u00e3o Sul do Estado - Folha Popular","og_description":"Aumentar a capta\u00e7\u00e3o de leite com o prop\u00f3sito de utilizar toda a capacidade operacional da planta industrial; desenvolver regi\u00f5es com voca\u00e7\u00e3o ao agroneg\u00f3cio; e promover o fortalecimento de economias locais. Todos esses motivos levaram a Languiru a expandir a sua \u00e1rea de atua\u00e7\u00e3o no Rio Grande do Sul. H\u00e1 cinco meses, a Cooperativa vem recebendo [&hellip;]","og_url":"https:\/\/folhapopular.info\/index.php\/2021\/06\/25\/cooperativa-languiru-inicia-coleta-de-leite-na-regiao-sul-do-estado\/","og_site_name":"Folha Popular","article_published_time":"2021-06-25T14:18:24+00:00","article_modified_time":"2021-06-25T14:18:27+00:00","og_image":[{"width":800,"height":533,"url":"https:\/\/folhapopular.info\/wp-content\/uploads\/2021\/06\/DSC_7338-JORNAL-scaled-e1624630216848.jpg","type":"image\/jpeg"}],"author":"Reda\u00e7\u00e3o Folha Popular","twitter_card":"summary_large_image","twitter_misc":{"Escrito por":"Reda\u00e7\u00e3o Folha Popular","Est. tempo de leitura":"3 minutos"},"schema":{"@context":"https:\/\/schema.org","@graph":[{"@type":"Article","@id":"https:\/\/folhapopular.info\/index.php\/2021\/06\/25\/cooperativa-languiru-inicia-coleta-de-leite-na-regiao-sul-do-estado\/#article","isPartOf":{"@id":"https:\/\/folhapopular.info\/index.php\/2021\/06\/25\/cooperativa-languiru-inicia-coleta-de-leite-na-regiao-sul-do-estado\/"},"author":{"name":"Reda\u00e7\u00e3o Folha Popular","@id":"https:\/\/folhapopular.info\/#\/schema\/person\/2814e8a0df7643585a9ca38bc6eb9d4b"},"headline":"Cooperativa Languiru inicia coleta de leite na Regi\u00e3o Sul do Estado","datePublished":"2021-06-25T14:18:24+00:00","dateModified":"2021-06-25T14:18:27+00:00","mainEntityOfPage":{"@id":"https:\/\/folhapopular.info\/index.php\/2021\/06\/25\/cooperativa-languiru-inicia-coleta-de-leite-na-regiao-sul-do-estado\/"},"wordCount":739,"commentCount":0,"image":{"@id":"https:\/\/folhapopular.info\/index.php\/2021\/06\/25\/cooperativa-languiru-inicia-coleta-de-leite-na-regiao-sul-do-estado\/#primaryimage"},"thumbnailUrl":"https:\/\/folhapopular.info\/wp-content\/uploads\/2021\/06\/DSC_7338-JORNAL-scaled-e1624630216848.jpg","keywords":["Cooperativa Languiru","Regi\u00e3o"],"articleSection":["Destaques","Geral"],"inLanguage":"pt-BR","potentialAction":[{"@type":"CommentAction","name":"Comment","target":["https:\/\/folhapopular.info\/index.php\/2021\/06\/25\/cooperativa-languiru-inicia-coleta-de-leite-na-regiao-sul-do-estado\/#respond"]}]},{"@type":"WebPage","@id":"https:\/\/folhapopular.info\/index.php\/2021\/06\/25\/cooperativa-languiru-inicia-coleta-de-leite-na-regiao-sul-do-estado\/","url":"https:\/\/folhapopular.info\/index.php\/2021\/06\/25\/cooperativa-languiru-inicia-coleta-de-leite-na-regiao-sul-do-estado\/","name":"Cooperativa Languiru inicia coleta de leite na Regi\u00e3o Sul do Estado - Folha Popular","isPartOf":{"@id":"https:\/\/folhapopular.info\/#website"},"primaryImageOfPage":{"@id":"https:\/\/folhapopular.info\/index.php\/2021\/06\/25\/cooperativa-languiru-inicia-coleta-de-leite-na-regiao-sul-do-estado\/#primaryimage"},"image":{"@id":"https:\/\/folhapopular.info\/index.php\/2021\/06\/25\/cooperativa-languiru-inicia-coleta-de-leite-na-regiao-sul-do-estado\/#primaryimage"},"thumbnailUrl":"https:\/\/folhapopular.info\/wp-content\/uploads\/2021\/06\/DSC_7338-JORNAL-scaled-e1624630216848.jpg","datePublished":"2021-06-25T14:18:24+00:00","dateModified":"2021-06-25T14:18:27+00:00","author":{"@id":"https:\/\/folhapopular.info\/#\/schema\/person\/2814e8a0df7643585a9ca38bc6eb9d4b"},"breadcrumb":{"@id":"https:\/\/folhapopular.info\/index.php\/2021\/06\/25\/cooperativa-languiru-inicia-coleta-de-leite-na-regiao-sul-do-estado\/#breadcrumb"},"inLanguage":"pt-BR","potentialAction":[{"@type":"ReadAction","target":["https:\/\/folhapopular.info\/index.php\/2021\/06\/25\/cooperativa-languiru-inicia-coleta-de-leite-na-regiao-sul-do-estado\/"]}]},{"@type":"ImageObject","inLanguage":"pt-BR","@id":"https:\/\/folhapopular.info\/index.php\/2021\/06\/25\/cooperativa-languiru-inicia-coleta-de-leite-na-regiao-sul-do-estado\/#primaryimage","url":"https:\/\/folhapopular.info\/wp-content\/uploads\/2021\/06\/DSC_7338-JORNAL-scaled-e1624630216848.jpg","contentUrl":"https:\/\/folhapopular.info\/wp-content\/uploads\/2021\/06\/DSC_7338-JORNAL-scaled-e1624630216848.jpg","width":800,"height":533,"caption":"Rog\u00e9rio Franz e Di\u00e9sica Rediss Bonow s\u00e3o os profissionais t\u00e9cnicos que prestam assist\u00eancia para produtores de leite da Regi\u00e3o Sul. Cr\u00e9dito da foto: \u00c9derson Mois\u00e9s K\u00e4fer\/Divulga\u00e7\u00e3o"},{"@type":"BreadcrumbList","@id":"https:\/\/folhapopular.info\/index.php\/2021\/06\/25\/cooperativa-languiru-inicia-coleta-de-leite-na-regiao-sul-do-estado\/#breadcrumb","itemListElement":[{"@type":"ListItem","position":1,"name":"In\u00edcio","item":"https:\/\/folhapopular.info\/"},{"@type":"ListItem","position":2,"name":"Cooperativa Languiru inicia coleta de leite na Regi\u00e3o Sul do Estado"}]},{"@type":"WebSite","@id":"https:\/\/folhapopular.info\/#website","url":"https:\/\/folhapopular.info\/","name":"Folha Popular","description":"Onde voc\u00ea tem vez e voz","potentialAction":[{"@type":"SearchAction","target":{"@type":"EntryPoint","urlTemplate":"https:\/\/folhapopular.info\/?s={search_term_string}"},"query-input":{"@type":"PropertyValueSpecification","valueRequired":true,"valueName":"search_term_string"}}],"inLanguage":"pt-BR"},{"@type":"Person","@id":"https:\/\/folhapopular.info\/#\/schema\/person\/2814e8a0df7643585a9ca38bc6eb9d4b","name":"Reda\u00e7\u00e3o Folha Popular","image":{"@type":"ImageObject","inLanguage":"pt-BR","@id":"https:\/\/folhapopular.info\/wp-content\/uploads\/2026\/04\/Folha-1.webp","url":"https:\/\/folhapopular.info\/wp-content\/uploads\/2026\/04\/Folha-1.webp","contentUrl":"https:\/\/folhapopular.info\/wp-content\/uploads\/2026\/04\/Folha-1.webp","caption":"Reda\u00e7\u00e3o Folha Popular"},"url":"https:\/\/folhapopular.info\/index.php\/author\/redacao\/"}]}},"jetpack_featured_media_url":"https:\/\/folhapopular.info\/wp-content\/uploads\/2021\/06\/DSC_7338-JORNAL-scaled-e1624630216848.jpg","jetpack_sharing_enabled":true,"amp_enabled":true,"_links":{"self":[{"href":"https:\/\/folhapopular.info\/index.php\/wp-json\/wp\/v2\/posts\/85748","targetHints":{"allow":["GET"]}}],"collection":[{"href":"https:\/\/folhapopular.info\/index.php\/wp-json\/wp\/v2\/posts"}],"about":[{"href":"https:\/\/folhapopular.info\/index.php\/wp-json\/wp\/v2\/types\/post"}],"author":[{"embeddable":true,"href":"https:\/\/folhapopular.info\/index.php\/wp-json\/wp\/v2\/users\/8"}],"replies":[{"embeddable":true,"href":"https:\/\/folhapopular.info\/index.php\/wp-json\/wp\/v2\/comments?post=85748"}],"version-history":[{"count":0,"href":"https:\/\/folhapopular.info\/index.php\/wp-json\/wp\/v2\/posts\/85748\/revisions"}],"wp:featuredmedia":[{"embeddable":true,"href":"https:\/\/folhapopular.info\/index.php\/wp-json\/wp\/v2\/media\/85750"}],"wp:attachment":[{"href":"https:\/\/folhapopular.info\/index.php\/wp-json\/wp\/v2\/media?parent=85748"}],"wp:term":[{"taxonomy":"category","embeddable":true,"href":"https:\/\/folhapopular.info\/index.php\/wp-json\/wp\/v2\/categories?post=85748"},{"taxonomy":"post_tag","embeddable":true,"href":"https:\/\/folhapopular.info\/index.php\/wp-json\/wp\/v2\/tags?post=85748"}],"curies":[{"name":"wp","href":"https:\/\/api.w.org\/{rel}","templated":true}]}}