{"id":85816,"date":"2021-06-26T10:25:51","date_gmt":"2021-06-26T13:25:51","guid":{"rendered":"https:\/\/folhapopular.info\/?p=85816"},"modified":"2021-06-26T10:25:56","modified_gmt":"2021-06-26T13:25:56","slug":"hassmann-recebe-premio-por-indices-de-qualidade","status":"publish","type":"post","link":"https:\/\/folhapopular.info\/index.php\/2021\/06\/26\/hassmann-recebe-premio-por-indices-de-qualidade\/","title":{"rendered":"Hassmann recebe pr\u00eamio por \u00edndices de qualidade"},"content":{"rendered":"\n<p>A Hassmann SA recebeu reconhecimento pela qualidade de fornecimento de pe\u00e7as nesta semana. A Paccar premiou os melhores fornecedores de sua f\u00e1brica de caminh\u00f5es DAF em Ponta Grossa (PR). No total foram reconhecidas 35 empresas, que em 2020 apresentaram os melhores \u00edndices de qualidade, com menos de 10 PPM (partes defeituosas por milh\u00e3o de unidades entregues). A montadora tamb\u00e9m levou em considera\u00e7\u00e3o a efici\u00eancia na entrega das pe\u00e7as nas quantidades e prazos estabelecidos.<br>Para o engenheiro mec\u00e2nico e gerente comercial da Hassmann SA, Augusto Hassmann, o reconhecimento \u00e9 um importante indicativo de qualidade. \u201cA import\u00e2ncia deste reconhecimento, de ser um fornecedor de uma montadora com um n\u00edvel t\u00e3o baix\u00edssimo de PPM, mostra que nossos processos s\u00e3o muito est\u00e1veis. Essa ind\u00fastria \u00e9 muito exigente e conseguimos oferecer qualidade mesmo com alta demanda. Ent\u00e3o, \u00e9 muito gratificante e importante esse reconhecimento, mostra que o nosso trabalho est\u00e1 sendo feito da melhor forma\u201d, analisa Augusto.<br>Al\u00e9m de todas as certifica\u00e7\u00f5es e normas de qualidade, a Hassmann conta com um sistema com diversos controles para que nenhuma pe\u00e7a saia com defeito. \u201cNossas m\u00e1quinas s\u00e3o de \u00faltima gera\u00e7\u00e3o e temos investido em controles para evitar que qualquer pe\u00e7a saia com alguma n\u00e3o conformidade. Ent\u00e3o, s\u00e3o processos, equipamentos e a pr\u00f3pria cultura organizacional que faz com que as pessoas tamb\u00e9m tenham esse olhar voltado \u00e0 qualidade, o que conduz \u00e0 produ\u00e7\u00e3o de pe\u00e7as de qualidade alt\u00edssima e praticamente sem defeitos\u201d, explica.<br>Outro grande diferencial da Hassmann \u00e9 a rela\u00e7\u00e3o de confian\u00e7a estabelecida com os clientes. \u201cDificilmente o que acordamos n\u00e3o cumpriremos, a n\u00e3o ser que ocorra um motivo de for\u00e7a maior, mas, mesmo nesses casos, a gente procura se organizar da melhor maneira para passar sempre as melhores informa\u00e7\u00f5es para o cliente e assumir s\u00f3 aquilo que a gente pode realmente entregar. Ent\u00e3o, a confiabilidade, al\u00e9m da qualidade, \u00e9 reconhecida por todos os clientes da Hassmann. E a gente n\u00e3o abre m\u00e3o disso. Entendemos que para pe\u00e7as cr\u00edticas, pe\u00e7as que v\u00e3o no motor de um autom\u00f3vel, que v\u00e3o em sistemas de freios, na suspens\u00e3o, enfim, em diversos locais que a gente considera cr\u00edticos, qualquer falha pode ocasionar um acidente. Ent\u00e3o, nos tornamos especialistas em pe\u00e7as especiais e pe\u00e7as de qualidade\u201d, finaliza o engenheiro.<br><br><strong>Saiba mais<\/strong><br>Com uma hist\u00f3ria de mais de 100 anos, hoje a PACCAR \u00e9 l\u00edder mundial em tecnologia e fabricante mundial de caminh\u00f5es leves, m\u00e9dios e pesados, que oferece servi\u00e7os financeiros e distribui pe\u00e7as de ve\u00edculos comerciais.<\/p>\n\n\n\n<p>\u201cA DAF Caminh\u00f5es Brasil trabalha com um rigoroso controle de qualidade, em diversas etapas da produ\u00e7\u00e3o, com o objetivo de entregar ao cliente a melhor experi\u00eancia de uso do produto. Ter parceiros que compartilham dessa cultura \u00e9 muito importante para o bom desempenho da marca no mercado. Parab\u00e9ns \u00e0s empresas que desempenharam um excelente trabalho em 2020\u201d, declarou Erick Silva, diretor de qualidade de fornecedores da montadora no Paran\u00e1.<\/p>\n","protected":false},"excerpt":{"rendered":"<p>A Hassmann SA recebeu reconhecimento pela qualidade de fornecimento de pe\u00e7as nesta semana. A Paccar premiou os melhores fornecedores de sua f\u00e1brica de caminh\u00f5es DAF em Ponta Grossa (PR). No total foram reconhecidas 35 empresas, que em 2020 apresentaram os melhores \u00edndices de qualidade, com menos de 10 PPM (partes defeituosas por milh\u00e3o de unidades [&hellip;]<\/p>\n","protected":false},"author":8,"featured_media":85817,"comment_status":"open","ping_status":"open","sticky":false,"template":"","format":"standard","meta":{"pmpro_default_level":"","_jetpack_memberships_contains_paid_content":false,"footnotes":""},"categories":[2,3],"tags":[6684,34],"class_list":{"0":"post-85816","1":"post","2":"type-post","3":"status-publish","4":"format-standard","5":"has-post-thumbnail","7":"category-featured","8":"category-geral","9":"tag-hassmann","10":"tag-imigrante","11":"pmpro-has-access"},"yoast_head":"<!-- This site is optimized with the Yoast SEO plugin v27.5 - https:\/\/yoast.com\/product\/yoast-seo-wordpress\/ -->\n<title>Hassmann recebe pr\u00eamio por \u00edndices de qualidade - Folha Popular<\/title>\n<meta name=\"robots\" content=\"index, follow, max-snippet:-1, max-image-preview:large, max-video-preview:-1\" \/>\n<link rel=\"canonical\" href=\"https:\/\/folhapopular.info\/index.php\/2021\/06\/26\/hassmann-recebe-premio-por-indices-de-qualidade\/\" \/>\n<meta property=\"og:locale\" content=\"pt_BR\" \/>\n<meta property=\"og:type\" content=\"article\" \/>\n<meta property=\"og:title\" content=\"Hassmann recebe pr\u00eamio por \u00edndices de qualidade - Folha Popular\" \/>\n<meta property=\"og:description\" content=\"A Hassmann SA recebeu reconhecimento pela qualidade de fornecimento de pe\u00e7as nesta semana. A Paccar premiou os melhores fornecedores de sua f\u00e1brica de caminh\u00f5es DAF em Ponta Grossa (PR). No total foram reconhecidas 35 empresas, que em 2020 apresentaram os melhores \u00edndices de qualidade, com menos de 10 PPM (partes defeituosas por milh\u00e3o de unidades [&hellip;]\" \/>\n<meta property=\"og:url\" content=\"https:\/\/folhapopular.info\/index.php\/2021\/06\/26\/hassmann-recebe-premio-por-indices-de-qualidade\/\" \/>\n<meta property=\"og:site_name\" content=\"Folha Popular\" \/>\n<meta property=\"article:published_time\" content=\"2021-06-26T13:25:51+00:00\" \/>\n<meta property=\"article:modified_time\" content=\"2021-06-26T13:25:56+00:00\" \/>\n<meta property=\"og:image\" content=\"https:\/\/folhapopular.info\/wp-content\/uploads\/2021\/06\/augusto-scaled-e1624713834317.jpg\" \/>\n\t<meta property=\"og:image:width\" content=\"600\" \/>\n\t<meta property=\"og:image:height\" content=\"800\" \/>\n\t<meta property=\"og:image:type\" content=\"image\/jpeg\" \/>\n<meta name=\"author\" content=\"Reda\u00e7\u00e3o Folha Popular\" \/>\n<meta name=\"twitter:card\" content=\"summary_large_image\" \/>\n<meta name=\"twitter:label1\" content=\"Escrito por\" \/>\n\t<meta name=\"twitter:data1\" content=\"Reda\u00e7\u00e3o Folha Popular\" \/>\n\t<meta name=\"twitter:label2\" content=\"Est. tempo de leitura\" \/>\n\t<meta name=\"twitter:data2\" content=\"3 minutos\" \/>\n<script type=\"application\/ld+json\" class=\"yoast-schema-graph\">{\"@context\":\"https:\\\/\\\/schema.org\",\"@graph\":[{\"@type\":\"Article\",\"@id\":\"https:\\\/\\\/folhapopular.info\\\/index.php\\\/2021\\\/06\\\/26\\\/hassmann-recebe-premio-por-indices-de-qualidade\\\/#article\",\"isPartOf\":{\"@id\":\"https:\\\/\\\/folhapopular.info\\\/index.php\\\/2021\\\/06\\\/26\\\/hassmann-recebe-premio-por-indices-de-qualidade\\\/\"},\"author\":{\"name\":\"Reda\u00e7\u00e3o Folha Popular\",\"@id\":\"https:\\\/\\\/folhapopular.info\\\/#\\\/schema\\\/person\\\/2814e8a0df7643585a9ca38bc6eb9d4b\"},\"headline\":\"Hassmann recebe pr\u00eamio por \u00edndices de qualidade\",\"datePublished\":\"2021-06-26T13:25:51+00:00\",\"dateModified\":\"2021-06-26T13:25:56+00:00\",\"mainEntityOfPage\":{\"@id\":\"https:\\\/\\\/folhapopular.info\\\/index.php\\\/2021\\\/06\\\/26\\\/hassmann-recebe-premio-por-indices-de-qualidade\\\/\"},\"wordCount\":531,\"commentCount\":0,\"image\":{\"@id\":\"https:\\\/\\\/folhapopular.info\\\/index.php\\\/2021\\\/06\\\/26\\\/hassmann-recebe-premio-por-indices-de-qualidade\\\/#primaryimage\"},\"thumbnailUrl\":\"https:\\\/\\\/folhapopular.info\\\/wp-content\\\/uploads\\\/2021\\\/06\\\/augusto-scaled-e1624713834317.jpg\",\"keywords\":[\"Hassmann\",\"Imigrante\"],\"articleSection\":[\"Destaques\",\"Geral\"],\"inLanguage\":\"pt-BR\",\"potentialAction\":[{\"@type\":\"CommentAction\",\"name\":\"Comment\",\"target\":[\"https:\\\/\\\/folhapopular.info\\\/index.php\\\/2021\\\/06\\\/26\\\/hassmann-recebe-premio-por-indices-de-qualidade\\\/#respond\"]}]},{\"@type\":\"WebPage\",\"@id\":\"https:\\\/\\\/folhapopular.info\\\/index.php\\\/2021\\\/06\\\/26\\\/hassmann-recebe-premio-por-indices-de-qualidade\\\/\",\"url\":\"https:\\\/\\\/folhapopular.info\\\/index.php\\\/2021\\\/06\\\/26\\\/hassmann-recebe-premio-por-indices-de-qualidade\\\/\",\"name\":\"Hassmann recebe pr\u00eamio por \u00edndices de qualidade - Folha Popular\",\"isPartOf\":{\"@id\":\"https:\\\/\\\/folhapopular.info\\\/#website\"},\"primaryImageOfPage\":{\"@id\":\"https:\\\/\\\/folhapopular.info\\\/index.php\\\/2021\\\/06\\\/26\\\/hassmann-recebe-premio-por-indices-de-qualidade\\\/#primaryimage\"},\"image\":{\"@id\":\"https:\\\/\\\/folhapopular.info\\\/index.php\\\/2021\\\/06\\\/26\\\/hassmann-recebe-premio-por-indices-de-qualidade\\\/#primaryimage\"},\"thumbnailUrl\":\"https:\\\/\\\/folhapopular.info\\\/wp-content\\\/uploads\\\/2021\\\/06\\\/augusto-scaled-e1624713834317.jpg\",\"datePublished\":\"2021-06-26T13:25:51+00:00\",\"dateModified\":\"2021-06-26T13:25:56+00:00\",\"author\":{\"@id\":\"https:\\\/\\\/folhapopular.info\\\/#\\\/schema\\\/person\\\/2814e8a0df7643585a9ca38bc6eb9d4b\"},\"breadcrumb\":{\"@id\":\"https:\\\/\\\/folhapopular.info\\\/index.php\\\/2021\\\/06\\\/26\\\/hassmann-recebe-premio-por-indices-de-qualidade\\\/#breadcrumb\"},\"inLanguage\":\"pt-BR\",\"potentialAction\":[{\"@type\":\"ReadAction\",\"target\":[\"https:\\\/\\\/folhapopular.info\\\/index.php\\\/2021\\\/06\\\/26\\\/hassmann-recebe-premio-por-indices-de-qualidade\\\/\"]}]},{\"@type\":\"ImageObject\",\"inLanguage\":\"pt-BR\",\"@id\":\"https:\\\/\\\/folhapopular.info\\\/index.php\\\/2021\\\/06\\\/26\\\/hassmann-recebe-premio-por-indices-de-qualidade\\\/#primaryimage\",\"url\":\"https:\\\/\\\/folhapopular.info\\\/wp-content\\\/uploads\\\/2021\\\/06\\\/augusto-scaled-e1624713834317.jpg\",\"contentUrl\":\"https:\\\/\\\/folhapopular.info\\\/wp-content\\\/uploads\\\/2021\\\/06\\\/augusto-scaled-e1624713834317.jpg\",\"width\":600,\"height\":800,\"caption\":\"Augusto Hassmann. Cr\u00e9dito da foto: Divulga\u00e7\u00e3o\"},{\"@type\":\"BreadcrumbList\",\"@id\":\"https:\\\/\\\/folhapopular.info\\\/index.php\\\/2021\\\/06\\\/26\\\/hassmann-recebe-premio-por-indices-de-qualidade\\\/#breadcrumb\",\"itemListElement\":[{\"@type\":\"ListItem\",\"position\":1,\"name\":\"In\u00edcio\",\"item\":\"https:\\\/\\\/folhapopular.info\\\/\"},{\"@type\":\"ListItem\",\"position\":2,\"name\":\"Hassmann recebe pr\u00eamio por \u00edndices de qualidade\"}]},{\"@type\":\"WebSite\",\"@id\":\"https:\\\/\\\/folhapopular.info\\\/#website\",\"url\":\"https:\\\/\\\/folhapopular.info\\\/\",\"name\":\"Folha Popular\",\"description\":\"Onde voc\u00ea tem vez e voz\",\"potentialAction\":[{\"@type\":\"SearchAction\",\"target\":{\"@type\":\"EntryPoint\",\"urlTemplate\":\"https:\\\/\\\/folhapopular.info\\\/?s={search_term_string}\"},\"query-input\":{\"@type\":\"PropertyValueSpecification\",\"valueRequired\":true,\"valueName\":\"search_term_string\"}}],\"inLanguage\":\"pt-BR\"},{\"@type\":\"Person\",\"@id\":\"https:\\\/\\\/folhapopular.info\\\/#\\\/schema\\\/person\\\/2814e8a0df7643585a9ca38bc6eb9d4b\",\"name\":\"Reda\u00e7\u00e3o Folha Popular\",\"image\":{\"@type\":\"ImageObject\",\"inLanguage\":\"pt-BR\",\"@id\":\"https:\\\/\\\/folhapopular.info\\\/wp-content\\\/uploads\\\/2026\\\/04\\\/Folha-1.webp\",\"url\":\"https:\\\/\\\/folhapopular.info\\\/wp-content\\\/uploads\\\/2026\\\/04\\\/Folha-1.webp\",\"contentUrl\":\"https:\\\/\\\/folhapopular.info\\\/wp-content\\\/uploads\\\/2026\\\/04\\\/Folha-1.webp\",\"caption\":\"Reda\u00e7\u00e3o Folha Popular\"},\"url\":\"https:\\\/\\\/folhapopular.info\\\/index.php\\\/author\\\/redacao\\\/\"}]}<\/script>\n<!-- \/ Yoast SEO plugin. -->","yoast_head_json":{"title":"Hassmann recebe pr\u00eamio por \u00edndices de qualidade - Folha Popular","robots":{"index":"index","follow":"follow","max-snippet":"max-snippet:-1","max-image-preview":"max-image-preview:large","max-video-preview":"max-video-preview:-1"},"canonical":"https:\/\/folhapopular.info\/index.php\/2021\/06\/26\/hassmann-recebe-premio-por-indices-de-qualidade\/","og_locale":"pt_BR","og_type":"article","og_title":"Hassmann recebe pr\u00eamio por \u00edndices de qualidade - Folha Popular","og_description":"A Hassmann SA recebeu reconhecimento pela qualidade de fornecimento de pe\u00e7as nesta semana. A Paccar premiou os melhores fornecedores de sua f\u00e1brica de caminh\u00f5es DAF em Ponta Grossa (PR). No total foram reconhecidas 35 empresas, que em 2020 apresentaram os melhores \u00edndices de qualidade, com menos de 10 PPM (partes defeituosas por milh\u00e3o de unidades [&hellip;]","og_url":"https:\/\/folhapopular.info\/index.php\/2021\/06\/26\/hassmann-recebe-premio-por-indices-de-qualidade\/","og_site_name":"Folha Popular","article_published_time":"2021-06-26T13:25:51+00:00","article_modified_time":"2021-06-26T13:25:56+00:00","og_image":[{"width":600,"height":800,"url":"https:\/\/folhapopular.info\/wp-content\/uploads\/2021\/06\/augusto-scaled-e1624713834317.jpg","type":"image\/jpeg"}],"author":"Reda\u00e7\u00e3o Folha Popular","twitter_card":"summary_large_image","twitter_misc":{"Escrito por":"Reda\u00e7\u00e3o Folha Popular","Est. tempo de leitura":"3 minutos"},"schema":{"@context":"https:\/\/schema.org","@graph":[{"@type":"Article","@id":"https:\/\/folhapopular.info\/index.php\/2021\/06\/26\/hassmann-recebe-premio-por-indices-de-qualidade\/#article","isPartOf":{"@id":"https:\/\/folhapopular.info\/index.php\/2021\/06\/26\/hassmann-recebe-premio-por-indices-de-qualidade\/"},"author":{"name":"Reda\u00e7\u00e3o Folha Popular","@id":"https:\/\/folhapopular.info\/#\/schema\/person\/2814e8a0df7643585a9ca38bc6eb9d4b"},"headline":"Hassmann recebe pr\u00eamio por \u00edndices de qualidade","datePublished":"2021-06-26T13:25:51+00:00","dateModified":"2021-06-26T13:25:56+00:00","mainEntityOfPage":{"@id":"https:\/\/folhapopular.info\/index.php\/2021\/06\/26\/hassmann-recebe-premio-por-indices-de-qualidade\/"},"wordCount":531,"commentCount":0,"image":{"@id":"https:\/\/folhapopular.info\/index.php\/2021\/06\/26\/hassmann-recebe-premio-por-indices-de-qualidade\/#primaryimage"},"thumbnailUrl":"https:\/\/folhapopular.info\/wp-content\/uploads\/2021\/06\/augusto-scaled-e1624713834317.jpg","keywords":["Hassmann","Imigrante"],"articleSection":["Destaques","Geral"],"inLanguage":"pt-BR","potentialAction":[{"@type":"CommentAction","name":"Comment","target":["https:\/\/folhapopular.info\/index.php\/2021\/06\/26\/hassmann-recebe-premio-por-indices-de-qualidade\/#respond"]}]},{"@type":"WebPage","@id":"https:\/\/folhapopular.info\/index.php\/2021\/06\/26\/hassmann-recebe-premio-por-indices-de-qualidade\/","url":"https:\/\/folhapopular.info\/index.php\/2021\/06\/26\/hassmann-recebe-premio-por-indices-de-qualidade\/","name":"Hassmann recebe pr\u00eamio por \u00edndices de qualidade - Folha Popular","isPartOf":{"@id":"https:\/\/folhapopular.info\/#website"},"primaryImageOfPage":{"@id":"https:\/\/folhapopular.info\/index.php\/2021\/06\/26\/hassmann-recebe-premio-por-indices-de-qualidade\/#primaryimage"},"image":{"@id":"https:\/\/folhapopular.info\/index.php\/2021\/06\/26\/hassmann-recebe-premio-por-indices-de-qualidade\/#primaryimage"},"thumbnailUrl":"https:\/\/folhapopular.info\/wp-content\/uploads\/2021\/06\/augusto-scaled-e1624713834317.jpg","datePublished":"2021-06-26T13:25:51+00:00","dateModified":"2021-06-26T13:25:56+00:00","author":{"@id":"https:\/\/folhapopular.info\/#\/schema\/person\/2814e8a0df7643585a9ca38bc6eb9d4b"},"breadcrumb":{"@id":"https:\/\/folhapopular.info\/index.php\/2021\/06\/26\/hassmann-recebe-premio-por-indices-de-qualidade\/#breadcrumb"},"inLanguage":"pt-BR","potentialAction":[{"@type":"ReadAction","target":["https:\/\/folhapopular.info\/index.php\/2021\/06\/26\/hassmann-recebe-premio-por-indices-de-qualidade\/"]}]},{"@type":"ImageObject","inLanguage":"pt-BR","@id":"https:\/\/folhapopular.info\/index.php\/2021\/06\/26\/hassmann-recebe-premio-por-indices-de-qualidade\/#primaryimage","url":"https:\/\/folhapopular.info\/wp-content\/uploads\/2021\/06\/augusto-scaled-e1624713834317.jpg","contentUrl":"https:\/\/folhapopular.info\/wp-content\/uploads\/2021\/06\/augusto-scaled-e1624713834317.jpg","width":600,"height":800,"caption":"Augusto Hassmann. Cr\u00e9dito da foto: Divulga\u00e7\u00e3o"},{"@type":"BreadcrumbList","@id":"https:\/\/folhapopular.info\/index.php\/2021\/06\/26\/hassmann-recebe-premio-por-indices-de-qualidade\/#breadcrumb","itemListElement":[{"@type":"ListItem","position":1,"name":"In\u00edcio","item":"https:\/\/folhapopular.info\/"},{"@type":"ListItem","position":2,"name":"Hassmann recebe pr\u00eamio por \u00edndices de qualidade"}]},{"@type":"WebSite","@id":"https:\/\/folhapopular.info\/#website","url":"https:\/\/folhapopular.info\/","name":"Folha Popular","description":"Onde voc\u00ea tem vez e voz","potentialAction":[{"@type":"SearchAction","target":{"@type":"EntryPoint","urlTemplate":"https:\/\/folhapopular.info\/?s={search_term_string}"},"query-input":{"@type":"PropertyValueSpecification","valueRequired":true,"valueName":"search_term_string"}}],"inLanguage":"pt-BR"},{"@type":"Person","@id":"https:\/\/folhapopular.info\/#\/schema\/person\/2814e8a0df7643585a9ca38bc6eb9d4b","name":"Reda\u00e7\u00e3o Folha Popular","image":{"@type":"ImageObject","inLanguage":"pt-BR","@id":"https:\/\/folhapopular.info\/wp-content\/uploads\/2026\/04\/Folha-1.webp","url":"https:\/\/folhapopular.info\/wp-content\/uploads\/2026\/04\/Folha-1.webp","contentUrl":"https:\/\/folhapopular.info\/wp-content\/uploads\/2026\/04\/Folha-1.webp","caption":"Reda\u00e7\u00e3o Folha Popular"},"url":"https:\/\/folhapopular.info\/index.php\/author\/redacao\/"}]}},"jetpack_featured_media_url":"https:\/\/folhapopular.info\/wp-content\/uploads\/2021\/06\/augusto-scaled-e1624713834317.jpg","jetpack_sharing_enabled":true,"amp_enabled":true,"_links":{"self":[{"href":"https:\/\/folhapopular.info\/index.php\/wp-json\/wp\/v2\/posts\/85816","targetHints":{"allow":["GET"]}}],"collection":[{"href":"https:\/\/folhapopular.info\/index.php\/wp-json\/wp\/v2\/posts"}],"about":[{"href":"https:\/\/folhapopular.info\/index.php\/wp-json\/wp\/v2\/types\/post"}],"author":[{"embeddable":true,"href":"https:\/\/folhapopular.info\/index.php\/wp-json\/wp\/v2\/users\/8"}],"replies":[{"embeddable":true,"href":"https:\/\/folhapopular.info\/index.php\/wp-json\/wp\/v2\/comments?post=85816"}],"version-history":[{"count":0,"href":"https:\/\/folhapopular.info\/index.php\/wp-json\/wp\/v2\/posts\/85816\/revisions"}],"wp:featuredmedia":[{"embeddable":true,"href":"https:\/\/folhapopular.info\/index.php\/wp-json\/wp\/v2\/media\/85817"}],"wp:attachment":[{"href":"https:\/\/folhapopular.info\/index.php\/wp-json\/wp\/v2\/media?parent=85816"}],"wp:term":[{"taxonomy":"category","embeddable":true,"href":"https:\/\/folhapopular.info\/index.php\/wp-json\/wp\/v2\/categories?post=85816"},{"taxonomy":"post_tag","embeddable":true,"href":"https:\/\/folhapopular.info\/index.php\/wp-json\/wp\/v2\/tags?post=85816"}],"curies":[{"name":"wp","href":"https:\/\/api.w.org\/{rel}","templated":true}]}}