{"id":85910,"date":"2021-06-29T08:33:17","date_gmt":"2021-06-29T11:33:17","guid":{"rendered":"https:\/\/folhapopular.info\/?p=85910"},"modified":"2021-06-29T08:35:20","modified_gmt":"2021-06-29T11:35:20","slug":"espaco-acolher-de-bom-retiro-do-sul-doou-mais-de-1660-pecas-em-apenas-um-mes","status":"publish","type":"post","link":"https:\/\/folhapopular.info\/index.php\/2021\/06\/29\/espaco-acolher-de-bom-retiro-do-sul-doou-mais-de-1660-pecas-em-apenas-um-mes\/","title":{"rendered":"Espa\u00e7o Acolher de Bom Retiro do Sul doou mais de 1660 pe\u00e7as em apenas um m\u00eas"},"content":{"rendered":"\n<p>Ao completar um m\u00eas de atividades, o Espa\u00e7o Acolher, coordenado pela Secretaria de Habita\u00e7\u00e3o e Assist\u00eancia Social de Bom Retiro do Sul, juntamente com o CRAS, doou 1.668 pe\u00e7as entre roupas e cal\u00e7ados a mais de 185 fam\u00edlias.<\/p>\n\n\n\n<p>O Espa\u00e7o Acolher foi idealizado com a participa\u00e7\u00e3o da Coordenadoria da Mulher e Gabinete da Primeira Dama, com o objetivo de oferecer um espa\u00e7o exclusivo e adequado para ajudar as fam\u00edlias em situa\u00e7\u00e3o de vulnerabilidade, para que possam ter a disposi\u00e7\u00e3o, conforme necessidade, itens provenientes de doa\u00e7\u00f5es da comunidade.<\/p>\n\n\n\n<p>As primeiras damas Joice Locatelli e Beatriz Ciceri destacam que neste primeiro m\u00eas, com as doa\u00e7\u00f5es j\u00e1 recebidas, muitas fam\u00edlias j\u00e1 est\u00e3o enfrentando o inverno mais rigoroso com mais tranquilidade.<\/p>\n\n\n\n<p>&#8220;Agradecemos a toda a comunidade, empresas e entidades que est\u00e3o contribuindo com as doa\u00e7\u00f5es ao Espa\u00e7o Acolher. Diante da grande necessidade que temos para atender as fam\u00edlias, continuamos com a campanha do agasalho, convidando a quem tiver algum item que n\u00e3o usa mais, em boas condi\u00e7\u00f5es, que doe, para que possamos atender mais fam\u00edlias que anseiam por uma pe\u00e7a de roupa para passar o inverno mais aquecido&#8221;, destacaram Joice e Beatriz.<\/p>\n\n\n\n<p>Todas as pe\u00e7as de roupas e ca\u00e7ados, em boas condi\u00e7\u00f5es de uso, podem ser doadas. Neste momento, a maior procura \u00e9 por pe\u00e7as masculinas, tanto para crian\u00e7as como para adultos. As doa\u00e7\u00f5es ao Espa\u00e7o Acolher podem ser feitas nas ter\u00e7as e quintas-feiras.<\/p>\n\n\n\n<p>Todos os itens recebidos no Espa\u00e7o Acolher passam por um processo de triagem, recebendo lavagem, reparos de costuras quando necess\u00e1rio, higieniza\u00e7\u00e3o, catalogados e dispostos nas prateleiras para retirada.<\/p>\n\n\n\n<p>Informa\u00e7\u00f5es sobre o Espa\u00e7o Acolher e como fazer doa\u00e7\u00f5es podem ser obtidas pelo telefone (51) 3766-1123.<\/p>\n","protected":false},"excerpt":{"rendered":"<p>Ao completar um m\u00eas de atividades, o Espa\u00e7o Acolher, coordenado pela Secretaria de Habita\u00e7\u00e3o e Assist\u00eancia Social de Bom Retiro do Sul, juntamente com o CRAS, doou 1.668 pe\u00e7as entre roupas e cal\u00e7ados a mais de 185 fam\u00edlias. O Espa\u00e7o Acolher foi idealizado com a participa\u00e7\u00e3o da Coordenadoria da Mulher e Gabinete da Primeira Dama, [&hellip;]<\/p>\n","protected":false},"author":8,"featured_media":85911,"comment_status":"open","ping_status":"open","sticky":false,"template":"","format":"standard","meta":{"pmpro_default_level":"","_jetpack_memberships_contains_paid_content":false,"footnotes":""},"categories":[2,3],"tags":[146,6690],"class_list":{"0":"post-85910","1":"post","2":"type-post","3":"status-publish","4":"format-standard","5":"has-post-thumbnail","7":"category-featured","8":"category-geral","9":"tag-bom-retiro-do-sul","10":"tag-espaco-acolher","11":"pmpro-has-access"},"yoast_head":"<!-- This site is optimized with the Yoast SEO plugin v27.5 - https:\/\/yoast.com\/product\/yoast-seo-wordpress\/ -->\n<title>Espa\u00e7o Acolher de Bom Retiro do Sul doou mais de 1660 pe\u00e7as em apenas um m\u00eas - Folha Popular<\/title>\n<meta name=\"robots\" content=\"index, follow, max-snippet:-1, max-image-preview:large, max-video-preview:-1\" \/>\n<link rel=\"canonical\" href=\"https:\/\/folhapopular.info\/index.php\/2021\/06\/29\/espaco-acolher-de-bom-retiro-do-sul-doou-mais-de-1660-pecas-em-apenas-um-mes\/\" \/>\n<meta property=\"og:locale\" content=\"pt_BR\" \/>\n<meta property=\"og:type\" content=\"article\" \/>\n<meta property=\"og:title\" content=\"Espa\u00e7o Acolher de Bom Retiro do Sul doou mais de 1660 pe\u00e7as em apenas um m\u00eas - Folha Popular\" \/>\n<meta property=\"og:description\" content=\"Ao completar um m\u00eas de atividades, o Espa\u00e7o Acolher, coordenado pela Secretaria de Habita\u00e7\u00e3o e Assist\u00eancia Social de Bom Retiro do Sul, juntamente com o CRAS, doou 1.668 pe\u00e7as entre roupas e cal\u00e7ados a mais de 185 fam\u00edlias. O Espa\u00e7o Acolher foi idealizado com a participa\u00e7\u00e3o da Coordenadoria da Mulher e Gabinete da Primeira Dama, [&hellip;]\" \/>\n<meta property=\"og:url\" content=\"https:\/\/folhapopular.info\/index.php\/2021\/06\/29\/espaco-acolher-de-bom-retiro-do-sul-doou-mais-de-1660-pecas-em-apenas-um-mes\/\" \/>\n<meta property=\"og:site_name\" content=\"Folha Popular\" \/>\n<meta property=\"article:published_time\" content=\"2021-06-29T11:33:17+00:00\" \/>\n<meta property=\"article:modified_time\" content=\"2021-06-29T11:35:20+00:00\" \/>\n<meta property=\"og:image\" content=\"https:\/\/folhapopular.info\/wp-content\/uploads\/2021\/06\/Beatriz-e-Joice-no-Espaco-Acolher-scaled-e1624965939385.jpg\" \/>\n\t<meta property=\"og:image:width\" content=\"800\" \/>\n\t<meta property=\"og:image:height\" content=\"561\" \/>\n\t<meta property=\"og:image:type\" content=\"image\/jpeg\" \/>\n<meta name=\"author\" content=\"Reda\u00e7\u00e3o Folha Popular\" \/>\n<meta name=\"twitter:card\" content=\"summary_large_image\" \/>\n<meta name=\"twitter:label1\" content=\"Escrito por\" \/>\n\t<meta name=\"twitter:data1\" content=\"Reda\u00e7\u00e3o Folha Popular\" \/>\n\t<meta name=\"twitter:label2\" content=\"Est. tempo de leitura\" \/>\n\t<meta name=\"twitter:data2\" content=\"2 minutos\" \/>\n<script type=\"application\/ld+json\" class=\"yoast-schema-graph\">{\"@context\":\"https:\\\/\\\/schema.org\",\"@graph\":[{\"@type\":\"Article\",\"@id\":\"https:\\\/\\\/folhapopular.info\\\/index.php\\\/2021\\\/06\\\/29\\\/espaco-acolher-de-bom-retiro-do-sul-doou-mais-de-1660-pecas-em-apenas-um-mes\\\/#article\",\"isPartOf\":{\"@id\":\"https:\\\/\\\/folhapopular.info\\\/index.php\\\/2021\\\/06\\\/29\\\/espaco-acolher-de-bom-retiro-do-sul-doou-mais-de-1660-pecas-em-apenas-um-mes\\\/\"},\"author\":{\"name\":\"Reda\u00e7\u00e3o Folha Popular\",\"@id\":\"https:\\\/\\\/folhapopular.info\\\/#\\\/schema\\\/person\\\/2814e8a0df7643585a9ca38bc6eb9d4b\"},\"headline\":\"Espa\u00e7o Acolher de Bom Retiro do Sul doou mais de 1660 pe\u00e7as em apenas um m\u00eas\",\"datePublished\":\"2021-06-29T11:33:17+00:00\",\"dateModified\":\"2021-06-29T11:35:20+00:00\",\"mainEntityOfPage\":{\"@id\":\"https:\\\/\\\/folhapopular.info\\\/index.php\\\/2021\\\/06\\\/29\\\/espaco-acolher-de-bom-retiro-do-sul-doou-mais-de-1660-pecas-em-apenas-um-mes\\\/\"},\"wordCount\":328,\"commentCount\":0,\"image\":{\"@id\":\"https:\\\/\\\/folhapopular.info\\\/index.php\\\/2021\\\/06\\\/29\\\/espaco-acolher-de-bom-retiro-do-sul-doou-mais-de-1660-pecas-em-apenas-um-mes\\\/#primaryimage\"},\"thumbnailUrl\":\"https:\\\/\\\/folhapopular.info\\\/wp-content\\\/uploads\\\/2021\\\/06\\\/Beatriz-e-Joice-no-Espaco-Acolher-scaled-e1624965939385.jpg\",\"keywords\":[\"Bom Retiro do Sul\",\"Espa\u00e7o Acolher\"],\"articleSection\":[\"Destaques\",\"Geral\"],\"inLanguage\":\"pt-BR\",\"potentialAction\":[{\"@type\":\"CommentAction\",\"name\":\"Comment\",\"target\":[\"https:\\\/\\\/folhapopular.info\\\/index.php\\\/2021\\\/06\\\/29\\\/espaco-acolher-de-bom-retiro-do-sul-doou-mais-de-1660-pecas-em-apenas-um-mes\\\/#respond\"]}]},{\"@type\":\"WebPage\",\"@id\":\"https:\\\/\\\/folhapopular.info\\\/index.php\\\/2021\\\/06\\\/29\\\/espaco-acolher-de-bom-retiro-do-sul-doou-mais-de-1660-pecas-em-apenas-um-mes\\\/\",\"url\":\"https:\\\/\\\/folhapopular.info\\\/index.php\\\/2021\\\/06\\\/29\\\/espaco-acolher-de-bom-retiro-do-sul-doou-mais-de-1660-pecas-em-apenas-um-mes\\\/\",\"name\":\"Espa\u00e7o Acolher de Bom Retiro do Sul doou mais de 1660 pe\u00e7as em apenas um m\u00eas - Folha Popular\",\"isPartOf\":{\"@id\":\"https:\\\/\\\/folhapopular.info\\\/#website\"},\"primaryImageOfPage\":{\"@id\":\"https:\\\/\\\/folhapopular.info\\\/index.php\\\/2021\\\/06\\\/29\\\/espaco-acolher-de-bom-retiro-do-sul-doou-mais-de-1660-pecas-em-apenas-um-mes\\\/#primaryimage\"},\"image\":{\"@id\":\"https:\\\/\\\/folhapopular.info\\\/index.php\\\/2021\\\/06\\\/29\\\/espaco-acolher-de-bom-retiro-do-sul-doou-mais-de-1660-pecas-em-apenas-um-mes\\\/#primaryimage\"},\"thumbnailUrl\":\"https:\\\/\\\/folhapopular.info\\\/wp-content\\\/uploads\\\/2021\\\/06\\\/Beatriz-e-Joice-no-Espaco-Acolher-scaled-e1624965939385.jpg\",\"datePublished\":\"2021-06-29T11:33:17+00:00\",\"dateModified\":\"2021-06-29T11:35:20+00:00\",\"author\":{\"@id\":\"https:\\\/\\\/folhapopular.info\\\/#\\\/schema\\\/person\\\/2814e8a0df7643585a9ca38bc6eb9d4b\"},\"breadcrumb\":{\"@id\":\"https:\\\/\\\/folhapopular.info\\\/index.php\\\/2021\\\/06\\\/29\\\/espaco-acolher-de-bom-retiro-do-sul-doou-mais-de-1660-pecas-em-apenas-um-mes\\\/#breadcrumb\"},\"inLanguage\":\"pt-BR\",\"potentialAction\":[{\"@type\":\"ReadAction\",\"target\":[\"https:\\\/\\\/folhapopular.info\\\/index.php\\\/2021\\\/06\\\/29\\\/espaco-acolher-de-bom-retiro-do-sul-doou-mais-de-1660-pecas-em-apenas-um-mes\\\/\"]}]},{\"@type\":\"ImageObject\",\"inLanguage\":\"pt-BR\",\"@id\":\"https:\\\/\\\/folhapopular.info\\\/index.php\\\/2021\\\/06\\\/29\\\/espaco-acolher-de-bom-retiro-do-sul-doou-mais-de-1660-pecas-em-apenas-um-mes\\\/#primaryimage\",\"url\":\"https:\\\/\\\/folhapopular.info\\\/wp-content\\\/uploads\\\/2021\\\/06\\\/Beatriz-e-Joice-no-Espaco-Acolher-scaled-e1624965939385.jpg\",\"contentUrl\":\"https:\\\/\\\/folhapopular.info\\\/wp-content\\\/uploads\\\/2021\\\/06\\\/Beatriz-e-Joice-no-Espaco-Acolher-scaled-e1624965939385.jpg\",\"width\":800,\"height\":561,\"caption\":\"Beatriz e Joice no Espa\u00e7o Acolher. Cr\u00e9dito da foto: Fernando Dias\\\/Divulga\u00e7\u00e3o\"},{\"@type\":\"BreadcrumbList\",\"@id\":\"https:\\\/\\\/folhapopular.info\\\/index.php\\\/2021\\\/06\\\/29\\\/espaco-acolher-de-bom-retiro-do-sul-doou-mais-de-1660-pecas-em-apenas-um-mes\\\/#breadcrumb\",\"itemListElement\":[{\"@type\":\"ListItem\",\"position\":1,\"name\":\"In\u00edcio\",\"item\":\"https:\\\/\\\/folhapopular.info\\\/\"},{\"@type\":\"ListItem\",\"position\":2,\"name\":\"Espa\u00e7o Acolher de Bom Retiro do Sul doou mais de 1660 pe\u00e7as em apenas um m\u00eas\"}]},{\"@type\":\"WebSite\",\"@id\":\"https:\\\/\\\/folhapopular.info\\\/#website\",\"url\":\"https:\\\/\\\/folhapopular.info\\\/\",\"name\":\"Folha Popular\",\"description\":\"Onde voc\u00ea tem vez e voz\",\"potentialAction\":[{\"@type\":\"SearchAction\",\"target\":{\"@type\":\"EntryPoint\",\"urlTemplate\":\"https:\\\/\\\/folhapopular.info\\\/?s={search_term_string}\"},\"query-input\":{\"@type\":\"PropertyValueSpecification\",\"valueRequired\":true,\"valueName\":\"search_term_string\"}}],\"inLanguage\":\"pt-BR\"},{\"@type\":\"Person\",\"@id\":\"https:\\\/\\\/folhapopular.info\\\/#\\\/schema\\\/person\\\/2814e8a0df7643585a9ca38bc6eb9d4b\",\"name\":\"Reda\u00e7\u00e3o Folha Popular\",\"image\":{\"@type\":\"ImageObject\",\"inLanguage\":\"pt-BR\",\"@id\":\"https:\\\/\\\/folhapopular.info\\\/wp-content\\\/uploads\\\/2026\\\/04\\\/Folha-1.webp\",\"url\":\"https:\\\/\\\/folhapopular.info\\\/wp-content\\\/uploads\\\/2026\\\/04\\\/Folha-1.webp\",\"contentUrl\":\"https:\\\/\\\/folhapopular.info\\\/wp-content\\\/uploads\\\/2026\\\/04\\\/Folha-1.webp\",\"caption\":\"Reda\u00e7\u00e3o Folha Popular\"},\"url\":\"https:\\\/\\\/folhapopular.info\\\/index.php\\\/author\\\/redacao\\\/\"}]}<\/script>\n<!-- \/ Yoast SEO plugin. -->","yoast_head_json":{"title":"Espa\u00e7o Acolher de Bom Retiro do Sul doou mais de 1660 pe\u00e7as em apenas um m\u00eas - Folha Popular","robots":{"index":"index","follow":"follow","max-snippet":"max-snippet:-1","max-image-preview":"max-image-preview:large","max-video-preview":"max-video-preview:-1"},"canonical":"https:\/\/folhapopular.info\/index.php\/2021\/06\/29\/espaco-acolher-de-bom-retiro-do-sul-doou-mais-de-1660-pecas-em-apenas-um-mes\/","og_locale":"pt_BR","og_type":"article","og_title":"Espa\u00e7o Acolher de Bom Retiro do Sul doou mais de 1660 pe\u00e7as em apenas um m\u00eas - Folha Popular","og_description":"Ao completar um m\u00eas de atividades, o Espa\u00e7o Acolher, coordenado pela Secretaria de Habita\u00e7\u00e3o e Assist\u00eancia Social de Bom Retiro do Sul, juntamente com o CRAS, doou 1.668 pe\u00e7as entre roupas e cal\u00e7ados a mais de 185 fam\u00edlias. O Espa\u00e7o Acolher foi idealizado com a participa\u00e7\u00e3o da Coordenadoria da Mulher e Gabinete da Primeira Dama, [&hellip;]","og_url":"https:\/\/folhapopular.info\/index.php\/2021\/06\/29\/espaco-acolher-de-bom-retiro-do-sul-doou-mais-de-1660-pecas-em-apenas-um-mes\/","og_site_name":"Folha Popular","article_published_time":"2021-06-29T11:33:17+00:00","article_modified_time":"2021-06-29T11:35:20+00:00","og_image":[{"width":800,"height":561,"url":"https:\/\/folhapopular.info\/wp-content\/uploads\/2021\/06\/Beatriz-e-Joice-no-Espaco-Acolher-scaled-e1624965939385.jpg","type":"image\/jpeg"}],"author":"Reda\u00e7\u00e3o Folha Popular","twitter_card":"summary_large_image","twitter_misc":{"Escrito por":"Reda\u00e7\u00e3o Folha Popular","Est. tempo de leitura":"2 minutos"},"schema":{"@context":"https:\/\/schema.org","@graph":[{"@type":"Article","@id":"https:\/\/folhapopular.info\/index.php\/2021\/06\/29\/espaco-acolher-de-bom-retiro-do-sul-doou-mais-de-1660-pecas-em-apenas-um-mes\/#article","isPartOf":{"@id":"https:\/\/folhapopular.info\/index.php\/2021\/06\/29\/espaco-acolher-de-bom-retiro-do-sul-doou-mais-de-1660-pecas-em-apenas-um-mes\/"},"author":{"name":"Reda\u00e7\u00e3o Folha Popular","@id":"https:\/\/folhapopular.info\/#\/schema\/person\/2814e8a0df7643585a9ca38bc6eb9d4b"},"headline":"Espa\u00e7o Acolher de Bom Retiro do Sul doou mais de 1660 pe\u00e7as em apenas um m\u00eas","datePublished":"2021-06-29T11:33:17+00:00","dateModified":"2021-06-29T11:35:20+00:00","mainEntityOfPage":{"@id":"https:\/\/folhapopular.info\/index.php\/2021\/06\/29\/espaco-acolher-de-bom-retiro-do-sul-doou-mais-de-1660-pecas-em-apenas-um-mes\/"},"wordCount":328,"commentCount":0,"image":{"@id":"https:\/\/folhapopular.info\/index.php\/2021\/06\/29\/espaco-acolher-de-bom-retiro-do-sul-doou-mais-de-1660-pecas-em-apenas-um-mes\/#primaryimage"},"thumbnailUrl":"https:\/\/folhapopular.info\/wp-content\/uploads\/2021\/06\/Beatriz-e-Joice-no-Espaco-Acolher-scaled-e1624965939385.jpg","keywords":["Bom Retiro do Sul","Espa\u00e7o Acolher"],"articleSection":["Destaques","Geral"],"inLanguage":"pt-BR","potentialAction":[{"@type":"CommentAction","name":"Comment","target":["https:\/\/folhapopular.info\/index.php\/2021\/06\/29\/espaco-acolher-de-bom-retiro-do-sul-doou-mais-de-1660-pecas-em-apenas-um-mes\/#respond"]}]},{"@type":"WebPage","@id":"https:\/\/folhapopular.info\/index.php\/2021\/06\/29\/espaco-acolher-de-bom-retiro-do-sul-doou-mais-de-1660-pecas-em-apenas-um-mes\/","url":"https:\/\/folhapopular.info\/index.php\/2021\/06\/29\/espaco-acolher-de-bom-retiro-do-sul-doou-mais-de-1660-pecas-em-apenas-um-mes\/","name":"Espa\u00e7o Acolher de Bom Retiro do Sul doou mais de 1660 pe\u00e7as em apenas um m\u00eas - Folha Popular","isPartOf":{"@id":"https:\/\/folhapopular.info\/#website"},"primaryImageOfPage":{"@id":"https:\/\/folhapopular.info\/index.php\/2021\/06\/29\/espaco-acolher-de-bom-retiro-do-sul-doou-mais-de-1660-pecas-em-apenas-um-mes\/#primaryimage"},"image":{"@id":"https:\/\/folhapopular.info\/index.php\/2021\/06\/29\/espaco-acolher-de-bom-retiro-do-sul-doou-mais-de-1660-pecas-em-apenas-um-mes\/#primaryimage"},"thumbnailUrl":"https:\/\/folhapopular.info\/wp-content\/uploads\/2021\/06\/Beatriz-e-Joice-no-Espaco-Acolher-scaled-e1624965939385.jpg","datePublished":"2021-06-29T11:33:17+00:00","dateModified":"2021-06-29T11:35:20+00:00","author":{"@id":"https:\/\/folhapopular.info\/#\/schema\/person\/2814e8a0df7643585a9ca38bc6eb9d4b"},"breadcrumb":{"@id":"https:\/\/folhapopular.info\/index.php\/2021\/06\/29\/espaco-acolher-de-bom-retiro-do-sul-doou-mais-de-1660-pecas-em-apenas-um-mes\/#breadcrumb"},"inLanguage":"pt-BR","potentialAction":[{"@type":"ReadAction","target":["https:\/\/folhapopular.info\/index.php\/2021\/06\/29\/espaco-acolher-de-bom-retiro-do-sul-doou-mais-de-1660-pecas-em-apenas-um-mes\/"]}]},{"@type":"ImageObject","inLanguage":"pt-BR","@id":"https:\/\/folhapopular.info\/index.php\/2021\/06\/29\/espaco-acolher-de-bom-retiro-do-sul-doou-mais-de-1660-pecas-em-apenas-um-mes\/#primaryimage","url":"https:\/\/folhapopular.info\/wp-content\/uploads\/2021\/06\/Beatriz-e-Joice-no-Espaco-Acolher-scaled-e1624965939385.jpg","contentUrl":"https:\/\/folhapopular.info\/wp-content\/uploads\/2021\/06\/Beatriz-e-Joice-no-Espaco-Acolher-scaled-e1624965939385.jpg","width":800,"height":561,"caption":"Beatriz e Joice no Espa\u00e7o Acolher. Cr\u00e9dito da foto: Fernando Dias\/Divulga\u00e7\u00e3o"},{"@type":"BreadcrumbList","@id":"https:\/\/folhapopular.info\/index.php\/2021\/06\/29\/espaco-acolher-de-bom-retiro-do-sul-doou-mais-de-1660-pecas-em-apenas-um-mes\/#breadcrumb","itemListElement":[{"@type":"ListItem","position":1,"name":"In\u00edcio","item":"https:\/\/folhapopular.info\/"},{"@type":"ListItem","position":2,"name":"Espa\u00e7o Acolher de Bom Retiro do Sul doou mais de 1660 pe\u00e7as em apenas um m\u00eas"}]},{"@type":"WebSite","@id":"https:\/\/folhapopular.info\/#website","url":"https:\/\/folhapopular.info\/","name":"Folha Popular","description":"Onde voc\u00ea tem vez e voz","potentialAction":[{"@type":"SearchAction","target":{"@type":"EntryPoint","urlTemplate":"https:\/\/folhapopular.info\/?s={search_term_string}"},"query-input":{"@type":"PropertyValueSpecification","valueRequired":true,"valueName":"search_term_string"}}],"inLanguage":"pt-BR"},{"@type":"Person","@id":"https:\/\/folhapopular.info\/#\/schema\/person\/2814e8a0df7643585a9ca38bc6eb9d4b","name":"Reda\u00e7\u00e3o Folha Popular","image":{"@type":"ImageObject","inLanguage":"pt-BR","@id":"https:\/\/folhapopular.info\/wp-content\/uploads\/2026\/04\/Folha-1.webp","url":"https:\/\/folhapopular.info\/wp-content\/uploads\/2026\/04\/Folha-1.webp","contentUrl":"https:\/\/folhapopular.info\/wp-content\/uploads\/2026\/04\/Folha-1.webp","caption":"Reda\u00e7\u00e3o Folha Popular"},"url":"https:\/\/folhapopular.info\/index.php\/author\/redacao\/"}]}},"jetpack_featured_media_url":"https:\/\/folhapopular.info\/wp-content\/uploads\/2021\/06\/Beatriz-e-Joice-no-Espaco-Acolher-scaled-e1624965939385.jpg","jetpack_sharing_enabled":true,"amp_enabled":true,"_links":{"self":[{"href":"https:\/\/folhapopular.info\/index.php\/wp-json\/wp\/v2\/posts\/85910","targetHints":{"allow":["GET"]}}],"collection":[{"href":"https:\/\/folhapopular.info\/index.php\/wp-json\/wp\/v2\/posts"}],"about":[{"href":"https:\/\/folhapopular.info\/index.php\/wp-json\/wp\/v2\/types\/post"}],"author":[{"embeddable":true,"href":"https:\/\/folhapopular.info\/index.php\/wp-json\/wp\/v2\/users\/8"}],"replies":[{"embeddable":true,"href":"https:\/\/folhapopular.info\/index.php\/wp-json\/wp\/v2\/comments?post=85910"}],"version-history":[{"count":0,"href":"https:\/\/folhapopular.info\/index.php\/wp-json\/wp\/v2\/posts\/85910\/revisions"}],"wp:featuredmedia":[{"embeddable":true,"href":"https:\/\/folhapopular.info\/index.php\/wp-json\/wp\/v2\/media\/85911"}],"wp:attachment":[{"href":"https:\/\/folhapopular.info\/index.php\/wp-json\/wp\/v2\/media?parent=85910"}],"wp:term":[{"taxonomy":"category","embeddable":true,"href":"https:\/\/folhapopular.info\/index.php\/wp-json\/wp\/v2\/categories?post=85910"},{"taxonomy":"post_tag","embeddable":true,"href":"https:\/\/folhapopular.info\/index.php\/wp-json\/wp\/v2\/tags?post=85910"}],"curies":[{"name":"wp","href":"https:\/\/api.w.org\/{rel}","templated":true}]}}