{"id":86365,"date":"2021-07-09T07:40:44","date_gmt":"2021-07-09T10:40:44","guid":{"rendered":"https:\/\/folhapopular.info\/?p=86365"},"modified":"2021-07-09T07:40:48","modified_gmt":"2021-07-09T10:40:48","slug":"rs-avanca-na-vacinacao-contra-a-covid-com-a-distribuicao-de-doses-da-pfizer-e-coronavac-nesta-sexta-feira","status":"publish","type":"post","link":"https:\/\/folhapopular.info\/index.php\/2021\/07\/09\/rs-avanca-na-vacinacao-contra-a-covid-com-a-distribuicao-de-doses-da-pfizer-e-coronavac-nesta-sexta-feira\/","title":{"rendered":"RS avan\u00e7a na vacina\u00e7\u00e3o contra a Covid com a distribui\u00e7\u00e3o de doses da Pfizer e Coronavac nesta sexta-feira"},"content":{"rendered":"\n<p>A Secretaria da Sa\u00fade (SES) ir\u00e1 distribuir, nesta sexta-feira (9\/7), \u00e0s 18 Coordenadorias Regionais de Sa\u00fade (CRSs), parte das vacinas que chegaram ao Estado nesta quinta-feira (8\/7): 159.120 doses da vacinas Pfizer e 50% do lote de 51.200 doses da Coronavac.<\/p>\n\n\n\n<p>As doses da Coronavac s\u00e3o para primeira e segunda doses. A metade do lote, portanto, ser\u00e1 distribu\u00edda nesta sexta-feira, e o restante ficar\u00e1 em estoque na Central Estadual de Armazenamento e Distribui\u00e7\u00e3o de Imunobiol\u00f3gicos (Ceadi), em Porto Alegre, para envio posterior e oportuno aos munic\u00edpios. As vacinas da Pfizer ser\u00e3o todas para primeira dose.<\/p>\n\n\n\n<p>Com esses lotes, a Secretaria da Sa\u00fade (SES) avan\u00e7a na vacina\u00e7\u00e3o por faixas et\u00e1rias no Rio Grande do Sul. As doses ser\u00e3o distribu\u00eddas de acordo com pactua\u00e7\u00e3o da reuni\u00e3o da Comiss\u00e3o Intergestores Bipartite (CIB), ocorrida no final da tarde desta quinta-feira.<\/p>\n\n\n\n<p>As CRS mais distantes da Capital ir\u00e3o contar com apoio da Secretaria da Seguran\u00e7a P\u00fablica, com transporte por ve\u00edculos a\u00e9reos da Brigada Militar e Pol\u00edcia Civil. As coordenadorias que conseguirem fazer o transporte por via terrestre dever\u00e3o buscar os imunizantes na Ceadi.&nbsp;<\/p>\n\n\n\n<p>Por via a\u00e9rea, a distribui\u00e7\u00e3o ser\u00e1 feita a partir das 11h.<\/p>\n\n\n\n<p><strong>Helic\u00f3ptero da Pol\u00edcia Civil:<\/strong><\/p>\n\n\n\n<p>&#8211; Chegada em Santa Maria prevista para 12h15, com as cargas para a 4\u00aa CRS (Santa Maria) e 10\u00aa CRS (Alegrete)<\/p>\n\n\n\n<p><strong>Aeronave da Brigada Militar:<\/strong><\/p>\n\n\n\n<p>&#8211; Chegada em Erechim prevista para 11h45 com as cargas da 6\u00aa CRS (Passo Fundo) e 11\u00aa CRS (Erechim)<\/p>\n\n\n\n<p>&#8211; Chegada em Palmeira das Miss\u00f5es prevista para 12h25, com as cargas da 2\u00aa CRS (Frederico Westphalen) e 15\u00aa CRS (Palmeira das Miss\u00f5es)<\/p>\n\n\n\n<p>&#8211; Chegada em Santo \u00c2ngelo prevista para 13h05, com as cargas das 9\u00aa CRS (Cruz Alta), 12\u00aa CRS (Santo \u00c2ngelo), 14\u00aa CRS (Santa Rosa) e 17\u00aaCRS ( Iju\u00ed)<\/p>\n\n\n\n<p>&#8211; Chegada em Bag\u00e9 prevista para 14h15, com a carga da 7\u00aa CRS (Bag\u00e9)<\/p>\n\n\n\n<p>&#8211; Chegada em Pelotas prevista para as 15h05, com a carga da 3\u00aa CRS (Pelotas)<\/p>\n\n\n\n<p>Por&nbsp;<strong>via terrestre<\/strong>, com destino \u00e0 Caxias do Sul, o ve\u00edculo do Centro Estadual de Vigil\u00e2ncia em Sa\u00fade (CEVS) parte da capital \u00e0s 10h30min, com a carga da 5\u00aa CRS (Caxias do Sul).<\/p>\n\n\n\n<p>As seguintes coordenadorias devem retiradas as vacinas na Ceadi, a partir das 10h30min:<\/p>\n\n\n\n<p>1\u00aa CRS &#8211; Porto Alegre<\/p>\n\n\n\n<p>8\u00aa CRS &#8211; Cachoeira do Sul<\/p>\n\n\n\n<p>13\u00aa CRS &#8211; Santa Cruz do Sul<\/p>\n\n\n\n<p>16\u00aa CRS &#8211; Lajeado<\/p>\n\n\n\n<p>18\u00aa CRS &#8211; Os\u00f3rio<\/p>\n\n\n\n<p>Secretaria Municipal da Sa\u00fade de Porto Alegre (SMS\/POA)<\/p>\n","protected":false},"excerpt":{"rendered":"<p>A Secretaria da Sa\u00fade (SES) ir\u00e1 distribuir, nesta sexta-feira (9\/7), \u00e0s 18 Coordenadorias Regionais de Sa\u00fade (CRSs), parte das vacinas que chegaram ao Estado nesta quinta-feira (8\/7): 159.120 doses da vacinas Pfizer e 50% do lote de 51.200 doses da Coronavac. As doses da Coronavac s\u00e3o para primeira e segunda doses. A metade do lote, [&hellip;]<\/p>\n","protected":false},"author":8,"featured_media":82373,"comment_status":"open","ping_status":"open","sticky":false,"template":"","format":"standard","meta":{"pmpro_default_level":"","_jetpack_memberships_contains_paid_content":false,"footnotes":""},"categories":[5756,2,3],"tags":[5707,176,1794,143],"class_list":{"0":"post-86365","1":"post","2":"type-post","3":"status-publish","4":"format-standard","5":"has-post-thumbnail","7":"category-coronavirus","8":"category-featured","9":"category-geral","10":"tag-covid-19","11":"tag-estado","12":"tag-rio-grande-do-sul","13":"tag-vacinas","14":"pmpro-has-access"},"yoast_head":"<!-- This site is optimized with the Yoast SEO plugin v27.5 - https:\/\/yoast.com\/product\/yoast-seo-wordpress\/ -->\n<title>RS avan\u00e7a na vacina\u00e7\u00e3o contra a Covid com a distribui\u00e7\u00e3o de doses da Pfizer e Coronavac nesta sexta-feira - Folha Popular<\/title>\n<meta name=\"robots\" content=\"index, follow, max-snippet:-1, max-image-preview:large, max-video-preview:-1\" \/>\n<link rel=\"canonical\" href=\"https:\/\/folhapopular.info\/index.php\/2021\/07\/09\/rs-avanca-na-vacinacao-contra-a-covid-com-a-distribuicao-de-doses-da-pfizer-e-coronavac-nesta-sexta-feira\/\" \/>\n<meta property=\"og:locale\" content=\"pt_BR\" \/>\n<meta property=\"og:type\" content=\"article\" \/>\n<meta property=\"og:title\" content=\"RS avan\u00e7a na vacina\u00e7\u00e3o contra a Covid com a distribui\u00e7\u00e3o de doses da Pfizer e Coronavac nesta sexta-feira - Folha Popular\" \/>\n<meta property=\"og:description\" content=\"A Secretaria da Sa\u00fade (SES) ir\u00e1 distribuir, nesta sexta-feira (9\/7), \u00e0s 18 Coordenadorias Regionais de Sa\u00fade (CRSs), parte das vacinas que chegaram ao Estado nesta quinta-feira (8\/7): 159.120 doses da vacinas Pfizer e 50% do lote de 51.200 doses da Coronavac. As doses da Coronavac s\u00e3o para primeira e segunda doses. A metade do lote, [&hellip;]\" \/>\n<meta property=\"og:url\" content=\"https:\/\/folhapopular.info\/index.php\/2021\/07\/09\/rs-avanca-na-vacinacao-contra-a-covid-com-a-distribuicao-de-doses-da-pfizer-e-coronavac-nesta-sexta-feira\/\" \/>\n<meta property=\"og:site_name\" content=\"Folha Popular\" \/>\n<meta property=\"article:published_time\" content=\"2021-07-09T10:40:44+00:00\" \/>\n<meta property=\"article:modified_time\" content=\"2021-07-09T10:40:48+00:00\" \/>\n<meta property=\"og:image\" content=\"https:\/\/folhapopular.info\/wp-content\/uploads\/2021\/04\/Vacina-Foto-Maiara-Rovea-e1618861672483.jpg\" \/>\n\t<meta property=\"og:image:width\" content=\"800\" \/>\n\t<meta property=\"og:image:height\" content=\"533\" \/>\n\t<meta property=\"og:image:type\" content=\"image\/jpeg\" \/>\n<meta name=\"author\" content=\"Reda\u00e7\u00e3o Folha Popular\" \/>\n<meta name=\"twitter:card\" content=\"summary_large_image\" \/>\n<meta name=\"twitter:label1\" content=\"Escrito por\" \/>\n\t<meta name=\"twitter:data1\" content=\"Reda\u00e7\u00e3o Folha Popular\" \/>\n\t<meta name=\"twitter:label2\" content=\"Est. tempo de leitura\" \/>\n\t<meta name=\"twitter:data2\" content=\"2 minutos\" \/>\n<script type=\"application\/ld+json\" class=\"yoast-schema-graph\">{\"@context\":\"https:\\\/\\\/schema.org\",\"@graph\":[{\"@type\":\"Article\",\"@id\":\"https:\\\/\\\/folhapopular.info\\\/index.php\\\/2021\\\/07\\\/09\\\/rs-avanca-na-vacinacao-contra-a-covid-com-a-distribuicao-de-doses-da-pfizer-e-coronavac-nesta-sexta-feira\\\/#article\",\"isPartOf\":{\"@id\":\"https:\\\/\\\/folhapopular.info\\\/index.php\\\/2021\\\/07\\\/09\\\/rs-avanca-na-vacinacao-contra-a-covid-com-a-distribuicao-de-doses-da-pfizer-e-coronavac-nesta-sexta-feira\\\/\"},\"author\":{\"name\":\"Reda\u00e7\u00e3o Folha Popular\",\"@id\":\"https:\\\/\\\/folhapopular.info\\\/#\\\/schema\\\/person\\\/2814e8a0df7643585a9ca38bc6eb9d4b\"},\"headline\":\"RS avan\u00e7a na vacina\u00e7\u00e3o contra a Covid com a distribui\u00e7\u00e3o de doses da Pfizer e Coronavac nesta sexta-feira\",\"datePublished\":\"2021-07-09T10:40:44+00:00\",\"dateModified\":\"2021-07-09T10:40:48+00:00\",\"mainEntityOfPage\":{\"@id\":\"https:\\\/\\\/folhapopular.info\\\/index.php\\\/2021\\\/07\\\/09\\\/rs-avanca-na-vacinacao-contra-a-covid-com-a-distribuicao-de-doses-da-pfizer-e-coronavac-nesta-sexta-feira\\\/\"},\"wordCount\":433,\"commentCount\":0,\"image\":{\"@id\":\"https:\\\/\\\/folhapopular.info\\\/index.php\\\/2021\\\/07\\\/09\\\/rs-avanca-na-vacinacao-contra-a-covid-com-a-distribuicao-de-doses-da-pfizer-e-coronavac-nesta-sexta-feira\\\/#primaryimage\"},\"thumbnailUrl\":\"https:\\\/\\\/folhapopular.info\\\/wp-content\\\/uploads\\\/2021\\\/04\\\/Vacina-Foto-Maiara-Rovea-e1618861672483.jpg\",\"keywords\":[\"Covid-19\",\"Estado\",\"Rio Grande do Sul\",\"Vacinas\"],\"articleSection\":[\"Coronav\u00edrus\",\"Destaques\",\"Geral\"],\"inLanguage\":\"pt-BR\",\"potentialAction\":[{\"@type\":\"CommentAction\",\"name\":\"Comment\",\"target\":[\"https:\\\/\\\/folhapopular.info\\\/index.php\\\/2021\\\/07\\\/09\\\/rs-avanca-na-vacinacao-contra-a-covid-com-a-distribuicao-de-doses-da-pfizer-e-coronavac-nesta-sexta-feira\\\/#respond\"]}]},{\"@type\":\"WebPage\",\"@id\":\"https:\\\/\\\/folhapopular.info\\\/index.php\\\/2021\\\/07\\\/09\\\/rs-avanca-na-vacinacao-contra-a-covid-com-a-distribuicao-de-doses-da-pfizer-e-coronavac-nesta-sexta-feira\\\/\",\"url\":\"https:\\\/\\\/folhapopular.info\\\/index.php\\\/2021\\\/07\\\/09\\\/rs-avanca-na-vacinacao-contra-a-covid-com-a-distribuicao-de-doses-da-pfizer-e-coronavac-nesta-sexta-feira\\\/\",\"name\":\"RS avan\u00e7a na vacina\u00e7\u00e3o contra a Covid com a distribui\u00e7\u00e3o de doses da Pfizer e Coronavac nesta sexta-feira - Folha Popular\",\"isPartOf\":{\"@id\":\"https:\\\/\\\/folhapopular.info\\\/#website\"},\"primaryImageOfPage\":{\"@id\":\"https:\\\/\\\/folhapopular.info\\\/index.php\\\/2021\\\/07\\\/09\\\/rs-avanca-na-vacinacao-contra-a-covid-com-a-distribuicao-de-doses-da-pfizer-e-coronavac-nesta-sexta-feira\\\/#primaryimage\"},\"image\":{\"@id\":\"https:\\\/\\\/folhapopular.info\\\/index.php\\\/2021\\\/07\\\/09\\\/rs-avanca-na-vacinacao-contra-a-covid-com-a-distribuicao-de-doses-da-pfizer-e-coronavac-nesta-sexta-feira\\\/#primaryimage\"},\"thumbnailUrl\":\"https:\\\/\\\/folhapopular.info\\\/wp-content\\\/uploads\\\/2021\\\/04\\\/Vacina-Foto-Maiara-Rovea-e1618861672483.jpg\",\"datePublished\":\"2021-07-09T10:40:44+00:00\",\"dateModified\":\"2021-07-09T10:40:48+00:00\",\"author\":{\"@id\":\"https:\\\/\\\/folhapopular.info\\\/#\\\/schema\\\/person\\\/2814e8a0df7643585a9ca38bc6eb9d4b\"},\"breadcrumb\":{\"@id\":\"https:\\\/\\\/folhapopular.info\\\/index.php\\\/2021\\\/07\\\/09\\\/rs-avanca-na-vacinacao-contra-a-covid-com-a-distribuicao-de-doses-da-pfizer-e-coronavac-nesta-sexta-feira\\\/#breadcrumb\"},\"inLanguage\":\"pt-BR\",\"potentialAction\":[{\"@type\":\"ReadAction\",\"target\":[\"https:\\\/\\\/folhapopular.info\\\/index.php\\\/2021\\\/07\\\/09\\\/rs-avanca-na-vacinacao-contra-a-covid-com-a-distribuicao-de-doses-da-pfizer-e-coronavac-nesta-sexta-feira\\\/\"]}]},{\"@type\":\"ImageObject\",\"inLanguage\":\"pt-BR\",\"@id\":\"https:\\\/\\\/folhapopular.info\\\/index.php\\\/2021\\\/07\\\/09\\\/rs-avanca-na-vacinacao-contra-a-covid-com-a-distribuicao-de-doses-da-pfizer-e-coronavac-nesta-sexta-feira\\\/#primaryimage\",\"url\":\"https:\\\/\\\/folhapopular.info\\\/wp-content\\\/uploads\\\/2021\\\/04\\\/Vacina-Foto-Maiara-Rovea-e1618861672483.jpg\",\"contentUrl\":\"https:\\\/\\\/folhapopular.info\\\/wp-content\\\/uploads\\\/2021\\\/04\\\/Vacina-Foto-Maiara-Rovea-e1618861672483.jpg\",\"width\":800,\"height\":533,\"caption\":\"Cr\u00e9dito da foto: Maiara Rov\u00eaa \\\/ Divulga\u00e7\u00e3o\"},{\"@type\":\"BreadcrumbList\",\"@id\":\"https:\\\/\\\/folhapopular.info\\\/index.php\\\/2021\\\/07\\\/09\\\/rs-avanca-na-vacinacao-contra-a-covid-com-a-distribuicao-de-doses-da-pfizer-e-coronavac-nesta-sexta-feira\\\/#breadcrumb\",\"itemListElement\":[{\"@type\":\"ListItem\",\"position\":1,\"name\":\"In\u00edcio\",\"item\":\"https:\\\/\\\/folhapopular.info\\\/\"},{\"@type\":\"ListItem\",\"position\":2,\"name\":\"RS avan\u00e7a na vacina\u00e7\u00e3o contra a Covid com a distribui\u00e7\u00e3o de doses da Pfizer e Coronavac nesta sexta-feira\"}]},{\"@type\":\"WebSite\",\"@id\":\"https:\\\/\\\/folhapopular.info\\\/#website\",\"url\":\"https:\\\/\\\/folhapopular.info\\\/\",\"name\":\"Folha Popular\",\"description\":\"Onde voc\u00ea tem vez e voz\",\"potentialAction\":[{\"@type\":\"SearchAction\",\"target\":{\"@type\":\"EntryPoint\",\"urlTemplate\":\"https:\\\/\\\/folhapopular.info\\\/?s={search_term_string}\"},\"query-input\":{\"@type\":\"PropertyValueSpecification\",\"valueRequired\":true,\"valueName\":\"search_term_string\"}}],\"inLanguage\":\"pt-BR\"},{\"@type\":\"Person\",\"@id\":\"https:\\\/\\\/folhapopular.info\\\/#\\\/schema\\\/person\\\/2814e8a0df7643585a9ca38bc6eb9d4b\",\"name\":\"Reda\u00e7\u00e3o Folha Popular\",\"image\":{\"@type\":\"ImageObject\",\"inLanguage\":\"pt-BR\",\"@id\":\"https:\\\/\\\/folhapopular.info\\\/wp-content\\\/uploads\\\/2026\\\/04\\\/Folha-1.webp\",\"url\":\"https:\\\/\\\/folhapopular.info\\\/wp-content\\\/uploads\\\/2026\\\/04\\\/Folha-1.webp\",\"contentUrl\":\"https:\\\/\\\/folhapopular.info\\\/wp-content\\\/uploads\\\/2026\\\/04\\\/Folha-1.webp\",\"caption\":\"Reda\u00e7\u00e3o Folha Popular\"},\"url\":\"https:\\\/\\\/folhapopular.info\\\/index.php\\\/author\\\/redacao\\\/\"}]}<\/script>\n<!-- \/ Yoast SEO plugin. -->","yoast_head_json":{"title":"RS avan\u00e7a na vacina\u00e7\u00e3o contra a Covid com a distribui\u00e7\u00e3o de doses da Pfizer e Coronavac nesta sexta-feira - Folha Popular","robots":{"index":"index","follow":"follow","max-snippet":"max-snippet:-1","max-image-preview":"max-image-preview:large","max-video-preview":"max-video-preview:-1"},"canonical":"https:\/\/folhapopular.info\/index.php\/2021\/07\/09\/rs-avanca-na-vacinacao-contra-a-covid-com-a-distribuicao-de-doses-da-pfizer-e-coronavac-nesta-sexta-feira\/","og_locale":"pt_BR","og_type":"article","og_title":"RS avan\u00e7a na vacina\u00e7\u00e3o contra a Covid com a distribui\u00e7\u00e3o de doses da Pfizer e Coronavac nesta sexta-feira - Folha Popular","og_description":"A Secretaria da Sa\u00fade (SES) ir\u00e1 distribuir, nesta sexta-feira (9\/7), \u00e0s 18 Coordenadorias Regionais de Sa\u00fade (CRSs), parte das vacinas que chegaram ao Estado nesta quinta-feira (8\/7): 159.120 doses da vacinas Pfizer e 50% do lote de 51.200 doses da Coronavac. As doses da Coronavac s\u00e3o para primeira e segunda doses. A metade do lote, [&hellip;]","og_url":"https:\/\/folhapopular.info\/index.php\/2021\/07\/09\/rs-avanca-na-vacinacao-contra-a-covid-com-a-distribuicao-de-doses-da-pfizer-e-coronavac-nesta-sexta-feira\/","og_site_name":"Folha Popular","article_published_time":"2021-07-09T10:40:44+00:00","article_modified_time":"2021-07-09T10:40:48+00:00","og_image":[{"width":800,"height":533,"url":"https:\/\/folhapopular.info\/wp-content\/uploads\/2021\/04\/Vacina-Foto-Maiara-Rovea-e1618861672483.jpg","type":"image\/jpeg"}],"author":"Reda\u00e7\u00e3o Folha Popular","twitter_card":"summary_large_image","twitter_misc":{"Escrito por":"Reda\u00e7\u00e3o Folha Popular","Est. tempo de leitura":"2 minutos"},"schema":{"@context":"https:\/\/schema.org","@graph":[{"@type":"Article","@id":"https:\/\/folhapopular.info\/index.php\/2021\/07\/09\/rs-avanca-na-vacinacao-contra-a-covid-com-a-distribuicao-de-doses-da-pfizer-e-coronavac-nesta-sexta-feira\/#article","isPartOf":{"@id":"https:\/\/folhapopular.info\/index.php\/2021\/07\/09\/rs-avanca-na-vacinacao-contra-a-covid-com-a-distribuicao-de-doses-da-pfizer-e-coronavac-nesta-sexta-feira\/"},"author":{"name":"Reda\u00e7\u00e3o Folha Popular","@id":"https:\/\/folhapopular.info\/#\/schema\/person\/2814e8a0df7643585a9ca38bc6eb9d4b"},"headline":"RS avan\u00e7a na vacina\u00e7\u00e3o contra a Covid com a distribui\u00e7\u00e3o de doses da Pfizer e Coronavac nesta sexta-feira","datePublished":"2021-07-09T10:40:44+00:00","dateModified":"2021-07-09T10:40:48+00:00","mainEntityOfPage":{"@id":"https:\/\/folhapopular.info\/index.php\/2021\/07\/09\/rs-avanca-na-vacinacao-contra-a-covid-com-a-distribuicao-de-doses-da-pfizer-e-coronavac-nesta-sexta-feira\/"},"wordCount":433,"commentCount":0,"image":{"@id":"https:\/\/folhapopular.info\/index.php\/2021\/07\/09\/rs-avanca-na-vacinacao-contra-a-covid-com-a-distribuicao-de-doses-da-pfizer-e-coronavac-nesta-sexta-feira\/#primaryimage"},"thumbnailUrl":"https:\/\/folhapopular.info\/wp-content\/uploads\/2021\/04\/Vacina-Foto-Maiara-Rovea-e1618861672483.jpg","keywords":["Covid-19","Estado","Rio Grande do Sul","Vacinas"],"articleSection":["Coronav\u00edrus","Destaques","Geral"],"inLanguage":"pt-BR","potentialAction":[{"@type":"CommentAction","name":"Comment","target":["https:\/\/folhapopular.info\/index.php\/2021\/07\/09\/rs-avanca-na-vacinacao-contra-a-covid-com-a-distribuicao-de-doses-da-pfizer-e-coronavac-nesta-sexta-feira\/#respond"]}]},{"@type":"WebPage","@id":"https:\/\/folhapopular.info\/index.php\/2021\/07\/09\/rs-avanca-na-vacinacao-contra-a-covid-com-a-distribuicao-de-doses-da-pfizer-e-coronavac-nesta-sexta-feira\/","url":"https:\/\/folhapopular.info\/index.php\/2021\/07\/09\/rs-avanca-na-vacinacao-contra-a-covid-com-a-distribuicao-de-doses-da-pfizer-e-coronavac-nesta-sexta-feira\/","name":"RS avan\u00e7a na vacina\u00e7\u00e3o contra a Covid com a distribui\u00e7\u00e3o de doses da Pfizer e Coronavac nesta sexta-feira - Folha Popular","isPartOf":{"@id":"https:\/\/folhapopular.info\/#website"},"primaryImageOfPage":{"@id":"https:\/\/folhapopular.info\/index.php\/2021\/07\/09\/rs-avanca-na-vacinacao-contra-a-covid-com-a-distribuicao-de-doses-da-pfizer-e-coronavac-nesta-sexta-feira\/#primaryimage"},"image":{"@id":"https:\/\/folhapopular.info\/index.php\/2021\/07\/09\/rs-avanca-na-vacinacao-contra-a-covid-com-a-distribuicao-de-doses-da-pfizer-e-coronavac-nesta-sexta-feira\/#primaryimage"},"thumbnailUrl":"https:\/\/folhapopular.info\/wp-content\/uploads\/2021\/04\/Vacina-Foto-Maiara-Rovea-e1618861672483.jpg","datePublished":"2021-07-09T10:40:44+00:00","dateModified":"2021-07-09T10:40:48+00:00","author":{"@id":"https:\/\/folhapopular.info\/#\/schema\/person\/2814e8a0df7643585a9ca38bc6eb9d4b"},"breadcrumb":{"@id":"https:\/\/folhapopular.info\/index.php\/2021\/07\/09\/rs-avanca-na-vacinacao-contra-a-covid-com-a-distribuicao-de-doses-da-pfizer-e-coronavac-nesta-sexta-feira\/#breadcrumb"},"inLanguage":"pt-BR","potentialAction":[{"@type":"ReadAction","target":["https:\/\/folhapopular.info\/index.php\/2021\/07\/09\/rs-avanca-na-vacinacao-contra-a-covid-com-a-distribuicao-de-doses-da-pfizer-e-coronavac-nesta-sexta-feira\/"]}]},{"@type":"ImageObject","inLanguage":"pt-BR","@id":"https:\/\/folhapopular.info\/index.php\/2021\/07\/09\/rs-avanca-na-vacinacao-contra-a-covid-com-a-distribuicao-de-doses-da-pfizer-e-coronavac-nesta-sexta-feira\/#primaryimage","url":"https:\/\/folhapopular.info\/wp-content\/uploads\/2021\/04\/Vacina-Foto-Maiara-Rovea-e1618861672483.jpg","contentUrl":"https:\/\/folhapopular.info\/wp-content\/uploads\/2021\/04\/Vacina-Foto-Maiara-Rovea-e1618861672483.jpg","width":800,"height":533,"caption":"Cr\u00e9dito da foto: Maiara Rov\u00eaa \/ Divulga\u00e7\u00e3o"},{"@type":"BreadcrumbList","@id":"https:\/\/folhapopular.info\/index.php\/2021\/07\/09\/rs-avanca-na-vacinacao-contra-a-covid-com-a-distribuicao-de-doses-da-pfizer-e-coronavac-nesta-sexta-feira\/#breadcrumb","itemListElement":[{"@type":"ListItem","position":1,"name":"In\u00edcio","item":"https:\/\/folhapopular.info\/"},{"@type":"ListItem","position":2,"name":"RS avan\u00e7a na vacina\u00e7\u00e3o contra a Covid com a distribui\u00e7\u00e3o de doses da Pfizer e Coronavac nesta sexta-feira"}]},{"@type":"WebSite","@id":"https:\/\/folhapopular.info\/#website","url":"https:\/\/folhapopular.info\/","name":"Folha Popular","description":"Onde voc\u00ea tem vez e voz","potentialAction":[{"@type":"SearchAction","target":{"@type":"EntryPoint","urlTemplate":"https:\/\/folhapopular.info\/?s={search_term_string}"},"query-input":{"@type":"PropertyValueSpecification","valueRequired":true,"valueName":"search_term_string"}}],"inLanguage":"pt-BR"},{"@type":"Person","@id":"https:\/\/folhapopular.info\/#\/schema\/person\/2814e8a0df7643585a9ca38bc6eb9d4b","name":"Reda\u00e7\u00e3o Folha Popular","image":{"@type":"ImageObject","inLanguage":"pt-BR","@id":"https:\/\/folhapopular.info\/wp-content\/uploads\/2026\/04\/Folha-1.webp","url":"https:\/\/folhapopular.info\/wp-content\/uploads\/2026\/04\/Folha-1.webp","contentUrl":"https:\/\/folhapopular.info\/wp-content\/uploads\/2026\/04\/Folha-1.webp","caption":"Reda\u00e7\u00e3o Folha Popular"},"url":"https:\/\/folhapopular.info\/index.php\/author\/redacao\/"}]}},"jetpack_featured_media_url":"https:\/\/folhapopular.info\/wp-content\/uploads\/2021\/04\/Vacina-Foto-Maiara-Rovea-e1618861672483.jpg","jetpack_sharing_enabled":true,"amp_enabled":true,"_links":{"self":[{"href":"https:\/\/folhapopular.info\/index.php\/wp-json\/wp\/v2\/posts\/86365","targetHints":{"allow":["GET"]}}],"collection":[{"href":"https:\/\/folhapopular.info\/index.php\/wp-json\/wp\/v2\/posts"}],"about":[{"href":"https:\/\/folhapopular.info\/index.php\/wp-json\/wp\/v2\/types\/post"}],"author":[{"embeddable":true,"href":"https:\/\/folhapopular.info\/index.php\/wp-json\/wp\/v2\/users\/8"}],"replies":[{"embeddable":true,"href":"https:\/\/folhapopular.info\/index.php\/wp-json\/wp\/v2\/comments?post=86365"}],"version-history":[{"count":0,"href":"https:\/\/folhapopular.info\/index.php\/wp-json\/wp\/v2\/posts\/86365\/revisions"}],"wp:featuredmedia":[{"embeddable":true,"href":"https:\/\/folhapopular.info\/index.php\/wp-json\/wp\/v2\/media\/82373"}],"wp:attachment":[{"href":"https:\/\/folhapopular.info\/index.php\/wp-json\/wp\/v2\/media?parent=86365"}],"wp:term":[{"taxonomy":"category","embeddable":true,"href":"https:\/\/folhapopular.info\/index.php\/wp-json\/wp\/v2\/categories?post=86365"},{"taxonomy":"post_tag","embeddable":true,"href":"https:\/\/folhapopular.info\/index.php\/wp-json\/wp\/v2\/tags?post=86365"}],"curies":[{"name":"wp","href":"https:\/\/api.w.org\/{rel}","templated":true}]}}