{"id":86575,"date":"2021-07-12T10:29:21","date_gmt":"2021-07-12T13:29:21","guid":{"rendered":"https:\/\/folhapopular.info\/?p=86575"},"modified":"2021-07-12T10:29:24","modified_gmt":"2021-07-12T13:29:24","slug":"encontro-regional-de-jovens-do-vale-do-taquari-ocorre-nesta-terca-feira-em-teutonia","status":"publish","type":"post","link":"https:\/\/folhapopular.info\/index.php\/2021\/07\/12\/encontro-regional-de-jovens-do-vale-do-taquari-ocorre-nesta-terca-feira-em-teutonia\/","title":{"rendered":"Encontro Regional de Jovens do Vale do Taquari ocorre nesta ter\u00e7a-feira em Teut\u00f4nia"},"content":{"rendered":"\n<p><strong><em>\u00c1udio na \u00edntegra dispon\u00edvel no <a href=\"https:\/\/popular.fm.br\/index.php\/2021\/07\/12\/encontro-regional-de-jovens-do-vale-do-taquari-ocorre-nesta-terca-em-teutonia\/\">site da R\u00e1dio Popular<\/a><\/em><\/strong><\/p>\n\n\n\n<p>O Espa\u00e7o Aberto teve a participa\u00e7\u00e3o da presidente do Sindicato dos Trabalhadores Rurais (STR) de Teut\u00f4nia, Liane Brackmann, e da jovem produtora rural Ja\u00edne Sprandel, na manh\u00e3 desta segunda-feira (12\/7). Elas falaram sobre a juventude rural, trazendo informa\u00e7\u00f5es do Encontro Regional de Jovens do Vale do Taquari, que ocorre nesta semana.<\/p>\n\n\n\n<p>Ja\u00edne pontua que todos os jovens est\u00e3o bastante animados com este encontro, que ocorre amanh\u00e3 (13\/7). Ela conta que muitos jovens do Vale j\u00e1 confirmaram sua presen\u00e7a. J\u00e1 \u00e9 a 5\u00b0 edi\u00e7\u00e3o do evento, que ocorre anualmente em diferentes munic\u00edpios, e este ano ser\u00e1 sediado por Teut\u00f4nia.<\/p>\n\n\n\n<p>Os convites s\u00e3o enviados para Emater e sindicatos dos munic\u00edpios da regi\u00e3o, que encaminharam o nome de dois jovens que participar\u00e3o presencialmente, j\u00e1 que \u00e9 preciso manter os cuidados com a pandemia, explica Ja\u00edne. Para os demais participantes ser\u00e1 enviado um link para acompanharem virtualmente.<\/p>\n\n\n\n<p>A cada encontro \u00e9 definida uma pauta, decidida pela comiss\u00e3o de jovens juntamente com a Emater e a Fetag. No evento de amanh\u00e3 ser\u00e1 trabalhado o autoconsumo e a agricultura familiar. Todos jovens que fazem parte dessa comiss\u00e3o trabalham no setor prim\u00e1rio.<\/p>\n\n\n\n<p>Ja\u00edne explica que nos \u00faltimos anos t\u00eam se percebido a busca dos jovens por trabalhar o agroecol\u00f3gico e o org\u00e2nico, diversificando o meio rural. Outras formas de manejo, que tragam rentabilidade e seguran\u00e7a, motivam os jovens a permanecerem no campo. O meio rural vem se modificando, com novo estilo de vida e jovens ativos e que buscam se atualizar, o que na avalia\u00e7\u00e3o de Ja\u00edne \u00e9 motivo de alegria.<\/p>\n\n\n\n<p>O autoconsumo, um dos assuntos discutidos no evento, se refere ao que \u00e9 produzido na propriedade e consumido pela fam\u00edlia, diminuindo a necessidade e o custo de comprar no supermercado. \u00c9 uma forma de estimular os que vivem na cidade tamb\u00e9m a produzir alimentos, o que trar\u00e1 mais seguran\u00e7a alimentar.<\/p>\n\n\n\n<p>Os jovens que ainda desejam participar do encontro devem fazer contato com o STR ou Emater de seu munic\u00edpio, recebendo o link do evento ou de forma presencial. Ainda h\u00e1 algumas vagas. Na parte da tarde, acontecer\u00e1 uma visita t\u00e9cnica a uma propriedade rural no munic\u00edpio.<\/p>\n\n\n\n<p>Liane destaca o plano safra, que teve um aumento em valores, tetos e enquadramentos, mas na opini\u00e3o da presidente, ainda assim, n\u00e3o contemplou a necessidade que hoje o produtor tem com altos custos.<\/p>\n\n\n\n<p>Neste m\u00eas de julho, em que se comemora o dia do colono, al\u00e9m do encontro de jovens, est\u00e3o programadas duas assembleias, com p\u00fablico reduzido, j\u00e1 que n\u00e3o \u00e9 poss\u00edvel realizar grandes eventos. Al\u00e9m disso, deve ser realizada uma sess\u00e3o da C\u00e2mara de Vereadores de Teut\u00f4nia junto \u00e0 sede do Sindicato, em alus\u00e3o \u00e0 data.<\/p>\n\n\n\n<p>Liane ressalta que o movimento sindical deve sempre estar envolvido com a discuss\u00e3o das diferentes pol\u00edticas, sa\u00fade, educa\u00e7\u00e3o e as pol\u00edticas diretamente voltadas ao campo. \u00c9 com este olhar que tem atuado a frente da entidade.<\/p>\n\n\n\n<p><strong>Convidadas:<\/strong>\u00a0presidente do Sindicato dos Trabalhadores Rurais (STR) de Teut\u00f4nia, Liane Brackmann, e a jovem produtora rural, Ja\u00edne Sprandel<br><strong>Data:<\/strong>\u00a012\/7<br><strong>Assuntos:<\/strong><br>&#8211; Encontro regional de jovens do Vale do Taquari;<br>&#8211; Convites via Emater e sindicatos dos munic\u00edpios;<br>&#8211; Evento ocorre em Teut\u00f4nia no formato h\u00edbrido;<br>&#8211; Autoconsumo e agricultura familiar estar\u00e3o em pauta;<br>&#8211; O meio rural vem se modificando;<br>&#8211; Plano safra.<\/p>\n\n\n\n<p><strong><em>\u00c1udio na \u00edntegra dispon\u00edvel no <a href=\"https:\/\/popular.fm.br\/index.php\/2021\/07\/12\/encontro-regional-de-jovens-do-vale-do-taquari-ocorre-nesta-terca-em-teutonia\/\">site da R\u00e1dio Popular<\/a><\/em><\/strong><\/p>\n","protected":false},"excerpt":{"rendered":"<p>\u00c1udio na \u00edntegra dispon\u00edvel no site da R\u00e1dio Popular O Espa\u00e7o Aberto teve a participa\u00e7\u00e3o da presidente do Sindicato dos Trabalhadores Rurais (STR) de Teut\u00f4nia, Liane Brackmann, e da jovem produtora rural Ja\u00edne Sprandel, na manh\u00e3 desta segunda-feira (12\/7). Elas falaram sobre a juventude rural, trazendo informa\u00e7\u00f5es do Encontro Regional de Jovens do Vale do [&hellip;]<\/p>\n","protected":false},"author":8,"featured_media":86576,"comment_status":"open","ping_status":"open","sticky":false,"template":"","format":"standard","meta":{"pmpro_default_level":"","_jetpack_memberships_contains_paid_content":false,"footnotes":""},"categories":[2,3],"tags":[370,156],"class_list":{"0":"post-86575","1":"post","2":"type-post","3":"status-publish","4":"format-standard","5":"has-post-thumbnail","7":"category-featured","8":"category-geral","9":"tag-str","10":"tag-vale-do-taquari","11":"pmpro-has-access"},"yoast_head":"<!-- This site is optimized with the Yoast SEO plugin v27.5 - https:\/\/yoast.com\/product\/yoast-seo-wordpress\/ -->\n<title>Encontro Regional de Jovens do Vale do Taquari ocorre nesta ter\u00e7a-feira em Teut\u00f4nia - Folha Popular<\/title>\n<meta name=\"robots\" content=\"index, follow, max-snippet:-1, max-image-preview:large, max-video-preview:-1\" \/>\n<link rel=\"canonical\" href=\"https:\/\/folhapopular.info\/index.php\/2021\/07\/12\/encontro-regional-de-jovens-do-vale-do-taquari-ocorre-nesta-terca-feira-em-teutonia\/\" \/>\n<meta property=\"og:locale\" content=\"pt_BR\" \/>\n<meta property=\"og:type\" content=\"article\" \/>\n<meta property=\"og:title\" content=\"Encontro Regional de Jovens do Vale do Taquari ocorre nesta ter\u00e7a-feira em Teut\u00f4nia - Folha Popular\" \/>\n<meta property=\"og:description\" content=\"\u00c1udio na \u00edntegra dispon\u00edvel no site da R\u00e1dio Popular O Espa\u00e7o Aberto teve a participa\u00e7\u00e3o da presidente do Sindicato dos Trabalhadores Rurais (STR) de Teut\u00f4nia, Liane Brackmann, e da jovem produtora rural Ja\u00edne Sprandel, na manh\u00e3 desta segunda-feira (12\/7). Elas falaram sobre a juventude rural, trazendo informa\u00e7\u00f5es do Encontro Regional de Jovens do Vale do [&hellip;]\" \/>\n<meta property=\"og:url\" content=\"https:\/\/folhapopular.info\/index.php\/2021\/07\/12\/encontro-regional-de-jovens-do-vale-do-taquari-ocorre-nesta-terca-feira-em-teutonia\/\" \/>\n<meta property=\"og:site_name\" content=\"Folha Popular\" \/>\n<meta property=\"article:published_time\" content=\"2021-07-12T13:29:21+00:00\" \/>\n<meta property=\"article:modified_time\" content=\"2021-07-12T13:29:24+00:00\" \/>\n<meta property=\"og:image\" content=\"https:\/\/folhapopular.info\/wp-content\/uploads\/2021\/07\/WhatsApp-Image-2021-07-12-at-08.47.25-e1626096386480.jpeg\" \/>\n\t<meta property=\"og:image:width\" content=\"800\" \/>\n\t<meta property=\"og:image:height\" content=\"782\" \/>\n\t<meta property=\"og:image:type\" content=\"image\/jpeg\" \/>\n<meta name=\"author\" content=\"Reda\u00e7\u00e3o Folha Popular\" \/>\n<meta name=\"twitter:card\" content=\"summary_large_image\" \/>\n<meta name=\"twitter:label1\" content=\"Escrito por\" \/>\n\t<meta name=\"twitter:data1\" content=\"Reda\u00e7\u00e3o Folha Popular\" \/>\n\t<meta name=\"twitter:label2\" content=\"Est. tempo de leitura\" \/>\n\t<meta name=\"twitter:data2\" content=\"3 minutos\" \/>\n<script type=\"application\/ld+json\" class=\"yoast-schema-graph\">{\"@context\":\"https:\\\/\\\/schema.org\",\"@graph\":[{\"@type\":\"Article\",\"@id\":\"https:\\\/\\\/folhapopular.info\\\/index.php\\\/2021\\\/07\\\/12\\\/encontro-regional-de-jovens-do-vale-do-taquari-ocorre-nesta-terca-feira-em-teutonia\\\/#article\",\"isPartOf\":{\"@id\":\"https:\\\/\\\/folhapopular.info\\\/index.php\\\/2021\\\/07\\\/12\\\/encontro-regional-de-jovens-do-vale-do-taquari-ocorre-nesta-terca-feira-em-teutonia\\\/\"},\"author\":{\"name\":\"Reda\u00e7\u00e3o Folha Popular\",\"@id\":\"https:\\\/\\\/folhapopular.info\\\/#\\\/schema\\\/person\\\/2814e8a0df7643585a9ca38bc6eb9d4b\"},\"headline\":\"Encontro Regional de Jovens do Vale do Taquari ocorre nesta ter\u00e7a-feira em Teut\u00f4nia\",\"datePublished\":\"2021-07-12T13:29:21+00:00\",\"dateModified\":\"2021-07-12T13:29:24+00:00\",\"mainEntityOfPage\":{\"@id\":\"https:\\\/\\\/folhapopular.info\\\/index.php\\\/2021\\\/07\\\/12\\\/encontro-regional-de-jovens-do-vale-do-taquari-ocorre-nesta-terca-feira-em-teutonia\\\/\"},\"wordCount\":617,\"commentCount\":0,\"image\":{\"@id\":\"https:\\\/\\\/folhapopular.info\\\/index.php\\\/2021\\\/07\\\/12\\\/encontro-regional-de-jovens-do-vale-do-taquari-ocorre-nesta-terca-feira-em-teutonia\\\/#primaryimage\"},\"thumbnailUrl\":\"https:\\\/\\\/folhapopular.info\\\/wp-content\\\/uploads\\\/2021\\\/07\\\/WhatsApp-Image-2021-07-12-at-08.47.25-e1626096386480.jpeg\",\"keywords\":[\"STR\",\"Vale do Taquari\"],\"articleSection\":[\"Destaques\",\"Geral\"],\"inLanguage\":\"pt-BR\",\"potentialAction\":[{\"@type\":\"CommentAction\",\"name\":\"Comment\",\"target\":[\"https:\\\/\\\/folhapopular.info\\\/index.php\\\/2021\\\/07\\\/12\\\/encontro-regional-de-jovens-do-vale-do-taquari-ocorre-nesta-terca-feira-em-teutonia\\\/#respond\"]}]},{\"@type\":\"WebPage\",\"@id\":\"https:\\\/\\\/folhapopular.info\\\/index.php\\\/2021\\\/07\\\/12\\\/encontro-regional-de-jovens-do-vale-do-taquari-ocorre-nesta-terca-feira-em-teutonia\\\/\",\"url\":\"https:\\\/\\\/folhapopular.info\\\/index.php\\\/2021\\\/07\\\/12\\\/encontro-regional-de-jovens-do-vale-do-taquari-ocorre-nesta-terca-feira-em-teutonia\\\/\",\"name\":\"Encontro Regional de Jovens do Vale do Taquari ocorre nesta ter\u00e7a-feira em Teut\u00f4nia - Folha Popular\",\"isPartOf\":{\"@id\":\"https:\\\/\\\/folhapopular.info\\\/#website\"},\"primaryImageOfPage\":{\"@id\":\"https:\\\/\\\/folhapopular.info\\\/index.php\\\/2021\\\/07\\\/12\\\/encontro-regional-de-jovens-do-vale-do-taquari-ocorre-nesta-terca-feira-em-teutonia\\\/#primaryimage\"},\"image\":{\"@id\":\"https:\\\/\\\/folhapopular.info\\\/index.php\\\/2021\\\/07\\\/12\\\/encontro-regional-de-jovens-do-vale-do-taquari-ocorre-nesta-terca-feira-em-teutonia\\\/#primaryimage\"},\"thumbnailUrl\":\"https:\\\/\\\/folhapopular.info\\\/wp-content\\\/uploads\\\/2021\\\/07\\\/WhatsApp-Image-2021-07-12-at-08.47.25-e1626096386480.jpeg\",\"datePublished\":\"2021-07-12T13:29:21+00:00\",\"dateModified\":\"2021-07-12T13:29:24+00:00\",\"author\":{\"@id\":\"https:\\\/\\\/folhapopular.info\\\/#\\\/schema\\\/person\\\/2814e8a0df7643585a9ca38bc6eb9d4b\"},\"breadcrumb\":{\"@id\":\"https:\\\/\\\/folhapopular.info\\\/index.php\\\/2021\\\/07\\\/12\\\/encontro-regional-de-jovens-do-vale-do-taquari-ocorre-nesta-terca-feira-em-teutonia\\\/#breadcrumb\"},\"inLanguage\":\"pt-BR\",\"potentialAction\":[{\"@type\":\"ReadAction\",\"target\":[\"https:\\\/\\\/folhapopular.info\\\/index.php\\\/2021\\\/07\\\/12\\\/encontro-regional-de-jovens-do-vale-do-taquari-ocorre-nesta-terca-feira-em-teutonia\\\/\"]}]},{\"@type\":\"ImageObject\",\"inLanguage\":\"pt-BR\",\"@id\":\"https:\\\/\\\/folhapopular.info\\\/index.php\\\/2021\\\/07\\\/12\\\/encontro-regional-de-jovens-do-vale-do-taquari-ocorre-nesta-terca-feira-em-teutonia\\\/#primaryimage\",\"url\":\"https:\\\/\\\/folhapopular.info\\\/wp-content\\\/uploads\\\/2021\\\/07\\\/WhatsApp-Image-2021-07-12-at-08.47.25-e1626096386480.jpeg\",\"contentUrl\":\"https:\\\/\\\/folhapopular.info\\\/wp-content\\\/uploads\\\/2021\\\/07\\\/WhatsApp-Image-2021-07-12-at-08.47.25-e1626096386480.jpeg\",\"width\":800,\"height\":782,\"caption\":\"Cr\u00e9dito da foto: Luciana Brune \\\/ Arquivo pessoal\"},{\"@type\":\"BreadcrumbList\",\"@id\":\"https:\\\/\\\/folhapopular.info\\\/index.php\\\/2021\\\/07\\\/12\\\/encontro-regional-de-jovens-do-vale-do-taquari-ocorre-nesta-terca-feira-em-teutonia\\\/#breadcrumb\",\"itemListElement\":[{\"@type\":\"ListItem\",\"position\":1,\"name\":\"In\u00edcio\",\"item\":\"https:\\\/\\\/folhapopular.info\\\/\"},{\"@type\":\"ListItem\",\"position\":2,\"name\":\"Encontro Regional de Jovens do Vale do Taquari ocorre nesta ter\u00e7a-feira em Teut\u00f4nia\"}]},{\"@type\":\"WebSite\",\"@id\":\"https:\\\/\\\/folhapopular.info\\\/#website\",\"url\":\"https:\\\/\\\/folhapopular.info\\\/\",\"name\":\"Folha Popular\",\"description\":\"Onde voc\u00ea tem vez e voz\",\"potentialAction\":[{\"@type\":\"SearchAction\",\"target\":{\"@type\":\"EntryPoint\",\"urlTemplate\":\"https:\\\/\\\/folhapopular.info\\\/?s={search_term_string}\"},\"query-input\":{\"@type\":\"PropertyValueSpecification\",\"valueRequired\":true,\"valueName\":\"search_term_string\"}}],\"inLanguage\":\"pt-BR\"},{\"@type\":\"Person\",\"@id\":\"https:\\\/\\\/folhapopular.info\\\/#\\\/schema\\\/person\\\/2814e8a0df7643585a9ca38bc6eb9d4b\",\"name\":\"Reda\u00e7\u00e3o Folha Popular\",\"image\":{\"@type\":\"ImageObject\",\"inLanguage\":\"pt-BR\",\"@id\":\"https:\\\/\\\/folhapopular.info\\\/wp-content\\\/uploads\\\/2026\\\/04\\\/Folha-1.webp\",\"url\":\"https:\\\/\\\/folhapopular.info\\\/wp-content\\\/uploads\\\/2026\\\/04\\\/Folha-1.webp\",\"contentUrl\":\"https:\\\/\\\/folhapopular.info\\\/wp-content\\\/uploads\\\/2026\\\/04\\\/Folha-1.webp\",\"caption\":\"Reda\u00e7\u00e3o Folha Popular\"},\"url\":\"https:\\\/\\\/folhapopular.info\\\/index.php\\\/author\\\/redacao\\\/\"}]}<\/script>\n<!-- \/ Yoast SEO plugin. -->","yoast_head_json":{"title":"Encontro Regional de Jovens do Vale do Taquari ocorre nesta ter\u00e7a-feira em Teut\u00f4nia - Folha Popular","robots":{"index":"index","follow":"follow","max-snippet":"max-snippet:-1","max-image-preview":"max-image-preview:large","max-video-preview":"max-video-preview:-1"},"canonical":"https:\/\/folhapopular.info\/index.php\/2021\/07\/12\/encontro-regional-de-jovens-do-vale-do-taquari-ocorre-nesta-terca-feira-em-teutonia\/","og_locale":"pt_BR","og_type":"article","og_title":"Encontro Regional de Jovens do Vale do Taquari ocorre nesta ter\u00e7a-feira em Teut\u00f4nia - Folha Popular","og_description":"\u00c1udio na \u00edntegra dispon\u00edvel no site da R\u00e1dio Popular O Espa\u00e7o Aberto teve a participa\u00e7\u00e3o da presidente do Sindicato dos Trabalhadores Rurais (STR) de Teut\u00f4nia, Liane Brackmann, e da jovem produtora rural Ja\u00edne Sprandel, na manh\u00e3 desta segunda-feira (12\/7). Elas falaram sobre a juventude rural, trazendo informa\u00e7\u00f5es do Encontro Regional de Jovens do Vale do [&hellip;]","og_url":"https:\/\/folhapopular.info\/index.php\/2021\/07\/12\/encontro-regional-de-jovens-do-vale-do-taquari-ocorre-nesta-terca-feira-em-teutonia\/","og_site_name":"Folha Popular","article_published_time":"2021-07-12T13:29:21+00:00","article_modified_time":"2021-07-12T13:29:24+00:00","og_image":[{"width":800,"height":782,"url":"https:\/\/folhapopular.info\/wp-content\/uploads\/2021\/07\/WhatsApp-Image-2021-07-12-at-08.47.25-e1626096386480.jpeg","type":"image\/jpeg"}],"author":"Reda\u00e7\u00e3o Folha Popular","twitter_card":"summary_large_image","twitter_misc":{"Escrito por":"Reda\u00e7\u00e3o Folha Popular","Est. tempo de leitura":"3 minutos"},"schema":{"@context":"https:\/\/schema.org","@graph":[{"@type":"Article","@id":"https:\/\/folhapopular.info\/index.php\/2021\/07\/12\/encontro-regional-de-jovens-do-vale-do-taquari-ocorre-nesta-terca-feira-em-teutonia\/#article","isPartOf":{"@id":"https:\/\/folhapopular.info\/index.php\/2021\/07\/12\/encontro-regional-de-jovens-do-vale-do-taquari-ocorre-nesta-terca-feira-em-teutonia\/"},"author":{"name":"Reda\u00e7\u00e3o Folha Popular","@id":"https:\/\/folhapopular.info\/#\/schema\/person\/2814e8a0df7643585a9ca38bc6eb9d4b"},"headline":"Encontro Regional de Jovens do Vale do Taquari ocorre nesta ter\u00e7a-feira em Teut\u00f4nia","datePublished":"2021-07-12T13:29:21+00:00","dateModified":"2021-07-12T13:29:24+00:00","mainEntityOfPage":{"@id":"https:\/\/folhapopular.info\/index.php\/2021\/07\/12\/encontro-regional-de-jovens-do-vale-do-taquari-ocorre-nesta-terca-feira-em-teutonia\/"},"wordCount":617,"commentCount":0,"image":{"@id":"https:\/\/folhapopular.info\/index.php\/2021\/07\/12\/encontro-regional-de-jovens-do-vale-do-taquari-ocorre-nesta-terca-feira-em-teutonia\/#primaryimage"},"thumbnailUrl":"https:\/\/folhapopular.info\/wp-content\/uploads\/2021\/07\/WhatsApp-Image-2021-07-12-at-08.47.25-e1626096386480.jpeg","keywords":["STR","Vale do Taquari"],"articleSection":["Destaques","Geral"],"inLanguage":"pt-BR","potentialAction":[{"@type":"CommentAction","name":"Comment","target":["https:\/\/folhapopular.info\/index.php\/2021\/07\/12\/encontro-regional-de-jovens-do-vale-do-taquari-ocorre-nesta-terca-feira-em-teutonia\/#respond"]}]},{"@type":"WebPage","@id":"https:\/\/folhapopular.info\/index.php\/2021\/07\/12\/encontro-regional-de-jovens-do-vale-do-taquari-ocorre-nesta-terca-feira-em-teutonia\/","url":"https:\/\/folhapopular.info\/index.php\/2021\/07\/12\/encontro-regional-de-jovens-do-vale-do-taquari-ocorre-nesta-terca-feira-em-teutonia\/","name":"Encontro Regional de Jovens do Vale do Taquari ocorre nesta ter\u00e7a-feira em Teut\u00f4nia - Folha Popular","isPartOf":{"@id":"https:\/\/folhapopular.info\/#website"},"primaryImageOfPage":{"@id":"https:\/\/folhapopular.info\/index.php\/2021\/07\/12\/encontro-regional-de-jovens-do-vale-do-taquari-ocorre-nesta-terca-feira-em-teutonia\/#primaryimage"},"image":{"@id":"https:\/\/folhapopular.info\/index.php\/2021\/07\/12\/encontro-regional-de-jovens-do-vale-do-taquari-ocorre-nesta-terca-feira-em-teutonia\/#primaryimage"},"thumbnailUrl":"https:\/\/folhapopular.info\/wp-content\/uploads\/2021\/07\/WhatsApp-Image-2021-07-12-at-08.47.25-e1626096386480.jpeg","datePublished":"2021-07-12T13:29:21+00:00","dateModified":"2021-07-12T13:29:24+00:00","author":{"@id":"https:\/\/folhapopular.info\/#\/schema\/person\/2814e8a0df7643585a9ca38bc6eb9d4b"},"breadcrumb":{"@id":"https:\/\/folhapopular.info\/index.php\/2021\/07\/12\/encontro-regional-de-jovens-do-vale-do-taquari-ocorre-nesta-terca-feira-em-teutonia\/#breadcrumb"},"inLanguage":"pt-BR","potentialAction":[{"@type":"ReadAction","target":["https:\/\/folhapopular.info\/index.php\/2021\/07\/12\/encontro-regional-de-jovens-do-vale-do-taquari-ocorre-nesta-terca-feira-em-teutonia\/"]}]},{"@type":"ImageObject","inLanguage":"pt-BR","@id":"https:\/\/folhapopular.info\/index.php\/2021\/07\/12\/encontro-regional-de-jovens-do-vale-do-taquari-ocorre-nesta-terca-feira-em-teutonia\/#primaryimage","url":"https:\/\/folhapopular.info\/wp-content\/uploads\/2021\/07\/WhatsApp-Image-2021-07-12-at-08.47.25-e1626096386480.jpeg","contentUrl":"https:\/\/folhapopular.info\/wp-content\/uploads\/2021\/07\/WhatsApp-Image-2021-07-12-at-08.47.25-e1626096386480.jpeg","width":800,"height":782,"caption":"Cr\u00e9dito da foto: Luciana Brune \/ Arquivo pessoal"},{"@type":"BreadcrumbList","@id":"https:\/\/folhapopular.info\/index.php\/2021\/07\/12\/encontro-regional-de-jovens-do-vale-do-taquari-ocorre-nesta-terca-feira-em-teutonia\/#breadcrumb","itemListElement":[{"@type":"ListItem","position":1,"name":"In\u00edcio","item":"https:\/\/folhapopular.info\/"},{"@type":"ListItem","position":2,"name":"Encontro Regional de Jovens do Vale do Taquari ocorre nesta ter\u00e7a-feira em Teut\u00f4nia"}]},{"@type":"WebSite","@id":"https:\/\/folhapopular.info\/#website","url":"https:\/\/folhapopular.info\/","name":"Folha Popular","description":"Onde voc\u00ea tem vez e voz","potentialAction":[{"@type":"SearchAction","target":{"@type":"EntryPoint","urlTemplate":"https:\/\/folhapopular.info\/?s={search_term_string}"},"query-input":{"@type":"PropertyValueSpecification","valueRequired":true,"valueName":"search_term_string"}}],"inLanguage":"pt-BR"},{"@type":"Person","@id":"https:\/\/folhapopular.info\/#\/schema\/person\/2814e8a0df7643585a9ca38bc6eb9d4b","name":"Reda\u00e7\u00e3o Folha Popular","image":{"@type":"ImageObject","inLanguage":"pt-BR","@id":"https:\/\/folhapopular.info\/wp-content\/uploads\/2026\/04\/Folha-1.webp","url":"https:\/\/folhapopular.info\/wp-content\/uploads\/2026\/04\/Folha-1.webp","contentUrl":"https:\/\/folhapopular.info\/wp-content\/uploads\/2026\/04\/Folha-1.webp","caption":"Reda\u00e7\u00e3o Folha Popular"},"url":"https:\/\/folhapopular.info\/index.php\/author\/redacao\/"}]}},"jetpack_featured_media_url":"https:\/\/folhapopular.info\/wp-content\/uploads\/2021\/07\/WhatsApp-Image-2021-07-12-at-08.47.25-e1626096386480.jpeg","jetpack_sharing_enabled":true,"amp_enabled":true,"_links":{"self":[{"href":"https:\/\/folhapopular.info\/index.php\/wp-json\/wp\/v2\/posts\/86575","targetHints":{"allow":["GET"]}}],"collection":[{"href":"https:\/\/folhapopular.info\/index.php\/wp-json\/wp\/v2\/posts"}],"about":[{"href":"https:\/\/folhapopular.info\/index.php\/wp-json\/wp\/v2\/types\/post"}],"author":[{"embeddable":true,"href":"https:\/\/folhapopular.info\/index.php\/wp-json\/wp\/v2\/users\/8"}],"replies":[{"embeddable":true,"href":"https:\/\/folhapopular.info\/index.php\/wp-json\/wp\/v2\/comments?post=86575"}],"version-history":[{"count":0,"href":"https:\/\/folhapopular.info\/index.php\/wp-json\/wp\/v2\/posts\/86575\/revisions"}],"wp:featuredmedia":[{"embeddable":true,"href":"https:\/\/folhapopular.info\/index.php\/wp-json\/wp\/v2\/media\/86576"}],"wp:attachment":[{"href":"https:\/\/folhapopular.info\/index.php\/wp-json\/wp\/v2\/media?parent=86575"}],"wp:term":[{"taxonomy":"category","embeddable":true,"href":"https:\/\/folhapopular.info\/index.php\/wp-json\/wp\/v2\/categories?post=86575"},{"taxonomy":"post_tag","embeddable":true,"href":"https:\/\/folhapopular.info\/index.php\/wp-json\/wp\/v2\/tags?post=86575"}],"curies":[{"name":"wp","href":"https:\/\/api.w.org\/{rel}","templated":true}]}}