{"id":86699,"date":"2021-07-14T16:30:06","date_gmt":"2021-07-14T19:30:06","guid":{"rendered":"https:\/\/folhapopular.info\/?p=86699"},"modified":"2021-07-14T16:30:10","modified_gmt":"2021-07-14T19:30:10","slug":"segunda-dose-contra-covid-19-e-antecipada","status":"publish","type":"post","link":"https:\/\/folhapopular.info\/index.php\/2021\/07\/14\/segunda-dose-contra-covid-19-e-antecipada\/","title":{"rendered":"Segunda dose contra Covid-19 \u00e9 antecipada"},"content":{"rendered":"\n<p>Dois casos suspeitos da variante Delta s\u00e3o investigados no Rio Grande do Sul. Para conter o avan\u00e7o da nova cepa da Covid-19, foi definida a antecipa\u00e7\u00e3o do intervalo entre as doses da vacina. O per\u00edodo que antes era de 12 semanas passa a ser de 10. Essa mudan\u00e7a vale para todos ga\u00fachos que receberam imunizante da AstraZeneca e Pfizer.<\/p>\n\n\n\n<p>A variante Delta \u00e9 mais agressiva. \u201cDiminu\u00edmos o intervalo dentro da margem de seguran\u00e7a da efetividade da vacina, para acelerar a imuniza\u00e7\u00e3o completa da popula\u00e7\u00e3o com a dose 2\u201d, explica Ana Costa, diretora do Departamento de Aten\u00e7\u00e3o Prim\u00e1ria e Pol\u00edticas de Sa\u00fade.<\/p>\n\n\n\n<p>As pr\u00f3ximas remessas que chegarem ao Estado ser\u00e3o reservadas para garantir o tempo de aplica\u00e7\u00e3o dentro do prazo. \u201cN\u00e3o devemos usar doses reservadas para dose 2 (D2) na primeira aplica\u00e7\u00e3o (D1) e nem vice-versa. O planejamento restante segue o mesmo\u201d, destaca Arita Bergmann, secret\u00e1ria de Sa\u00fade.<\/p>\n\n\n\n<p><strong>Lactantes e adolescentes tamb\u00e9m ser\u00e3o vacinados<\/strong><\/p>\n\n\n\n<p>Na reuni\u00e3o da Comiss\u00e3o Intergestores Bipartite (CIB) ficou tamb\u00e9m decidida a prioriza\u00e7\u00e3o da vacina\u00e7\u00e3o de lactantes com beb\u00eas de at\u00e9 11 meses e 29 dias. O Estado n\u00e3o far\u00e1 distribui\u00e7\u00e3o de doses extras para o grupo e os munic\u00edpios ter\u00e3o que realizar a organiza\u00e7\u00e3o e o chamamento desta popula\u00e7\u00e3o.<\/p>\n\n\n\n<p>Tamb\u00e9m foi aprovada amplia\u00e7\u00e3o da vacina\u00e7\u00e3o de crian\u00e7as e adolescente entre 12 e 18 anos incompletos com comorbidades. Esses ser\u00e3o imunizados com a vacina da Pfizer que foi aprovada pela Ag\u00eancia Nacional de Vigil\u00e2ncia Sanit\u00e1ria (Anvisa) para a faixa et\u00e1ria.<\/p>\n","protected":false},"excerpt":{"rendered":"<p>Dois casos suspeitos da variante Delta s\u00e3o investigados no Rio Grande do Sul. Para conter o avan\u00e7o da nova cepa da Covid-19, foi definida a antecipa\u00e7\u00e3o do intervalo entre as doses da vacina. O per\u00edodo que antes era de 12 semanas passa a ser de 10. Essa mudan\u00e7a vale para todos ga\u00fachos que receberam imunizante [&hellip;]<\/p>\n","protected":false},"author":8,"featured_media":86701,"comment_status":"open","ping_status":"open","sticky":false,"template":"","format":"standard","meta":{"pmpro_default_level":"","_jetpack_memberships_contains_paid_content":false,"footnotes":""},"categories":[5756,2,3],"tags":[5707,1794,87],"class_list":{"0":"post-86699","1":"post","2":"type-post","3":"status-publish","4":"format-standard","5":"has-post-thumbnail","7":"category-coronavirus","8":"category-featured","9":"category-geral","10":"tag-covid-19","11":"tag-rio-grande-do-sul","12":"tag-vacinacao","13":"pmpro-has-access"},"yoast_head":"<!-- This site is optimized with the Yoast SEO plugin v27.5 - https:\/\/yoast.com\/product\/yoast-seo-wordpress\/ -->\n<title>Segunda dose contra Covid-19 \u00e9 antecipada - Folha Popular<\/title>\n<meta name=\"robots\" content=\"index, follow, max-snippet:-1, max-image-preview:large, max-video-preview:-1\" \/>\n<link rel=\"canonical\" href=\"https:\/\/folhapopular.info\/index.php\/2021\/07\/14\/segunda-dose-contra-covid-19-e-antecipada\/\" \/>\n<meta property=\"og:locale\" content=\"pt_BR\" \/>\n<meta property=\"og:type\" content=\"article\" \/>\n<meta property=\"og:title\" content=\"Segunda dose contra Covid-19 \u00e9 antecipada - Folha Popular\" \/>\n<meta property=\"og:description\" content=\"Dois casos suspeitos da variante Delta s\u00e3o investigados no Rio Grande do Sul. Para conter o avan\u00e7o da nova cepa da Covid-19, foi definida a antecipa\u00e7\u00e3o do intervalo entre as doses da vacina. O per\u00edodo que antes era de 12 semanas passa a ser de 10. Essa mudan\u00e7a vale para todos ga\u00fachos que receberam imunizante [&hellip;]\" \/>\n<meta property=\"og:url\" content=\"https:\/\/folhapopular.info\/index.php\/2021\/07\/14\/segunda-dose-contra-covid-19-e-antecipada\/\" \/>\n<meta property=\"og:site_name\" content=\"Folha Popular\" \/>\n<meta property=\"article:published_time\" content=\"2021-07-14T19:30:06+00:00\" \/>\n<meta property=\"article:modified_time\" content=\"2021-07-14T19:30:10+00:00\" \/>\n<meta property=\"og:image\" content=\"https:\/\/folhapopular.info\/wp-content\/uploads\/2021\/07\/GGGSSHG.png\" \/>\n\t<meta property=\"og:image:width\" content=\"300\" \/>\n\t<meta property=\"og:image:height\" content=\"108\" \/>\n\t<meta property=\"og:image:type\" content=\"image\/png\" \/>\n<meta name=\"author\" content=\"Reda\u00e7\u00e3o Folha Popular\" \/>\n<meta name=\"twitter:card\" content=\"summary_large_image\" \/>\n<meta name=\"twitter:label1\" content=\"Escrito por\" \/>\n\t<meta name=\"twitter:data1\" content=\"Reda\u00e7\u00e3o Folha Popular\" \/>\n\t<meta name=\"twitter:label2\" content=\"Est. tempo de leitura\" \/>\n\t<meta name=\"twitter:data2\" content=\"2 minutos\" \/>\n<script type=\"application\/ld+json\" class=\"yoast-schema-graph\">{\"@context\":\"https:\\\/\\\/schema.org\",\"@graph\":[{\"@type\":\"Article\",\"@id\":\"https:\\\/\\\/folhapopular.info\\\/index.php\\\/2021\\\/07\\\/14\\\/segunda-dose-contra-covid-19-e-antecipada\\\/#article\",\"isPartOf\":{\"@id\":\"https:\\\/\\\/folhapopular.info\\\/index.php\\\/2021\\\/07\\\/14\\\/segunda-dose-contra-covid-19-e-antecipada\\\/\"},\"author\":{\"name\":\"Reda\u00e7\u00e3o Folha Popular\",\"@id\":\"https:\\\/\\\/folhapopular.info\\\/#\\\/schema\\\/person\\\/2814e8a0df7643585a9ca38bc6eb9d4b\"},\"headline\":\"Segunda dose contra Covid-19 \u00e9 antecipada\",\"datePublished\":\"2021-07-14T19:30:06+00:00\",\"dateModified\":\"2021-07-14T19:30:10+00:00\",\"mainEntityOfPage\":{\"@id\":\"https:\\\/\\\/folhapopular.info\\\/index.php\\\/2021\\\/07\\\/14\\\/segunda-dose-contra-covid-19-e-antecipada\\\/\"},\"wordCount\":282,\"commentCount\":0,\"image\":{\"@id\":\"https:\\\/\\\/folhapopular.info\\\/index.php\\\/2021\\\/07\\\/14\\\/segunda-dose-contra-covid-19-e-antecipada\\\/#primaryimage\"},\"thumbnailUrl\":\"https:\\\/\\\/folhapopular.info\\\/wp-content\\\/uploads\\\/2021\\\/07\\\/GGGSSHG.png\",\"keywords\":[\"Covid-19\",\"Rio Grande do Sul\",\"Vacina\u00e7\u00e3o\"],\"articleSection\":[\"Coronav\u00edrus\",\"Destaques\",\"Geral\"],\"inLanguage\":\"pt-BR\",\"potentialAction\":[{\"@type\":\"CommentAction\",\"name\":\"Comment\",\"target\":[\"https:\\\/\\\/folhapopular.info\\\/index.php\\\/2021\\\/07\\\/14\\\/segunda-dose-contra-covid-19-e-antecipada\\\/#respond\"]}]},{\"@type\":\"WebPage\",\"@id\":\"https:\\\/\\\/folhapopular.info\\\/index.php\\\/2021\\\/07\\\/14\\\/segunda-dose-contra-covid-19-e-antecipada\\\/\",\"url\":\"https:\\\/\\\/folhapopular.info\\\/index.php\\\/2021\\\/07\\\/14\\\/segunda-dose-contra-covid-19-e-antecipada\\\/\",\"name\":\"Segunda dose contra Covid-19 \u00e9 antecipada - Folha Popular\",\"isPartOf\":{\"@id\":\"https:\\\/\\\/folhapopular.info\\\/#website\"},\"primaryImageOfPage\":{\"@id\":\"https:\\\/\\\/folhapopular.info\\\/index.php\\\/2021\\\/07\\\/14\\\/segunda-dose-contra-covid-19-e-antecipada\\\/#primaryimage\"},\"image\":{\"@id\":\"https:\\\/\\\/folhapopular.info\\\/index.php\\\/2021\\\/07\\\/14\\\/segunda-dose-contra-covid-19-e-antecipada\\\/#primaryimage\"},\"thumbnailUrl\":\"https:\\\/\\\/folhapopular.info\\\/wp-content\\\/uploads\\\/2021\\\/07\\\/GGGSSHG.png\",\"datePublished\":\"2021-07-14T19:30:06+00:00\",\"dateModified\":\"2021-07-14T19:30:10+00:00\",\"author\":{\"@id\":\"https:\\\/\\\/folhapopular.info\\\/#\\\/schema\\\/person\\\/2814e8a0df7643585a9ca38bc6eb9d4b\"},\"breadcrumb\":{\"@id\":\"https:\\\/\\\/folhapopular.info\\\/index.php\\\/2021\\\/07\\\/14\\\/segunda-dose-contra-covid-19-e-antecipada\\\/#breadcrumb\"},\"inLanguage\":\"pt-BR\",\"potentialAction\":[{\"@type\":\"ReadAction\",\"target\":[\"https:\\\/\\\/folhapopular.info\\\/index.php\\\/2021\\\/07\\\/14\\\/segunda-dose-contra-covid-19-e-antecipada\\\/\"]}]},{\"@type\":\"ImageObject\",\"inLanguage\":\"pt-BR\",\"@id\":\"https:\\\/\\\/folhapopular.info\\\/index.php\\\/2021\\\/07\\\/14\\\/segunda-dose-contra-covid-19-e-antecipada\\\/#primaryimage\",\"url\":\"https:\\\/\\\/folhapopular.info\\\/wp-content\\\/uploads\\\/2021\\\/07\\\/GGGSSHG.png\",\"contentUrl\":\"https:\\\/\\\/folhapopular.info\\\/wp-content\\\/uploads\\\/2021\\\/07\\\/GGGSSHG.png\",\"width\":300,\"height\":108,\"caption\":\"Cr\u00e9dito da foto: Grasieli Nabinger\"},{\"@type\":\"BreadcrumbList\",\"@id\":\"https:\\\/\\\/folhapopular.info\\\/index.php\\\/2021\\\/07\\\/14\\\/segunda-dose-contra-covid-19-e-antecipada\\\/#breadcrumb\",\"itemListElement\":[{\"@type\":\"ListItem\",\"position\":1,\"name\":\"In\u00edcio\",\"item\":\"https:\\\/\\\/folhapopular.info\\\/\"},{\"@type\":\"ListItem\",\"position\":2,\"name\":\"Segunda dose contra Covid-19 \u00e9 antecipada\"}]},{\"@type\":\"WebSite\",\"@id\":\"https:\\\/\\\/folhapopular.info\\\/#website\",\"url\":\"https:\\\/\\\/folhapopular.info\\\/\",\"name\":\"Folha Popular\",\"description\":\"Onde voc\u00ea tem vez e voz\",\"potentialAction\":[{\"@type\":\"SearchAction\",\"target\":{\"@type\":\"EntryPoint\",\"urlTemplate\":\"https:\\\/\\\/folhapopular.info\\\/?s={search_term_string}\"},\"query-input\":{\"@type\":\"PropertyValueSpecification\",\"valueRequired\":true,\"valueName\":\"search_term_string\"}}],\"inLanguage\":\"pt-BR\"},{\"@type\":\"Person\",\"@id\":\"https:\\\/\\\/folhapopular.info\\\/#\\\/schema\\\/person\\\/2814e8a0df7643585a9ca38bc6eb9d4b\",\"name\":\"Reda\u00e7\u00e3o Folha Popular\",\"image\":{\"@type\":\"ImageObject\",\"inLanguage\":\"pt-BR\",\"@id\":\"https:\\\/\\\/folhapopular.info\\\/wp-content\\\/uploads\\\/2026\\\/04\\\/Folha-1.webp\",\"url\":\"https:\\\/\\\/folhapopular.info\\\/wp-content\\\/uploads\\\/2026\\\/04\\\/Folha-1.webp\",\"contentUrl\":\"https:\\\/\\\/folhapopular.info\\\/wp-content\\\/uploads\\\/2026\\\/04\\\/Folha-1.webp\",\"caption\":\"Reda\u00e7\u00e3o Folha Popular\"},\"url\":\"https:\\\/\\\/folhapopular.info\\\/index.php\\\/author\\\/redacao\\\/\"}]}<\/script>\n<!-- \/ Yoast SEO plugin. -->","yoast_head_json":{"title":"Segunda dose contra Covid-19 \u00e9 antecipada - Folha Popular","robots":{"index":"index","follow":"follow","max-snippet":"max-snippet:-1","max-image-preview":"max-image-preview:large","max-video-preview":"max-video-preview:-1"},"canonical":"https:\/\/folhapopular.info\/index.php\/2021\/07\/14\/segunda-dose-contra-covid-19-e-antecipada\/","og_locale":"pt_BR","og_type":"article","og_title":"Segunda dose contra Covid-19 \u00e9 antecipada - Folha Popular","og_description":"Dois casos suspeitos da variante Delta s\u00e3o investigados no Rio Grande do Sul. Para conter o avan\u00e7o da nova cepa da Covid-19, foi definida a antecipa\u00e7\u00e3o do intervalo entre as doses da vacina. O per\u00edodo que antes era de 12 semanas passa a ser de 10. Essa mudan\u00e7a vale para todos ga\u00fachos que receberam imunizante [&hellip;]","og_url":"https:\/\/folhapopular.info\/index.php\/2021\/07\/14\/segunda-dose-contra-covid-19-e-antecipada\/","og_site_name":"Folha Popular","article_published_time":"2021-07-14T19:30:06+00:00","article_modified_time":"2021-07-14T19:30:10+00:00","og_image":[{"width":300,"height":108,"url":"https:\/\/folhapopular.info\/wp-content\/uploads\/2021\/07\/GGGSSHG.png","type":"image\/png"}],"author":"Reda\u00e7\u00e3o Folha Popular","twitter_card":"summary_large_image","twitter_misc":{"Escrito por":"Reda\u00e7\u00e3o Folha Popular","Est. tempo de leitura":"2 minutos"},"schema":{"@context":"https:\/\/schema.org","@graph":[{"@type":"Article","@id":"https:\/\/folhapopular.info\/index.php\/2021\/07\/14\/segunda-dose-contra-covid-19-e-antecipada\/#article","isPartOf":{"@id":"https:\/\/folhapopular.info\/index.php\/2021\/07\/14\/segunda-dose-contra-covid-19-e-antecipada\/"},"author":{"name":"Reda\u00e7\u00e3o Folha Popular","@id":"https:\/\/folhapopular.info\/#\/schema\/person\/2814e8a0df7643585a9ca38bc6eb9d4b"},"headline":"Segunda dose contra Covid-19 \u00e9 antecipada","datePublished":"2021-07-14T19:30:06+00:00","dateModified":"2021-07-14T19:30:10+00:00","mainEntityOfPage":{"@id":"https:\/\/folhapopular.info\/index.php\/2021\/07\/14\/segunda-dose-contra-covid-19-e-antecipada\/"},"wordCount":282,"commentCount":0,"image":{"@id":"https:\/\/folhapopular.info\/index.php\/2021\/07\/14\/segunda-dose-contra-covid-19-e-antecipada\/#primaryimage"},"thumbnailUrl":"https:\/\/folhapopular.info\/wp-content\/uploads\/2021\/07\/GGGSSHG.png","keywords":["Covid-19","Rio Grande do Sul","Vacina\u00e7\u00e3o"],"articleSection":["Coronav\u00edrus","Destaques","Geral"],"inLanguage":"pt-BR","potentialAction":[{"@type":"CommentAction","name":"Comment","target":["https:\/\/folhapopular.info\/index.php\/2021\/07\/14\/segunda-dose-contra-covid-19-e-antecipada\/#respond"]}]},{"@type":"WebPage","@id":"https:\/\/folhapopular.info\/index.php\/2021\/07\/14\/segunda-dose-contra-covid-19-e-antecipada\/","url":"https:\/\/folhapopular.info\/index.php\/2021\/07\/14\/segunda-dose-contra-covid-19-e-antecipada\/","name":"Segunda dose contra Covid-19 \u00e9 antecipada - Folha Popular","isPartOf":{"@id":"https:\/\/folhapopular.info\/#website"},"primaryImageOfPage":{"@id":"https:\/\/folhapopular.info\/index.php\/2021\/07\/14\/segunda-dose-contra-covid-19-e-antecipada\/#primaryimage"},"image":{"@id":"https:\/\/folhapopular.info\/index.php\/2021\/07\/14\/segunda-dose-contra-covid-19-e-antecipada\/#primaryimage"},"thumbnailUrl":"https:\/\/folhapopular.info\/wp-content\/uploads\/2021\/07\/GGGSSHG.png","datePublished":"2021-07-14T19:30:06+00:00","dateModified":"2021-07-14T19:30:10+00:00","author":{"@id":"https:\/\/folhapopular.info\/#\/schema\/person\/2814e8a0df7643585a9ca38bc6eb9d4b"},"breadcrumb":{"@id":"https:\/\/folhapopular.info\/index.php\/2021\/07\/14\/segunda-dose-contra-covid-19-e-antecipada\/#breadcrumb"},"inLanguage":"pt-BR","potentialAction":[{"@type":"ReadAction","target":["https:\/\/folhapopular.info\/index.php\/2021\/07\/14\/segunda-dose-contra-covid-19-e-antecipada\/"]}]},{"@type":"ImageObject","inLanguage":"pt-BR","@id":"https:\/\/folhapopular.info\/index.php\/2021\/07\/14\/segunda-dose-contra-covid-19-e-antecipada\/#primaryimage","url":"https:\/\/folhapopular.info\/wp-content\/uploads\/2021\/07\/GGGSSHG.png","contentUrl":"https:\/\/folhapopular.info\/wp-content\/uploads\/2021\/07\/GGGSSHG.png","width":300,"height":108,"caption":"Cr\u00e9dito da foto: Grasieli Nabinger"},{"@type":"BreadcrumbList","@id":"https:\/\/folhapopular.info\/index.php\/2021\/07\/14\/segunda-dose-contra-covid-19-e-antecipada\/#breadcrumb","itemListElement":[{"@type":"ListItem","position":1,"name":"In\u00edcio","item":"https:\/\/folhapopular.info\/"},{"@type":"ListItem","position":2,"name":"Segunda dose contra Covid-19 \u00e9 antecipada"}]},{"@type":"WebSite","@id":"https:\/\/folhapopular.info\/#website","url":"https:\/\/folhapopular.info\/","name":"Folha Popular","description":"Onde voc\u00ea tem vez e voz","potentialAction":[{"@type":"SearchAction","target":{"@type":"EntryPoint","urlTemplate":"https:\/\/folhapopular.info\/?s={search_term_string}"},"query-input":{"@type":"PropertyValueSpecification","valueRequired":true,"valueName":"search_term_string"}}],"inLanguage":"pt-BR"},{"@type":"Person","@id":"https:\/\/folhapopular.info\/#\/schema\/person\/2814e8a0df7643585a9ca38bc6eb9d4b","name":"Reda\u00e7\u00e3o Folha Popular","image":{"@type":"ImageObject","inLanguage":"pt-BR","@id":"https:\/\/folhapopular.info\/wp-content\/uploads\/2026\/04\/Folha-1.webp","url":"https:\/\/folhapopular.info\/wp-content\/uploads\/2026\/04\/Folha-1.webp","contentUrl":"https:\/\/folhapopular.info\/wp-content\/uploads\/2026\/04\/Folha-1.webp","caption":"Reda\u00e7\u00e3o Folha Popular"},"url":"https:\/\/folhapopular.info\/index.php\/author\/redacao\/"}]}},"jetpack_featured_media_url":"https:\/\/folhapopular.info\/wp-content\/uploads\/2021\/07\/GGGSSHG.png","jetpack_sharing_enabled":true,"amp_enabled":true,"_links":{"self":[{"href":"https:\/\/folhapopular.info\/index.php\/wp-json\/wp\/v2\/posts\/86699","targetHints":{"allow":["GET"]}}],"collection":[{"href":"https:\/\/folhapopular.info\/index.php\/wp-json\/wp\/v2\/posts"}],"about":[{"href":"https:\/\/folhapopular.info\/index.php\/wp-json\/wp\/v2\/types\/post"}],"author":[{"embeddable":true,"href":"https:\/\/folhapopular.info\/index.php\/wp-json\/wp\/v2\/users\/8"}],"replies":[{"embeddable":true,"href":"https:\/\/folhapopular.info\/index.php\/wp-json\/wp\/v2\/comments?post=86699"}],"version-history":[{"count":0,"href":"https:\/\/folhapopular.info\/index.php\/wp-json\/wp\/v2\/posts\/86699\/revisions"}],"wp:featuredmedia":[{"embeddable":true,"href":"https:\/\/folhapopular.info\/index.php\/wp-json\/wp\/v2\/media\/86701"}],"wp:attachment":[{"href":"https:\/\/folhapopular.info\/index.php\/wp-json\/wp\/v2\/media?parent=86699"}],"wp:term":[{"taxonomy":"category","embeddable":true,"href":"https:\/\/folhapopular.info\/index.php\/wp-json\/wp\/v2\/categories?post=86699"},{"taxonomy":"post_tag","embeddable":true,"href":"https:\/\/folhapopular.info\/index.php\/wp-json\/wp\/v2\/tags?post=86699"}],"curies":[{"name":"wp","href":"https:\/\/api.w.org\/{rel}","templated":true}]}}