{"id":86714,"date":"2021-07-14T17:17:27","date_gmt":"2021-07-14T20:17:27","guid":{"rendered":"https:\/\/folhapopular.info\/?p=86714"},"modified":"2021-07-16T07:35:25","modified_gmt":"2021-07-16T10:35:25","slug":"assinada-convencao-coletiva-para-os-comerciarios","status":"publish","type":"post","link":"https:\/\/folhapopular.info\/index.php\/2021\/07\/14\/assinada-convencao-coletiva-para-os-comerciarios\/","title":{"rendered":"Assinada conven\u00e7\u00e3o coletiva para os comerci\u00e1rios"},"content":{"rendered":"\n<p>Com a conven\u00e7\u00e3o coletiva assinada para os trabalhadores do com\u00e9rcio varejista (lojas), o reajuste salarial ficou em 6,22% para todos os profissionais, por\u00e9m os novos valores e as diferen\u00e7as retroativas ser\u00e3o pagas em duas etapas.<\/p>\n\n\n\n<p>Para os empregados nos servi\u00e7os considerados essenciais os aumentos ficaram fixados em 5% em mar\u00e7o e 1,22% em setembro. J\u00e1 para quem trabalha nos estabelecimentos considerados n\u00e3o-essenciais, os aumentos ficaram em 3,11% em mar\u00e7o e de 3,11% em setembro. As diferen\u00e7as salariais referentes ao aumento de mar\u00e7o dever\u00e3o ser pagas junto ao sal\u00e1rio recebido em agosto.<\/p>\n\n\n\n<p>A medida \u00e9 v\u00e1lida para as cidades de Teut\u00f4nia, Bom Retiro do Sul, Colinas, Fazenda Vilanova, Imigrante e Westf\u00e1lia e o acordo vai at\u00e9 mar\u00e7o de 2022. Confira como ficam os sal\u00e1rios das diferentes categorias, estabelecidos pelo Decreto Estadual RS, n\u00ba 55.154, de 1\u00ba de abril de 2020.<\/p>\n\n\n\n<p><strong>S<\/strong><strong>al\u00e1rios m\u00ednimos profissionais<\/strong><\/p>\n\n\n\n<p><strong>&#8211; S<\/strong><strong>al\u00e1rio normativo <\/strong><strong>C<\/strong><strong>om\u00e9rcio essencial<\/strong><br>Vigoram de 1\u00ba de mar\u00e7o de 2021 a 31 de agosto de 2021 os seguintes sal\u00e1rios m\u00ednimos profissionais: empregados em geral &#8211; R$ 1.423,38; empregados comissionados &#8211; R$ 1.423,38; encarregado de servi\u00e7o de limpeza &#8211; R$ 1.372,35; &#8220;office-boy\u201d &#8211; R$ 1.097,25.<br>Vigoram de 1\u00ba de setembro de 2021 a 28 de fevereiro de 2022 os seguintes sal\u00e1rios m\u00ednimos profissionais: empregados em geral &#8211; R$ 1.439,82; empregados comissionados &#8211; R$ 1.439,82; encarregado de servi\u00e7o de limpeza &#8211; R$ 1.388,30; &#8220;office-boy\u201d &#8211; R$ 1.110,00.<br>&#8211; <strong>S<\/strong><strong>al\u00e1rios normativos Com\u00e9rcio n\u00e3o-essencial<\/strong><br>Vigoram de 1\u00ba de mar\u00e7o de 2021 a 31 de agosto de 2021 os seguintes sal\u00e1rios m\u00ednimos profissionais: empregados em Geral &#8211; R$ 1.397,76; empregados Comissionados &#8211; R$ 1.397,76; servi\u00e7os de limpeza &#8211; R$ 1.347,65; cont\u00ednuo (office boy) &#8211; R$ 1.077,50.<br>Vigoram de 1\u00ba de setembro de 2021 a 28 de fevereiro de 2022 os seguintes sal\u00e1rios m\u00ednimos profissionais: empregados em geral &#8211; R$ 1.439,82; empregados comissionados &#8211; R$ 1.439,82; encarregado de servi\u00e7o de limpeza &#8211; R$ 1.388,30; &#8220;office-boy\u201d &#8211; R$ 1.110,00.<\/p>\n\n\n\n<p><strong>Retifica\u00e7\u00e3o<\/strong><\/p>\n\n\n\n<p>Est\u00e1 incorreta a informa\u00e7\u00e3o do piso salarial de R$ 1.439,82 para o com\u00e9rcio de seis cidades da regi\u00e3o, noticiada na edi\u00e7\u00e3o impressa de quarta-feira (14\/7), a partir de dados repassados pelo Sindicomerci\u00e1rios.<\/p>\n\n\n\n<p>Como \u00e9 poss\u00edvel observar na explana\u00e7\u00e3o acima, o valor integra as novas faixas salariais, mas n\u00e3o \u00e9 padr\u00e3o, sendo necess\u00e1rio considerar o tipo de estabelecimento comercial e o per\u00edodo da vig\u00eancia. A Conven\u00e7\u00e3o Coletiva assinada entre o Sindilojas Vale do Taquari e o Sindicomerci\u00e1rios de Taquari estabelece reajustes em duas etapas e percentuais diferenciados para o com\u00e9rcio essencial e n\u00e3o-essencial. O primeiro \u00edndice \u00e9 retroativo a mar\u00e7o e vale at\u00e9 agosto; e o segundo vai de setembro a 28 de fevereiro de 2022, resultando em pisos profissionais distintos.<\/p>\n","protected":false},"excerpt":{"rendered":"<p>Com a conven\u00e7\u00e3o coletiva assinada para os trabalhadores do com\u00e9rcio varejista (lojas), o reajuste salarial ficou em 6,22% para todos os profissionais, por\u00e9m os novos valores e as diferen\u00e7as retroativas ser\u00e3o pagas em duas etapas. Para os empregados nos servi\u00e7os considerados essenciais os aumentos ficaram fixados em 5% em mar\u00e7o e 1,22% em setembro. J\u00e1 [&hellip;]<\/p>\n","protected":false},"author":8,"featured_media":70102,"comment_status":"open","ping_status":"open","sticky":false,"template":"","format":"standard","meta":{"pmpro_default_level":"","_jetpack_memberships_contains_paid_content":false,"footnotes":""},"categories":[2,3],"tags":[108,1500],"class_list":{"0":"post-86714","1":"post","2":"type-post","3":"status-publish","4":"format-standard","5":"has-post-thumbnail","7":"category-featured","8":"category-geral","9":"tag-comercio","10":"tag-convencao-coletiva","11":"pmpro-has-access"},"yoast_head":"<!-- This site is optimized with the Yoast SEO plugin v27.5 - https:\/\/yoast.com\/product\/yoast-seo-wordpress\/ -->\n<title>Assinada conven\u00e7\u00e3o coletiva para os comerci\u00e1rios - Folha Popular<\/title>\n<meta name=\"robots\" content=\"index, follow, max-snippet:-1, max-image-preview:large, max-video-preview:-1\" \/>\n<link rel=\"canonical\" href=\"https:\/\/folhapopular.info\/index.php\/2021\/07\/14\/assinada-convencao-coletiva-para-os-comerciarios\/\" \/>\n<meta property=\"og:locale\" content=\"pt_BR\" \/>\n<meta property=\"og:type\" content=\"article\" \/>\n<meta property=\"og:title\" content=\"Assinada conven\u00e7\u00e3o coletiva para os comerci\u00e1rios - Folha Popular\" \/>\n<meta property=\"og:description\" content=\"Com a conven\u00e7\u00e3o coletiva assinada para os trabalhadores do com\u00e9rcio varejista (lojas), o reajuste salarial ficou em 6,22% para todos os profissionais, por\u00e9m os novos valores e as diferen\u00e7as retroativas ser\u00e3o pagas em duas etapas. Para os empregados nos servi\u00e7os considerados essenciais os aumentos ficaram fixados em 5% em mar\u00e7o e 1,22% em setembro. J\u00e1 [&hellip;]\" \/>\n<meta property=\"og:url\" content=\"https:\/\/folhapopular.info\/index.php\/2021\/07\/14\/assinada-convencao-coletiva-para-os-comerciarios\/\" \/>\n<meta property=\"og:site_name\" content=\"Folha Popular\" \/>\n<meta property=\"article:published_time\" content=\"2021-07-14T20:17:27+00:00\" \/>\n<meta property=\"article:modified_time\" content=\"2021-07-16T10:35:25+00:00\" \/>\n<meta property=\"og:image\" content=\"https:\/\/folhapopular.info\/wp-content\/uploads\/2020\/06\/Decreto-flexibiliza-a-abertura-do-com\u00e9rcio-com-restri\u00e7\u00f5es-scaled-e1587060950971.jpg\" \/>\n\t<meta property=\"og:image:width\" content=\"800\" \/>\n\t<meta property=\"og:image:height\" content=\"533\" \/>\n\t<meta property=\"og:image:type\" content=\"image\/jpeg\" \/>\n<meta name=\"author\" content=\"Reda\u00e7\u00e3o Folha Popular\" \/>\n<meta name=\"twitter:card\" content=\"summary_large_image\" \/>\n<meta name=\"twitter:label1\" content=\"Escrito por\" \/>\n\t<meta name=\"twitter:data1\" content=\"Reda\u00e7\u00e3o Folha Popular\" \/>\n\t<meta name=\"twitter:label2\" content=\"Est. tempo de leitura\" \/>\n\t<meta name=\"twitter:data2\" content=\"2 minutos\" \/>\n<script type=\"application\/ld+json\" class=\"yoast-schema-graph\">{\"@context\":\"https:\\\/\\\/schema.org\",\"@graph\":[{\"@type\":\"Article\",\"@id\":\"https:\\\/\\\/folhapopular.info\\\/index.php\\\/2021\\\/07\\\/14\\\/assinada-convencao-coletiva-para-os-comerciarios\\\/#article\",\"isPartOf\":{\"@id\":\"https:\\\/\\\/folhapopular.info\\\/index.php\\\/2021\\\/07\\\/14\\\/assinada-convencao-coletiva-para-os-comerciarios\\\/\"},\"author\":{\"name\":\"Reda\u00e7\u00e3o Folha Popular\",\"@id\":\"https:\\\/\\\/folhapopular.info\\\/#\\\/schema\\\/person\\\/2814e8a0df7643585a9ca38bc6eb9d4b\"},\"headline\":\"Assinada conven\u00e7\u00e3o coletiva para os comerci\u00e1rios\",\"datePublished\":\"2021-07-14T20:17:27+00:00\",\"dateModified\":\"2021-07-16T10:35:25+00:00\",\"mainEntityOfPage\":{\"@id\":\"https:\\\/\\\/folhapopular.info\\\/index.php\\\/2021\\\/07\\\/14\\\/assinada-convencao-coletiva-para-os-comerciarios\\\/\"},\"wordCount\":458,\"commentCount\":0,\"image\":{\"@id\":\"https:\\\/\\\/folhapopular.info\\\/index.php\\\/2021\\\/07\\\/14\\\/assinada-convencao-coletiva-para-os-comerciarios\\\/#primaryimage\"},\"thumbnailUrl\":\"https:\\\/\\\/folhapopular.info\\\/wp-content\\\/uploads\\\/2020\\\/06\\\/Decreto-flexibiliza-a-abertura-do-com\u00e9rcio-com-restri\u00e7\u00f5es-scaled-e1587060950971.jpg\",\"keywords\":[\"Com\u00e9rcio\",\"Conven\u00e7\u00e3o Coletiva\"],\"articleSection\":[\"Destaques\",\"Geral\"],\"inLanguage\":\"pt-BR\",\"potentialAction\":[{\"@type\":\"CommentAction\",\"name\":\"Comment\",\"target\":[\"https:\\\/\\\/folhapopular.info\\\/index.php\\\/2021\\\/07\\\/14\\\/assinada-convencao-coletiva-para-os-comerciarios\\\/#respond\"]}]},{\"@type\":\"WebPage\",\"@id\":\"https:\\\/\\\/folhapopular.info\\\/index.php\\\/2021\\\/07\\\/14\\\/assinada-convencao-coletiva-para-os-comerciarios\\\/\",\"url\":\"https:\\\/\\\/folhapopular.info\\\/index.php\\\/2021\\\/07\\\/14\\\/assinada-convencao-coletiva-para-os-comerciarios\\\/\",\"name\":\"Assinada conven\u00e7\u00e3o coletiva para os comerci\u00e1rios - Folha Popular\",\"isPartOf\":{\"@id\":\"https:\\\/\\\/folhapopular.info\\\/#website\"},\"primaryImageOfPage\":{\"@id\":\"https:\\\/\\\/folhapopular.info\\\/index.php\\\/2021\\\/07\\\/14\\\/assinada-convencao-coletiva-para-os-comerciarios\\\/#primaryimage\"},\"image\":{\"@id\":\"https:\\\/\\\/folhapopular.info\\\/index.php\\\/2021\\\/07\\\/14\\\/assinada-convencao-coletiva-para-os-comerciarios\\\/#primaryimage\"},\"thumbnailUrl\":\"https:\\\/\\\/folhapopular.info\\\/wp-content\\\/uploads\\\/2020\\\/06\\\/Decreto-flexibiliza-a-abertura-do-com\u00e9rcio-com-restri\u00e7\u00f5es-scaled-e1587060950971.jpg\",\"datePublished\":\"2021-07-14T20:17:27+00:00\",\"dateModified\":\"2021-07-16T10:35:25+00:00\",\"author\":{\"@id\":\"https:\\\/\\\/folhapopular.info\\\/#\\\/schema\\\/person\\\/2814e8a0df7643585a9ca38bc6eb9d4b\"},\"breadcrumb\":{\"@id\":\"https:\\\/\\\/folhapopular.info\\\/index.php\\\/2021\\\/07\\\/14\\\/assinada-convencao-coletiva-para-os-comerciarios\\\/#breadcrumb\"},\"inLanguage\":\"pt-BR\",\"potentialAction\":[{\"@type\":\"ReadAction\",\"target\":[\"https:\\\/\\\/folhapopular.info\\\/index.php\\\/2021\\\/07\\\/14\\\/assinada-convencao-coletiva-para-os-comerciarios\\\/\"]}]},{\"@type\":\"ImageObject\",\"inLanguage\":\"pt-BR\",\"@id\":\"https:\\\/\\\/folhapopular.info\\\/index.php\\\/2021\\\/07\\\/14\\\/assinada-convencao-coletiva-para-os-comerciarios\\\/#primaryimage\",\"url\":\"https:\\\/\\\/folhapopular.info\\\/wp-content\\\/uploads\\\/2020\\\/06\\\/Decreto-flexibiliza-a-abertura-do-com\u00e9rcio-com-restri\u00e7\u00f5es-scaled-e1587060950971.jpg\",\"contentUrl\":\"https:\\\/\\\/folhapopular.info\\\/wp-content\\\/uploads\\\/2020\\\/06\\\/Decreto-flexibiliza-a-abertura-do-com\u00e9rcio-com-restri\u00e7\u00f5es-scaled-e1587060950971.jpg\",\"width\":800,\"height\":533,\"caption\":\"Cr\u00e9dito da foto: \u00c9dson Lu\u00eds Schaeffer \\\/ Arquivo FP\"},{\"@type\":\"BreadcrumbList\",\"@id\":\"https:\\\/\\\/folhapopular.info\\\/index.php\\\/2021\\\/07\\\/14\\\/assinada-convencao-coletiva-para-os-comerciarios\\\/#breadcrumb\",\"itemListElement\":[{\"@type\":\"ListItem\",\"position\":1,\"name\":\"In\u00edcio\",\"item\":\"https:\\\/\\\/folhapopular.info\\\/\"},{\"@type\":\"ListItem\",\"position\":2,\"name\":\"Assinada conven\u00e7\u00e3o coletiva para os comerci\u00e1rios\"}]},{\"@type\":\"WebSite\",\"@id\":\"https:\\\/\\\/folhapopular.info\\\/#website\",\"url\":\"https:\\\/\\\/folhapopular.info\\\/\",\"name\":\"Folha Popular\",\"description\":\"Onde voc\u00ea tem vez e voz\",\"potentialAction\":[{\"@type\":\"SearchAction\",\"target\":{\"@type\":\"EntryPoint\",\"urlTemplate\":\"https:\\\/\\\/folhapopular.info\\\/?s={search_term_string}\"},\"query-input\":{\"@type\":\"PropertyValueSpecification\",\"valueRequired\":true,\"valueName\":\"search_term_string\"}}],\"inLanguage\":\"pt-BR\"},{\"@type\":\"Person\",\"@id\":\"https:\\\/\\\/folhapopular.info\\\/#\\\/schema\\\/person\\\/2814e8a0df7643585a9ca38bc6eb9d4b\",\"name\":\"Reda\u00e7\u00e3o Folha Popular\",\"image\":{\"@type\":\"ImageObject\",\"inLanguage\":\"pt-BR\",\"@id\":\"https:\\\/\\\/folhapopular.info\\\/wp-content\\\/uploads\\\/2026\\\/04\\\/Folha-1.webp\",\"url\":\"https:\\\/\\\/folhapopular.info\\\/wp-content\\\/uploads\\\/2026\\\/04\\\/Folha-1.webp\",\"contentUrl\":\"https:\\\/\\\/folhapopular.info\\\/wp-content\\\/uploads\\\/2026\\\/04\\\/Folha-1.webp\",\"caption\":\"Reda\u00e7\u00e3o Folha Popular\"},\"url\":\"https:\\\/\\\/folhapopular.info\\\/index.php\\\/author\\\/redacao\\\/\"}]}<\/script>\n<!-- \/ Yoast SEO plugin. -->","yoast_head_json":{"title":"Assinada conven\u00e7\u00e3o coletiva para os comerci\u00e1rios - Folha Popular","robots":{"index":"index","follow":"follow","max-snippet":"max-snippet:-1","max-image-preview":"max-image-preview:large","max-video-preview":"max-video-preview:-1"},"canonical":"https:\/\/folhapopular.info\/index.php\/2021\/07\/14\/assinada-convencao-coletiva-para-os-comerciarios\/","og_locale":"pt_BR","og_type":"article","og_title":"Assinada conven\u00e7\u00e3o coletiva para os comerci\u00e1rios - Folha Popular","og_description":"Com a conven\u00e7\u00e3o coletiva assinada para os trabalhadores do com\u00e9rcio varejista (lojas), o reajuste salarial ficou em 6,22% para todos os profissionais, por\u00e9m os novos valores e as diferen\u00e7as retroativas ser\u00e3o pagas em duas etapas. Para os empregados nos servi\u00e7os considerados essenciais os aumentos ficaram fixados em 5% em mar\u00e7o e 1,22% em setembro. J\u00e1 [&hellip;]","og_url":"https:\/\/folhapopular.info\/index.php\/2021\/07\/14\/assinada-convencao-coletiva-para-os-comerciarios\/","og_site_name":"Folha Popular","article_published_time":"2021-07-14T20:17:27+00:00","article_modified_time":"2021-07-16T10:35:25+00:00","og_image":[{"width":800,"height":533,"url":"https:\/\/folhapopular.info\/wp-content\/uploads\/2020\/06\/Decreto-flexibiliza-a-abertura-do-com\u00e9rcio-com-restri\u00e7\u00f5es-scaled-e1587060950971.jpg","type":"image\/jpeg"}],"author":"Reda\u00e7\u00e3o Folha Popular","twitter_card":"summary_large_image","twitter_misc":{"Escrito por":"Reda\u00e7\u00e3o Folha Popular","Est. tempo de leitura":"2 minutos"},"schema":{"@context":"https:\/\/schema.org","@graph":[{"@type":"Article","@id":"https:\/\/folhapopular.info\/index.php\/2021\/07\/14\/assinada-convencao-coletiva-para-os-comerciarios\/#article","isPartOf":{"@id":"https:\/\/folhapopular.info\/index.php\/2021\/07\/14\/assinada-convencao-coletiva-para-os-comerciarios\/"},"author":{"name":"Reda\u00e7\u00e3o Folha Popular","@id":"https:\/\/folhapopular.info\/#\/schema\/person\/2814e8a0df7643585a9ca38bc6eb9d4b"},"headline":"Assinada conven\u00e7\u00e3o coletiva para os comerci\u00e1rios","datePublished":"2021-07-14T20:17:27+00:00","dateModified":"2021-07-16T10:35:25+00:00","mainEntityOfPage":{"@id":"https:\/\/folhapopular.info\/index.php\/2021\/07\/14\/assinada-convencao-coletiva-para-os-comerciarios\/"},"wordCount":458,"commentCount":0,"image":{"@id":"https:\/\/folhapopular.info\/index.php\/2021\/07\/14\/assinada-convencao-coletiva-para-os-comerciarios\/#primaryimage"},"thumbnailUrl":"https:\/\/folhapopular.info\/wp-content\/uploads\/2020\/06\/Decreto-flexibiliza-a-abertura-do-com\u00e9rcio-com-restri\u00e7\u00f5es-scaled-e1587060950971.jpg","keywords":["Com\u00e9rcio","Conven\u00e7\u00e3o Coletiva"],"articleSection":["Destaques","Geral"],"inLanguage":"pt-BR","potentialAction":[{"@type":"CommentAction","name":"Comment","target":["https:\/\/folhapopular.info\/index.php\/2021\/07\/14\/assinada-convencao-coletiva-para-os-comerciarios\/#respond"]}]},{"@type":"WebPage","@id":"https:\/\/folhapopular.info\/index.php\/2021\/07\/14\/assinada-convencao-coletiva-para-os-comerciarios\/","url":"https:\/\/folhapopular.info\/index.php\/2021\/07\/14\/assinada-convencao-coletiva-para-os-comerciarios\/","name":"Assinada conven\u00e7\u00e3o coletiva para os comerci\u00e1rios - Folha Popular","isPartOf":{"@id":"https:\/\/folhapopular.info\/#website"},"primaryImageOfPage":{"@id":"https:\/\/folhapopular.info\/index.php\/2021\/07\/14\/assinada-convencao-coletiva-para-os-comerciarios\/#primaryimage"},"image":{"@id":"https:\/\/folhapopular.info\/index.php\/2021\/07\/14\/assinada-convencao-coletiva-para-os-comerciarios\/#primaryimage"},"thumbnailUrl":"https:\/\/folhapopular.info\/wp-content\/uploads\/2020\/06\/Decreto-flexibiliza-a-abertura-do-com\u00e9rcio-com-restri\u00e7\u00f5es-scaled-e1587060950971.jpg","datePublished":"2021-07-14T20:17:27+00:00","dateModified":"2021-07-16T10:35:25+00:00","author":{"@id":"https:\/\/folhapopular.info\/#\/schema\/person\/2814e8a0df7643585a9ca38bc6eb9d4b"},"breadcrumb":{"@id":"https:\/\/folhapopular.info\/index.php\/2021\/07\/14\/assinada-convencao-coletiva-para-os-comerciarios\/#breadcrumb"},"inLanguage":"pt-BR","potentialAction":[{"@type":"ReadAction","target":["https:\/\/folhapopular.info\/index.php\/2021\/07\/14\/assinada-convencao-coletiva-para-os-comerciarios\/"]}]},{"@type":"ImageObject","inLanguage":"pt-BR","@id":"https:\/\/folhapopular.info\/index.php\/2021\/07\/14\/assinada-convencao-coletiva-para-os-comerciarios\/#primaryimage","url":"https:\/\/folhapopular.info\/wp-content\/uploads\/2020\/06\/Decreto-flexibiliza-a-abertura-do-com\u00e9rcio-com-restri\u00e7\u00f5es-scaled-e1587060950971.jpg","contentUrl":"https:\/\/folhapopular.info\/wp-content\/uploads\/2020\/06\/Decreto-flexibiliza-a-abertura-do-com\u00e9rcio-com-restri\u00e7\u00f5es-scaled-e1587060950971.jpg","width":800,"height":533,"caption":"Cr\u00e9dito da foto: \u00c9dson Lu\u00eds Schaeffer \/ Arquivo FP"},{"@type":"BreadcrumbList","@id":"https:\/\/folhapopular.info\/index.php\/2021\/07\/14\/assinada-convencao-coletiva-para-os-comerciarios\/#breadcrumb","itemListElement":[{"@type":"ListItem","position":1,"name":"In\u00edcio","item":"https:\/\/folhapopular.info\/"},{"@type":"ListItem","position":2,"name":"Assinada conven\u00e7\u00e3o coletiva para os comerci\u00e1rios"}]},{"@type":"WebSite","@id":"https:\/\/folhapopular.info\/#website","url":"https:\/\/folhapopular.info\/","name":"Folha Popular","description":"Onde voc\u00ea tem vez e voz","potentialAction":[{"@type":"SearchAction","target":{"@type":"EntryPoint","urlTemplate":"https:\/\/folhapopular.info\/?s={search_term_string}"},"query-input":{"@type":"PropertyValueSpecification","valueRequired":true,"valueName":"search_term_string"}}],"inLanguage":"pt-BR"},{"@type":"Person","@id":"https:\/\/folhapopular.info\/#\/schema\/person\/2814e8a0df7643585a9ca38bc6eb9d4b","name":"Reda\u00e7\u00e3o Folha Popular","image":{"@type":"ImageObject","inLanguage":"pt-BR","@id":"https:\/\/folhapopular.info\/wp-content\/uploads\/2026\/04\/Folha-1.webp","url":"https:\/\/folhapopular.info\/wp-content\/uploads\/2026\/04\/Folha-1.webp","contentUrl":"https:\/\/folhapopular.info\/wp-content\/uploads\/2026\/04\/Folha-1.webp","caption":"Reda\u00e7\u00e3o Folha Popular"},"url":"https:\/\/folhapopular.info\/index.php\/author\/redacao\/"}]}},"jetpack_featured_media_url":"https:\/\/folhapopular.info\/wp-content\/uploads\/2020\/06\/Decreto-flexibiliza-a-abertura-do-com\u00e9rcio-com-restri\u00e7\u00f5es-scaled-e1587060950971.jpg","jetpack_sharing_enabled":true,"amp_enabled":true,"_links":{"self":[{"href":"https:\/\/folhapopular.info\/index.php\/wp-json\/wp\/v2\/posts\/86714","targetHints":{"allow":["GET"]}}],"collection":[{"href":"https:\/\/folhapopular.info\/index.php\/wp-json\/wp\/v2\/posts"}],"about":[{"href":"https:\/\/folhapopular.info\/index.php\/wp-json\/wp\/v2\/types\/post"}],"author":[{"embeddable":true,"href":"https:\/\/folhapopular.info\/index.php\/wp-json\/wp\/v2\/users\/8"}],"replies":[{"embeddable":true,"href":"https:\/\/folhapopular.info\/index.php\/wp-json\/wp\/v2\/comments?post=86714"}],"version-history":[{"count":0,"href":"https:\/\/folhapopular.info\/index.php\/wp-json\/wp\/v2\/posts\/86714\/revisions"}],"wp:featuredmedia":[{"embeddable":true,"href":"https:\/\/folhapopular.info\/index.php\/wp-json\/wp\/v2\/media\/70102"}],"wp:attachment":[{"href":"https:\/\/folhapopular.info\/index.php\/wp-json\/wp\/v2\/media?parent=86714"}],"wp:term":[{"taxonomy":"category","embeddable":true,"href":"https:\/\/folhapopular.info\/index.php\/wp-json\/wp\/v2\/categories?post=86714"},{"taxonomy":"post_tag","embeddable":true,"href":"https:\/\/folhapopular.info\/index.php\/wp-json\/wp\/v2\/tags?post=86714"}],"curies":[{"name":"wp","href":"https:\/\/api.w.org\/{rel}","templated":true}]}}