{"id":86944,"date":"2021-07-20T17:32:46","date_gmt":"2021-07-20T20:32:46","guid":{"rendered":"https:\/\/folhapopular.info\/?p=86944"},"modified":"2021-07-20T17:33:34","modified_gmt":"2021-07-20T20:33:34","slug":"estado-distribui-vacinas-contra-a-covid-19-para-ampliar-faixa-etaria-e-imunizar-adolescentes-com-comorbidades","status":"publish","type":"post","link":"https:\/\/folhapopular.info\/index.php\/2021\/07\/20\/estado-distribui-vacinas-contra-a-covid-19-para-ampliar-faixa-etaria-e-imunizar-adolescentes-com-comorbidades\/","title":{"rendered":"Estado distribui vacinas contra a Covid-19 para imunizar adolescentes com comorbidades"},"content":{"rendered":"\n<p>Os munic\u00edpios poder\u00e3o come\u00e7ar a vacinar adolescentes de 12 a 17 anos com comorbidades, de acordo com defini\u00e7\u00e3o e organiza\u00e7\u00f5es locais, a partir dos pr\u00f3ximos dias, quando forem distribu\u00eddas as vacinas contra a Covid-19 da fabricante Pfizer. O Estado est\u00e1 recebendo, entre segunda (19\/7) e ter\u00e7a-feira (20\/7), 429.820 doses, entre elas AstraZeneca (283.100 doses), Pfizer (65.520 doses) e Coronavac (81.200 doses).<\/p>\n\n\n\n<p>A destina\u00e7\u00e3o dos imunizantes foi definida em reuni\u00e3o da Comiss\u00e3o Intergestores Bipartite (CIB), nesta ter\u00e7a-feira (20\/7). Elas ser\u00e3o utilizadas para avan\u00e7ar na vacina\u00e7\u00e3o por faixa et\u00e1ria e come\u00e7ar a vacina\u00e7\u00e3o dos adolescentes com comorbidades (exclusivamente com a vacina da Pfizer). Parte do lote de cada uma das fabricantes ficar\u00e1 reservada para a aplica\u00e7\u00e3o de segundas doses na Central Estadual de Armazenamento e Distribui\u00e7\u00e3o de Imunobiol\u00f3gicos (Ceadi), em Porto Alegre, at\u00e9 o momento mais oportuno.<\/p>\n\n\n\n<p>\u201cTemos muitos adolescentes que precisam ser protegidos. Quem tem comorbidade tem o direito de receber a vacina\u201d, falou a secret\u00e1ria da Sa\u00fade, Arita Bergmann. A diretora do Centro Estadual de Vigil\u00e2ncia em Sa\u00fade (Cevs), Cynthia Molina Bastos, explicou que \u201cdas pessoas que morreram para complica\u00e7\u00f5es da Covid-19 nesta faixa et\u00e1ria, 100% tinham alguma comorbidade, como obesidade, diabetes tipo 1, c\u00e2ncer ou doen\u00e7as autoimunes, por exemplo\u201d, destacou Cynthia. Existe libera\u00e7\u00e3o da Ag\u00eancia Nacional de Vigil\u00e2ncia Sanit\u00e1ria (Anvisa) para vacinar este grupo com a vacina da Pfizer.<\/p>\n\n\n\n<p><strong>Fronteira<\/strong><br><br>As doses das vacinas AstraZeneca e Coronavac que ser\u00e3o distribu\u00eddas nos pr\u00f3ximos dias n\u00e3o contemplar\u00e3o, nesta remessa, os 29 munic\u00edpios de fronteira que tiveram doses antecipadas na \u00faltima distribui\u00e7\u00e3o, na quinta-feira (15\/7). A estrat\u00e9gia do Minist\u00e9rio da Sa\u00fade teve o prop\u00f3sito de acelerar a campanha de vacina\u00e7\u00e3o nestes munic\u00edpios e evitar o ingresso de novas variantes da Covid-19 pela fronteira do Uruguai ou da Argentina. As Pfizer destinadas ao p\u00fablico adolescente com comorbidade ser\u00e3o distribu\u00eddas de maneira proporcional aos 497 munic\u00edpios.<\/p>\n","protected":false},"excerpt":{"rendered":"<p>Os munic\u00edpios poder\u00e3o come\u00e7ar a vacinar adolescentes de 12 a 17 anos com comorbidades, de acordo com defini\u00e7\u00e3o e organiza\u00e7\u00f5es locais, a partir dos pr\u00f3ximos dias, quando forem distribu\u00eddas as vacinas contra a Covid-19 da fabricante Pfizer. O Estado est\u00e1 recebendo, entre segunda (19\/7) e ter\u00e7a-feira (20\/7), 429.820 doses, entre elas AstraZeneca (283.100 doses), Pfizer [&hellip;]<\/p>\n","protected":false},"author":8,"featured_media":86947,"comment_status":"open","ping_status":"open","sticky":false,"template":"","format":"standard","meta":{"pmpro_default_level":"","_jetpack_memberships_contains_paid_content":false,"footnotes":""},"categories":[5756,2,3],"tags":[176,878,1794,143],"class_list":{"0":"post-86944","1":"post","2":"type-post","3":"status-publish","4":"format-standard","5":"has-post-thumbnail","7":"category-coronavirus","8":"category-featured","9":"category-geral","10":"tag-estado","11":"tag-governo-do-estado","12":"tag-rio-grande-do-sul","13":"tag-vacinas","14":"pmpro-has-access"},"yoast_head":"<!-- This site is optimized with the Yoast SEO plugin v27.5 - https:\/\/yoast.com\/product\/yoast-seo-wordpress\/ -->\n<title>Estado distribui vacinas contra a Covid-19 para imunizar adolescentes com comorbidades - Folha Popular<\/title>\n<meta name=\"robots\" content=\"index, follow, max-snippet:-1, max-image-preview:large, max-video-preview:-1\" \/>\n<link rel=\"canonical\" href=\"https:\/\/folhapopular.info\/index.php\/2021\/07\/20\/estado-distribui-vacinas-contra-a-covid-19-para-ampliar-faixa-etaria-e-imunizar-adolescentes-com-comorbidades\/\" \/>\n<meta property=\"og:locale\" content=\"pt_BR\" \/>\n<meta property=\"og:type\" content=\"article\" \/>\n<meta property=\"og:title\" content=\"Estado distribui vacinas contra a Covid-19 para imunizar adolescentes com comorbidades - Folha Popular\" \/>\n<meta property=\"og:description\" content=\"Os munic\u00edpios poder\u00e3o come\u00e7ar a vacinar adolescentes de 12 a 17 anos com comorbidades, de acordo com defini\u00e7\u00e3o e organiza\u00e7\u00f5es locais, a partir dos pr\u00f3ximos dias, quando forem distribu\u00eddas as vacinas contra a Covid-19 da fabricante Pfizer. O Estado est\u00e1 recebendo, entre segunda (19\/7) e ter\u00e7a-feira (20\/7), 429.820 doses, entre elas AstraZeneca (283.100 doses), Pfizer [&hellip;]\" \/>\n<meta property=\"og:url\" content=\"https:\/\/folhapopular.info\/index.php\/2021\/07\/20\/estado-distribui-vacinas-contra-a-covid-19-para-ampliar-faixa-etaria-e-imunizar-adolescentes-com-comorbidades\/\" \/>\n<meta property=\"og:site_name\" content=\"Folha Popular\" \/>\n<meta property=\"article:published_time\" content=\"2021-07-20T20:32:46+00:00\" \/>\n<meta property=\"article:modified_time\" content=\"2021-07-20T20:33:34+00:00\" \/>\n<meta property=\"og:image\" content=\"https:\/\/folhapopular.info\/wp-content\/uploads\/2021\/07\/15113230_194032_GD.jpg\" \/>\n\t<meta property=\"og:image:width\" content=\"800\" \/>\n\t<meta property=\"og:image:height\" content=\"450\" \/>\n\t<meta property=\"og:image:type\" content=\"image\/jpeg\" \/>\n<meta name=\"author\" content=\"Reda\u00e7\u00e3o Folha Popular\" \/>\n<meta name=\"twitter:card\" content=\"summary_large_image\" \/>\n<meta name=\"twitter:label1\" content=\"Escrito por\" \/>\n\t<meta name=\"twitter:data1\" content=\"Reda\u00e7\u00e3o Folha Popular\" \/>\n\t<meta name=\"twitter:label2\" content=\"Est. tempo de leitura\" \/>\n\t<meta name=\"twitter:data2\" content=\"2 minutos\" \/>\n<script type=\"application\/ld+json\" class=\"yoast-schema-graph\">{\"@context\":\"https:\\\/\\\/schema.org\",\"@graph\":[{\"@type\":\"Article\",\"@id\":\"https:\\\/\\\/folhapopular.info\\\/index.php\\\/2021\\\/07\\\/20\\\/estado-distribui-vacinas-contra-a-covid-19-para-ampliar-faixa-etaria-e-imunizar-adolescentes-com-comorbidades\\\/#article\",\"isPartOf\":{\"@id\":\"https:\\\/\\\/folhapopular.info\\\/index.php\\\/2021\\\/07\\\/20\\\/estado-distribui-vacinas-contra-a-covid-19-para-ampliar-faixa-etaria-e-imunizar-adolescentes-com-comorbidades\\\/\"},\"author\":{\"name\":\"Reda\u00e7\u00e3o Folha Popular\",\"@id\":\"https:\\\/\\\/folhapopular.info\\\/#\\\/schema\\\/person\\\/2814e8a0df7643585a9ca38bc6eb9d4b\"},\"headline\":\"Estado distribui vacinas contra a Covid-19 para imunizar adolescentes com comorbidades\",\"datePublished\":\"2021-07-20T20:32:46+00:00\",\"dateModified\":\"2021-07-20T20:33:34+00:00\",\"mainEntityOfPage\":{\"@id\":\"https:\\\/\\\/folhapopular.info\\\/index.php\\\/2021\\\/07\\\/20\\\/estado-distribui-vacinas-contra-a-covid-19-para-ampliar-faixa-etaria-e-imunizar-adolescentes-com-comorbidades\\\/\"},\"wordCount\":349,\"commentCount\":0,\"image\":{\"@id\":\"https:\\\/\\\/folhapopular.info\\\/index.php\\\/2021\\\/07\\\/20\\\/estado-distribui-vacinas-contra-a-covid-19-para-ampliar-faixa-etaria-e-imunizar-adolescentes-com-comorbidades\\\/#primaryimage\"},\"thumbnailUrl\":\"https:\\\/\\\/folhapopular.info\\\/wp-content\\\/uploads\\\/2021\\\/07\\\/15113230_194032_GD.jpg\",\"keywords\":[\"Estado\",\"Governo do Estado\",\"Rio Grande do Sul\",\"Vacinas\"],\"articleSection\":[\"Coronav\u00edrus\",\"Destaques\",\"Geral\"],\"inLanguage\":\"pt-BR\",\"potentialAction\":[{\"@type\":\"CommentAction\",\"name\":\"Comment\",\"target\":[\"https:\\\/\\\/folhapopular.info\\\/index.php\\\/2021\\\/07\\\/20\\\/estado-distribui-vacinas-contra-a-covid-19-para-ampliar-faixa-etaria-e-imunizar-adolescentes-com-comorbidades\\\/#respond\"]}]},{\"@type\":\"WebPage\",\"@id\":\"https:\\\/\\\/folhapopular.info\\\/index.php\\\/2021\\\/07\\\/20\\\/estado-distribui-vacinas-contra-a-covid-19-para-ampliar-faixa-etaria-e-imunizar-adolescentes-com-comorbidades\\\/\",\"url\":\"https:\\\/\\\/folhapopular.info\\\/index.php\\\/2021\\\/07\\\/20\\\/estado-distribui-vacinas-contra-a-covid-19-para-ampliar-faixa-etaria-e-imunizar-adolescentes-com-comorbidades\\\/\",\"name\":\"Estado distribui vacinas contra a Covid-19 para imunizar adolescentes com comorbidades - Folha Popular\",\"isPartOf\":{\"@id\":\"https:\\\/\\\/folhapopular.info\\\/#website\"},\"primaryImageOfPage\":{\"@id\":\"https:\\\/\\\/folhapopular.info\\\/index.php\\\/2021\\\/07\\\/20\\\/estado-distribui-vacinas-contra-a-covid-19-para-ampliar-faixa-etaria-e-imunizar-adolescentes-com-comorbidades\\\/#primaryimage\"},\"image\":{\"@id\":\"https:\\\/\\\/folhapopular.info\\\/index.php\\\/2021\\\/07\\\/20\\\/estado-distribui-vacinas-contra-a-covid-19-para-ampliar-faixa-etaria-e-imunizar-adolescentes-com-comorbidades\\\/#primaryimage\"},\"thumbnailUrl\":\"https:\\\/\\\/folhapopular.info\\\/wp-content\\\/uploads\\\/2021\\\/07\\\/15113230_194032_GD.jpg\",\"datePublished\":\"2021-07-20T20:32:46+00:00\",\"dateModified\":\"2021-07-20T20:33:34+00:00\",\"author\":{\"@id\":\"https:\\\/\\\/folhapopular.info\\\/#\\\/schema\\\/person\\\/2814e8a0df7643585a9ca38bc6eb9d4b\"},\"breadcrumb\":{\"@id\":\"https:\\\/\\\/folhapopular.info\\\/index.php\\\/2021\\\/07\\\/20\\\/estado-distribui-vacinas-contra-a-covid-19-para-ampliar-faixa-etaria-e-imunizar-adolescentes-com-comorbidades\\\/#breadcrumb\"},\"inLanguage\":\"pt-BR\",\"potentialAction\":[{\"@type\":\"ReadAction\",\"target\":[\"https:\\\/\\\/folhapopular.info\\\/index.php\\\/2021\\\/07\\\/20\\\/estado-distribui-vacinas-contra-a-covid-19-para-ampliar-faixa-etaria-e-imunizar-adolescentes-com-comorbidades\\\/\"]}]},{\"@type\":\"ImageObject\",\"inLanguage\":\"pt-BR\",\"@id\":\"https:\\\/\\\/folhapopular.info\\\/index.php\\\/2021\\\/07\\\/20\\\/estado-distribui-vacinas-contra-a-covid-19-para-ampliar-faixa-etaria-e-imunizar-adolescentes-com-comorbidades\\\/#primaryimage\",\"url\":\"https:\\\/\\\/folhapopular.info\\\/wp-content\\\/uploads\\\/2021\\\/07\\\/15113230_194032_GD.jpg\",\"contentUrl\":\"https:\\\/\\\/folhapopular.info\\\/wp-content\\\/uploads\\\/2021\\\/07\\\/15113230_194032_GD.jpg\",\"width\":800,\"height\":450,\"caption\":\"Cr\u00e9ditos da foto: Governo do Estado \\\/ Divulga\u00e7\u00e3o\"},{\"@type\":\"BreadcrumbList\",\"@id\":\"https:\\\/\\\/folhapopular.info\\\/index.php\\\/2021\\\/07\\\/20\\\/estado-distribui-vacinas-contra-a-covid-19-para-ampliar-faixa-etaria-e-imunizar-adolescentes-com-comorbidades\\\/#breadcrumb\",\"itemListElement\":[{\"@type\":\"ListItem\",\"position\":1,\"name\":\"In\u00edcio\",\"item\":\"https:\\\/\\\/folhapopular.info\\\/\"},{\"@type\":\"ListItem\",\"position\":2,\"name\":\"Estado distribui vacinas contra a Covid-19 para imunizar adolescentes com comorbidades\"}]},{\"@type\":\"WebSite\",\"@id\":\"https:\\\/\\\/folhapopular.info\\\/#website\",\"url\":\"https:\\\/\\\/folhapopular.info\\\/\",\"name\":\"Folha Popular\",\"description\":\"Onde voc\u00ea tem vez e voz\",\"potentialAction\":[{\"@type\":\"SearchAction\",\"target\":{\"@type\":\"EntryPoint\",\"urlTemplate\":\"https:\\\/\\\/folhapopular.info\\\/?s={search_term_string}\"},\"query-input\":{\"@type\":\"PropertyValueSpecification\",\"valueRequired\":true,\"valueName\":\"search_term_string\"}}],\"inLanguage\":\"pt-BR\"},{\"@type\":\"Person\",\"@id\":\"https:\\\/\\\/folhapopular.info\\\/#\\\/schema\\\/person\\\/2814e8a0df7643585a9ca38bc6eb9d4b\",\"name\":\"Reda\u00e7\u00e3o Folha Popular\",\"image\":{\"@type\":\"ImageObject\",\"inLanguage\":\"pt-BR\",\"@id\":\"https:\\\/\\\/folhapopular.info\\\/wp-content\\\/uploads\\\/2026\\\/04\\\/Folha-1.webp\",\"url\":\"https:\\\/\\\/folhapopular.info\\\/wp-content\\\/uploads\\\/2026\\\/04\\\/Folha-1.webp\",\"contentUrl\":\"https:\\\/\\\/folhapopular.info\\\/wp-content\\\/uploads\\\/2026\\\/04\\\/Folha-1.webp\",\"caption\":\"Reda\u00e7\u00e3o Folha Popular\"},\"url\":\"https:\\\/\\\/folhapopular.info\\\/index.php\\\/author\\\/redacao\\\/\"}]}<\/script>\n<!-- \/ Yoast SEO plugin. -->","yoast_head_json":{"title":"Estado distribui vacinas contra a Covid-19 para imunizar adolescentes com comorbidades - Folha Popular","robots":{"index":"index","follow":"follow","max-snippet":"max-snippet:-1","max-image-preview":"max-image-preview:large","max-video-preview":"max-video-preview:-1"},"canonical":"https:\/\/folhapopular.info\/index.php\/2021\/07\/20\/estado-distribui-vacinas-contra-a-covid-19-para-ampliar-faixa-etaria-e-imunizar-adolescentes-com-comorbidades\/","og_locale":"pt_BR","og_type":"article","og_title":"Estado distribui vacinas contra a Covid-19 para imunizar adolescentes com comorbidades - Folha Popular","og_description":"Os munic\u00edpios poder\u00e3o come\u00e7ar a vacinar adolescentes de 12 a 17 anos com comorbidades, de acordo com defini\u00e7\u00e3o e organiza\u00e7\u00f5es locais, a partir dos pr\u00f3ximos dias, quando forem distribu\u00eddas as vacinas contra a Covid-19 da fabricante Pfizer. O Estado est\u00e1 recebendo, entre segunda (19\/7) e ter\u00e7a-feira (20\/7), 429.820 doses, entre elas AstraZeneca (283.100 doses), Pfizer [&hellip;]","og_url":"https:\/\/folhapopular.info\/index.php\/2021\/07\/20\/estado-distribui-vacinas-contra-a-covid-19-para-ampliar-faixa-etaria-e-imunizar-adolescentes-com-comorbidades\/","og_site_name":"Folha Popular","article_published_time":"2021-07-20T20:32:46+00:00","article_modified_time":"2021-07-20T20:33:34+00:00","og_image":[{"width":800,"height":450,"url":"https:\/\/folhapopular.info\/wp-content\/uploads\/2021\/07\/15113230_194032_GD.jpg","type":"image\/jpeg"}],"author":"Reda\u00e7\u00e3o Folha Popular","twitter_card":"summary_large_image","twitter_misc":{"Escrito por":"Reda\u00e7\u00e3o Folha Popular","Est. tempo de leitura":"2 minutos"},"schema":{"@context":"https:\/\/schema.org","@graph":[{"@type":"Article","@id":"https:\/\/folhapopular.info\/index.php\/2021\/07\/20\/estado-distribui-vacinas-contra-a-covid-19-para-ampliar-faixa-etaria-e-imunizar-adolescentes-com-comorbidades\/#article","isPartOf":{"@id":"https:\/\/folhapopular.info\/index.php\/2021\/07\/20\/estado-distribui-vacinas-contra-a-covid-19-para-ampliar-faixa-etaria-e-imunizar-adolescentes-com-comorbidades\/"},"author":{"name":"Reda\u00e7\u00e3o Folha Popular","@id":"https:\/\/folhapopular.info\/#\/schema\/person\/2814e8a0df7643585a9ca38bc6eb9d4b"},"headline":"Estado distribui vacinas contra a Covid-19 para imunizar adolescentes com comorbidades","datePublished":"2021-07-20T20:32:46+00:00","dateModified":"2021-07-20T20:33:34+00:00","mainEntityOfPage":{"@id":"https:\/\/folhapopular.info\/index.php\/2021\/07\/20\/estado-distribui-vacinas-contra-a-covid-19-para-ampliar-faixa-etaria-e-imunizar-adolescentes-com-comorbidades\/"},"wordCount":349,"commentCount":0,"image":{"@id":"https:\/\/folhapopular.info\/index.php\/2021\/07\/20\/estado-distribui-vacinas-contra-a-covid-19-para-ampliar-faixa-etaria-e-imunizar-adolescentes-com-comorbidades\/#primaryimage"},"thumbnailUrl":"https:\/\/folhapopular.info\/wp-content\/uploads\/2021\/07\/15113230_194032_GD.jpg","keywords":["Estado","Governo do Estado","Rio Grande do Sul","Vacinas"],"articleSection":["Coronav\u00edrus","Destaques","Geral"],"inLanguage":"pt-BR","potentialAction":[{"@type":"CommentAction","name":"Comment","target":["https:\/\/folhapopular.info\/index.php\/2021\/07\/20\/estado-distribui-vacinas-contra-a-covid-19-para-ampliar-faixa-etaria-e-imunizar-adolescentes-com-comorbidades\/#respond"]}]},{"@type":"WebPage","@id":"https:\/\/folhapopular.info\/index.php\/2021\/07\/20\/estado-distribui-vacinas-contra-a-covid-19-para-ampliar-faixa-etaria-e-imunizar-adolescentes-com-comorbidades\/","url":"https:\/\/folhapopular.info\/index.php\/2021\/07\/20\/estado-distribui-vacinas-contra-a-covid-19-para-ampliar-faixa-etaria-e-imunizar-adolescentes-com-comorbidades\/","name":"Estado distribui vacinas contra a Covid-19 para imunizar adolescentes com comorbidades - Folha Popular","isPartOf":{"@id":"https:\/\/folhapopular.info\/#website"},"primaryImageOfPage":{"@id":"https:\/\/folhapopular.info\/index.php\/2021\/07\/20\/estado-distribui-vacinas-contra-a-covid-19-para-ampliar-faixa-etaria-e-imunizar-adolescentes-com-comorbidades\/#primaryimage"},"image":{"@id":"https:\/\/folhapopular.info\/index.php\/2021\/07\/20\/estado-distribui-vacinas-contra-a-covid-19-para-ampliar-faixa-etaria-e-imunizar-adolescentes-com-comorbidades\/#primaryimage"},"thumbnailUrl":"https:\/\/folhapopular.info\/wp-content\/uploads\/2021\/07\/15113230_194032_GD.jpg","datePublished":"2021-07-20T20:32:46+00:00","dateModified":"2021-07-20T20:33:34+00:00","author":{"@id":"https:\/\/folhapopular.info\/#\/schema\/person\/2814e8a0df7643585a9ca38bc6eb9d4b"},"breadcrumb":{"@id":"https:\/\/folhapopular.info\/index.php\/2021\/07\/20\/estado-distribui-vacinas-contra-a-covid-19-para-ampliar-faixa-etaria-e-imunizar-adolescentes-com-comorbidades\/#breadcrumb"},"inLanguage":"pt-BR","potentialAction":[{"@type":"ReadAction","target":["https:\/\/folhapopular.info\/index.php\/2021\/07\/20\/estado-distribui-vacinas-contra-a-covid-19-para-ampliar-faixa-etaria-e-imunizar-adolescentes-com-comorbidades\/"]}]},{"@type":"ImageObject","inLanguage":"pt-BR","@id":"https:\/\/folhapopular.info\/index.php\/2021\/07\/20\/estado-distribui-vacinas-contra-a-covid-19-para-ampliar-faixa-etaria-e-imunizar-adolescentes-com-comorbidades\/#primaryimage","url":"https:\/\/folhapopular.info\/wp-content\/uploads\/2021\/07\/15113230_194032_GD.jpg","contentUrl":"https:\/\/folhapopular.info\/wp-content\/uploads\/2021\/07\/15113230_194032_GD.jpg","width":800,"height":450,"caption":"Cr\u00e9ditos da foto: Governo do Estado \/ Divulga\u00e7\u00e3o"},{"@type":"BreadcrumbList","@id":"https:\/\/folhapopular.info\/index.php\/2021\/07\/20\/estado-distribui-vacinas-contra-a-covid-19-para-ampliar-faixa-etaria-e-imunizar-adolescentes-com-comorbidades\/#breadcrumb","itemListElement":[{"@type":"ListItem","position":1,"name":"In\u00edcio","item":"https:\/\/folhapopular.info\/"},{"@type":"ListItem","position":2,"name":"Estado distribui vacinas contra a Covid-19 para imunizar adolescentes com comorbidades"}]},{"@type":"WebSite","@id":"https:\/\/folhapopular.info\/#website","url":"https:\/\/folhapopular.info\/","name":"Folha Popular","description":"Onde voc\u00ea tem vez e voz","potentialAction":[{"@type":"SearchAction","target":{"@type":"EntryPoint","urlTemplate":"https:\/\/folhapopular.info\/?s={search_term_string}"},"query-input":{"@type":"PropertyValueSpecification","valueRequired":true,"valueName":"search_term_string"}}],"inLanguage":"pt-BR"},{"@type":"Person","@id":"https:\/\/folhapopular.info\/#\/schema\/person\/2814e8a0df7643585a9ca38bc6eb9d4b","name":"Reda\u00e7\u00e3o Folha Popular","image":{"@type":"ImageObject","inLanguage":"pt-BR","@id":"https:\/\/folhapopular.info\/wp-content\/uploads\/2026\/04\/Folha-1.webp","url":"https:\/\/folhapopular.info\/wp-content\/uploads\/2026\/04\/Folha-1.webp","contentUrl":"https:\/\/folhapopular.info\/wp-content\/uploads\/2026\/04\/Folha-1.webp","caption":"Reda\u00e7\u00e3o Folha Popular"},"url":"https:\/\/folhapopular.info\/index.php\/author\/redacao\/"}]}},"jetpack_featured_media_url":"https:\/\/folhapopular.info\/wp-content\/uploads\/2021\/07\/15113230_194032_GD.jpg","jetpack_sharing_enabled":true,"amp_enabled":true,"_links":{"self":[{"href":"https:\/\/folhapopular.info\/index.php\/wp-json\/wp\/v2\/posts\/86944","targetHints":{"allow":["GET"]}}],"collection":[{"href":"https:\/\/folhapopular.info\/index.php\/wp-json\/wp\/v2\/posts"}],"about":[{"href":"https:\/\/folhapopular.info\/index.php\/wp-json\/wp\/v2\/types\/post"}],"author":[{"embeddable":true,"href":"https:\/\/folhapopular.info\/index.php\/wp-json\/wp\/v2\/users\/8"}],"replies":[{"embeddable":true,"href":"https:\/\/folhapopular.info\/index.php\/wp-json\/wp\/v2\/comments?post=86944"}],"version-history":[{"count":0,"href":"https:\/\/folhapopular.info\/index.php\/wp-json\/wp\/v2\/posts\/86944\/revisions"}],"wp:featuredmedia":[{"embeddable":true,"href":"https:\/\/folhapopular.info\/index.php\/wp-json\/wp\/v2\/media\/86947"}],"wp:attachment":[{"href":"https:\/\/folhapopular.info\/index.php\/wp-json\/wp\/v2\/media?parent=86944"}],"wp:term":[{"taxonomy":"category","embeddable":true,"href":"https:\/\/folhapopular.info\/index.php\/wp-json\/wp\/v2\/categories?post=86944"},{"taxonomy":"post_tag","embeddable":true,"href":"https:\/\/folhapopular.info\/index.php\/wp-json\/wp\/v2\/tags?post=86944"}],"curies":[{"name":"wp","href":"https:\/\/api.w.org\/{rel}","templated":true}]}}