{"id":87061,"date":"2021-07-22T11:21:22","date_gmt":"2021-07-22T14:21:22","guid":{"rendered":"https:\/\/folhapopular.info\/?p=87061"},"modified":"2021-07-22T11:21:32","modified_gmt":"2021-07-22T14:21:32","slug":"certel-beneficia-bombeiros-voluntarios-e-liga-feminina-de-combate-ao-cancer-de-teutonia","status":"publish","type":"post","link":"https:\/\/folhapopular.info\/index.php\/2021\/07\/22\/certel-beneficia-bombeiros-voluntarios-e-liga-feminina-de-combate-ao-cancer-de-teutonia\/","title":{"rendered":"Certel beneficia Bombeiros Volunt\u00e1rios e Liga Feminina de Combate ao C\u00e2ncer de Teut\u00f4nia"},"content":{"rendered":"\n<p>Uma data para marcar a coopera\u00e7\u00e3o e amor ao pr\u00f3ximo. No dia 03 de julho, foi comemorado o Dia Internacional do Cooperativismo, que al\u00e9m da celebra\u00e7\u00e3o, \u00e9 momento de as cooperativas colocarem em pr\u00e1tica os valores e princ\u00edpios do cooperativismo. Atitudes que tamb\u00e9m est\u00e3o relacionadas ao \u201cDia C\u201d ou \u201cDia de Cooperar\u201d.<br><br>Auxiliando duas importantes entidades do munic\u00edpio de Teut\u00f4nia, os Bombeiros Volunt\u00e1rios e a Liga Feminina de Combate ao C\u00e2ncer, a cooperativa realizou a venda de cart\u00f5es para bandejas solid\u00e1rias. No total, foram 2.146 bandejas, vendidas pelos colaboradores da sede administrativa, ind\u00fastria de artefatos, Lojas Certel de Teut\u00f4nia e Westf\u00e1lia e do centro de distribui\u00e7\u00e3o. Foi arrecadado um montante de R$ 21.460,00, sendo que cada entidade recebeu R$ 10.730,00. A entrega foi realizada pelo presidente da Certel, Erineo Jos\u00e9 Hennemann, na tarde de ter\u00e7a-feira, (20\/7). O valor do investimento das bandejas, de R$10.300,00, foi custeado pela cooperativa.<\/p>\n\n\n\n<p><strong>Avalia\u00e7\u00f5es<\/strong><br><br>De acordo com o presidente do Corpo de Bombeiros Volunt\u00e1rios, Genir Pitan, a doa\u00e7\u00e3o ser\u00e1 muito \u00fatil para auxiliar na manuten\u00e7\u00e3o da corpora\u00e7\u00e3o, que assume uma import\u00e2ncia cada vez maior para Teut\u00f4nia e munic\u00edpios vizinhos. \u201cAgradecemos aos funcion\u00e1rios da Certel, bem como a toda comunidade que colaborou adquirindo as bandejinhas. Este recurso ter\u00e1 um aproveitamento muito bom, fortalecendo a presen\u00e7a dos bombeiros nesta microrregi\u00e3o. Vemos a cooperativa como uma grande aliada, pois sempre se preocupa e age em benef\u00edcio de suas comunidades\u201d, avalia.<br><\/p>\n\n\n\n<figure class=\"wp-block-image size-large is-resized\"><img loading=\"lazy\" decoding=\"async\" src=\"https:\/\/folhapopular.info\/wp-content\/uploads\/2021\/07\/WhatsApp-Image-2021-07-22-at-09.15.31-1024x678.jpeg\" alt=\"\" class=\"wp-image-87065\" width=\"655\" height=\"434\" srcset=\"https:\/\/folhapopular.info\/wp-content\/uploads\/2021\/07\/WhatsApp-Image-2021-07-22-at-09.15.31-1024x678.jpeg 1024w, https:\/\/folhapopular.info\/wp-content\/uploads\/2021\/07\/WhatsApp-Image-2021-07-22-at-09.15.31-300x199.jpeg 300w, https:\/\/folhapopular.info\/wp-content\/uploads\/2021\/07\/WhatsApp-Image-2021-07-22-at-09.15.31-768x508.jpeg 768w, https:\/\/folhapopular.info\/wp-content\/uploads\/2021\/07\/WhatsApp-Image-2021-07-22-at-09.15.31-696x461.jpeg 696w, https:\/\/folhapopular.info\/wp-content\/uploads\/2021\/07\/WhatsApp-Image-2021-07-22-at-09.15.31-1068x707.jpeg 1068w, https:\/\/folhapopular.info\/wp-content\/uploads\/2021\/07\/WhatsApp-Image-2021-07-22-at-09.15.31.jpeg 1280w\" sizes=\"auto, (max-width: 655px) 100vw, 655px\" \/><figcaption>Corpo de Bombeiros Volunt\u00e1rios tamb\u00e9m foi beneficiado \/ Cr\u00e9dito da foto: Samuel Dickel B\u00fcnecker \/ Divulga\u00e7\u00e3o<\/figcaption><\/figure>\n\n\n\n<p><br>Para a presidente da Liga Feminina de Combate ao C\u00e2ncer, Rejane Hinnah, o valor recebido refor\u00e7a a receita da entidade e permite \u00e0 mesma auxiliar os pacientes com medicamentos, suplementos alimentares e cestas b\u00e1sicas, entre outros. \u201cFicamos muito felizes e emocionadas com a doa\u00e7\u00e3o. Essas a\u00e7\u00f5es fortalecem nosso trabalho de apoio e ajuda \u00e0s pessoas com c\u00e2ncer e suas fam\u00edlias. Logo, o nosso agradecimento a todos que estenderam sua m\u00e3o neste bonito gesto de solidariedade\u201d, relata.<br><br>O presidente da Certel destaca que, durante todo o ano, a cooperativa realiza a\u00e7\u00f5es que beneficiam a sociedade, al\u00e9m de refor\u00e7ar a import\u00e2ncia da coopera\u00e7\u00e3o e aux\u00edlio \u00e0s entidades. \u201cFicamos muito felizes com o resultado da campanha alusiva ao Dia de Cooperar. \u00c9 o esp\u00edrito volunt\u00e1rio dessa grande fam\u00edlia Certel que fez toda a diferen\u00e7a. Essa \u00e9 a grande ess\u00eancia do cooperativismo. Nosso sincero agradecimento a todos que cooperaram em prol destas duas importantes entidades, que t\u00e3o bem cuidam das nossas comunidades\u201d, ressalta Hennemann.<br><\/p>\n\n\n\n<figure class=\"wp-block-image size-large\"><img loading=\"lazy\" decoding=\"async\" width=\"1024\" height=\"678\" src=\"https:\/\/folhapopular.info\/wp-content\/uploads\/2021\/07\/WhatsApp-Image-2021-07-22-at-09.15.30-1024x678.jpeg\" alt=\"\" class=\"wp-image-87064\" srcset=\"https:\/\/folhapopular.info\/wp-content\/uploads\/2021\/07\/WhatsApp-Image-2021-07-22-at-09.15.30-1024x678.jpeg 1024w, https:\/\/folhapopular.info\/wp-content\/uploads\/2021\/07\/WhatsApp-Image-2021-07-22-at-09.15.30-300x199.jpeg 300w, https:\/\/folhapopular.info\/wp-content\/uploads\/2021\/07\/WhatsApp-Image-2021-07-22-at-09.15.30-768x508.jpeg 768w, https:\/\/folhapopular.info\/wp-content\/uploads\/2021\/07\/WhatsApp-Image-2021-07-22-at-09.15.30-696x461.jpeg 696w, https:\/\/folhapopular.info\/wp-content\/uploads\/2021\/07\/WhatsApp-Image-2021-07-22-at-09.15.30-1068x707.jpeg 1068w, https:\/\/folhapopular.info\/wp-content\/uploads\/2021\/07\/WhatsApp-Image-2021-07-22-at-09.15.30.jpeg 1280w\" sizes=\"auto, (max-width: 1024px) 100vw, 1024px\" \/><figcaption>Entrega do cheque \u00e0 Liga de Combate ao C\u00e2ncer \/ Cr\u00e9dito da foto: Samuel Dickel B\u00fcnecker \/ Divulga\u00e7\u00e3o<\/figcaption><\/figure>\n\n\n\n<p><strong>Agasalho e alimento<\/strong><br><br>Ainda integrando a programa\u00e7\u00e3o do seu Dia C, a Certel segue cooperando com a Campanha do Agasalho e do Alimento promovida pelo Governo do Estado, que visa arrecadar roupas e alimentos n\u00e3o perec\u00edveis. As doa\u00e7\u00f5es podem ser realizadas durante todo inverno nas Lojas Certel e na sede administrativa da cooperativa, sendo que ser\u00e3o destinadas a fam\u00edlias em situa\u00e7\u00e3o de vulnerabilidade social dos respectivos munic\u00edpios.<\/p>\n","protected":false},"excerpt":{"rendered":"<p>Uma data para marcar a coopera\u00e7\u00e3o e amor ao pr\u00f3ximo. No dia 03 de julho, foi comemorado o Dia Internacional do Cooperativismo, que al\u00e9m da celebra\u00e7\u00e3o, \u00e9 momento de as cooperativas colocarem em pr\u00e1tica os valores e princ\u00edpios do cooperativismo. Atitudes que tamb\u00e9m est\u00e3o relacionadas ao \u201cDia C\u201d ou \u201cDia de Cooperar\u201d. Auxiliando duas importantes [&hellip;]<\/p>\n","protected":false},"author":8,"featured_media":87063,"comment_status":"open","ping_status":"open","sticky":false,"template":"","format":"standard","meta":{"pmpro_default_level":"","_jetpack_memberships_contains_paid_content":false,"footnotes":""},"categories":[2,3],"tags":[1372,2858,490,4808,26],"class_list":{"0":"post-87061","1":"post","2":"type-post","3":"status-publish","4":"format-standard","5":"has-post-thumbnail","7":"category-featured","8":"category-geral","9":"tag-bombeiros-voluntarios-de-teutonia","10":"tag-cooperativa-certel","11":"tag-liga-de-combate-ao-cancer","12":"tag-loja-certel","13":"tag-teutonia","14":"pmpro-has-access"},"yoast_head":"<!-- This site is optimized with the Yoast SEO plugin v27.5 - https:\/\/yoast.com\/product\/yoast-seo-wordpress\/ -->\n<title>Certel beneficia Bombeiros Volunt\u00e1rios e Liga Feminina de Combate ao C\u00e2ncer de Teut\u00f4nia - Folha Popular<\/title>\n<meta name=\"robots\" content=\"index, follow, max-snippet:-1, max-image-preview:large, max-video-preview:-1\" \/>\n<link rel=\"canonical\" href=\"https:\/\/folhapopular.info\/index.php\/2021\/07\/22\/certel-beneficia-bombeiros-voluntarios-e-liga-feminina-de-combate-ao-cancer-de-teutonia\/\" \/>\n<meta property=\"og:locale\" content=\"pt_BR\" \/>\n<meta property=\"og:type\" content=\"article\" \/>\n<meta property=\"og:title\" content=\"Certel beneficia Bombeiros Volunt\u00e1rios e Liga Feminina de Combate ao C\u00e2ncer de Teut\u00f4nia - Folha Popular\" \/>\n<meta property=\"og:description\" content=\"Uma data para marcar a coopera\u00e7\u00e3o e amor ao pr\u00f3ximo. No dia 03 de julho, foi comemorado o Dia Internacional do Cooperativismo, que al\u00e9m da celebra\u00e7\u00e3o, \u00e9 momento de as cooperativas colocarem em pr\u00e1tica os valores e princ\u00edpios do cooperativismo. Atitudes que tamb\u00e9m est\u00e3o relacionadas ao \u201cDia C\u201d ou \u201cDia de Cooperar\u201d. Auxiliando duas importantes [&hellip;]\" \/>\n<meta property=\"og:url\" content=\"https:\/\/folhapopular.info\/index.php\/2021\/07\/22\/certel-beneficia-bombeiros-voluntarios-e-liga-feminina-de-combate-ao-cancer-de-teutonia\/\" \/>\n<meta property=\"og:site_name\" content=\"Folha Popular\" \/>\n<meta property=\"article:published_time\" content=\"2021-07-22T14:21:22+00:00\" \/>\n<meta property=\"article:modified_time\" content=\"2021-07-22T14:21:32+00:00\" \/>\n<meta property=\"og:image\" content=\"https:\/\/folhapopular.info\/wp-content\/uploads\/2021\/07\/WhatsApp-Image-2021-07-22-at-09.15.28-1-e1626962056641.jpeg\" \/>\n\t<meta property=\"og:image:width\" content=\"800\" \/>\n\t<meta property=\"og:image:height\" content=\"465\" \/>\n\t<meta property=\"og:image:type\" content=\"image\/jpeg\" \/>\n<meta name=\"author\" content=\"Reda\u00e7\u00e3o Folha Popular\" \/>\n<meta name=\"twitter:card\" content=\"summary_large_image\" \/>\n<meta name=\"twitter:label1\" content=\"Escrito por\" \/>\n\t<meta name=\"twitter:data1\" content=\"Reda\u00e7\u00e3o Folha Popular\" \/>\n\t<meta name=\"twitter:label2\" content=\"Est. tempo de leitura\" \/>\n\t<meta name=\"twitter:data2\" content=\"3 minutos\" \/>\n<script type=\"application\/ld+json\" class=\"yoast-schema-graph\">{\"@context\":\"https:\\\/\\\/schema.org\",\"@graph\":[{\"@type\":\"Article\",\"@id\":\"https:\\\/\\\/folhapopular.info\\\/index.php\\\/2021\\\/07\\\/22\\\/certel-beneficia-bombeiros-voluntarios-e-liga-feminina-de-combate-ao-cancer-de-teutonia\\\/#article\",\"isPartOf\":{\"@id\":\"https:\\\/\\\/folhapopular.info\\\/index.php\\\/2021\\\/07\\\/22\\\/certel-beneficia-bombeiros-voluntarios-e-liga-feminina-de-combate-ao-cancer-de-teutonia\\\/\"},\"author\":{\"name\":\"Reda\u00e7\u00e3o Folha Popular\",\"@id\":\"https:\\\/\\\/folhapopular.info\\\/#\\\/schema\\\/person\\\/2814e8a0df7643585a9ca38bc6eb9d4b\"},\"headline\":\"Certel beneficia Bombeiros Volunt\u00e1rios e Liga Feminina de Combate ao C\u00e2ncer de Teut\u00f4nia\",\"datePublished\":\"2021-07-22T14:21:22+00:00\",\"dateModified\":\"2021-07-22T14:21:32+00:00\",\"mainEntityOfPage\":{\"@id\":\"https:\\\/\\\/folhapopular.info\\\/index.php\\\/2021\\\/07\\\/22\\\/certel-beneficia-bombeiros-voluntarios-e-liga-feminina-de-combate-ao-cancer-de-teutonia\\\/\"},\"wordCount\":563,\"commentCount\":0,\"image\":{\"@id\":\"https:\\\/\\\/folhapopular.info\\\/index.php\\\/2021\\\/07\\\/22\\\/certel-beneficia-bombeiros-voluntarios-e-liga-feminina-de-combate-ao-cancer-de-teutonia\\\/#primaryimage\"},\"thumbnailUrl\":\"https:\\\/\\\/folhapopular.info\\\/wp-content\\\/uploads\\\/2021\\\/07\\\/WhatsApp-Image-2021-07-22-at-09.15.28-1-e1626962056641.jpeg\",\"keywords\":[\"Bombeiros Volunt\u00e1rios de Teut\u00f4nia\",\"Cooperativa Certel\",\"Liga de Combate ao C\u00e2ncer\",\"Loja Certel\",\"Teut\u00f4nia\"],\"articleSection\":[\"Destaques\",\"Geral\"],\"inLanguage\":\"pt-BR\",\"potentialAction\":[{\"@type\":\"CommentAction\",\"name\":\"Comment\",\"target\":[\"https:\\\/\\\/folhapopular.info\\\/index.php\\\/2021\\\/07\\\/22\\\/certel-beneficia-bombeiros-voluntarios-e-liga-feminina-de-combate-ao-cancer-de-teutonia\\\/#respond\"]}]},{\"@type\":\"WebPage\",\"@id\":\"https:\\\/\\\/folhapopular.info\\\/index.php\\\/2021\\\/07\\\/22\\\/certel-beneficia-bombeiros-voluntarios-e-liga-feminina-de-combate-ao-cancer-de-teutonia\\\/\",\"url\":\"https:\\\/\\\/folhapopular.info\\\/index.php\\\/2021\\\/07\\\/22\\\/certel-beneficia-bombeiros-voluntarios-e-liga-feminina-de-combate-ao-cancer-de-teutonia\\\/\",\"name\":\"Certel beneficia Bombeiros Volunt\u00e1rios e Liga Feminina de Combate ao C\u00e2ncer de Teut\u00f4nia - Folha Popular\",\"isPartOf\":{\"@id\":\"https:\\\/\\\/folhapopular.info\\\/#website\"},\"primaryImageOfPage\":{\"@id\":\"https:\\\/\\\/folhapopular.info\\\/index.php\\\/2021\\\/07\\\/22\\\/certel-beneficia-bombeiros-voluntarios-e-liga-feminina-de-combate-ao-cancer-de-teutonia\\\/#primaryimage\"},\"image\":{\"@id\":\"https:\\\/\\\/folhapopular.info\\\/index.php\\\/2021\\\/07\\\/22\\\/certel-beneficia-bombeiros-voluntarios-e-liga-feminina-de-combate-ao-cancer-de-teutonia\\\/#primaryimage\"},\"thumbnailUrl\":\"https:\\\/\\\/folhapopular.info\\\/wp-content\\\/uploads\\\/2021\\\/07\\\/WhatsApp-Image-2021-07-22-at-09.15.28-1-e1626962056641.jpeg\",\"datePublished\":\"2021-07-22T14:21:22+00:00\",\"dateModified\":\"2021-07-22T14:21:32+00:00\",\"author\":{\"@id\":\"https:\\\/\\\/folhapopular.info\\\/#\\\/schema\\\/person\\\/2814e8a0df7643585a9ca38bc6eb9d4b\"},\"breadcrumb\":{\"@id\":\"https:\\\/\\\/folhapopular.info\\\/index.php\\\/2021\\\/07\\\/22\\\/certel-beneficia-bombeiros-voluntarios-e-liga-feminina-de-combate-ao-cancer-de-teutonia\\\/#breadcrumb\"},\"inLanguage\":\"pt-BR\",\"potentialAction\":[{\"@type\":\"ReadAction\",\"target\":[\"https:\\\/\\\/folhapopular.info\\\/index.php\\\/2021\\\/07\\\/22\\\/certel-beneficia-bombeiros-voluntarios-e-liga-feminina-de-combate-ao-cancer-de-teutonia\\\/\"]}]},{\"@type\":\"ImageObject\",\"inLanguage\":\"pt-BR\",\"@id\":\"https:\\\/\\\/folhapopular.info\\\/index.php\\\/2021\\\/07\\\/22\\\/certel-beneficia-bombeiros-voluntarios-e-liga-feminina-de-combate-ao-cancer-de-teutonia\\\/#primaryimage\",\"url\":\"https:\\\/\\\/folhapopular.info\\\/wp-content\\\/uploads\\\/2021\\\/07\\\/WhatsApp-Image-2021-07-22-at-09.15.28-1-e1626962056641.jpeg\",\"contentUrl\":\"https:\\\/\\\/folhapopular.info\\\/wp-content\\\/uploads\\\/2021\\\/07\\\/WhatsApp-Image-2021-07-22-at-09.15.28-1-e1626962056641.jpeg\",\"width\":800,\"height\":465,\"caption\":\"A\u00e7\u00e3o comercializou 2.146 bandejas de doces e salgados \\\/ Cr\u00e9dito da foto: Juliana Brand\u00e3o Brune \\\/ Divulga\u00e7\u00e3o\"},{\"@type\":\"BreadcrumbList\",\"@id\":\"https:\\\/\\\/folhapopular.info\\\/index.php\\\/2021\\\/07\\\/22\\\/certel-beneficia-bombeiros-voluntarios-e-liga-feminina-de-combate-ao-cancer-de-teutonia\\\/#breadcrumb\",\"itemListElement\":[{\"@type\":\"ListItem\",\"position\":1,\"name\":\"In\u00edcio\",\"item\":\"https:\\\/\\\/folhapopular.info\\\/\"},{\"@type\":\"ListItem\",\"position\":2,\"name\":\"Certel beneficia Bombeiros Volunt\u00e1rios e Liga Feminina de Combate ao C\u00e2ncer de Teut\u00f4nia\"}]},{\"@type\":\"WebSite\",\"@id\":\"https:\\\/\\\/folhapopular.info\\\/#website\",\"url\":\"https:\\\/\\\/folhapopular.info\\\/\",\"name\":\"Folha Popular\",\"description\":\"Onde voc\u00ea tem vez e voz\",\"potentialAction\":[{\"@type\":\"SearchAction\",\"target\":{\"@type\":\"EntryPoint\",\"urlTemplate\":\"https:\\\/\\\/folhapopular.info\\\/?s={search_term_string}\"},\"query-input\":{\"@type\":\"PropertyValueSpecification\",\"valueRequired\":true,\"valueName\":\"search_term_string\"}}],\"inLanguage\":\"pt-BR\"},{\"@type\":\"Person\",\"@id\":\"https:\\\/\\\/folhapopular.info\\\/#\\\/schema\\\/person\\\/2814e8a0df7643585a9ca38bc6eb9d4b\",\"name\":\"Reda\u00e7\u00e3o Folha Popular\",\"image\":{\"@type\":\"ImageObject\",\"inLanguage\":\"pt-BR\",\"@id\":\"https:\\\/\\\/folhapopular.info\\\/wp-content\\\/uploads\\\/2026\\\/04\\\/Folha-1.webp\",\"url\":\"https:\\\/\\\/folhapopular.info\\\/wp-content\\\/uploads\\\/2026\\\/04\\\/Folha-1.webp\",\"contentUrl\":\"https:\\\/\\\/folhapopular.info\\\/wp-content\\\/uploads\\\/2026\\\/04\\\/Folha-1.webp\",\"caption\":\"Reda\u00e7\u00e3o Folha Popular\"},\"url\":\"https:\\\/\\\/folhapopular.info\\\/index.php\\\/author\\\/redacao\\\/\"}]}<\/script>\n<!-- \/ Yoast SEO plugin. -->","yoast_head_json":{"title":"Certel beneficia Bombeiros Volunt\u00e1rios e Liga Feminina de Combate ao C\u00e2ncer de Teut\u00f4nia - Folha Popular","robots":{"index":"index","follow":"follow","max-snippet":"max-snippet:-1","max-image-preview":"max-image-preview:large","max-video-preview":"max-video-preview:-1"},"canonical":"https:\/\/folhapopular.info\/index.php\/2021\/07\/22\/certel-beneficia-bombeiros-voluntarios-e-liga-feminina-de-combate-ao-cancer-de-teutonia\/","og_locale":"pt_BR","og_type":"article","og_title":"Certel beneficia Bombeiros Volunt\u00e1rios e Liga Feminina de Combate ao C\u00e2ncer de Teut\u00f4nia - Folha Popular","og_description":"Uma data para marcar a coopera\u00e7\u00e3o e amor ao pr\u00f3ximo. No dia 03 de julho, foi comemorado o Dia Internacional do Cooperativismo, que al\u00e9m da celebra\u00e7\u00e3o, \u00e9 momento de as cooperativas colocarem em pr\u00e1tica os valores e princ\u00edpios do cooperativismo. Atitudes que tamb\u00e9m est\u00e3o relacionadas ao \u201cDia C\u201d ou \u201cDia de Cooperar\u201d. Auxiliando duas importantes [&hellip;]","og_url":"https:\/\/folhapopular.info\/index.php\/2021\/07\/22\/certel-beneficia-bombeiros-voluntarios-e-liga-feminina-de-combate-ao-cancer-de-teutonia\/","og_site_name":"Folha Popular","article_published_time":"2021-07-22T14:21:22+00:00","article_modified_time":"2021-07-22T14:21:32+00:00","og_image":[{"width":800,"height":465,"url":"https:\/\/folhapopular.info\/wp-content\/uploads\/2021\/07\/WhatsApp-Image-2021-07-22-at-09.15.28-1-e1626962056641.jpeg","type":"image\/jpeg"}],"author":"Reda\u00e7\u00e3o Folha Popular","twitter_card":"summary_large_image","twitter_misc":{"Escrito por":"Reda\u00e7\u00e3o Folha Popular","Est. tempo de leitura":"3 minutos"},"schema":{"@context":"https:\/\/schema.org","@graph":[{"@type":"Article","@id":"https:\/\/folhapopular.info\/index.php\/2021\/07\/22\/certel-beneficia-bombeiros-voluntarios-e-liga-feminina-de-combate-ao-cancer-de-teutonia\/#article","isPartOf":{"@id":"https:\/\/folhapopular.info\/index.php\/2021\/07\/22\/certel-beneficia-bombeiros-voluntarios-e-liga-feminina-de-combate-ao-cancer-de-teutonia\/"},"author":{"name":"Reda\u00e7\u00e3o Folha Popular","@id":"https:\/\/folhapopular.info\/#\/schema\/person\/2814e8a0df7643585a9ca38bc6eb9d4b"},"headline":"Certel beneficia Bombeiros Volunt\u00e1rios e Liga Feminina de Combate ao C\u00e2ncer de Teut\u00f4nia","datePublished":"2021-07-22T14:21:22+00:00","dateModified":"2021-07-22T14:21:32+00:00","mainEntityOfPage":{"@id":"https:\/\/folhapopular.info\/index.php\/2021\/07\/22\/certel-beneficia-bombeiros-voluntarios-e-liga-feminina-de-combate-ao-cancer-de-teutonia\/"},"wordCount":563,"commentCount":0,"image":{"@id":"https:\/\/folhapopular.info\/index.php\/2021\/07\/22\/certel-beneficia-bombeiros-voluntarios-e-liga-feminina-de-combate-ao-cancer-de-teutonia\/#primaryimage"},"thumbnailUrl":"https:\/\/folhapopular.info\/wp-content\/uploads\/2021\/07\/WhatsApp-Image-2021-07-22-at-09.15.28-1-e1626962056641.jpeg","keywords":["Bombeiros Volunt\u00e1rios de Teut\u00f4nia","Cooperativa Certel","Liga de Combate ao C\u00e2ncer","Loja Certel","Teut\u00f4nia"],"articleSection":["Destaques","Geral"],"inLanguage":"pt-BR","potentialAction":[{"@type":"CommentAction","name":"Comment","target":["https:\/\/folhapopular.info\/index.php\/2021\/07\/22\/certel-beneficia-bombeiros-voluntarios-e-liga-feminina-de-combate-ao-cancer-de-teutonia\/#respond"]}]},{"@type":"WebPage","@id":"https:\/\/folhapopular.info\/index.php\/2021\/07\/22\/certel-beneficia-bombeiros-voluntarios-e-liga-feminina-de-combate-ao-cancer-de-teutonia\/","url":"https:\/\/folhapopular.info\/index.php\/2021\/07\/22\/certel-beneficia-bombeiros-voluntarios-e-liga-feminina-de-combate-ao-cancer-de-teutonia\/","name":"Certel beneficia Bombeiros Volunt\u00e1rios e Liga Feminina de Combate ao C\u00e2ncer de Teut\u00f4nia - Folha Popular","isPartOf":{"@id":"https:\/\/folhapopular.info\/#website"},"primaryImageOfPage":{"@id":"https:\/\/folhapopular.info\/index.php\/2021\/07\/22\/certel-beneficia-bombeiros-voluntarios-e-liga-feminina-de-combate-ao-cancer-de-teutonia\/#primaryimage"},"image":{"@id":"https:\/\/folhapopular.info\/index.php\/2021\/07\/22\/certel-beneficia-bombeiros-voluntarios-e-liga-feminina-de-combate-ao-cancer-de-teutonia\/#primaryimage"},"thumbnailUrl":"https:\/\/folhapopular.info\/wp-content\/uploads\/2021\/07\/WhatsApp-Image-2021-07-22-at-09.15.28-1-e1626962056641.jpeg","datePublished":"2021-07-22T14:21:22+00:00","dateModified":"2021-07-22T14:21:32+00:00","author":{"@id":"https:\/\/folhapopular.info\/#\/schema\/person\/2814e8a0df7643585a9ca38bc6eb9d4b"},"breadcrumb":{"@id":"https:\/\/folhapopular.info\/index.php\/2021\/07\/22\/certel-beneficia-bombeiros-voluntarios-e-liga-feminina-de-combate-ao-cancer-de-teutonia\/#breadcrumb"},"inLanguage":"pt-BR","potentialAction":[{"@type":"ReadAction","target":["https:\/\/folhapopular.info\/index.php\/2021\/07\/22\/certel-beneficia-bombeiros-voluntarios-e-liga-feminina-de-combate-ao-cancer-de-teutonia\/"]}]},{"@type":"ImageObject","inLanguage":"pt-BR","@id":"https:\/\/folhapopular.info\/index.php\/2021\/07\/22\/certel-beneficia-bombeiros-voluntarios-e-liga-feminina-de-combate-ao-cancer-de-teutonia\/#primaryimage","url":"https:\/\/folhapopular.info\/wp-content\/uploads\/2021\/07\/WhatsApp-Image-2021-07-22-at-09.15.28-1-e1626962056641.jpeg","contentUrl":"https:\/\/folhapopular.info\/wp-content\/uploads\/2021\/07\/WhatsApp-Image-2021-07-22-at-09.15.28-1-e1626962056641.jpeg","width":800,"height":465,"caption":"A\u00e7\u00e3o comercializou 2.146 bandejas de doces e salgados \/ Cr\u00e9dito da foto: Juliana Brand\u00e3o Brune \/ Divulga\u00e7\u00e3o"},{"@type":"BreadcrumbList","@id":"https:\/\/folhapopular.info\/index.php\/2021\/07\/22\/certel-beneficia-bombeiros-voluntarios-e-liga-feminina-de-combate-ao-cancer-de-teutonia\/#breadcrumb","itemListElement":[{"@type":"ListItem","position":1,"name":"In\u00edcio","item":"https:\/\/folhapopular.info\/"},{"@type":"ListItem","position":2,"name":"Certel beneficia Bombeiros Volunt\u00e1rios e Liga Feminina de Combate ao C\u00e2ncer de Teut\u00f4nia"}]},{"@type":"WebSite","@id":"https:\/\/folhapopular.info\/#website","url":"https:\/\/folhapopular.info\/","name":"Folha Popular","description":"Onde voc\u00ea tem vez e voz","potentialAction":[{"@type":"SearchAction","target":{"@type":"EntryPoint","urlTemplate":"https:\/\/folhapopular.info\/?s={search_term_string}"},"query-input":{"@type":"PropertyValueSpecification","valueRequired":true,"valueName":"search_term_string"}}],"inLanguage":"pt-BR"},{"@type":"Person","@id":"https:\/\/folhapopular.info\/#\/schema\/person\/2814e8a0df7643585a9ca38bc6eb9d4b","name":"Reda\u00e7\u00e3o Folha Popular","image":{"@type":"ImageObject","inLanguage":"pt-BR","@id":"https:\/\/folhapopular.info\/wp-content\/uploads\/2026\/04\/Folha-1.webp","url":"https:\/\/folhapopular.info\/wp-content\/uploads\/2026\/04\/Folha-1.webp","contentUrl":"https:\/\/folhapopular.info\/wp-content\/uploads\/2026\/04\/Folha-1.webp","caption":"Reda\u00e7\u00e3o Folha Popular"},"url":"https:\/\/folhapopular.info\/index.php\/author\/redacao\/"}]}},"jetpack_featured_media_url":"https:\/\/folhapopular.info\/wp-content\/uploads\/2021\/07\/WhatsApp-Image-2021-07-22-at-09.15.28-1-e1626962056641.jpeg","jetpack_sharing_enabled":true,"amp_enabled":true,"_links":{"self":[{"href":"https:\/\/folhapopular.info\/index.php\/wp-json\/wp\/v2\/posts\/87061","targetHints":{"allow":["GET"]}}],"collection":[{"href":"https:\/\/folhapopular.info\/index.php\/wp-json\/wp\/v2\/posts"}],"about":[{"href":"https:\/\/folhapopular.info\/index.php\/wp-json\/wp\/v2\/types\/post"}],"author":[{"embeddable":true,"href":"https:\/\/folhapopular.info\/index.php\/wp-json\/wp\/v2\/users\/8"}],"replies":[{"embeddable":true,"href":"https:\/\/folhapopular.info\/index.php\/wp-json\/wp\/v2\/comments?post=87061"}],"version-history":[{"count":0,"href":"https:\/\/folhapopular.info\/index.php\/wp-json\/wp\/v2\/posts\/87061\/revisions"}],"wp:featuredmedia":[{"embeddable":true,"href":"https:\/\/folhapopular.info\/index.php\/wp-json\/wp\/v2\/media\/87063"}],"wp:attachment":[{"href":"https:\/\/folhapopular.info\/index.php\/wp-json\/wp\/v2\/media?parent=87061"}],"wp:term":[{"taxonomy":"category","embeddable":true,"href":"https:\/\/folhapopular.info\/index.php\/wp-json\/wp\/v2\/categories?post=87061"},{"taxonomy":"post_tag","embeddable":true,"href":"https:\/\/folhapopular.info\/index.php\/wp-json\/wp\/v2\/tags?post=87061"}],"curies":[{"name":"wp","href":"https:\/\/api.w.org\/{rel}","templated":true}]}}