{"id":87136,"date":"2021-07-24T10:49:09","date_gmt":"2021-07-24T13:49:09","guid":{"rendered":"https:\/\/folhapopular.info\/?p=87136"},"modified":"2021-07-24T10:49:49","modified_gmt":"2021-07-24T13:49:49","slug":"realizada-a-10a-conferencia-municipal-da-assistencia-social-em-fazenda-vilanova","status":"publish","type":"post","link":"https:\/\/folhapopular.info\/index.php\/2021\/07\/24\/realizada-a-10a-conferencia-municipal-da-assistencia-social-em-fazenda-vilanova\/","title":{"rendered":"Realizada a 10\u00aa Confer\u00eancia Municipal da Assist\u00eancia Social em Fazenda Vilanova"},"content":{"rendered":"\n<p>O Conselho Municipal da Assist\u00eancia Social (CMAS) de Fazenda Vilanova realizou na ter\u00e7a-feira (20\/7), a 10\u00aa Confer\u00eancia Municipal da Assist\u00eancia Social. A atividade transcorreu no audit\u00f3rio \u00c1guia Azul, da prefeitura, seguindo os protocolos sanit\u00e1rios. O tema central foi a &#8220;Assist\u00eancia Social: direito do povo e dever do Estado, com financiamento p\u00fablico, para enfrentar as desigualdades e garantir a prote\u00e7\u00e3o social\u201d.<\/p>\n\n\n\n<p>O objetivo foi fazer uma avalia\u00e7\u00e3o da pol\u00edtica da assist\u00eancia social e a defini\u00e7\u00e3o de diretrizes para o aprimoramento do Sistema \u00danico da Assist\u00eancia Social (SUAS). Na parte da manh\u00e3 aconteceu a pr\u00e9-confer\u00eancia, quando foram trabalhados cinco eixos para defini\u00e7\u00e3o da tem\u00e1tica.<br><br>O prefeito Amarildo Luis da Silva participou da abertura da confer\u00eancia e parabenizou a organiza\u00e7\u00e3o pelos assuntos abordados. O CMAS \u00e9 presidido por Soraina Rodrigues da Rocha, que falou sobre o privil\u00e9gio do encontro, \u201cpois todos passamos por v\u00e1rias perdas, seja entes querido, patrim\u00f4nio ou outras\u201d, disse a presidente.<br><br>\u00c0 tarde ocorreu palestra com o soci\u00f3logo Luiz Roberto Muler. Tamb\u00e9m participaram a secret\u00e1ria municipal da Sa\u00fade, Cidadania e Assist\u00eancia Social, Vanderlea Machado, e a representante dos usu\u00e1rios do Centro de Refer\u00eancia em Assist\u00eancia Social, Rosa Pedrolina Markmann. Ao final foram eleitos quatro delegados, dois da sociedade civil e dois do setor p\u00fablico, para representarem o munic\u00edpio na Confer\u00eancia Estadual, que ser\u00e1 realizada em outubro de 2021.<\/p>\n","protected":false},"excerpt":{"rendered":"<p>O Conselho Municipal da Assist\u00eancia Social (CMAS) de Fazenda Vilanova realizou na ter\u00e7a-feira (20\/7), a 10\u00aa Confer\u00eancia Municipal da Assist\u00eancia Social. A atividade transcorreu no audit\u00f3rio \u00c1guia Azul, da prefeitura, seguindo os protocolos sanit\u00e1rios. O tema central foi a &#8220;Assist\u00eancia Social: direito do povo e dever do Estado, com financiamento p\u00fablico, para enfrentar as desigualdades [&hellip;]<\/p>\n","protected":false},"author":8,"featured_media":87137,"comment_status":"open","ping_status":"open","sticky":false,"template":"","format":"standard","meta":{"pmpro_default_level":"","_jetpack_memberships_contains_paid_content":false,"footnotes":""},"categories":[2,3],"tags":[35,801],"class_list":{"0":"post-87136","1":"post","2":"type-post","3":"status-publish","4":"format-standard","5":"has-post-thumbnail","7":"category-featured","8":"category-geral","9":"tag-assistencia-social","10":"tag-fazenda-vilanova","11":"pmpro-has-access"},"yoast_head":"<!-- This site is optimized with the Yoast SEO plugin v27.5 - https:\/\/yoast.com\/product\/yoast-seo-wordpress\/ -->\n<title>Realizada a 10\u00aa Confer\u00eancia Municipal da Assist\u00eancia Social em Fazenda Vilanova - Folha Popular<\/title>\n<meta name=\"robots\" content=\"index, follow, max-snippet:-1, max-image-preview:large, max-video-preview:-1\" \/>\n<link rel=\"canonical\" href=\"https:\/\/folhapopular.info\/index.php\/2021\/07\/24\/realizada-a-10a-conferencia-municipal-da-assistencia-social-em-fazenda-vilanova\/\" \/>\n<meta property=\"og:locale\" content=\"pt_BR\" \/>\n<meta property=\"og:type\" content=\"article\" \/>\n<meta property=\"og:title\" content=\"Realizada a 10\u00aa Confer\u00eancia Municipal da Assist\u00eancia Social em Fazenda Vilanova - Folha Popular\" \/>\n<meta property=\"og:description\" content=\"O Conselho Municipal da Assist\u00eancia Social (CMAS) de Fazenda Vilanova realizou na ter\u00e7a-feira (20\/7), a 10\u00aa Confer\u00eancia Municipal da Assist\u00eancia Social. A atividade transcorreu no audit\u00f3rio \u00c1guia Azul, da prefeitura, seguindo os protocolos sanit\u00e1rios. O tema central foi a &#8220;Assist\u00eancia Social: direito do povo e dever do Estado, com financiamento p\u00fablico, para enfrentar as desigualdades [&hellip;]\" \/>\n<meta property=\"og:url\" content=\"https:\/\/folhapopular.info\/index.php\/2021\/07\/24\/realizada-a-10a-conferencia-municipal-da-assistencia-social-em-fazenda-vilanova\/\" \/>\n<meta property=\"og:site_name\" content=\"Folha Popular\" \/>\n<meta property=\"article:published_time\" content=\"2021-07-24T13:49:09+00:00\" \/>\n<meta property=\"article:modified_time\" content=\"2021-07-24T13:49:49+00:00\" \/>\n<meta property=\"og:image\" content=\"https:\/\/folhapopular.info\/wp-content\/uploads\/2021\/07\/IMG_3795-scaled-e1627134416302.jpg\" \/>\n\t<meta property=\"og:image:width\" content=\"800\" \/>\n\t<meta property=\"og:image:height\" content=\"533\" \/>\n\t<meta property=\"og:image:type\" content=\"image\/jpeg\" \/>\n<meta name=\"author\" content=\"Reda\u00e7\u00e3o Folha Popular\" \/>\n<meta name=\"twitter:card\" content=\"summary_large_image\" \/>\n<meta name=\"twitter:label1\" content=\"Escrito por\" \/>\n\t<meta name=\"twitter:data1\" content=\"Reda\u00e7\u00e3o Folha Popular\" \/>\n\t<meta name=\"twitter:label2\" content=\"Est. tempo de leitura\" \/>\n\t<meta name=\"twitter:data2\" content=\"1 minuto\" \/>\n<script type=\"application\/ld+json\" class=\"yoast-schema-graph\">{\"@context\":\"https:\\\/\\\/schema.org\",\"@graph\":[{\"@type\":\"Article\",\"@id\":\"https:\\\/\\\/folhapopular.info\\\/index.php\\\/2021\\\/07\\\/24\\\/realizada-a-10a-conferencia-municipal-da-assistencia-social-em-fazenda-vilanova\\\/#article\",\"isPartOf\":{\"@id\":\"https:\\\/\\\/folhapopular.info\\\/index.php\\\/2021\\\/07\\\/24\\\/realizada-a-10a-conferencia-municipal-da-assistencia-social-em-fazenda-vilanova\\\/\"},\"author\":{\"name\":\"Reda\u00e7\u00e3o Folha Popular\",\"@id\":\"https:\\\/\\\/folhapopular.info\\\/#\\\/schema\\\/person\\\/2814e8a0df7643585a9ca38bc6eb9d4b\"},\"headline\":\"Realizada a 10\u00aa Confer\u00eancia Municipal da Assist\u00eancia Social em Fazenda Vilanova\",\"datePublished\":\"2021-07-24T13:49:09+00:00\",\"dateModified\":\"2021-07-24T13:49:49+00:00\",\"mainEntityOfPage\":{\"@id\":\"https:\\\/\\\/folhapopular.info\\\/index.php\\\/2021\\\/07\\\/24\\\/realizada-a-10a-conferencia-municipal-da-assistencia-social-em-fazenda-vilanova\\\/\"},\"wordCount\":259,\"commentCount\":0,\"image\":{\"@id\":\"https:\\\/\\\/folhapopular.info\\\/index.php\\\/2021\\\/07\\\/24\\\/realizada-a-10a-conferencia-municipal-da-assistencia-social-em-fazenda-vilanova\\\/#primaryimage\"},\"thumbnailUrl\":\"https:\\\/\\\/folhapopular.info\\\/wp-content\\\/uploads\\\/2021\\\/07\\\/IMG_3795-scaled-e1627134416302.jpg\",\"keywords\":[\"Assist\u00eancia Social\",\"Fazenda Vilanova\"],\"articleSection\":[\"Destaques\",\"Geral\"],\"inLanguage\":\"pt-BR\",\"potentialAction\":[{\"@type\":\"CommentAction\",\"name\":\"Comment\",\"target\":[\"https:\\\/\\\/folhapopular.info\\\/index.php\\\/2021\\\/07\\\/24\\\/realizada-a-10a-conferencia-municipal-da-assistencia-social-em-fazenda-vilanova\\\/#respond\"]}]},{\"@type\":\"WebPage\",\"@id\":\"https:\\\/\\\/folhapopular.info\\\/index.php\\\/2021\\\/07\\\/24\\\/realizada-a-10a-conferencia-municipal-da-assistencia-social-em-fazenda-vilanova\\\/\",\"url\":\"https:\\\/\\\/folhapopular.info\\\/index.php\\\/2021\\\/07\\\/24\\\/realizada-a-10a-conferencia-municipal-da-assistencia-social-em-fazenda-vilanova\\\/\",\"name\":\"Realizada a 10\u00aa Confer\u00eancia Municipal da Assist\u00eancia Social em Fazenda Vilanova - Folha Popular\",\"isPartOf\":{\"@id\":\"https:\\\/\\\/folhapopular.info\\\/#website\"},\"primaryImageOfPage\":{\"@id\":\"https:\\\/\\\/folhapopular.info\\\/index.php\\\/2021\\\/07\\\/24\\\/realizada-a-10a-conferencia-municipal-da-assistencia-social-em-fazenda-vilanova\\\/#primaryimage\"},\"image\":{\"@id\":\"https:\\\/\\\/folhapopular.info\\\/index.php\\\/2021\\\/07\\\/24\\\/realizada-a-10a-conferencia-municipal-da-assistencia-social-em-fazenda-vilanova\\\/#primaryimage\"},\"thumbnailUrl\":\"https:\\\/\\\/folhapopular.info\\\/wp-content\\\/uploads\\\/2021\\\/07\\\/IMG_3795-scaled-e1627134416302.jpg\",\"datePublished\":\"2021-07-24T13:49:09+00:00\",\"dateModified\":\"2021-07-24T13:49:49+00:00\",\"author\":{\"@id\":\"https:\\\/\\\/folhapopular.info\\\/#\\\/schema\\\/person\\\/2814e8a0df7643585a9ca38bc6eb9d4b\"},\"breadcrumb\":{\"@id\":\"https:\\\/\\\/folhapopular.info\\\/index.php\\\/2021\\\/07\\\/24\\\/realizada-a-10a-conferencia-municipal-da-assistencia-social-em-fazenda-vilanova\\\/#breadcrumb\"},\"inLanguage\":\"pt-BR\",\"potentialAction\":[{\"@type\":\"ReadAction\",\"target\":[\"https:\\\/\\\/folhapopular.info\\\/index.php\\\/2021\\\/07\\\/24\\\/realizada-a-10a-conferencia-municipal-da-assistencia-social-em-fazenda-vilanova\\\/\"]}]},{\"@type\":\"ImageObject\",\"inLanguage\":\"pt-BR\",\"@id\":\"https:\\\/\\\/folhapopular.info\\\/index.php\\\/2021\\\/07\\\/24\\\/realizada-a-10a-conferencia-municipal-da-assistencia-social-em-fazenda-vilanova\\\/#primaryimage\",\"url\":\"https:\\\/\\\/folhapopular.info\\\/wp-content\\\/uploads\\\/2021\\\/07\\\/IMG_3795-scaled-e1627134416302.jpg\",\"contentUrl\":\"https:\\\/\\\/folhapopular.info\\\/wp-content\\\/uploads\\\/2021\\\/07\\\/IMG_3795-scaled-e1627134416302.jpg\",\"width\":800,\"height\":533,\"caption\":\"Assist\u00eancia Social: direito do povo e dever do Estado foi o tema da Confer\u00eancia \\\/ Cr\u00e9dito da foto: Divulga\u00e7\u00e3o \\\/ Prefeitura\"},{\"@type\":\"BreadcrumbList\",\"@id\":\"https:\\\/\\\/folhapopular.info\\\/index.php\\\/2021\\\/07\\\/24\\\/realizada-a-10a-conferencia-municipal-da-assistencia-social-em-fazenda-vilanova\\\/#breadcrumb\",\"itemListElement\":[{\"@type\":\"ListItem\",\"position\":1,\"name\":\"In\u00edcio\",\"item\":\"https:\\\/\\\/folhapopular.info\\\/\"},{\"@type\":\"ListItem\",\"position\":2,\"name\":\"Realizada a 10\u00aa Confer\u00eancia Municipal da Assist\u00eancia Social em Fazenda Vilanova\"}]},{\"@type\":\"WebSite\",\"@id\":\"https:\\\/\\\/folhapopular.info\\\/#website\",\"url\":\"https:\\\/\\\/folhapopular.info\\\/\",\"name\":\"Folha Popular\",\"description\":\"Onde voc\u00ea tem vez e voz\",\"potentialAction\":[{\"@type\":\"SearchAction\",\"target\":{\"@type\":\"EntryPoint\",\"urlTemplate\":\"https:\\\/\\\/folhapopular.info\\\/?s={search_term_string}\"},\"query-input\":{\"@type\":\"PropertyValueSpecification\",\"valueRequired\":true,\"valueName\":\"search_term_string\"}}],\"inLanguage\":\"pt-BR\"},{\"@type\":\"Person\",\"@id\":\"https:\\\/\\\/folhapopular.info\\\/#\\\/schema\\\/person\\\/2814e8a0df7643585a9ca38bc6eb9d4b\",\"name\":\"Reda\u00e7\u00e3o Folha Popular\",\"image\":{\"@type\":\"ImageObject\",\"inLanguage\":\"pt-BR\",\"@id\":\"https:\\\/\\\/folhapopular.info\\\/wp-content\\\/uploads\\\/2026\\\/04\\\/Folha-1.webp\",\"url\":\"https:\\\/\\\/folhapopular.info\\\/wp-content\\\/uploads\\\/2026\\\/04\\\/Folha-1.webp\",\"contentUrl\":\"https:\\\/\\\/folhapopular.info\\\/wp-content\\\/uploads\\\/2026\\\/04\\\/Folha-1.webp\",\"caption\":\"Reda\u00e7\u00e3o Folha Popular\"},\"url\":\"https:\\\/\\\/folhapopular.info\\\/index.php\\\/author\\\/redacao\\\/\"}]}<\/script>\n<!-- \/ Yoast SEO plugin. -->","yoast_head_json":{"title":"Realizada a 10\u00aa Confer\u00eancia Municipal da Assist\u00eancia Social em Fazenda Vilanova - Folha Popular","robots":{"index":"index","follow":"follow","max-snippet":"max-snippet:-1","max-image-preview":"max-image-preview:large","max-video-preview":"max-video-preview:-1"},"canonical":"https:\/\/folhapopular.info\/index.php\/2021\/07\/24\/realizada-a-10a-conferencia-municipal-da-assistencia-social-em-fazenda-vilanova\/","og_locale":"pt_BR","og_type":"article","og_title":"Realizada a 10\u00aa Confer\u00eancia Municipal da Assist\u00eancia Social em Fazenda Vilanova - Folha Popular","og_description":"O Conselho Municipal da Assist\u00eancia Social (CMAS) de Fazenda Vilanova realizou na ter\u00e7a-feira (20\/7), a 10\u00aa Confer\u00eancia Municipal da Assist\u00eancia Social. A atividade transcorreu no audit\u00f3rio \u00c1guia Azul, da prefeitura, seguindo os protocolos sanit\u00e1rios. O tema central foi a &#8220;Assist\u00eancia Social: direito do povo e dever do Estado, com financiamento p\u00fablico, para enfrentar as desigualdades [&hellip;]","og_url":"https:\/\/folhapopular.info\/index.php\/2021\/07\/24\/realizada-a-10a-conferencia-municipal-da-assistencia-social-em-fazenda-vilanova\/","og_site_name":"Folha Popular","article_published_time":"2021-07-24T13:49:09+00:00","article_modified_time":"2021-07-24T13:49:49+00:00","og_image":[{"width":800,"height":533,"url":"https:\/\/folhapopular.info\/wp-content\/uploads\/2021\/07\/IMG_3795-scaled-e1627134416302.jpg","type":"image\/jpeg"}],"author":"Reda\u00e7\u00e3o Folha Popular","twitter_card":"summary_large_image","twitter_misc":{"Escrito por":"Reda\u00e7\u00e3o Folha Popular","Est. tempo de leitura":"1 minuto"},"schema":{"@context":"https:\/\/schema.org","@graph":[{"@type":"Article","@id":"https:\/\/folhapopular.info\/index.php\/2021\/07\/24\/realizada-a-10a-conferencia-municipal-da-assistencia-social-em-fazenda-vilanova\/#article","isPartOf":{"@id":"https:\/\/folhapopular.info\/index.php\/2021\/07\/24\/realizada-a-10a-conferencia-municipal-da-assistencia-social-em-fazenda-vilanova\/"},"author":{"name":"Reda\u00e7\u00e3o Folha Popular","@id":"https:\/\/folhapopular.info\/#\/schema\/person\/2814e8a0df7643585a9ca38bc6eb9d4b"},"headline":"Realizada a 10\u00aa Confer\u00eancia Municipal da Assist\u00eancia Social em Fazenda Vilanova","datePublished":"2021-07-24T13:49:09+00:00","dateModified":"2021-07-24T13:49:49+00:00","mainEntityOfPage":{"@id":"https:\/\/folhapopular.info\/index.php\/2021\/07\/24\/realizada-a-10a-conferencia-municipal-da-assistencia-social-em-fazenda-vilanova\/"},"wordCount":259,"commentCount":0,"image":{"@id":"https:\/\/folhapopular.info\/index.php\/2021\/07\/24\/realizada-a-10a-conferencia-municipal-da-assistencia-social-em-fazenda-vilanova\/#primaryimage"},"thumbnailUrl":"https:\/\/folhapopular.info\/wp-content\/uploads\/2021\/07\/IMG_3795-scaled-e1627134416302.jpg","keywords":["Assist\u00eancia Social","Fazenda Vilanova"],"articleSection":["Destaques","Geral"],"inLanguage":"pt-BR","potentialAction":[{"@type":"CommentAction","name":"Comment","target":["https:\/\/folhapopular.info\/index.php\/2021\/07\/24\/realizada-a-10a-conferencia-municipal-da-assistencia-social-em-fazenda-vilanova\/#respond"]}]},{"@type":"WebPage","@id":"https:\/\/folhapopular.info\/index.php\/2021\/07\/24\/realizada-a-10a-conferencia-municipal-da-assistencia-social-em-fazenda-vilanova\/","url":"https:\/\/folhapopular.info\/index.php\/2021\/07\/24\/realizada-a-10a-conferencia-municipal-da-assistencia-social-em-fazenda-vilanova\/","name":"Realizada a 10\u00aa Confer\u00eancia Municipal da Assist\u00eancia Social em Fazenda Vilanova - Folha Popular","isPartOf":{"@id":"https:\/\/folhapopular.info\/#website"},"primaryImageOfPage":{"@id":"https:\/\/folhapopular.info\/index.php\/2021\/07\/24\/realizada-a-10a-conferencia-municipal-da-assistencia-social-em-fazenda-vilanova\/#primaryimage"},"image":{"@id":"https:\/\/folhapopular.info\/index.php\/2021\/07\/24\/realizada-a-10a-conferencia-municipal-da-assistencia-social-em-fazenda-vilanova\/#primaryimage"},"thumbnailUrl":"https:\/\/folhapopular.info\/wp-content\/uploads\/2021\/07\/IMG_3795-scaled-e1627134416302.jpg","datePublished":"2021-07-24T13:49:09+00:00","dateModified":"2021-07-24T13:49:49+00:00","author":{"@id":"https:\/\/folhapopular.info\/#\/schema\/person\/2814e8a0df7643585a9ca38bc6eb9d4b"},"breadcrumb":{"@id":"https:\/\/folhapopular.info\/index.php\/2021\/07\/24\/realizada-a-10a-conferencia-municipal-da-assistencia-social-em-fazenda-vilanova\/#breadcrumb"},"inLanguage":"pt-BR","potentialAction":[{"@type":"ReadAction","target":["https:\/\/folhapopular.info\/index.php\/2021\/07\/24\/realizada-a-10a-conferencia-municipal-da-assistencia-social-em-fazenda-vilanova\/"]}]},{"@type":"ImageObject","inLanguage":"pt-BR","@id":"https:\/\/folhapopular.info\/index.php\/2021\/07\/24\/realizada-a-10a-conferencia-municipal-da-assistencia-social-em-fazenda-vilanova\/#primaryimage","url":"https:\/\/folhapopular.info\/wp-content\/uploads\/2021\/07\/IMG_3795-scaled-e1627134416302.jpg","contentUrl":"https:\/\/folhapopular.info\/wp-content\/uploads\/2021\/07\/IMG_3795-scaled-e1627134416302.jpg","width":800,"height":533,"caption":"Assist\u00eancia Social: direito do povo e dever do Estado foi o tema da Confer\u00eancia \/ Cr\u00e9dito da foto: Divulga\u00e7\u00e3o \/ Prefeitura"},{"@type":"BreadcrumbList","@id":"https:\/\/folhapopular.info\/index.php\/2021\/07\/24\/realizada-a-10a-conferencia-municipal-da-assistencia-social-em-fazenda-vilanova\/#breadcrumb","itemListElement":[{"@type":"ListItem","position":1,"name":"In\u00edcio","item":"https:\/\/folhapopular.info\/"},{"@type":"ListItem","position":2,"name":"Realizada a 10\u00aa Confer\u00eancia Municipal da Assist\u00eancia Social em Fazenda Vilanova"}]},{"@type":"WebSite","@id":"https:\/\/folhapopular.info\/#website","url":"https:\/\/folhapopular.info\/","name":"Folha Popular","description":"Onde voc\u00ea tem vez e voz","potentialAction":[{"@type":"SearchAction","target":{"@type":"EntryPoint","urlTemplate":"https:\/\/folhapopular.info\/?s={search_term_string}"},"query-input":{"@type":"PropertyValueSpecification","valueRequired":true,"valueName":"search_term_string"}}],"inLanguage":"pt-BR"},{"@type":"Person","@id":"https:\/\/folhapopular.info\/#\/schema\/person\/2814e8a0df7643585a9ca38bc6eb9d4b","name":"Reda\u00e7\u00e3o Folha Popular","image":{"@type":"ImageObject","inLanguage":"pt-BR","@id":"https:\/\/folhapopular.info\/wp-content\/uploads\/2026\/04\/Folha-1.webp","url":"https:\/\/folhapopular.info\/wp-content\/uploads\/2026\/04\/Folha-1.webp","contentUrl":"https:\/\/folhapopular.info\/wp-content\/uploads\/2026\/04\/Folha-1.webp","caption":"Reda\u00e7\u00e3o Folha Popular"},"url":"https:\/\/folhapopular.info\/index.php\/author\/redacao\/"}]}},"jetpack_featured_media_url":"https:\/\/folhapopular.info\/wp-content\/uploads\/2021\/07\/IMG_3795-scaled-e1627134416302.jpg","jetpack_sharing_enabled":true,"amp_enabled":true,"_links":{"self":[{"href":"https:\/\/folhapopular.info\/index.php\/wp-json\/wp\/v2\/posts\/87136","targetHints":{"allow":["GET"]}}],"collection":[{"href":"https:\/\/folhapopular.info\/index.php\/wp-json\/wp\/v2\/posts"}],"about":[{"href":"https:\/\/folhapopular.info\/index.php\/wp-json\/wp\/v2\/types\/post"}],"author":[{"embeddable":true,"href":"https:\/\/folhapopular.info\/index.php\/wp-json\/wp\/v2\/users\/8"}],"replies":[{"embeddable":true,"href":"https:\/\/folhapopular.info\/index.php\/wp-json\/wp\/v2\/comments?post=87136"}],"version-history":[{"count":0,"href":"https:\/\/folhapopular.info\/index.php\/wp-json\/wp\/v2\/posts\/87136\/revisions"}],"wp:featuredmedia":[{"embeddable":true,"href":"https:\/\/folhapopular.info\/index.php\/wp-json\/wp\/v2\/media\/87137"}],"wp:attachment":[{"href":"https:\/\/folhapopular.info\/index.php\/wp-json\/wp\/v2\/media?parent=87136"}],"wp:term":[{"taxonomy":"category","embeddable":true,"href":"https:\/\/folhapopular.info\/index.php\/wp-json\/wp\/v2\/categories?post=87136"},{"taxonomy":"post_tag","embeddable":true,"href":"https:\/\/folhapopular.info\/index.php\/wp-json\/wp\/v2\/tags?post=87136"}],"curies":[{"name":"wp","href":"https:\/\/api.w.org\/{rel}","templated":true}]}}