{"id":87375,"date":"2021-07-30T14:21:46","date_gmt":"2021-07-30T17:21:46","guid":{"rendered":"https:\/\/folhapopular.info\/?p=87375"},"modified":"2021-07-30T14:21:51","modified_gmt":"2021-07-30T17:21:51","slug":"teutonia-abre-processo-seletivo-para-contratacao-emergencial-de-professores","status":"publish","type":"post","link":"https:\/\/folhapopular.info\/index.php\/2021\/07\/30\/teutonia-abre-processo-seletivo-para-contratacao-emergencial-de-professores\/","title":{"rendered":"Teut\u00f4nia abre processo seletivo para contrata\u00e7\u00e3o emergencial de professores"},"content":{"rendered":"\n<p>O munic\u00edpio de Teut\u00f4nia divulga edital n\u00ba&nbsp;096\/2021&nbsp;de processo seletivo simplificado para&nbsp;contrata\u00e7\u00e3o, em car\u00e1ter emergencial, de professores, com carga hor\u00e1ria semanal de 25&nbsp;horas, para atuar&nbsp;junto \u00e0 Secretaria Municipal de&nbsp;Educa\u00e7\u00e3o, nas seguintes especializa\u00e7\u00f5es:&nbsp;Educa\u00e7\u00e3o Infantil;&nbsp;Ensino Fundamental\/Educa\u00e7\u00e3o Infantil: Educa\u00e7\u00e3o F\u00edsica;&nbsp;Ensino Fundamental\/Educa\u00e7\u00e3o Infantil: M\u00fasica;&nbsp;Ensino Fundamental\/Educa\u00e7\u00e3o Infantil: Inform\u00e1tica; e&nbsp;Professor de Atendimento Educacional Especializado.<\/p>\n\n\n\n<p>Para se candidatar \u00e9 preciso ter curso superior completo e estar legalmente habilitado para o exerc\u00edcio da profiss\u00e3o.<\/p>\n\n\n\n<p>O per\u00edodo de inscri\u00e7\u00f5es\u00a0ser\u00e1 aberto a partir de segunda-feira (2\/8),\u00a0at\u00e9 sexta-feira (6\/8),\u00a0nos turnos da manh\u00e3 e tarde, nos respectivos\u00a0hor\u00e1rios,\u00a0das\u00a08h\u00a0\u00e0s 11h e das\u00a014h \u00e0s 16h.\u00a0As inscri\u00e7\u00f5es ser\u00e3o\u00a0recebidas junto \u00e0 sede do Munic\u00edpio, situado\u00a0\u00e0 Avenida 1 Oeste,\u00a0n\u00ba\u00a0878, Bairro Centro Administrativo,\u00a0na sala 07, junto \u00e0 Secretaria Municipal de Educa\u00e7\u00e3o.\u00a0As inscri\u00e7\u00f5es ser\u00e3o gratuitas.<\/p>\n\n\n\n<p><strong>O que \u00e9 preciso apresentar para inscri\u00e7\u00e3o?<\/strong><strong><\/strong><\/p>\n\n\n\n<p>1.&nbsp;C\u00f3pia de documento de identidade oficial com foto;<\/p>\n\n\n\n<p>2.&nbsp;Curr\u00edculo profissional de acordo com o modelo apresentado no Anexo I, do edital&nbsp;096\/2021, acompanhado de c\u00f3pia&nbsp;autenticada&nbsp;dos&nbsp;t\u00edtulos que comprovam as informa\u00e7\u00f5es contidas no curr\u00edculo;<\/p>\n\n\n\n<p>3.&nbsp;Diploma, Certificado ou Atestado expedido pela entidade promotora, que comprove a forma\u00e7\u00e3o na \u00e1rea em que pretende se inscrever&nbsp;(original e c\u00f3pia);<\/p>\n\n\n\n<p>4.&nbsp;Comprova\u00e7\u00e3o&nbsp;de experi\u00eancia&nbsp;mediante apresenta\u00e7\u00e3o&nbsp;de Carteira de Trabalho devidamente assinada, Documento ou Atestado ou Declara\u00e7\u00e3o ou outro documento comprobat\u00f3rio;<\/p>\n\n\n\n<p>5.&nbsp;Os documentos poder\u00e3o ser autenticados no ato da inscri\u00e7\u00e3o, pelos membros da Comiss\u00e3o, desde que o candidato apresente, junto \u00e0s c\u00f3pias, os documentos originais&nbsp;ou autenticados em Cart\u00f3rio.&nbsp;<\/p>\n\n\n\n<p>O edital pode ser consultado no site da prefeitura&nbsp;<a href=\"http:\/\/teutonia.rs.gov.br\/\" target=\"_blank\" rel=\"noreferrer noopener\">teutonia.rs.gov.br<\/a>&nbsp;atrav\u00e9s da aba publica\u00e7\u00f5es oficias &gt; processo seletivo.<\/p>\n","protected":false},"excerpt":{"rendered":"<p>O munic\u00edpio de Teut\u00f4nia divulga edital n\u00ba&nbsp;096\/2021&nbsp;de processo seletivo simplificado para&nbsp;contrata\u00e7\u00e3o, em car\u00e1ter emergencial, de professores, com carga hor\u00e1ria semanal de 25&nbsp;horas, para atuar&nbsp;junto \u00e0 Secretaria Municipal de&nbsp;Educa\u00e7\u00e3o, nas seguintes especializa\u00e7\u00f5es:&nbsp;Educa\u00e7\u00e3o Infantil;&nbsp;Ensino Fundamental\/Educa\u00e7\u00e3o Infantil: Educa\u00e7\u00e3o F\u00edsica;&nbsp;Ensino Fundamental\/Educa\u00e7\u00e3o Infantil: M\u00fasica;&nbsp;Ensino Fundamental\/Educa\u00e7\u00e3o Infantil: Inform\u00e1tica; e&nbsp;Professor de Atendimento Educacional Especializado. Para se candidatar \u00e9 preciso ter curso superior [&hellip;]<\/p>\n","protected":false},"author":8,"featured_media":87377,"comment_status":"open","ping_status":"open","sticky":false,"template":"","format":"standard","meta":{"pmpro_default_level":"","_jetpack_memberships_contains_paid_content":false,"footnotes":""},"categories":[2,3],"tags":[481,568,26],"class_list":{"0":"post-87375","1":"post","2":"type-post","3":"status-publish","4":"format-standard","5":"has-post-thumbnail","7":"category-featured","8":"category-geral","9":"tag-processo-seletivo","10":"tag-professores","11":"tag-teutonia","12":"pmpro-has-access"},"yoast_head":"<!-- This site is optimized with the Yoast SEO plugin v27.5 - https:\/\/yoast.com\/product\/yoast-seo-wordpress\/ -->\n<title>Teut\u00f4nia abre processo seletivo para contrata\u00e7\u00e3o emergencial de professores - Folha Popular<\/title>\n<meta name=\"robots\" content=\"index, follow, max-snippet:-1, max-image-preview:large, max-video-preview:-1\" \/>\n<link rel=\"canonical\" href=\"https:\/\/folhapopular.info\/index.php\/2021\/07\/30\/teutonia-abre-processo-seletivo-para-contratacao-emergencial-de-professores\/\" \/>\n<meta property=\"og:locale\" content=\"pt_BR\" \/>\n<meta property=\"og:type\" content=\"article\" \/>\n<meta property=\"og:title\" content=\"Teut\u00f4nia abre processo seletivo para contrata\u00e7\u00e3o emergencial de professores - Folha Popular\" \/>\n<meta property=\"og:description\" content=\"O munic\u00edpio de Teut\u00f4nia divulga edital n\u00ba&nbsp;096\/2021&nbsp;de processo seletivo simplificado para&nbsp;contrata\u00e7\u00e3o, em car\u00e1ter emergencial, de professores, com carga hor\u00e1ria semanal de 25&nbsp;horas, para atuar&nbsp;junto \u00e0 Secretaria Municipal de&nbsp;Educa\u00e7\u00e3o, nas seguintes especializa\u00e7\u00f5es:&nbsp;Educa\u00e7\u00e3o Infantil;&nbsp;Ensino Fundamental\/Educa\u00e7\u00e3o Infantil: Educa\u00e7\u00e3o F\u00edsica;&nbsp;Ensino Fundamental\/Educa\u00e7\u00e3o Infantil: M\u00fasica;&nbsp;Ensino Fundamental\/Educa\u00e7\u00e3o Infantil: Inform\u00e1tica; e&nbsp;Professor de Atendimento Educacional Especializado. Para se candidatar \u00e9 preciso ter curso superior [&hellip;]\" \/>\n<meta property=\"og:url\" content=\"https:\/\/folhapopular.info\/index.php\/2021\/07\/30\/teutonia-abre-processo-seletivo-para-contratacao-emergencial-de-professores\/\" \/>\n<meta property=\"og:site_name\" content=\"Folha Popular\" \/>\n<meta property=\"article:published_time\" content=\"2021-07-30T17:21:46+00:00\" \/>\n<meta property=\"article:modified_time\" content=\"2021-07-30T17:21:51+00:00\" \/>\n<meta property=\"og:image\" content=\"https:\/\/folhapopular.info\/wp-content\/uploads\/2021\/07\/pexels-photo-5905615-e1627665663932.jpeg\" \/>\n\t<meta property=\"og:image:width\" content=\"800\" \/>\n\t<meta property=\"og:image:height\" content=\"533\" \/>\n\t<meta property=\"og:image:type\" content=\"image\/jpeg\" \/>\n<meta name=\"author\" content=\"Reda\u00e7\u00e3o Folha Popular\" \/>\n<meta name=\"twitter:card\" content=\"summary_large_image\" \/>\n<meta name=\"twitter:label1\" content=\"Escrito por\" \/>\n\t<meta name=\"twitter:data1\" content=\"Reda\u00e7\u00e3o Folha Popular\" \/>\n\t<meta name=\"twitter:label2\" content=\"Est. tempo de leitura\" \/>\n\t<meta name=\"twitter:data2\" content=\"2 minutos\" \/>\n<script type=\"application\/ld+json\" class=\"yoast-schema-graph\">{\"@context\":\"https:\\\/\\\/schema.org\",\"@graph\":[{\"@type\":\"Article\",\"@id\":\"https:\\\/\\\/folhapopular.info\\\/index.php\\\/2021\\\/07\\\/30\\\/teutonia-abre-processo-seletivo-para-contratacao-emergencial-de-professores\\\/#article\",\"isPartOf\":{\"@id\":\"https:\\\/\\\/folhapopular.info\\\/index.php\\\/2021\\\/07\\\/30\\\/teutonia-abre-processo-seletivo-para-contratacao-emergencial-de-professores\\\/\"},\"author\":{\"name\":\"Reda\u00e7\u00e3o Folha Popular\",\"@id\":\"https:\\\/\\\/folhapopular.info\\\/#\\\/schema\\\/person\\\/2814e8a0df7643585a9ca38bc6eb9d4b\"},\"headline\":\"Teut\u00f4nia abre processo seletivo para contrata\u00e7\u00e3o emergencial de professores\",\"datePublished\":\"2021-07-30T17:21:46+00:00\",\"dateModified\":\"2021-07-30T17:21:51+00:00\",\"mainEntityOfPage\":{\"@id\":\"https:\\\/\\\/folhapopular.info\\\/index.php\\\/2021\\\/07\\\/30\\\/teutonia-abre-processo-seletivo-para-contratacao-emergencial-de-professores\\\/\"},\"wordCount\":348,\"commentCount\":0,\"image\":{\"@id\":\"https:\\\/\\\/folhapopular.info\\\/index.php\\\/2021\\\/07\\\/30\\\/teutonia-abre-processo-seletivo-para-contratacao-emergencial-de-professores\\\/#primaryimage\"},\"thumbnailUrl\":\"https:\\\/\\\/folhapopular.info\\\/wp-content\\\/uploads\\\/2021\\\/07\\\/pexels-photo-5905615-e1627665663932.jpeg\",\"keywords\":[\"Processo Seletivo\",\"Professores\",\"Teut\u00f4nia\"],\"articleSection\":[\"Destaques\",\"Geral\"],\"inLanguage\":\"pt-BR\",\"potentialAction\":[{\"@type\":\"CommentAction\",\"name\":\"Comment\",\"target\":[\"https:\\\/\\\/folhapopular.info\\\/index.php\\\/2021\\\/07\\\/30\\\/teutonia-abre-processo-seletivo-para-contratacao-emergencial-de-professores\\\/#respond\"]}]},{\"@type\":\"WebPage\",\"@id\":\"https:\\\/\\\/folhapopular.info\\\/index.php\\\/2021\\\/07\\\/30\\\/teutonia-abre-processo-seletivo-para-contratacao-emergencial-de-professores\\\/\",\"url\":\"https:\\\/\\\/folhapopular.info\\\/index.php\\\/2021\\\/07\\\/30\\\/teutonia-abre-processo-seletivo-para-contratacao-emergencial-de-professores\\\/\",\"name\":\"Teut\u00f4nia abre processo seletivo para contrata\u00e7\u00e3o emergencial de professores - Folha Popular\",\"isPartOf\":{\"@id\":\"https:\\\/\\\/folhapopular.info\\\/#website\"},\"primaryImageOfPage\":{\"@id\":\"https:\\\/\\\/folhapopular.info\\\/index.php\\\/2021\\\/07\\\/30\\\/teutonia-abre-processo-seletivo-para-contratacao-emergencial-de-professores\\\/#primaryimage\"},\"image\":{\"@id\":\"https:\\\/\\\/folhapopular.info\\\/index.php\\\/2021\\\/07\\\/30\\\/teutonia-abre-processo-seletivo-para-contratacao-emergencial-de-professores\\\/#primaryimage\"},\"thumbnailUrl\":\"https:\\\/\\\/folhapopular.info\\\/wp-content\\\/uploads\\\/2021\\\/07\\\/pexels-photo-5905615-e1627665663932.jpeg\",\"datePublished\":\"2021-07-30T17:21:46+00:00\",\"dateModified\":\"2021-07-30T17:21:51+00:00\",\"author\":{\"@id\":\"https:\\\/\\\/folhapopular.info\\\/#\\\/schema\\\/person\\\/2814e8a0df7643585a9ca38bc6eb9d4b\"},\"breadcrumb\":{\"@id\":\"https:\\\/\\\/folhapopular.info\\\/index.php\\\/2021\\\/07\\\/30\\\/teutonia-abre-processo-seletivo-para-contratacao-emergencial-de-professores\\\/#breadcrumb\"},\"inLanguage\":\"pt-BR\",\"potentialAction\":[{\"@type\":\"ReadAction\",\"target\":[\"https:\\\/\\\/folhapopular.info\\\/index.php\\\/2021\\\/07\\\/30\\\/teutonia-abre-processo-seletivo-para-contratacao-emergencial-de-professores\\\/\"]}]},{\"@type\":\"ImageObject\",\"inLanguage\":\"pt-BR\",\"@id\":\"https:\\\/\\\/folhapopular.info\\\/index.php\\\/2021\\\/07\\\/30\\\/teutonia-abre-processo-seletivo-para-contratacao-emergencial-de-professores\\\/#primaryimage\",\"url\":\"https:\\\/\\\/folhapopular.info\\\/wp-content\\\/uploads\\\/2021\\\/07\\\/pexels-photo-5905615-e1627665663932.jpeg\",\"contentUrl\":\"https:\\\/\\\/folhapopular.info\\\/wp-content\\\/uploads\\\/2021\\\/07\\\/pexels-photo-5905615-e1627665663932.jpeg\",\"width\":800,\"height\":533,\"caption\":\"Cr\u00e9dito da foto: Pexels\"},{\"@type\":\"BreadcrumbList\",\"@id\":\"https:\\\/\\\/folhapopular.info\\\/index.php\\\/2021\\\/07\\\/30\\\/teutonia-abre-processo-seletivo-para-contratacao-emergencial-de-professores\\\/#breadcrumb\",\"itemListElement\":[{\"@type\":\"ListItem\",\"position\":1,\"name\":\"In\u00edcio\",\"item\":\"https:\\\/\\\/folhapopular.info\\\/\"},{\"@type\":\"ListItem\",\"position\":2,\"name\":\"Teut\u00f4nia abre processo seletivo para contrata\u00e7\u00e3o emergencial de professores\"}]},{\"@type\":\"WebSite\",\"@id\":\"https:\\\/\\\/folhapopular.info\\\/#website\",\"url\":\"https:\\\/\\\/folhapopular.info\\\/\",\"name\":\"Folha Popular\",\"description\":\"Onde voc\u00ea tem vez e voz\",\"potentialAction\":[{\"@type\":\"SearchAction\",\"target\":{\"@type\":\"EntryPoint\",\"urlTemplate\":\"https:\\\/\\\/folhapopular.info\\\/?s={search_term_string}\"},\"query-input\":{\"@type\":\"PropertyValueSpecification\",\"valueRequired\":true,\"valueName\":\"search_term_string\"}}],\"inLanguage\":\"pt-BR\"},{\"@type\":\"Person\",\"@id\":\"https:\\\/\\\/folhapopular.info\\\/#\\\/schema\\\/person\\\/2814e8a0df7643585a9ca38bc6eb9d4b\",\"name\":\"Reda\u00e7\u00e3o Folha Popular\",\"image\":{\"@type\":\"ImageObject\",\"inLanguage\":\"pt-BR\",\"@id\":\"https:\\\/\\\/folhapopular.info\\\/wp-content\\\/uploads\\\/2026\\\/04\\\/Folha-1.webp\",\"url\":\"https:\\\/\\\/folhapopular.info\\\/wp-content\\\/uploads\\\/2026\\\/04\\\/Folha-1.webp\",\"contentUrl\":\"https:\\\/\\\/folhapopular.info\\\/wp-content\\\/uploads\\\/2026\\\/04\\\/Folha-1.webp\",\"caption\":\"Reda\u00e7\u00e3o Folha Popular\"},\"url\":\"https:\\\/\\\/folhapopular.info\\\/index.php\\\/author\\\/redacao\\\/\"}]}<\/script>\n<!-- \/ Yoast SEO plugin. -->","yoast_head_json":{"title":"Teut\u00f4nia abre processo seletivo para contrata\u00e7\u00e3o emergencial de professores - Folha Popular","robots":{"index":"index","follow":"follow","max-snippet":"max-snippet:-1","max-image-preview":"max-image-preview:large","max-video-preview":"max-video-preview:-1"},"canonical":"https:\/\/folhapopular.info\/index.php\/2021\/07\/30\/teutonia-abre-processo-seletivo-para-contratacao-emergencial-de-professores\/","og_locale":"pt_BR","og_type":"article","og_title":"Teut\u00f4nia abre processo seletivo para contrata\u00e7\u00e3o emergencial de professores - Folha Popular","og_description":"O munic\u00edpio de Teut\u00f4nia divulga edital n\u00ba&nbsp;096\/2021&nbsp;de processo seletivo simplificado para&nbsp;contrata\u00e7\u00e3o, em car\u00e1ter emergencial, de professores, com carga hor\u00e1ria semanal de 25&nbsp;horas, para atuar&nbsp;junto \u00e0 Secretaria Municipal de&nbsp;Educa\u00e7\u00e3o, nas seguintes especializa\u00e7\u00f5es:&nbsp;Educa\u00e7\u00e3o Infantil;&nbsp;Ensino Fundamental\/Educa\u00e7\u00e3o Infantil: Educa\u00e7\u00e3o F\u00edsica;&nbsp;Ensino Fundamental\/Educa\u00e7\u00e3o Infantil: M\u00fasica;&nbsp;Ensino Fundamental\/Educa\u00e7\u00e3o Infantil: Inform\u00e1tica; e&nbsp;Professor de Atendimento Educacional Especializado. Para se candidatar \u00e9 preciso ter curso superior [&hellip;]","og_url":"https:\/\/folhapopular.info\/index.php\/2021\/07\/30\/teutonia-abre-processo-seletivo-para-contratacao-emergencial-de-professores\/","og_site_name":"Folha Popular","article_published_time":"2021-07-30T17:21:46+00:00","article_modified_time":"2021-07-30T17:21:51+00:00","og_image":[{"width":800,"height":533,"url":"https:\/\/folhapopular.info\/wp-content\/uploads\/2021\/07\/pexels-photo-5905615-e1627665663932.jpeg","type":"image\/jpeg"}],"author":"Reda\u00e7\u00e3o Folha Popular","twitter_card":"summary_large_image","twitter_misc":{"Escrito por":"Reda\u00e7\u00e3o Folha Popular","Est. tempo de leitura":"2 minutos"},"schema":{"@context":"https:\/\/schema.org","@graph":[{"@type":"Article","@id":"https:\/\/folhapopular.info\/index.php\/2021\/07\/30\/teutonia-abre-processo-seletivo-para-contratacao-emergencial-de-professores\/#article","isPartOf":{"@id":"https:\/\/folhapopular.info\/index.php\/2021\/07\/30\/teutonia-abre-processo-seletivo-para-contratacao-emergencial-de-professores\/"},"author":{"name":"Reda\u00e7\u00e3o Folha Popular","@id":"https:\/\/folhapopular.info\/#\/schema\/person\/2814e8a0df7643585a9ca38bc6eb9d4b"},"headline":"Teut\u00f4nia abre processo seletivo para contrata\u00e7\u00e3o emergencial de professores","datePublished":"2021-07-30T17:21:46+00:00","dateModified":"2021-07-30T17:21:51+00:00","mainEntityOfPage":{"@id":"https:\/\/folhapopular.info\/index.php\/2021\/07\/30\/teutonia-abre-processo-seletivo-para-contratacao-emergencial-de-professores\/"},"wordCount":348,"commentCount":0,"image":{"@id":"https:\/\/folhapopular.info\/index.php\/2021\/07\/30\/teutonia-abre-processo-seletivo-para-contratacao-emergencial-de-professores\/#primaryimage"},"thumbnailUrl":"https:\/\/folhapopular.info\/wp-content\/uploads\/2021\/07\/pexels-photo-5905615-e1627665663932.jpeg","keywords":["Processo Seletivo","Professores","Teut\u00f4nia"],"articleSection":["Destaques","Geral"],"inLanguage":"pt-BR","potentialAction":[{"@type":"CommentAction","name":"Comment","target":["https:\/\/folhapopular.info\/index.php\/2021\/07\/30\/teutonia-abre-processo-seletivo-para-contratacao-emergencial-de-professores\/#respond"]}]},{"@type":"WebPage","@id":"https:\/\/folhapopular.info\/index.php\/2021\/07\/30\/teutonia-abre-processo-seletivo-para-contratacao-emergencial-de-professores\/","url":"https:\/\/folhapopular.info\/index.php\/2021\/07\/30\/teutonia-abre-processo-seletivo-para-contratacao-emergencial-de-professores\/","name":"Teut\u00f4nia abre processo seletivo para contrata\u00e7\u00e3o emergencial de professores - Folha Popular","isPartOf":{"@id":"https:\/\/folhapopular.info\/#website"},"primaryImageOfPage":{"@id":"https:\/\/folhapopular.info\/index.php\/2021\/07\/30\/teutonia-abre-processo-seletivo-para-contratacao-emergencial-de-professores\/#primaryimage"},"image":{"@id":"https:\/\/folhapopular.info\/index.php\/2021\/07\/30\/teutonia-abre-processo-seletivo-para-contratacao-emergencial-de-professores\/#primaryimage"},"thumbnailUrl":"https:\/\/folhapopular.info\/wp-content\/uploads\/2021\/07\/pexels-photo-5905615-e1627665663932.jpeg","datePublished":"2021-07-30T17:21:46+00:00","dateModified":"2021-07-30T17:21:51+00:00","author":{"@id":"https:\/\/folhapopular.info\/#\/schema\/person\/2814e8a0df7643585a9ca38bc6eb9d4b"},"breadcrumb":{"@id":"https:\/\/folhapopular.info\/index.php\/2021\/07\/30\/teutonia-abre-processo-seletivo-para-contratacao-emergencial-de-professores\/#breadcrumb"},"inLanguage":"pt-BR","potentialAction":[{"@type":"ReadAction","target":["https:\/\/folhapopular.info\/index.php\/2021\/07\/30\/teutonia-abre-processo-seletivo-para-contratacao-emergencial-de-professores\/"]}]},{"@type":"ImageObject","inLanguage":"pt-BR","@id":"https:\/\/folhapopular.info\/index.php\/2021\/07\/30\/teutonia-abre-processo-seletivo-para-contratacao-emergencial-de-professores\/#primaryimage","url":"https:\/\/folhapopular.info\/wp-content\/uploads\/2021\/07\/pexels-photo-5905615-e1627665663932.jpeg","contentUrl":"https:\/\/folhapopular.info\/wp-content\/uploads\/2021\/07\/pexels-photo-5905615-e1627665663932.jpeg","width":800,"height":533,"caption":"Cr\u00e9dito da foto: Pexels"},{"@type":"BreadcrumbList","@id":"https:\/\/folhapopular.info\/index.php\/2021\/07\/30\/teutonia-abre-processo-seletivo-para-contratacao-emergencial-de-professores\/#breadcrumb","itemListElement":[{"@type":"ListItem","position":1,"name":"In\u00edcio","item":"https:\/\/folhapopular.info\/"},{"@type":"ListItem","position":2,"name":"Teut\u00f4nia abre processo seletivo para contrata\u00e7\u00e3o emergencial de professores"}]},{"@type":"WebSite","@id":"https:\/\/folhapopular.info\/#website","url":"https:\/\/folhapopular.info\/","name":"Folha Popular","description":"Onde voc\u00ea tem vez e voz","potentialAction":[{"@type":"SearchAction","target":{"@type":"EntryPoint","urlTemplate":"https:\/\/folhapopular.info\/?s={search_term_string}"},"query-input":{"@type":"PropertyValueSpecification","valueRequired":true,"valueName":"search_term_string"}}],"inLanguage":"pt-BR"},{"@type":"Person","@id":"https:\/\/folhapopular.info\/#\/schema\/person\/2814e8a0df7643585a9ca38bc6eb9d4b","name":"Reda\u00e7\u00e3o Folha Popular","image":{"@type":"ImageObject","inLanguage":"pt-BR","@id":"https:\/\/folhapopular.info\/wp-content\/uploads\/2026\/04\/Folha-1.webp","url":"https:\/\/folhapopular.info\/wp-content\/uploads\/2026\/04\/Folha-1.webp","contentUrl":"https:\/\/folhapopular.info\/wp-content\/uploads\/2026\/04\/Folha-1.webp","caption":"Reda\u00e7\u00e3o Folha Popular"},"url":"https:\/\/folhapopular.info\/index.php\/author\/redacao\/"}]}},"jetpack_featured_media_url":"https:\/\/folhapopular.info\/wp-content\/uploads\/2021\/07\/pexels-photo-5905615-e1627665663932.jpeg","jetpack_sharing_enabled":true,"amp_enabled":true,"_links":{"self":[{"href":"https:\/\/folhapopular.info\/index.php\/wp-json\/wp\/v2\/posts\/87375","targetHints":{"allow":["GET"]}}],"collection":[{"href":"https:\/\/folhapopular.info\/index.php\/wp-json\/wp\/v2\/posts"}],"about":[{"href":"https:\/\/folhapopular.info\/index.php\/wp-json\/wp\/v2\/types\/post"}],"author":[{"embeddable":true,"href":"https:\/\/folhapopular.info\/index.php\/wp-json\/wp\/v2\/users\/8"}],"replies":[{"embeddable":true,"href":"https:\/\/folhapopular.info\/index.php\/wp-json\/wp\/v2\/comments?post=87375"}],"version-history":[{"count":0,"href":"https:\/\/folhapopular.info\/index.php\/wp-json\/wp\/v2\/posts\/87375\/revisions"}],"wp:featuredmedia":[{"embeddable":true,"href":"https:\/\/folhapopular.info\/index.php\/wp-json\/wp\/v2\/media\/87377"}],"wp:attachment":[{"href":"https:\/\/folhapopular.info\/index.php\/wp-json\/wp\/v2\/media?parent=87375"}],"wp:term":[{"taxonomy":"category","embeddable":true,"href":"https:\/\/folhapopular.info\/index.php\/wp-json\/wp\/v2\/categories?post=87375"},{"taxonomy":"post_tag","embeddable":true,"href":"https:\/\/folhapopular.info\/index.php\/wp-json\/wp\/v2\/tags?post=87375"}],"curies":[{"name":"wp","href":"https:\/\/api.w.org\/{rel}","templated":true}]}}