{"id":87627,"date":"2021-08-05T16:22:22","date_gmt":"2021-08-05T19:22:22","guid":{"rendered":"https:\/\/folhapopular.info\/?p=87627"},"modified":"2021-08-05T16:22:26","modified_gmt":"2021-08-05T19:22:26","slug":"confirmada-a-realizacao-do-5o-acampamento-farroupilha-de-teutonia","status":"publish","type":"post","link":"https:\/\/folhapopular.info\/index.php\/2021\/08\/05\/confirmada-a-realizacao-do-5o-acampamento-farroupilha-de-teutonia\/","title":{"rendered":"Confirmada a realiza\u00e7\u00e3o do 5\u00ba Acampamento Farroupilha de Teut\u00f4nia"},"content":{"rendered":"\n<p>Nesta ter\u00e7a-feira (3\/8), em reuni\u00e3o entre Administra\u00e7\u00e3o Municipal de Teut\u00f4nia, Piquetes, Centro Cultural Tradicionalista (CCT) e Centros de Tradi\u00e7\u00e3o Ga\u00facha (CTGs), foi confirmada a realiza\u00e7\u00e3o do 5\u00ba Acampamento Farroupilha e 4\u00ba Desfile Farroupilha de Teut\u00f4nia.<\/p>\n\n\n\n<p>O acampamento ocorrer\u00e1 entre os dias 11 e 20 de setembro, no Centro Administrativo Municipal, com realiza\u00e7\u00e3o da Prefeitura de Teut\u00f4nia e CTG Rinc\u00e3o das Coxilhas, do Bairro Languiru.<\/p>\n\n\n\n<p>O evento foi autorizado pelo Comit\u00ea de Aten\u00e7\u00e3o e Enfrentamento ao novo Coronav\u00edrus (COE) de Teut\u00f4nia, e seguir\u00e1 todos os protocolos estabelecidos pelo Governo do Estado do Rio Grande do Sul. Em reuni\u00e3o com as entidades tradicionalistas foram informados todos os protocolos e cuidados que dever\u00e3o ser seguidos, rigorosamente, para que o evento possa ocorrer sem riscos \u00e0 sa\u00fade p\u00fablica.<\/p>\n\n\n\n<figure class=\"wp-block-image size-large is-resized\"><img loading=\"lazy\" decoding=\"async\" src=\"https:\/\/folhapopular.info\/wp-content\/uploads\/2021\/08\/2021_08_02_Confirmado-o-5o-Acampamento-Farroupilha-de-Teutonia-2-1024x683.jpg\" alt=\"\" class=\"wp-image-87629\" width=\"620\" height=\"407\"\/><figcaption>Reuni\u00e3o da Comiss\u00e3o Organizadora \/ Cr\u00e9ditos da foto: Diego Silva \/ Divulga\u00e7\u00e3o<\/figcaption><\/figure>\n\n\n\n<p>O objetivo \u00e9 oportunizar um momento de intera\u00e7\u00e3o entre as pessoas, com todos os cuidados, e manter viva a cultura e a tradi\u00e7\u00e3o ga\u00facha.<\/p>\n\n\n\n<p>A programa\u00e7\u00e3o completa ser\u00e1 divulgada no decorrer do m\u00eas de agosto.&nbsp;&nbsp;<\/p>\n","protected":false},"excerpt":{"rendered":"<p>Nesta ter\u00e7a-feira (3\/8), em reuni\u00e3o entre Administra\u00e7\u00e3o Municipal de Teut\u00f4nia, Piquetes, Centro Cultural Tradicionalista (CCT) e Centros de Tradi\u00e7\u00e3o Ga\u00facha (CTGs), foi confirmada a realiza\u00e7\u00e3o do 5\u00ba Acampamento Farroupilha e 4\u00ba Desfile Farroupilha de Teut\u00f4nia. O acampamento ocorrer\u00e1 entre os dias 11 e 20 de setembro, no Centro Administrativo Municipal, com realiza\u00e7\u00e3o da Prefeitura de [&hellip;]<\/p>\n","protected":false},"author":8,"featured_media":87628,"comment_status":"open","ping_status":"open","sticky":false,"template":"","format":"standard","meta":{"pmpro_default_level":"","_jetpack_memberships_contains_paid_content":false,"footnotes":""},"categories":[2,3],"tags":[980,26],"class_list":{"0":"post-87627","1":"post","2":"type-post","3":"status-publish","4":"format-standard","5":"has-post-thumbnail","7":"category-featured","8":"category-geral","9":"tag-acampamento-farroupilha","10":"tag-teutonia","11":"pmpro-has-access"},"yoast_head":"<!-- This site is optimized with the Yoast SEO plugin v27.5 - https:\/\/yoast.com\/product\/yoast-seo-wordpress\/ -->\n<title>Confirmada a realiza\u00e7\u00e3o do 5\u00ba Acampamento Farroupilha de Teut\u00f4nia - Folha Popular<\/title>\n<meta name=\"robots\" content=\"index, follow, max-snippet:-1, max-image-preview:large, max-video-preview:-1\" \/>\n<link rel=\"canonical\" href=\"https:\/\/folhapopular.info\/index.php\/2021\/08\/05\/confirmada-a-realizacao-do-5o-acampamento-farroupilha-de-teutonia\/\" \/>\n<meta property=\"og:locale\" content=\"pt_BR\" \/>\n<meta property=\"og:type\" content=\"article\" \/>\n<meta property=\"og:title\" content=\"Confirmada a realiza\u00e7\u00e3o do 5\u00ba Acampamento Farroupilha de Teut\u00f4nia - Folha Popular\" \/>\n<meta property=\"og:description\" content=\"Nesta ter\u00e7a-feira (3\/8), em reuni\u00e3o entre Administra\u00e7\u00e3o Municipal de Teut\u00f4nia, Piquetes, Centro Cultural Tradicionalista (CCT) e Centros de Tradi\u00e7\u00e3o Ga\u00facha (CTGs), foi confirmada a realiza\u00e7\u00e3o do 5\u00ba Acampamento Farroupilha e 4\u00ba Desfile Farroupilha de Teut\u00f4nia. O acampamento ocorrer\u00e1 entre os dias 11 e 20 de setembro, no Centro Administrativo Municipal, com realiza\u00e7\u00e3o da Prefeitura de [&hellip;]\" \/>\n<meta property=\"og:url\" content=\"https:\/\/folhapopular.info\/index.php\/2021\/08\/05\/confirmada-a-realizacao-do-5o-acampamento-farroupilha-de-teutonia\/\" \/>\n<meta property=\"og:site_name\" content=\"Folha Popular\" \/>\n<meta property=\"article:published_time\" content=\"2021-08-05T19:22:22+00:00\" \/>\n<meta property=\"article:modified_time\" content=\"2021-08-05T19:22:26+00:00\" \/>\n<meta property=\"og:image\" content=\"https:\/\/folhapopular.info\/wp-content\/uploads\/2021\/08\/logo_2-01-e1628191215639.png\" \/>\n\t<meta property=\"og:image:width\" content=\"800\" \/>\n\t<meta property=\"og:image:height\" content=\"419\" \/>\n\t<meta property=\"og:image:type\" content=\"image\/png\" \/>\n<meta name=\"author\" content=\"Reda\u00e7\u00e3o Folha Popular\" \/>\n<meta name=\"twitter:card\" content=\"summary_large_image\" \/>\n<meta name=\"twitter:label1\" content=\"Escrito por\" \/>\n\t<meta name=\"twitter:data1\" content=\"Reda\u00e7\u00e3o Folha Popular\" \/>\n\t<meta name=\"twitter:label2\" content=\"Est. tempo de leitura\" \/>\n\t<meta name=\"twitter:data2\" content=\"1 minuto\" \/>\n<script type=\"application\/ld+json\" class=\"yoast-schema-graph\">{\"@context\":\"https:\\\/\\\/schema.org\",\"@graph\":[{\"@type\":\"Article\",\"@id\":\"https:\\\/\\\/folhapopular.info\\\/index.php\\\/2021\\\/08\\\/05\\\/confirmada-a-realizacao-do-5o-acampamento-farroupilha-de-teutonia\\\/#article\",\"isPartOf\":{\"@id\":\"https:\\\/\\\/folhapopular.info\\\/index.php\\\/2021\\\/08\\\/05\\\/confirmada-a-realizacao-do-5o-acampamento-farroupilha-de-teutonia\\\/\"},\"author\":{\"name\":\"Reda\u00e7\u00e3o Folha Popular\",\"@id\":\"https:\\\/\\\/folhapopular.info\\\/#\\\/schema\\\/person\\\/2814e8a0df7643585a9ca38bc6eb9d4b\"},\"headline\":\"Confirmada a realiza\u00e7\u00e3o do 5\u00ba Acampamento Farroupilha de Teut\u00f4nia\",\"datePublished\":\"2021-08-05T19:22:22+00:00\",\"dateModified\":\"2021-08-05T19:22:26+00:00\",\"mainEntityOfPage\":{\"@id\":\"https:\\\/\\\/folhapopular.info\\\/index.php\\\/2021\\\/08\\\/05\\\/confirmada-a-realizacao-do-5o-acampamento-farroupilha-de-teutonia\\\/\"},\"wordCount\":201,\"commentCount\":0,\"image\":{\"@id\":\"https:\\\/\\\/folhapopular.info\\\/index.php\\\/2021\\\/08\\\/05\\\/confirmada-a-realizacao-do-5o-acampamento-farroupilha-de-teutonia\\\/#primaryimage\"},\"thumbnailUrl\":\"https:\\\/\\\/folhapopular.info\\\/wp-content\\\/uploads\\\/2021\\\/08\\\/logo_2-01-e1628191215639.png\",\"keywords\":[\"Acampamento Farroupilha\",\"Teut\u00f4nia\"],\"articleSection\":[\"Destaques\",\"Geral\"],\"inLanguage\":\"pt-BR\",\"potentialAction\":[{\"@type\":\"CommentAction\",\"name\":\"Comment\",\"target\":[\"https:\\\/\\\/folhapopular.info\\\/index.php\\\/2021\\\/08\\\/05\\\/confirmada-a-realizacao-do-5o-acampamento-farroupilha-de-teutonia\\\/#respond\"]}]},{\"@type\":\"WebPage\",\"@id\":\"https:\\\/\\\/folhapopular.info\\\/index.php\\\/2021\\\/08\\\/05\\\/confirmada-a-realizacao-do-5o-acampamento-farroupilha-de-teutonia\\\/\",\"url\":\"https:\\\/\\\/folhapopular.info\\\/index.php\\\/2021\\\/08\\\/05\\\/confirmada-a-realizacao-do-5o-acampamento-farroupilha-de-teutonia\\\/\",\"name\":\"Confirmada a realiza\u00e7\u00e3o do 5\u00ba Acampamento Farroupilha de Teut\u00f4nia - Folha Popular\",\"isPartOf\":{\"@id\":\"https:\\\/\\\/folhapopular.info\\\/#website\"},\"primaryImageOfPage\":{\"@id\":\"https:\\\/\\\/folhapopular.info\\\/index.php\\\/2021\\\/08\\\/05\\\/confirmada-a-realizacao-do-5o-acampamento-farroupilha-de-teutonia\\\/#primaryimage\"},\"image\":{\"@id\":\"https:\\\/\\\/folhapopular.info\\\/index.php\\\/2021\\\/08\\\/05\\\/confirmada-a-realizacao-do-5o-acampamento-farroupilha-de-teutonia\\\/#primaryimage\"},\"thumbnailUrl\":\"https:\\\/\\\/folhapopular.info\\\/wp-content\\\/uploads\\\/2021\\\/08\\\/logo_2-01-e1628191215639.png\",\"datePublished\":\"2021-08-05T19:22:22+00:00\",\"dateModified\":\"2021-08-05T19:22:26+00:00\",\"author\":{\"@id\":\"https:\\\/\\\/folhapopular.info\\\/#\\\/schema\\\/person\\\/2814e8a0df7643585a9ca38bc6eb9d4b\"},\"breadcrumb\":{\"@id\":\"https:\\\/\\\/folhapopular.info\\\/index.php\\\/2021\\\/08\\\/05\\\/confirmada-a-realizacao-do-5o-acampamento-farroupilha-de-teutonia\\\/#breadcrumb\"},\"inLanguage\":\"pt-BR\",\"potentialAction\":[{\"@type\":\"ReadAction\",\"target\":[\"https:\\\/\\\/folhapopular.info\\\/index.php\\\/2021\\\/08\\\/05\\\/confirmada-a-realizacao-do-5o-acampamento-farroupilha-de-teutonia\\\/\"]}]},{\"@type\":\"ImageObject\",\"inLanguage\":\"pt-BR\",\"@id\":\"https:\\\/\\\/folhapopular.info\\\/index.php\\\/2021\\\/08\\\/05\\\/confirmada-a-realizacao-do-5o-acampamento-farroupilha-de-teutonia\\\/#primaryimage\",\"url\":\"https:\\\/\\\/folhapopular.info\\\/wp-content\\\/uploads\\\/2021\\\/08\\\/logo_2-01-e1628191215639.png\",\"contentUrl\":\"https:\\\/\\\/folhapopular.info\\\/wp-content\\\/uploads\\\/2021\\\/08\\\/logo_2-01-e1628191215639.png\",\"width\":800,\"height\":419,\"caption\":\"Cr\u00e9ditos da foto: Egon Habel \\\/ Divulga\u00e7\u00e3o\"},{\"@type\":\"BreadcrumbList\",\"@id\":\"https:\\\/\\\/folhapopular.info\\\/index.php\\\/2021\\\/08\\\/05\\\/confirmada-a-realizacao-do-5o-acampamento-farroupilha-de-teutonia\\\/#breadcrumb\",\"itemListElement\":[{\"@type\":\"ListItem\",\"position\":1,\"name\":\"In\u00edcio\",\"item\":\"https:\\\/\\\/folhapopular.info\\\/\"},{\"@type\":\"ListItem\",\"position\":2,\"name\":\"Confirmada a realiza\u00e7\u00e3o do 5\u00ba Acampamento Farroupilha de Teut\u00f4nia\"}]},{\"@type\":\"WebSite\",\"@id\":\"https:\\\/\\\/folhapopular.info\\\/#website\",\"url\":\"https:\\\/\\\/folhapopular.info\\\/\",\"name\":\"Folha Popular\",\"description\":\"Onde voc\u00ea tem vez e voz\",\"potentialAction\":[{\"@type\":\"SearchAction\",\"target\":{\"@type\":\"EntryPoint\",\"urlTemplate\":\"https:\\\/\\\/folhapopular.info\\\/?s={search_term_string}\"},\"query-input\":{\"@type\":\"PropertyValueSpecification\",\"valueRequired\":true,\"valueName\":\"search_term_string\"}}],\"inLanguage\":\"pt-BR\"},{\"@type\":\"Person\",\"@id\":\"https:\\\/\\\/folhapopular.info\\\/#\\\/schema\\\/person\\\/2814e8a0df7643585a9ca38bc6eb9d4b\",\"name\":\"Reda\u00e7\u00e3o Folha Popular\",\"image\":{\"@type\":\"ImageObject\",\"inLanguage\":\"pt-BR\",\"@id\":\"https:\\\/\\\/folhapopular.info\\\/wp-content\\\/uploads\\\/2026\\\/04\\\/Folha-1.webp\",\"url\":\"https:\\\/\\\/folhapopular.info\\\/wp-content\\\/uploads\\\/2026\\\/04\\\/Folha-1.webp\",\"contentUrl\":\"https:\\\/\\\/folhapopular.info\\\/wp-content\\\/uploads\\\/2026\\\/04\\\/Folha-1.webp\",\"caption\":\"Reda\u00e7\u00e3o Folha Popular\"},\"url\":\"https:\\\/\\\/folhapopular.info\\\/index.php\\\/author\\\/redacao\\\/\"}]}<\/script>\n<!-- \/ Yoast SEO plugin. -->","yoast_head_json":{"title":"Confirmada a realiza\u00e7\u00e3o do 5\u00ba Acampamento Farroupilha de Teut\u00f4nia - Folha Popular","robots":{"index":"index","follow":"follow","max-snippet":"max-snippet:-1","max-image-preview":"max-image-preview:large","max-video-preview":"max-video-preview:-1"},"canonical":"https:\/\/folhapopular.info\/index.php\/2021\/08\/05\/confirmada-a-realizacao-do-5o-acampamento-farroupilha-de-teutonia\/","og_locale":"pt_BR","og_type":"article","og_title":"Confirmada a realiza\u00e7\u00e3o do 5\u00ba Acampamento Farroupilha de Teut\u00f4nia - Folha Popular","og_description":"Nesta ter\u00e7a-feira (3\/8), em reuni\u00e3o entre Administra\u00e7\u00e3o Municipal de Teut\u00f4nia, Piquetes, Centro Cultural Tradicionalista (CCT) e Centros de Tradi\u00e7\u00e3o Ga\u00facha (CTGs), foi confirmada a realiza\u00e7\u00e3o do 5\u00ba Acampamento Farroupilha e 4\u00ba Desfile Farroupilha de Teut\u00f4nia. O acampamento ocorrer\u00e1 entre os dias 11 e 20 de setembro, no Centro Administrativo Municipal, com realiza\u00e7\u00e3o da Prefeitura de [&hellip;]","og_url":"https:\/\/folhapopular.info\/index.php\/2021\/08\/05\/confirmada-a-realizacao-do-5o-acampamento-farroupilha-de-teutonia\/","og_site_name":"Folha Popular","article_published_time":"2021-08-05T19:22:22+00:00","article_modified_time":"2021-08-05T19:22:26+00:00","og_image":[{"width":800,"height":419,"url":"https:\/\/folhapopular.info\/wp-content\/uploads\/2021\/08\/logo_2-01-e1628191215639.png","type":"image\/png"}],"author":"Reda\u00e7\u00e3o Folha Popular","twitter_card":"summary_large_image","twitter_misc":{"Escrito por":"Reda\u00e7\u00e3o Folha Popular","Est. tempo de leitura":"1 minuto"},"schema":{"@context":"https:\/\/schema.org","@graph":[{"@type":"Article","@id":"https:\/\/folhapopular.info\/index.php\/2021\/08\/05\/confirmada-a-realizacao-do-5o-acampamento-farroupilha-de-teutonia\/#article","isPartOf":{"@id":"https:\/\/folhapopular.info\/index.php\/2021\/08\/05\/confirmada-a-realizacao-do-5o-acampamento-farroupilha-de-teutonia\/"},"author":{"name":"Reda\u00e7\u00e3o Folha Popular","@id":"https:\/\/folhapopular.info\/#\/schema\/person\/2814e8a0df7643585a9ca38bc6eb9d4b"},"headline":"Confirmada a realiza\u00e7\u00e3o do 5\u00ba Acampamento Farroupilha de Teut\u00f4nia","datePublished":"2021-08-05T19:22:22+00:00","dateModified":"2021-08-05T19:22:26+00:00","mainEntityOfPage":{"@id":"https:\/\/folhapopular.info\/index.php\/2021\/08\/05\/confirmada-a-realizacao-do-5o-acampamento-farroupilha-de-teutonia\/"},"wordCount":201,"commentCount":0,"image":{"@id":"https:\/\/folhapopular.info\/index.php\/2021\/08\/05\/confirmada-a-realizacao-do-5o-acampamento-farroupilha-de-teutonia\/#primaryimage"},"thumbnailUrl":"https:\/\/folhapopular.info\/wp-content\/uploads\/2021\/08\/logo_2-01-e1628191215639.png","keywords":["Acampamento Farroupilha","Teut\u00f4nia"],"articleSection":["Destaques","Geral"],"inLanguage":"pt-BR","potentialAction":[{"@type":"CommentAction","name":"Comment","target":["https:\/\/folhapopular.info\/index.php\/2021\/08\/05\/confirmada-a-realizacao-do-5o-acampamento-farroupilha-de-teutonia\/#respond"]}]},{"@type":"WebPage","@id":"https:\/\/folhapopular.info\/index.php\/2021\/08\/05\/confirmada-a-realizacao-do-5o-acampamento-farroupilha-de-teutonia\/","url":"https:\/\/folhapopular.info\/index.php\/2021\/08\/05\/confirmada-a-realizacao-do-5o-acampamento-farroupilha-de-teutonia\/","name":"Confirmada a realiza\u00e7\u00e3o do 5\u00ba Acampamento Farroupilha de Teut\u00f4nia - Folha Popular","isPartOf":{"@id":"https:\/\/folhapopular.info\/#website"},"primaryImageOfPage":{"@id":"https:\/\/folhapopular.info\/index.php\/2021\/08\/05\/confirmada-a-realizacao-do-5o-acampamento-farroupilha-de-teutonia\/#primaryimage"},"image":{"@id":"https:\/\/folhapopular.info\/index.php\/2021\/08\/05\/confirmada-a-realizacao-do-5o-acampamento-farroupilha-de-teutonia\/#primaryimage"},"thumbnailUrl":"https:\/\/folhapopular.info\/wp-content\/uploads\/2021\/08\/logo_2-01-e1628191215639.png","datePublished":"2021-08-05T19:22:22+00:00","dateModified":"2021-08-05T19:22:26+00:00","author":{"@id":"https:\/\/folhapopular.info\/#\/schema\/person\/2814e8a0df7643585a9ca38bc6eb9d4b"},"breadcrumb":{"@id":"https:\/\/folhapopular.info\/index.php\/2021\/08\/05\/confirmada-a-realizacao-do-5o-acampamento-farroupilha-de-teutonia\/#breadcrumb"},"inLanguage":"pt-BR","potentialAction":[{"@type":"ReadAction","target":["https:\/\/folhapopular.info\/index.php\/2021\/08\/05\/confirmada-a-realizacao-do-5o-acampamento-farroupilha-de-teutonia\/"]}]},{"@type":"ImageObject","inLanguage":"pt-BR","@id":"https:\/\/folhapopular.info\/index.php\/2021\/08\/05\/confirmada-a-realizacao-do-5o-acampamento-farroupilha-de-teutonia\/#primaryimage","url":"https:\/\/folhapopular.info\/wp-content\/uploads\/2021\/08\/logo_2-01-e1628191215639.png","contentUrl":"https:\/\/folhapopular.info\/wp-content\/uploads\/2021\/08\/logo_2-01-e1628191215639.png","width":800,"height":419,"caption":"Cr\u00e9ditos da foto: Egon Habel \/ Divulga\u00e7\u00e3o"},{"@type":"BreadcrumbList","@id":"https:\/\/folhapopular.info\/index.php\/2021\/08\/05\/confirmada-a-realizacao-do-5o-acampamento-farroupilha-de-teutonia\/#breadcrumb","itemListElement":[{"@type":"ListItem","position":1,"name":"In\u00edcio","item":"https:\/\/folhapopular.info\/"},{"@type":"ListItem","position":2,"name":"Confirmada a realiza\u00e7\u00e3o do 5\u00ba Acampamento Farroupilha de Teut\u00f4nia"}]},{"@type":"WebSite","@id":"https:\/\/folhapopular.info\/#website","url":"https:\/\/folhapopular.info\/","name":"Folha Popular","description":"Onde voc\u00ea tem vez e voz","potentialAction":[{"@type":"SearchAction","target":{"@type":"EntryPoint","urlTemplate":"https:\/\/folhapopular.info\/?s={search_term_string}"},"query-input":{"@type":"PropertyValueSpecification","valueRequired":true,"valueName":"search_term_string"}}],"inLanguage":"pt-BR"},{"@type":"Person","@id":"https:\/\/folhapopular.info\/#\/schema\/person\/2814e8a0df7643585a9ca38bc6eb9d4b","name":"Reda\u00e7\u00e3o Folha Popular","image":{"@type":"ImageObject","inLanguage":"pt-BR","@id":"https:\/\/folhapopular.info\/wp-content\/uploads\/2026\/04\/Folha-1.webp","url":"https:\/\/folhapopular.info\/wp-content\/uploads\/2026\/04\/Folha-1.webp","contentUrl":"https:\/\/folhapopular.info\/wp-content\/uploads\/2026\/04\/Folha-1.webp","caption":"Reda\u00e7\u00e3o Folha Popular"},"url":"https:\/\/folhapopular.info\/index.php\/author\/redacao\/"}]}},"jetpack_featured_media_url":"https:\/\/folhapopular.info\/wp-content\/uploads\/2021\/08\/logo_2-01-e1628191215639.png","jetpack_sharing_enabled":true,"amp_enabled":true,"_links":{"self":[{"href":"https:\/\/folhapopular.info\/index.php\/wp-json\/wp\/v2\/posts\/87627","targetHints":{"allow":["GET"]}}],"collection":[{"href":"https:\/\/folhapopular.info\/index.php\/wp-json\/wp\/v2\/posts"}],"about":[{"href":"https:\/\/folhapopular.info\/index.php\/wp-json\/wp\/v2\/types\/post"}],"author":[{"embeddable":true,"href":"https:\/\/folhapopular.info\/index.php\/wp-json\/wp\/v2\/users\/8"}],"replies":[{"embeddable":true,"href":"https:\/\/folhapopular.info\/index.php\/wp-json\/wp\/v2\/comments?post=87627"}],"version-history":[{"count":0,"href":"https:\/\/folhapopular.info\/index.php\/wp-json\/wp\/v2\/posts\/87627\/revisions"}],"wp:featuredmedia":[{"embeddable":true,"href":"https:\/\/folhapopular.info\/index.php\/wp-json\/wp\/v2\/media\/87628"}],"wp:attachment":[{"href":"https:\/\/folhapopular.info\/index.php\/wp-json\/wp\/v2\/media?parent=87627"}],"wp:term":[{"taxonomy":"category","embeddable":true,"href":"https:\/\/folhapopular.info\/index.php\/wp-json\/wp\/v2\/categories?post=87627"},{"taxonomy":"post_tag","embeddable":true,"href":"https:\/\/folhapopular.info\/index.php\/wp-json\/wp\/v2\/tags?post=87627"}],"curies":[{"name":"wp","href":"https:\/\/api.w.org\/{rel}","templated":true}]}}