{"id":87639,"date":"2021-08-05T17:14:55","date_gmt":"2021-08-05T20:14:55","guid":{"rendered":"https:\/\/folhapopular.info\/?p=87639"},"modified":"2021-08-05T17:15:00","modified_gmt":"2021-08-05T20:15:00","slug":"aulas-retornam-de-forma-integral-no-educandario-infantil-em-paverama","status":"publish","type":"post","link":"https:\/\/folhapopular.info\/index.php\/2021\/08\/05\/aulas-retornam-de-forma-integral-no-educandario-infantil-em-paverama\/","title":{"rendered":"Aulas retornam de forma integral no educand\u00e1rio infantil em Paverama"},"content":{"rendered":"\n<p>A Secretaria Municipal de Educa\u00e7\u00e3o de Paverama, confirmou o retorno integral dos alunos \u00e0s salas de aulas do educand\u00e1rio infantil. O retorno ser\u00e1 de maneira gradativa e respeitando os protocolos existentes no Estado, como, principalmente, o espa\u00e7amento de 1 metro entre uma carteira e outra.<\/p>\n\n\n\n<p>De acordo com o Secret\u00e1rio de Educa\u00e7\u00e3o, Fl\u00e1vio Nirceu Jung, o retorno j\u00e1 iniciar\u00e1 na pr\u00f3xima segunda-feira (9\/8). \u201cNesta segunda j\u00e1 teremos o retorno dos ber\u00e7\u00e1rios, que s\u00e3o as crian\u00e7as de 0 a 2 anos de idade. Por todo o processo de adapta\u00e7\u00e3o j\u00e1 realizado com os mesmos, acreditamos que ser\u00e1 um retorno tranquilo, pois estas crian\u00e7as j\u00e1 est\u00e3o frequentando a educa\u00e7\u00e3o infantil em meio per\u00edodo\u201d.<\/p>\n\n\n\n<p>O prefeito Fabiano Merence Brand\u00e3o, n\u00e3o escondeu a alegria com o retorno. \u201cN\u00e3o tenho palavras para agradecer a todos os profissionais da educa\u00e7\u00e3o que est\u00e3o se empenhando para isso. Falei em janeiro quando assumimos e volto a falar, eu sempre vou me colocar no lugar de um trabalhador pai ou m\u00e3e de fam\u00edlia, que precisa levantar \u00e0s 5 da manh\u00e3 e at\u00e9 ent\u00e3o, precisava depender de outras pessoas para ficar com seu filho\u201d, explicou.<\/p>\n\n\n\n<p>A Secretaria Municipal de Educa\u00e7\u00e3o explicou que em apenas uma, ou duas institui\u00e7\u00f5es, o retorno dos pr\u00e9s no formato integral n\u00e3o est\u00e1 confirmado. \u201cInfelizmente em dois locais estamos enfrentando dificuldades pois as salas n\u00e3o comportam todas as crian\u00e7as, respeitando este 1 metro de dist\u00e2ncia. Como os pr\u00e9s s\u00f3 retornar\u00e3o no dia 23 de agosto, continuaremos tentando encontrar alternativas para estas situa\u00e7\u00f5es\u201d, explicou Fl\u00e1vio.<\/p>\n\n\n\n<p><strong>COMO ESTAVA FUNCIONANDO ATUALMENTE<\/strong><\/p>\n\n\n\n<p><strong>Ber\u00e7\u00e1rios<\/strong>&nbsp;\u2013 As crian\u00e7as frequentavam as salas de aula em meio per\u00edodo na parte da tarde.<br>Hor\u00e1rio: Entrada 12h30 e sa\u00edda at\u00e9 \u00e0s 17h30 de segunda a sexta.<\/p>\n\n\n\n<p><strong>Maternais<\/strong>&nbsp;\u2013 As crian\u00e7as frequentavam as salas de aula em meio per\u00edodo e no formato h\u00edbrido. 1 semana em casa e 1 semana em sala de aula.<br>Hor\u00e1rio: Entrada 12h30 e sa\u00edda at\u00e9 \u00e0s 17h30 de segunda a quinta-feira.<\/p>\n\n\n\n<p><strong>PR\u00c9S<\/strong>\u00a0\u2013 As crian\u00e7as frequentavam as salas de aula em meio per\u00edodo, no turno da manh\u00e3 no formato h\u00edbrido. 1 semana em casa e 1 semana em sala de aula. <br>Hor\u00e1rio: Entrada 7h00 e sa\u00edda at\u00e9 \u00e0s 11h30 de segunda a quinta-feira.<\/p>\n\n\n\n<p><strong>O QUE MUDA AGORA:<\/strong><\/p>\n\n\n\n<p>Ber\u00e7\u00e1rios, Maternais e Pr\u00e9s<\/p>\n\n\n\n<p>As crian\u00e7as frequentar\u00e3o as salas de aula o dia inteiro.<br>Hor\u00e1rio: Entrada 06h30 e sa\u00edda at\u00e9 \u00e0s 18h de segunda a sexta.<br>Elas ganhar\u00e3o todas as refei\u00e7\u00f5es do dia e far\u00e3o o descanso no local.<\/p>\n\n\n\n<p>Em breve, a Secretaria Municipal de Educa\u00e7\u00e3o, informar\u00e1 de que maneira ocorrer\u00e1 o retorno dos alunos das Escolas Municipais de Ensino Fundamental do 1\u00ba ao 9\u00ba ano. Este retorno pode ocorrer ainda no m\u00eas de agosto.&nbsp;<\/p>\n","protected":false},"excerpt":{"rendered":"<p>A Secretaria Municipal de Educa\u00e7\u00e3o de Paverama, confirmou o retorno integral dos alunos \u00e0s salas de aulas do educand\u00e1rio infantil. O retorno ser\u00e1 de maneira gradativa e respeitando os protocolos existentes no Estado, como, principalmente, o espa\u00e7amento de 1 metro entre uma carteira e outra. De acordo com o Secret\u00e1rio de Educa\u00e7\u00e3o, Fl\u00e1vio Nirceu Jung, [&hellip;]<\/p>\n","protected":false},"author":8,"featured_media":87640,"comment_status":"open","ping_status":"open","sticky":false,"template":"","format":"standard","meta":{"pmpro_default_level":"","_jetpack_memberships_contains_paid_content":false,"footnotes":""},"categories":[2,3],"tags":[46,2236],"class_list":{"0":"post-87639","1":"post","2":"type-post","3":"status-publish","4":"format-standard","5":"has-post-thumbnail","7":"category-featured","8":"category-geral","9":"tag-paverama","10":"tag-volta-as-aulas","11":"pmpro-has-access"},"yoast_head":"<!-- This site is optimized with the Yoast SEO plugin v27.5 - https:\/\/yoast.com\/product\/yoast-seo-wordpress\/ -->\n<title>Aulas retornam de forma integral no educand\u00e1rio infantil em Paverama - Folha Popular<\/title>\n<meta name=\"robots\" content=\"index, follow, max-snippet:-1, max-image-preview:large, max-video-preview:-1\" \/>\n<link rel=\"canonical\" href=\"https:\/\/folhapopular.info\/index.php\/2021\/08\/05\/aulas-retornam-de-forma-integral-no-educandario-infantil-em-paverama\/\" \/>\n<meta property=\"og:locale\" content=\"pt_BR\" \/>\n<meta property=\"og:type\" content=\"article\" \/>\n<meta property=\"og:title\" content=\"Aulas retornam de forma integral no educand\u00e1rio infantil em Paverama - Folha Popular\" \/>\n<meta property=\"og:description\" content=\"A Secretaria Municipal de Educa\u00e7\u00e3o de Paverama, confirmou o retorno integral dos alunos \u00e0s salas de aulas do educand\u00e1rio infantil. O retorno ser\u00e1 de maneira gradativa e respeitando os protocolos existentes no Estado, como, principalmente, o espa\u00e7amento de 1 metro entre uma carteira e outra. De acordo com o Secret\u00e1rio de Educa\u00e7\u00e3o, Fl\u00e1vio Nirceu Jung, [&hellip;]\" \/>\n<meta property=\"og:url\" content=\"https:\/\/folhapopular.info\/index.php\/2021\/08\/05\/aulas-retornam-de-forma-integral-no-educandario-infantil-em-paverama\/\" \/>\n<meta property=\"og:site_name\" content=\"Folha Popular\" \/>\n<meta property=\"article:published_time\" content=\"2021-08-05T20:14:55+00:00\" \/>\n<meta property=\"article:modified_time\" content=\"2021-08-05T20:15:00+00:00\" \/>\n<meta property=\"og:image\" content=\"https:\/\/folhapopular.info\/wp-content\/uploads\/2021\/08\/DSC_0015-scaled-e1628194444442.jpg\" \/>\n\t<meta property=\"og:image:width\" content=\"800\" \/>\n\t<meta property=\"og:image:height\" content=\"532\" \/>\n\t<meta property=\"og:image:type\" content=\"image\/jpeg\" \/>\n<meta name=\"author\" content=\"Reda\u00e7\u00e3o Folha Popular\" \/>\n<meta name=\"twitter:card\" content=\"summary_large_image\" \/>\n<meta name=\"twitter:label1\" content=\"Escrito por\" \/>\n\t<meta name=\"twitter:data1\" content=\"Reda\u00e7\u00e3o Folha Popular\" \/>\n\t<meta name=\"twitter:label2\" content=\"Est. tempo de leitura\" \/>\n\t<meta name=\"twitter:data2\" content=\"2 minutos\" \/>\n<script type=\"application\/ld+json\" class=\"yoast-schema-graph\">{\"@context\":\"https:\\\/\\\/schema.org\",\"@graph\":[{\"@type\":\"Article\",\"@id\":\"https:\\\/\\\/folhapopular.info\\\/index.php\\\/2021\\\/08\\\/05\\\/aulas-retornam-de-forma-integral-no-educandario-infantil-em-paverama\\\/#article\",\"isPartOf\":{\"@id\":\"https:\\\/\\\/folhapopular.info\\\/index.php\\\/2021\\\/08\\\/05\\\/aulas-retornam-de-forma-integral-no-educandario-infantil-em-paverama\\\/\"},\"author\":{\"name\":\"Reda\u00e7\u00e3o Folha Popular\",\"@id\":\"https:\\\/\\\/folhapopular.info\\\/#\\\/schema\\\/person\\\/2814e8a0df7643585a9ca38bc6eb9d4b\"},\"headline\":\"Aulas retornam de forma integral no educand\u00e1rio infantil em Paverama\",\"datePublished\":\"2021-08-05T20:14:55+00:00\",\"dateModified\":\"2021-08-05T20:15:00+00:00\",\"mainEntityOfPage\":{\"@id\":\"https:\\\/\\\/folhapopular.info\\\/index.php\\\/2021\\\/08\\\/05\\\/aulas-retornam-de-forma-integral-no-educandario-infantil-em-paverama\\\/\"},\"wordCount\":499,\"commentCount\":0,\"image\":{\"@id\":\"https:\\\/\\\/folhapopular.info\\\/index.php\\\/2021\\\/08\\\/05\\\/aulas-retornam-de-forma-integral-no-educandario-infantil-em-paverama\\\/#primaryimage\"},\"thumbnailUrl\":\"https:\\\/\\\/folhapopular.info\\\/wp-content\\\/uploads\\\/2021\\\/08\\\/DSC_0015-scaled-e1628194444442.jpg\",\"keywords\":[\"Paverama\",\"Volta \u00e0s Aulas\"],\"articleSection\":[\"Destaques\",\"Geral\"],\"inLanguage\":\"pt-BR\",\"potentialAction\":[{\"@type\":\"CommentAction\",\"name\":\"Comment\",\"target\":[\"https:\\\/\\\/folhapopular.info\\\/index.php\\\/2021\\\/08\\\/05\\\/aulas-retornam-de-forma-integral-no-educandario-infantil-em-paverama\\\/#respond\"]}]},{\"@type\":\"WebPage\",\"@id\":\"https:\\\/\\\/folhapopular.info\\\/index.php\\\/2021\\\/08\\\/05\\\/aulas-retornam-de-forma-integral-no-educandario-infantil-em-paverama\\\/\",\"url\":\"https:\\\/\\\/folhapopular.info\\\/index.php\\\/2021\\\/08\\\/05\\\/aulas-retornam-de-forma-integral-no-educandario-infantil-em-paverama\\\/\",\"name\":\"Aulas retornam de forma integral no educand\u00e1rio infantil em Paverama - Folha Popular\",\"isPartOf\":{\"@id\":\"https:\\\/\\\/folhapopular.info\\\/#website\"},\"primaryImageOfPage\":{\"@id\":\"https:\\\/\\\/folhapopular.info\\\/index.php\\\/2021\\\/08\\\/05\\\/aulas-retornam-de-forma-integral-no-educandario-infantil-em-paverama\\\/#primaryimage\"},\"image\":{\"@id\":\"https:\\\/\\\/folhapopular.info\\\/index.php\\\/2021\\\/08\\\/05\\\/aulas-retornam-de-forma-integral-no-educandario-infantil-em-paverama\\\/#primaryimage\"},\"thumbnailUrl\":\"https:\\\/\\\/folhapopular.info\\\/wp-content\\\/uploads\\\/2021\\\/08\\\/DSC_0015-scaled-e1628194444442.jpg\",\"datePublished\":\"2021-08-05T20:14:55+00:00\",\"dateModified\":\"2021-08-05T20:15:00+00:00\",\"author\":{\"@id\":\"https:\\\/\\\/folhapopular.info\\\/#\\\/schema\\\/person\\\/2814e8a0df7643585a9ca38bc6eb9d4b\"},\"breadcrumb\":{\"@id\":\"https:\\\/\\\/folhapopular.info\\\/index.php\\\/2021\\\/08\\\/05\\\/aulas-retornam-de-forma-integral-no-educandario-infantil-em-paverama\\\/#breadcrumb\"},\"inLanguage\":\"pt-BR\",\"potentialAction\":[{\"@type\":\"ReadAction\",\"target\":[\"https:\\\/\\\/folhapopular.info\\\/index.php\\\/2021\\\/08\\\/05\\\/aulas-retornam-de-forma-integral-no-educandario-infantil-em-paverama\\\/\"]}]},{\"@type\":\"ImageObject\",\"inLanguage\":\"pt-BR\",\"@id\":\"https:\\\/\\\/folhapopular.info\\\/index.php\\\/2021\\\/08\\\/05\\\/aulas-retornam-de-forma-integral-no-educandario-infantil-em-paverama\\\/#primaryimage\",\"url\":\"https:\\\/\\\/folhapopular.info\\\/wp-content\\\/uploads\\\/2021\\\/08\\\/DSC_0015-scaled-e1628194444442.jpg\",\"contentUrl\":\"https:\\\/\\\/folhapopular.info\\\/wp-content\\\/uploads\\\/2021\\\/08\\\/DSC_0015-scaled-e1628194444442.jpg\",\"width\":800,\"height\":532,\"caption\":\"Cr\u00e9ditos da foto: Divulga\u00e7\u00e3o\"},{\"@type\":\"BreadcrumbList\",\"@id\":\"https:\\\/\\\/folhapopular.info\\\/index.php\\\/2021\\\/08\\\/05\\\/aulas-retornam-de-forma-integral-no-educandario-infantil-em-paverama\\\/#breadcrumb\",\"itemListElement\":[{\"@type\":\"ListItem\",\"position\":1,\"name\":\"In\u00edcio\",\"item\":\"https:\\\/\\\/folhapopular.info\\\/\"},{\"@type\":\"ListItem\",\"position\":2,\"name\":\"Aulas retornam de forma integral no educand\u00e1rio infantil em Paverama\"}]},{\"@type\":\"WebSite\",\"@id\":\"https:\\\/\\\/folhapopular.info\\\/#website\",\"url\":\"https:\\\/\\\/folhapopular.info\\\/\",\"name\":\"Folha Popular\",\"description\":\"Onde voc\u00ea tem vez e voz\",\"potentialAction\":[{\"@type\":\"SearchAction\",\"target\":{\"@type\":\"EntryPoint\",\"urlTemplate\":\"https:\\\/\\\/folhapopular.info\\\/?s={search_term_string}\"},\"query-input\":{\"@type\":\"PropertyValueSpecification\",\"valueRequired\":true,\"valueName\":\"search_term_string\"}}],\"inLanguage\":\"pt-BR\"},{\"@type\":\"Person\",\"@id\":\"https:\\\/\\\/folhapopular.info\\\/#\\\/schema\\\/person\\\/2814e8a0df7643585a9ca38bc6eb9d4b\",\"name\":\"Reda\u00e7\u00e3o Folha Popular\",\"image\":{\"@type\":\"ImageObject\",\"inLanguage\":\"pt-BR\",\"@id\":\"https:\\\/\\\/folhapopular.info\\\/wp-content\\\/uploads\\\/2026\\\/04\\\/Folha-1.webp\",\"url\":\"https:\\\/\\\/folhapopular.info\\\/wp-content\\\/uploads\\\/2026\\\/04\\\/Folha-1.webp\",\"contentUrl\":\"https:\\\/\\\/folhapopular.info\\\/wp-content\\\/uploads\\\/2026\\\/04\\\/Folha-1.webp\",\"caption\":\"Reda\u00e7\u00e3o Folha Popular\"},\"url\":\"https:\\\/\\\/folhapopular.info\\\/index.php\\\/author\\\/redacao\\\/\"}]}<\/script>\n<!-- \/ Yoast SEO plugin. -->","yoast_head_json":{"title":"Aulas retornam de forma integral no educand\u00e1rio infantil em Paverama - Folha Popular","robots":{"index":"index","follow":"follow","max-snippet":"max-snippet:-1","max-image-preview":"max-image-preview:large","max-video-preview":"max-video-preview:-1"},"canonical":"https:\/\/folhapopular.info\/index.php\/2021\/08\/05\/aulas-retornam-de-forma-integral-no-educandario-infantil-em-paverama\/","og_locale":"pt_BR","og_type":"article","og_title":"Aulas retornam de forma integral no educand\u00e1rio infantil em Paverama - Folha Popular","og_description":"A Secretaria Municipal de Educa\u00e7\u00e3o de Paverama, confirmou o retorno integral dos alunos \u00e0s salas de aulas do educand\u00e1rio infantil. O retorno ser\u00e1 de maneira gradativa e respeitando os protocolos existentes no Estado, como, principalmente, o espa\u00e7amento de 1 metro entre uma carteira e outra. De acordo com o Secret\u00e1rio de Educa\u00e7\u00e3o, Fl\u00e1vio Nirceu Jung, [&hellip;]","og_url":"https:\/\/folhapopular.info\/index.php\/2021\/08\/05\/aulas-retornam-de-forma-integral-no-educandario-infantil-em-paverama\/","og_site_name":"Folha Popular","article_published_time":"2021-08-05T20:14:55+00:00","article_modified_time":"2021-08-05T20:15:00+00:00","og_image":[{"width":800,"height":532,"url":"https:\/\/folhapopular.info\/wp-content\/uploads\/2021\/08\/DSC_0015-scaled-e1628194444442.jpg","type":"image\/jpeg"}],"author":"Reda\u00e7\u00e3o Folha Popular","twitter_card":"summary_large_image","twitter_misc":{"Escrito por":"Reda\u00e7\u00e3o Folha Popular","Est. tempo de leitura":"2 minutos"},"schema":{"@context":"https:\/\/schema.org","@graph":[{"@type":"Article","@id":"https:\/\/folhapopular.info\/index.php\/2021\/08\/05\/aulas-retornam-de-forma-integral-no-educandario-infantil-em-paverama\/#article","isPartOf":{"@id":"https:\/\/folhapopular.info\/index.php\/2021\/08\/05\/aulas-retornam-de-forma-integral-no-educandario-infantil-em-paverama\/"},"author":{"name":"Reda\u00e7\u00e3o Folha Popular","@id":"https:\/\/folhapopular.info\/#\/schema\/person\/2814e8a0df7643585a9ca38bc6eb9d4b"},"headline":"Aulas retornam de forma integral no educand\u00e1rio infantil em Paverama","datePublished":"2021-08-05T20:14:55+00:00","dateModified":"2021-08-05T20:15:00+00:00","mainEntityOfPage":{"@id":"https:\/\/folhapopular.info\/index.php\/2021\/08\/05\/aulas-retornam-de-forma-integral-no-educandario-infantil-em-paverama\/"},"wordCount":499,"commentCount":0,"image":{"@id":"https:\/\/folhapopular.info\/index.php\/2021\/08\/05\/aulas-retornam-de-forma-integral-no-educandario-infantil-em-paverama\/#primaryimage"},"thumbnailUrl":"https:\/\/folhapopular.info\/wp-content\/uploads\/2021\/08\/DSC_0015-scaled-e1628194444442.jpg","keywords":["Paverama","Volta \u00e0s Aulas"],"articleSection":["Destaques","Geral"],"inLanguage":"pt-BR","potentialAction":[{"@type":"CommentAction","name":"Comment","target":["https:\/\/folhapopular.info\/index.php\/2021\/08\/05\/aulas-retornam-de-forma-integral-no-educandario-infantil-em-paverama\/#respond"]}]},{"@type":"WebPage","@id":"https:\/\/folhapopular.info\/index.php\/2021\/08\/05\/aulas-retornam-de-forma-integral-no-educandario-infantil-em-paverama\/","url":"https:\/\/folhapopular.info\/index.php\/2021\/08\/05\/aulas-retornam-de-forma-integral-no-educandario-infantil-em-paverama\/","name":"Aulas retornam de forma integral no educand\u00e1rio infantil em Paverama - Folha Popular","isPartOf":{"@id":"https:\/\/folhapopular.info\/#website"},"primaryImageOfPage":{"@id":"https:\/\/folhapopular.info\/index.php\/2021\/08\/05\/aulas-retornam-de-forma-integral-no-educandario-infantil-em-paverama\/#primaryimage"},"image":{"@id":"https:\/\/folhapopular.info\/index.php\/2021\/08\/05\/aulas-retornam-de-forma-integral-no-educandario-infantil-em-paverama\/#primaryimage"},"thumbnailUrl":"https:\/\/folhapopular.info\/wp-content\/uploads\/2021\/08\/DSC_0015-scaled-e1628194444442.jpg","datePublished":"2021-08-05T20:14:55+00:00","dateModified":"2021-08-05T20:15:00+00:00","author":{"@id":"https:\/\/folhapopular.info\/#\/schema\/person\/2814e8a0df7643585a9ca38bc6eb9d4b"},"breadcrumb":{"@id":"https:\/\/folhapopular.info\/index.php\/2021\/08\/05\/aulas-retornam-de-forma-integral-no-educandario-infantil-em-paverama\/#breadcrumb"},"inLanguage":"pt-BR","potentialAction":[{"@type":"ReadAction","target":["https:\/\/folhapopular.info\/index.php\/2021\/08\/05\/aulas-retornam-de-forma-integral-no-educandario-infantil-em-paverama\/"]}]},{"@type":"ImageObject","inLanguage":"pt-BR","@id":"https:\/\/folhapopular.info\/index.php\/2021\/08\/05\/aulas-retornam-de-forma-integral-no-educandario-infantil-em-paverama\/#primaryimage","url":"https:\/\/folhapopular.info\/wp-content\/uploads\/2021\/08\/DSC_0015-scaled-e1628194444442.jpg","contentUrl":"https:\/\/folhapopular.info\/wp-content\/uploads\/2021\/08\/DSC_0015-scaled-e1628194444442.jpg","width":800,"height":532,"caption":"Cr\u00e9ditos da foto: Divulga\u00e7\u00e3o"},{"@type":"BreadcrumbList","@id":"https:\/\/folhapopular.info\/index.php\/2021\/08\/05\/aulas-retornam-de-forma-integral-no-educandario-infantil-em-paverama\/#breadcrumb","itemListElement":[{"@type":"ListItem","position":1,"name":"In\u00edcio","item":"https:\/\/folhapopular.info\/"},{"@type":"ListItem","position":2,"name":"Aulas retornam de forma integral no educand\u00e1rio infantil em Paverama"}]},{"@type":"WebSite","@id":"https:\/\/folhapopular.info\/#website","url":"https:\/\/folhapopular.info\/","name":"Folha Popular","description":"Onde voc\u00ea tem vez e voz","potentialAction":[{"@type":"SearchAction","target":{"@type":"EntryPoint","urlTemplate":"https:\/\/folhapopular.info\/?s={search_term_string}"},"query-input":{"@type":"PropertyValueSpecification","valueRequired":true,"valueName":"search_term_string"}}],"inLanguage":"pt-BR"},{"@type":"Person","@id":"https:\/\/folhapopular.info\/#\/schema\/person\/2814e8a0df7643585a9ca38bc6eb9d4b","name":"Reda\u00e7\u00e3o Folha Popular","image":{"@type":"ImageObject","inLanguage":"pt-BR","@id":"https:\/\/folhapopular.info\/wp-content\/uploads\/2026\/04\/Folha-1.webp","url":"https:\/\/folhapopular.info\/wp-content\/uploads\/2026\/04\/Folha-1.webp","contentUrl":"https:\/\/folhapopular.info\/wp-content\/uploads\/2026\/04\/Folha-1.webp","caption":"Reda\u00e7\u00e3o Folha Popular"},"url":"https:\/\/folhapopular.info\/index.php\/author\/redacao\/"}]}},"jetpack_featured_media_url":"https:\/\/folhapopular.info\/wp-content\/uploads\/2021\/08\/DSC_0015-scaled-e1628194444442.jpg","jetpack_sharing_enabled":true,"amp_enabled":true,"_links":{"self":[{"href":"https:\/\/folhapopular.info\/index.php\/wp-json\/wp\/v2\/posts\/87639","targetHints":{"allow":["GET"]}}],"collection":[{"href":"https:\/\/folhapopular.info\/index.php\/wp-json\/wp\/v2\/posts"}],"about":[{"href":"https:\/\/folhapopular.info\/index.php\/wp-json\/wp\/v2\/types\/post"}],"author":[{"embeddable":true,"href":"https:\/\/folhapopular.info\/index.php\/wp-json\/wp\/v2\/users\/8"}],"replies":[{"embeddable":true,"href":"https:\/\/folhapopular.info\/index.php\/wp-json\/wp\/v2\/comments?post=87639"}],"version-history":[{"count":0,"href":"https:\/\/folhapopular.info\/index.php\/wp-json\/wp\/v2\/posts\/87639\/revisions"}],"wp:featuredmedia":[{"embeddable":true,"href":"https:\/\/folhapopular.info\/index.php\/wp-json\/wp\/v2\/media\/87640"}],"wp:attachment":[{"href":"https:\/\/folhapopular.info\/index.php\/wp-json\/wp\/v2\/media?parent=87639"}],"wp:term":[{"taxonomy":"category","embeddable":true,"href":"https:\/\/folhapopular.info\/index.php\/wp-json\/wp\/v2\/categories?post=87639"},{"taxonomy":"post_tag","embeddable":true,"href":"https:\/\/folhapopular.info\/index.php\/wp-json\/wp\/v2\/tags?post=87639"}],"curies":[{"name":"wp","href":"https:\/\/api.w.org\/{rel}","templated":true}]}}