{"id":88166,"date":"2021-08-18T16:31:49","date_gmt":"2021-08-18T19:31:49","guid":{"rendered":"https:\/\/folhapopular.info\/?p=88166"},"modified":"2021-08-18T16:31:53","modified_gmt":"2021-08-18T19:31:53","slug":"alunos-de-poco-das-antas-despertam-memorias-educacionais","status":"publish","type":"post","link":"https:\/\/folhapopular.info\/index.php\/2021\/08\/18\/alunos-de-poco-das-antas-despertam-memorias-educacionais\/","title":{"rendered":"Alunos de Po\u00e7o das Antas despertam mem\u00f3rias educacionais"},"content":{"rendered":"\n<p>O Centro Municipal de Educa\u00e7\u00e3o Infantil e Ensino Fundamental Po\u00e7oantense est\u00e1 promovendo atividades vinculadas \u00e0 3\u00aa Edi\u00e7\u00e3o do Dia Estadual do Patrim\u00f4nio Cultural. As a\u00e7\u00f5es s\u00e3o voltadas ao reconhecimento, sensibiliza\u00e7\u00e3o, valoriza\u00e7\u00e3o e preserva\u00e7\u00e3o do patrim\u00f4nio cultural.<\/p>\n\n\n\n<p>O patrim\u00f4nio cultural pode ser definido como um conjunto de saberes e manifesta\u00e7\u00f5es de uma comunidade, que lhes confere tra\u00e7os identit\u00e1rios pr\u00f3prios. A mem\u00f3ria coletiva de um povo pode ser identificada em lugares, objetos, festas, receitas culin\u00e1rias, saberes medicinais tradicionais, entre outras representa\u00e7\u00f5es que carregam significados das formas de viver, constituindo sua cultura. Sendo assim, no intuito de envolver a comunidade no reconhecimento e valoriza\u00e7\u00e3o dos bens culturais e das pessoas que formam o patrim\u00f4nio cultural, a tem\u00e1tica do 3\u00ba Dia Estadual do Patrim\u00f4nio \u00e9 a Educa\u00e7\u00e3o Patrimonial.<\/p>\n\n\n\n<p>No m\u00eas de agosto, a institui\u00e7\u00e3o escolar de Po\u00e7o das Antas quer resgatar, junto \u00e0s fam\u00edlias das crian\u00e7as, suas \u201cMem\u00f3rias Educacionais\u201d, ou seja, fotos e lembran\u00e7as do tempo de escola que fazem parte da hist\u00f3ria dos alunos e de seus familiares. As fotos e materiais devem ser identificados pela fam\u00edlia e far\u00e3o parte de uma exposi\u00e7\u00e3o no espa\u00e7o coberto da escola, que ter\u00e1 visita\u00e7\u00e3o aberta para as crian\u00e7as da educa\u00e7\u00e3o infantil, profissionais da escola e pais.<\/p>\n\n\n\n<p>Al\u00e9m da exposi\u00e7\u00e3o, a escola tamb\u00e9m est\u00e1 promovendo e despertando mem\u00f3rias educacionais nos alunos a partir da confec\u00e7\u00e3o de Lembran\u00e7as Escolares, com fotos em cen\u00e1rio padr\u00e3o e posterior impress\u00e3o e montagem que servir\u00e1 de recorda\u00e7\u00e3o desse per\u00edodo em suas vidas.<\/p>\n\n\n\n<figure class=\"wp-block-image size-large is-resized\"><img loading=\"lazy\" decoding=\"async\" src=\"https:\/\/folhapopular.info\/wp-content\/uploads\/2021\/08\/2-Centro-Municipal-de-Educacao-participa-da-3a-Edicao-do-Dia-Estadual-1024x766.jpeg\" alt=\"\" class=\"wp-image-88167\" width=\"612\" height=\"451\"\/><figcaption>Alunos, pais e profissionais da escola podem visitar a exposi\u00e7\u00e3o \/ Cr\u00e9dito da foto: Divulga\u00e7\u00e3o<\/figcaption><\/figure>\n","protected":false},"excerpt":{"rendered":"<p>O Centro Municipal de Educa\u00e7\u00e3o Infantil e Ensino Fundamental Po\u00e7oantense est\u00e1 promovendo atividades vinculadas \u00e0 3\u00aa Edi\u00e7\u00e3o do Dia Estadual do Patrim\u00f4nio Cultural. As a\u00e7\u00f5es s\u00e3o voltadas ao reconhecimento, sensibiliza\u00e7\u00e3o, valoriza\u00e7\u00e3o e preserva\u00e7\u00e3o do patrim\u00f4nio cultural. O patrim\u00f4nio cultural pode ser definido como um conjunto de saberes e manifesta\u00e7\u00f5es de uma comunidade, que lhes confere [&hellip;]<\/p>\n","protected":false},"author":8,"featured_media":88168,"comment_status":"open","ping_status":"open","sticky":false,"template":"","format":"standard","meta":{"pmpro_default_level":"","_jetpack_memberships_contains_paid_content":false,"footnotes":""},"categories":[2,3],"tags":[5155,6783,40],"class_list":{"0":"post-88166","1":"post","2":"type-post","3":"status-publish","4":"format-standard","5":"has-post-thumbnail","7":"category-featured","8":"category-geral","9":"tag-alunos","10":"tag-patrimonio-cultural","11":"tag-poco-das-antas","12":"pmpro-has-access"},"yoast_head":"<!-- This site is optimized with the Yoast SEO plugin v27.5 - https:\/\/yoast.com\/product\/yoast-seo-wordpress\/ -->\n<title>Alunos de Po\u00e7o das Antas despertam mem\u00f3rias educacionais - Folha Popular<\/title>\n<meta name=\"robots\" content=\"index, follow, max-snippet:-1, max-image-preview:large, max-video-preview:-1\" \/>\n<link rel=\"canonical\" href=\"https:\/\/folhapopular.info\/index.php\/2021\/08\/18\/alunos-de-poco-das-antas-despertam-memorias-educacionais\/\" \/>\n<meta property=\"og:locale\" content=\"pt_BR\" \/>\n<meta property=\"og:type\" content=\"article\" \/>\n<meta property=\"og:title\" content=\"Alunos de Po\u00e7o das Antas despertam mem\u00f3rias educacionais - Folha Popular\" \/>\n<meta property=\"og:description\" content=\"O Centro Municipal de Educa\u00e7\u00e3o Infantil e Ensino Fundamental Po\u00e7oantense est\u00e1 promovendo atividades vinculadas \u00e0 3\u00aa Edi\u00e7\u00e3o do Dia Estadual do Patrim\u00f4nio Cultural. As a\u00e7\u00f5es s\u00e3o voltadas ao reconhecimento, sensibiliza\u00e7\u00e3o, valoriza\u00e7\u00e3o e preserva\u00e7\u00e3o do patrim\u00f4nio cultural. O patrim\u00f4nio cultural pode ser definido como um conjunto de saberes e manifesta\u00e7\u00f5es de uma comunidade, que lhes confere [&hellip;]\" \/>\n<meta property=\"og:url\" content=\"https:\/\/folhapopular.info\/index.php\/2021\/08\/18\/alunos-de-poco-das-antas-despertam-memorias-educacionais\/\" \/>\n<meta property=\"og:site_name\" content=\"Folha Popular\" \/>\n<meta property=\"article:published_time\" content=\"2021-08-18T19:31:49+00:00\" \/>\n<meta property=\"article:modified_time\" content=\"2021-08-18T19:31:53+00:00\" \/>\n<meta property=\"og:image\" content=\"https:\/\/folhapopular.info\/wp-content\/uploads\/2021\/08\/3-Centro-Municipal-de-Educacao-participa-da-3a-Edicao-do-Dia-Estadual-e1629314340297.jpeg\" \/>\n\t<meta property=\"og:image:width\" content=\"598\" \/>\n\t<meta property=\"og:image:height\" content=\"800\" \/>\n\t<meta property=\"og:image:type\" content=\"image\/jpeg\" \/>\n<meta name=\"author\" content=\"Reda\u00e7\u00e3o Folha Popular\" \/>\n<meta name=\"twitter:card\" content=\"summary_large_image\" \/>\n<meta name=\"twitter:label1\" content=\"Escrito por\" \/>\n\t<meta name=\"twitter:data1\" content=\"Reda\u00e7\u00e3o Folha Popular\" \/>\n\t<meta name=\"twitter:label2\" content=\"Est. tempo de leitura\" \/>\n\t<meta name=\"twitter:data2\" content=\"2 minutos\" \/>\n<script type=\"application\/ld+json\" class=\"yoast-schema-graph\">{\"@context\":\"https:\\\/\\\/schema.org\",\"@graph\":[{\"@type\":\"Article\",\"@id\":\"https:\\\/\\\/folhapopular.info\\\/index.php\\\/2021\\\/08\\\/18\\\/alunos-de-poco-das-antas-despertam-memorias-educacionais\\\/#article\",\"isPartOf\":{\"@id\":\"https:\\\/\\\/folhapopular.info\\\/index.php\\\/2021\\\/08\\\/18\\\/alunos-de-poco-das-antas-despertam-memorias-educacionais\\\/\"},\"author\":{\"name\":\"Reda\u00e7\u00e3o Folha Popular\",\"@id\":\"https:\\\/\\\/folhapopular.info\\\/#\\\/schema\\\/person\\\/2814e8a0df7643585a9ca38bc6eb9d4b\"},\"headline\":\"Alunos de Po\u00e7o das Antas despertam mem\u00f3rias educacionais\",\"datePublished\":\"2021-08-18T19:31:49+00:00\",\"dateModified\":\"2021-08-18T19:31:53+00:00\",\"mainEntityOfPage\":{\"@id\":\"https:\\\/\\\/folhapopular.info\\\/index.php\\\/2021\\\/08\\\/18\\\/alunos-de-poco-das-antas-despertam-memorias-educacionais\\\/\"},\"wordCount\":312,\"commentCount\":0,\"image\":{\"@id\":\"https:\\\/\\\/folhapopular.info\\\/index.php\\\/2021\\\/08\\\/18\\\/alunos-de-poco-das-antas-despertam-memorias-educacionais\\\/#primaryimage\"},\"thumbnailUrl\":\"https:\\\/\\\/folhapopular.info\\\/wp-content\\\/uploads\\\/2021\\\/08\\\/3-Centro-Municipal-de-Educacao-participa-da-3a-Edicao-do-Dia-Estadual-e1629314340297.jpeg\",\"keywords\":[\"alunos\",\"Patrim\u00f4nio Cultural\",\"Po\u00e7o das Antas\"],\"articleSection\":[\"Destaques\",\"Geral\"],\"inLanguage\":\"pt-BR\",\"potentialAction\":[{\"@type\":\"CommentAction\",\"name\":\"Comment\",\"target\":[\"https:\\\/\\\/folhapopular.info\\\/index.php\\\/2021\\\/08\\\/18\\\/alunos-de-poco-das-antas-despertam-memorias-educacionais\\\/#respond\"]}]},{\"@type\":\"WebPage\",\"@id\":\"https:\\\/\\\/folhapopular.info\\\/index.php\\\/2021\\\/08\\\/18\\\/alunos-de-poco-das-antas-despertam-memorias-educacionais\\\/\",\"url\":\"https:\\\/\\\/folhapopular.info\\\/index.php\\\/2021\\\/08\\\/18\\\/alunos-de-poco-das-antas-despertam-memorias-educacionais\\\/\",\"name\":\"Alunos de Po\u00e7o das Antas despertam mem\u00f3rias educacionais - Folha Popular\",\"isPartOf\":{\"@id\":\"https:\\\/\\\/folhapopular.info\\\/#website\"},\"primaryImageOfPage\":{\"@id\":\"https:\\\/\\\/folhapopular.info\\\/index.php\\\/2021\\\/08\\\/18\\\/alunos-de-poco-das-antas-despertam-memorias-educacionais\\\/#primaryimage\"},\"image\":{\"@id\":\"https:\\\/\\\/folhapopular.info\\\/index.php\\\/2021\\\/08\\\/18\\\/alunos-de-poco-das-antas-despertam-memorias-educacionais\\\/#primaryimage\"},\"thumbnailUrl\":\"https:\\\/\\\/folhapopular.info\\\/wp-content\\\/uploads\\\/2021\\\/08\\\/3-Centro-Municipal-de-Educacao-participa-da-3a-Edicao-do-Dia-Estadual-e1629314340297.jpeg\",\"datePublished\":\"2021-08-18T19:31:49+00:00\",\"dateModified\":\"2021-08-18T19:31:53+00:00\",\"author\":{\"@id\":\"https:\\\/\\\/folhapopular.info\\\/#\\\/schema\\\/person\\\/2814e8a0df7643585a9ca38bc6eb9d4b\"},\"breadcrumb\":{\"@id\":\"https:\\\/\\\/folhapopular.info\\\/index.php\\\/2021\\\/08\\\/18\\\/alunos-de-poco-das-antas-despertam-memorias-educacionais\\\/#breadcrumb\"},\"inLanguage\":\"pt-BR\",\"potentialAction\":[{\"@type\":\"ReadAction\",\"target\":[\"https:\\\/\\\/folhapopular.info\\\/index.php\\\/2021\\\/08\\\/18\\\/alunos-de-poco-das-antas-despertam-memorias-educacionais\\\/\"]}]},{\"@type\":\"ImageObject\",\"inLanguage\":\"pt-BR\",\"@id\":\"https:\\\/\\\/folhapopular.info\\\/index.php\\\/2021\\\/08\\\/18\\\/alunos-de-poco-das-antas-despertam-memorias-educacionais\\\/#primaryimage\",\"url\":\"https:\\\/\\\/folhapopular.info\\\/wp-content\\\/uploads\\\/2021\\\/08\\\/3-Centro-Municipal-de-Educacao-participa-da-3a-Edicao-do-Dia-Estadual-e1629314340297.jpeg\",\"contentUrl\":\"https:\\\/\\\/folhapopular.info\\\/wp-content\\\/uploads\\\/2021\\\/08\\\/3-Centro-Municipal-de-Educacao-participa-da-3a-Edicao-do-Dia-Estadual-e1629314340297.jpeg\",\"width\":598,\"height\":800,\"caption\":\"Alunos, pais e profissionais da escola podem visitar a exposi\u00e7\u00e3o \\\/ Cr\u00e9dito das fotos: Divulga\u00e7\u00e3o\"},{\"@type\":\"BreadcrumbList\",\"@id\":\"https:\\\/\\\/folhapopular.info\\\/index.php\\\/2021\\\/08\\\/18\\\/alunos-de-poco-das-antas-despertam-memorias-educacionais\\\/#breadcrumb\",\"itemListElement\":[{\"@type\":\"ListItem\",\"position\":1,\"name\":\"In\u00edcio\",\"item\":\"https:\\\/\\\/folhapopular.info\\\/\"},{\"@type\":\"ListItem\",\"position\":2,\"name\":\"Alunos de Po\u00e7o das Antas despertam mem\u00f3rias educacionais\"}]},{\"@type\":\"WebSite\",\"@id\":\"https:\\\/\\\/folhapopular.info\\\/#website\",\"url\":\"https:\\\/\\\/folhapopular.info\\\/\",\"name\":\"Folha Popular\",\"description\":\"Onde voc\u00ea tem vez e voz\",\"potentialAction\":[{\"@type\":\"SearchAction\",\"target\":{\"@type\":\"EntryPoint\",\"urlTemplate\":\"https:\\\/\\\/folhapopular.info\\\/?s={search_term_string}\"},\"query-input\":{\"@type\":\"PropertyValueSpecification\",\"valueRequired\":true,\"valueName\":\"search_term_string\"}}],\"inLanguage\":\"pt-BR\"},{\"@type\":\"Person\",\"@id\":\"https:\\\/\\\/folhapopular.info\\\/#\\\/schema\\\/person\\\/2814e8a0df7643585a9ca38bc6eb9d4b\",\"name\":\"Reda\u00e7\u00e3o Folha Popular\",\"image\":{\"@type\":\"ImageObject\",\"inLanguage\":\"pt-BR\",\"@id\":\"https:\\\/\\\/folhapopular.info\\\/wp-content\\\/uploads\\\/2026\\\/04\\\/Folha-1.webp\",\"url\":\"https:\\\/\\\/folhapopular.info\\\/wp-content\\\/uploads\\\/2026\\\/04\\\/Folha-1.webp\",\"contentUrl\":\"https:\\\/\\\/folhapopular.info\\\/wp-content\\\/uploads\\\/2026\\\/04\\\/Folha-1.webp\",\"caption\":\"Reda\u00e7\u00e3o Folha Popular\"},\"url\":\"https:\\\/\\\/folhapopular.info\\\/index.php\\\/author\\\/redacao\\\/\"}]}<\/script>\n<!-- \/ Yoast SEO plugin. -->","yoast_head_json":{"title":"Alunos de Po\u00e7o das Antas despertam mem\u00f3rias educacionais - Folha Popular","robots":{"index":"index","follow":"follow","max-snippet":"max-snippet:-1","max-image-preview":"max-image-preview:large","max-video-preview":"max-video-preview:-1"},"canonical":"https:\/\/folhapopular.info\/index.php\/2021\/08\/18\/alunos-de-poco-das-antas-despertam-memorias-educacionais\/","og_locale":"pt_BR","og_type":"article","og_title":"Alunos de Po\u00e7o das Antas despertam mem\u00f3rias educacionais - Folha Popular","og_description":"O Centro Municipal de Educa\u00e7\u00e3o Infantil e Ensino Fundamental Po\u00e7oantense est\u00e1 promovendo atividades vinculadas \u00e0 3\u00aa Edi\u00e7\u00e3o do Dia Estadual do Patrim\u00f4nio Cultural. As a\u00e7\u00f5es s\u00e3o voltadas ao reconhecimento, sensibiliza\u00e7\u00e3o, valoriza\u00e7\u00e3o e preserva\u00e7\u00e3o do patrim\u00f4nio cultural. O patrim\u00f4nio cultural pode ser definido como um conjunto de saberes e manifesta\u00e7\u00f5es de uma comunidade, que lhes confere [&hellip;]","og_url":"https:\/\/folhapopular.info\/index.php\/2021\/08\/18\/alunos-de-poco-das-antas-despertam-memorias-educacionais\/","og_site_name":"Folha Popular","article_published_time":"2021-08-18T19:31:49+00:00","article_modified_time":"2021-08-18T19:31:53+00:00","og_image":[{"width":598,"height":800,"url":"https:\/\/folhapopular.info\/wp-content\/uploads\/2021\/08\/3-Centro-Municipal-de-Educacao-participa-da-3a-Edicao-do-Dia-Estadual-e1629314340297.jpeg","type":"image\/jpeg"}],"author":"Reda\u00e7\u00e3o Folha Popular","twitter_card":"summary_large_image","twitter_misc":{"Escrito por":"Reda\u00e7\u00e3o Folha Popular","Est. tempo de leitura":"2 minutos"},"schema":{"@context":"https:\/\/schema.org","@graph":[{"@type":"Article","@id":"https:\/\/folhapopular.info\/index.php\/2021\/08\/18\/alunos-de-poco-das-antas-despertam-memorias-educacionais\/#article","isPartOf":{"@id":"https:\/\/folhapopular.info\/index.php\/2021\/08\/18\/alunos-de-poco-das-antas-despertam-memorias-educacionais\/"},"author":{"name":"Reda\u00e7\u00e3o Folha Popular","@id":"https:\/\/folhapopular.info\/#\/schema\/person\/2814e8a0df7643585a9ca38bc6eb9d4b"},"headline":"Alunos de Po\u00e7o das Antas despertam mem\u00f3rias educacionais","datePublished":"2021-08-18T19:31:49+00:00","dateModified":"2021-08-18T19:31:53+00:00","mainEntityOfPage":{"@id":"https:\/\/folhapopular.info\/index.php\/2021\/08\/18\/alunos-de-poco-das-antas-despertam-memorias-educacionais\/"},"wordCount":312,"commentCount":0,"image":{"@id":"https:\/\/folhapopular.info\/index.php\/2021\/08\/18\/alunos-de-poco-das-antas-despertam-memorias-educacionais\/#primaryimage"},"thumbnailUrl":"https:\/\/folhapopular.info\/wp-content\/uploads\/2021\/08\/3-Centro-Municipal-de-Educacao-participa-da-3a-Edicao-do-Dia-Estadual-e1629314340297.jpeg","keywords":["alunos","Patrim\u00f4nio Cultural","Po\u00e7o das Antas"],"articleSection":["Destaques","Geral"],"inLanguage":"pt-BR","potentialAction":[{"@type":"CommentAction","name":"Comment","target":["https:\/\/folhapopular.info\/index.php\/2021\/08\/18\/alunos-de-poco-das-antas-despertam-memorias-educacionais\/#respond"]}]},{"@type":"WebPage","@id":"https:\/\/folhapopular.info\/index.php\/2021\/08\/18\/alunos-de-poco-das-antas-despertam-memorias-educacionais\/","url":"https:\/\/folhapopular.info\/index.php\/2021\/08\/18\/alunos-de-poco-das-antas-despertam-memorias-educacionais\/","name":"Alunos de Po\u00e7o das Antas despertam mem\u00f3rias educacionais - Folha Popular","isPartOf":{"@id":"https:\/\/folhapopular.info\/#website"},"primaryImageOfPage":{"@id":"https:\/\/folhapopular.info\/index.php\/2021\/08\/18\/alunos-de-poco-das-antas-despertam-memorias-educacionais\/#primaryimage"},"image":{"@id":"https:\/\/folhapopular.info\/index.php\/2021\/08\/18\/alunos-de-poco-das-antas-despertam-memorias-educacionais\/#primaryimage"},"thumbnailUrl":"https:\/\/folhapopular.info\/wp-content\/uploads\/2021\/08\/3-Centro-Municipal-de-Educacao-participa-da-3a-Edicao-do-Dia-Estadual-e1629314340297.jpeg","datePublished":"2021-08-18T19:31:49+00:00","dateModified":"2021-08-18T19:31:53+00:00","author":{"@id":"https:\/\/folhapopular.info\/#\/schema\/person\/2814e8a0df7643585a9ca38bc6eb9d4b"},"breadcrumb":{"@id":"https:\/\/folhapopular.info\/index.php\/2021\/08\/18\/alunos-de-poco-das-antas-despertam-memorias-educacionais\/#breadcrumb"},"inLanguage":"pt-BR","potentialAction":[{"@type":"ReadAction","target":["https:\/\/folhapopular.info\/index.php\/2021\/08\/18\/alunos-de-poco-das-antas-despertam-memorias-educacionais\/"]}]},{"@type":"ImageObject","inLanguage":"pt-BR","@id":"https:\/\/folhapopular.info\/index.php\/2021\/08\/18\/alunos-de-poco-das-antas-despertam-memorias-educacionais\/#primaryimage","url":"https:\/\/folhapopular.info\/wp-content\/uploads\/2021\/08\/3-Centro-Municipal-de-Educacao-participa-da-3a-Edicao-do-Dia-Estadual-e1629314340297.jpeg","contentUrl":"https:\/\/folhapopular.info\/wp-content\/uploads\/2021\/08\/3-Centro-Municipal-de-Educacao-participa-da-3a-Edicao-do-Dia-Estadual-e1629314340297.jpeg","width":598,"height":800,"caption":"Alunos, pais e profissionais da escola podem visitar a exposi\u00e7\u00e3o \/ Cr\u00e9dito das fotos: Divulga\u00e7\u00e3o"},{"@type":"BreadcrumbList","@id":"https:\/\/folhapopular.info\/index.php\/2021\/08\/18\/alunos-de-poco-das-antas-despertam-memorias-educacionais\/#breadcrumb","itemListElement":[{"@type":"ListItem","position":1,"name":"In\u00edcio","item":"https:\/\/folhapopular.info\/"},{"@type":"ListItem","position":2,"name":"Alunos de Po\u00e7o das Antas despertam mem\u00f3rias educacionais"}]},{"@type":"WebSite","@id":"https:\/\/folhapopular.info\/#website","url":"https:\/\/folhapopular.info\/","name":"Folha Popular","description":"Onde voc\u00ea tem vez e voz","potentialAction":[{"@type":"SearchAction","target":{"@type":"EntryPoint","urlTemplate":"https:\/\/folhapopular.info\/?s={search_term_string}"},"query-input":{"@type":"PropertyValueSpecification","valueRequired":true,"valueName":"search_term_string"}}],"inLanguage":"pt-BR"},{"@type":"Person","@id":"https:\/\/folhapopular.info\/#\/schema\/person\/2814e8a0df7643585a9ca38bc6eb9d4b","name":"Reda\u00e7\u00e3o Folha Popular","image":{"@type":"ImageObject","inLanguage":"pt-BR","@id":"https:\/\/folhapopular.info\/wp-content\/uploads\/2026\/04\/Folha-1.webp","url":"https:\/\/folhapopular.info\/wp-content\/uploads\/2026\/04\/Folha-1.webp","contentUrl":"https:\/\/folhapopular.info\/wp-content\/uploads\/2026\/04\/Folha-1.webp","caption":"Reda\u00e7\u00e3o Folha Popular"},"url":"https:\/\/folhapopular.info\/index.php\/author\/redacao\/"}]}},"jetpack_featured_media_url":"https:\/\/folhapopular.info\/wp-content\/uploads\/2021\/08\/3-Centro-Municipal-de-Educacao-participa-da-3a-Edicao-do-Dia-Estadual-e1629314340297.jpeg","jetpack_sharing_enabled":true,"amp_enabled":true,"_links":{"self":[{"href":"https:\/\/folhapopular.info\/index.php\/wp-json\/wp\/v2\/posts\/88166","targetHints":{"allow":["GET"]}}],"collection":[{"href":"https:\/\/folhapopular.info\/index.php\/wp-json\/wp\/v2\/posts"}],"about":[{"href":"https:\/\/folhapopular.info\/index.php\/wp-json\/wp\/v2\/types\/post"}],"author":[{"embeddable":true,"href":"https:\/\/folhapopular.info\/index.php\/wp-json\/wp\/v2\/users\/8"}],"replies":[{"embeddable":true,"href":"https:\/\/folhapopular.info\/index.php\/wp-json\/wp\/v2\/comments?post=88166"}],"version-history":[{"count":0,"href":"https:\/\/folhapopular.info\/index.php\/wp-json\/wp\/v2\/posts\/88166\/revisions"}],"wp:featuredmedia":[{"embeddable":true,"href":"https:\/\/folhapopular.info\/index.php\/wp-json\/wp\/v2\/media\/88168"}],"wp:attachment":[{"href":"https:\/\/folhapopular.info\/index.php\/wp-json\/wp\/v2\/media?parent=88166"}],"wp:term":[{"taxonomy":"category","embeddable":true,"href":"https:\/\/folhapopular.info\/index.php\/wp-json\/wp\/v2\/categories?post=88166"},{"taxonomy":"post_tag","embeddable":true,"href":"https:\/\/folhapopular.info\/index.php\/wp-json\/wp\/v2\/tags?post=88166"}],"curies":[{"name":"wp","href":"https:\/\/api.w.org\/{rel}","templated":true}]}}