{"id":88488,"date":"2021-08-27T08:19:29","date_gmt":"2021-08-27T11:19:29","guid":{"rendered":"https:\/\/folhapopular.info\/?p=88488"},"modified":"2021-08-27T08:19:59","modified_gmt":"2021-08-27T11:19:59","slug":"conselho-municipal-de-agricultura-e-reativado-em-teutonia","status":"publish","type":"post","link":"https:\/\/folhapopular.info\/index.php\/2021\/08\/27\/conselho-municipal-de-agricultura-e-reativado-em-teutonia\/","title":{"rendered":"Conselho Municipal de Agricultura \u00e9 reativado em Teut\u00f4nia"},"content":{"rendered":"\n<p>A Prefeitura de Teut\u00f4nia reativou o&nbsp;Conselho Municipal de&nbsp;Agricultura&nbsp;(COMAT), a fim de retomar a discuss\u00e3o de assuntos relativos&nbsp;\u00e0s atividades agr\u00edcolas do munic\u00edpio, e propor solu\u00e7\u00f5es a curto, m\u00e9dio e longo prazo.<\/p>\n\n\n\n<p>As reuni\u00f5es ocorrem sempre na segunda segunda-feira de cada m\u00eas, oportunidade em que participam os conselheiros de todas as comunidades do interior de Teut\u00f4nia, inclusive com a participa\u00e7\u00e3o do prefeito e da mesa diretora da C\u00e2mara de Vereadores.<\/p>\n\n\n\n<p>A retomada foi essencial para que fosse poss\u00edvel a intera\u00e7\u00e3o entre poder p\u00fablico, sociedade civil e iniciativa privada, com intuito de construir solu\u00e7\u00f5es em conjunto para as demandas da classe produtora.<\/p>\n\n\n\n<p>Nos encontros s\u00e3o discutidos assuntos referentes \u00e0 agricultura no munic\u00edpio e tamb\u00e9m na regi\u00e3o, tais como: Plano PluriAnual 2022\/2025, cigarrinha do milho (ataque severo), agroind\u00fastrias (visitas de outros munic\u00edpios), Pacote Agr\u00edcola, ICMS (emiss\u00e3o de notas pelo tal\u00e3o do produtor), entrega de brita, grande demanda de servi\u00e7os de m\u00e1quinas, servi\u00e7os de enterro de animais aos domingos, aux\u00edlios concedidos no primeiro trimestre de 2021, Plano Safra, levantamento de dejetos su\u00ednos produzidos no munic\u00edpio (projeto coletivo para biodigestor e usinas de compostagem), interven\u00e7\u00f5es ambientais na propriedade rural, lei de incentivo para a cria\u00e7\u00e3o de gado corte, adequa\u00e7\u00f5es e reformula\u00e7\u00f5es para o Pacote Agr\u00edcola, marco regulat\u00f3rio sobre o saneamento b\u00e1sico, audi\u00eancia p\u00fablica referente \u00e0 recupera\u00e7\u00e3o da mata ciliar, entre outros.<\/p>\n\n\n\n<p>Neste ano ocorreram quatro reuni\u00f5es, realizadas nos dias 29 de abril, 11 de maio, 12 de julho e 09 de agosto.&nbsp;No in\u00edcio do m\u00eas de agosto algumas ruas do munic\u00edpio foram visitadas, a fim de dar&nbsp;continuidade&nbsp;ao&nbsp;Projeto Arboriza.&nbsp;<\/p>\n\n\n\n<p>Na oportunidade visitaram a Rua&nbsp;Willi Wietholter,&nbsp;localizada no Bairro Canabarro, ao&nbsp;lado da sede do&nbsp;Gr\u00eamio Recreativo&nbsp;Canabarrense, e a Rua Rudi Wallauer, no Centro Administrativo.&nbsp;A&nbsp;Avenida 1&nbsp;Oeste,&nbsp;nas proximidades da&nbsp;CIC&nbsp;Teut\u00f4nia, tamb\u00e9m integra o Projeto Arboriza.&nbsp;A execu\u00e7\u00e3o do projeto foi uma demanda solicitada pelos moradores e frequentadores das localidades, a fim de tornar as ruas mais bonitas, harmoniosas e com sombra para os dias quentes de ver\u00e3o.<\/p>\n\n\n\n<p><strong>O&nbsp;Conselho Municipal de Agricultura, bi\u00eanio 2021\/2022, \u00e9 composto pelos seguintes membros:<\/strong><\/p>\n\n\n\n<p>Representante da Secretaria Municipal de Agricultura e Meio Ambiente<\/p>\n\n\n\n<p>Titular: L\u00eddia Margarete Muller Dhein<\/p>\n\n\n\n<p>Suplente: Luiza Manti\u00e7a Kreimeier<br><\/p>\n\n\n\n<p>Representante da Secretaria Municipal de Administra\u00e7\u00e3o<\/p>\n\n\n\n<p>Titular: Franciele Caroline Wessel Weimer<\/p>\n\n\n\n<p>Suplente: Michele Em\u00edlia Griesang<br><\/p>\n\n\n\n<p>Representante da Cooperativa de Distribui\u00e7\u00e3o de Energia Teut\u00f4nia &#8211; CERTEL<\/p>\n\n\n\n<p>Titular: Marco Aur\u00e9lio Weber<\/p>\n\n\n\n<p>Suplente: Tatiana da Costa Weber<br><\/p>\n\n\n\n<p>Representante da Cooperativa Languiru Ltda<\/p>\n\n\n\n<p>Titular: Mauro Aschebrock<\/p>\n\n\n\n<p>Suplente: Decio Erri Leonhardt<br><\/p>\n\n\n\n<p>Representante da Cooperativa Agroindustrial S\u00e3o Jac\u00f3 Ltda &#8211; COOPERAGRI<\/p>\n\n\n\n<p>Titular: Aloisio Leo Mallmann<\/p>\n\n\n\n<p>Suplente: Astor Schwartzer<br><\/p>\n\n\n\n<p>Representante da Cooperativa Sicredi Ouro Branco RS<\/p>\n\n\n\n<p>Titular: Nataniel Hofstatter<\/p>\n\n\n\n<p>Suplente: Adelir Luiz Hense<br><\/p>\n\n\n\n<p>Representante do Escrit\u00f3rio Local da EMATER<\/p>\n\n\n\n<p>Titular: Michael da Silva Serpa<\/p>\n\n\n\n<p>Suplente: Carlos Daniel Fries<br><\/p>\n\n\n\n<p>Representante do CAPA &#8211; Centro de Apoio ao Pequeno Agricultor<\/p>\n\n\n\n<p>Titular: Lauderson Holz<br>Suplente: Liliane Gon\u00e7alves Driemeier<br><\/p>\n\n\n\n<p>Representante do Sindicato dos Trabalhadores Rurais de Teut\u00f4nia com extens\u00e3o de base para Westf\u00e1lia<\/p>\n\n\n\n<p>Titular: Liane Brackmann<\/p>\n\n\n\n<p>Suplente: Sergio Leonhardt<br><\/p>\n\n\n\n<p>Representante da Funda\u00e7\u00e3o Agr\u00edcola Teut\u00f4nia<\/p>\n\n\n\n<p>Titular: Cristina Baruel Terra<\/p>\n\n\n\n<p>Suplente: Jonas R\u00fcckert<br><\/p>\n\n\n\n<p>Representante do Setor de Produ\u00e7\u00e3o Agropecu\u00e1ria do Segmento Leiteiro<\/p>\n\n\n\n<p>Titular: Fl\u00e1vio Francisco Lerner<\/p>\n\n\n\n<p>Titular: C\u00e9lio Theobaldo Ohlweiler<\/p>\n\n\n\n<p>Titular: Lisiane Messer Dummel<\/p>\n\n\n\n<p>Suplente: Clarice Regina Weber Leonhardt<\/p>\n\n\n\n<p>Suplente: Hedi Horst<br><\/p>\n\n\n\n<p>Do Segmento da Suinocultura<\/p>\n\n\n\n<p>Titular: Ari Spellmeier<\/p>\n\n\n\n<p>Suplente: Dercio Fiegenbaum<\/p>\n\n\n\n<p>Titular: Lauri von Muhlen<\/p>\n\n\n\n<p>Suplente: Valmor Plantholdt<br><\/p>\n\n\n\n<p>Do Segmento da Avicultura<\/p>\n\n\n\n<p>Titular: Merice Brumelhaus Strate<\/p>\n\n\n\n<p>Suplente: Douglas Lamb<br><\/p>\n\n\n\n<p>Do Segmento da Floresta Plantada<\/p>\n\n\n\n<p>Titular: Carin Wentz<\/p>\n\n\n\n<p>Suplente: Diego Dickel<br><\/p>\n\n\n\n<p>Do Segmento de Agroind\u00fastria Familiar e das Novas Alternativas de Produ\u00e7\u00e3o<\/p>\n\n\n\n<p>Titular: Almir Henrique Horst<\/p>\n\n\n\n<p>Suplente: Diego Dickel<\/p>\n","protected":false},"excerpt":{"rendered":"<p>A Prefeitura de Teut\u00f4nia reativou o&nbsp;Conselho Municipal de&nbsp;Agricultura&nbsp;(COMAT), a fim de retomar a discuss\u00e3o de assuntos relativos&nbsp;\u00e0s atividades agr\u00edcolas do munic\u00edpio, e propor solu\u00e7\u00f5es a curto, m\u00e9dio e longo prazo. As reuni\u00f5es ocorrem sempre na segunda segunda-feira de cada m\u00eas, oportunidade em que participam os conselheiros de todas as comunidades do interior de Teut\u00f4nia, inclusive [&hellip;]<\/p>\n","protected":false},"author":8,"featured_media":88489,"comment_status":"open","ping_status":"open","sticky":false,"template":"","format":"standard","meta":{"pmpro_default_level":"","_jetpack_memberships_contains_paid_content":false,"footnotes":""},"categories":[2,3],"tags":[6808,26],"class_list":{"0":"post-88488","1":"post","2":"type-post","3":"status-publish","4":"format-standard","5":"has-post-thumbnail","7":"category-featured","8":"category-geral","9":"tag-conselho-municipal-de-agricultura","10":"tag-teutonia","11":"pmpro-has-access"},"yoast_head":"<!-- This site is optimized with the Yoast SEO plugin v27.5 - https:\/\/yoast.com\/product\/yoast-seo-wordpress\/ -->\n<title>Conselho Municipal de Agricultura \u00e9 reativado em Teut\u00f4nia - Folha Popular<\/title>\n<meta name=\"robots\" content=\"index, follow, max-snippet:-1, max-image-preview:large, max-video-preview:-1\" \/>\n<link rel=\"canonical\" href=\"https:\/\/folhapopular.info\/index.php\/2021\/08\/27\/conselho-municipal-de-agricultura-e-reativado-em-teutonia\/\" \/>\n<meta property=\"og:locale\" content=\"pt_BR\" \/>\n<meta property=\"og:type\" content=\"article\" \/>\n<meta property=\"og:title\" content=\"Conselho Municipal de Agricultura \u00e9 reativado em Teut\u00f4nia - Folha Popular\" \/>\n<meta property=\"og:description\" content=\"A Prefeitura de Teut\u00f4nia reativou o&nbsp;Conselho Municipal de&nbsp;Agricultura&nbsp;(COMAT), a fim de retomar a discuss\u00e3o de assuntos relativos&nbsp;\u00e0s atividades agr\u00edcolas do munic\u00edpio, e propor solu\u00e7\u00f5es a curto, m\u00e9dio e longo prazo. As reuni\u00f5es ocorrem sempre na segunda segunda-feira de cada m\u00eas, oportunidade em que participam os conselheiros de todas as comunidades do interior de Teut\u00f4nia, inclusive [&hellip;]\" \/>\n<meta property=\"og:url\" content=\"https:\/\/folhapopular.info\/index.php\/2021\/08\/27\/conselho-municipal-de-agricultura-e-reativado-em-teutonia\/\" \/>\n<meta property=\"og:site_name\" content=\"Folha Popular\" \/>\n<meta property=\"article:published_time\" content=\"2021-08-27T11:19:29+00:00\" \/>\n<meta property=\"article:modified_time\" content=\"2021-08-27T11:19:59+00:00\" \/>\n<meta property=\"og:image\" content=\"https:\/\/folhapopular.info\/wp-content\/uploads\/2021\/08\/2021_08_26_Conselho-Municipal-de-Agricultura-e-reativado-em-Teutonia-3-scaled-e1630062663121.jpg\" \/>\n\t<meta property=\"og:image:width\" content=\"800\" \/>\n\t<meta property=\"og:image:height\" content=\"508\" \/>\n\t<meta property=\"og:image:type\" content=\"image\/jpeg\" \/>\n<meta name=\"author\" content=\"Reda\u00e7\u00e3o Folha Popular\" \/>\n<meta name=\"twitter:card\" content=\"summary_large_image\" \/>\n<meta name=\"twitter:label1\" content=\"Escrito por\" \/>\n\t<meta name=\"twitter:data1\" content=\"Reda\u00e7\u00e3o Folha Popular\" \/>\n\t<meta name=\"twitter:label2\" content=\"Est. tempo de leitura\" \/>\n\t<meta name=\"twitter:data2\" content=\"3 minutos\" \/>\n<script type=\"application\/ld+json\" class=\"yoast-schema-graph\">{\"@context\":\"https:\\\/\\\/schema.org\",\"@graph\":[{\"@type\":\"Article\",\"@id\":\"https:\\\/\\\/folhapopular.info\\\/index.php\\\/2021\\\/08\\\/27\\\/conselho-municipal-de-agricultura-e-reativado-em-teutonia\\\/#article\",\"isPartOf\":{\"@id\":\"https:\\\/\\\/folhapopular.info\\\/index.php\\\/2021\\\/08\\\/27\\\/conselho-municipal-de-agricultura-e-reativado-em-teutonia\\\/\"},\"author\":{\"name\":\"Reda\u00e7\u00e3o Folha Popular\",\"@id\":\"https:\\\/\\\/folhapopular.info\\\/#\\\/schema\\\/person\\\/2814e8a0df7643585a9ca38bc6eb9d4b\"},\"headline\":\"Conselho Municipal de Agricultura \u00e9 reativado em Teut\u00f4nia\",\"datePublished\":\"2021-08-27T11:19:29+00:00\",\"dateModified\":\"2021-08-27T11:19:59+00:00\",\"mainEntityOfPage\":{\"@id\":\"https:\\\/\\\/folhapopular.info\\\/index.php\\\/2021\\\/08\\\/27\\\/conselho-municipal-de-agricultura-e-reativado-em-teutonia\\\/\"},\"wordCount\":680,\"commentCount\":0,\"image\":{\"@id\":\"https:\\\/\\\/folhapopular.info\\\/index.php\\\/2021\\\/08\\\/27\\\/conselho-municipal-de-agricultura-e-reativado-em-teutonia\\\/#primaryimage\"},\"thumbnailUrl\":\"https:\\\/\\\/folhapopular.info\\\/wp-content\\\/uploads\\\/2021\\\/08\\\/2021_08_26_Conselho-Municipal-de-Agricultura-e-reativado-em-Teutonia-3-scaled-e1630062663121.jpg\",\"keywords\":[\"Conselho Municipal de Agricultura\",\"Teut\u00f4nia\"],\"articleSection\":[\"Destaques\",\"Geral\"],\"inLanguage\":\"pt-BR\",\"potentialAction\":[{\"@type\":\"CommentAction\",\"name\":\"Comment\",\"target\":[\"https:\\\/\\\/folhapopular.info\\\/index.php\\\/2021\\\/08\\\/27\\\/conselho-municipal-de-agricultura-e-reativado-em-teutonia\\\/#respond\"]}]},{\"@type\":\"WebPage\",\"@id\":\"https:\\\/\\\/folhapopular.info\\\/index.php\\\/2021\\\/08\\\/27\\\/conselho-municipal-de-agricultura-e-reativado-em-teutonia\\\/\",\"url\":\"https:\\\/\\\/folhapopular.info\\\/index.php\\\/2021\\\/08\\\/27\\\/conselho-municipal-de-agricultura-e-reativado-em-teutonia\\\/\",\"name\":\"Conselho Municipal de Agricultura \u00e9 reativado em Teut\u00f4nia - Folha Popular\",\"isPartOf\":{\"@id\":\"https:\\\/\\\/folhapopular.info\\\/#website\"},\"primaryImageOfPage\":{\"@id\":\"https:\\\/\\\/folhapopular.info\\\/index.php\\\/2021\\\/08\\\/27\\\/conselho-municipal-de-agricultura-e-reativado-em-teutonia\\\/#primaryimage\"},\"image\":{\"@id\":\"https:\\\/\\\/folhapopular.info\\\/index.php\\\/2021\\\/08\\\/27\\\/conselho-municipal-de-agricultura-e-reativado-em-teutonia\\\/#primaryimage\"},\"thumbnailUrl\":\"https:\\\/\\\/folhapopular.info\\\/wp-content\\\/uploads\\\/2021\\\/08\\\/2021_08_26_Conselho-Municipal-de-Agricultura-e-reativado-em-Teutonia-3-scaled-e1630062663121.jpg\",\"datePublished\":\"2021-08-27T11:19:29+00:00\",\"dateModified\":\"2021-08-27T11:19:59+00:00\",\"author\":{\"@id\":\"https:\\\/\\\/folhapopular.info\\\/#\\\/schema\\\/person\\\/2814e8a0df7643585a9ca38bc6eb9d4b\"},\"breadcrumb\":{\"@id\":\"https:\\\/\\\/folhapopular.info\\\/index.php\\\/2021\\\/08\\\/27\\\/conselho-municipal-de-agricultura-e-reativado-em-teutonia\\\/#breadcrumb\"},\"inLanguage\":\"pt-BR\",\"potentialAction\":[{\"@type\":\"ReadAction\",\"target\":[\"https:\\\/\\\/folhapopular.info\\\/index.php\\\/2021\\\/08\\\/27\\\/conselho-municipal-de-agricultura-e-reativado-em-teutonia\\\/\"]}]},{\"@type\":\"ImageObject\",\"inLanguage\":\"pt-BR\",\"@id\":\"https:\\\/\\\/folhapopular.info\\\/index.php\\\/2021\\\/08\\\/27\\\/conselho-municipal-de-agricultura-e-reativado-em-teutonia\\\/#primaryimage\",\"url\":\"https:\\\/\\\/folhapopular.info\\\/wp-content\\\/uploads\\\/2021\\\/08\\\/2021_08_26_Conselho-Municipal-de-Agricultura-e-reativado-em-Teutonia-3-scaled-e1630062663121.jpg\",\"contentUrl\":\"https:\\\/\\\/folhapopular.info\\\/wp-content\\\/uploads\\\/2021\\\/08\\\/2021_08_26_Conselho-Municipal-de-Agricultura-e-reativado-em-Teutonia-3-scaled-e1630062663121.jpg\",\"width\":800,\"height\":508,\"caption\":\"Cr\u00e9dito da foto: Diego Silva \\\/ Divulga\u00e7\u00e3o\"},{\"@type\":\"BreadcrumbList\",\"@id\":\"https:\\\/\\\/folhapopular.info\\\/index.php\\\/2021\\\/08\\\/27\\\/conselho-municipal-de-agricultura-e-reativado-em-teutonia\\\/#breadcrumb\",\"itemListElement\":[{\"@type\":\"ListItem\",\"position\":1,\"name\":\"In\u00edcio\",\"item\":\"https:\\\/\\\/folhapopular.info\\\/\"},{\"@type\":\"ListItem\",\"position\":2,\"name\":\"Conselho Municipal de Agricultura \u00e9 reativado em Teut\u00f4nia\"}]},{\"@type\":\"WebSite\",\"@id\":\"https:\\\/\\\/folhapopular.info\\\/#website\",\"url\":\"https:\\\/\\\/folhapopular.info\\\/\",\"name\":\"Folha Popular\",\"description\":\"Onde voc\u00ea tem vez e voz\",\"potentialAction\":[{\"@type\":\"SearchAction\",\"target\":{\"@type\":\"EntryPoint\",\"urlTemplate\":\"https:\\\/\\\/folhapopular.info\\\/?s={search_term_string}\"},\"query-input\":{\"@type\":\"PropertyValueSpecification\",\"valueRequired\":true,\"valueName\":\"search_term_string\"}}],\"inLanguage\":\"pt-BR\"},{\"@type\":\"Person\",\"@id\":\"https:\\\/\\\/folhapopular.info\\\/#\\\/schema\\\/person\\\/2814e8a0df7643585a9ca38bc6eb9d4b\",\"name\":\"Reda\u00e7\u00e3o Folha Popular\",\"image\":{\"@type\":\"ImageObject\",\"inLanguage\":\"pt-BR\",\"@id\":\"https:\\\/\\\/folhapopular.info\\\/wp-content\\\/uploads\\\/2026\\\/04\\\/Folha-1.webp\",\"url\":\"https:\\\/\\\/folhapopular.info\\\/wp-content\\\/uploads\\\/2026\\\/04\\\/Folha-1.webp\",\"contentUrl\":\"https:\\\/\\\/folhapopular.info\\\/wp-content\\\/uploads\\\/2026\\\/04\\\/Folha-1.webp\",\"caption\":\"Reda\u00e7\u00e3o Folha Popular\"},\"url\":\"https:\\\/\\\/folhapopular.info\\\/index.php\\\/author\\\/redacao\\\/\"}]}<\/script>\n<!-- \/ Yoast SEO plugin. -->","yoast_head_json":{"title":"Conselho Municipal de Agricultura \u00e9 reativado em Teut\u00f4nia - Folha Popular","robots":{"index":"index","follow":"follow","max-snippet":"max-snippet:-1","max-image-preview":"max-image-preview:large","max-video-preview":"max-video-preview:-1"},"canonical":"https:\/\/folhapopular.info\/index.php\/2021\/08\/27\/conselho-municipal-de-agricultura-e-reativado-em-teutonia\/","og_locale":"pt_BR","og_type":"article","og_title":"Conselho Municipal de Agricultura \u00e9 reativado em Teut\u00f4nia - Folha Popular","og_description":"A Prefeitura de Teut\u00f4nia reativou o&nbsp;Conselho Municipal de&nbsp;Agricultura&nbsp;(COMAT), a fim de retomar a discuss\u00e3o de assuntos relativos&nbsp;\u00e0s atividades agr\u00edcolas do munic\u00edpio, e propor solu\u00e7\u00f5es a curto, m\u00e9dio e longo prazo. As reuni\u00f5es ocorrem sempre na segunda segunda-feira de cada m\u00eas, oportunidade em que participam os conselheiros de todas as comunidades do interior de Teut\u00f4nia, inclusive [&hellip;]","og_url":"https:\/\/folhapopular.info\/index.php\/2021\/08\/27\/conselho-municipal-de-agricultura-e-reativado-em-teutonia\/","og_site_name":"Folha Popular","article_published_time":"2021-08-27T11:19:29+00:00","article_modified_time":"2021-08-27T11:19:59+00:00","og_image":[{"width":800,"height":508,"url":"https:\/\/folhapopular.info\/wp-content\/uploads\/2021\/08\/2021_08_26_Conselho-Municipal-de-Agricultura-e-reativado-em-Teutonia-3-scaled-e1630062663121.jpg","type":"image\/jpeg"}],"author":"Reda\u00e7\u00e3o Folha Popular","twitter_card":"summary_large_image","twitter_misc":{"Escrito por":"Reda\u00e7\u00e3o Folha Popular","Est. tempo de leitura":"3 minutos"},"schema":{"@context":"https:\/\/schema.org","@graph":[{"@type":"Article","@id":"https:\/\/folhapopular.info\/index.php\/2021\/08\/27\/conselho-municipal-de-agricultura-e-reativado-em-teutonia\/#article","isPartOf":{"@id":"https:\/\/folhapopular.info\/index.php\/2021\/08\/27\/conselho-municipal-de-agricultura-e-reativado-em-teutonia\/"},"author":{"name":"Reda\u00e7\u00e3o Folha Popular","@id":"https:\/\/folhapopular.info\/#\/schema\/person\/2814e8a0df7643585a9ca38bc6eb9d4b"},"headline":"Conselho Municipal de Agricultura \u00e9 reativado em Teut\u00f4nia","datePublished":"2021-08-27T11:19:29+00:00","dateModified":"2021-08-27T11:19:59+00:00","mainEntityOfPage":{"@id":"https:\/\/folhapopular.info\/index.php\/2021\/08\/27\/conselho-municipal-de-agricultura-e-reativado-em-teutonia\/"},"wordCount":680,"commentCount":0,"image":{"@id":"https:\/\/folhapopular.info\/index.php\/2021\/08\/27\/conselho-municipal-de-agricultura-e-reativado-em-teutonia\/#primaryimage"},"thumbnailUrl":"https:\/\/folhapopular.info\/wp-content\/uploads\/2021\/08\/2021_08_26_Conselho-Municipal-de-Agricultura-e-reativado-em-Teutonia-3-scaled-e1630062663121.jpg","keywords":["Conselho Municipal de Agricultura","Teut\u00f4nia"],"articleSection":["Destaques","Geral"],"inLanguage":"pt-BR","potentialAction":[{"@type":"CommentAction","name":"Comment","target":["https:\/\/folhapopular.info\/index.php\/2021\/08\/27\/conselho-municipal-de-agricultura-e-reativado-em-teutonia\/#respond"]}]},{"@type":"WebPage","@id":"https:\/\/folhapopular.info\/index.php\/2021\/08\/27\/conselho-municipal-de-agricultura-e-reativado-em-teutonia\/","url":"https:\/\/folhapopular.info\/index.php\/2021\/08\/27\/conselho-municipal-de-agricultura-e-reativado-em-teutonia\/","name":"Conselho Municipal de Agricultura \u00e9 reativado em Teut\u00f4nia - Folha Popular","isPartOf":{"@id":"https:\/\/folhapopular.info\/#website"},"primaryImageOfPage":{"@id":"https:\/\/folhapopular.info\/index.php\/2021\/08\/27\/conselho-municipal-de-agricultura-e-reativado-em-teutonia\/#primaryimage"},"image":{"@id":"https:\/\/folhapopular.info\/index.php\/2021\/08\/27\/conselho-municipal-de-agricultura-e-reativado-em-teutonia\/#primaryimage"},"thumbnailUrl":"https:\/\/folhapopular.info\/wp-content\/uploads\/2021\/08\/2021_08_26_Conselho-Municipal-de-Agricultura-e-reativado-em-Teutonia-3-scaled-e1630062663121.jpg","datePublished":"2021-08-27T11:19:29+00:00","dateModified":"2021-08-27T11:19:59+00:00","author":{"@id":"https:\/\/folhapopular.info\/#\/schema\/person\/2814e8a0df7643585a9ca38bc6eb9d4b"},"breadcrumb":{"@id":"https:\/\/folhapopular.info\/index.php\/2021\/08\/27\/conselho-municipal-de-agricultura-e-reativado-em-teutonia\/#breadcrumb"},"inLanguage":"pt-BR","potentialAction":[{"@type":"ReadAction","target":["https:\/\/folhapopular.info\/index.php\/2021\/08\/27\/conselho-municipal-de-agricultura-e-reativado-em-teutonia\/"]}]},{"@type":"ImageObject","inLanguage":"pt-BR","@id":"https:\/\/folhapopular.info\/index.php\/2021\/08\/27\/conselho-municipal-de-agricultura-e-reativado-em-teutonia\/#primaryimage","url":"https:\/\/folhapopular.info\/wp-content\/uploads\/2021\/08\/2021_08_26_Conselho-Municipal-de-Agricultura-e-reativado-em-Teutonia-3-scaled-e1630062663121.jpg","contentUrl":"https:\/\/folhapopular.info\/wp-content\/uploads\/2021\/08\/2021_08_26_Conselho-Municipal-de-Agricultura-e-reativado-em-Teutonia-3-scaled-e1630062663121.jpg","width":800,"height":508,"caption":"Cr\u00e9dito da foto: Diego Silva \/ Divulga\u00e7\u00e3o"},{"@type":"BreadcrumbList","@id":"https:\/\/folhapopular.info\/index.php\/2021\/08\/27\/conselho-municipal-de-agricultura-e-reativado-em-teutonia\/#breadcrumb","itemListElement":[{"@type":"ListItem","position":1,"name":"In\u00edcio","item":"https:\/\/folhapopular.info\/"},{"@type":"ListItem","position":2,"name":"Conselho Municipal de Agricultura \u00e9 reativado em Teut\u00f4nia"}]},{"@type":"WebSite","@id":"https:\/\/folhapopular.info\/#website","url":"https:\/\/folhapopular.info\/","name":"Folha Popular","description":"Onde voc\u00ea tem vez e voz","potentialAction":[{"@type":"SearchAction","target":{"@type":"EntryPoint","urlTemplate":"https:\/\/folhapopular.info\/?s={search_term_string}"},"query-input":{"@type":"PropertyValueSpecification","valueRequired":true,"valueName":"search_term_string"}}],"inLanguage":"pt-BR"},{"@type":"Person","@id":"https:\/\/folhapopular.info\/#\/schema\/person\/2814e8a0df7643585a9ca38bc6eb9d4b","name":"Reda\u00e7\u00e3o Folha Popular","image":{"@type":"ImageObject","inLanguage":"pt-BR","@id":"https:\/\/folhapopular.info\/wp-content\/uploads\/2026\/04\/Folha-1.webp","url":"https:\/\/folhapopular.info\/wp-content\/uploads\/2026\/04\/Folha-1.webp","contentUrl":"https:\/\/folhapopular.info\/wp-content\/uploads\/2026\/04\/Folha-1.webp","caption":"Reda\u00e7\u00e3o Folha Popular"},"url":"https:\/\/folhapopular.info\/index.php\/author\/redacao\/"}]}},"jetpack_featured_media_url":"https:\/\/folhapopular.info\/wp-content\/uploads\/2021\/08\/2021_08_26_Conselho-Municipal-de-Agricultura-e-reativado-em-Teutonia-3-scaled-e1630062663121.jpg","jetpack_sharing_enabled":true,"amp_enabled":true,"_links":{"self":[{"href":"https:\/\/folhapopular.info\/index.php\/wp-json\/wp\/v2\/posts\/88488","targetHints":{"allow":["GET"]}}],"collection":[{"href":"https:\/\/folhapopular.info\/index.php\/wp-json\/wp\/v2\/posts"}],"about":[{"href":"https:\/\/folhapopular.info\/index.php\/wp-json\/wp\/v2\/types\/post"}],"author":[{"embeddable":true,"href":"https:\/\/folhapopular.info\/index.php\/wp-json\/wp\/v2\/users\/8"}],"replies":[{"embeddable":true,"href":"https:\/\/folhapopular.info\/index.php\/wp-json\/wp\/v2\/comments?post=88488"}],"version-history":[{"count":0,"href":"https:\/\/folhapopular.info\/index.php\/wp-json\/wp\/v2\/posts\/88488\/revisions"}],"wp:featuredmedia":[{"embeddable":true,"href":"https:\/\/folhapopular.info\/index.php\/wp-json\/wp\/v2\/media\/88489"}],"wp:attachment":[{"href":"https:\/\/folhapopular.info\/index.php\/wp-json\/wp\/v2\/media?parent=88488"}],"wp:term":[{"taxonomy":"category","embeddable":true,"href":"https:\/\/folhapopular.info\/index.php\/wp-json\/wp\/v2\/categories?post=88488"},{"taxonomy":"post_tag","embeddable":true,"href":"https:\/\/folhapopular.info\/index.php\/wp-json\/wp\/v2\/tags?post=88488"}],"curies":[{"name":"wp","href":"https:\/\/api.w.org\/{rel}","templated":true}]}}