{"id":88580,"date":"2021-08-30T14:40:34","date_gmt":"2021-08-30T17:40:34","guid":{"rendered":"https:\/\/folhapopular.info\/?p=88580"},"modified":"2021-08-30T14:40:36","modified_gmt":"2021-08-30T17:40:36","slug":"projetos-inovadores-na-saude-se-destacam-em-colinas","status":"publish","type":"post","link":"https:\/\/folhapopular.info\/index.php\/2021\/08\/30\/projetos-inovadores-na-saude-se-destacam-em-colinas\/","title":{"rendered":"Projetos inovadores na sa\u00fade se destacam em Colinas"},"content":{"rendered":"\n<p><strong><em>\u00c1udio na \u00edntegra dispon\u00edvel no <a href=\"https:\/\/popular.fm.br\/index.php\/2021\/08\/30\/projetos-inovadores-na-saude-se-destacam-em-colinas\/\">site da R\u00e1dio Popular<\/a><\/em><\/strong> <\/p>\n\n\n\n<p>O Espa\u00e7o Aberto teve a participa\u00e7\u00e3o da secret\u00e1ria de Sa\u00fade, Habita\u00e7\u00e3o e Assist\u00eancia Social de Colinas, Angelita Herrmann, na manh\u00e3 desta segunda-feira (30\/08). Ela falou de projetos inovadores na sa\u00fade que se destacam em Colinas.<\/p>\n\n\n\n<p>O munic\u00edpio possui 30% de sua popula\u00e7\u00e3o acima de 60 anos e, ao realizar o planejamento por ciclos de vida, percebeu que era necess\u00e1rio atender essa parcela da popula\u00e7\u00e3o. Assim criou-se o projeto de geriatria em conjunto com a Univates.<\/p>\n\n\n\n<p>A demanda surgiu em conversas com esse grupo, vendo a necessidade de qualificar a aten\u00e7\u00e3o destes idosos, com um olhar amplo e espec\u00edfico, pontua Angelita. O projeto ter\u00e1 a participa\u00e7\u00e3o de estudantes do curso de Medicina da universidade, que acompanhar\u00e3o os idosos. Os atendimentos ocorrem todas as ter\u00e7as-feiras, no munic\u00edpio.<\/p>\n\n\n\n<p>Diante da pandemia, quando atividades que estes idosos participavam foram interrompidas bruscamente, o munic\u00edpio teve uma aten\u00e7\u00e3o adicional sobre a sa\u00fade mental dos mesmos, coloca Angelita.<\/p>\n\n\n\n<p>Outro projeto \u00e9 o Primeiros 1000 dias de vida, que visa acompanhar os primeiros mil dias de vida da crian\u00e7a, iniciando na gravidez e se estendendo at\u00e9 os dois anos de idade. O projeto teve in\u00edcio em 2017 e foi apresentado em semin\u00e1rio nacional deste m\u00eas de agosto. Atende toda a fam\u00edlia e objetiva empoderar para que esta desenvolva todas as potencialidades como fam\u00edlia e as do pr\u00f3prio beb\u00ea.<\/p>\n\n\n\n<p>Al\u00e9m destes, Colinas conta com o projeto Adolescer, que oferece o curso Vida e carreira aos adolescentes. Tamb\u00e9m s\u00e3o realizadas atividades com grupos espec\u00edficos, como diabetes, por exemplo.<\/p>\n\n\n\n<p><strong>Convidada:\u00a0<\/strong>secret\u00e1ria de Sa\u00fade, Habita\u00e7\u00e3o e Assist\u00eancia Social de Colinas, Angelita Herrmann<br><strong>Data:\u00a0<\/strong>30\/8<br><strong>Assuntos:<\/strong><br>&#8211; Projetos inovadores em Colinas;<br>&#8211; Projeto de geriatria em conjunto com a Univates;<br>&#8211; 30% da popula\u00e7\u00e3o \u00e9 idosa;<br>&#8211; Projeto 1000 dias de vida;<br>&#8211; Projeto adolescer;<br>&#8211; Grupos de trabalho com outras idades.<\/p>\n\n\n\n<p><strong><em>\u00c1udio na \u00edntegra dispon\u00edvel no <a href=\"https:\/\/popular.fm.br\/index.php\/2021\/08\/30\/projetos-inovadores-na-saude-se-destacam-em-colinas\/\">site da R\u00e1dio Popular<\/a><\/em><\/strong><\/p>\n","protected":false},"excerpt":{"rendered":"<p>\u00c1udio na \u00edntegra dispon\u00edvel no site da R\u00e1dio Popular O Espa\u00e7o Aberto teve a participa\u00e7\u00e3o da secret\u00e1ria de Sa\u00fade, Habita\u00e7\u00e3o e Assist\u00eancia Social de Colinas, Angelita Herrmann, na manh\u00e3 desta segunda-feira (30\/08). Ela falou de projetos inovadores na sa\u00fade que se destacam em Colinas. O munic\u00edpio possui 30% de sua popula\u00e7\u00e3o acima de 60 anos [&hellip;]<\/p>\n","protected":false},"author":8,"featured_media":88581,"comment_status":"open","ping_status":"open","sticky":false,"template":"","format":"standard","meta":{"pmpro_default_level":"","_jetpack_memberships_contains_paid_content":false,"footnotes":""},"categories":[2,3],"tags":[183,6811,6250,89],"class_list":{"0":"post-88580","1":"post","2":"type-post","3":"status-publish","4":"format-standard","5":"has-post-thumbnail","7":"category-featured","8":"category-geral","9":"tag-colinas","10":"tag-inovadores","11":"tag-projetos","12":"tag-saude","13":"pmpro-has-access"},"yoast_head":"<!-- This site is optimized with the Yoast SEO plugin v27.5 - https:\/\/yoast.com\/product\/yoast-seo-wordpress\/ -->\n<title>Projetos inovadores na sa\u00fade se destacam em Colinas - Folha Popular<\/title>\n<meta name=\"robots\" content=\"index, follow, max-snippet:-1, max-image-preview:large, max-video-preview:-1\" \/>\n<link rel=\"canonical\" href=\"https:\/\/folhapopular.info\/index.php\/2021\/08\/30\/projetos-inovadores-na-saude-se-destacam-em-colinas\/\" \/>\n<meta property=\"og:locale\" content=\"pt_BR\" \/>\n<meta property=\"og:type\" content=\"article\" \/>\n<meta property=\"og:title\" content=\"Projetos inovadores na sa\u00fade se destacam em Colinas - Folha Popular\" \/>\n<meta property=\"og:description\" content=\"\u00c1udio na \u00edntegra dispon\u00edvel no site da R\u00e1dio Popular O Espa\u00e7o Aberto teve a participa\u00e7\u00e3o da secret\u00e1ria de Sa\u00fade, Habita\u00e7\u00e3o e Assist\u00eancia Social de Colinas, Angelita Herrmann, na manh\u00e3 desta segunda-feira (30\/08). Ela falou de projetos inovadores na sa\u00fade que se destacam em Colinas. O munic\u00edpio possui 30% de sua popula\u00e7\u00e3o acima de 60 anos [&hellip;]\" \/>\n<meta property=\"og:url\" content=\"https:\/\/folhapopular.info\/index.php\/2021\/08\/30\/projetos-inovadores-na-saude-se-destacam-em-colinas\/\" \/>\n<meta property=\"og:site_name\" content=\"Folha Popular\" \/>\n<meta property=\"article:published_time\" content=\"2021-08-30T17:40:34+00:00\" \/>\n<meta property=\"article:modified_time\" content=\"2021-08-30T17:40:36+00:00\" \/>\n<meta property=\"og:image\" content=\"https:\/\/folhapopular.info\/wp-content\/uploads\/2021\/08\/WhatsApp-Image-2021-08-30-at-08.53.36-e1630345112657.jpeg\" \/>\n\t<meta property=\"og:image:width\" content=\"800\" \/>\n\t<meta property=\"og:image:height\" content=\"600\" \/>\n\t<meta property=\"og:image:type\" content=\"image\/jpeg\" \/>\n<meta name=\"author\" content=\"Reda\u00e7\u00e3o Folha Popular\" \/>\n<meta name=\"twitter:card\" content=\"summary_large_image\" \/>\n<meta name=\"twitter:label1\" content=\"Escrito por\" \/>\n\t<meta name=\"twitter:data1\" content=\"Reda\u00e7\u00e3o Folha Popular\" \/>\n\t<meta name=\"twitter:label2\" content=\"Est. tempo de leitura\" \/>\n\t<meta name=\"twitter:data2\" content=\"2 minutos\" \/>\n<script type=\"application\/ld+json\" class=\"yoast-schema-graph\">{\"@context\":\"https:\\\/\\\/schema.org\",\"@graph\":[{\"@type\":\"Article\",\"@id\":\"https:\\\/\\\/folhapopular.info\\\/index.php\\\/2021\\\/08\\\/30\\\/projetos-inovadores-na-saude-se-destacam-em-colinas\\\/#article\",\"isPartOf\":{\"@id\":\"https:\\\/\\\/folhapopular.info\\\/index.php\\\/2021\\\/08\\\/30\\\/projetos-inovadores-na-saude-se-destacam-em-colinas\\\/\"},\"author\":{\"name\":\"Reda\u00e7\u00e3o Folha Popular\",\"@id\":\"https:\\\/\\\/folhapopular.info\\\/#\\\/schema\\\/person\\\/2814e8a0df7643585a9ca38bc6eb9d4b\"},\"headline\":\"Projetos inovadores na sa\u00fade se destacam em Colinas\",\"datePublished\":\"2021-08-30T17:40:34+00:00\",\"dateModified\":\"2021-08-30T17:40:36+00:00\",\"mainEntityOfPage\":{\"@id\":\"https:\\\/\\\/folhapopular.info\\\/index.php\\\/2021\\\/08\\\/30\\\/projetos-inovadores-na-saude-se-destacam-em-colinas\\\/\"},\"wordCount\":356,\"commentCount\":0,\"image\":{\"@id\":\"https:\\\/\\\/folhapopular.info\\\/index.php\\\/2021\\\/08\\\/30\\\/projetos-inovadores-na-saude-se-destacam-em-colinas\\\/#primaryimage\"},\"thumbnailUrl\":\"https:\\\/\\\/folhapopular.info\\\/wp-content\\\/uploads\\\/2021\\\/08\\\/WhatsApp-Image-2021-08-30-at-08.53.36-e1630345112657.jpeg\",\"keywords\":[\"Colinas\",\"Inovadores\",\"Projetos\",\"Sa\u00fade\"],\"articleSection\":[\"Destaques\",\"Geral\"],\"inLanguage\":\"pt-BR\",\"potentialAction\":[{\"@type\":\"CommentAction\",\"name\":\"Comment\",\"target\":[\"https:\\\/\\\/folhapopular.info\\\/index.php\\\/2021\\\/08\\\/30\\\/projetos-inovadores-na-saude-se-destacam-em-colinas\\\/#respond\"]}]},{\"@type\":\"WebPage\",\"@id\":\"https:\\\/\\\/folhapopular.info\\\/index.php\\\/2021\\\/08\\\/30\\\/projetos-inovadores-na-saude-se-destacam-em-colinas\\\/\",\"url\":\"https:\\\/\\\/folhapopular.info\\\/index.php\\\/2021\\\/08\\\/30\\\/projetos-inovadores-na-saude-se-destacam-em-colinas\\\/\",\"name\":\"Projetos inovadores na sa\u00fade se destacam em Colinas - Folha Popular\",\"isPartOf\":{\"@id\":\"https:\\\/\\\/folhapopular.info\\\/#website\"},\"primaryImageOfPage\":{\"@id\":\"https:\\\/\\\/folhapopular.info\\\/index.php\\\/2021\\\/08\\\/30\\\/projetos-inovadores-na-saude-se-destacam-em-colinas\\\/#primaryimage\"},\"image\":{\"@id\":\"https:\\\/\\\/folhapopular.info\\\/index.php\\\/2021\\\/08\\\/30\\\/projetos-inovadores-na-saude-se-destacam-em-colinas\\\/#primaryimage\"},\"thumbnailUrl\":\"https:\\\/\\\/folhapopular.info\\\/wp-content\\\/uploads\\\/2021\\\/08\\\/WhatsApp-Image-2021-08-30-at-08.53.36-e1630345112657.jpeg\",\"datePublished\":\"2021-08-30T17:40:34+00:00\",\"dateModified\":\"2021-08-30T17:40:36+00:00\",\"author\":{\"@id\":\"https:\\\/\\\/folhapopular.info\\\/#\\\/schema\\\/person\\\/2814e8a0df7643585a9ca38bc6eb9d4b\"},\"breadcrumb\":{\"@id\":\"https:\\\/\\\/folhapopular.info\\\/index.php\\\/2021\\\/08\\\/30\\\/projetos-inovadores-na-saude-se-destacam-em-colinas\\\/#breadcrumb\"},\"inLanguage\":\"pt-BR\",\"potentialAction\":[{\"@type\":\"ReadAction\",\"target\":[\"https:\\\/\\\/folhapopular.info\\\/index.php\\\/2021\\\/08\\\/30\\\/projetos-inovadores-na-saude-se-destacam-em-colinas\\\/\"]}]},{\"@type\":\"ImageObject\",\"inLanguage\":\"pt-BR\",\"@id\":\"https:\\\/\\\/folhapopular.info\\\/index.php\\\/2021\\\/08\\\/30\\\/projetos-inovadores-na-saude-se-destacam-em-colinas\\\/#primaryimage\",\"url\":\"https:\\\/\\\/folhapopular.info\\\/wp-content\\\/uploads\\\/2021\\\/08\\\/WhatsApp-Image-2021-08-30-at-08.53.36-e1630345112657.jpeg\",\"contentUrl\":\"https:\\\/\\\/folhapopular.info\\\/wp-content\\\/uploads\\\/2021\\\/08\\\/WhatsApp-Image-2021-08-30-at-08.53.36-e1630345112657.jpeg\",\"width\":800,\"height\":600,\"caption\":\"Cr\u00e9ditos da foto: Luciana Brune\"},{\"@type\":\"BreadcrumbList\",\"@id\":\"https:\\\/\\\/folhapopular.info\\\/index.php\\\/2021\\\/08\\\/30\\\/projetos-inovadores-na-saude-se-destacam-em-colinas\\\/#breadcrumb\",\"itemListElement\":[{\"@type\":\"ListItem\",\"position\":1,\"name\":\"In\u00edcio\",\"item\":\"https:\\\/\\\/folhapopular.info\\\/\"},{\"@type\":\"ListItem\",\"position\":2,\"name\":\"Projetos inovadores na sa\u00fade se destacam em Colinas\"}]},{\"@type\":\"WebSite\",\"@id\":\"https:\\\/\\\/folhapopular.info\\\/#website\",\"url\":\"https:\\\/\\\/folhapopular.info\\\/\",\"name\":\"Folha Popular\",\"description\":\"Onde voc\u00ea tem vez e voz\",\"potentialAction\":[{\"@type\":\"SearchAction\",\"target\":{\"@type\":\"EntryPoint\",\"urlTemplate\":\"https:\\\/\\\/folhapopular.info\\\/?s={search_term_string}\"},\"query-input\":{\"@type\":\"PropertyValueSpecification\",\"valueRequired\":true,\"valueName\":\"search_term_string\"}}],\"inLanguage\":\"pt-BR\"},{\"@type\":\"Person\",\"@id\":\"https:\\\/\\\/folhapopular.info\\\/#\\\/schema\\\/person\\\/2814e8a0df7643585a9ca38bc6eb9d4b\",\"name\":\"Reda\u00e7\u00e3o Folha Popular\",\"image\":{\"@type\":\"ImageObject\",\"inLanguage\":\"pt-BR\",\"@id\":\"https:\\\/\\\/folhapopular.info\\\/wp-content\\\/uploads\\\/2026\\\/04\\\/Folha-1.webp\",\"url\":\"https:\\\/\\\/folhapopular.info\\\/wp-content\\\/uploads\\\/2026\\\/04\\\/Folha-1.webp\",\"contentUrl\":\"https:\\\/\\\/folhapopular.info\\\/wp-content\\\/uploads\\\/2026\\\/04\\\/Folha-1.webp\",\"caption\":\"Reda\u00e7\u00e3o Folha Popular\"},\"url\":\"https:\\\/\\\/folhapopular.info\\\/index.php\\\/author\\\/redacao\\\/\"}]}<\/script>\n<!-- \/ Yoast SEO plugin. -->","yoast_head_json":{"title":"Projetos inovadores na sa\u00fade se destacam em Colinas - Folha Popular","robots":{"index":"index","follow":"follow","max-snippet":"max-snippet:-1","max-image-preview":"max-image-preview:large","max-video-preview":"max-video-preview:-1"},"canonical":"https:\/\/folhapopular.info\/index.php\/2021\/08\/30\/projetos-inovadores-na-saude-se-destacam-em-colinas\/","og_locale":"pt_BR","og_type":"article","og_title":"Projetos inovadores na sa\u00fade se destacam em Colinas - Folha Popular","og_description":"\u00c1udio na \u00edntegra dispon\u00edvel no site da R\u00e1dio Popular O Espa\u00e7o Aberto teve a participa\u00e7\u00e3o da secret\u00e1ria de Sa\u00fade, Habita\u00e7\u00e3o e Assist\u00eancia Social de Colinas, Angelita Herrmann, na manh\u00e3 desta segunda-feira (30\/08). Ela falou de projetos inovadores na sa\u00fade que se destacam em Colinas. O munic\u00edpio possui 30% de sua popula\u00e7\u00e3o acima de 60 anos [&hellip;]","og_url":"https:\/\/folhapopular.info\/index.php\/2021\/08\/30\/projetos-inovadores-na-saude-se-destacam-em-colinas\/","og_site_name":"Folha Popular","article_published_time":"2021-08-30T17:40:34+00:00","article_modified_time":"2021-08-30T17:40:36+00:00","og_image":[{"width":800,"height":600,"url":"https:\/\/folhapopular.info\/wp-content\/uploads\/2021\/08\/WhatsApp-Image-2021-08-30-at-08.53.36-e1630345112657.jpeg","type":"image\/jpeg"}],"author":"Reda\u00e7\u00e3o Folha Popular","twitter_card":"summary_large_image","twitter_misc":{"Escrito por":"Reda\u00e7\u00e3o Folha Popular","Est. tempo de leitura":"2 minutos"},"schema":{"@context":"https:\/\/schema.org","@graph":[{"@type":"Article","@id":"https:\/\/folhapopular.info\/index.php\/2021\/08\/30\/projetos-inovadores-na-saude-se-destacam-em-colinas\/#article","isPartOf":{"@id":"https:\/\/folhapopular.info\/index.php\/2021\/08\/30\/projetos-inovadores-na-saude-se-destacam-em-colinas\/"},"author":{"name":"Reda\u00e7\u00e3o Folha Popular","@id":"https:\/\/folhapopular.info\/#\/schema\/person\/2814e8a0df7643585a9ca38bc6eb9d4b"},"headline":"Projetos inovadores na sa\u00fade se destacam em Colinas","datePublished":"2021-08-30T17:40:34+00:00","dateModified":"2021-08-30T17:40:36+00:00","mainEntityOfPage":{"@id":"https:\/\/folhapopular.info\/index.php\/2021\/08\/30\/projetos-inovadores-na-saude-se-destacam-em-colinas\/"},"wordCount":356,"commentCount":0,"image":{"@id":"https:\/\/folhapopular.info\/index.php\/2021\/08\/30\/projetos-inovadores-na-saude-se-destacam-em-colinas\/#primaryimage"},"thumbnailUrl":"https:\/\/folhapopular.info\/wp-content\/uploads\/2021\/08\/WhatsApp-Image-2021-08-30-at-08.53.36-e1630345112657.jpeg","keywords":["Colinas","Inovadores","Projetos","Sa\u00fade"],"articleSection":["Destaques","Geral"],"inLanguage":"pt-BR","potentialAction":[{"@type":"CommentAction","name":"Comment","target":["https:\/\/folhapopular.info\/index.php\/2021\/08\/30\/projetos-inovadores-na-saude-se-destacam-em-colinas\/#respond"]}]},{"@type":"WebPage","@id":"https:\/\/folhapopular.info\/index.php\/2021\/08\/30\/projetos-inovadores-na-saude-se-destacam-em-colinas\/","url":"https:\/\/folhapopular.info\/index.php\/2021\/08\/30\/projetos-inovadores-na-saude-se-destacam-em-colinas\/","name":"Projetos inovadores na sa\u00fade se destacam em Colinas - Folha Popular","isPartOf":{"@id":"https:\/\/folhapopular.info\/#website"},"primaryImageOfPage":{"@id":"https:\/\/folhapopular.info\/index.php\/2021\/08\/30\/projetos-inovadores-na-saude-se-destacam-em-colinas\/#primaryimage"},"image":{"@id":"https:\/\/folhapopular.info\/index.php\/2021\/08\/30\/projetos-inovadores-na-saude-se-destacam-em-colinas\/#primaryimage"},"thumbnailUrl":"https:\/\/folhapopular.info\/wp-content\/uploads\/2021\/08\/WhatsApp-Image-2021-08-30-at-08.53.36-e1630345112657.jpeg","datePublished":"2021-08-30T17:40:34+00:00","dateModified":"2021-08-30T17:40:36+00:00","author":{"@id":"https:\/\/folhapopular.info\/#\/schema\/person\/2814e8a0df7643585a9ca38bc6eb9d4b"},"breadcrumb":{"@id":"https:\/\/folhapopular.info\/index.php\/2021\/08\/30\/projetos-inovadores-na-saude-se-destacam-em-colinas\/#breadcrumb"},"inLanguage":"pt-BR","potentialAction":[{"@type":"ReadAction","target":["https:\/\/folhapopular.info\/index.php\/2021\/08\/30\/projetos-inovadores-na-saude-se-destacam-em-colinas\/"]}]},{"@type":"ImageObject","inLanguage":"pt-BR","@id":"https:\/\/folhapopular.info\/index.php\/2021\/08\/30\/projetos-inovadores-na-saude-se-destacam-em-colinas\/#primaryimage","url":"https:\/\/folhapopular.info\/wp-content\/uploads\/2021\/08\/WhatsApp-Image-2021-08-30-at-08.53.36-e1630345112657.jpeg","contentUrl":"https:\/\/folhapopular.info\/wp-content\/uploads\/2021\/08\/WhatsApp-Image-2021-08-30-at-08.53.36-e1630345112657.jpeg","width":800,"height":600,"caption":"Cr\u00e9ditos da foto: Luciana Brune"},{"@type":"BreadcrumbList","@id":"https:\/\/folhapopular.info\/index.php\/2021\/08\/30\/projetos-inovadores-na-saude-se-destacam-em-colinas\/#breadcrumb","itemListElement":[{"@type":"ListItem","position":1,"name":"In\u00edcio","item":"https:\/\/folhapopular.info\/"},{"@type":"ListItem","position":2,"name":"Projetos inovadores na sa\u00fade se destacam em Colinas"}]},{"@type":"WebSite","@id":"https:\/\/folhapopular.info\/#website","url":"https:\/\/folhapopular.info\/","name":"Folha Popular","description":"Onde voc\u00ea tem vez e voz","potentialAction":[{"@type":"SearchAction","target":{"@type":"EntryPoint","urlTemplate":"https:\/\/folhapopular.info\/?s={search_term_string}"},"query-input":{"@type":"PropertyValueSpecification","valueRequired":true,"valueName":"search_term_string"}}],"inLanguage":"pt-BR"},{"@type":"Person","@id":"https:\/\/folhapopular.info\/#\/schema\/person\/2814e8a0df7643585a9ca38bc6eb9d4b","name":"Reda\u00e7\u00e3o Folha Popular","image":{"@type":"ImageObject","inLanguage":"pt-BR","@id":"https:\/\/folhapopular.info\/wp-content\/uploads\/2026\/04\/Folha-1.webp","url":"https:\/\/folhapopular.info\/wp-content\/uploads\/2026\/04\/Folha-1.webp","contentUrl":"https:\/\/folhapopular.info\/wp-content\/uploads\/2026\/04\/Folha-1.webp","caption":"Reda\u00e7\u00e3o Folha Popular"},"url":"https:\/\/folhapopular.info\/index.php\/author\/redacao\/"}]}},"jetpack_featured_media_url":"https:\/\/folhapopular.info\/wp-content\/uploads\/2021\/08\/WhatsApp-Image-2021-08-30-at-08.53.36-e1630345112657.jpeg","jetpack_sharing_enabled":true,"amp_enabled":true,"_links":{"self":[{"href":"https:\/\/folhapopular.info\/index.php\/wp-json\/wp\/v2\/posts\/88580","targetHints":{"allow":["GET"]}}],"collection":[{"href":"https:\/\/folhapopular.info\/index.php\/wp-json\/wp\/v2\/posts"}],"about":[{"href":"https:\/\/folhapopular.info\/index.php\/wp-json\/wp\/v2\/types\/post"}],"author":[{"embeddable":true,"href":"https:\/\/folhapopular.info\/index.php\/wp-json\/wp\/v2\/users\/8"}],"replies":[{"embeddable":true,"href":"https:\/\/folhapopular.info\/index.php\/wp-json\/wp\/v2\/comments?post=88580"}],"version-history":[{"count":0,"href":"https:\/\/folhapopular.info\/index.php\/wp-json\/wp\/v2\/posts\/88580\/revisions"}],"wp:featuredmedia":[{"embeddable":true,"href":"https:\/\/folhapopular.info\/index.php\/wp-json\/wp\/v2\/media\/88581"}],"wp:attachment":[{"href":"https:\/\/folhapopular.info\/index.php\/wp-json\/wp\/v2\/media?parent=88580"}],"wp:term":[{"taxonomy":"category","embeddable":true,"href":"https:\/\/folhapopular.info\/index.php\/wp-json\/wp\/v2\/categories?post=88580"},{"taxonomy":"post_tag","embeddable":true,"href":"https:\/\/folhapopular.info\/index.php\/wp-json\/wp\/v2\/tags?post=88580"}],"curies":[{"name":"wp","href":"https:\/\/api.w.org\/{rel}","templated":true}]}}