{"id":88634,"date":"2021-08-31T09:24:18","date_gmt":"2021-08-31T12:24:18","guid":{"rendered":"https:\/\/folhapopular.info\/?p=88634"},"modified":"2021-08-31T09:24:22","modified_gmt":"2021-08-31T12:24:22","slug":"lei-de-diretrizes-orcamentarias-ldo-e-protocolada-na-camara-de-vereadores-de-colinas","status":"publish","type":"post","link":"https:\/\/folhapopular.info\/index.php\/2021\/08\/31\/lei-de-diretrizes-orcamentarias-ldo-e-protocolada-na-camara-de-vereadores-de-colinas\/","title":{"rendered":"Lei de Diretrizes Or\u00e7ament\u00e1rias (LDO) \u00e9 protocolada na C\u00e2mara de Vereadores de Colinas"},"content":{"rendered":"\n<p>Foi protocolado junto \u00e0 C\u00e2mara de Vereadores de Colinas, na quinta-feira (26\/8), o Projeto de Lei n\u00ba 030-01\/2021 de autoria do Poder Executivo que disp\u00f5e sobre as Diretrizes Or\u00e7ament\u00e1rias para o exerc\u00edcio financeiro de 2022.<\/p>\n\n\n\n<p>Assinado pelo prefeito de Colinas Sandro Herrmann, o documento segue para aprecia\u00e7\u00e3o e delibera\u00e7\u00e3o dos vereadores. \u201cMesmo n\u00e3o podendo antever um futuro pr\u00f3ximo para o comportamento econ\u00f4mico brasileiro, esse objetivo proposto \u00e9 ating\u00edvel e realiz\u00e1vel, considerando a possibilidade de obten\u00e7\u00e3o de recursos extras, a partir do repasse de emendas parlamentares e de projetos governamentais, tanto da Uni\u00e3o quanto do Estado\u201d, destaca.<\/p>\n\n\n\n<p>A secret\u00e1ria da Administra\u00e7\u00e3o e Fazenda Raquel Klein Diehl explica que a elabora\u00e7\u00e3o da proposta da Lei de Diretrizes Or\u00e7ament\u00e1rias (LDO), \u00e9 precedida e subsidiada por amplas avalia\u00e7\u00f5es e comparativos, inclusive com a necessidade de realiza\u00e7\u00e3o de audi\u00eancia p\u00fablica, para se chegar \u00e0s estimativas que possam nos aproximar de dados e n\u00fameros s\u00f3lidos, poss\u00edveis, transparentes e reais. \u201cReiteramos as metas e prop\u00f3sitos j\u00e1 estabelecidos no Plano Plurianual de Investimentos (PPA) 2022-2025, mantendo projetos e programas de desenvolvimento do munic\u00edpio, nos diferentes setores de atividades para o pr\u00f3ximo exerc\u00edcio\u201d, ressalta.<\/p>\n\n\n\n<p>A Lei de Diretrizes Or\u00e7ament\u00e1rias (LDO) estabelece quais ser\u00e3o as metas e prioridades para o ano seguinte. Serve de elo de liga\u00e7\u00e3o entre o Plano Plurianual e o Or\u00e7amento. O seu conte\u00fado b\u00e1sico est\u00e1 previsto no art. 165, \u00a7 2\u00ba, da Constitui\u00e7\u00e3o Federal e ela estabelece as metas e prioridades para o or\u00e7amento anual do ano seguinte.<\/p>\n","protected":false},"excerpt":{"rendered":"<p>Foi protocolado junto \u00e0 C\u00e2mara de Vereadores de Colinas, na quinta-feira (26\/8), o Projeto de Lei n\u00ba 030-01\/2021 de autoria do Poder Executivo que disp\u00f5e sobre as Diretrizes Or\u00e7ament\u00e1rias para o exerc\u00edcio financeiro de 2022. Assinado pelo prefeito de Colinas Sandro Herrmann, o documento segue para aprecia\u00e7\u00e3o e delibera\u00e7\u00e3o dos vereadores. \u201cMesmo n\u00e3o podendo antever [&hellip;]<\/p>\n","protected":false},"author":8,"featured_media":88637,"comment_status":"open","ping_status":"open","sticky":false,"template":"","format":"standard","meta":{"pmpro_default_level":"","_jetpack_memberships_contains_paid_content":false,"footnotes":""},"categories":[2,3],"tags":[646,183,6814],"class_list":{"0":"post-88634","1":"post","2":"type-post","3":"status-publish","4":"format-standard","5":"has-post-thumbnail","7":"category-featured","8":"category-geral","9":"tag-camara-de-vereadores","10":"tag-colinas","11":"tag-lei-de-diretrizes-orcamentarias","12":"pmpro-has-access"},"yoast_head":"<!-- This site is optimized with the Yoast SEO plugin v27.5 - https:\/\/yoast.com\/product\/yoast-seo-wordpress\/ -->\n<title>Lei de Diretrizes Or\u00e7ament\u00e1rias (LDO) \u00e9 protocolada na C\u00e2mara de Vereadores de Colinas - Folha Popular<\/title>\n<meta name=\"robots\" content=\"index, follow, max-snippet:-1, max-image-preview:large, max-video-preview:-1\" \/>\n<link rel=\"canonical\" href=\"https:\/\/folhapopular.info\/index.php\/2021\/08\/31\/lei-de-diretrizes-orcamentarias-ldo-e-protocolada-na-camara-de-vereadores-de-colinas\/\" \/>\n<meta property=\"og:locale\" content=\"pt_BR\" \/>\n<meta property=\"og:type\" content=\"article\" \/>\n<meta property=\"og:title\" content=\"Lei de Diretrizes Or\u00e7ament\u00e1rias (LDO) \u00e9 protocolada na C\u00e2mara de Vereadores de Colinas - Folha Popular\" \/>\n<meta property=\"og:description\" content=\"Foi protocolado junto \u00e0 C\u00e2mara de Vereadores de Colinas, na quinta-feira (26\/8), o Projeto de Lei n\u00ba 030-01\/2021 de autoria do Poder Executivo que disp\u00f5e sobre as Diretrizes Or\u00e7ament\u00e1rias para o exerc\u00edcio financeiro de 2022. Assinado pelo prefeito de Colinas Sandro Herrmann, o documento segue para aprecia\u00e7\u00e3o e delibera\u00e7\u00e3o dos vereadores. \u201cMesmo n\u00e3o podendo antever [&hellip;]\" \/>\n<meta property=\"og:url\" content=\"https:\/\/folhapopular.info\/index.php\/2021\/08\/31\/lei-de-diretrizes-orcamentarias-ldo-e-protocolada-na-camara-de-vereadores-de-colinas\/\" \/>\n<meta property=\"og:site_name\" content=\"Folha Popular\" \/>\n<meta property=\"article:published_time\" content=\"2021-08-31T12:24:18+00:00\" \/>\n<meta property=\"article:modified_time\" content=\"2021-08-31T12:24:22+00:00\" \/>\n<meta property=\"og:image\" content=\"https:\/\/folhapopular.info\/wp-content\/uploads\/2021\/08\/WhatsApp-Image-2021-08-30-at-14.55.47-e1630412572352.jpeg\" \/>\n\t<meta property=\"og:image:width\" content=\"600\" \/>\n\t<meta property=\"og:image:height\" content=\"800\" \/>\n\t<meta property=\"og:image:type\" content=\"image\/jpeg\" \/>\n<meta name=\"author\" content=\"Reda\u00e7\u00e3o Folha Popular\" \/>\n<meta name=\"twitter:card\" content=\"summary_large_image\" \/>\n<meta name=\"twitter:label1\" content=\"Escrito por\" \/>\n\t<meta name=\"twitter:data1\" content=\"Reda\u00e7\u00e3o Folha Popular\" \/>\n\t<meta name=\"twitter:label2\" content=\"Est. tempo de leitura\" \/>\n\t<meta name=\"twitter:data2\" content=\"2 minutos\" \/>\n<script type=\"application\/ld+json\" class=\"yoast-schema-graph\">{\"@context\":\"https:\\\/\\\/schema.org\",\"@graph\":[{\"@type\":\"Article\",\"@id\":\"https:\\\/\\\/folhapopular.info\\\/index.php\\\/2021\\\/08\\\/31\\\/lei-de-diretrizes-orcamentarias-ldo-e-protocolada-na-camara-de-vereadores-de-colinas\\\/#article\",\"isPartOf\":{\"@id\":\"https:\\\/\\\/folhapopular.info\\\/index.php\\\/2021\\\/08\\\/31\\\/lei-de-diretrizes-orcamentarias-ldo-e-protocolada-na-camara-de-vereadores-de-colinas\\\/\"},\"author\":{\"name\":\"Reda\u00e7\u00e3o Folha Popular\",\"@id\":\"https:\\\/\\\/folhapopular.info\\\/#\\\/schema\\\/person\\\/2814e8a0df7643585a9ca38bc6eb9d4b\"},\"headline\":\"Lei de Diretrizes Or\u00e7ament\u00e1rias (LDO) \u00e9 protocolada na C\u00e2mara de Vereadores de Colinas\",\"datePublished\":\"2021-08-31T12:24:18+00:00\",\"dateModified\":\"2021-08-31T12:24:22+00:00\",\"mainEntityOfPage\":{\"@id\":\"https:\\\/\\\/folhapopular.info\\\/index.php\\\/2021\\\/08\\\/31\\\/lei-de-diretrizes-orcamentarias-ldo-e-protocolada-na-camara-de-vereadores-de-colinas\\\/\"},\"wordCount\":288,\"commentCount\":0,\"image\":{\"@id\":\"https:\\\/\\\/folhapopular.info\\\/index.php\\\/2021\\\/08\\\/31\\\/lei-de-diretrizes-orcamentarias-ldo-e-protocolada-na-camara-de-vereadores-de-colinas\\\/#primaryimage\"},\"thumbnailUrl\":\"https:\\\/\\\/folhapopular.info\\\/wp-content\\\/uploads\\\/2021\\\/08\\\/WhatsApp-Image-2021-08-30-at-14.55.47-e1630412572352.jpeg\",\"keywords\":[\"C\u00e2mara de Vereadores\",\"Colinas\",\"Lei de Diretrizes Or\u00e7ament\u00e1rias\"],\"articleSection\":[\"Destaques\",\"Geral\"],\"inLanguage\":\"pt-BR\",\"potentialAction\":[{\"@type\":\"CommentAction\",\"name\":\"Comment\",\"target\":[\"https:\\\/\\\/folhapopular.info\\\/index.php\\\/2021\\\/08\\\/31\\\/lei-de-diretrizes-orcamentarias-ldo-e-protocolada-na-camara-de-vereadores-de-colinas\\\/#respond\"]}]},{\"@type\":\"WebPage\",\"@id\":\"https:\\\/\\\/folhapopular.info\\\/index.php\\\/2021\\\/08\\\/31\\\/lei-de-diretrizes-orcamentarias-ldo-e-protocolada-na-camara-de-vereadores-de-colinas\\\/\",\"url\":\"https:\\\/\\\/folhapopular.info\\\/index.php\\\/2021\\\/08\\\/31\\\/lei-de-diretrizes-orcamentarias-ldo-e-protocolada-na-camara-de-vereadores-de-colinas\\\/\",\"name\":\"Lei de Diretrizes Or\u00e7ament\u00e1rias (LDO) \u00e9 protocolada na C\u00e2mara de Vereadores de Colinas - Folha Popular\",\"isPartOf\":{\"@id\":\"https:\\\/\\\/folhapopular.info\\\/#website\"},\"primaryImageOfPage\":{\"@id\":\"https:\\\/\\\/folhapopular.info\\\/index.php\\\/2021\\\/08\\\/31\\\/lei-de-diretrizes-orcamentarias-ldo-e-protocolada-na-camara-de-vereadores-de-colinas\\\/#primaryimage\"},\"image\":{\"@id\":\"https:\\\/\\\/folhapopular.info\\\/index.php\\\/2021\\\/08\\\/31\\\/lei-de-diretrizes-orcamentarias-ldo-e-protocolada-na-camara-de-vereadores-de-colinas\\\/#primaryimage\"},\"thumbnailUrl\":\"https:\\\/\\\/folhapopular.info\\\/wp-content\\\/uploads\\\/2021\\\/08\\\/WhatsApp-Image-2021-08-30-at-14.55.47-e1630412572352.jpeg\",\"datePublished\":\"2021-08-31T12:24:18+00:00\",\"dateModified\":\"2021-08-31T12:24:22+00:00\",\"author\":{\"@id\":\"https:\\\/\\\/folhapopular.info\\\/#\\\/schema\\\/person\\\/2814e8a0df7643585a9ca38bc6eb9d4b\"},\"breadcrumb\":{\"@id\":\"https:\\\/\\\/folhapopular.info\\\/index.php\\\/2021\\\/08\\\/31\\\/lei-de-diretrizes-orcamentarias-ldo-e-protocolada-na-camara-de-vereadores-de-colinas\\\/#breadcrumb\"},\"inLanguage\":\"pt-BR\",\"potentialAction\":[{\"@type\":\"ReadAction\",\"target\":[\"https:\\\/\\\/folhapopular.info\\\/index.php\\\/2021\\\/08\\\/31\\\/lei-de-diretrizes-orcamentarias-ldo-e-protocolada-na-camara-de-vereadores-de-colinas\\\/\"]}]},{\"@type\":\"ImageObject\",\"inLanguage\":\"pt-BR\",\"@id\":\"https:\\\/\\\/folhapopular.info\\\/index.php\\\/2021\\\/08\\\/31\\\/lei-de-diretrizes-orcamentarias-ldo-e-protocolada-na-camara-de-vereadores-de-colinas\\\/#primaryimage\",\"url\":\"https:\\\/\\\/folhapopular.info\\\/wp-content\\\/uploads\\\/2021\\\/08\\\/WhatsApp-Image-2021-08-30-at-14.55.47-e1630412572352.jpeg\",\"contentUrl\":\"https:\\\/\\\/folhapopular.info\\\/wp-content\\\/uploads\\\/2021\\\/08\\\/WhatsApp-Image-2021-08-30-at-14.55.47-e1630412572352.jpeg\",\"width\":600,\"height\":800,\"caption\":\"Cr\u00e9ditos da foto: Divulga\u00e7\u00e3o\"},{\"@type\":\"BreadcrumbList\",\"@id\":\"https:\\\/\\\/folhapopular.info\\\/index.php\\\/2021\\\/08\\\/31\\\/lei-de-diretrizes-orcamentarias-ldo-e-protocolada-na-camara-de-vereadores-de-colinas\\\/#breadcrumb\",\"itemListElement\":[{\"@type\":\"ListItem\",\"position\":1,\"name\":\"In\u00edcio\",\"item\":\"https:\\\/\\\/folhapopular.info\\\/\"},{\"@type\":\"ListItem\",\"position\":2,\"name\":\"Lei de Diretrizes Or\u00e7ament\u00e1rias (LDO) \u00e9 protocolada na C\u00e2mara de Vereadores de Colinas\"}]},{\"@type\":\"WebSite\",\"@id\":\"https:\\\/\\\/folhapopular.info\\\/#website\",\"url\":\"https:\\\/\\\/folhapopular.info\\\/\",\"name\":\"Folha Popular\",\"description\":\"Onde voc\u00ea tem vez e voz\",\"potentialAction\":[{\"@type\":\"SearchAction\",\"target\":{\"@type\":\"EntryPoint\",\"urlTemplate\":\"https:\\\/\\\/folhapopular.info\\\/?s={search_term_string}\"},\"query-input\":{\"@type\":\"PropertyValueSpecification\",\"valueRequired\":true,\"valueName\":\"search_term_string\"}}],\"inLanguage\":\"pt-BR\"},{\"@type\":\"Person\",\"@id\":\"https:\\\/\\\/folhapopular.info\\\/#\\\/schema\\\/person\\\/2814e8a0df7643585a9ca38bc6eb9d4b\",\"name\":\"Reda\u00e7\u00e3o Folha Popular\",\"image\":{\"@type\":\"ImageObject\",\"inLanguage\":\"pt-BR\",\"@id\":\"https:\\\/\\\/folhapopular.info\\\/wp-content\\\/uploads\\\/2026\\\/04\\\/Folha-1.webp\",\"url\":\"https:\\\/\\\/folhapopular.info\\\/wp-content\\\/uploads\\\/2026\\\/04\\\/Folha-1.webp\",\"contentUrl\":\"https:\\\/\\\/folhapopular.info\\\/wp-content\\\/uploads\\\/2026\\\/04\\\/Folha-1.webp\",\"caption\":\"Reda\u00e7\u00e3o Folha Popular\"},\"url\":\"https:\\\/\\\/folhapopular.info\\\/index.php\\\/author\\\/redacao\\\/\"}]}<\/script>\n<!-- \/ Yoast SEO plugin. -->","yoast_head_json":{"title":"Lei de Diretrizes Or\u00e7ament\u00e1rias (LDO) \u00e9 protocolada na C\u00e2mara de Vereadores de Colinas - Folha Popular","robots":{"index":"index","follow":"follow","max-snippet":"max-snippet:-1","max-image-preview":"max-image-preview:large","max-video-preview":"max-video-preview:-1"},"canonical":"https:\/\/folhapopular.info\/index.php\/2021\/08\/31\/lei-de-diretrizes-orcamentarias-ldo-e-protocolada-na-camara-de-vereadores-de-colinas\/","og_locale":"pt_BR","og_type":"article","og_title":"Lei de Diretrizes Or\u00e7ament\u00e1rias (LDO) \u00e9 protocolada na C\u00e2mara de Vereadores de Colinas - Folha Popular","og_description":"Foi protocolado junto \u00e0 C\u00e2mara de Vereadores de Colinas, na quinta-feira (26\/8), o Projeto de Lei n\u00ba 030-01\/2021 de autoria do Poder Executivo que disp\u00f5e sobre as Diretrizes Or\u00e7ament\u00e1rias para o exerc\u00edcio financeiro de 2022. Assinado pelo prefeito de Colinas Sandro Herrmann, o documento segue para aprecia\u00e7\u00e3o e delibera\u00e7\u00e3o dos vereadores. \u201cMesmo n\u00e3o podendo antever [&hellip;]","og_url":"https:\/\/folhapopular.info\/index.php\/2021\/08\/31\/lei-de-diretrizes-orcamentarias-ldo-e-protocolada-na-camara-de-vereadores-de-colinas\/","og_site_name":"Folha Popular","article_published_time":"2021-08-31T12:24:18+00:00","article_modified_time":"2021-08-31T12:24:22+00:00","og_image":[{"width":600,"height":800,"url":"https:\/\/folhapopular.info\/wp-content\/uploads\/2021\/08\/WhatsApp-Image-2021-08-30-at-14.55.47-e1630412572352.jpeg","type":"image\/jpeg"}],"author":"Reda\u00e7\u00e3o Folha Popular","twitter_card":"summary_large_image","twitter_misc":{"Escrito por":"Reda\u00e7\u00e3o Folha Popular","Est. tempo de leitura":"2 minutos"},"schema":{"@context":"https:\/\/schema.org","@graph":[{"@type":"Article","@id":"https:\/\/folhapopular.info\/index.php\/2021\/08\/31\/lei-de-diretrizes-orcamentarias-ldo-e-protocolada-na-camara-de-vereadores-de-colinas\/#article","isPartOf":{"@id":"https:\/\/folhapopular.info\/index.php\/2021\/08\/31\/lei-de-diretrizes-orcamentarias-ldo-e-protocolada-na-camara-de-vereadores-de-colinas\/"},"author":{"name":"Reda\u00e7\u00e3o Folha Popular","@id":"https:\/\/folhapopular.info\/#\/schema\/person\/2814e8a0df7643585a9ca38bc6eb9d4b"},"headline":"Lei de Diretrizes Or\u00e7ament\u00e1rias (LDO) \u00e9 protocolada na C\u00e2mara de Vereadores de Colinas","datePublished":"2021-08-31T12:24:18+00:00","dateModified":"2021-08-31T12:24:22+00:00","mainEntityOfPage":{"@id":"https:\/\/folhapopular.info\/index.php\/2021\/08\/31\/lei-de-diretrizes-orcamentarias-ldo-e-protocolada-na-camara-de-vereadores-de-colinas\/"},"wordCount":288,"commentCount":0,"image":{"@id":"https:\/\/folhapopular.info\/index.php\/2021\/08\/31\/lei-de-diretrizes-orcamentarias-ldo-e-protocolada-na-camara-de-vereadores-de-colinas\/#primaryimage"},"thumbnailUrl":"https:\/\/folhapopular.info\/wp-content\/uploads\/2021\/08\/WhatsApp-Image-2021-08-30-at-14.55.47-e1630412572352.jpeg","keywords":["C\u00e2mara de Vereadores","Colinas","Lei de Diretrizes Or\u00e7ament\u00e1rias"],"articleSection":["Destaques","Geral"],"inLanguage":"pt-BR","potentialAction":[{"@type":"CommentAction","name":"Comment","target":["https:\/\/folhapopular.info\/index.php\/2021\/08\/31\/lei-de-diretrizes-orcamentarias-ldo-e-protocolada-na-camara-de-vereadores-de-colinas\/#respond"]}]},{"@type":"WebPage","@id":"https:\/\/folhapopular.info\/index.php\/2021\/08\/31\/lei-de-diretrizes-orcamentarias-ldo-e-protocolada-na-camara-de-vereadores-de-colinas\/","url":"https:\/\/folhapopular.info\/index.php\/2021\/08\/31\/lei-de-diretrizes-orcamentarias-ldo-e-protocolada-na-camara-de-vereadores-de-colinas\/","name":"Lei de Diretrizes Or\u00e7ament\u00e1rias (LDO) \u00e9 protocolada na C\u00e2mara de Vereadores de Colinas - Folha Popular","isPartOf":{"@id":"https:\/\/folhapopular.info\/#website"},"primaryImageOfPage":{"@id":"https:\/\/folhapopular.info\/index.php\/2021\/08\/31\/lei-de-diretrizes-orcamentarias-ldo-e-protocolada-na-camara-de-vereadores-de-colinas\/#primaryimage"},"image":{"@id":"https:\/\/folhapopular.info\/index.php\/2021\/08\/31\/lei-de-diretrizes-orcamentarias-ldo-e-protocolada-na-camara-de-vereadores-de-colinas\/#primaryimage"},"thumbnailUrl":"https:\/\/folhapopular.info\/wp-content\/uploads\/2021\/08\/WhatsApp-Image-2021-08-30-at-14.55.47-e1630412572352.jpeg","datePublished":"2021-08-31T12:24:18+00:00","dateModified":"2021-08-31T12:24:22+00:00","author":{"@id":"https:\/\/folhapopular.info\/#\/schema\/person\/2814e8a0df7643585a9ca38bc6eb9d4b"},"breadcrumb":{"@id":"https:\/\/folhapopular.info\/index.php\/2021\/08\/31\/lei-de-diretrizes-orcamentarias-ldo-e-protocolada-na-camara-de-vereadores-de-colinas\/#breadcrumb"},"inLanguage":"pt-BR","potentialAction":[{"@type":"ReadAction","target":["https:\/\/folhapopular.info\/index.php\/2021\/08\/31\/lei-de-diretrizes-orcamentarias-ldo-e-protocolada-na-camara-de-vereadores-de-colinas\/"]}]},{"@type":"ImageObject","inLanguage":"pt-BR","@id":"https:\/\/folhapopular.info\/index.php\/2021\/08\/31\/lei-de-diretrizes-orcamentarias-ldo-e-protocolada-na-camara-de-vereadores-de-colinas\/#primaryimage","url":"https:\/\/folhapopular.info\/wp-content\/uploads\/2021\/08\/WhatsApp-Image-2021-08-30-at-14.55.47-e1630412572352.jpeg","contentUrl":"https:\/\/folhapopular.info\/wp-content\/uploads\/2021\/08\/WhatsApp-Image-2021-08-30-at-14.55.47-e1630412572352.jpeg","width":600,"height":800,"caption":"Cr\u00e9ditos da foto: Divulga\u00e7\u00e3o"},{"@type":"BreadcrumbList","@id":"https:\/\/folhapopular.info\/index.php\/2021\/08\/31\/lei-de-diretrizes-orcamentarias-ldo-e-protocolada-na-camara-de-vereadores-de-colinas\/#breadcrumb","itemListElement":[{"@type":"ListItem","position":1,"name":"In\u00edcio","item":"https:\/\/folhapopular.info\/"},{"@type":"ListItem","position":2,"name":"Lei de Diretrizes Or\u00e7ament\u00e1rias (LDO) \u00e9 protocolada na C\u00e2mara de Vereadores de Colinas"}]},{"@type":"WebSite","@id":"https:\/\/folhapopular.info\/#website","url":"https:\/\/folhapopular.info\/","name":"Folha Popular","description":"Onde voc\u00ea tem vez e voz","potentialAction":[{"@type":"SearchAction","target":{"@type":"EntryPoint","urlTemplate":"https:\/\/folhapopular.info\/?s={search_term_string}"},"query-input":{"@type":"PropertyValueSpecification","valueRequired":true,"valueName":"search_term_string"}}],"inLanguage":"pt-BR"},{"@type":"Person","@id":"https:\/\/folhapopular.info\/#\/schema\/person\/2814e8a0df7643585a9ca38bc6eb9d4b","name":"Reda\u00e7\u00e3o Folha Popular","image":{"@type":"ImageObject","inLanguage":"pt-BR","@id":"https:\/\/folhapopular.info\/wp-content\/uploads\/2026\/04\/Folha-1.webp","url":"https:\/\/folhapopular.info\/wp-content\/uploads\/2026\/04\/Folha-1.webp","contentUrl":"https:\/\/folhapopular.info\/wp-content\/uploads\/2026\/04\/Folha-1.webp","caption":"Reda\u00e7\u00e3o Folha Popular"},"url":"https:\/\/folhapopular.info\/index.php\/author\/redacao\/"}]}},"jetpack_featured_media_url":"https:\/\/folhapopular.info\/wp-content\/uploads\/2021\/08\/WhatsApp-Image-2021-08-30-at-14.55.47-e1630412572352.jpeg","jetpack_sharing_enabled":true,"amp_enabled":true,"_links":{"self":[{"href":"https:\/\/folhapopular.info\/index.php\/wp-json\/wp\/v2\/posts\/88634","targetHints":{"allow":["GET"]}}],"collection":[{"href":"https:\/\/folhapopular.info\/index.php\/wp-json\/wp\/v2\/posts"}],"about":[{"href":"https:\/\/folhapopular.info\/index.php\/wp-json\/wp\/v2\/types\/post"}],"author":[{"embeddable":true,"href":"https:\/\/folhapopular.info\/index.php\/wp-json\/wp\/v2\/users\/8"}],"replies":[{"embeddable":true,"href":"https:\/\/folhapopular.info\/index.php\/wp-json\/wp\/v2\/comments?post=88634"}],"version-history":[{"count":0,"href":"https:\/\/folhapopular.info\/index.php\/wp-json\/wp\/v2\/posts\/88634\/revisions"}],"wp:featuredmedia":[{"embeddable":true,"href":"https:\/\/folhapopular.info\/index.php\/wp-json\/wp\/v2\/media\/88637"}],"wp:attachment":[{"href":"https:\/\/folhapopular.info\/index.php\/wp-json\/wp\/v2\/media?parent=88634"}],"wp:term":[{"taxonomy":"category","embeddable":true,"href":"https:\/\/folhapopular.info\/index.php\/wp-json\/wp\/v2\/categories?post=88634"},{"taxonomy":"post_tag","embeddable":true,"href":"https:\/\/folhapopular.info\/index.php\/wp-json\/wp\/v2\/tags?post=88634"}],"curies":[{"name":"wp","href":"https:\/\/api.w.org\/{rel}","templated":true}]}}