{"id":88736,"date":"2021-09-01T16:40:51","date_gmt":"2021-09-01T19:40:51","guid":{"rendered":"https:\/\/folhapopular.info\/?p=88736"},"modified":"2021-09-01T16:40:57","modified_gmt":"2021-09-01T19:40:57","slug":"teutoniense-e-vice-campeao-brasileiro-no-lancamento-de-martelo","status":"publish","type":"post","link":"https:\/\/folhapopular.info\/index.php\/2021\/09\/01\/teutoniense-e-vice-campeao-brasileiro-no-lancamento-de-martelo\/","title":{"rendered":"Teutoniense \u00e9 vice-campe\u00e3o brasileiro no lan\u00e7amento de martelo"},"content":{"rendered":"\n<p>Felipe Andrei M\u00fcller \u00e9 o novo vice-campe\u00e3o brasileiro no lan\u00e7amento de martelo. O teutoniense disputou o Campeonato Brasileiro de Atletismo Sub-18, em S\u00e3o Paulo, na sexta-feira (27\/8), representando a Equipe de Atletismo Teut\u00f4nia\/Col\u00e9gio Teut\u00f4nia\/Languiru\/Sicredi. A medalha de prata foi garantida no \u00faltimo lan\u00e7amento, com 54,22 metros. Nas semifinais, ele j\u00e1 havia alcan\u00e7ado 55,82 metros.<\/p>\n\n\n\n<p>Para M\u00fcller, apenas participar do campeonato j\u00e1 era maravilhoso e ser vice-campe\u00e3o tornou tudo ainda melhor. \u201cSaio da competi\u00e7\u00e3o feliz com o desempenho, apesar de ter encontrado dificuldades para \u2018entrar\u2019 na prova durante a final. Agora \u00e9 continuar focado nos treinos e dar o meu melhor nas competi\u00e7\u00f5es que ainda est\u00e3o por acontecer\u201d, avalia.<\/p>\n\n\n\n<p>O professor e treinador Iurquen Roese classifica o resultado como importante.\u201cO objetivo de conquistar medalha foi atingido, sab\u00edamos que ele tinha condi\u00e7\u00f5es. O Felipe tem muito m\u00e9rito por isso, correu atr\u00e1s, \u00e9 determinado e incans\u00e1vel no que tem por objetivo. Se dedica, pesquisa v\u00eddeos, entende da prova. Para ser atleta, isso \u00e9 fundamental, n\u00e3o pode ficar apenas esperando que o treinador traga tudo\u201d, salienta.<\/p>\n\n\n\n<p>O atleta, inclusive, sugeriu melhorias de postura corporal a partir de v\u00eddeos que pesquisou. \u201cAl\u00e9m disso, conta com parte f\u00edsica muito boa, \u00e9 muito forte. Melhorando um pouco a parte t\u00e9cnica, tem condi\u00e7\u00f5es de lan\u00e7ar acima dos 60 metros\u201d, projeta Roese.<\/p>\n\n\n\n<p>O diretor do Col\u00e9gio Teut\u00f4nia, Jonas R\u00fcckert, valoriza a contribui\u00e7\u00e3o de institui\u00e7\u00f5es como Sicredi, Languiru e prefeituras de Teut\u00f4nia e Westf\u00e1lia, engajadas com o CT, para \u201cpromover o talento da nossa gente\u201d. O projeto est\u00e1 aberto e a \u201ccontribui\u00e7\u00e3o de empresas e iniciativas de todas as ordens s\u00e3o bem-vindas para a causa\u201d.<\/p>\n","protected":false},"excerpt":{"rendered":"<p>Felipe Andrei M\u00fcller \u00e9 o novo vice-campe\u00e3o brasileiro no lan\u00e7amento de martelo. O teutoniense disputou o Campeonato Brasileiro de Atletismo Sub-18, em S\u00e3o Paulo, na sexta-feira (27\/8), representando a Equipe de Atletismo Teut\u00f4nia\/Col\u00e9gio Teut\u00f4nia\/Languiru\/Sicredi. A medalha de prata foi garantida no \u00faltimo lan\u00e7amento, com 54,22 metros. Nas semifinais, ele j\u00e1 havia alcan\u00e7ado 55,82 metros. Para [&hellip;]<\/p>\n","protected":false},"author":8,"featured_media":88737,"comment_status":"open","ping_status":"open","sticky":false,"template":"","format":"standard","meta":{"pmpro_default_level":"","_jetpack_memberships_contains_paid_content":false,"footnotes":""},"categories":[2,5],"tags":[6828,6829,2420,6827],"class_list":{"0":"post-88736","1":"post","2":"type-post","3":"status-publish","4":"format-standard","5":"has-post-thumbnail","7":"category-featured","8":"category-esportes","9":"tag-brasileiro","10":"tag-lancamento-de-martelo","11":"tag-teutoniense","12":"tag-vice-campeao","13":"pmpro-has-access"},"yoast_head":"<!-- This site is optimized with the Yoast SEO plugin v27.5 - https:\/\/yoast.com\/product\/yoast-seo-wordpress\/ -->\n<title>Teutoniense \u00e9 vice-campe\u00e3o brasileiro no lan\u00e7amento de martelo - Folha Popular<\/title>\n<meta name=\"robots\" content=\"index, follow, max-snippet:-1, max-image-preview:large, max-video-preview:-1\" \/>\n<link rel=\"canonical\" href=\"https:\/\/folhapopular.info\/index.php\/2021\/09\/01\/teutoniense-e-vice-campeao-brasileiro-no-lancamento-de-martelo\/\" \/>\n<meta property=\"og:locale\" content=\"pt_BR\" \/>\n<meta property=\"og:type\" content=\"article\" \/>\n<meta property=\"og:title\" content=\"Teutoniense \u00e9 vice-campe\u00e3o brasileiro no lan\u00e7amento de martelo - Folha Popular\" \/>\n<meta property=\"og:description\" content=\"Felipe Andrei M\u00fcller \u00e9 o novo vice-campe\u00e3o brasileiro no lan\u00e7amento de martelo. O teutoniense disputou o Campeonato Brasileiro de Atletismo Sub-18, em S\u00e3o Paulo, na sexta-feira (27\/8), representando a Equipe de Atletismo Teut\u00f4nia\/Col\u00e9gio Teut\u00f4nia\/Languiru\/Sicredi. A medalha de prata foi garantida no \u00faltimo lan\u00e7amento, com 54,22 metros. Nas semifinais, ele j\u00e1 havia alcan\u00e7ado 55,82 metros. Para [&hellip;]\" \/>\n<meta property=\"og:url\" content=\"https:\/\/folhapopular.info\/index.php\/2021\/09\/01\/teutoniense-e-vice-campeao-brasileiro-no-lancamento-de-martelo\/\" \/>\n<meta property=\"og:site_name\" content=\"Folha Popular\" \/>\n<meta property=\"article:published_time\" content=\"2021-09-01T19:40:51+00:00\" \/>\n<meta property=\"article:modified_time\" content=\"2021-09-01T19:40:57+00:00\" \/>\n<meta property=\"og:image\" content=\"https:\/\/folhapopular.info\/wp-content\/uploads\/2021\/09\/Felipe_Div-e1630525050798.jpeg\" \/>\n\t<meta property=\"og:image:width\" content=\"461\" \/>\n\t<meta property=\"og:image:height\" content=\"800\" \/>\n\t<meta property=\"og:image:type\" content=\"image\/jpeg\" \/>\n<meta name=\"author\" content=\"Reda\u00e7\u00e3o Folha Popular\" \/>\n<meta name=\"twitter:card\" content=\"summary_large_image\" \/>\n<meta name=\"twitter:label1\" content=\"Escrito por\" \/>\n\t<meta name=\"twitter:data1\" content=\"Reda\u00e7\u00e3o Folha Popular\" \/>\n\t<meta name=\"twitter:label2\" content=\"Est. tempo de leitura\" \/>\n\t<meta name=\"twitter:data2\" content=\"2 minutos\" \/>\n<script type=\"application\/ld+json\" class=\"yoast-schema-graph\">{\"@context\":\"https:\\\/\\\/schema.org\",\"@graph\":[{\"@type\":\"Article\",\"@id\":\"https:\\\/\\\/folhapopular.info\\\/index.php\\\/2021\\\/09\\\/01\\\/teutoniense-e-vice-campeao-brasileiro-no-lancamento-de-martelo\\\/#article\",\"isPartOf\":{\"@id\":\"https:\\\/\\\/folhapopular.info\\\/index.php\\\/2021\\\/09\\\/01\\\/teutoniense-e-vice-campeao-brasileiro-no-lancamento-de-martelo\\\/\"},\"author\":{\"name\":\"Reda\u00e7\u00e3o Folha Popular\",\"@id\":\"https:\\\/\\\/folhapopular.info\\\/#\\\/schema\\\/person\\\/2814e8a0df7643585a9ca38bc6eb9d4b\"},\"headline\":\"Teutoniense \u00e9 vice-campe\u00e3o brasileiro no lan\u00e7amento de martelo\",\"datePublished\":\"2021-09-01T19:40:51+00:00\",\"dateModified\":\"2021-09-01T19:40:57+00:00\",\"mainEntityOfPage\":{\"@id\":\"https:\\\/\\\/folhapopular.info\\\/index.php\\\/2021\\\/09\\\/01\\\/teutoniense-e-vice-campeao-brasileiro-no-lancamento-de-martelo\\\/\"},\"wordCount\":305,\"commentCount\":0,\"image\":{\"@id\":\"https:\\\/\\\/folhapopular.info\\\/index.php\\\/2021\\\/09\\\/01\\\/teutoniense-e-vice-campeao-brasileiro-no-lancamento-de-martelo\\\/#primaryimage\"},\"thumbnailUrl\":\"https:\\\/\\\/folhapopular.info\\\/wp-content\\\/uploads\\\/2021\\\/09\\\/Felipe_Div-e1630525050798.jpeg\",\"keywords\":[\"brasileiro\",\"lan\u00e7amento de martelo\",\"teutoniense\",\"vice-campe\u00e3o\"],\"articleSection\":[\"Destaques\",\"Esportes\"],\"inLanguage\":\"pt-BR\",\"potentialAction\":[{\"@type\":\"CommentAction\",\"name\":\"Comment\",\"target\":[\"https:\\\/\\\/folhapopular.info\\\/index.php\\\/2021\\\/09\\\/01\\\/teutoniense-e-vice-campeao-brasileiro-no-lancamento-de-martelo\\\/#respond\"]}]},{\"@type\":\"WebPage\",\"@id\":\"https:\\\/\\\/folhapopular.info\\\/index.php\\\/2021\\\/09\\\/01\\\/teutoniense-e-vice-campeao-brasileiro-no-lancamento-de-martelo\\\/\",\"url\":\"https:\\\/\\\/folhapopular.info\\\/index.php\\\/2021\\\/09\\\/01\\\/teutoniense-e-vice-campeao-brasileiro-no-lancamento-de-martelo\\\/\",\"name\":\"Teutoniense \u00e9 vice-campe\u00e3o brasileiro no lan\u00e7amento de martelo - Folha Popular\",\"isPartOf\":{\"@id\":\"https:\\\/\\\/folhapopular.info\\\/#website\"},\"primaryImageOfPage\":{\"@id\":\"https:\\\/\\\/folhapopular.info\\\/index.php\\\/2021\\\/09\\\/01\\\/teutoniense-e-vice-campeao-brasileiro-no-lancamento-de-martelo\\\/#primaryimage\"},\"image\":{\"@id\":\"https:\\\/\\\/folhapopular.info\\\/index.php\\\/2021\\\/09\\\/01\\\/teutoniense-e-vice-campeao-brasileiro-no-lancamento-de-martelo\\\/#primaryimage\"},\"thumbnailUrl\":\"https:\\\/\\\/folhapopular.info\\\/wp-content\\\/uploads\\\/2021\\\/09\\\/Felipe_Div-e1630525050798.jpeg\",\"datePublished\":\"2021-09-01T19:40:51+00:00\",\"dateModified\":\"2021-09-01T19:40:57+00:00\",\"author\":{\"@id\":\"https:\\\/\\\/folhapopular.info\\\/#\\\/schema\\\/person\\\/2814e8a0df7643585a9ca38bc6eb9d4b\"},\"breadcrumb\":{\"@id\":\"https:\\\/\\\/folhapopular.info\\\/index.php\\\/2021\\\/09\\\/01\\\/teutoniense-e-vice-campeao-brasileiro-no-lancamento-de-martelo\\\/#breadcrumb\"},\"inLanguage\":\"pt-BR\",\"potentialAction\":[{\"@type\":\"ReadAction\",\"target\":[\"https:\\\/\\\/folhapopular.info\\\/index.php\\\/2021\\\/09\\\/01\\\/teutoniense-e-vice-campeao-brasileiro-no-lancamento-de-martelo\\\/\"]}]},{\"@type\":\"ImageObject\",\"inLanguage\":\"pt-BR\",\"@id\":\"https:\\\/\\\/folhapopular.info\\\/index.php\\\/2021\\\/09\\\/01\\\/teutoniense-e-vice-campeao-brasileiro-no-lancamento-de-martelo\\\/#primaryimage\",\"url\":\"https:\\\/\\\/folhapopular.info\\\/wp-content\\\/uploads\\\/2021\\\/09\\\/Felipe_Div-e1630525050798.jpeg\",\"contentUrl\":\"https:\\\/\\\/folhapopular.info\\\/wp-content\\\/uploads\\\/2021\\\/09\\\/Felipe_Div-e1630525050798.jpeg\",\"width\":461,\"height\":800,\"caption\":\"Felipe M\u00fcller garantiu a medalha de prata \\\/ Cr\u00e9ditos da foto: Divulga\u00e7\u00e3o Col\u00e9gio Teut\u00f4nia\"},{\"@type\":\"BreadcrumbList\",\"@id\":\"https:\\\/\\\/folhapopular.info\\\/index.php\\\/2021\\\/09\\\/01\\\/teutoniense-e-vice-campeao-brasileiro-no-lancamento-de-martelo\\\/#breadcrumb\",\"itemListElement\":[{\"@type\":\"ListItem\",\"position\":1,\"name\":\"In\u00edcio\",\"item\":\"https:\\\/\\\/folhapopular.info\\\/\"},{\"@type\":\"ListItem\",\"position\":2,\"name\":\"Teutoniense \u00e9 vice-campe\u00e3o brasileiro no lan\u00e7amento de martelo\"}]},{\"@type\":\"WebSite\",\"@id\":\"https:\\\/\\\/folhapopular.info\\\/#website\",\"url\":\"https:\\\/\\\/folhapopular.info\\\/\",\"name\":\"Folha Popular\",\"description\":\"Onde voc\u00ea tem vez e voz\",\"potentialAction\":[{\"@type\":\"SearchAction\",\"target\":{\"@type\":\"EntryPoint\",\"urlTemplate\":\"https:\\\/\\\/folhapopular.info\\\/?s={search_term_string}\"},\"query-input\":{\"@type\":\"PropertyValueSpecification\",\"valueRequired\":true,\"valueName\":\"search_term_string\"}}],\"inLanguage\":\"pt-BR\"},{\"@type\":\"Person\",\"@id\":\"https:\\\/\\\/folhapopular.info\\\/#\\\/schema\\\/person\\\/2814e8a0df7643585a9ca38bc6eb9d4b\",\"name\":\"Reda\u00e7\u00e3o Folha Popular\",\"image\":{\"@type\":\"ImageObject\",\"inLanguage\":\"pt-BR\",\"@id\":\"https:\\\/\\\/folhapopular.info\\\/wp-content\\\/uploads\\\/2026\\\/04\\\/Folha-1.webp\",\"url\":\"https:\\\/\\\/folhapopular.info\\\/wp-content\\\/uploads\\\/2026\\\/04\\\/Folha-1.webp\",\"contentUrl\":\"https:\\\/\\\/folhapopular.info\\\/wp-content\\\/uploads\\\/2026\\\/04\\\/Folha-1.webp\",\"caption\":\"Reda\u00e7\u00e3o Folha Popular\"},\"url\":\"https:\\\/\\\/folhapopular.info\\\/index.php\\\/author\\\/redacao\\\/\"}]}<\/script>\n<!-- \/ Yoast SEO plugin. -->","yoast_head_json":{"title":"Teutoniense \u00e9 vice-campe\u00e3o brasileiro no lan\u00e7amento de martelo - Folha Popular","robots":{"index":"index","follow":"follow","max-snippet":"max-snippet:-1","max-image-preview":"max-image-preview:large","max-video-preview":"max-video-preview:-1"},"canonical":"https:\/\/folhapopular.info\/index.php\/2021\/09\/01\/teutoniense-e-vice-campeao-brasileiro-no-lancamento-de-martelo\/","og_locale":"pt_BR","og_type":"article","og_title":"Teutoniense \u00e9 vice-campe\u00e3o brasileiro no lan\u00e7amento de martelo - Folha Popular","og_description":"Felipe Andrei M\u00fcller \u00e9 o novo vice-campe\u00e3o brasileiro no lan\u00e7amento de martelo. O teutoniense disputou o Campeonato Brasileiro de Atletismo Sub-18, em S\u00e3o Paulo, na sexta-feira (27\/8), representando a Equipe de Atletismo Teut\u00f4nia\/Col\u00e9gio Teut\u00f4nia\/Languiru\/Sicredi. A medalha de prata foi garantida no \u00faltimo lan\u00e7amento, com 54,22 metros. Nas semifinais, ele j\u00e1 havia alcan\u00e7ado 55,82 metros. Para [&hellip;]","og_url":"https:\/\/folhapopular.info\/index.php\/2021\/09\/01\/teutoniense-e-vice-campeao-brasileiro-no-lancamento-de-martelo\/","og_site_name":"Folha Popular","article_published_time":"2021-09-01T19:40:51+00:00","article_modified_time":"2021-09-01T19:40:57+00:00","og_image":[{"width":461,"height":800,"url":"https:\/\/folhapopular.info\/wp-content\/uploads\/2021\/09\/Felipe_Div-e1630525050798.jpeg","type":"image\/jpeg"}],"author":"Reda\u00e7\u00e3o Folha Popular","twitter_card":"summary_large_image","twitter_misc":{"Escrito por":"Reda\u00e7\u00e3o Folha Popular","Est. tempo de leitura":"2 minutos"},"schema":{"@context":"https:\/\/schema.org","@graph":[{"@type":"Article","@id":"https:\/\/folhapopular.info\/index.php\/2021\/09\/01\/teutoniense-e-vice-campeao-brasileiro-no-lancamento-de-martelo\/#article","isPartOf":{"@id":"https:\/\/folhapopular.info\/index.php\/2021\/09\/01\/teutoniense-e-vice-campeao-brasileiro-no-lancamento-de-martelo\/"},"author":{"name":"Reda\u00e7\u00e3o Folha Popular","@id":"https:\/\/folhapopular.info\/#\/schema\/person\/2814e8a0df7643585a9ca38bc6eb9d4b"},"headline":"Teutoniense \u00e9 vice-campe\u00e3o brasileiro no lan\u00e7amento de martelo","datePublished":"2021-09-01T19:40:51+00:00","dateModified":"2021-09-01T19:40:57+00:00","mainEntityOfPage":{"@id":"https:\/\/folhapopular.info\/index.php\/2021\/09\/01\/teutoniense-e-vice-campeao-brasileiro-no-lancamento-de-martelo\/"},"wordCount":305,"commentCount":0,"image":{"@id":"https:\/\/folhapopular.info\/index.php\/2021\/09\/01\/teutoniense-e-vice-campeao-brasileiro-no-lancamento-de-martelo\/#primaryimage"},"thumbnailUrl":"https:\/\/folhapopular.info\/wp-content\/uploads\/2021\/09\/Felipe_Div-e1630525050798.jpeg","keywords":["brasileiro","lan\u00e7amento de martelo","teutoniense","vice-campe\u00e3o"],"articleSection":["Destaques","Esportes"],"inLanguage":"pt-BR","potentialAction":[{"@type":"CommentAction","name":"Comment","target":["https:\/\/folhapopular.info\/index.php\/2021\/09\/01\/teutoniense-e-vice-campeao-brasileiro-no-lancamento-de-martelo\/#respond"]}]},{"@type":"WebPage","@id":"https:\/\/folhapopular.info\/index.php\/2021\/09\/01\/teutoniense-e-vice-campeao-brasileiro-no-lancamento-de-martelo\/","url":"https:\/\/folhapopular.info\/index.php\/2021\/09\/01\/teutoniense-e-vice-campeao-brasileiro-no-lancamento-de-martelo\/","name":"Teutoniense \u00e9 vice-campe\u00e3o brasileiro no lan\u00e7amento de martelo - Folha Popular","isPartOf":{"@id":"https:\/\/folhapopular.info\/#website"},"primaryImageOfPage":{"@id":"https:\/\/folhapopular.info\/index.php\/2021\/09\/01\/teutoniense-e-vice-campeao-brasileiro-no-lancamento-de-martelo\/#primaryimage"},"image":{"@id":"https:\/\/folhapopular.info\/index.php\/2021\/09\/01\/teutoniense-e-vice-campeao-brasileiro-no-lancamento-de-martelo\/#primaryimage"},"thumbnailUrl":"https:\/\/folhapopular.info\/wp-content\/uploads\/2021\/09\/Felipe_Div-e1630525050798.jpeg","datePublished":"2021-09-01T19:40:51+00:00","dateModified":"2021-09-01T19:40:57+00:00","author":{"@id":"https:\/\/folhapopular.info\/#\/schema\/person\/2814e8a0df7643585a9ca38bc6eb9d4b"},"breadcrumb":{"@id":"https:\/\/folhapopular.info\/index.php\/2021\/09\/01\/teutoniense-e-vice-campeao-brasileiro-no-lancamento-de-martelo\/#breadcrumb"},"inLanguage":"pt-BR","potentialAction":[{"@type":"ReadAction","target":["https:\/\/folhapopular.info\/index.php\/2021\/09\/01\/teutoniense-e-vice-campeao-brasileiro-no-lancamento-de-martelo\/"]}]},{"@type":"ImageObject","inLanguage":"pt-BR","@id":"https:\/\/folhapopular.info\/index.php\/2021\/09\/01\/teutoniense-e-vice-campeao-brasileiro-no-lancamento-de-martelo\/#primaryimage","url":"https:\/\/folhapopular.info\/wp-content\/uploads\/2021\/09\/Felipe_Div-e1630525050798.jpeg","contentUrl":"https:\/\/folhapopular.info\/wp-content\/uploads\/2021\/09\/Felipe_Div-e1630525050798.jpeg","width":461,"height":800,"caption":"Felipe M\u00fcller garantiu a medalha de prata \/ Cr\u00e9ditos da foto: Divulga\u00e7\u00e3o Col\u00e9gio Teut\u00f4nia"},{"@type":"BreadcrumbList","@id":"https:\/\/folhapopular.info\/index.php\/2021\/09\/01\/teutoniense-e-vice-campeao-brasileiro-no-lancamento-de-martelo\/#breadcrumb","itemListElement":[{"@type":"ListItem","position":1,"name":"In\u00edcio","item":"https:\/\/folhapopular.info\/"},{"@type":"ListItem","position":2,"name":"Teutoniense \u00e9 vice-campe\u00e3o brasileiro no lan\u00e7amento de martelo"}]},{"@type":"WebSite","@id":"https:\/\/folhapopular.info\/#website","url":"https:\/\/folhapopular.info\/","name":"Folha Popular","description":"Onde voc\u00ea tem vez e voz","potentialAction":[{"@type":"SearchAction","target":{"@type":"EntryPoint","urlTemplate":"https:\/\/folhapopular.info\/?s={search_term_string}"},"query-input":{"@type":"PropertyValueSpecification","valueRequired":true,"valueName":"search_term_string"}}],"inLanguage":"pt-BR"},{"@type":"Person","@id":"https:\/\/folhapopular.info\/#\/schema\/person\/2814e8a0df7643585a9ca38bc6eb9d4b","name":"Reda\u00e7\u00e3o Folha Popular","image":{"@type":"ImageObject","inLanguage":"pt-BR","@id":"https:\/\/folhapopular.info\/wp-content\/uploads\/2026\/04\/Folha-1.webp","url":"https:\/\/folhapopular.info\/wp-content\/uploads\/2026\/04\/Folha-1.webp","contentUrl":"https:\/\/folhapopular.info\/wp-content\/uploads\/2026\/04\/Folha-1.webp","caption":"Reda\u00e7\u00e3o Folha Popular"},"url":"https:\/\/folhapopular.info\/index.php\/author\/redacao\/"}]}},"jetpack_featured_media_url":"https:\/\/folhapopular.info\/wp-content\/uploads\/2021\/09\/Felipe_Div-e1630525050798.jpeg","jetpack_sharing_enabled":true,"amp_enabled":true,"_links":{"self":[{"href":"https:\/\/folhapopular.info\/index.php\/wp-json\/wp\/v2\/posts\/88736","targetHints":{"allow":["GET"]}}],"collection":[{"href":"https:\/\/folhapopular.info\/index.php\/wp-json\/wp\/v2\/posts"}],"about":[{"href":"https:\/\/folhapopular.info\/index.php\/wp-json\/wp\/v2\/types\/post"}],"author":[{"embeddable":true,"href":"https:\/\/folhapopular.info\/index.php\/wp-json\/wp\/v2\/users\/8"}],"replies":[{"embeddable":true,"href":"https:\/\/folhapopular.info\/index.php\/wp-json\/wp\/v2\/comments?post=88736"}],"version-history":[{"count":0,"href":"https:\/\/folhapopular.info\/index.php\/wp-json\/wp\/v2\/posts\/88736\/revisions"}],"wp:featuredmedia":[{"embeddable":true,"href":"https:\/\/folhapopular.info\/index.php\/wp-json\/wp\/v2\/media\/88737"}],"wp:attachment":[{"href":"https:\/\/folhapopular.info\/index.php\/wp-json\/wp\/v2\/media?parent=88736"}],"wp:term":[{"taxonomy":"category","embeddable":true,"href":"https:\/\/folhapopular.info\/index.php\/wp-json\/wp\/v2\/categories?post=88736"},{"taxonomy":"post_tag","embeddable":true,"href":"https:\/\/folhapopular.info\/index.php\/wp-json\/wp\/v2\/tags?post=88736"}],"curies":[{"name":"wp","href":"https:\/\/api.w.org\/{rel}","templated":true}]}}