{"id":89123,"date":"2021-09-09T07:56:00","date_gmt":"2021-09-09T10:56:00","guid":{"rendered":"https:\/\/folhapopular.info\/?p=89123"},"modified":"2021-09-09T07:56:04","modified_gmt":"2021-09-09T10:56:04","slug":"site-da-prefeitura-de-lajeado-podera-ficar-indisponivel-de-sexta-feira-a-domingo","status":"publish","type":"post","link":"https:\/\/folhapopular.info\/index.php\/2021\/09\/09\/site-da-prefeitura-de-lajeado-podera-ficar-indisponivel-de-sexta-feira-a-domingo\/","title":{"rendered":"Site da Prefeitura de Lajeado poder\u00e1 ficar indispon\u00edvel de sexta-feira a domingo"},"content":{"rendered":"\n<p>A partir de sexta-feira (10\/9), contribuintes poder\u00e3o encontrar dificuldades para acessar os servi\u00e7os disponibilizados no site da Prefeitura de Lajeado. O motivo ser\u00e1 a realoca\u00e7\u00e3o dos equipamentos de rede e servidores de sistemas do Data Center do munic\u00edpio para a Univates.<br><br>De acordo com a secret\u00e1ria da Administra\u00e7\u00e3o (SEAD), Elis\u00e2ngela Hoss de Souza, o munic\u00edpio locou a infraestrutura de Data Center da Univates, que passar\u00e1 a abrigar os equipamentos dos&nbsp;servi\u00e7os de tecnologia da informa\u00e7\u00e3o do munic\u00edpio. &#8220;Se opt\u00e1ssemos por manter o Data Center na prefeitura, ter\u00edamos que fazer um investimento enorme em equipamentos e infraestrutura. Optamos por realocar para a Univates, j\u00e1 que ela possui uma estrutura moderna para terceirizar este tipo de servi\u00e7o para seus clientes, com refrigera\u00e7\u00e3o e rede adequadas que fornecem seguran\u00e7a e qualidade para manter nossos servi\u00e7os&#8221;, explicou.<br><br>A estimativa \u00e9 que os servi\u00e7os do site sejam normalizados at\u00e9 domingo (12\/9). <\/p>\n","protected":false},"excerpt":{"rendered":"<p>A partir de sexta-feira (10\/9), contribuintes poder\u00e3o encontrar dificuldades para acessar os servi\u00e7os disponibilizados no site da Prefeitura de Lajeado. O motivo ser\u00e1 a realoca\u00e7\u00e3o dos equipamentos de rede e servidores de sistemas do Data Center do munic\u00edpio para a Univates. De acordo com a secret\u00e1ria da Administra\u00e7\u00e3o (SEAD), Elis\u00e2ngela Hoss de Souza, o munic\u00edpio [&hellip;]<\/p>\n","protected":false},"author":8,"featured_media":89143,"comment_status":"open","ping_status":"open","sticky":false,"template":"","format":"standard","meta":{"pmpro_default_level":"","_jetpack_memberships_contains_paid_content":false,"footnotes":""},"categories":[2,3],"tags":[6877,5083,1800,6392],"class_list":{"0":"post-89123","1":"post","2":"type-post","3":"status-publish","4":"format-standard","5":"has-post-thumbnail","7":"category-featured","8":"category-geral","9":"tag-indisponivel","10":"tag-prefeitura-de-lajeado","11":"tag-servicos","12":"tag-site","13":"pmpro-has-access"},"yoast_head":"<!-- This site is optimized with the Yoast SEO plugin v27.5 - https:\/\/yoast.com\/product\/yoast-seo-wordpress\/ -->\n<title>Site da Prefeitura de Lajeado poder\u00e1 ficar indispon\u00edvel de sexta-feira a domingo - Folha Popular<\/title>\n<meta name=\"robots\" content=\"index, follow, max-snippet:-1, max-image-preview:large, max-video-preview:-1\" \/>\n<link rel=\"canonical\" href=\"https:\/\/folhapopular.info\/index.php\/2021\/09\/09\/site-da-prefeitura-de-lajeado-podera-ficar-indisponivel-de-sexta-feira-a-domingo\/\" \/>\n<meta property=\"og:locale\" content=\"pt_BR\" \/>\n<meta property=\"og:type\" content=\"article\" \/>\n<meta property=\"og:title\" content=\"Site da Prefeitura de Lajeado poder\u00e1 ficar indispon\u00edvel de sexta-feira a domingo - Folha Popular\" \/>\n<meta property=\"og:description\" content=\"A partir de sexta-feira (10\/9), contribuintes poder\u00e3o encontrar dificuldades para acessar os servi\u00e7os disponibilizados no site da Prefeitura de Lajeado. O motivo ser\u00e1 a realoca\u00e7\u00e3o dos equipamentos de rede e servidores de sistemas do Data Center do munic\u00edpio para a Univates. De acordo com a secret\u00e1ria da Administra\u00e7\u00e3o (SEAD), Elis\u00e2ngela Hoss de Souza, o munic\u00edpio [&hellip;]\" \/>\n<meta property=\"og:url\" content=\"https:\/\/folhapopular.info\/index.php\/2021\/09\/09\/site-da-prefeitura-de-lajeado-podera-ficar-indisponivel-de-sexta-feira-a-domingo\/\" \/>\n<meta property=\"og:site_name\" content=\"Folha Popular\" \/>\n<meta property=\"article:published_time\" content=\"2021-09-09T10:56:00+00:00\" \/>\n<meta property=\"article:modified_time\" content=\"2021-09-09T10:56:04+00:00\" \/>\n<meta property=\"og:image\" content=\"https:\/\/folhapopular.info\/wp-content\/uploads\/2021\/09\/Capa-site-scaled-e1631184815728.jpg\" \/>\n\t<meta property=\"og:image:width\" content=\"800\" \/>\n\t<meta property=\"og:image:height\" content=\"600\" \/>\n\t<meta property=\"og:image:type\" content=\"image\/jpeg\" \/>\n<meta name=\"author\" content=\"Reda\u00e7\u00e3o Folha Popular\" \/>\n<meta name=\"twitter:card\" content=\"summary_large_image\" \/>\n<meta name=\"twitter:label1\" content=\"Escrito por\" \/>\n\t<meta name=\"twitter:data1\" content=\"Reda\u00e7\u00e3o Folha Popular\" \/>\n\t<meta name=\"twitter:label2\" content=\"Est. tempo de leitura\" \/>\n\t<meta name=\"twitter:data2\" content=\"1 minuto\" \/>\n<script type=\"application\/ld+json\" class=\"yoast-schema-graph\">{\"@context\":\"https:\\\/\\\/schema.org\",\"@graph\":[{\"@type\":\"Article\",\"@id\":\"https:\\\/\\\/folhapopular.info\\\/index.php\\\/2021\\\/09\\\/09\\\/site-da-prefeitura-de-lajeado-podera-ficar-indisponivel-de-sexta-feira-a-domingo\\\/#article\",\"isPartOf\":{\"@id\":\"https:\\\/\\\/folhapopular.info\\\/index.php\\\/2021\\\/09\\\/09\\\/site-da-prefeitura-de-lajeado-podera-ficar-indisponivel-de-sexta-feira-a-domingo\\\/\"},\"author\":{\"name\":\"Reda\u00e7\u00e3o Folha Popular\",\"@id\":\"https:\\\/\\\/folhapopular.info\\\/#\\\/schema\\\/person\\\/2814e8a0df7643585a9ca38bc6eb9d4b\"},\"headline\":\"Site da Prefeitura de Lajeado poder\u00e1 ficar indispon\u00edvel de sexta-feira a domingo\",\"datePublished\":\"2021-09-09T10:56:00+00:00\",\"dateModified\":\"2021-09-09T10:56:04+00:00\",\"mainEntityOfPage\":{\"@id\":\"https:\\\/\\\/folhapopular.info\\\/index.php\\\/2021\\\/09\\\/09\\\/site-da-prefeitura-de-lajeado-podera-ficar-indisponivel-de-sexta-feira-a-domingo\\\/\"},\"wordCount\":175,\"commentCount\":0,\"image\":{\"@id\":\"https:\\\/\\\/folhapopular.info\\\/index.php\\\/2021\\\/09\\\/09\\\/site-da-prefeitura-de-lajeado-podera-ficar-indisponivel-de-sexta-feira-a-domingo\\\/#primaryimage\"},\"thumbnailUrl\":\"https:\\\/\\\/folhapopular.info\\\/wp-content\\\/uploads\\\/2021\\\/09\\\/Capa-site-scaled-e1631184815728.jpg\",\"keywords\":[\"Indispon\u00edvel\",\"Prefeitura de Lajeado\",\"Servi\u00e7os\",\"Site\"],\"articleSection\":[\"Destaques\",\"Geral\"],\"inLanguage\":\"pt-BR\",\"potentialAction\":[{\"@type\":\"CommentAction\",\"name\":\"Comment\",\"target\":[\"https:\\\/\\\/folhapopular.info\\\/index.php\\\/2021\\\/09\\\/09\\\/site-da-prefeitura-de-lajeado-podera-ficar-indisponivel-de-sexta-feira-a-domingo\\\/#respond\"]}]},{\"@type\":\"WebPage\",\"@id\":\"https:\\\/\\\/folhapopular.info\\\/index.php\\\/2021\\\/09\\\/09\\\/site-da-prefeitura-de-lajeado-podera-ficar-indisponivel-de-sexta-feira-a-domingo\\\/\",\"url\":\"https:\\\/\\\/folhapopular.info\\\/index.php\\\/2021\\\/09\\\/09\\\/site-da-prefeitura-de-lajeado-podera-ficar-indisponivel-de-sexta-feira-a-domingo\\\/\",\"name\":\"Site da Prefeitura de Lajeado poder\u00e1 ficar indispon\u00edvel de sexta-feira a domingo - Folha Popular\",\"isPartOf\":{\"@id\":\"https:\\\/\\\/folhapopular.info\\\/#website\"},\"primaryImageOfPage\":{\"@id\":\"https:\\\/\\\/folhapopular.info\\\/index.php\\\/2021\\\/09\\\/09\\\/site-da-prefeitura-de-lajeado-podera-ficar-indisponivel-de-sexta-feira-a-domingo\\\/#primaryimage\"},\"image\":{\"@id\":\"https:\\\/\\\/folhapopular.info\\\/index.php\\\/2021\\\/09\\\/09\\\/site-da-prefeitura-de-lajeado-podera-ficar-indisponivel-de-sexta-feira-a-domingo\\\/#primaryimage\"},\"thumbnailUrl\":\"https:\\\/\\\/folhapopular.info\\\/wp-content\\\/uploads\\\/2021\\\/09\\\/Capa-site-scaled-e1631184815728.jpg\",\"datePublished\":\"2021-09-09T10:56:00+00:00\",\"dateModified\":\"2021-09-09T10:56:04+00:00\",\"author\":{\"@id\":\"https:\\\/\\\/folhapopular.info\\\/#\\\/schema\\\/person\\\/2814e8a0df7643585a9ca38bc6eb9d4b\"},\"breadcrumb\":{\"@id\":\"https:\\\/\\\/folhapopular.info\\\/index.php\\\/2021\\\/09\\\/09\\\/site-da-prefeitura-de-lajeado-podera-ficar-indisponivel-de-sexta-feira-a-domingo\\\/#breadcrumb\"},\"inLanguage\":\"pt-BR\",\"potentialAction\":[{\"@type\":\"ReadAction\",\"target\":[\"https:\\\/\\\/folhapopular.info\\\/index.php\\\/2021\\\/09\\\/09\\\/site-da-prefeitura-de-lajeado-podera-ficar-indisponivel-de-sexta-feira-a-domingo\\\/\"]}]},{\"@type\":\"ImageObject\",\"inLanguage\":\"pt-BR\",\"@id\":\"https:\\\/\\\/folhapopular.info\\\/index.php\\\/2021\\\/09\\\/09\\\/site-da-prefeitura-de-lajeado-podera-ficar-indisponivel-de-sexta-feira-a-domingo\\\/#primaryimage\",\"url\":\"https:\\\/\\\/folhapopular.info\\\/wp-content\\\/uploads\\\/2021\\\/09\\\/Capa-site-scaled-e1631184815728.jpg\",\"contentUrl\":\"https:\\\/\\\/folhapopular.info\\\/wp-content\\\/uploads\\\/2021\\\/09\\\/Capa-site-scaled-e1631184815728.jpg\",\"width\":800,\"height\":600,\"caption\":\"Cr\u00e9ditos da foto: Divulga\u00e7\u00e3o\"},{\"@type\":\"BreadcrumbList\",\"@id\":\"https:\\\/\\\/folhapopular.info\\\/index.php\\\/2021\\\/09\\\/09\\\/site-da-prefeitura-de-lajeado-podera-ficar-indisponivel-de-sexta-feira-a-domingo\\\/#breadcrumb\",\"itemListElement\":[{\"@type\":\"ListItem\",\"position\":1,\"name\":\"In\u00edcio\",\"item\":\"https:\\\/\\\/folhapopular.info\\\/\"},{\"@type\":\"ListItem\",\"position\":2,\"name\":\"Site da Prefeitura de Lajeado poder\u00e1 ficar indispon\u00edvel de sexta-feira a domingo\"}]},{\"@type\":\"WebSite\",\"@id\":\"https:\\\/\\\/folhapopular.info\\\/#website\",\"url\":\"https:\\\/\\\/folhapopular.info\\\/\",\"name\":\"Folha Popular\",\"description\":\"Onde voc\u00ea tem vez e voz\",\"potentialAction\":[{\"@type\":\"SearchAction\",\"target\":{\"@type\":\"EntryPoint\",\"urlTemplate\":\"https:\\\/\\\/folhapopular.info\\\/?s={search_term_string}\"},\"query-input\":{\"@type\":\"PropertyValueSpecification\",\"valueRequired\":true,\"valueName\":\"search_term_string\"}}],\"inLanguage\":\"pt-BR\"},{\"@type\":\"Person\",\"@id\":\"https:\\\/\\\/folhapopular.info\\\/#\\\/schema\\\/person\\\/2814e8a0df7643585a9ca38bc6eb9d4b\",\"name\":\"Reda\u00e7\u00e3o Folha Popular\",\"image\":{\"@type\":\"ImageObject\",\"inLanguage\":\"pt-BR\",\"@id\":\"https:\\\/\\\/folhapopular.info\\\/wp-content\\\/uploads\\\/2026\\\/04\\\/Folha-1.webp\",\"url\":\"https:\\\/\\\/folhapopular.info\\\/wp-content\\\/uploads\\\/2026\\\/04\\\/Folha-1.webp\",\"contentUrl\":\"https:\\\/\\\/folhapopular.info\\\/wp-content\\\/uploads\\\/2026\\\/04\\\/Folha-1.webp\",\"caption\":\"Reda\u00e7\u00e3o Folha Popular\"},\"url\":\"https:\\\/\\\/folhapopular.info\\\/index.php\\\/author\\\/redacao\\\/\"}]}<\/script>\n<!-- \/ Yoast SEO plugin. -->","yoast_head_json":{"title":"Site da Prefeitura de Lajeado poder\u00e1 ficar indispon\u00edvel de sexta-feira a domingo - Folha Popular","robots":{"index":"index","follow":"follow","max-snippet":"max-snippet:-1","max-image-preview":"max-image-preview:large","max-video-preview":"max-video-preview:-1"},"canonical":"https:\/\/folhapopular.info\/index.php\/2021\/09\/09\/site-da-prefeitura-de-lajeado-podera-ficar-indisponivel-de-sexta-feira-a-domingo\/","og_locale":"pt_BR","og_type":"article","og_title":"Site da Prefeitura de Lajeado poder\u00e1 ficar indispon\u00edvel de sexta-feira a domingo - Folha Popular","og_description":"A partir de sexta-feira (10\/9), contribuintes poder\u00e3o encontrar dificuldades para acessar os servi\u00e7os disponibilizados no site da Prefeitura de Lajeado. O motivo ser\u00e1 a realoca\u00e7\u00e3o dos equipamentos de rede e servidores de sistemas do Data Center do munic\u00edpio para a Univates. De acordo com a secret\u00e1ria da Administra\u00e7\u00e3o (SEAD), Elis\u00e2ngela Hoss de Souza, o munic\u00edpio [&hellip;]","og_url":"https:\/\/folhapopular.info\/index.php\/2021\/09\/09\/site-da-prefeitura-de-lajeado-podera-ficar-indisponivel-de-sexta-feira-a-domingo\/","og_site_name":"Folha Popular","article_published_time":"2021-09-09T10:56:00+00:00","article_modified_time":"2021-09-09T10:56:04+00:00","og_image":[{"width":800,"height":600,"url":"https:\/\/folhapopular.info\/wp-content\/uploads\/2021\/09\/Capa-site-scaled-e1631184815728.jpg","type":"image\/jpeg"}],"author":"Reda\u00e7\u00e3o Folha Popular","twitter_card":"summary_large_image","twitter_misc":{"Escrito por":"Reda\u00e7\u00e3o Folha Popular","Est. tempo de leitura":"1 minuto"},"schema":{"@context":"https:\/\/schema.org","@graph":[{"@type":"Article","@id":"https:\/\/folhapopular.info\/index.php\/2021\/09\/09\/site-da-prefeitura-de-lajeado-podera-ficar-indisponivel-de-sexta-feira-a-domingo\/#article","isPartOf":{"@id":"https:\/\/folhapopular.info\/index.php\/2021\/09\/09\/site-da-prefeitura-de-lajeado-podera-ficar-indisponivel-de-sexta-feira-a-domingo\/"},"author":{"name":"Reda\u00e7\u00e3o Folha Popular","@id":"https:\/\/folhapopular.info\/#\/schema\/person\/2814e8a0df7643585a9ca38bc6eb9d4b"},"headline":"Site da Prefeitura de Lajeado poder\u00e1 ficar indispon\u00edvel de sexta-feira a domingo","datePublished":"2021-09-09T10:56:00+00:00","dateModified":"2021-09-09T10:56:04+00:00","mainEntityOfPage":{"@id":"https:\/\/folhapopular.info\/index.php\/2021\/09\/09\/site-da-prefeitura-de-lajeado-podera-ficar-indisponivel-de-sexta-feira-a-domingo\/"},"wordCount":175,"commentCount":0,"image":{"@id":"https:\/\/folhapopular.info\/index.php\/2021\/09\/09\/site-da-prefeitura-de-lajeado-podera-ficar-indisponivel-de-sexta-feira-a-domingo\/#primaryimage"},"thumbnailUrl":"https:\/\/folhapopular.info\/wp-content\/uploads\/2021\/09\/Capa-site-scaled-e1631184815728.jpg","keywords":["Indispon\u00edvel","Prefeitura de Lajeado","Servi\u00e7os","Site"],"articleSection":["Destaques","Geral"],"inLanguage":"pt-BR","potentialAction":[{"@type":"CommentAction","name":"Comment","target":["https:\/\/folhapopular.info\/index.php\/2021\/09\/09\/site-da-prefeitura-de-lajeado-podera-ficar-indisponivel-de-sexta-feira-a-domingo\/#respond"]}]},{"@type":"WebPage","@id":"https:\/\/folhapopular.info\/index.php\/2021\/09\/09\/site-da-prefeitura-de-lajeado-podera-ficar-indisponivel-de-sexta-feira-a-domingo\/","url":"https:\/\/folhapopular.info\/index.php\/2021\/09\/09\/site-da-prefeitura-de-lajeado-podera-ficar-indisponivel-de-sexta-feira-a-domingo\/","name":"Site da Prefeitura de Lajeado poder\u00e1 ficar indispon\u00edvel de sexta-feira a domingo - Folha Popular","isPartOf":{"@id":"https:\/\/folhapopular.info\/#website"},"primaryImageOfPage":{"@id":"https:\/\/folhapopular.info\/index.php\/2021\/09\/09\/site-da-prefeitura-de-lajeado-podera-ficar-indisponivel-de-sexta-feira-a-domingo\/#primaryimage"},"image":{"@id":"https:\/\/folhapopular.info\/index.php\/2021\/09\/09\/site-da-prefeitura-de-lajeado-podera-ficar-indisponivel-de-sexta-feira-a-domingo\/#primaryimage"},"thumbnailUrl":"https:\/\/folhapopular.info\/wp-content\/uploads\/2021\/09\/Capa-site-scaled-e1631184815728.jpg","datePublished":"2021-09-09T10:56:00+00:00","dateModified":"2021-09-09T10:56:04+00:00","author":{"@id":"https:\/\/folhapopular.info\/#\/schema\/person\/2814e8a0df7643585a9ca38bc6eb9d4b"},"breadcrumb":{"@id":"https:\/\/folhapopular.info\/index.php\/2021\/09\/09\/site-da-prefeitura-de-lajeado-podera-ficar-indisponivel-de-sexta-feira-a-domingo\/#breadcrumb"},"inLanguage":"pt-BR","potentialAction":[{"@type":"ReadAction","target":["https:\/\/folhapopular.info\/index.php\/2021\/09\/09\/site-da-prefeitura-de-lajeado-podera-ficar-indisponivel-de-sexta-feira-a-domingo\/"]}]},{"@type":"ImageObject","inLanguage":"pt-BR","@id":"https:\/\/folhapopular.info\/index.php\/2021\/09\/09\/site-da-prefeitura-de-lajeado-podera-ficar-indisponivel-de-sexta-feira-a-domingo\/#primaryimage","url":"https:\/\/folhapopular.info\/wp-content\/uploads\/2021\/09\/Capa-site-scaled-e1631184815728.jpg","contentUrl":"https:\/\/folhapopular.info\/wp-content\/uploads\/2021\/09\/Capa-site-scaled-e1631184815728.jpg","width":800,"height":600,"caption":"Cr\u00e9ditos da foto: Divulga\u00e7\u00e3o"},{"@type":"BreadcrumbList","@id":"https:\/\/folhapopular.info\/index.php\/2021\/09\/09\/site-da-prefeitura-de-lajeado-podera-ficar-indisponivel-de-sexta-feira-a-domingo\/#breadcrumb","itemListElement":[{"@type":"ListItem","position":1,"name":"In\u00edcio","item":"https:\/\/folhapopular.info\/"},{"@type":"ListItem","position":2,"name":"Site da Prefeitura de Lajeado poder\u00e1 ficar indispon\u00edvel de sexta-feira a domingo"}]},{"@type":"WebSite","@id":"https:\/\/folhapopular.info\/#website","url":"https:\/\/folhapopular.info\/","name":"Folha Popular","description":"Onde voc\u00ea tem vez e voz","potentialAction":[{"@type":"SearchAction","target":{"@type":"EntryPoint","urlTemplate":"https:\/\/folhapopular.info\/?s={search_term_string}"},"query-input":{"@type":"PropertyValueSpecification","valueRequired":true,"valueName":"search_term_string"}}],"inLanguage":"pt-BR"},{"@type":"Person","@id":"https:\/\/folhapopular.info\/#\/schema\/person\/2814e8a0df7643585a9ca38bc6eb9d4b","name":"Reda\u00e7\u00e3o Folha Popular","image":{"@type":"ImageObject","inLanguage":"pt-BR","@id":"https:\/\/folhapopular.info\/wp-content\/uploads\/2026\/04\/Folha-1.webp","url":"https:\/\/folhapopular.info\/wp-content\/uploads\/2026\/04\/Folha-1.webp","contentUrl":"https:\/\/folhapopular.info\/wp-content\/uploads\/2026\/04\/Folha-1.webp","caption":"Reda\u00e7\u00e3o Folha Popular"},"url":"https:\/\/folhapopular.info\/index.php\/author\/redacao\/"}]}},"jetpack_featured_media_url":"https:\/\/folhapopular.info\/wp-content\/uploads\/2021\/09\/Capa-site-scaled-e1631184815728.jpg","jetpack_sharing_enabled":true,"amp_enabled":true,"_links":{"self":[{"href":"https:\/\/folhapopular.info\/index.php\/wp-json\/wp\/v2\/posts\/89123","targetHints":{"allow":["GET"]}}],"collection":[{"href":"https:\/\/folhapopular.info\/index.php\/wp-json\/wp\/v2\/posts"}],"about":[{"href":"https:\/\/folhapopular.info\/index.php\/wp-json\/wp\/v2\/types\/post"}],"author":[{"embeddable":true,"href":"https:\/\/folhapopular.info\/index.php\/wp-json\/wp\/v2\/users\/8"}],"replies":[{"embeddable":true,"href":"https:\/\/folhapopular.info\/index.php\/wp-json\/wp\/v2\/comments?post=89123"}],"version-history":[{"count":0,"href":"https:\/\/folhapopular.info\/index.php\/wp-json\/wp\/v2\/posts\/89123\/revisions"}],"wp:featuredmedia":[{"embeddable":true,"href":"https:\/\/folhapopular.info\/index.php\/wp-json\/wp\/v2\/media\/89143"}],"wp:attachment":[{"href":"https:\/\/folhapopular.info\/index.php\/wp-json\/wp\/v2\/media?parent=89123"}],"wp:term":[{"taxonomy":"category","embeddable":true,"href":"https:\/\/folhapopular.info\/index.php\/wp-json\/wp\/v2\/categories?post=89123"},{"taxonomy":"post_tag","embeddable":true,"href":"https:\/\/folhapopular.info\/index.php\/wp-json\/wp\/v2\/tags?post=89123"}],"curies":[{"name":"wp","href":"https:\/\/api.w.org\/{rel}","templated":true}]}}