{"id":89256,"date":"2021-09-11T11:33:26","date_gmt":"2021-09-11T14:33:26","guid":{"rendered":"https:\/\/folhapopular.info\/?p=89256"},"modified":"2021-09-11T11:33:30","modified_gmt":"2021-09-11T14:33:30","slug":"estrelat-e-sicredi-ouro-branco-sao-premiados-pela-federasul","status":"publish","type":"post","link":"https:\/\/folhapopular.info\/index.php\/2021\/09\/11\/estrelat-e-sicredi-ouro-branco-sao-premiados-pela-federasul\/","title":{"rendered":"Estrelat e Sicredi Ouro Branco s\u00e3o premiados pela Federasul"},"content":{"rendered":"\n<p>A Federa\u00e7\u00e3o de Entidades Empresariais do Rio Grande Sul(Federasul) entregou os trof\u00e9us do 9\u00ba Pr\u00eamio Vencedores do Agroneg\u00f3cio na noite de quinta-feira (9\/9). A cerim\u00f4nia, em formato h\u00edbrido, ocorreu na sede da F\u00e1brica do Futuro, em Porto Alegre. Dos cinco pr\u00eamios, quatro vieram para o Vale do Taquari \u2013 tr\u00eas para a Estrelat e um para a Sicredi Ouro Branco.<\/p>\n\n\n\n<p>Neste ano, foi alcan\u00e7ado o recorde de inscritos nessas premia\u00e7\u00f5es, com mais de 50 cases que foram detalhadamente analisados por uma qualificad\u00edssima comiss\u00e3o julgadora. Na categoria ESG <em>(<\/em><em>Environmental, Social and<\/em><em> Governance<\/em>) traduzida para o portugu\u00eas \u00e9 ASG: Ambiental, Social e Governan\u00e7a, a contemplada foi a Sicredi Ouro Branco, com o case <strong>\u201cComit\u00ea de sustentabilidade e as possibilidades sustent\u00e1veis no agro\u201d<\/strong>.<\/p>\n\n\n\n<p>O Comit\u00ea de Sustentabilidade na Cooperativa foi implementado neste ano e visa estudar as tem\u00e1ticas relacionadas \u00e0 promo\u00e7\u00e3o do desenvolvimento sustent\u00e1vel, para analisar as a\u00e7\u00f5es j\u00e1 implantadas e identificar oportunidades sustent\u00e1veis de neg\u00f3cios futuros.<\/p>\n\n\n\n<p>O diretor-executivo da cooperativa, Francisco Jos\u00e9 Diel, recebeu o pr\u00eamio como representante dos mais de 71 mil associados. \u201c\u00c9 um reconhecimento de todas as comunidades da \u00e1rea de atua\u00e7\u00e3o da Sicredi Ouro Branco pelo trabalho sustent\u00e1vel realizado pela cooperativa. S\u00e3o 40 anos fazendo juntos, entendendo as necessidades dos associados e da sociedade, no \u00e2mbito econ\u00f4mico, ambiental e social aliado \u00e0s boas pr\u00e1ticas de governan\u00e7a, sempre em busca do prop\u00f3sito de construir juntos sociedades mais pr\u00f3speras\u201d, disse.<\/p>\n\n\n\n<p><strong>Tr\u00eas pr\u00eamios para a Estrelat<\/strong><\/p>\n\n\n\n<p>A Agroind\u00fastria Familiar Roberto de Oliveira, a Estrelat, de Linha Santa Rita \u2013 Estrela, recebeu tr\u00eas pr\u00eamios. Eliana Lenhard de Oliveira foi consagrada na categoria Elas no Agro com o case <strong>\u201cEmpres\u00e1ria do campo tipo A\u201d.<\/strong> A Estrelat (Granja Lenhard) recebeu duas premia\u00e7\u00f5es, na categoria Dentro da Porteira com o case <strong>\u201cAgro tipo A\u201d<\/strong> e na categoria Depois da Porteira com o case <strong>\u201cLeite por assinatura\u201d<\/strong>.<\/p>\n\n\n\n<p>Como l\u00edder da agroind\u00fastria, Eliana revela que demorou a \u201ccair a ficha\u201d ap\u00f3s a divulga\u00e7\u00e3o de que a Estrelat receberia tr\u00eas pr\u00eamios. \u201cFoi uma semana muito intensa ap\u00f3s a divulga\u00e7\u00e3o de que ser\u00edamos triplamente premiados. J\u00e1 ficar\u00edamos imensamente felizes com um pr\u00eamio. Mas receber tr\u00eas distin\u00e7\u00f5es \u00e9 algo indescrit\u00edvel. Este reconhecimento evidencia que, sim, mesmo sendo pequenos em tamanho e faturamento, podemos mostrar o nosso diferencial e trabalho \u00fanico\u201d, afirma.<\/p>\n\n\n\n<p>Receber, em m\u00e3os, os tr\u00eas trof\u00e9us, outorga todo o investimento feito pela fam\u00edlia na propriedade, sempre visando a qualidade do produto oferecido ao consumidor. \u201cEstamos impactando positivamente a regi\u00e3o com o nosso trabalho e estes pr\u00eamios v\u00eam para nosmotivar a seguir oferecendo um produto diferenciado. Os pr\u00eamios tamb\u00e9m impactar\u00e3o na confian\u00e7a ainda maior no nome Estrelat e no crescimento da nossa agroind\u00fastria. Por isso, estamos muito felizes em receber este reconhecimento, em deixar a nossa marca e o nosso legado para Estrela e, agora, para o Estado\u201d, exp\u00f5e.<\/p>\n\n\n\n<p><strong>Estrelat <\/strong><\/p>\n\n\n\n<p>A Estrelat \u00e9 a \u00fanica granja leiteira do Vale do Taquari e a segunda no Estado que produz o leite tipo A. Este tipo de leite \u00e9 considerado puro (sem adi\u00e7\u00e3o ou retirada de componentes), limpo (contagem de bact\u00e9rias menor que 10 mil ufc\/ml, sendo que na Estrelat tem sido um m\u00e9dia menor que 8 mil ufc\/ml) e saud\u00e1vel (mantendo todos os nutrientes).<\/p>\n\n\n\n<p>A produ\u00e7\u00e3o de leite na Granja Lenhard iniciou nos anos 1970, com Pedro Reinoldo Lenhard e Irma Lori Lenhard. Por longo per\u00edodo, a fam\u00edlia produzia o leite tipo B. Em 2007, atendendo \u00e0s novas regras sanit\u00e1rias, a fam\u00edlia investe em uma agroind\u00fastria, contemplando a pasteuriza\u00e7\u00e3o e o envase do leite na pr\u00f3pria propriedade. Assim nasce a Estrelat, nome fantasia criado pela filha do casal, Eliana Beatriz Lenhard de Oliveira, que coordena as atividades da propriedade junto com seu marido, Roberto de Oliveira.<\/p>\n\n\n\n<p>Em 2011, uma resolu\u00e7\u00e3o do Minist\u00e9rio da Agricultura retira do mercado o leite tipo B. Com isso, a fam\u00edlia precisa tomar uma decis\u00e3o: produzir leite longa vida, o que n\u00e3o iria requerer investimentos, ou investir na produ\u00e7\u00e3o do leite tipo A, algo quase desconhecido no Rio Grande do Sul, implicando em mais investimentos.<\/p>\n\n\n\n<p>Como o leite produzido j\u00e1 tinha a contagem de microorganismos inferior a 10 mil ufc\/ml e j\u00e1 ocorria a pasteuriza\u00e7\u00e3o e envase do leite dentro da propriedade, aliado ao desejo de continuar oferecendo um produto nobre e diferenciado, a fam\u00edlia decide pela produ\u00e7\u00e3o do leite tipo A. Em 2019 vem a certifica\u00e7\u00e3o e o selo do Sistema Unificado de Sanidade Agroindustrial Familiar, Artesanal e de Pequeno Porte (Susaf), permitindo a comercializa\u00e7\u00e3o do produto em todo o Estado.<\/p>\n\n\n\n<p>A decis\u00e3o de investir na produ\u00e7\u00e3o do leite tipo A, aliado a outros investimentos na propriedade, trouxe in\u00fameros resultados para a Estrelat. Dentre os resultados, a conquista de novos mercados, aumento do n\u00famero de clientes na venda direta porta a porta (leite por assinatura) e o incremento de 30% no faturamento da propriedade. \u201cN\u00e3o comercializamos somente leite, mas, sim, alimento e sa\u00fade\u201d, ressalta Eliana.<\/p>\n","protected":false},"excerpt":{"rendered":"<p>A Federa\u00e7\u00e3o de Entidades Empresariais do Rio Grande Sul(Federasul) entregou os trof\u00e9us do 9\u00ba Pr\u00eamio Vencedores do Agroneg\u00f3cio na noite de quinta-feira (9\/9). A cerim\u00f4nia, em formato h\u00edbrido, ocorreu na sede da F\u00e1brica do Futuro, em Porto Alegre. Dos cinco pr\u00eamios, quatro vieram para o Vale do Taquari \u2013 tr\u00eas para a Estrelat e um [&hellip;]<\/p>\n","protected":false},"author":8,"featured_media":89258,"comment_status":"open","ping_status":"open","sticky":false,"template":"","format":"standard","meta":{"pmpro_default_level":"","_jetpack_memberships_contains_paid_content":false,"footnotes":""},"categories":[2,3],"tags":[176,6896,1068,292],"class_list":{"0":"post-89256","1":"post","2":"type-post","3":"status-publish","4":"format-standard","5":"has-post-thumbnail","7":"category-featured","8":"category-geral","9":"tag-estado","10":"tag-estrelat","11":"tag-premiacao","12":"tag-sicredi","13":"pmpro-has-access"},"yoast_head":"<!-- This site is optimized with the Yoast SEO plugin v27.5 - https:\/\/yoast.com\/product\/yoast-seo-wordpress\/ -->\n<title>Estrelat e Sicredi Ouro Branco s\u00e3o premiados pela Federasul - Folha Popular<\/title>\n<meta name=\"robots\" content=\"index, follow, max-snippet:-1, max-image-preview:large, max-video-preview:-1\" \/>\n<link rel=\"canonical\" href=\"https:\/\/folhapopular.info\/index.php\/2021\/09\/11\/estrelat-e-sicredi-ouro-branco-sao-premiados-pela-federasul\/\" \/>\n<meta property=\"og:locale\" content=\"pt_BR\" \/>\n<meta property=\"og:type\" content=\"article\" \/>\n<meta property=\"og:title\" content=\"Estrelat e Sicredi Ouro Branco s\u00e3o premiados pela Federasul - Folha Popular\" \/>\n<meta property=\"og:description\" content=\"A Federa\u00e7\u00e3o de Entidades Empresariais do Rio Grande Sul(Federasul) entregou os trof\u00e9us do 9\u00ba Pr\u00eamio Vencedores do Agroneg\u00f3cio na noite de quinta-feira (9\/9). A cerim\u00f4nia, em formato h\u00edbrido, ocorreu na sede da F\u00e1brica do Futuro, em Porto Alegre. Dos cinco pr\u00eamios, quatro vieram para o Vale do Taquari \u2013 tr\u00eas para a Estrelat e um [&hellip;]\" \/>\n<meta property=\"og:url\" content=\"https:\/\/folhapopular.info\/index.php\/2021\/09\/11\/estrelat-e-sicredi-ouro-branco-sao-premiados-pela-federasul\/\" \/>\n<meta property=\"og:site_name\" content=\"Folha Popular\" \/>\n<meta property=\"article:published_time\" content=\"2021-09-11T14:33:26+00:00\" \/>\n<meta property=\"article:modified_time\" content=\"2021-09-11T14:33:30+00:00\" \/>\n<meta property=\"og:image\" content=\"https:\/\/folhapopular.info\/wp-content\/uploads\/2021\/09\/Cases-premiados-com-o-presidente-da-Federasul-e1631370677840.jpeg\" \/>\n\t<meta property=\"og:image:width\" content=\"800\" \/>\n\t<meta property=\"og:image:height\" content=\"533\" \/>\n\t<meta property=\"og:image:type\" content=\"image\/jpeg\" \/>\n<meta name=\"author\" content=\"Reda\u00e7\u00e3o Folha Popular\" \/>\n<meta name=\"twitter:card\" content=\"summary_large_image\" \/>\n<meta name=\"twitter:label1\" content=\"Escrito por\" \/>\n\t<meta name=\"twitter:data1\" content=\"Reda\u00e7\u00e3o Folha Popular\" \/>\n\t<meta name=\"twitter:label2\" content=\"Est. tempo de leitura\" \/>\n\t<meta name=\"twitter:data2\" content=\"4 minutos\" \/>\n<script type=\"application\/ld+json\" class=\"yoast-schema-graph\">{\"@context\":\"https:\\\/\\\/schema.org\",\"@graph\":[{\"@type\":\"Article\",\"@id\":\"https:\\\/\\\/folhapopular.info\\\/index.php\\\/2021\\\/09\\\/11\\\/estrelat-e-sicredi-ouro-branco-sao-premiados-pela-federasul\\\/#article\",\"isPartOf\":{\"@id\":\"https:\\\/\\\/folhapopular.info\\\/index.php\\\/2021\\\/09\\\/11\\\/estrelat-e-sicredi-ouro-branco-sao-premiados-pela-federasul\\\/\"},\"author\":{\"name\":\"Reda\u00e7\u00e3o Folha Popular\",\"@id\":\"https:\\\/\\\/folhapopular.info\\\/#\\\/schema\\\/person\\\/2814e8a0df7643585a9ca38bc6eb9d4b\"},\"headline\":\"Estrelat e Sicredi Ouro Branco s\u00e3o premiados pela Federasul\",\"datePublished\":\"2021-09-11T14:33:26+00:00\",\"dateModified\":\"2021-09-11T14:33:30+00:00\",\"mainEntityOfPage\":{\"@id\":\"https:\\\/\\\/folhapopular.info\\\/index.php\\\/2021\\\/09\\\/11\\\/estrelat-e-sicredi-ouro-branco-sao-premiados-pela-federasul\\\/\"},\"wordCount\":886,\"commentCount\":0,\"image\":{\"@id\":\"https:\\\/\\\/folhapopular.info\\\/index.php\\\/2021\\\/09\\\/11\\\/estrelat-e-sicredi-ouro-branco-sao-premiados-pela-federasul\\\/#primaryimage\"},\"thumbnailUrl\":\"https:\\\/\\\/folhapopular.info\\\/wp-content\\\/uploads\\\/2021\\\/09\\\/Cases-premiados-com-o-presidente-da-Federasul-e1631370677840.jpeg\",\"keywords\":[\"Estado\",\"Estrelat\",\"Premia\u00e7\u00e3o\",\"Sicredi\"],\"articleSection\":[\"Destaques\",\"Geral\"],\"inLanguage\":\"pt-BR\",\"potentialAction\":[{\"@type\":\"CommentAction\",\"name\":\"Comment\",\"target\":[\"https:\\\/\\\/folhapopular.info\\\/index.php\\\/2021\\\/09\\\/11\\\/estrelat-e-sicredi-ouro-branco-sao-premiados-pela-federasul\\\/#respond\"]}]},{\"@type\":\"WebPage\",\"@id\":\"https:\\\/\\\/folhapopular.info\\\/index.php\\\/2021\\\/09\\\/11\\\/estrelat-e-sicredi-ouro-branco-sao-premiados-pela-federasul\\\/\",\"url\":\"https:\\\/\\\/folhapopular.info\\\/index.php\\\/2021\\\/09\\\/11\\\/estrelat-e-sicredi-ouro-branco-sao-premiados-pela-federasul\\\/\",\"name\":\"Estrelat e Sicredi Ouro Branco s\u00e3o premiados pela Federasul - Folha Popular\",\"isPartOf\":{\"@id\":\"https:\\\/\\\/folhapopular.info\\\/#website\"},\"primaryImageOfPage\":{\"@id\":\"https:\\\/\\\/folhapopular.info\\\/index.php\\\/2021\\\/09\\\/11\\\/estrelat-e-sicredi-ouro-branco-sao-premiados-pela-federasul\\\/#primaryimage\"},\"image\":{\"@id\":\"https:\\\/\\\/folhapopular.info\\\/index.php\\\/2021\\\/09\\\/11\\\/estrelat-e-sicredi-ouro-branco-sao-premiados-pela-federasul\\\/#primaryimage\"},\"thumbnailUrl\":\"https:\\\/\\\/folhapopular.info\\\/wp-content\\\/uploads\\\/2021\\\/09\\\/Cases-premiados-com-o-presidente-da-Federasul-e1631370677840.jpeg\",\"datePublished\":\"2021-09-11T14:33:26+00:00\",\"dateModified\":\"2021-09-11T14:33:30+00:00\",\"author\":{\"@id\":\"https:\\\/\\\/folhapopular.info\\\/#\\\/schema\\\/person\\\/2814e8a0df7643585a9ca38bc6eb9d4b\"},\"breadcrumb\":{\"@id\":\"https:\\\/\\\/folhapopular.info\\\/index.php\\\/2021\\\/09\\\/11\\\/estrelat-e-sicredi-ouro-branco-sao-premiados-pela-federasul\\\/#breadcrumb\"},\"inLanguage\":\"pt-BR\",\"potentialAction\":[{\"@type\":\"ReadAction\",\"target\":[\"https:\\\/\\\/folhapopular.info\\\/index.php\\\/2021\\\/09\\\/11\\\/estrelat-e-sicredi-ouro-branco-sao-premiados-pela-federasul\\\/\"]}]},{\"@type\":\"ImageObject\",\"inLanguage\":\"pt-BR\",\"@id\":\"https:\\\/\\\/folhapopular.info\\\/index.php\\\/2021\\\/09\\\/11\\\/estrelat-e-sicredi-ouro-branco-sao-premiados-pela-federasul\\\/#primaryimage\",\"url\":\"https:\\\/\\\/folhapopular.info\\\/wp-content\\\/uploads\\\/2021\\\/09\\\/Cases-premiados-com-o-presidente-da-Federasul-e1631370677840.jpeg\",\"contentUrl\":\"https:\\\/\\\/folhapopular.info\\\/wp-content\\\/uploads\\\/2021\\\/09\\\/Cases-premiados-com-o-presidente-da-Federasul-e1631370677840.jpeg\",\"width\":800,\"height\":533,\"caption\":\"Cases premiados com o presidente da Federasul, Anderson Trautman Cardoso (c) \\\/ Cr\u00e9ditos da foto: Jeferson Bernardes \\\/ Ag\u00eancia Premiew \\\/ Divulga\u00e7\u00e3o Federasul\"},{\"@type\":\"BreadcrumbList\",\"@id\":\"https:\\\/\\\/folhapopular.info\\\/index.php\\\/2021\\\/09\\\/11\\\/estrelat-e-sicredi-ouro-branco-sao-premiados-pela-federasul\\\/#breadcrumb\",\"itemListElement\":[{\"@type\":\"ListItem\",\"position\":1,\"name\":\"In\u00edcio\",\"item\":\"https:\\\/\\\/folhapopular.info\\\/\"},{\"@type\":\"ListItem\",\"position\":2,\"name\":\"Estrelat e Sicredi Ouro Branco s\u00e3o premiados pela Federasul\"}]},{\"@type\":\"WebSite\",\"@id\":\"https:\\\/\\\/folhapopular.info\\\/#website\",\"url\":\"https:\\\/\\\/folhapopular.info\\\/\",\"name\":\"Folha Popular\",\"description\":\"Onde voc\u00ea tem vez e voz\",\"potentialAction\":[{\"@type\":\"SearchAction\",\"target\":{\"@type\":\"EntryPoint\",\"urlTemplate\":\"https:\\\/\\\/folhapopular.info\\\/?s={search_term_string}\"},\"query-input\":{\"@type\":\"PropertyValueSpecification\",\"valueRequired\":true,\"valueName\":\"search_term_string\"}}],\"inLanguage\":\"pt-BR\"},{\"@type\":\"Person\",\"@id\":\"https:\\\/\\\/folhapopular.info\\\/#\\\/schema\\\/person\\\/2814e8a0df7643585a9ca38bc6eb9d4b\",\"name\":\"Reda\u00e7\u00e3o Folha Popular\",\"image\":{\"@type\":\"ImageObject\",\"inLanguage\":\"pt-BR\",\"@id\":\"https:\\\/\\\/folhapopular.info\\\/wp-content\\\/uploads\\\/2026\\\/04\\\/Folha-1.webp\",\"url\":\"https:\\\/\\\/folhapopular.info\\\/wp-content\\\/uploads\\\/2026\\\/04\\\/Folha-1.webp\",\"contentUrl\":\"https:\\\/\\\/folhapopular.info\\\/wp-content\\\/uploads\\\/2026\\\/04\\\/Folha-1.webp\",\"caption\":\"Reda\u00e7\u00e3o Folha Popular\"},\"url\":\"https:\\\/\\\/folhapopular.info\\\/index.php\\\/author\\\/redacao\\\/\"}]}<\/script>\n<!-- \/ Yoast SEO plugin. -->","yoast_head_json":{"title":"Estrelat e Sicredi Ouro Branco s\u00e3o premiados pela Federasul - Folha Popular","robots":{"index":"index","follow":"follow","max-snippet":"max-snippet:-1","max-image-preview":"max-image-preview:large","max-video-preview":"max-video-preview:-1"},"canonical":"https:\/\/folhapopular.info\/index.php\/2021\/09\/11\/estrelat-e-sicredi-ouro-branco-sao-premiados-pela-federasul\/","og_locale":"pt_BR","og_type":"article","og_title":"Estrelat e Sicredi Ouro Branco s\u00e3o premiados pela Federasul - Folha Popular","og_description":"A Federa\u00e7\u00e3o de Entidades Empresariais do Rio Grande Sul(Federasul) entregou os trof\u00e9us do 9\u00ba Pr\u00eamio Vencedores do Agroneg\u00f3cio na noite de quinta-feira (9\/9). A cerim\u00f4nia, em formato h\u00edbrido, ocorreu na sede da F\u00e1brica do Futuro, em Porto Alegre. Dos cinco pr\u00eamios, quatro vieram para o Vale do Taquari \u2013 tr\u00eas para a Estrelat e um [&hellip;]","og_url":"https:\/\/folhapopular.info\/index.php\/2021\/09\/11\/estrelat-e-sicredi-ouro-branco-sao-premiados-pela-federasul\/","og_site_name":"Folha Popular","article_published_time":"2021-09-11T14:33:26+00:00","article_modified_time":"2021-09-11T14:33:30+00:00","og_image":[{"width":800,"height":533,"url":"https:\/\/folhapopular.info\/wp-content\/uploads\/2021\/09\/Cases-premiados-com-o-presidente-da-Federasul-e1631370677840.jpeg","type":"image\/jpeg"}],"author":"Reda\u00e7\u00e3o Folha Popular","twitter_card":"summary_large_image","twitter_misc":{"Escrito por":"Reda\u00e7\u00e3o Folha Popular","Est. tempo de leitura":"4 minutos"},"schema":{"@context":"https:\/\/schema.org","@graph":[{"@type":"Article","@id":"https:\/\/folhapopular.info\/index.php\/2021\/09\/11\/estrelat-e-sicredi-ouro-branco-sao-premiados-pela-federasul\/#article","isPartOf":{"@id":"https:\/\/folhapopular.info\/index.php\/2021\/09\/11\/estrelat-e-sicredi-ouro-branco-sao-premiados-pela-federasul\/"},"author":{"name":"Reda\u00e7\u00e3o Folha Popular","@id":"https:\/\/folhapopular.info\/#\/schema\/person\/2814e8a0df7643585a9ca38bc6eb9d4b"},"headline":"Estrelat e Sicredi Ouro Branco s\u00e3o premiados pela Federasul","datePublished":"2021-09-11T14:33:26+00:00","dateModified":"2021-09-11T14:33:30+00:00","mainEntityOfPage":{"@id":"https:\/\/folhapopular.info\/index.php\/2021\/09\/11\/estrelat-e-sicredi-ouro-branco-sao-premiados-pela-federasul\/"},"wordCount":886,"commentCount":0,"image":{"@id":"https:\/\/folhapopular.info\/index.php\/2021\/09\/11\/estrelat-e-sicredi-ouro-branco-sao-premiados-pela-federasul\/#primaryimage"},"thumbnailUrl":"https:\/\/folhapopular.info\/wp-content\/uploads\/2021\/09\/Cases-premiados-com-o-presidente-da-Federasul-e1631370677840.jpeg","keywords":["Estado","Estrelat","Premia\u00e7\u00e3o","Sicredi"],"articleSection":["Destaques","Geral"],"inLanguage":"pt-BR","potentialAction":[{"@type":"CommentAction","name":"Comment","target":["https:\/\/folhapopular.info\/index.php\/2021\/09\/11\/estrelat-e-sicredi-ouro-branco-sao-premiados-pela-federasul\/#respond"]}]},{"@type":"WebPage","@id":"https:\/\/folhapopular.info\/index.php\/2021\/09\/11\/estrelat-e-sicredi-ouro-branco-sao-premiados-pela-federasul\/","url":"https:\/\/folhapopular.info\/index.php\/2021\/09\/11\/estrelat-e-sicredi-ouro-branco-sao-premiados-pela-federasul\/","name":"Estrelat e Sicredi Ouro Branco s\u00e3o premiados pela Federasul - Folha Popular","isPartOf":{"@id":"https:\/\/folhapopular.info\/#website"},"primaryImageOfPage":{"@id":"https:\/\/folhapopular.info\/index.php\/2021\/09\/11\/estrelat-e-sicredi-ouro-branco-sao-premiados-pela-federasul\/#primaryimage"},"image":{"@id":"https:\/\/folhapopular.info\/index.php\/2021\/09\/11\/estrelat-e-sicredi-ouro-branco-sao-premiados-pela-federasul\/#primaryimage"},"thumbnailUrl":"https:\/\/folhapopular.info\/wp-content\/uploads\/2021\/09\/Cases-premiados-com-o-presidente-da-Federasul-e1631370677840.jpeg","datePublished":"2021-09-11T14:33:26+00:00","dateModified":"2021-09-11T14:33:30+00:00","author":{"@id":"https:\/\/folhapopular.info\/#\/schema\/person\/2814e8a0df7643585a9ca38bc6eb9d4b"},"breadcrumb":{"@id":"https:\/\/folhapopular.info\/index.php\/2021\/09\/11\/estrelat-e-sicredi-ouro-branco-sao-premiados-pela-federasul\/#breadcrumb"},"inLanguage":"pt-BR","potentialAction":[{"@type":"ReadAction","target":["https:\/\/folhapopular.info\/index.php\/2021\/09\/11\/estrelat-e-sicredi-ouro-branco-sao-premiados-pela-federasul\/"]}]},{"@type":"ImageObject","inLanguage":"pt-BR","@id":"https:\/\/folhapopular.info\/index.php\/2021\/09\/11\/estrelat-e-sicredi-ouro-branco-sao-premiados-pela-federasul\/#primaryimage","url":"https:\/\/folhapopular.info\/wp-content\/uploads\/2021\/09\/Cases-premiados-com-o-presidente-da-Federasul-e1631370677840.jpeg","contentUrl":"https:\/\/folhapopular.info\/wp-content\/uploads\/2021\/09\/Cases-premiados-com-o-presidente-da-Federasul-e1631370677840.jpeg","width":800,"height":533,"caption":"Cases premiados com o presidente da Federasul, Anderson Trautman Cardoso (c) \/ Cr\u00e9ditos da foto: Jeferson Bernardes \/ Ag\u00eancia Premiew \/ Divulga\u00e7\u00e3o Federasul"},{"@type":"BreadcrumbList","@id":"https:\/\/folhapopular.info\/index.php\/2021\/09\/11\/estrelat-e-sicredi-ouro-branco-sao-premiados-pela-federasul\/#breadcrumb","itemListElement":[{"@type":"ListItem","position":1,"name":"In\u00edcio","item":"https:\/\/folhapopular.info\/"},{"@type":"ListItem","position":2,"name":"Estrelat e Sicredi Ouro Branco s\u00e3o premiados pela Federasul"}]},{"@type":"WebSite","@id":"https:\/\/folhapopular.info\/#website","url":"https:\/\/folhapopular.info\/","name":"Folha Popular","description":"Onde voc\u00ea tem vez e voz","potentialAction":[{"@type":"SearchAction","target":{"@type":"EntryPoint","urlTemplate":"https:\/\/folhapopular.info\/?s={search_term_string}"},"query-input":{"@type":"PropertyValueSpecification","valueRequired":true,"valueName":"search_term_string"}}],"inLanguage":"pt-BR"},{"@type":"Person","@id":"https:\/\/folhapopular.info\/#\/schema\/person\/2814e8a0df7643585a9ca38bc6eb9d4b","name":"Reda\u00e7\u00e3o Folha Popular","image":{"@type":"ImageObject","inLanguage":"pt-BR","@id":"https:\/\/folhapopular.info\/wp-content\/uploads\/2026\/04\/Folha-1.webp","url":"https:\/\/folhapopular.info\/wp-content\/uploads\/2026\/04\/Folha-1.webp","contentUrl":"https:\/\/folhapopular.info\/wp-content\/uploads\/2026\/04\/Folha-1.webp","caption":"Reda\u00e7\u00e3o Folha Popular"},"url":"https:\/\/folhapopular.info\/index.php\/author\/redacao\/"}]}},"jetpack_featured_media_url":"https:\/\/folhapopular.info\/wp-content\/uploads\/2021\/09\/Cases-premiados-com-o-presidente-da-Federasul-e1631370677840.jpeg","jetpack_sharing_enabled":true,"amp_enabled":true,"_links":{"self":[{"href":"https:\/\/folhapopular.info\/index.php\/wp-json\/wp\/v2\/posts\/89256","targetHints":{"allow":["GET"]}}],"collection":[{"href":"https:\/\/folhapopular.info\/index.php\/wp-json\/wp\/v2\/posts"}],"about":[{"href":"https:\/\/folhapopular.info\/index.php\/wp-json\/wp\/v2\/types\/post"}],"author":[{"embeddable":true,"href":"https:\/\/folhapopular.info\/index.php\/wp-json\/wp\/v2\/users\/8"}],"replies":[{"embeddable":true,"href":"https:\/\/folhapopular.info\/index.php\/wp-json\/wp\/v2\/comments?post=89256"}],"version-history":[{"count":0,"href":"https:\/\/folhapopular.info\/index.php\/wp-json\/wp\/v2\/posts\/89256\/revisions"}],"wp:featuredmedia":[{"embeddable":true,"href":"https:\/\/folhapopular.info\/index.php\/wp-json\/wp\/v2\/media\/89258"}],"wp:attachment":[{"href":"https:\/\/folhapopular.info\/index.php\/wp-json\/wp\/v2\/media?parent=89256"}],"wp:term":[{"taxonomy":"category","embeddable":true,"href":"https:\/\/folhapopular.info\/index.php\/wp-json\/wp\/v2\/categories?post=89256"},{"taxonomy":"post_tag","embeddable":true,"href":"https:\/\/folhapopular.info\/index.php\/wp-json\/wp\/v2\/tags?post=89256"}],"curies":[{"name":"wp","href":"https:\/\/api.w.org\/{rel}","templated":true}]}}