{"id":89549,"date":"2021-09-16T10:53:19","date_gmt":"2021-09-16T13:53:19","guid":{"rendered":"https:\/\/folhapopular.info\/?p=89549"},"modified":"2021-09-16T10:53:56","modified_gmt":"2021-09-16T13:53:56","slug":"plano-municipal-de-turismo-foi-apresentado-a-comunidade","status":"publish","type":"post","link":"https:\/\/folhapopular.info\/index.php\/2021\/09\/16\/plano-municipal-de-turismo-foi-apresentado-a-comunidade\/","title":{"rendered":"Plano Municipal de Turismo foi apresentado \u00e0 comunidade teutoniense"},"content":{"rendered":"\n<p>Na segunda-feira (13\/9), foi realizada a apresenta\u00e7\u00e3o do Plano Municipal de Turismo e Radar Tur\u00edstico, elaborado em parceria com o Sebrae e Instituto de Pesquisa de Mercado Unisinos (IPM). A consultora do Sebrae, a turism\u00f3loga Ivane F\u00e1vero, foi quem apresentou o plano ao p\u00fablico presente no audit\u00f3rio da CIC Teut\u00f4nia.<\/p>\n\n\n\n<p>O Plano Municipal de Turismo e Radar Tur\u00edstico foram elaborados ap\u00f3s realiza\u00e7\u00e3o de pesquisas a campo, desenvolvida pela IPM Unisinos, assim como, atrav\u00e9s de palestras e oficinas online promovidas durante os meses de julho e agosto, com a participa\u00e7\u00e3o da comunidade e pessoas\/empresas envolvidas ou interessadas pelo setor de turismo.<\/p>\n\n\n\n<p>Ap\u00f3s a conclus\u00e3o da apresenta\u00e7\u00e3o, o plano foi entregue oficialmente ao secret\u00e1rio de Ind\u00fastria, Com\u00e9rcio e Turismo, D\u00e9lcio Barbosa, e ao presidente do Conselho Municipal do Turismo (COMTUR), Charles Rossner, que colocou o COMTUR \u00e0 disposi\u00e7\u00e3o para contribuir com a execu\u00e7\u00e3o gradual do plano no munic\u00edpio.<\/p>\n\n\n\n<p>Estiveram presentes no evento os vereadores Valdir Griebeler, Cl\u00e1udia Cristina Frigo, Neide Jaqueline Schwarz, Vitor Ernesto Krabbe, o presidente da C\u00e2mara de Vereadores Diego Tenn Pass, e o assessor jur\u00eddico, Gustavo Gewehr. Nas pr\u00f3ximas semanas, o Plano Municipal de Turismo ser\u00e1 encaminhado ao poder legislativo, para aprecia\u00e7\u00e3o dos vereadores, e posterior cria\u00e7\u00e3o de lei municipal.<\/p>\n\n\n\n<p>O secret\u00e1rio de Ind\u00fastria, Com\u00e9rcio e Turismo, D\u00e9lcio Barbosa, ressaltou a import\u00e2ncia da elabora\u00e7\u00e3o do plano para o munic\u00edpio. \u201cTeut\u00f4nia \u00e9 a cidade que canta e encanta, sentimos orgulho de morar aqui e apresentar aos turistas os lugares incr\u00edveis que temos em Teut\u00f4nia. Vamos continuar trabalhando muito para que nosso turismo se torne destaque na regi\u00e3o e estado, para que nossos visitantes tenham a oportunidade de conhecer nosso povo hospitaleiro, acolhedor, assim como, nossa cultura, gastronomia, produtos agroindustriais e nossas paisagens, ao viver experi\u00eancias diferenciadas e inesquec\u00edveis\u201d ressalta.<\/p>\n\n\n\n<p>O subsecret\u00e1rio, Br\u00e1ulio Horn, finalizou agradecendo o empenho de todos os envolvidos. \u201cO munic\u00edpio de Teut\u00f4nia est\u00e1 na regi\u00e3o central do Estado, uma localiza\u00e7\u00e3o extremamente privilegiada, que nos d\u00e1 \u00f3timas condi\u00e7\u00f5es para explorar ainda mais a quest\u00e3o tur\u00edstica. Agradecemos a todos os envolvidos com a realiza\u00e7\u00e3o deste plano, assim como, que contribuem com o desenvolvimento do turismo em nosso munic\u00edpio. Estamos empenhados neste processo de constru\u00e7\u00e3o coletiva para que possamos proporcionar \u00e0 Teut\u00f4nia um turismo forte, estruturado e duradouro\u201d, destaca.<\/p>\n","protected":false},"excerpt":{"rendered":"<p>Na segunda-feira (13\/9), foi realizada a apresenta\u00e7\u00e3o do Plano Municipal de Turismo e Radar Tur\u00edstico, elaborado em parceria com o Sebrae e Instituto de Pesquisa de Mercado Unisinos (IPM). A consultora do Sebrae, a turism\u00f3loga Ivane F\u00e1vero, foi quem apresentou o plano ao p\u00fablico presente no audit\u00f3rio da CIC Teut\u00f4nia. O Plano Municipal de Turismo [&hellip;]<\/p>\n","protected":false},"author":8,"featured_media":89551,"comment_status":"open","ping_status":"open","sticky":false,"template":"","format":"standard","meta":{"pmpro_default_level":"","_jetpack_memberships_contains_paid_content":false,"footnotes":""},"categories":[2,3],"tags":[6738,26,82,6826,6938],"class_list":{"0":"post-89549","1":"post","2":"type-post","3":"status-publish","4":"format-standard","5":"has-post-thumbnail","7":"category-featured","8":"category-geral","9":"tag-plano-municipal-de-turismo","10":"tag-teutonia","11":"tag-turismo","12":"tag-turismo-local","13":"tag-turismo-regional","14":"pmpro-has-access"},"yoast_head":"<!-- This site is optimized with the Yoast SEO plugin v27.5 - https:\/\/yoast.com\/product\/yoast-seo-wordpress\/ -->\n<title>Plano Municipal de Turismo foi apresentado \u00e0 comunidade teutoniense - Folha Popular<\/title>\n<meta name=\"robots\" content=\"index, follow, max-snippet:-1, max-image-preview:large, max-video-preview:-1\" \/>\n<link rel=\"canonical\" href=\"https:\/\/folhapopular.info\/index.php\/2021\/09\/16\/plano-municipal-de-turismo-foi-apresentado-a-comunidade\/\" \/>\n<meta property=\"og:locale\" content=\"pt_BR\" \/>\n<meta property=\"og:type\" content=\"article\" \/>\n<meta property=\"og:title\" content=\"Plano Municipal de Turismo foi apresentado \u00e0 comunidade teutoniense - Folha Popular\" \/>\n<meta property=\"og:description\" content=\"Na segunda-feira (13\/9), foi realizada a apresenta\u00e7\u00e3o do Plano Municipal de Turismo e Radar Tur\u00edstico, elaborado em parceria com o Sebrae e Instituto de Pesquisa de Mercado Unisinos (IPM). A consultora do Sebrae, a turism\u00f3loga Ivane F\u00e1vero, foi quem apresentou o plano ao p\u00fablico presente no audit\u00f3rio da CIC Teut\u00f4nia. O Plano Municipal de Turismo [&hellip;]\" \/>\n<meta property=\"og:url\" content=\"https:\/\/folhapopular.info\/index.php\/2021\/09\/16\/plano-municipal-de-turismo-foi-apresentado-a-comunidade\/\" \/>\n<meta property=\"og:site_name\" content=\"Folha Popular\" \/>\n<meta property=\"article:published_time\" content=\"2021-09-16T13:53:19+00:00\" \/>\n<meta property=\"article:modified_time\" content=\"2021-09-16T13:53:56+00:00\" \/>\n<meta property=\"og:image\" content=\"https:\/\/folhapopular.info\/wp-content\/uploads\/2021\/09\/2021_09_16_Plano-Municipal-de-Turismo-foi-apresentado-a-comunidade-2-scaled-e1631799513873.jpg\" \/>\n\t<meta property=\"og:image:width\" content=\"800\" \/>\n\t<meta property=\"og:image:height\" content=\"389\" \/>\n\t<meta property=\"og:image:type\" content=\"image\/jpeg\" \/>\n<meta name=\"author\" content=\"Reda\u00e7\u00e3o Folha Popular\" \/>\n<meta name=\"twitter:card\" content=\"summary_large_image\" \/>\n<meta name=\"twitter:label1\" content=\"Escrito por\" \/>\n\t<meta name=\"twitter:data1\" content=\"Reda\u00e7\u00e3o Folha Popular\" \/>\n\t<meta name=\"twitter:label2\" content=\"Est. tempo de leitura\" \/>\n\t<meta name=\"twitter:data2\" content=\"2 minutos\" \/>\n<script type=\"application\/ld+json\" class=\"yoast-schema-graph\">{\"@context\":\"https:\\\/\\\/schema.org\",\"@graph\":[{\"@type\":\"Article\",\"@id\":\"https:\\\/\\\/folhapopular.info\\\/index.php\\\/2021\\\/09\\\/16\\\/plano-municipal-de-turismo-foi-apresentado-a-comunidade\\\/#article\",\"isPartOf\":{\"@id\":\"https:\\\/\\\/folhapopular.info\\\/index.php\\\/2021\\\/09\\\/16\\\/plano-municipal-de-turismo-foi-apresentado-a-comunidade\\\/\"},\"author\":{\"name\":\"Reda\u00e7\u00e3o Folha Popular\",\"@id\":\"https:\\\/\\\/folhapopular.info\\\/#\\\/schema\\\/person\\\/2814e8a0df7643585a9ca38bc6eb9d4b\"},\"headline\":\"Plano Municipal de Turismo foi apresentado \u00e0 comunidade teutoniense\",\"datePublished\":\"2021-09-16T13:53:19+00:00\",\"dateModified\":\"2021-09-16T13:53:56+00:00\",\"mainEntityOfPage\":{\"@id\":\"https:\\\/\\\/folhapopular.info\\\/index.php\\\/2021\\\/09\\\/16\\\/plano-municipal-de-turismo-foi-apresentado-a-comunidade\\\/\"},\"wordCount\":428,\"commentCount\":0,\"image\":{\"@id\":\"https:\\\/\\\/folhapopular.info\\\/index.php\\\/2021\\\/09\\\/16\\\/plano-municipal-de-turismo-foi-apresentado-a-comunidade\\\/#primaryimage\"},\"thumbnailUrl\":\"https:\\\/\\\/folhapopular.info\\\/wp-content\\\/uploads\\\/2021\\\/09\\\/2021_09_16_Plano-Municipal-de-Turismo-foi-apresentado-a-comunidade-2-scaled-e1631799513873.jpg\",\"keywords\":[\"Plano Municipal de Turismo\",\"Teut\u00f4nia\",\"Turismo\",\"Turismo Local\",\"Turismo regional\"],\"articleSection\":[\"Destaques\",\"Geral\"],\"inLanguage\":\"pt-BR\",\"potentialAction\":[{\"@type\":\"CommentAction\",\"name\":\"Comment\",\"target\":[\"https:\\\/\\\/folhapopular.info\\\/index.php\\\/2021\\\/09\\\/16\\\/plano-municipal-de-turismo-foi-apresentado-a-comunidade\\\/#respond\"]}]},{\"@type\":\"WebPage\",\"@id\":\"https:\\\/\\\/folhapopular.info\\\/index.php\\\/2021\\\/09\\\/16\\\/plano-municipal-de-turismo-foi-apresentado-a-comunidade\\\/\",\"url\":\"https:\\\/\\\/folhapopular.info\\\/index.php\\\/2021\\\/09\\\/16\\\/plano-municipal-de-turismo-foi-apresentado-a-comunidade\\\/\",\"name\":\"Plano Municipal de Turismo foi apresentado \u00e0 comunidade teutoniense - Folha Popular\",\"isPartOf\":{\"@id\":\"https:\\\/\\\/folhapopular.info\\\/#website\"},\"primaryImageOfPage\":{\"@id\":\"https:\\\/\\\/folhapopular.info\\\/index.php\\\/2021\\\/09\\\/16\\\/plano-municipal-de-turismo-foi-apresentado-a-comunidade\\\/#primaryimage\"},\"image\":{\"@id\":\"https:\\\/\\\/folhapopular.info\\\/index.php\\\/2021\\\/09\\\/16\\\/plano-municipal-de-turismo-foi-apresentado-a-comunidade\\\/#primaryimage\"},\"thumbnailUrl\":\"https:\\\/\\\/folhapopular.info\\\/wp-content\\\/uploads\\\/2021\\\/09\\\/2021_09_16_Plano-Municipal-de-Turismo-foi-apresentado-a-comunidade-2-scaled-e1631799513873.jpg\",\"datePublished\":\"2021-09-16T13:53:19+00:00\",\"dateModified\":\"2021-09-16T13:53:56+00:00\",\"author\":{\"@id\":\"https:\\\/\\\/folhapopular.info\\\/#\\\/schema\\\/person\\\/2814e8a0df7643585a9ca38bc6eb9d4b\"},\"breadcrumb\":{\"@id\":\"https:\\\/\\\/folhapopular.info\\\/index.php\\\/2021\\\/09\\\/16\\\/plano-municipal-de-turismo-foi-apresentado-a-comunidade\\\/#breadcrumb\"},\"inLanguage\":\"pt-BR\",\"potentialAction\":[{\"@type\":\"ReadAction\",\"target\":[\"https:\\\/\\\/folhapopular.info\\\/index.php\\\/2021\\\/09\\\/16\\\/plano-municipal-de-turismo-foi-apresentado-a-comunidade\\\/\"]}]},{\"@type\":\"ImageObject\",\"inLanguage\":\"pt-BR\",\"@id\":\"https:\\\/\\\/folhapopular.info\\\/index.php\\\/2021\\\/09\\\/16\\\/plano-municipal-de-turismo-foi-apresentado-a-comunidade\\\/#primaryimage\",\"url\":\"https:\\\/\\\/folhapopular.info\\\/wp-content\\\/uploads\\\/2021\\\/09\\\/2021_09_16_Plano-Municipal-de-Turismo-foi-apresentado-a-comunidade-2-scaled-e1631799513873.jpg\",\"contentUrl\":\"https:\\\/\\\/folhapopular.info\\\/wp-content\\\/uploads\\\/2021\\\/09\\\/2021_09_16_Plano-Municipal-de-Turismo-foi-apresentado-a-comunidade-2-scaled-e1631799513873.jpg\",\"width\":800,\"height\":389,\"caption\":\"Cr\u00e9ditos da foto: Egon Habel \\\/ Divulga\u00e7\u00e3o\"},{\"@type\":\"BreadcrumbList\",\"@id\":\"https:\\\/\\\/folhapopular.info\\\/index.php\\\/2021\\\/09\\\/16\\\/plano-municipal-de-turismo-foi-apresentado-a-comunidade\\\/#breadcrumb\",\"itemListElement\":[{\"@type\":\"ListItem\",\"position\":1,\"name\":\"In\u00edcio\",\"item\":\"https:\\\/\\\/folhapopular.info\\\/\"},{\"@type\":\"ListItem\",\"position\":2,\"name\":\"Plano Municipal de Turismo foi apresentado \u00e0 comunidade teutoniense\"}]},{\"@type\":\"WebSite\",\"@id\":\"https:\\\/\\\/folhapopular.info\\\/#website\",\"url\":\"https:\\\/\\\/folhapopular.info\\\/\",\"name\":\"Folha Popular\",\"description\":\"Onde voc\u00ea tem vez e voz\",\"potentialAction\":[{\"@type\":\"SearchAction\",\"target\":{\"@type\":\"EntryPoint\",\"urlTemplate\":\"https:\\\/\\\/folhapopular.info\\\/?s={search_term_string}\"},\"query-input\":{\"@type\":\"PropertyValueSpecification\",\"valueRequired\":true,\"valueName\":\"search_term_string\"}}],\"inLanguage\":\"pt-BR\"},{\"@type\":\"Person\",\"@id\":\"https:\\\/\\\/folhapopular.info\\\/#\\\/schema\\\/person\\\/2814e8a0df7643585a9ca38bc6eb9d4b\",\"name\":\"Reda\u00e7\u00e3o Folha Popular\",\"image\":{\"@type\":\"ImageObject\",\"inLanguage\":\"pt-BR\",\"@id\":\"https:\\\/\\\/folhapopular.info\\\/wp-content\\\/uploads\\\/2026\\\/04\\\/Folha-1.webp\",\"url\":\"https:\\\/\\\/folhapopular.info\\\/wp-content\\\/uploads\\\/2026\\\/04\\\/Folha-1.webp\",\"contentUrl\":\"https:\\\/\\\/folhapopular.info\\\/wp-content\\\/uploads\\\/2026\\\/04\\\/Folha-1.webp\",\"caption\":\"Reda\u00e7\u00e3o Folha Popular\"},\"url\":\"https:\\\/\\\/folhapopular.info\\\/index.php\\\/author\\\/redacao\\\/\"}]}<\/script>\n<!-- \/ Yoast SEO plugin. -->","yoast_head_json":{"title":"Plano Municipal de Turismo foi apresentado \u00e0 comunidade teutoniense - Folha Popular","robots":{"index":"index","follow":"follow","max-snippet":"max-snippet:-1","max-image-preview":"max-image-preview:large","max-video-preview":"max-video-preview:-1"},"canonical":"https:\/\/folhapopular.info\/index.php\/2021\/09\/16\/plano-municipal-de-turismo-foi-apresentado-a-comunidade\/","og_locale":"pt_BR","og_type":"article","og_title":"Plano Municipal de Turismo foi apresentado \u00e0 comunidade teutoniense - Folha Popular","og_description":"Na segunda-feira (13\/9), foi realizada a apresenta\u00e7\u00e3o do Plano Municipal de Turismo e Radar Tur\u00edstico, elaborado em parceria com o Sebrae e Instituto de Pesquisa de Mercado Unisinos (IPM). A consultora do Sebrae, a turism\u00f3loga Ivane F\u00e1vero, foi quem apresentou o plano ao p\u00fablico presente no audit\u00f3rio da CIC Teut\u00f4nia. O Plano Municipal de Turismo [&hellip;]","og_url":"https:\/\/folhapopular.info\/index.php\/2021\/09\/16\/plano-municipal-de-turismo-foi-apresentado-a-comunidade\/","og_site_name":"Folha Popular","article_published_time":"2021-09-16T13:53:19+00:00","article_modified_time":"2021-09-16T13:53:56+00:00","og_image":[{"width":800,"height":389,"url":"https:\/\/folhapopular.info\/wp-content\/uploads\/2021\/09\/2021_09_16_Plano-Municipal-de-Turismo-foi-apresentado-a-comunidade-2-scaled-e1631799513873.jpg","type":"image\/jpeg"}],"author":"Reda\u00e7\u00e3o Folha Popular","twitter_card":"summary_large_image","twitter_misc":{"Escrito por":"Reda\u00e7\u00e3o Folha Popular","Est. tempo de leitura":"2 minutos"},"schema":{"@context":"https:\/\/schema.org","@graph":[{"@type":"Article","@id":"https:\/\/folhapopular.info\/index.php\/2021\/09\/16\/plano-municipal-de-turismo-foi-apresentado-a-comunidade\/#article","isPartOf":{"@id":"https:\/\/folhapopular.info\/index.php\/2021\/09\/16\/plano-municipal-de-turismo-foi-apresentado-a-comunidade\/"},"author":{"name":"Reda\u00e7\u00e3o Folha Popular","@id":"https:\/\/folhapopular.info\/#\/schema\/person\/2814e8a0df7643585a9ca38bc6eb9d4b"},"headline":"Plano Municipal de Turismo foi apresentado \u00e0 comunidade teutoniense","datePublished":"2021-09-16T13:53:19+00:00","dateModified":"2021-09-16T13:53:56+00:00","mainEntityOfPage":{"@id":"https:\/\/folhapopular.info\/index.php\/2021\/09\/16\/plano-municipal-de-turismo-foi-apresentado-a-comunidade\/"},"wordCount":428,"commentCount":0,"image":{"@id":"https:\/\/folhapopular.info\/index.php\/2021\/09\/16\/plano-municipal-de-turismo-foi-apresentado-a-comunidade\/#primaryimage"},"thumbnailUrl":"https:\/\/folhapopular.info\/wp-content\/uploads\/2021\/09\/2021_09_16_Plano-Municipal-de-Turismo-foi-apresentado-a-comunidade-2-scaled-e1631799513873.jpg","keywords":["Plano Municipal de Turismo","Teut\u00f4nia","Turismo","Turismo Local","Turismo regional"],"articleSection":["Destaques","Geral"],"inLanguage":"pt-BR","potentialAction":[{"@type":"CommentAction","name":"Comment","target":["https:\/\/folhapopular.info\/index.php\/2021\/09\/16\/plano-municipal-de-turismo-foi-apresentado-a-comunidade\/#respond"]}]},{"@type":"WebPage","@id":"https:\/\/folhapopular.info\/index.php\/2021\/09\/16\/plano-municipal-de-turismo-foi-apresentado-a-comunidade\/","url":"https:\/\/folhapopular.info\/index.php\/2021\/09\/16\/plano-municipal-de-turismo-foi-apresentado-a-comunidade\/","name":"Plano Municipal de Turismo foi apresentado \u00e0 comunidade teutoniense - Folha Popular","isPartOf":{"@id":"https:\/\/folhapopular.info\/#website"},"primaryImageOfPage":{"@id":"https:\/\/folhapopular.info\/index.php\/2021\/09\/16\/plano-municipal-de-turismo-foi-apresentado-a-comunidade\/#primaryimage"},"image":{"@id":"https:\/\/folhapopular.info\/index.php\/2021\/09\/16\/plano-municipal-de-turismo-foi-apresentado-a-comunidade\/#primaryimage"},"thumbnailUrl":"https:\/\/folhapopular.info\/wp-content\/uploads\/2021\/09\/2021_09_16_Plano-Municipal-de-Turismo-foi-apresentado-a-comunidade-2-scaled-e1631799513873.jpg","datePublished":"2021-09-16T13:53:19+00:00","dateModified":"2021-09-16T13:53:56+00:00","author":{"@id":"https:\/\/folhapopular.info\/#\/schema\/person\/2814e8a0df7643585a9ca38bc6eb9d4b"},"breadcrumb":{"@id":"https:\/\/folhapopular.info\/index.php\/2021\/09\/16\/plano-municipal-de-turismo-foi-apresentado-a-comunidade\/#breadcrumb"},"inLanguage":"pt-BR","potentialAction":[{"@type":"ReadAction","target":["https:\/\/folhapopular.info\/index.php\/2021\/09\/16\/plano-municipal-de-turismo-foi-apresentado-a-comunidade\/"]}]},{"@type":"ImageObject","inLanguage":"pt-BR","@id":"https:\/\/folhapopular.info\/index.php\/2021\/09\/16\/plano-municipal-de-turismo-foi-apresentado-a-comunidade\/#primaryimage","url":"https:\/\/folhapopular.info\/wp-content\/uploads\/2021\/09\/2021_09_16_Plano-Municipal-de-Turismo-foi-apresentado-a-comunidade-2-scaled-e1631799513873.jpg","contentUrl":"https:\/\/folhapopular.info\/wp-content\/uploads\/2021\/09\/2021_09_16_Plano-Municipal-de-Turismo-foi-apresentado-a-comunidade-2-scaled-e1631799513873.jpg","width":800,"height":389,"caption":"Cr\u00e9ditos da foto: Egon Habel \/ Divulga\u00e7\u00e3o"},{"@type":"BreadcrumbList","@id":"https:\/\/folhapopular.info\/index.php\/2021\/09\/16\/plano-municipal-de-turismo-foi-apresentado-a-comunidade\/#breadcrumb","itemListElement":[{"@type":"ListItem","position":1,"name":"In\u00edcio","item":"https:\/\/folhapopular.info\/"},{"@type":"ListItem","position":2,"name":"Plano Municipal de Turismo foi apresentado \u00e0 comunidade teutoniense"}]},{"@type":"WebSite","@id":"https:\/\/folhapopular.info\/#website","url":"https:\/\/folhapopular.info\/","name":"Folha Popular","description":"Onde voc\u00ea tem vez e voz","potentialAction":[{"@type":"SearchAction","target":{"@type":"EntryPoint","urlTemplate":"https:\/\/folhapopular.info\/?s={search_term_string}"},"query-input":{"@type":"PropertyValueSpecification","valueRequired":true,"valueName":"search_term_string"}}],"inLanguage":"pt-BR"},{"@type":"Person","@id":"https:\/\/folhapopular.info\/#\/schema\/person\/2814e8a0df7643585a9ca38bc6eb9d4b","name":"Reda\u00e7\u00e3o Folha Popular","image":{"@type":"ImageObject","inLanguage":"pt-BR","@id":"https:\/\/folhapopular.info\/wp-content\/uploads\/2026\/04\/Folha-1.webp","url":"https:\/\/folhapopular.info\/wp-content\/uploads\/2026\/04\/Folha-1.webp","contentUrl":"https:\/\/folhapopular.info\/wp-content\/uploads\/2026\/04\/Folha-1.webp","caption":"Reda\u00e7\u00e3o Folha Popular"},"url":"https:\/\/folhapopular.info\/index.php\/author\/redacao\/"}]}},"jetpack_featured_media_url":"https:\/\/folhapopular.info\/wp-content\/uploads\/2021\/09\/2021_09_16_Plano-Municipal-de-Turismo-foi-apresentado-a-comunidade-2-scaled-e1631799513873.jpg","jetpack_sharing_enabled":true,"amp_enabled":true,"_links":{"self":[{"href":"https:\/\/folhapopular.info\/index.php\/wp-json\/wp\/v2\/posts\/89549","targetHints":{"allow":["GET"]}}],"collection":[{"href":"https:\/\/folhapopular.info\/index.php\/wp-json\/wp\/v2\/posts"}],"about":[{"href":"https:\/\/folhapopular.info\/index.php\/wp-json\/wp\/v2\/types\/post"}],"author":[{"embeddable":true,"href":"https:\/\/folhapopular.info\/index.php\/wp-json\/wp\/v2\/users\/8"}],"replies":[{"embeddable":true,"href":"https:\/\/folhapopular.info\/index.php\/wp-json\/wp\/v2\/comments?post=89549"}],"version-history":[{"count":0,"href":"https:\/\/folhapopular.info\/index.php\/wp-json\/wp\/v2\/posts\/89549\/revisions"}],"wp:featuredmedia":[{"embeddable":true,"href":"https:\/\/folhapopular.info\/index.php\/wp-json\/wp\/v2\/media\/89551"}],"wp:attachment":[{"href":"https:\/\/folhapopular.info\/index.php\/wp-json\/wp\/v2\/media?parent=89549"}],"wp:term":[{"taxonomy":"category","embeddable":true,"href":"https:\/\/folhapopular.info\/index.php\/wp-json\/wp\/v2\/categories?post=89549"},{"taxonomy":"post_tag","embeddable":true,"href":"https:\/\/folhapopular.info\/index.php\/wp-json\/wp\/v2\/tags?post=89549"}],"curies":[{"name":"wp","href":"https:\/\/api.w.org\/{rel}","templated":true}]}}