{"id":89615,"date":"2021-09-17T10:05:11","date_gmt":"2021-09-17T13:05:11","guid":{"rendered":"https:\/\/folhapopular.info\/?p=89615"},"modified":"2021-09-17T10:05:17","modified_gmt":"2021-09-17T13:05:17","slug":"bercarios-de-escolas-de-educacao-infantil-de-lajeado-retornarao-na-proxima-terca-feira","status":"publish","type":"post","link":"https:\/\/folhapopular.info\/index.php\/2021\/09\/17\/bercarios-de-escolas-de-educacao-infantil-de-lajeado-retornarao-na-proxima-terca-feira\/","title":{"rendered":"Ber\u00e7\u00e1rios de Escolas de Educa\u00e7\u00e3o Infantil de Lajeado retornar\u00e3o na pr\u00f3xima ter\u00e7a-feira"},"content":{"rendered":"\n<p><br>Na pr\u00f3xima ter\u00e7a-feira (21\/9), ser\u00e1 retomado o atendimento de ber\u00e7\u00e1rios nas Escolas Municipais de Educa\u00e7\u00e3o Infantil (EMEIs) de Lajeado. Essas turmas n\u00e3o estavam sendo atendidas desde o in\u00edcio da pandemia em raz\u00e3o da dificuldade de manter os protocolos obrigat\u00f3rios contra a Covid-19 e da falta de profissionais da educa\u00e7\u00e3o para a retomada. Cerca de 220 beb\u00eas, entre 4 a 11 meses, voltar\u00e3o aos educand\u00e1rios.<br><\/p>\n\n\n\n<p>Das 14 EMEIs que t\u00eam ber\u00e7\u00e1rio no munic\u00edpio, 11 retornar\u00e3o em hor\u00e1rio integral, funcionando das 6h30 \u00e0s 18h30 (veja lista abaixo). A EMEI Crian\u00e7a Feliz do Bairro Campestre, retorna somente com o turno da manh\u00e3 no hor\u00e1rio das 6h30 \u00e0s 12h30. N\u00e3o retornar\u00e3o neste momento os ber\u00e7\u00e1rios das EMEIs SER do Bairro Santo Ant\u00f4nio e\u00a0Recanto Infantil do Bairro Moinhos.<br><\/p>\n\n\n\n<p>A secret\u00e1ria da Educa\u00e7\u00e3o, Adriana Vettorello, explica que a prefeitura est\u00e1 encontrando dificuldade para contratar profissionais da educa\u00e7\u00e3o para normalizar o atendimento em toda a rede municipal.&nbsp;&nbsp;<\/p>\n\n\n\n<p>&#8220;Embora sejam diariamente chamados, a n\u00e3o aceita\u00e7\u00e3o por parte desses profissionais se deve pela localiza\u00e7\u00e3o das escolas, falta de transporte e curto per\u00edodo do contrato. A expectativa \u00e9 que, conforme novos professores forem contratados, vamos normalizar o atendimento em todas as escolas&#8221;, explicou a secret\u00e1ria.<br><\/p>\n\n\n\n<p>Outra novidade \u00e9 que os alunos que frequentam os Projetos Vida no turno inverso do ensino regular agora voltaram a permanecer durante o hor\u00e1rio do meio-dia no Projeto, como acontecia antes do in\u00edcio da pandemia. Os Projetos Vida ir\u00e3o abrir inscri\u00e7\u00f5es para novos alunos que desejarem ingressar de forma integral a partir do dia 27\/09\/2021.&nbsp;<br><\/p>\n\n\n\n<p>Al\u00e9m disso, a segunda-feira tamb\u00e9m ficar\u00e1 marcada pelo retorno das atividades de contraturno escolar em Escolas Municipais de Ensino Fundamental (EMEFs), que oferecem oficinas e atividades esportivas aos alunos<strong>.<\/strong> \u00c9 o caso da EMEF Guido Arnoldo Lermen, que receber\u00e1 as turmas do pr\u00e9 ao 2\u00ba ano, e da EMEF Universit\u00e1rio com as turmas do pr\u00e9 no turno da tarde e do 2\u00ba ano no turno da manh\u00e3. As EMEFs Santo Andr\u00e9 e S\u00e3o Bento, que tamb\u00e9m ofereciam essas atividades, n\u00e3o retornar\u00e3o neste momento.\u00a0<\/p>\n\n\n\n<figure class=\"wp-block-gallery columns-2 is-cropped wp-block-gallery-1 is-layout-flex wp-block-gallery-is-layout-flex\"><ul class=\"blocks-gallery-grid\"><li class=\"blocks-gallery-item\"><figure><img loading=\"lazy\" decoding=\"async\" width=\"1024\" height=\"768\" src=\"https:\/\/folhapopular.info\/wp-content\/uploads\/2021\/09\/2-EMEI-Fazendo-Arte-organizando-o-espaco-para-receber-os-bebes-1024x768.jpg\" alt=\"\" data-id=\"89618\" data-link=\"https:\/\/folhapopular.info\/?attachment_id=89618\" class=\"wp-image-89618\" srcset=\"https:\/\/folhapopular.info\/wp-content\/uploads\/2021\/09\/2-EMEI-Fazendo-Arte-organizando-o-espaco-para-receber-os-bebes-1024x768.jpg 1024w, https:\/\/folhapopular.info\/wp-content\/uploads\/2021\/09\/2-EMEI-Fazendo-Arte-organizando-o-espaco-para-receber-os-bebes-300x225.jpg 300w, https:\/\/folhapopular.info\/wp-content\/uploads\/2021\/09\/2-EMEI-Fazendo-Arte-organizando-o-espaco-para-receber-os-bebes-768x576.jpg 768w, https:\/\/folhapopular.info\/wp-content\/uploads\/2021\/09\/2-EMEI-Fazendo-Arte-organizando-o-espaco-para-receber-os-bebes-1536x1152.jpg 1536w, https:\/\/folhapopular.info\/wp-content\/uploads\/2021\/09\/2-EMEI-Fazendo-Arte-organizando-o-espaco-para-receber-os-bebes-2048x1536.jpg 2048w, https:\/\/folhapopular.info\/wp-content\/uploads\/2021\/09\/2-EMEI-Fazendo-Arte-organizando-o-espaco-para-receber-os-bebes-696x522.jpg 696w, https:\/\/folhapopular.info\/wp-content\/uploads\/2021\/09\/2-EMEI-Fazendo-Arte-organizando-o-espaco-para-receber-os-bebes-1068x801.jpg 1068w, https:\/\/folhapopular.info\/wp-content\/uploads\/2021\/09\/2-EMEI-Fazendo-Arte-organizando-o-espaco-para-receber-os-bebes-1920x1440.jpg 1920w\" sizes=\"auto, (max-width: 1024px) 100vw, 1024px\" \/><\/figure><\/li><li class=\"blocks-gallery-item\"><figure><img loading=\"lazy\" decoding=\"async\" width=\"1024\" height=\"768\" src=\"https:\/\/folhapopular.info\/wp-content\/uploads\/2021\/09\/3-Sala-do-bercario-na-EMEI-Fazendo-Arte-1024x768.jpg\" alt=\"\" data-id=\"89620\" data-full-url=\"https:\/\/folhapopular.info\/wp-content\/uploads\/2021\/09\/3-Sala-do-bercario-na-EMEI-Fazendo-Arte-scaled.jpg\" data-link=\"https:\/\/folhapopular.info\/?attachment_id=89620\" class=\"wp-image-89620\" srcset=\"https:\/\/folhapopular.info\/wp-content\/uploads\/2021\/09\/3-Sala-do-bercario-na-EMEI-Fazendo-Arte-1024x768.jpg 1024w, https:\/\/folhapopular.info\/wp-content\/uploads\/2021\/09\/3-Sala-do-bercario-na-EMEI-Fazendo-Arte-300x225.jpg 300w, https:\/\/folhapopular.info\/wp-content\/uploads\/2021\/09\/3-Sala-do-bercario-na-EMEI-Fazendo-Arte-768x576.jpg 768w, https:\/\/folhapopular.info\/wp-content\/uploads\/2021\/09\/3-Sala-do-bercario-na-EMEI-Fazendo-Arte-1536x1152.jpg 1536w, https:\/\/folhapopular.info\/wp-content\/uploads\/2021\/09\/3-Sala-do-bercario-na-EMEI-Fazendo-Arte-2048x1536.jpg 2048w, https:\/\/folhapopular.info\/wp-content\/uploads\/2021\/09\/3-Sala-do-bercario-na-EMEI-Fazendo-Arte-696x522.jpg 696w, https:\/\/folhapopular.info\/wp-content\/uploads\/2021\/09\/3-Sala-do-bercario-na-EMEI-Fazendo-Arte-1068x801.jpg 1068w, https:\/\/folhapopular.info\/wp-content\/uploads\/2021\/09\/3-Sala-do-bercario-na-EMEI-Fazendo-Arte-1920x1440.jpg 1920w\" sizes=\"auto, (max-width: 1024px) 100vw, 1024px\" \/><\/figure><\/li><\/ul><\/figure>\n\n\n\n<p><strong>Veja quais ser\u00e3o as EMEIS que retornar\u00e3o com o ber\u00e7\u00e1rio em turno integral:<\/strong><strong><\/strong><\/p>\n\n\n\n<p>&#8211; Cantinho da Alegria &#8211; Bairro Universit\u00e1rio<\/p>\n\n\n\n<p>&#8211; Cantinho M\u00e1gico &#8211; Bairro Santo Ant\u00f4nio<\/p>\n\n\n\n<p>&#8211; Crian\u00e7a Esperan\u00e7a &#8211; Bairro Conservas<\/p>\n\n\n\n<p>&#8211; Entre Amiguinhos &#8211; Bairro S\u00e3o Crist\u00f3v\u00e3o<\/p>\n\n\n\n<p>&#8211; Jeito de Crian\u00e7a &#8211; Bairro Moinhos d\u2019\u00c1gua<\/p>\n\n\n\n<p>&#8211; Mundo Encantado &#8211; Bairro Morro 25<\/p>\n\n\n\n<p>&#8211; Mundo M\u00e1gico &#8211; Bairro das Na\u00e7\u00f5es<\/p>\n\n\n\n<p>&#8211; Primeiros Passos &#8211; Bairro Centen\u00e1rio<\/p>\n\n\n\n<p>&#8211; Risque e Rabisque &#8211; Bairro Centro<\/p>\n\n\n\n<p>&#8211; Sabor de Inf\u00e2ncia &#8211; Bairro Igrejinha<\/p>\n\n\n\n<p>&#8211; Fazendo Arte &#8211; Bairro Florestal<\/p>\n\n\n\n<p><strong>EMEI que retornar\u00e1 no turno da manh\u00e3:<\/strong><\/p>\n\n\n\n<p>&#8211; Crian\u00e7a Feliz &#8211; Bairro Campestre<\/p>\n\n\n\n<p><strong>N\u00e3o retornar\u00e3o neste momento as EMEIs:<\/strong><\/p>\n\n\n\n<p>&#8211; SER &#8211; Santo Ant\u00f4nio<\/p>\n\n\n\n<p>&#8211; Recanto Infantil &#8211; Bairro Moinhos<\/p>\n","protected":false},"excerpt":{"rendered":"<p>Na pr\u00f3xima ter\u00e7a-feira (21\/9), ser\u00e1 retomado o atendimento de ber\u00e7\u00e1rios nas Escolas Municipais de Educa\u00e7\u00e3o Infantil (EMEIs) de Lajeado. Essas turmas n\u00e3o estavam sendo atendidas desde o in\u00edcio da pandemia em raz\u00e3o da dificuldade de manter os protocolos obrigat\u00f3rios contra a Covid-19 e da falta de profissionais da educa\u00e7\u00e3o para a retomada. Cerca de 220 [&hellip;]<\/p>\n","protected":false},"author":8,"featured_media":89617,"comment_status":"open","ping_status":"open","sticky":false,"template":"","format":"standard","meta":{"pmpro_default_level":"","_jetpack_memberships_contains_paid_content":false,"footnotes":""},"categories":[2,3],"tags":[6942,182,27,2236],"class_list":{"0":"post-89615","1":"post","2":"type-post","3":"status-publish","4":"format-standard","5":"has-post-thumbnail","7":"category-featured","8":"category-geral","9":"tag-bercarios","10":"tag-educacao-infantil","11":"tag-lajeado","12":"tag-volta-as-aulas","13":"pmpro-has-access"},"yoast_head":"<!-- This site is optimized with the Yoast SEO plugin v27.5 - https:\/\/yoast.com\/product\/yoast-seo-wordpress\/ -->\n<title>Ber\u00e7\u00e1rios de Escolas de Educa\u00e7\u00e3o Infantil de Lajeado retornar\u00e3o na pr\u00f3xima ter\u00e7a-feira - Folha Popular<\/title>\n<meta name=\"robots\" content=\"index, follow, max-snippet:-1, max-image-preview:large, max-video-preview:-1\" \/>\n<link rel=\"canonical\" href=\"https:\/\/folhapopular.info\/index.php\/2021\/09\/17\/bercarios-de-escolas-de-educacao-infantil-de-lajeado-retornarao-na-proxima-terca-feira\/\" \/>\n<meta property=\"og:locale\" content=\"pt_BR\" \/>\n<meta property=\"og:type\" content=\"article\" \/>\n<meta property=\"og:title\" content=\"Ber\u00e7\u00e1rios de Escolas de Educa\u00e7\u00e3o Infantil de Lajeado retornar\u00e3o na pr\u00f3xima ter\u00e7a-feira - Folha Popular\" \/>\n<meta property=\"og:description\" content=\"Na pr\u00f3xima ter\u00e7a-feira (21\/9), ser\u00e1 retomado o atendimento de ber\u00e7\u00e1rios nas Escolas Municipais de Educa\u00e7\u00e3o Infantil (EMEIs) de Lajeado. Essas turmas n\u00e3o estavam sendo atendidas desde o in\u00edcio da pandemia em raz\u00e3o da dificuldade de manter os protocolos obrigat\u00f3rios contra a Covid-19 e da falta de profissionais da educa\u00e7\u00e3o para a retomada. Cerca de 220 [&hellip;]\" \/>\n<meta property=\"og:url\" content=\"https:\/\/folhapopular.info\/index.php\/2021\/09\/17\/bercarios-de-escolas-de-educacao-infantil-de-lajeado-retornarao-na-proxima-terca-feira\/\" \/>\n<meta property=\"og:site_name\" content=\"Folha Popular\" \/>\n<meta property=\"article:published_time\" content=\"2021-09-17T13:05:11+00:00\" \/>\n<meta property=\"article:modified_time\" content=\"2021-09-17T13:05:17+00:00\" \/>\n<meta property=\"og:image\" content=\"https:\/\/folhapopular.info\/wp-content\/uploads\/2021\/09\/1-EMEI-Risque-e-Rabisque-scaled-e1631880939932.jpg\" \/>\n\t<meta property=\"og:image:width\" content=\"800\" \/>\n\t<meta property=\"og:image:height\" content=\"600\" \/>\n\t<meta property=\"og:image:type\" content=\"image\/jpeg\" \/>\n<meta name=\"author\" content=\"Reda\u00e7\u00e3o Folha Popular\" \/>\n<meta name=\"twitter:card\" content=\"summary_large_image\" \/>\n<meta name=\"twitter:label1\" content=\"Escrito por\" \/>\n\t<meta name=\"twitter:data1\" content=\"Reda\u00e7\u00e3o Folha Popular\" \/>\n\t<meta name=\"twitter:label2\" content=\"Est. tempo de leitura\" \/>\n\t<meta name=\"twitter:data2\" content=\"3 minutos\" \/>\n<script type=\"application\/ld+json\" class=\"yoast-schema-graph\">{\"@context\":\"https:\\\/\\\/schema.org\",\"@graph\":[{\"@type\":\"Article\",\"@id\":\"https:\\\/\\\/folhapopular.info\\\/index.php\\\/2021\\\/09\\\/17\\\/bercarios-de-escolas-de-educacao-infantil-de-lajeado-retornarao-na-proxima-terca-feira\\\/#article\",\"isPartOf\":{\"@id\":\"https:\\\/\\\/folhapopular.info\\\/index.php\\\/2021\\\/09\\\/17\\\/bercarios-de-escolas-de-educacao-infantil-de-lajeado-retornarao-na-proxima-terca-feira\\\/\"},\"author\":{\"name\":\"Reda\u00e7\u00e3o Folha Popular\",\"@id\":\"https:\\\/\\\/folhapopular.info\\\/#\\\/schema\\\/person\\\/2814e8a0df7643585a9ca38bc6eb9d4b\"},\"headline\":\"Ber\u00e7\u00e1rios de Escolas de Educa\u00e7\u00e3o Infantil de Lajeado retornar\u00e3o na pr\u00f3xima ter\u00e7a-feira\",\"datePublished\":\"2021-09-17T13:05:11+00:00\",\"dateModified\":\"2021-09-17T13:05:17+00:00\",\"mainEntityOfPage\":{\"@id\":\"https:\\\/\\\/folhapopular.info\\\/index.php\\\/2021\\\/09\\\/17\\\/bercarios-de-escolas-de-educacao-infantil-de-lajeado-retornarao-na-proxima-terca-feira\\\/\"},\"wordCount\":522,\"commentCount\":0,\"image\":{\"@id\":\"https:\\\/\\\/folhapopular.info\\\/index.php\\\/2021\\\/09\\\/17\\\/bercarios-de-escolas-de-educacao-infantil-de-lajeado-retornarao-na-proxima-terca-feira\\\/#primaryimage\"},\"thumbnailUrl\":\"https:\\\/\\\/folhapopular.info\\\/wp-content\\\/uploads\\\/2021\\\/09\\\/1-EMEI-Risque-e-Rabisque-scaled-e1631880939932.jpg\",\"keywords\":[\"Ber\u00e7\u00e1rios\",\"Educa\u00e7\u00e3o Infantil\",\"Lajeado\",\"Volta \u00e0s Aulas\"],\"articleSection\":[\"Destaques\",\"Geral\"],\"inLanguage\":\"pt-BR\",\"potentialAction\":[{\"@type\":\"CommentAction\",\"name\":\"Comment\",\"target\":[\"https:\\\/\\\/folhapopular.info\\\/index.php\\\/2021\\\/09\\\/17\\\/bercarios-de-escolas-de-educacao-infantil-de-lajeado-retornarao-na-proxima-terca-feira\\\/#respond\"]}]},{\"@type\":\"WebPage\",\"@id\":\"https:\\\/\\\/folhapopular.info\\\/index.php\\\/2021\\\/09\\\/17\\\/bercarios-de-escolas-de-educacao-infantil-de-lajeado-retornarao-na-proxima-terca-feira\\\/\",\"url\":\"https:\\\/\\\/folhapopular.info\\\/index.php\\\/2021\\\/09\\\/17\\\/bercarios-de-escolas-de-educacao-infantil-de-lajeado-retornarao-na-proxima-terca-feira\\\/\",\"name\":\"Ber\u00e7\u00e1rios de Escolas de Educa\u00e7\u00e3o Infantil de Lajeado retornar\u00e3o na pr\u00f3xima ter\u00e7a-feira - Folha Popular\",\"isPartOf\":{\"@id\":\"https:\\\/\\\/folhapopular.info\\\/#website\"},\"primaryImageOfPage\":{\"@id\":\"https:\\\/\\\/folhapopular.info\\\/index.php\\\/2021\\\/09\\\/17\\\/bercarios-de-escolas-de-educacao-infantil-de-lajeado-retornarao-na-proxima-terca-feira\\\/#primaryimage\"},\"image\":{\"@id\":\"https:\\\/\\\/folhapopular.info\\\/index.php\\\/2021\\\/09\\\/17\\\/bercarios-de-escolas-de-educacao-infantil-de-lajeado-retornarao-na-proxima-terca-feira\\\/#primaryimage\"},\"thumbnailUrl\":\"https:\\\/\\\/folhapopular.info\\\/wp-content\\\/uploads\\\/2021\\\/09\\\/1-EMEI-Risque-e-Rabisque-scaled-e1631880939932.jpg\",\"datePublished\":\"2021-09-17T13:05:11+00:00\",\"dateModified\":\"2021-09-17T13:05:17+00:00\",\"author\":{\"@id\":\"https:\\\/\\\/folhapopular.info\\\/#\\\/schema\\\/person\\\/2814e8a0df7643585a9ca38bc6eb9d4b\"},\"breadcrumb\":{\"@id\":\"https:\\\/\\\/folhapopular.info\\\/index.php\\\/2021\\\/09\\\/17\\\/bercarios-de-escolas-de-educacao-infantil-de-lajeado-retornarao-na-proxima-terca-feira\\\/#breadcrumb\"},\"inLanguage\":\"pt-BR\",\"potentialAction\":[{\"@type\":\"ReadAction\",\"target\":[\"https:\\\/\\\/folhapopular.info\\\/index.php\\\/2021\\\/09\\\/17\\\/bercarios-de-escolas-de-educacao-infantil-de-lajeado-retornarao-na-proxima-terca-feira\\\/\"]}]},{\"@type\":\"ImageObject\",\"inLanguage\":\"pt-BR\",\"@id\":\"https:\\\/\\\/folhapopular.info\\\/index.php\\\/2021\\\/09\\\/17\\\/bercarios-de-escolas-de-educacao-infantil-de-lajeado-retornarao-na-proxima-terca-feira\\\/#primaryimage\",\"url\":\"https:\\\/\\\/folhapopular.info\\\/wp-content\\\/uploads\\\/2021\\\/09\\\/1-EMEI-Risque-e-Rabisque-scaled-e1631880939932.jpg\",\"contentUrl\":\"https:\\\/\\\/folhapopular.info\\\/wp-content\\\/uploads\\\/2021\\\/09\\\/1-EMEI-Risque-e-Rabisque-scaled-e1631880939932.jpg\",\"width\":800,\"height\":600,\"caption\":\"Cr\u00e9ditos da foto: Divulga\u00e7\u00e3o\"},{\"@type\":\"BreadcrumbList\",\"@id\":\"https:\\\/\\\/folhapopular.info\\\/index.php\\\/2021\\\/09\\\/17\\\/bercarios-de-escolas-de-educacao-infantil-de-lajeado-retornarao-na-proxima-terca-feira\\\/#breadcrumb\",\"itemListElement\":[{\"@type\":\"ListItem\",\"position\":1,\"name\":\"In\u00edcio\",\"item\":\"https:\\\/\\\/folhapopular.info\\\/\"},{\"@type\":\"ListItem\",\"position\":2,\"name\":\"Ber\u00e7\u00e1rios de Escolas de Educa\u00e7\u00e3o Infantil de Lajeado retornar\u00e3o na pr\u00f3xima ter\u00e7a-feira\"}]},{\"@type\":\"WebSite\",\"@id\":\"https:\\\/\\\/folhapopular.info\\\/#website\",\"url\":\"https:\\\/\\\/folhapopular.info\\\/\",\"name\":\"Folha Popular\",\"description\":\"Onde voc\u00ea tem vez e voz\",\"potentialAction\":[{\"@type\":\"SearchAction\",\"target\":{\"@type\":\"EntryPoint\",\"urlTemplate\":\"https:\\\/\\\/folhapopular.info\\\/?s={search_term_string}\"},\"query-input\":{\"@type\":\"PropertyValueSpecification\",\"valueRequired\":true,\"valueName\":\"search_term_string\"}}],\"inLanguage\":\"pt-BR\"},{\"@type\":\"Person\",\"@id\":\"https:\\\/\\\/folhapopular.info\\\/#\\\/schema\\\/person\\\/2814e8a0df7643585a9ca38bc6eb9d4b\",\"name\":\"Reda\u00e7\u00e3o Folha Popular\",\"image\":{\"@type\":\"ImageObject\",\"inLanguage\":\"pt-BR\",\"@id\":\"https:\\\/\\\/folhapopular.info\\\/wp-content\\\/uploads\\\/2026\\\/04\\\/Folha-1.webp\",\"url\":\"https:\\\/\\\/folhapopular.info\\\/wp-content\\\/uploads\\\/2026\\\/04\\\/Folha-1.webp\",\"contentUrl\":\"https:\\\/\\\/folhapopular.info\\\/wp-content\\\/uploads\\\/2026\\\/04\\\/Folha-1.webp\",\"caption\":\"Reda\u00e7\u00e3o Folha Popular\"},\"url\":\"https:\\\/\\\/folhapopular.info\\\/index.php\\\/author\\\/redacao\\\/\"}]}<\/script>\n<!-- \/ Yoast SEO plugin. -->","yoast_head_json":{"title":"Ber\u00e7\u00e1rios de Escolas de Educa\u00e7\u00e3o Infantil de Lajeado retornar\u00e3o na pr\u00f3xima ter\u00e7a-feira - Folha Popular","robots":{"index":"index","follow":"follow","max-snippet":"max-snippet:-1","max-image-preview":"max-image-preview:large","max-video-preview":"max-video-preview:-1"},"canonical":"https:\/\/folhapopular.info\/index.php\/2021\/09\/17\/bercarios-de-escolas-de-educacao-infantil-de-lajeado-retornarao-na-proxima-terca-feira\/","og_locale":"pt_BR","og_type":"article","og_title":"Ber\u00e7\u00e1rios de Escolas de Educa\u00e7\u00e3o Infantil de Lajeado retornar\u00e3o na pr\u00f3xima ter\u00e7a-feira - Folha Popular","og_description":"Na pr\u00f3xima ter\u00e7a-feira (21\/9), ser\u00e1 retomado o atendimento de ber\u00e7\u00e1rios nas Escolas Municipais de Educa\u00e7\u00e3o Infantil (EMEIs) de Lajeado. Essas turmas n\u00e3o estavam sendo atendidas desde o in\u00edcio da pandemia em raz\u00e3o da dificuldade de manter os protocolos obrigat\u00f3rios contra a Covid-19 e da falta de profissionais da educa\u00e7\u00e3o para a retomada. Cerca de 220 [&hellip;]","og_url":"https:\/\/folhapopular.info\/index.php\/2021\/09\/17\/bercarios-de-escolas-de-educacao-infantil-de-lajeado-retornarao-na-proxima-terca-feira\/","og_site_name":"Folha Popular","article_published_time":"2021-09-17T13:05:11+00:00","article_modified_time":"2021-09-17T13:05:17+00:00","og_image":[{"width":800,"height":600,"url":"https:\/\/folhapopular.info\/wp-content\/uploads\/2021\/09\/1-EMEI-Risque-e-Rabisque-scaled-e1631880939932.jpg","type":"image\/jpeg"}],"author":"Reda\u00e7\u00e3o Folha Popular","twitter_card":"summary_large_image","twitter_misc":{"Escrito por":"Reda\u00e7\u00e3o Folha Popular","Est. tempo de leitura":"3 minutos"},"schema":{"@context":"https:\/\/schema.org","@graph":[{"@type":"Article","@id":"https:\/\/folhapopular.info\/index.php\/2021\/09\/17\/bercarios-de-escolas-de-educacao-infantil-de-lajeado-retornarao-na-proxima-terca-feira\/#article","isPartOf":{"@id":"https:\/\/folhapopular.info\/index.php\/2021\/09\/17\/bercarios-de-escolas-de-educacao-infantil-de-lajeado-retornarao-na-proxima-terca-feira\/"},"author":{"name":"Reda\u00e7\u00e3o Folha Popular","@id":"https:\/\/folhapopular.info\/#\/schema\/person\/2814e8a0df7643585a9ca38bc6eb9d4b"},"headline":"Ber\u00e7\u00e1rios de Escolas de Educa\u00e7\u00e3o Infantil de Lajeado retornar\u00e3o na pr\u00f3xima ter\u00e7a-feira","datePublished":"2021-09-17T13:05:11+00:00","dateModified":"2021-09-17T13:05:17+00:00","mainEntityOfPage":{"@id":"https:\/\/folhapopular.info\/index.php\/2021\/09\/17\/bercarios-de-escolas-de-educacao-infantil-de-lajeado-retornarao-na-proxima-terca-feira\/"},"wordCount":522,"commentCount":0,"image":{"@id":"https:\/\/folhapopular.info\/index.php\/2021\/09\/17\/bercarios-de-escolas-de-educacao-infantil-de-lajeado-retornarao-na-proxima-terca-feira\/#primaryimage"},"thumbnailUrl":"https:\/\/folhapopular.info\/wp-content\/uploads\/2021\/09\/1-EMEI-Risque-e-Rabisque-scaled-e1631880939932.jpg","keywords":["Ber\u00e7\u00e1rios","Educa\u00e7\u00e3o Infantil","Lajeado","Volta \u00e0s Aulas"],"articleSection":["Destaques","Geral"],"inLanguage":"pt-BR","potentialAction":[{"@type":"CommentAction","name":"Comment","target":["https:\/\/folhapopular.info\/index.php\/2021\/09\/17\/bercarios-de-escolas-de-educacao-infantil-de-lajeado-retornarao-na-proxima-terca-feira\/#respond"]}]},{"@type":"WebPage","@id":"https:\/\/folhapopular.info\/index.php\/2021\/09\/17\/bercarios-de-escolas-de-educacao-infantil-de-lajeado-retornarao-na-proxima-terca-feira\/","url":"https:\/\/folhapopular.info\/index.php\/2021\/09\/17\/bercarios-de-escolas-de-educacao-infantil-de-lajeado-retornarao-na-proxima-terca-feira\/","name":"Ber\u00e7\u00e1rios de Escolas de Educa\u00e7\u00e3o Infantil de Lajeado retornar\u00e3o na pr\u00f3xima ter\u00e7a-feira - Folha Popular","isPartOf":{"@id":"https:\/\/folhapopular.info\/#website"},"primaryImageOfPage":{"@id":"https:\/\/folhapopular.info\/index.php\/2021\/09\/17\/bercarios-de-escolas-de-educacao-infantil-de-lajeado-retornarao-na-proxima-terca-feira\/#primaryimage"},"image":{"@id":"https:\/\/folhapopular.info\/index.php\/2021\/09\/17\/bercarios-de-escolas-de-educacao-infantil-de-lajeado-retornarao-na-proxima-terca-feira\/#primaryimage"},"thumbnailUrl":"https:\/\/folhapopular.info\/wp-content\/uploads\/2021\/09\/1-EMEI-Risque-e-Rabisque-scaled-e1631880939932.jpg","datePublished":"2021-09-17T13:05:11+00:00","dateModified":"2021-09-17T13:05:17+00:00","author":{"@id":"https:\/\/folhapopular.info\/#\/schema\/person\/2814e8a0df7643585a9ca38bc6eb9d4b"},"breadcrumb":{"@id":"https:\/\/folhapopular.info\/index.php\/2021\/09\/17\/bercarios-de-escolas-de-educacao-infantil-de-lajeado-retornarao-na-proxima-terca-feira\/#breadcrumb"},"inLanguage":"pt-BR","potentialAction":[{"@type":"ReadAction","target":["https:\/\/folhapopular.info\/index.php\/2021\/09\/17\/bercarios-de-escolas-de-educacao-infantil-de-lajeado-retornarao-na-proxima-terca-feira\/"]}]},{"@type":"ImageObject","inLanguage":"pt-BR","@id":"https:\/\/folhapopular.info\/index.php\/2021\/09\/17\/bercarios-de-escolas-de-educacao-infantil-de-lajeado-retornarao-na-proxima-terca-feira\/#primaryimage","url":"https:\/\/folhapopular.info\/wp-content\/uploads\/2021\/09\/1-EMEI-Risque-e-Rabisque-scaled-e1631880939932.jpg","contentUrl":"https:\/\/folhapopular.info\/wp-content\/uploads\/2021\/09\/1-EMEI-Risque-e-Rabisque-scaled-e1631880939932.jpg","width":800,"height":600,"caption":"Cr\u00e9ditos da foto: Divulga\u00e7\u00e3o"},{"@type":"BreadcrumbList","@id":"https:\/\/folhapopular.info\/index.php\/2021\/09\/17\/bercarios-de-escolas-de-educacao-infantil-de-lajeado-retornarao-na-proxima-terca-feira\/#breadcrumb","itemListElement":[{"@type":"ListItem","position":1,"name":"In\u00edcio","item":"https:\/\/folhapopular.info\/"},{"@type":"ListItem","position":2,"name":"Ber\u00e7\u00e1rios de Escolas de Educa\u00e7\u00e3o Infantil de Lajeado retornar\u00e3o na pr\u00f3xima ter\u00e7a-feira"}]},{"@type":"WebSite","@id":"https:\/\/folhapopular.info\/#website","url":"https:\/\/folhapopular.info\/","name":"Folha Popular","description":"Onde voc\u00ea tem vez e voz","potentialAction":[{"@type":"SearchAction","target":{"@type":"EntryPoint","urlTemplate":"https:\/\/folhapopular.info\/?s={search_term_string}"},"query-input":{"@type":"PropertyValueSpecification","valueRequired":true,"valueName":"search_term_string"}}],"inLanguage":"pt-BR"},{"@type":"Person","@id":"https:\/\/folhapopular.info\/#\/schema\/person\/2814e8a0df7643585a9ca38bc6eb9d4b","name":"Reda\u00e7\u00e3o Folha Popular","image":{"@type":"ImageObject","inLanguage":"pt-BR","@id":"https:\/\/folhapopular.info\/wp-content\/uploads\/2026\/04\/Folha-1.webp","url":"https:\/\/folhapopular.info\/wp-content\/uploads\/2026\/04\/Folha-1.webp","contentUrl":"https:\/\/folhapopular.info\/wp-content\/uploads\/2026\/04\/Folha-1.webp","caption":"Reda\u00e7\u00e3o Folha Popular"},"url":"https:\/\/folhapopular.info\/index.php\/author\/redacao\/"}]}},"jetpack_featured_media_url":"https:\/\/folhapopular.info\/wp-content\/uploads\/2021\/09\/1-EMEI-Risque-e-Rabisque-scaled-e1631880939932.jpg","jetpack_sharing_enabled":true,"amp_enabled":true,"_links":{"self":[{"href":"https:\/\/folhapopular.info\/index.php\/wp-json\/wp\/v2\/posts\/89615","targetHints":{"allow":["GET"]}}],"collection":[{"href":"https:\/\/folhapopular.info\/index.php\/wp-json\/wp\/v2\/posts"}],"about":[{"href":"https:\/\/folhapopular.info\/index.php\/wp-json\/wp\/v2\/types\/post"}],"author":[{"embeddable":true,"href":"https:\/\/folhapopular.info\/index.php\/wp-json\/wp\/v2\/users\/8"}],"replies":[{"embeddable":true,"href":"https:\/\/folhapopular.info\/index.php\/wp-json\/wp\/v2\/comments?post=89615"}],"version-history":[{"count":0,"href":"https:\/\/folhapopular.info\/index.php\/wp-json\/wp\/v2\/posts\/89615\/revisions"}],"wp:featuredmedia":[{"embeddable":true,"href":"https:\/\/folhapopular.info\/index.php\/wp-json\/wp\/v2\/media\/89617"}],"wp:attachment":[{"href":"https:\/\/folhapopular.info\/index.php\/wp-json\/wp\/v2\/media?parent=89615"}],"wp:term":[{"taxonomy":"category","embeddable":true,"href":"https:\/\/folhapopular.info\/index.php\/wp-json\/wp\/v2\/categories?post=89615"},{"taxonomy":"post_tag","embeddable":true,"href":"https:\/\/folhapopular.info\/index.php\/wp-json\/wp\/v2\/tags?post=89615"}],"curies":[{"name":"wp","href":"https:\/\/api.w.org\/{rel}","templated":true}]}}