{"id":89677,"date":"2021-09-18T10:06:26","date_gmt":"2021-09-18T13:06:26","guid":{"rendered":"https:\/\/folhapopular.info\/?p=89677"},"modified":"2021-09-18T10:06:29","modified_gmt":"2021-09-18T13:06:29","slug":"inaugurada-a-ampliacao-da-cemef-de-teutonia","status":"publish","type":"post","link":"https:\/\/folhapopular.info\/index.php\/2021\/09\/18\/inaugurada-a-ampliacao-da-cemef-de-teutonia\/","title":{"rendered":"Inaugurada a amplia\u00e7\u00e3o da CEMEF de Teut\u00f4nia"},"content":{"rendered":"\n<p>Na tarde desta sexta-feira (17\/9), aconteceu a inaugura\u00e7\u00e3o dos espa\u00e7os ampliados do Centro Municipal de Ensino Fundamental (CEMEF) Leonel de Moura Brizola. A solenidade restrita contou com a presen\u00e7a de autoridades municipais, gestores e funcion\u00e1rios da escola e imprensa.<\/p>\n\n\n\n<p>As obras ampliaram a cozinha, o refeit\u00f3rio, o dep\u00f3sito de alimento e a lavanderia, resultando em uma \u00e1rea total de 261,29m\u00b2. Conforme a secret\u00e1ria de Educa\u00e7\u00e3o Fabiana Lampert, o aumento era um desejo antigo, que a atual gest\u00e3o conseguiu concretizar. \u201cCremos em uma educa\u00e7\u00e3o de qualidade, que promova e respeite a vida. Pensamos em um CEMEF com esse cunho. A obra foi executada com o objetivo de qualificar a estrutura e melhor atender a demanda dos alunos\u201d, explica.<\/p>\n\n\n\n<p>De acordo com Fabiana, o munic\u00edpio atende cerca de 300 crian\u00e7as no turno inverso ao escolar. As aulas retornar\u00e3o no dia 21 de setembro. A nutricionista Lisangela Bagatini destaca que, devido \u00e0 demanda de alunos, os espa\u00e7os n\u00e3o comportavam mais um atendimento dentro do previsto em lei. \u201cAl\u00e9m de seguirmos a legisla\u00e7\u00e3o, ficar\u00e1 mais aconchegante e seguro para os alunos. O refeit\u00f3rio dividido em dois ambientes \u00e9 \u00f3timo; conseguiremos separar por faixa et\u00e1ria e tamb\u00e9m por quest\u00f5es sanit\u00e1rias\u201d, afirma.<\/p>\n\n\n\n<p>O prefeito Celso Alo\u00edsio Forneck revela que um dos seus sonhos \u00e9 oportunizar turno inverso para todas as crian\u00e7as. \u201cS\u00e3o o nosso futuro. Se tivermos crian\u00e7as bem educadas, teremos um pa\u00eds mais humanizado e mais rico, onde seja poss\u00edvel investir ainda mais em educa\u00e7\u00e3o. Somos o pa\u00eds que mais perde jovens para a Europa e Estados Unidos. Vamos criar condi\u00e7\u00f5es para que fiquem aqui, para que trabalhem aqui e desenvolvam coisas para o Brasil. Vamos valorizar o que \u00e9 nosso. Um passo por vez\u201d, conclui.<\/p>\n","protected":false},"excerpt":{"rendered":"<p>Na tarde desta sexta-feira (17\/9), aconteceu a inaugura\u00e7\u00e3o dos espa\u00e7os ampliados do Centro Municipal de Ensino Fundamental (CEMEF) Leonel de Moura Brizola. A solenidade restrita contou com a presen\u00e7a de autoridades municipais, gestores e funcion\u00e1rios da escola e imprensa. As obras ampliaram a cozinha, o refeit\u00f3rio, o dep\u00f3sito de alimento e a lavanderia, resultando em [&hellip;]<\/p>\n","protected":false},"author":8,"featured_media":89678,"comment_status":"open","ping_status":"open","sticky":false,"template":"","format":"standard","meta":{"pmpro_default_level":"","_jetpack_memberships_contains_paid_content":false,"footnotes":""},"categories":[2,3],"tags":[3347,3509,545,26],"class_list":{"0":"post-89677","1":"post","2":"type-post","3":"status-publish","4":"format-standard","5":"has-post-thumbnail","7":"category-featured","8":"category-geral","9":"tag-ampliacao","10":"tag-cemef","11":"tag-inauguracao","12":"tag-teutonia","13":"pmpro-has-access"},"yoast_head":"<!-- This site is optimized with the Yoast SEO plugin v27.5 - https:\/\/yoast.com\/product\/yoast-seo-wordpress\/ -->\n<title>Inaugurada a amplia\u00e7\u00e3o da CEMEF de Teut\u00f4nia - Folha Popular<\/title>\n<meta name=\"robots\" content=\"index, follow, max-snippet:-1, max-image-preview:large, max-video-preview:-1\" \/>\n<link rel=\"canonical\" href=\"https:\/\/folhapopular.info\/index.php\/2021\/09\/18\/inaugurada-a-ampliacao-da-cemef-de-teutonia\/\" \/>\n<meta property=\"og:locale\" content=\"pt_BR\" \/>\n<meta property=\"og:type\" content=\"article\" \/>\n<meta property=\"og:title\" content=\"Inaugurada a amplia\u00e7\u00e3o da CEMEF de Teut\u00f4nia - Folha Popular\" \/>\n<meta property=\"og:description\" content=\"Na tarde desta sexta-feira (17\/9), aconteceu a inaugura\u00e7\u00e3o dos espa\u00e7os ampliados do Centro Municipal de Ensino Fundamental (CEMEF) Leonel de Moura Brizola. A solenidade restrita contou com a presen\u00e7a de autoridades municipais, gestores e funcion\u00e1rios da escola e imprensa. As obras ampliaram a cozinha, o refeit\u00f3rio, o dep\u00f3sito de alimento e a lavanderia, resultando em [&hellip;]\" \/>\n<meta property=\"og:url\" content=\"https:\/\/folhapopular.info\/index.php\/2021\/09\/18\/inaugurada-a-ampliacao-da-cemef-de-teutonia\/\" \/>\n<meta property=\"og:site_name\" content=\"Folha Popular\" \/>\n<meta property=\"article:published_time\" content=\"2021-09-18T13:06:26+00:00\" \/>\n<meta property=\"article:modified_time\" content=\"2021-09-18T13:06:29+00:00\" \/>\n<meta property=\"og:image\" content=\"https:\/\/folhapopular.info\/wp-content\/uploads\/2021\/09\/1-3-scaled-e1631970259418.jpg\" \/>\n\t<meta property=\"og:image:width\" content=\"800\" \/>\n\t<meta property=\"og:image:height\" content=\"360\" \/>\n\t<meta property=\"og:image:type\" content=\"image\/jpeg\" \/>\n<meta name=\"author\" content=\"Reda\u00e7\u00e3o Folha Popular\" \/>\n<meta name=\"twitter:card\" content=\"summary_large_image\" \/>\n<meta name=\"twitter:label1\" content=\"Escrito por\" \/>\n\t<meta name=\"twitter:data1\" content=\"Reda\u00e7\u00e3o Folha Popular\" \/>\n\t<meta name=\"twitter:label2\" content=\"Est. tempo de leitura\" \/>\n\t<meta name=\"twitter:data2\" content=\"2 minutos\" \/>\n<script type=\"application\/ld+json\" class=\"yoast-schema-graph\">{\"@context\":\"https:\\\/\\\/schema.org\",\"@graph\":[{\"@type\":\"Article\",\"@id\":\"https:\\\/\\\/folhapopular.info\\\/index.php\\\/2021\\\/09\\\/18\\\/inaugurada-a-ampliacao-da-cemef-de-teutonia\\\/#article\",\"isPartOf\":{\"@id\":\"https:\\\/\\\/folhapopular.info\\\/index.php\\\/2021\\\/09\\\/18\\\/inaugurada-a-ampliacao-da-cemef-de-teutonia\\\/\"},\"author\":{\"name\":\"Reda\u00e7\u00e3o Folha Popular\",\"@id\":\"https:\\\/\\\/folhapopular.info\\\/#\\\/schema\\\/person\\\/2814e8a0df7643585a9ca38bc6eb9d4b\"},\"headline\":\"Inaugurada a amplia\u00e7\u00e3o da CEMEF de Teut\u00f4nia\",\"datePublished\":\"2021-09-18T13:06:26+00:00\",\"dateModified\":\"2021-09-18T13:06:29+00:00\",\"mainEntityOfPage\":{\"@id\":\"https:\\\/\\\/folhapopular.info\\\/index.php\\\/2021\\\/09\\\/18\\\/inaugurada-a-ampliacao-da-cemef-de-teutonia\\\/\"},\"wordCount\":314,\"commentCount\":0,\"image\":{\"@id\":\"https:\\\/\\\/folhapopular.info\\\/index.php\\\/2021\\\/09\\\/18\\\/inaugurada-a-ampliacao-da-cemef-de-teutonia\\\/#primaryimage\"},\"thumbnailUrl\":\"https:\\\/\\\/folhapopular.info\\\/wp-content\\\/uploads\\\/2021\\\/09\\\/1-3-scaled-e1631970259418.jpg\",\"keywords\":[\"Amplia\u00e7\u00e3o\",\"CEMEF\",\"Inaugura\u00e7\u00e3o\",\"Teut\u00f4nia\"],\"articleSection\":[\"Destaques\",\"Geral\"],\"inLanguage\":\"pt-BR\",\"potentialAction\":[{\"@type\":\"CommentAction\",\"name\":\"Comment\",\"target\":[\"https:\\\/\\\/folhapopular.info\\\/index.php\\\/2021\\\/09\\\/18\\\/inaugurada-a-ampliacao-da-cemef-de-teutonia\\\/#respond\"]}]},{\"@type\":\"WebPage\",\"@id\":\"https:\\\/\\\/folhapopular.info\\\/index.php\\\/2021\\\/09\\\/18\\\/inaugurada-a-ampliacao-da-cemef-de-teutonia\\\/\",\"url\":\"https:\\\/\\\/folhapopular.info\\\/index.php\\\/2021\\\/09\\\/18\\\/inaugurada-a-ampliacao-da-cemef-de-teutonia\\\/\",\"name\":\"Inaugurada a amplia\u00e7\u00e3o da CEMEF de Teut\u00f4nia - Folha Popular\",\"isPartOf\":{\"@id\":\"https:\\\/\\\/folhapopular.info\\\/#website\"},\"primaryImageOfPage\":{\"@id\":\"https:\\\/\\\/folhapopular.info\\\/index.php\\\/2021\\\/09\\\/18\\\/inaugurada-a-ampliacao-da-cemef-de-teutonia\\\/#primaryimage\"},\"image\":{\"@id\":\"https:\\\/\\\/folhapopular.info\\\/index.php\\\/2021\\\/09\\\/18\\\/inaugurada-a-ampliacao-da-cemef-de-teutonia\\\/#primaryimage\"},\"thumbnailUrl\":\"https:\\\/\\\/folhapopular.info\\\/wp-content\\\/uploads\\\/2021\\\/09\\\/1-3-scaled-e1631970259418.jpg\",\"datePublished\":\"2021-09-18T13:06:26+00:00\",\"dateModified\":\"2021-09-18T13:06:29+00:00\",\"author\":{\"@id\":\"https:\\\/\\\/folhapopular.info\\\/#\\\/schema\\\/person\\\/2814e8a0df7643585a9ca38bc6eb9d4b\"},\"breadcrumb\":{\"@id\":\"https:\\\/\\\/folhapopular.info\\\/index.php\\\/2021\\\/09\\\/18\\\/inaugurada-a-ampliacao-da-cemef-de-teutonia\\\/#breadcrumb\"},\"inLanguage\":\"pt-BR\",\"potentialAction\":[{\"@type\":\"ReadAction\",\"target\":[\"https:\\\/\\\/folhapopular.info\\\/index.php\\\/2021\\\/09\\\/18\\\/inaugurada-a-ampliacao-da-cemef-de-teutonia\\\/\"]}]},{\"@type\":\"ImageObject\",\"inLanguage\":\"pt-BR\",\"@id\":\"https:\\\/\\\/folhapopular.info\\\/index.php\\\/2021\\\/09\\\/18\\\/inaugurada-a-ampliacao-da-cemef-de-teutonia\\\/#primaryimage\",\"url\":\"https:\\\/\\\/folhapopular.info\\\/wp-content\\\/uploads\\\/2021\\\/09\\\/1-3-scaled-e1631970259418.jpg\",\"contentUrl\":\"https:\\\/\\\/folhapopular.info\\\/wp-content\\\/uploads\\\/2021\\\/09\\\/1-3-scaled-e1631970259418.jpg\",\"width\":800,\"height\":360,\"caption\":\"Cr\u00e9ditos da foto: Grasieli Nabinger\"},{\"@type\":\"BreadcrumbList\",\"@id\":\"https:\\\/\\\/folhapopular.info\\\/index.php\\\/2021\\\/09\\\/18\\\/inaugurada-a-ampliacao-da-cemef-de-teutonia\\\/#breadcrumb\",\"itemListElement\":[{\"@type\":\"ListItem\",\"position\":1,\"name\":\"In\u00edcio\",\"item\":\"https:\\\/\\\/folhapopular.info\\\/\"},{\"@type\":\"ListItem\",\"position\":2,\"name\":\"Inaugurada a amplia\u00e7\u00e3o da CEMEF de Teut\u00f4nia\"}]},{\"@type\":\"WebSite\",\"@id\":\"https:\\\/\\\/folhapopular.info\\\/#website\",\"url\":\"https:\\\/\\\/folhapopular.info\\\/\",\"name\":\"Folha Popular\",\"description\":\"Onde voc\u00ea tem vez e voz\",\"potentialAction\":[{\"@type\":\"SearchAction\",\"target\":{\"@type\":\"EntryPoint\",\"urlTemplate\":\"https:\\\/\\\/folhapopular.info\\\/?s={search_term_string}\"},\"query-input\":{\"@type\":\"PropertyValueSpecification\",\"valueRequired\":true,\"valueName\":\"search_term_string\"}}],\"inLanguage\":\"pt-BR\"},{\"@type\":\"Person\",\"@id\":\"https:\\\/\\\/folhapopular.info\\\/#\\\/schema\\\/person\\\/2814e8a0df7643585a9ca38bc6eb9d4b\",\"name\":\"Reda\u00e7\u00e3o Folha Popular\",\"image\":{\"@type\":\"ImageObject\",\"inLanguage\":\"pt-BR\",\"@id\":\"https:\\\/\\\/folhapopular.info\\\/wp-content\\\/uploads\\\/2026\\\/04\\\/Folha-1.webp\",\"url\":\"https:\\\/\\\/folhapopular.info\\\/wp-content\\\/uploads\\\/2026\\\/04\\\/Folha-1.webp\",\"contentUrl\":\"https:\\\/\\\/folhapopular.info\\\/wp-content\\\/uploads\\\/2026\\\/04\\\/Folha-1.webp\",\"caption\":\"Reda\u00e7\u00e3o Folha Popular\"},\"url\":\"https:\\\/\\\/folhapopular.info\\\/index.php\\\/author\\\/redacao\\\/\"}]}<\/script>\n<!-- \/ Yoast SEO plugin. -->","yoast_head_json":{"title":"Inaugurada a amplia\u00e7\u00e3o da CEMEF de Teut\u00f4nia - Folha Popular","robots":{"index":"index","follow":"follow","max-snippet":"max-snippet:-1","max-image-preview":"max-image-preview:large","max-video-preview":"max-video-preview:-1"},"canonical":"https:\/\/folhapopular.info\/index.php\/2021\/09\/18\/inaugurada-a-ampliacao-da-cemef-de-teutonia\/","og_locale":"pt_BR","og_type":"article","og_title":"Inaugurada a amplia\u00e7\u00e3o da CEMEF de Teut\u00f4nia - Folha Popular","og_description":"Na tarde desta sexta-feira (17\/9), aconteceu a inaugura\u00e7\u00e3o dos espa\u00e7os ampliados do Centro Municipal de Ensino Fundamental (CEMEF) Leonel de Moura Brizola. A solenidade restrita contou com a presen\u00e7a de autoridades municipais, gestores e funcion\u00e1rios da escola e imprensa. As obras ampliaram a cozinha, o refeit\u00f3rio, o dep\u00f3sito de alimento e a lavanderia, resultando em [&hellip;]","og_url":"https:\/\/folhapopular.info\/index.php\/2021\/09\/18\/inaugurada-a-ampliacao-da-cemef-de-teutonia\/","og_site_name":"Folha Popular","article_published_time":"2021-09-18T13:06:26+00:00","article_modified_time":"2021-09-18T13:06:29+00:00","og_image":[{"width":800,"height":360,"url":"https:\/\/folhapopular.info\/wp-content\/uploads\/2021\/09\/1-3-scaled-e1631970259418.jpg","type":"image\/jpeg"}],"author":"Reda\u00e7\u00e3o Folha Popular","twitter_card":"summary_large_image","twitter_misc":{"Escrito por":"Reda\u00e7\u00e3o Folha Popular","Est. tempo de leitura":"2 minutos"},"schema":{"@context":"https:\/\/schema.org","@graph":[{"@type":"Article","@id":"https:\/\/folhapopular.info\/index.php\/2021\/09\/18\/inaugurada-a-ampliacao-da-cemef-de-teutonia\/#article","isPartOf":{"@id":"https:\/\/folhapopular.info\/index.php\/2021\/09\/18\/inaugurada-a-ampliacao-da-cemef-de-teutonia\/"},"author":{"name":"Reda\u00e7\u00e3o Folha Popular","@id":"https:\/\/folhapopular.info\/#\/schema\/person\/2814e8a0df7643585a9ca38bc6eb9d4b"},"headline":"Inaugurada a amplia\u00e7\u00e3o da CEMEF de Teut\u00f4nia","datePublished":"2021-09-18T13:06:26+00:00","dateModified":"2021-09-18T13:06:29+00:00","mainEntityOfPage":{"@id":"https:\/\/folhapopular.info\/index.php\/2021\/09\/18\/inaugurada-a-ampliacao-da-cemef-de-teutonia\/"},"wordCount":314,"commentCount":0,"image":{"@id":"https:\/\/folhapopular.info\/index.php\/2021\/09\/18\/inaugurada-a-ampliacao-da-cemef-de-teutonia\/#primaryimage"},"thumbnailUrl":"https:\/\/folhapopular.info\/wp-content\/uploads\/2021\/09\/1-3-scaled-e1631970259418.jpg","keywords":["Amplia\u00e7\u00e3o","CEMEF","Inaugura\u00e7\u00e3o","Teut\u00f4nia"],"articleSection":["Destaques","Geral"],"inLanguage":"pt-BR","potentialAction":[{"@type":"CommentAction","name":"Comment","target":["https:\/\/folhapopular.info\/index.php\/2021\/09\/18\/inaugurada-a-ampliacao-da-cemef-de-teutonia\/#respond"]}]},{"@type":"WebPage","@id":"https:\/\/folhapopular.info\/index.php\/2021\/09\/18\/inaugurada-a-ampliacao-da-cemef-de-teutonia\/","url":"https:\/\/folhapopular.info\/index.php\/2021\/09\/18\/inaugurada-a-ampliacao-da-cemef-de-teutonia\/","name":"Inaugurada a amplia\u00e7\u00e3o da CEMEF de Teut\u00f4nia - Folha Popular","isPartOf":{"@id":"https:\/\/folhapopular.info\/#website"},"primaryImageOfPage":{"@id":"https:\/\/folhapopular.info\/index.php\/2021\/09\/18\/inaugurada-a-ampliacao-da-cemef-de-teutonia\/#primaryimage"},"image":{"@id":"https:\/\/folhapopular.info\/index.php\/2021\/09\/18\/inaugurada-a-ampliacao-da-cemef-de-teutonia\/#primaryimage"},"thumbnailUrl":"https:\/\/folhapopular.info\/wp-content\/uploads\/2021\/09\/1-3-scaled-e1631970259418.jpg","datePublished":"2021-09-18T13:06:26+00:00","dateModified":"2021-09-18T13:06:29+00:00","author":{"@id":"https:\/\/folhapopular.info\/#\/schema\/person\/2814e8a0df7643585a9ca38bc6eb9d4b"},"breadcrumb":{"@id":"https:\/\/folhapopular.info\/index.php\/2021\/09\/18\/inaugurada-a-ampliacao-da-cemef-de-teutonia\/#breadcrumb"},"inLanguage":"pt-BR","potentialAction":[{"@type":"ReadAction","target":["https:\/\/folhapopular.info\/index.php\/2021\/09\/18\/inaugurada-a-ampliacao-da-cemef-de-teutonia\/"]}]},{"@type":"ImageObject","inLanguage":"pt-BR","@id":"https:\/\/folhapopular.info\/index.php\/2021\/09\/18\/inaugurada-a-ampliacao-da-cemef-de-teutonia\/#primaryimage","url":"https:\/\/folhapopular.info\/wp-content\/uploads\/2021\/09\/1-3-scaled-e1631970259418.jpg","contentUrl":"https:\/\/folhapopular.info\/wp-content\/uploads\/2021\/09\/1-3-scaled-e1631970259418.jpg","width":800,"height":360,"caption":"Cr\u00e9ditos da foto: Grasieli Nabinger"},{"@type":"BreadcrumbList","@id":"https:\/\/folhapopular.info\/index.php\/2021\/09\/18\/inaugurada-a-ampliacao-da-cemef-de-teutonia\/#breadcrumb","itemListElement":[{"@type":"ListItem","position":1,"name":"In\u00edcio","item":"https:\/\/folhapopular.info\/"},{"@type":"ListItem","position":2,"name":"Inaugurada a amplia\u00e7\u00e3o da CEMEF de Teut\u00f4nia"}]},{"@type":"WebSite","@id":"https:\/\/folhapopular.info\/#website","url":"https:\/\/folhapopular.info\/","name":"Folha Popular","description":"Onde voc\u00ea tem vez e voz","potentialAction":[{"@type":"SearchAction","target":{"@type":"EntryPoint","urlTemplate":"https:\/\/folhapopular.info\/?s={search_term_string}"},"query-input":{"@type":"PropertyValueSpecification","valueRequired":true,"valueName":"search_term_string"}}],"inLanguage":"pt-BR"},{"@type":"Person","@id":"https:\/\/folhapopular.info\/#\/schema\/person\/2814e8a0df7643585a9ca38bc6eb9d4b","name":"Reda\u00e7\u00e3o Folha Popular","image":{"@type":"ImageObject","inLanguage":"pt-BR","@id":"https:\/\/folhapopular.info\/wp-content\/uploads\/2026\/04\/Folha-1.webp","url":"https:\/\/folhapopular.info\/wp-content\/uploads\/2026\/04\/Folha-1.webp","contentUrl":"https:\/\/folhapopular.info\/wp-content\/uploads\/2026\/04\/Folha-1.webp","caption":"Reda\u00e7\u00e3o Folha Popular"},"url":"https:\/\/folhapopular.info\/index.php\/author\/redacao\/"}]}},"jetpack_featured_media_url":"https:\/\/folhapopular.info\/wp-content\/uploads\/2021\/09\/1-3-scaled-e1631970259418.jpg","jetpack_sharing_enabled":true,"amp_enabled":true,"_links":{"self":[{"href":"https:\/\/folhapopular.info\/index.php\/wp-json\/wp\/v2\/posts\/89677","targetHints":{"allow":["GET"]}}],"collection":[{"href":"https:\/\/folhapopular.info\/index.php\/wp-json\/wp\/v2\/posts"}],"about":[{"href":"https:\/\/folhapopular.info\/index.php\/wp-json\/wp\/v2\/types\/post"}],"author":[{"embeddable":true,"href":"https:\/\/folhapopular.info\/index.php\/wp-json\/wp\/v2\/users\/8"}],"replies":[{"embeddable":true,"href":"https:\/\/folhapopular.info\/index.php\/wp-json\/wp\/v2\/comments?post=89677"}],"version-history":[{"count":0,"href":"https:\/\/folhapopular.info\/index.php\/wp-json\/wp\/v2\/posts\/89677\/revisions"}],"wp:featuredmedia":[{"embeddable":true,"href":"https:\/\/folhapopular.info\/index.php\/wp-json\/wp\/v2\/media\/89678"}],"wp:attachment":[{"href":"https:\/\/folhapopular.info\/index.php\/wp-json\/wp\/v2\/media?parent=89677"}],"wp:term":[{"taxonomy":"category","embeddable":true,"href":"https:\/\/folhapopular.info\/index.php\/wp-json\/wp\/v2\/categories?post=89677"},{"taxonomy":"post_tag","embeddable":true,"href":"https:\/\/folhapopular.info\/index.php\/wp-json\/wp\/v2\/tags?post=89677"}],"curies":[{"name":"wp","href":"https:\/\/api.w.org\/{rel}","templated":true}]}}