{"id":89972,"date":"2021-09-24T14:10:42","date_gmt":"2021-09-24T17:10:42","guid":{"rendered":"https:\/\/folhapopular.info\/?p=89972"},"modified":"2021-09-24T14:11:09","modified_gmt":"2021-09-24T17:11:09","slug":"policia-federal-prende-quatro-pessoas-por-venda-de-araras-e-papagaios","status":"publish","type":"post","link":"https:\/\/folhapopular.info\/index.php\/2021\/09\/24\/policia-federal-prende-quatro-pessoas-por-venda-de-araras-e-papagaios\/","title":{"rendered":"Pol\u00edcia Federal prende quatro pessoas por venda de araras e papagaios"},"content":{"rendered":"\n<p>A Pol\u00edcia Federal flagrou, nesta quinta-feira (23\/9), a transa\u00e7\u00e3o de sete aves das esp\u00e9cies Arara Azul, Arara Canind\u00e9 e Papagaio, em frente um hotel em Passo Fundo, na regi\u00e3o norte do Rio Grande do Sul.<\/p>\n\n\n\n<p>A a\u00e7\u00e3o teve in\u00edcio com o recebimento de informa\u00e7\u00f5es pela Pol\u00edcia Federal em Porto Alegre, que acionou a delegacia de Passo Fundo para dilig\u00eancias. Os policiais monitoraram e abordaram um ve\u00edculo estacionado em frente ao hotel onde ocorreria a transa\u00e7\u00e3o.<\/p>\n\n\n\n<p>Os animais estavam acondicionados em caixas, no porta-malas e no banco traseiro de um autom\u00f3vel. Quatro pessoas que aparentemente negociavam as aves foram conduzidas \u00e0 Pol\u00edcia Federal ap\u00f3s apresentarem suposta documenta\u00e7\u00e3o de regularidade dos animais.<\/p>\n\n\n\n<p>Na unidade da Pol\u00edcia Federal, a documenta\u00e7\u00e3o apresentada foi checada junto ao IBAMA, que constatou a irregularidade nos documentos. Isso resultou na pris\u00e3o em flagrante dos quatro indiv\u00edduos envolvidos na transa\u00e7\u00e3o dos animais silvestres da Fauna Nativa Brasileira.<\/p>\n\n\n\n<p>Os presos &#8211; tr\u00eas homens e uma mulher &#8211; foram indiciados por crimes contra a fauna (art. 29, \u00a71\u00ba, inciso III, da Lei n\u00ba 9.605\/98) e falsifica\u00e7\u00e3o do selo ou sinal p\u00fablico (art. 296, \u00a71\u00ba, inciso I, do C\u00f3digo Penal). Os animais foram encaminhados ao IBAMA em Porto Alegre.<\/p>\n\n\n\n<figure class=\"wp-block-gallery columns-2 is-cropped wp-block-gallery-1 is-layout-flex wp-block-gallery-is-layout-flex\"><ul class=\"blocks-gallery-grid\"><li class=\"blocks-gallery-item\"><figure><img loading=\"lazy\" decoding=\"async\" width=\"1024\" height=\"576\" src=\"https:\/\/folhapopular.info\/wp-content\/uploads\/2021\/09\/WhatsApp-Image-2021-09-23-at-18.57.10-1024x576.jpeg\" alt=\"\" data-id=\"89976\" data-full-url=\"https:\/\/folhapopular.info\/wp-content\/uploads\/2021\/09\/WhatsApp-Image-2021-09-23-at-18.57.10.jpeg\" data-link=\"https:\/\/folhapopular.info\/index.php\/2021\/09\/24\/policia-federal-prende-quatro-pessoas-por-venda-de-araras-e-papagaios\/whatsapp-image-2021-09-23-at-18-57-10\/\" class=\"wp-image-89976\" srcset=\"https:\/\/folhapopular.info\/wp-content\/uploads\/2021\/09\/WhatsApp-Image-2021-09-23-at-18.57.10-1024x576.jpeg 1024w, https:\/\/folhapopular.info\/wp-content\/uploads\/2021\/09\/WhatsApp-Image-2021-09-23-at-18.57.10-300x169.jpeg 300w, https:\/\/folhapopular.info\/wp-content\/uploads\/2021\/09\/WhatsApp-Image-2021-09-23-at-18.57.10-768x432.jpeg 768w, https:\/\/folhapopular.info\/wp-content\/uploads\/2021\/09\/WhatsApp-Image-2021-09-23-at-18.57.10-696x392.jpeg 696w, https:\/\/folhapopular.info\/wp-content\/uploads\/2021\/09\/WhatsApp-Image-2021-09-23-at-18.57.10-1068x601.jpeg 1068w, https:\/\/folhapopular.info\/wp-content\/uploads\/2021\/09\/WhatsApp-Image-2021-09-23-at-18.57.10.jpeg 1280w\" sizes=\"auto, (max-width: 1024px) 100vw, 1024px\" \/><figcaption class=\"blocks-gallery-item__caption\">Sinais identificadores foram adulterados \/\/ Cr\u00e9dito: Divulga\u00e7\u00e3o PF<\/figcaption><\/figure><\/li><li class=\"blocks-gallery-item\"><figure><img loading=\"lazy\" decoding=\"async\" width=\"768\" height=\"1024\" src=\"https:\/\/folhapopular.info\/wp-content\/uploads\/2021\/09\/WhatsApp-Image-2021-09-23-at-18.57.10-2-768x1024.jpeg\" alt=\"\" data-id=\"89974\" data-full-url=\"https:\/\/folhapopular.info\/wp-content\/uploads\/2021\/09\/WhatsApp-Image-2021-09-23-at-18.57.10-2.jpeg\" data-link=\"https:\/\/folhapopular.info\/index.php\/2021\/09\/24\/policia-federal-prende-quatro-pessoas-por-venda-de-araras-e-papagaios\/whatsapp-image-2021-09-23-at-18-57-10-2\/\" class=\"wp-image-89974\" srcset=\"https:\/\/folhapopular.info\/wp-content\/uploads\/2021\/09\/WhatsApp-Image-2021-09-23-at-18.57.10-2-768x1024.jpeg 768w, https:\/\/folhapopular.info\/wp-content\/uploads\/2021\/09\/WhatsApp-Image-2021-09-23-at-18.57.10-2-225x300.jpeg 225w, https:\/\/folhapopular.info\/wp-content\/uploads\/2021\/09\/WhatsApp-Image-2021-09-23-at-18.57.10-2-696x928.jpeg 696w, https:\/\/folhapopular.info\/wp-content\/uploads\/2021\/09\/WhatsApp-Image-2021-09-23-at-18.57.10-2.jpeg 960w\" sizes=\"auto, (max-width: 768px) 100vw, 768px\" \/><figcaption class=\"blocks-gallery-item__caption\">Araras e papagaios seriam vendidos e Pol\u00edcia Federal flagrou a\u00e7\u00e3o diante de hotel de Passo Fundo \/\/ Cr\u00e9dito: Divulga\u00e7\u00e3o PF<\/figcaption><\/figure><\/li><\/ul><\/figure>\n","protected":false},"excerpt":{"rendered":"<p>A Pol\u00edcia Federal flagrou, nesta quinta-feira (23\/9), a transa\u00e7\u00e3o de sete aves das esp\u00e9cies Arara Azul, Arara Canind\u00e9 e Papagaio, em frente um hotel em Passo Fundo, na regi\u00e3o norte do Rio Grande do Sul. A a\u00e7\u00e3o teve in\u00edcio com o recebimento de informa\u00e7\u00f5es pela Pol\u00edcia Federal em Porto Alegre, que acionou a delegacia de [&hellip;]<\/p>\n","protected":false},"author":8,"featured_media":89975,"comment_status":"open","ping_status":"open","sticky":false,"template":"","format":"standard","meta":{"pmpro_default_level":"","_jetpack_memberships_contains_paid_content":false,"footnotes":""},"categories":[7],"tags":[1794],"class_list":{"0":"post-89972","1":"post","2":"type-post","3":"status-publish","4":"format-standard","5":"has-post-thumbnail","7":"category-seguranca","8":"tag-rio-grande-do-sul","9":"pmpro-has-access"},"yoast_head":"<!-- This site is optimized with the Yoast SEO plugin v27.5 - https:\/\/yoast.com\/product\/yoast-seo-wordpress\/ -->\n<title>Pol\u00edcia Federal prende quatro pessoas por venda de araras e papagaios - Folha Popular<\/title>\n<meta name=\"robots\" content=\"index, follow, max-snippet:-1, max-image-preview:large, max-video-preview:-1\" \/>\n<link rel=\"canonical\" href=\"https:\/\/folhapopular.info\/index.php\/2021\/09\/24\/policia-federal-prende-quatro-pessoas-por-venda-de-araras-e-papagaios\/\" \/>\n<meta property=\"og:locale\" content=\"pt_BR\" \/>\n<meta property=\"og:type\" content=\"article\" \/>\n<meta property=\"og:title\" content=\"Pol\u00edcia Federal prende quatro pessoas por venda de araras e papagaios - Folha Popular\" \/>\n<meta property=\"og:description\" content=\"A Pol\u00edcia Federal flagrou, nesta quinta-feira (23\/9), a transa\u00e7\u00e3o de sete aves das esp\u00e9cies Arara Azul, Arara Canind\u00e9 e Papagaio, em frente um hotel em Passo Fundo, na regi\u00e3o norte do Rio Grande do Sul. A a\u00e7\u00e3o teve in\u00edcio com o recebimento de informa\u00e7\u00f5es pela Pol\u00edcia Federal em Porto Alegre, que acionou a delegacia de [&hellip;]\" \/>\n<meta property=\"og:url\" content=\"https:\/\/folhapopular.info\/index.php\/2021\/09\/24\/policia-federal-prende-quatro-pessoas-por-venda-de-araras-e-papagaios\/\" \/>\n<meta property=\"og:site_name\" content=\"Folha Popular\" \/>\n<meta property=\"article:published_time\" content=\"2021-09-24T17:10:42+00:00\" \/>\n<meta property=\"article:modified_time\" content=\"2021-09-24T17:11:09+00:00\" \/>\n<meta property=\"og:image\" content=\"https:\/\/folhapopular.info\/wp-content\/uploads\/2021\/09\/WhatsApp-Image-2021-09-23-at-18.57.10-1.jpeg\" \/>\n\t<meta property=\"og:image:width\" content=\"960\" \/>\n\t<meta property=\"og:image:height\" content=\"1280\" \/>\n\t<meta property=\"og:image:type\" content=\"image\/jpeg\" \/>\n<meta name=\"author\" content=\"Reda\u00e7\u00e3o Folha Popular\" \/>\n<meta name=\"twitter:card\" content=\"summary_large_image\" \/>\n<meta name=\"twitter:label1\" content=\"Escrito por\" \/>\n\t<meta name=\"twitter:data1\" content=\"Reda\u00e7\u00e3o Folha Popular\" \/>\n\t<meta name=\"twitter:label2\" content=\"Est. tempo de leitura\" \/>\n\t<meta name=\"twitter:data2\" content=\"2 minutos\" \/>\n<script type=\"application\/ld+json\" class=\"yoast-schema-graph\">{\"@context\":\"https:\\\/\\\/schema.org\",\"@graph\":[{\"@type\":\"Article\",\"@id\":\"https:\\\/\\\/folhapopular.info\\\/index.php\\\/2021\\\/09\\\/24\\\/policia-federal-prende-quatro-pessoas-por-venda-de-araras-e-papagaios\\\/#article\",\"isPartOf\":{\"@id\":\"https:\\\/\\\/folhapopular.info\\\/index.php\\\/2021\\\/09\\\/24\\\/policia-federal-prende-quatro-pessoas-por-venda-de-araras-e-papagaios\\\/\"},\"author\":{\"name\":\"Reda\u00e7\u00e3o Folha Popular\",\"@id\":\"https:\\\/\\\/folhapopular.info\\\/#\\\/schema\\\/person\\\/2814e8a0df7643585a9ca38bc6eb9d4b\"},\"headline\":\"Pol\u00edcia Federal prende quatro pessoas por venda de araras e papagaios\",\"datePublished\":\"2021-09-24T17:10:42+00:00\",\"dateModified\":\"2021-09-24T17:11:09+00:00\",\"mainEntityOfPage\":{\"@id\":\"https:\\\/\\\/folhapopular.info\\\/index.php\\\/2021\\\/09\\\/24\\\/policia-federal-prende-quatro-pessoas-por-venda-de-araras-e-papagaios\\\/\"},\"wordCount\":258,\"commentCount\":0,\"image\":{\"@id\":\"https:\\\/\\\/folhapopular.info\\\/index.php\\\/2021\\\/09\\\/24\\\/policia-federal-prende-quatro-pessoas-por-venda-de-araras-e-papagaios\\\/#primaryimage\"},\"thumbnailUrl\":\"https:\\\/\\\/folhapopular.info\\\/wp-content\\\/uploads\\\/2021\\\/09\\\/WhatsApp-Image-2021-09-23-at-18.57.10-1.jpeg\",\"keywords\":[\"Rio Grande do Sul\"],\"articleSection\":[\"Seguran\u00e7a\"],\"inLanguage\":\"pt-BR\",\"potentialAction\":[{\"@type\":\"CommentAction\",\"name\":\"Comment\",\"target\":[\"https:\\\/\\\/folhapopular.info\\\/index.php\\\/2021\\\/09\\\/24\\\/policia-federal-prende-quatro-pessoas-por-venda-de-araras-e-papagaios\\\/#respond\"]}]},{\"@type\":\"WebPage\",\"@id\":\"https:\\\/\\\/folhapopular.info\\\/index.php\\\/2021\\\/09\\\/24\\\/policia-federal-prende-quatro-pessoas-por-venda-de-araras-e-papagaios\\\/\",\"url\":\"https:\\\/\\\/folhapopular.info\\\/index.php\\\/2021\\\/09\\\/24\\\/policia-federal-prende-quatro-pessoas-por-venda-de-araras-e-papagaios\\\/\",\"name\":\"Pol\u00edcia Federal prende quatro pessoas por venda de araras e papagaios - Folha Popular\",\"isPartOf\":{\"@id\":\"https:\\\/\\\/folhapopular.info\\\/#website\"},\"primaryImageOfPage\":{\"@id\":\"https:\\\/\\\/folhapopular.info\\\/index.php\\\/2021\\\/09\\\/24\\\/policia-federal-prende-quatro-pessoas-por-venda-de-araras-e-papagaios\\\/#primaryimage\"},\"image\":{\"@id\":\"https:\\\/\\\/folhapopular.info\\\/index.php\\\/2021\\\/09\\\/24\\\/policia-federal-prende-quatro-pessoas-por-venda-de-araras-e-papagaios\\\/#primaryimage\"},\"thumbnailUrl\":\"https:\\\/\\\/folhapopular.info\\\/wp-content\\\/uploads\\\/2021\\\/09\\\/WhatsApp-Image-2021-09-23-at-18.57.10-1.jpeg\",\"datePublished\":\"2021-09-24T17:10:42+00:00\",\"dateModified\":\"2021-09-24T17:11:09+00:00\",\"author\":{\"@id\":\"https:\\\/\\\/folhapopular.info\\\/#\\\/schema\\\/person\\\/2814e8a0df7643585a9ca38bc6eb9d4b\"},\"breadcrumb\":{\"@id\":\"https:\\\/\\\/folhapopular.info\\\/index.php\\\/2021\\\/09\\\/24\\\/policia-federal-prende-quatro-pessoas-por-venda-de-araras-e-papagaios\\\/#breadcrumb\"},\"inLanguage\":\"pt-BR\",\"potentialAction\":[{\"@type\":\"ReadAction\",\"target\":[\"https:\\\/\\\/folhapopular.info\\\/index.php\\\/2021\\\/09\\\/24\\\/policia-federal-prende-quatro-pessoas-por-venda-de-araras-e-papagaios\\\/\"]}]},{\"@type\":\"ImageObject\",\"inLanguage\":\"pt-BR\",\"@id\":\"https:\\\/\\\/folhapopular.info\\\/index.php\\\/2021\\\/09\\\/24\\\/policia-federal-prende-quatro-pessoas-por-venda-de-araras-e-papagaios\\\/#primaryimage\",\"url\":\"https:\\\/\\\/folhapopular.info\\\/wp-content\\\/uploads\\\/2021\\\/09\\\/WhatsApp-Image-2021-09-23-at-18.57.10-1.jpeg\",\"contentUrl\":\"https:\\\/\\\/folhapopular.info\\\/wp-content\\\/uploads\\\/2021\\\/09\\\/WhatsApp-Image-2021-09-23-at-18.57.10-1.jpeg\",\"width\":960,\"height\":1280,\"caption\":\"Araras e papagaios seriam vendidos e Pol\u00edcia Federal flagrou a\u00e7\u00e3o diante de hotel de Passo Fundo \\\/\\\/ Cr\u00e9dito: Divulga\u00e7\u00e3o PF\"},{\"@type\":\"BreadcrumbList\",\"@id\":\"https:\\\/\\\/folhapopular.info\\\/index.php\\\/2021\\\/09\\\/24\\\/policia-federal-prende-quatro-pessoas-por-venda-de-araras-e-papagaios\\\/#breadcrumb\",\"itemListElement\":[{\"@type\":\"ListItem\",\"position\":1,\"name\":\"In\u00edcio\",\"item\":\"https:\\\/\\\/folhapopular.info\\\/\"},{\"@type\":\"ListItem\",\"position\":2,\"name\":\"Pol\u00edcia Federal prende quatro pessoas por venda de araras e papagaios\"}]},{\"@type\":\"WebSite\",\"@id\":\"https:\\\/\\\/folhapopular.info\\\/#website\",\"url\":\"https:\\\/\\\/folhapopular.info\\\/\",\"name\":\"Folha Popular\",\"description\":\"Onde voc\u00ea tem vez e voz\",\"potentialAction\":[{\"@type\":\"SearchAction\",\"target\":{\"@type\":\"EntryPoint\",\"urlTemplate\":\"https:\\\/\\\/folhapopular.info\\\/?s={search_term_string}\"},\"query-input\":{\"@type\":\"PropertyValueSpecification\",\"valueRequired\":true,\"valueName\":\"search_term_string\"}}],\"inLanguage\":\"pt-BR\"},{\"@type\":\"Person\",\"@id\":\"https:\\\/\\\/folhapopular.info\\\/#\\\/schema\\\/person\\\/2814e8a0df7643585a9ca38bc6eb9d4b\",\"name\":\"Reda\u00e7\u00e3o Folha Popular\",\"image\":{\"@type\":\"ImageObject\",\"inLanguage\":\"pt-BR\",\"@id\":\"https:\\\/\\\/folhapopular.info\\\/wp-content\\\/uploads\\\/2026\\\/04\\\/Folha-1.webp\",\"url\":\"https:\\\/\\\/folhapopular.info\\\/wp-content\\\/uploads\\\/2026\\\/04\\\/Folha-1.webp\",\"contentUrl\":\"https:\\\/\\\/folhapopular.info\\\/wp-content\\\/uploads\\\/2026\\\/04\\\/Folha-1.webp\",\"caption\":\"Reda\u00e7\u00e3o Folha Popular\"},\"url\":\"https:\\\/\\\/folhapopular.info\\\/index.php\\\/author\\\/redacao\\\/\"}]}<\/script>\n<!-- \/ Yoast SEO plugin. -->","yoast_head_json":{"title":"Pol\u00edcia Federal prende quatro pessoas por venda de araras e papagaios - Folha Popular","robots":{"index":"index","follow":"follow","max-snippet":"max-snippet:-1","max-image-preview":"max-image-preview:large","max-video-preview":"max-video-preview:-1"},"canonical":"https:\/\/folhapopular.info\/index.php\/2021\/09\/24\/policia-federal-prende-quatro-pessoas-por-venda-de-araras-e-papagaios\/","og_locale":"pt_BR","og_type":"article","og_title":"Pol\u00edcia Federal prende quatro pessoas por venda de araras e papagaios - Folha Popular","og_description":"A Pol\u00edcia Federal flagrou, nesta quinta-feira (23\/9), a transa\u00e7\u00e3o de sete aves das esp\u00e9cies Arara Azul, Arara Canind\u00e9 e Papagaio, em frente um hotel em Passo Fundo, na regi\u00e3o norte do Rio Grande do Sul. A a\u00e7\u00e3o teve in\u00edcio com o recebimento de informa\u00e7\u00f5es pela Pol\u00edcia Federal em Porto Alegre, que acionou a delegacia de [&hellip;]","og_url":"https:\/\/folhapopular.info\/index.php\/2021\/09\/24\/policia-federal-prende-quatro-pessoas-por-venda-de-araras-e-papagaios\/","og_site_name":"Folha Popular","article_published_time":"2021-09-24T17:10:42+00:00","article_modified_time":"2021-09-24T17:11:09+00:00","og_image":[{"width":960,"height":1280,"url":"https:\/\/folhapopular.info\/wp-content\/uploads\/2021\/09\/WhatsApp-Image-2021-09-23-at-18.57.10-1.jpeg","type":"image\/jpeg"}],"author":"Reda\u00e7\u00e3o Folha Popular","twitter_card":"summary_large_image","twitter_misc":{"Escrito por":"Reda\u00e7\u00e3o Folha Popular","Est. tempo de leitura":"2 minutos"},"schema":{"@context":"https:\/\/schema.org","@graph":[{"@type":"Article","@id":"https:\/\/folhapopular.info\/index.php\/2021\/09\/24\/policia-federal-prende-quatro-pessoas-por-venda-de-araras-e-papagaios\/#article","isPartOf":{"@id":"https:\/\/folhapopular.info\/index.php\/2021\/09\/24\/policia-federal-prende-quatro-pessoas-por-venda-de-araras-e-papagaios\/"},"author":{"name":"Reda\u00e7\u00e3o Folha Popular","@id":"https:\/\/folhapopular.info\/#\/schema\/person\/2814e8a0df7643585a9ca38bc6eb9d4b"},"headline":"Pol\u00edcia Federal prende quatro pessoas por venda de araras e papagaios","datePublished":"2021-09-24T17:10:42+00:00","dateModified":"2021-09-24T17:11:09+00:00","mainEntityOfPage":{"@id":"https:\/\/folhapopular.info\/index.php\/2021\/09\/24\/policia-federal-prende-quatro-pessoas-por-venda-de-araras-e-papagaios\/"},"wordCount":258,"commentCount":0,"image":{"@id":"https:\/\/folhapopular.info\/index.php\/2021\/09\/24\/policia-federal-prende-quatro-pessoas-por-venda-de-araras-e-papagaios\/#primaryimage"},"thumbnailUrl":"https:\/\/folhapopular.info\/wp-content\/uploads\/2021\/09\/WhatsApp-Image-2021-09-23-at-18.57.10-1.jpeg","keywords":["Rio Grande do Sul"],"articleSection":["Seguran\u00e7a"],"inLanguage":"pt-BR","potentialAction":[{"@type":"CommentAction","name":"Comment","target":["https:\/\/folhapopular.info\/index.php\/2021\/09\/24\/policia-federal-prende-quatro-pessoas-por-venda-de-araras-e-papagaios\/#respond"]}]},{"@type":"WebPage","@id":"https:\/\/folhapopular.info\/index.php\/2021\/09\/24\/policia-federal-prende-quatro-pessoas-por-venda-de-araras-e-papagaios\/","url":"https:\/\/folhapopular.info\/index.php\/2021\/09\/24\/policia-federal-prende-quatro-pessoas-por-venda-de-araras-e-papagaios\/","name":"Pol\u00edcia Federal prende quatro pessoas por venda de araras e papagaios - Folha Popular","isPartOf":{"@id":"https:\/\/folhapopular.info\/#website"},"primaryImageOfPage":{"@id":"https:\/\/folhapopular.info\/index.php\/2021\/09\/24\/policia-federal-prende-quatro-pessoas-por-venda-de-araras-e-papagaios\/#primaryimage"},"image":{"@id":"https:\/\/folhapopular.info\/index.php\/2021\/09\/24\/policia-federal-prende-quatro-pessoas-por-venda-de-araras-e-papagaios\/#primaryimage"},"thumbnailUrl":"https:\/\/folhapopular.info\/wp-content\/uploads\/2021\/09\/WhatsApp-Image-2021-09-23-at-18.57.10-1.jpeg","datePublished":"2021-09-24T17:10:42+00:00","dateModified":"2021-09-24T17:11:09+00:00","author":{"@id":"https:\/\/folhapopular.info\/#\/schema\/person\/2814e8a0df7643585a9ca38bc6eb9d4b"},"breadcrumb":{"@id":"https:\/\/folhapopular.info\/index.php\/2021\/09\/24\/policia-federal-prende-quatro-pessoas-por-venda-de-araras-e-papagaios\/#breadcrumb"},"inLanguage":"pt-BR","potentialAction":[{"@type":"ReadAction","target":["https:\/\/folhapopular.info\/index.php\/2021\/09\/24\/policia-federal-prende-quatro-pessoas-por-venda-de-araras-e-papagaios\/"]}]},{"@type":"ImageObject","inLanguage":"pt-BR","@id":"https:\/\/folhapopular.info\/index.php\/2021\/09\/24\/policia-federal-prende-quatro-pessoas-por-venda-de-araras-e-papagaios\/#primaryimage","url":"https:\/\/folhapopular.info\/wp-content\/uploads\/2021\/09\/WhatsApp-Image-2021-09-23-at-18.57.10-1.jpeg","contentUrl":"https:\/\/folhapopular.info\/wp-content\/uploads\/2021\/09\/WhatsApp-Image-2021-09-23-at-18.57.10-1.jpeg","width":960,"height":1280,"caption":"Araras e papagaios seriam vendidos e Pol\u00edcia Federal flagrou a\u00e7\u00e3o diante de hotel de Passo Fundo \/\/ Cr\u00e9dito: Divulga\u00e7\u00e3o PF"},{"@type":"BreadcrumbList","@id":"https:\/\/folhapopular.info\/index.php\/2021\/09\/24\/policia-federal-prende-quatro-pessoas-por-venda-de-araras-e-papagaios\/#breadcrumb","itemListElement":[{"@type":"ListItem","position":1,"name":"In\u00edcio","item":"https:\/\/folhapopular.info\/"},{"@type":"ListItem","position":2,"name":"Pol\u00edcia Federal prende quatro pessoas por venda de araras e papagaios"}]},{"@type":"WebSite","@id":"https:\/\/folhapopular.info\/#website","url":"https:\/\/folhapopular.info\/","name":"Folha Popular","description":"Onde voc\u00ea tem vez e voz","potentialAction":[{"@type":"SearchAction","target":{"@type":"EntryPoint","urlTemplate":"https:\/\/folhapopular.info\/?s={search_term_string}"},"query-input":{"@type":"PropertyValueSpecification","valueRequired":true,"valueName":"search_term_string"}}],"inLanguage":"pt-BR"},{"@type":"Person","@id":"https:\/\/folhapopular.info\/#\/schema\/person\/2814e8a0df7643585a9ca38bc6eb9d4b","name":"Reda\u00e7\u00e3o Folha Popular","image":{"@type":"ImageObject","inLanguage":"pt-BR","@id":"https:\/\/folhapopular.info\/wp-content\/uploads\/2026\/04\/Folha-1.webp","url":"https:\/\/folhapopular.info\/wp-content\/uploads\/2026\/04\/Folha-1.webp","contentUrl":"https:\/\/folhapopular.info\/wp-content\/uploads\/2026\/04\/Folha-1.webp","caption":"Reda\u00e7\u00e3o Folha Popular"},"url":"https:\/\/folhapopular.info\/index.php\/author\/redacao\/"}]}},"jetpack_featured_media_url":"https:\/\/folhapopular.info\/wp-content\/uploads\/2021\/09\/WhatsApp-Image-2021-09-23-at-18.57.10-1.jpeg","jetpack_sharing_enabled":true,"amp_enabled":true,"_links":{"self":[{"href":"https:\/\/folhapopular.info\/index.php\/wp-json\/wp\/v2\/posts\/89972","targetHints":{"allow":["GET"]}}],"collection":[{"href":"https:\/\/folhapopular.info\/index.php\/wp-json\/wp\/v2\/posts"}],"about":[{"href":"https:\/\/folhapopular.info\/index.php\/wp-json\/wp\/v2\/types\/post"}],"author":[{"embeddable":true,"href":"https:\/\/folhapopular.info\/index.php\/wp-json\/wp\/v2\/users\/8"}],"replies":[{"embeddable":true,"href":"https:\/\/folhapopular.info\/index.php\/wp-json\/wp\/v2\/comments?post=89972"}],"version-history":[{"count":0,"href":"https:\/\/folhapopular.info\/index.php\/wp-json\/wp\/v2\/posts\/89972\/revisions"}],"wp:featuredmedia":[{"embeddable":true,"href":"https:\/\/folhapopular.info\/index.php\/wp-json\/wp\/v2\/media\/89975"}],"wp:attachment":[{"href":"https:\/\/folhapopular.info\/index.php\/wp-json\/wp\/v2\/media?parent=89972"}],"wp:term":[{"taxonomy":"category","embeddable":true,"href":"https:\/\/folhapopular.info\/index.php\/wp-json\/wp\/v2\/categories?post=89972"},{"taxonomy":"post_tag","embeddable":true,"href":"https:\/\/folhapopular.info\/index.php\/wp-json\/wp\/v2\/tags?post=89972"}],"curies":[{"name":"wp","href":"https:\/\/api.w.org\/{rel}","templated":true}]}}